{"id":13681,"date":"2019-03-09T14:21:14","date_gmt":"2019-03-09T17:21:14","guid":{"rendered":"https:\/\/noticiasmercedinas.com\/site\/?p=13681"},"modified":"2019-03-09T14:21:14","modified_gmt":"2019-03-09T17:21:14","slug":"mercedes-fue-parte-de-encuentro-de-mesas-educativas","status":"publish","type":"post","link":"https:\/\/noticiasmercedinas.com\/site\/2019\/03\/09\/mercedes-fue-parte-de-encuentro-de-mesas-educativas\/","title":{"rendered":"Mercedes fue parte de encuentro de Mesas Educativas"},"content":{"rendered":"<p><img loading=\"lazy\" decoding=\"async\" class=\"alignnone size-large wp-image-13682\" src=\"https:\/\/noticiasmercedinas.com\/site\/wp-content\/uploads\/2019\/03\/Mesas-Educativas-en-Pilar-3-1024x683.jpg\" alt=\"\" width=\"640\" height=\"427\" srcset=\"https:\/\/noticiasmercedinas.com\/site\/wp-content\/uploads\/2019\/03\/Mesas-Educativas-en-Pilar-3-1024x683.jpg 1024w, https:\/\/noticiasmercedinas.com\/site\/wp-content\/uploads\/2019\/03\/Mesas-Educativas-en-Pilar-3-300x200.jpg 300w, https:\/\/noticiasmercedinas.com\/site\/wp-content\/uploads\/2019\/03\/Mesas-Educativas-en-Pilar-3-768x512.jpg 768w, https:\/\/noticiasmercedinas.com\/site\/wp-content\/uploads\/2019\/03\/Mesas-Educativas-en-Pilar-3-640x427.jpg 640w, https:\/\/noticiasmercedinas.com\/site\/wp-content\/uploads\/2019\/03\/Mesas-Educativas-en-Pilar-3-1280x853.jpg 1280w, https:\/\/noticiasmercedinas.com\/site\/wp-content\/uploads\/2019\/03\/Mesas-Educativas-en-Pilar-3-681x454.jpg 681w, https:\/\/noticiasmercedinas.com\/site\/wp-content\/uploads\/2019\/03\/Mesas-Educativas-en-Pilar-3-1362x908.jpg 1362w\" sizes=\"auto, (max-width: 640px) 100vw, 640px\" \/><\/p>\n<p>La presidente del Consejo Escolar, Ana Darritchon, y el funcionario provincial Ezequiel Bisso fueron dos mercedinos que integraron el\u00a0encuentro de las Mesas Educativas Distritales. Se llev\u00f3 adelante en Pilar.<\/p>\n<p>El intendente Nicol\u00e1s Ducot\u00e9 fue el anfitri\u00f3n del encuentro de las Mesas Educativas Distritales que encabez\u00f3 junto al senador Esteban Bullrich; el director general de Cultura y Educaci\u00f3n bonaerense, Gabriel S\u00e1nchez Zinny; el Subsecretario de Asuntos Municipales, Alex Campbell y la Ministra de Educaci\u00f3n e Innovaci\u00f3n de la Ciudad de Buenos Aires, Soledad Acu\u00f1a; funcionarios provinciales, locales, consejeros escolares, docentes, directivos y auxiliares.<\/p>\n<p>Al respecto, el jefe comunal de Pilar destac\u00f3: \u00abEstoy agradecido a todas las autoridades y funcionarios que eligieron Pilar para alentar a todo este equipo de docentes, directivos y padres que tienen un compromiso muy fuerte por la educaci\u00f3n. Contribuir a este di\u00e1logo que necesitamos hacer para que cada a\u00f1o la educaci\u00f3n sea un poco mejor, nos llena de entusiasmo\u00bb.<\/p>\n<p><img loading=\"lazy\" decoding=\"async\" class=\"alignnone size-large wp-image-13683\" src=\"https:\/\/noticiasmercedinas.com\/site\/wp-content\/uploads\/2019\/03\/Mesas-Eduactivas-en-Pilar-2-1024x683.jpg\" alt=\"\" width=\"640\" height=\"427\" srcset=\"https:\/\/noticiasmercedinas.com\/site\/wp-content\/uploads\/2019\/03\/Mesas-Eduactivas-en-Pilar-2-1024x683.jpg 1024w, https:\/\/noticiasmercedinas.com\/site\/wp-content\/uploads\/2019\/03\/Mesas-Eduactivas-en-Pilar-2-300x200.jpg 300w, https:\/\/noticiasmercedinas.com\/site\/wp-content\/uploads\/2019\/03\/Mesas-Eduactivas-en-Pilar-2-768x512.jpg 768w, https:\/\/noticiasmercedinas.com\/site\/wp-content\/uploads\/2019\/03\/Mesas-Eduactivas-en-Pilar-2-640x427.jpg 640w, https:\/\/noticiasmercedinas.com\/site\/wp-content\/uploads\/2019\/03\/Mesas-Eduactivas-en-Pilar-2-1280x853.jpg 1280w, https:\/\/noticiasmercedinas.com\/site\/wp-content\/uploads\/2019\/03\/Mesas-Eduactivas-en-Pilar-2-681x454.jpg 681w, https:\/\/noticiasmercedinas.com\/site\/wp-content\/uploads\/2019\/03\/Mesas-Eduactivas-en-Pilar-2-1362x908.jpg 1362w\" sizes=\"auto, (max-width: 640px) 100vw, 640px\" \/><\/p>\n<p>En este sentido, S\u00e1nchez Zinny manifest\u00f3: \u00abEs importante destacar el entusiasmo de estar ac\u00e1 y de haber empezado las clases el mi\u00e9rcoles en las 12 mil escuelas de la provincia. Tener hoy cerca de mil docentes, auxiliares y directivos comprometidos con lograr una buena educaci\u00f3n y hablar de ello educadamente, poniendiola como prioridad es important\u00edsimo\u00bb.<\/p>\n<p>Asimismo, Soledad Acu\u00f1a, Ministra de Educaci\u00f3n de la Ciudad de Buenos Aires, remarc\u00f3: \u00abEs importante poder transmitir la experiencia para poder trabajar en equipo. Nosotros cuando comenzamos en la Ciudad est\u00e1bamos solos y con un desaf\u00edo enorme. Hoy, trabajamos juntos con la provincia y el gobierno nacional en transformaciones profundas para mejorar la educaci\u00f3n\u00bb.<\/p>\n<p>Las mesas educativas distritales surgen por iniciativa provincial para generar en cada distrito un espacio de di\u00e1logo con los actores de la comunidad educativa. De las mesas de di\u00e1logo participan padres, docentes, inspectores, consejeros escolares, concejales y funcionarios.<\/p>\n<p>El Encuentro se realiz\u00f3 en el Club Sportivo de Pilar y cont\u00f3 con la presencia de toda la comunidad educativa de la primera secci\u00f3n y autoridades educativas locales.<\/p>\n<p><img loading=\"lazy\" decoding=\"async\" class=\"alignnone size-large wp-image-13684\" src=\"https:\/\/noticiasmercedinas.com\/site\/wp-content\/uploads\/2019\/03\/Mesas-Educativas-en-Pilar-1-1024x683.jpg\" alt=\"\" width=\"640\" height=\"427\" srcset=\"https:\/\/noticiasmercedinas.com\/site\/wp-content\/uploads\/2019\/03\/Mesas-Educativas-en-Pilar-1-1024x683.jpg 1024w, https:\/\/noticiasmercedinas.com\/site\/wp-content\/uploads\/2019\/03\/Mesas-Educativas-en-Pilar-1-300x200.jpg 300w, https:\/\/noticiasmercedinas.com\/site\/wp-content\/uploads\/2019\/03\/Mesas-Educativas-en-Pilar-1-768x512.jpg 768w, https:\/\/noticiasmercedinas.com\/site\/wp-content\/uploads\/2019\/03\/Mesas-Educativas-en-Pilar-1-640x427.jpg 640w, https:\/\/noticiasmercedinas.com\/site\/wp-content\/uploads\/2019\/03\/Mesas-Educativas-en-Pilar-1-1280x853.jpg 1280w, https:\/\/noticiasmercedinas.com\/site\/wp-content\/uploads\/2019\/03\/Mesas-Educativas-en-Pilar-1-681x454.jpg 681w, https:\/\/noticiasmercedinas.com\/site\/wp-content\/uploads\/2019\/03\/Mesas-Educativas-en-Pilar-1-1362x908.jpg 1362w\" sizes=\"auto, (max-width: 640px) 100vw, 640px\" \/><\/p>\n","protected":false},"excerpt":{"rendered":"<p>La presidente del Consejo Escolar, Ana Darritchon, y el funcionario provincial Ezequiel Bisso fueron dos mercedinos que integraron el\u00a0encuentro de las Mesas Educativas Distritales. Se llev\u00f3 adelante en Pilar. El intendente Nicol\u00e1s Ducot\u00e9 fue el anfitri\u00f3n del encuentro de las Mesas Educativas Distritales que encabez\u00f3 junto al senador Esteban Bullrich; el director general de Cultura [&hellip;]<\/p>\n","protected":false},"author":2,"featured_media":13682,"comment_status":"open","ping_status":"open","sticky":false,"template":"","format":"standard","meta":{"footnotes":""},"categories":[3],"tags":[1025,815,38,3826,1906,1484,3824,3825,536],"class_list":["post-13681","post","type-post","status-publish","format-standard","has-post-thumbnail","hentry","category-sociedad","tag-alex-campbell","tag-ana-darritchon","tag-educacion","tag-esteban-bullrich","tag-ezequiel-bisso","tag-gabriel-sanchez-zinny","tag-mesas-distritales","tag-nicolas-ducote","tag-pilar"],"yoast_head":"<!-- This site is optimized with the Yoast SEO plugin v27.4 - https:\/\/yoast.com\/product\/yoast-seo-wordpress\/ -->\n<title>Mercedes fue parte de encuentro de Mesas Educativas<\/title>\n<meta name=\"robots\" content=\"index, follow, max-snippet:-1, max-image-preview:large, max-video-preview:-1\" \/>\n<link rel=\"canonical\" href=\"https:\/\/noticiasmercedinas.com\/site\/2019\/03\/09\/mercedes-fue-parte-de-encuentro-de-mesas-educativas\/\" \/>\n<meta property=\"og:locale\" content=\"es_ES\" \/>\n<meta property=\"og:type\" content=\"article\" \/>\n<meta property=\"og:title\" content=\"Mercedes fue parte de encuentro de Mesas Educativas\" \/>\n<meta property=\"og:description\" content=\"La presidente del Consejo Escolar, Ana Darritchon, y el funcionario provincial Ezequiel Bisso fueron dos mercedinos que integraron el\u00a0encuentro de las Mesas Educativas Distritales. Se llev\u00f3 adelante en Pilar. El intendente Nicol\u00e1s Ducot\u00e9 fue el anfitri\u00f3n del encuentro de las Mesas Educativas Distritales que encabez\u00f3 junto al senador Esteban Bullrich; el director general de Cultura [&hellip;]\" \/>\n<meta property=\"og:url\" content=\"https:\/\/noticiasmercedinas.com\/site\/2019\/03\/09\/mercedes-fue-parte-de-encuentro-de-mesas-educativas\/\" \/>\n<meta property=\"og:site_name\" content=\"NOTICIASMERCEDINAS.COM\" \/>\n<meta property=\"article:publisher\" content=\"https:\/\/www.facebook.com\/noticiasmercedinas\/\" \/>\n<meta property=\"article:author\" content=\"https:\/\/www.facebook.com\/cristian.falabella\" \/>\n<meta property=\"article:published_time\" content=\"2019-03-09T17:21:14+00:00\" \/>\n<meta property=\"og:image\" content=\"https:\/\/noticiasmercedinas.com\/site\/wp-content\/uploads\/2019\/03\/Mesas-Educativas-en-Pilar-3.jpg\" \/>\n\t<meta property=\"og:image:width\" content=\"3283\" \/>\n\t<meta property=\"og:image:height\" content=\"2189\" \/>\n\t<meta property=\"og:image:type\" content=\"image\/jpeg\" \/>\n<meta name=\"author\" content=\"Cristian Falabella NOTICIASMERCEDINAS.COM\" \/>\n<meta name=\"twitter:card\" content=\"summary_large_image\" \/>\n<meta name=\"twitter:creator\" content=\"@https:\/\/twitter.com\/NOTMERCEDINAS\" \/>\n<meta name=\"twitter:site\" content=\"@notmercedinas\" \/>\n<meta name=\"twitter:label1\" content=\"Escrito por\" \/>\n\t<meta name=\"twitter:data1\" content=\"Cristian Falabella NOTICIASMERCEDINAS.COM\" \/>\n\t<meta name=\"twitter:label2\" content=\"Tiempo de lectura\" \/>\n\t<meta name=\"twitter:data2\" content=\"2 minutos\" \/>\n<script type=\"application\/ld+json\" class=\"yoast-schema-graph\">{\"@context\":\"https:\\\/\\\/schema.org\",\"@graph\":[{\"@type\":\"Article\",\"@id\":\"https:\\\/\\\/noticiasmercedinas.com\\\/site\\\/2019\\\/03\\\/09\\\/mercedes-fue-parte-de-encuentro-de-mesas-educativas\\\/#article\",\"isPartOf\":{\"@id\":\"https:\\\/\\\/noticiasmercedinas.com\\\/site\\\/2019\\\/03\\\/09\\\/mercedes-fue-parte-de-encuentro-de-mesas-educativas\\\/\"},\"author\":{\"name\":\"Cristian Falabella NOTICIASMERCEDINAS.COM\",\"@id\":\"https:\\\/\\\/noticiasmercedinas.com\\\/site\\\/#\\\/schema\\\/person\\\/d481a9696a5feaec13a60e2bbd991a6a\"},\"headline\":\"Mercedes fue parte de encuentro de Mesas Educativas\",\"datePublished\":\"2019-03-09T17:21:14+00:00\",\"mainEntityOfPage\":{\"@id\":\"https:\\\/\\\/noticiasmercedinas.com\\\/site\\\/2019\\\/03\\\/09\\\/mercedes-fue-parte-de-encuentro-de-mesas-educativas\\\/\"},\"wordCount\":358,\"commentCount\":0,\"publisher\":{\"@id\":\"https:\\\/\\\/noticiasmercedinas.com\\\/site\\\/#organization\"},\"image\":{\"@id\":\"https:\\\/\\\/noticiasmercedinas.com\\\/site\\\/2019\\\/03\\\/09\\\/mercedes-fue-parte-de-encuentro-de-mesas-educativas\\\/#primaryimage\"},\"thumbnailUrl\":\"https:\\\/\\\/noticiasmercedinas.com\\\/site\\\/wp-content\\\/uploads\\\/2019\\\/03\\\/Mesas-Educativas-en-Pilar-3.jpg\",\"keywords\":[\"alex campbell\",\"Ana Darritchon\",\"educacion\",\"Esteban Bullrich\",\"ezequiel bisso\",\"gabriel sanchez zinny\",\"mesas distritales\",\"Nicol\u00e1s Ducot\u00e9\",\"pilar\"],\"articleSection\":[\"Sociedad\"],\"inLanguage\":\"es\",\"potentialAction\":[{\"@type\":\"CommentAction\",\"name\":\"Comment\",\"target\":[\"https:\\\/\\\/noticiasmercedinas.com\\\/site\\\/2019\\\/03\\\/09\\\/mercedes-fue-parte-de-encuentro-de-mesas-educativas\\\/#respond\"]}]},{\"@type\":\"WebPage\",\"@id\":\"https:\\\/\\\/noticiasmercedinas.com\\\/site\\\/2019\\\/03\\\/09\\\/mercedes-fue-parte-de-encuentro-de-mesas-educativas\\\/\",\"url\":\"https:\\\/\\\/noticiasmercedinas.com\\\/site\\\/2019\\\/03\\\/09\\\/mercedes-fue-parte-de-encuentro-de-mesas-educativas\\\/\",\"name\":\"Mercedes fue parte de encuentro de Mesas Educativas\",\"isPartOf\":{\"@id\":\"https:\\\/\\\/noticiasmercedinas.com\\\/site\\\/#website\"},\"primaryImageOfPage\":{\"@id\":\"https:\\\/\\\/noticiasmercedinas.com\\\/site\\\/2019\\\/03\\\/09\\\/mercedes-fue-parte-de-encuentro-de-mesas-educativas\\\/#primaryimage\"},\"image\":{\"@id\":\"https:\\\/\\\/noticiasmercedinas.com\\\/site\\\/2019\\\/03\\\/09\\\/mercedes-fue-parte-de-encuentro-de-mesas-educativas\\\/#primaryimage\"},\"thumbnailUrl\":\"https:\\\/\\\/noticiasmercedinas.com\\\/site\\\/wp-content\\\/uploads\\\/2019\\\/03\\\/Mesas-Educativas-en-Pilar-3.jpg\",\"datePublished\":\"2019-03-09T17:21:14+00:00\",\"breadcrumb\":{\"@id\":\"https:\\\/\\\/noticiasmercedinas.com\\\/site\\\/2019\\\/03\\\/09\\\/mercedes-fue-parte-de-encuentro-de-mesas-educativas\\\/#breadcrumb\"},\"inLanguage\":\"es\",\"potentialAction\":[{\"@type\":\"ReadAction\",\"target\":[\"https:\\\/\\\/noticiasmercedinas.com\\\/site\\\/2019\\\/03\\\/09\\\/mercedes-fue-parte-de-encuentro-de-mesas-educativas\\\/\"]}]},{\"@type\":\"ImageObject\",\"inLanguage\":\"es\",\"@id\":\"https:\\\/\\\/noticiasmercedinas.com\\\/site\\\/2019\\\/03\\\/09\\\/mercedes-fue-parte-de-encuentro-de-mesas-educativas\\\/#primaryimage\",\"url\":\"https:\\\/\\\/noticiasmercedinas.com\\\/site\\\/wp-content\\\/uploads\\\/2019\\\/03\\\/Mesas-Educativas-en-Pilar-3.jpg\",\"contentUrl\":\"https:\\\/\\\/noticiasmercedinas.com\\\/site\\\/wp-content\\\/uploads\\\/2019\\\/03\\\/Mesas-Educativas-en-Pilar-3.jpg\",\"width\":3283,\"height\":2189},{\"@type\":\"BreadcrumbList\",\"@id\":\"https:\\\/\\\/noticiasmercedinas.com\\\/site\\\/2019\\\/03\\\/09\\\/mercedes-fue-parte-de-encuentro-de-mesas-educativas\\\/#breadcrumb\",\"itemListElement\":[{\"@type\":\"ListItem\",\"position\":1,\"name\":\"Portada\",\"item\":\"https:\\\/\\\/noticiasmercedinas.com\\\/site\\\/\"},{\"@type\":\"ListItem\",\"position\":2,\"name\":\"Mercedes fue parte de encuentro de Mesas Educativas\"}]},{\"@type\":\"WebSite\",\"@id\":\"https:\\\/\\\/noticiasmercedinas.com\\\/site\\\/#website\",\"url\":\"https:\\\/\\\/noticiasmercedinas.com\\\/site\\\/\",\"name\":\"NOTICIASMERCEDINAS.COM\",\"description\":\"Mercedes, Buenos Aires, Argentina\",\"publisher\":{\"@id\":\"https:\\\/\\\/noticiasmercedinas.com\\\/site\\\/#organization\"},\"potentialAction\":[{\"@type\":\"SearchAction\",\"target\":{\"@type\":\"EntryPoint\",\"urlTemplate\":\"https:\\\/\\\/noticiasmercedinas.com\\\/site\\\/?s={search_term_string}\"},\"query-input\":{\"@type\":\"PropertyValueSpecification\",\"valueRequired\":true,\"valueName\":\"search_term_string\"}}],\"inLanguage\":\"es\"},{\"@type\":\"Organization\",\"@id\":\"https:\\\/\\\/noticiasmercedinas.com\\\/site\\\/#organization\",\"name\":\"NOTICIASMERCEDINAS.COM\",\"url\":\"https:\\\/\\\/noticiasmercedinas.com\\\/site\\\/\",\"logo\":{\"@type\":\"ImageObject\",\"inLanguage\":\"es\",\"@id\":\"https:\\\/\\\/noticiasmercedinas.com\\\/site\\\/#\\\/schema\\\/logo\\\/image\\\/\",\"url\":\"https:\\\/\\\/noticiasmercedinas.com\\\/site\\\/wp-content\\\/uploads\\\/2020\\\/06\\\/LOGO-512.jpg\",\"contentUrl\":\"https:\\\/\\\/noticiasmercedinas.com\\\/site\\\/wp-content\\\/uploads\\\/2020\\\/06\\\/LOGO-512.jpg\",\"width\":512,\"height\":512,\"caption\":\"NOTICIASMERCEDINAS.COM\"},\"image\":{\"@id\":\"https:\\\/\\\/noticiasmercedinas.com\\\/site\\\/#\\\/schema\\\/logo\\\/image\\\/\"},\"sameAs\":[\"https:\\\/\\\/www.facebook.com\\\/noticiasmercedinas\\\/\",\"https:\\\/\\\/x.com\\\/notmercedinas\",\"https:\\\/\\\/www.instagram.com\\\/noticiasmercedinas\\\/\"]},{\"@type\":\"Person\",\"@id\":\"https:\\\/\\\/noticiasmercedinas.com\\\/site\\\/#\\\/schema\\\/person\\\/d481a9696a5feaec13a60e2bbd991a6a\",\"name\":\"Cristian Falabella NOTICIASMERCEDINAS.COM\",\"image\":{\"@type\":\"ImageObject\",\"inLanguage\":\"es\",\"@id\":\"https:\\\/\\\/secure.gravatar.com\\\/avatar\\\/0dbbfc45970cc46bcd0e57766228574ff3511d6eed045b182f536f0f478c1f06?s=96&d=mm&r=g\",\"url\":\"https:\\\/\\\/secure.gravatar.com\\\/avatar\\\/0dbbfc45970cc46bcd0e57766228574ff3511d6eed045b182f536f0f478c1f06?s=96&d=mm&r=g\",\"contentUrl\":\"https:\\\/\\\/secure.gravatar.com\\\/avatar\\\/0dbbfc45970cc46bcd0e57766228574ff3511d6eed045b182f536f0f478c1f06?s=96&d=mm&r=g\",\"caption\":\"Cristian Falabella NOTICIASMERCEDINAS.COM\"},\"description\":\"Periodista, editor de Noticias Mercedinas. Pas\u00f3 por varias redacciones y emprendimientos de prensa, en distintos formatos y \u00e9pocas. Se especializ\u00f3 --y sigue haci\u00e9ndolo-- en comunicaci\u00f3n en la web y en junio de 2006 fund\u00f3 este diario digital.\",\"sameAs\":[\"https:\\\/\\\/noticiasmercedinas.com\",\"https:\\\/\\\/www.facebook.com\\\/cristian.falabella\",\"https:\\\/\\\/www.instagram.com\\\/noticiasmercedinas\\\/\",\"https:\\\/\\\/x.com\\\/https:\\\/\\\/twitter.com\\\/NOTMERCEDINAS\"],\"url\":\"https:\\\/\\\/noticiasmercedinas.com\\\/site\\\/author\\\/as000384\\\/\"}]}<\/script>\n<!-- \/ Yoast SEO plugin. -->","yoast_head_json":{"title":"Mercedes fue parte de encuentro de Mesas Educativas","robots":{"index":"index","follow":"follow","max-snippet":"max-snippet:-1","max-image-preview":"max-image-preview:large","max-video-preview":"max-video-preview:-1"},"canonical":"https:\/\/noticiasmercedinas.com\/site\/2019\/03\/09\/mercedes-fue-parte-de-encuentro-de-mesas-educativas\/","og_locale":"es_ES","og_type":"article","og_title":"Mercedes fue parte de encuentro de Mesas Educativas","og_description":"La presidente del Consejo Escolar, Ana Darritchon, y el funcionario provincial Ezequiel Bisso fueron dos mercedinos que integraron el\u00a0encuentro de las Mesas Educativas Distritales. Se llev\u00f3 adelante en Pilar. El intendente Nicol\u00e1s Ducot\u00e9 fue el anfitri\u00f3n del encuentro de las Mesas Educativas Distritales que encabez\u00f3 junto al senador Esteban Bullrich; el director general de Cultura [&hellip;]","og_url":"https:\/\/noticiasmercedinas.com\/site\/2019\/03\/09\/mercedes-fue-parte-de-encuentro-de-mesas-educativas\/","og_site_name":"NOTICIASMERCEDINAS.COM","article_publisher":"https:\/\/www.facebook.com\/noticiasmercedinas\/","article_author":"https:\/\/www.facebook.com\/cristian.falabella","article_published_time":"2019-03-09T17:21:14+00:00","og_image":[{"width":3283,"height":2189,"url":"https:\/\/noticiasmercedinas.com\/site\/wp-content\/uploads\/2019\/03\/Mesas-Educativas-en-Pilar-3.jpg","type":"image\/jpeg"}],"author":"Cristian Falabella NOTICIASMERCEDINAS.COM","twitter_card":"summary_large_image","twitter_creator":"@https:\/\/twitter.com\/NOTMERCEDINAS","twitter_site":"@notmercedinas","twitter_misc":{"Escrito por":"Cristian Falabella NOTICIASMERCEDINAS.COM","Tiempo de lectura":"2 minutos"},"schema":{"@context":"https:\/\/schema.org","@graph":[{"@type":"Article","@id":"https:\/\/noticiasmercedinas.com\/site\/2019\/03\/09\/mercedes-fue-parte-de-encuentro-de-mesas-educativas\/#article","isPartOf":{"@id":"https:\/\/noticiasmercedinas.com\/site\/2019\/03\/09\/mercedes-fue-parte-de-encuentro-de-mesas-educativas\/"},"author":{"name":"Cristian Falabella NOTICIASMERCEDINAS.COM","@id":"https:\/\/noticiasmercedinas.com\/site\/#\/schema\/person\/d481a9696a5feaec13a60e2bbd991a6a"},"headline":"Mercedes fue parte de encuentro de Mesas Educativas","datePublished":"2019-03-09T17:21:14+00:00","mainEntityOfPage":{"@id":"https:\/\/noticiasmercedinas.com\/site\/2019\/03\/09\/mercedes-fue-parte-de-encuentro-de-mesas-educativas\/"},"wordCount":358,"commentCount":0,"publisher":{"@id":"https:\/\/noticiasmercedinas.com\/site\/#organization"},"image":{"@id":"https:\/\/noticiasmercedinas.com\/site\/2019\/03\/09\/mercedes-fue-parte-de-encuentro-de-mesas-educativas\/#primaryimage"},"thumbnailUrl":"https:\/\/noticiasmercedinas.com\/site\/wp-content\/uploads\/2019\/03\/Mesas-Educativas-en-Pilar-3.jpg","keywords":["alex campbell","Ana Darritchon","educacion","Esteban Bullrich","ezequiel bisso","gabriel sanchez zinny","mesas distritales","Nicol\u00e1s Ducot\u00e9","pilar"],"articleSection":["Sociedad"],"inLanguage":"es","potentialAction":[{"@type":"CommentAction","name":"Comment","target":["https:\/\/noticiasmercedinas.com\/site\/2019\/03\/09\/mercedes-fue-parte-de-encuentro-de-mesas-educativas\/#respond"]}]},{"@type":"WebPage","@id":"https:\/\/noticiasmercedinas.com\/site\/2019\/03\/09\/mercedes-fue-parte-de-encuentro-de-mesas-educativas\/","url":"https:\/\/noticiasmercedinas.com\/site\/2019\/03\/09\/mercedes-fue-parte-de-encuentro-de-mesas-educativas\/","name":"Mercedes fue parte de encuentro de Mesas Educativas","isPartOf":{"@id":"https:\/\/noticiasmercedinas.com\/site\/#website"},"primaryImageOfPage":{"@id":"https:\/\/noticiasmercedinas.com\/site\/2019\/03\/09\/mercedes-fue-parte-de-encuentro-de-mesas-educativas\/#primaryimage"},"image":{"@id":"https:\/\/noticiasmercedinas.com\/site\/2019\/03\/09\/mercedes-fue-parte-de-encuentro-de-mesas-educativas\/#primaryimage"},"thumbnailUrl":"https:\/\/noticiasmercedinas.com\/site\/wp-content\/uploads\/2019\/03\/Mesas-Educativas-en-Pilar-3.jpg","datePublished":"2019-03-09T17:21:14+00:00","breadcrumb":{"@id":"https:\/\/noticiasmercedinas.com\/site\/2019\/03\/09\/mercedes-fue-parte-de-encuentro-de-mesas-educativas\/#breadcrumb"},"inLanguage":"es","potentialAction":[{"@type":"ReadAction","target":["https:\/\/noticiasmercedinas.com\/site\/2019\/03\/09\/mercedes-fue-parte-de-encuentro-de-mesas-educativas\/"]}]},{"@type":"ImageObject","inLanguage":"es","@id":"https:\/\/noticiasmercedinas.com\/site\/2019\/03\/09\/mercedes-fue-parte-de-encuentro-de-mesas-educativas\/#primaryimage","url":"https:\/\/noticiasmercedinas.com\/site\/wp-content\/uploads\/2019\/03\/Mesas-Educativas-en-Pilar-3.jpg","contentUrl":"https:\/\/noticiasmercedinas.com\/site\/wp-content\/uploads\/2019\/03\/Mesas-Educativas-en-Pilar-3.jpg","width":3283,"height":2189},{"@type":"BreadcrumbList","@id":"https:\/\/noticiasmercedinas.com\/site\/2019\/03\/09\/mercedes-fue-parte-de-encuentro-de-mesas-educativas\/#breadcrumb","itemListElement":[{"@type":"ListItem","position":1,"name":"Portada","item":"https:\/\/noticiasmercedinas.com\/site\/"},{"@type":"ListItem","position":2,"name":"Mercedes fue parte de encuentro de Mesas Educativas"}]},{"@type":"WebSite","@id":"https:\/\/noticiasmercedinas.com\/site\/#website","url":"https:\/\/noticiasmercedinas.com\/site\/","name":"NOTICIASMERCEDINAS.COM","description":"Mercedes, Buenos Aires, Argentina","publisher":{"@id":"https:\/\/noticiasmercedinas.com\/site\/#organization"},"potentialAction":[{"@type":"SearchAction","target":{"@type":"EntryPoint","urlTemplate":"https:\/\/noticiasmercedinas.com\/site\/?s={search_term_string}"},"query-input":{"@type":"PropertyValueSpecification","valueRequired":true,"valueName":"search_term_string"}}],"inLanguage":"es"},{"@type":"Organization","@id":"https:\/\/noticiasmercedinas.com\/site\/#organization","name":"NOTICIASMERCEDINAS.COM","url":"https:\/\/noticiasmercedinas.com\/site\/","logo":{"@type":"ImageObject","inLanguage":"es","@id":"https:\/\/noticiasmercedinas.com\/site\/#\/schema\/logo\/image\/","url":"https:\/\/noticiasmercedinas.com\/site\/wp-content\/uploads\/2020\/06\/LOGO-512.jpg","contentUrl":"https:\/\/noticiasmercedinas.com\/site\/wp-content\/uploads\/2020\/06\/LOGO-512.jpg","width":512,"height":512,"caption":"NOTICIASMERCEDINAS.COM"},"image":{"@id":"https:\/\/noticiasmercedinas.com\/site\/#\/schema\/logo\/image\/"},"sameAs":["https:\/\/www.facebook.com\/noticiasmercedinas\/","https:\/\/x.com\/notmercedinas","https:\/\/www.instagram.com\/noticiasmercedinas\/"]},{"@type":"Person","@id":"https:\/\/noticiasmercedinas.com\/site\/#\/schema\/person\/d481a9696a5feaec13a60e2bbd991a6a","name":"Cristian Falabella NOTICIASMERCEDINAS.COM","image":{"@type":"ImageObject","inLanguage":"es","@id":"https:\/\/secure.gravatar.com\/avatar\/0dbbfc45970cc46bcd0e57766228574ff3511d6eed045b182f536f0f478c1f06?s=96&d=mm&r=g","url":"https:\/\/secure.gravatar.com\/avatar\/0dbbfc45970cc46bcd0e57766228574ff3511d6eed045b182f536f0f478c1f06?s=96&d=mm&r=g","contentUrl":"https:\/\/secure.gravatar.com\/avatar\/0dbbfc45970cc46bcd0e57766228574ff3511d6eed045b182f536f0f478c1f06?s=96&d=mm&r=g","caption":"Cristian Falabella NOTICIASMERCEDINAS.COM"},"description":"Periodista, editor de Noticias Mercedinas. Pas\u00f3 por varias redacciones y emprendimientos de prensa, en distintos formatos y \u00e9pocas. Se especializ\u00f3 --y sigue haci\u00e9ndolo-- en comunicaci\u00f3n en la web y en junio de 2006 fund\u00f3 este diario digital.","sameAs":["https:\/\/noticiasmercedinas.com","https:\/\/www.facebook.com\/cristian.falabella","https:\/\/www.instagram.com\/noticiasmercedinas\/","https:\/\/x.com\/https:\/\/twitter.com\/NOTMERCEDINAS"],"url":"https:\/\/noticiasmercedinas.com\/site\/author\/as000384\/"}]}},"amp_enabled":true,"_links":{"self":[{"href":"https:\/\/noticiasmercedinas.com\/site\/wp-json\/wp\/v2\/posts\/13681","targetHints":{"allow":["GET"]}}],"collection":[{"href":"https:\/\/noticiasmercedinas.com\/site\/wp-json\/wp\/v2\/posts"}],"about":[{"href":"https:\/\/noticiasmercedinas.com\/site\/wp-json\/wp\/v2\/types\/post"}],"author":[{"embeddable":true,"href":"https:\/\/noticiasmercedinas.com\/site\/wp-json\/wp\/v2\/users\/2"}],"replies":[{"embeddable":true,"href":"https:\/\/noticiasmercedinas.com\/site\/wp-json\/wp\/v2\/comments?post=13681"}],"version-history":[{"count":1,"href":"https:\/\/noticiasmercedinas.com\/site\/wp-json\/wp\/v2\/posts\/13681\/revisions"}],"predecessor-version":[{"id":13685,"href":"https:\/\/noticiasmercedinas.com\/site\/wp-json\/wp\/v2\/posts\/13681\/revisions\/13685"}],"wp:featuredmedia":[{"embeddable":true,"href":"https:\/\/noticiasmercedinas.com\/site\/wp-json\/wp\/v2\/media\/13682"}],"wp:attachment":[{"href":"https:\/\/noticiasmercedinas.com\/site\/wp-json\/wp\/v2\/media?parent=13681"}],"wp:term":[{"taxonomy":"category","embeddable":true,"href":"https:\/\/noticiasmercedinas.com\/site\/wp-json\/wp\/v2\/categories?post=13681"},{"taxonomy":"post_tag","embeddable":true,"href":"https:\/\/noticiasmercedinas.com\/site\/wp-json\/wp\/v2\/tags?post=13681"}],"curies":[{"name":"wp","href":"https:\/\/api.w.org\/{rel}","templated":true}]}}