{"id":136992,"date":"2024-05-24T16:30:33","date_gmt":"2024-05-24T19:30:33","guid":{"rendered":"https:\/\/noticiasmercedinas.com\/site\/?p=136992"},"modified":"2024-05-24T16:31:23","modified_gmt":"2024-05-24T19:31:23","slug":"en-varios-distritos-de-la-provincia-de-buenos-aires-celebra-la-revolucion-de-mayo","status":"publish","type":"post","link":"https:\/\/noticiasmercedinas.com\/site\/2024\/05\/24\/en-varios-distritos-de-la-provincia-de-buenos-aires-celebra-la-revolucion-de-mayo\/","title":{"rendered":"En varios distritos de la Provincia de Buenos Aires se celebra la Revoluci\u00f3n de Mayo"},"content":{"rendered":"<p><img loading=\"lazy\" decoding=\"async\" class=\"alignnone size-full wp-image-136993\" src=\"https:\/\/noticiasmercedinas.com\/site\/wp-content\/uploads\/2024\/05\/Dia_de_la_Patria.jpg\" alt=\"\" width=\"700\" height=\"500\" srcset=\"https:\/\/noticiasmercedinas.com\/site\/wp-content\/uploads\/2024\/05\/Dia_de_la_Patria.jpg 700w, https:\/\/noticiasmercedinas.com\/site\/wp-content\/uploads\/2024\/05\/Dia_de_la_Patria-300x214.jpg 300w, https:\/\/noticiasmercedinas.com\/site\/wp-content\/uploads\/2024\/05\/Dia_de_la_Patria-640x457.jpg 640w, https:\/\/noticiasmercedinas.com\/site\/wp-content\/uploads\/2024\/05\/Dia_de_la_Patria-681x486.jpg 681w\" sizes=\"auto, (max-width: 700px) 100vw, 700px\" \/><\/p>\n<p>Adem\u00e1s de realizarse un desfile en Mercedes, tal cual se inform\u00f3, este s\u00e1bado en distintas localidades se celebrar\u00e1 el D\u00eda de la Patria. Pe\u00f1as, shows musicales, desfiles, espect\u00e1culos y dem\u00e1s actividades que podr\u00e1n disfrutarse a lo largo y ancho de la Provincia.<\/p>\n<p>En Luj\u00e1n a las 12:00, comenzar\u00e1 la celebraci\u00f3n con una visita participativa en la sala \u201cRevoluci\u00f3n de Mayo\u201d para reflexionar sobre una etapa fundacional de la historia argentina. Luego, a las 15:00, se entonar\u00e1 el Himno Nacional Argentino, y se presentar\u00e1 el Ballet Municipal de Folklore \u201cMabel Luj\u00e1n\u201d. Las actividades, organizadas por el Instituto Cultural bonaerense, tendr\u00e1n lugar en el Complejo Museogr\u00e1fico Provincial Enrique Udaondo (Lezica y Torrezuri 917), que tambi\u00e9n permanecer\u00e1 abierto de 11:00 a 18:00 con diferentes propuestas para toda la familia.<\/p>\n<p>Por otra parte, habr\u00e1 jornadas en conmemoraci\u00f3n de la Revoluci\u00f3n de Mayo en diversos distritos de la Provincia. El organismo que conduce Florencia Saintout acompa\u00f1ar\u00e1 estas propuestas y actividades que se desarrollar\u00e1n en el territorio bonaerense.<\/p>\n<p>En Punta Indio a las 11:00 con un Acto Protocolar del 25 de Mayo, adem\u00e1s, se realizar\u00e1 un show musical a cargo de Fede Pecchia. El evento se realizar\u00e1 en Plaza Principal (Pipinas).<\/p>\n<p>En Lomas de Zamora a partir de las 15:00, en la Plaza Grigera (Av. Hip\u00f3lito Yrigoyen N\u00b0 8700) habr\u00e1 un Desfile C\u00edvico y Pe\u00f1a por la Patria, que contar\u00e1 con un show musical de Chango Spasiuk que presentar\u00e1 \u201cTaco y Suela\u201d.<\/p>\n<p>Tambi\u00e9n a las 15:00, pero en Malvinas Argentinas, se realizar\u00e1n los festejos con un evento por el 25 de Mayo y con un show musical de Silvana Galli Carabajal. El lugar del encuentro ser\u00e1 en la Avenida Presidente Per\u00f3n 4276.<\/p>\n<p>En Lan\u00fas, se podr\u00e1 disfrutar de una Pe\u00f1a Patria que tendr\u00e1 el show musical a las 17:00 de \u201cCuervo Paj\u00f3n\u201d. La jornada se har\u00e1 en el oeste de la localidad, m\u00e1s precisamente, en Avenida 25 de Mayo N\u00ba 131.<\/p>\n<p>En Suipacha, a las 18:00 se realizar\u00e1 el Evento tradicionalista por el 25 de Mayo, adem\u00e1s de un show musical de Claudia Lome\u00f1a. El lugar que cobijar\u00e1 la jornada por el D\u00eda de la Patria ser\u00e1 el Centro Tradicionalista El Cimarr\u00f3n (Padre Luis Brady y Rotonda Ruta Provincial N\u00ba 43).<\/p>\n<p>A las 18:00, en la localidad de Salliquel\u00f3, se celebrar\u00e1 un Acto por el 25 de mayo, y un show musical de Luciano Ca\u00f1ete. El Portal Paseo del Lago (Dr. Juan Jos\u00e9 Moreda y Brasil) ser\u00e1 el lugar en donde se realizar\u00e1n los festejos.<\/p>\n<p>En tanto, en Adolfo Gonz\u00e1lez Chaves, se desarrollar\u00e1 a las 19:00 una Noche de Gala y un show musical de \u201cAgayudos\u201d. La jornada est\u00e1 pautada para realizarse en Avenida San Mart\u00edn N\u00ba 235.<\/p>\n<p>En la localidad de Pila, a las 20:00, se har\u00e1 el tercer \u201cEspect\u00e1culo folcl\u00f3rico &#8211; Danza y M\u00fasica de la regi\u00f3n\u201d. Esta edici\u00f3n contar\u00e1 con grandes artistas bonaerenses y el cierre de Pato Molina, oriundo de La Plata. Todo ser\u00e1 en el Cine Teatro (San Mart\u00edn N\u00ba 867), y las entradas ($500 pesos la general) se vender\u00e1n en la boleter\u00eda.<\/p>\n<p>Finalizando la celebraci\u00f3n, a las 21:30, se realizar\u00e1n los festejos por el 25 de Mayo en Carmen de Areco, y durante la jornada tambi\u00e9n habr\u00e1 un show musical de la cantautora de folclore Florencia Paz. Las actividades ser\u00e1n en el Galp\u00f3n Cultural (Carlos Mar\u00eda Espil y Chacabuco).<\/p>\n<p>Desde las 11:00, en La Plata habr\u00e1 una Fiesta Patria en el marco del Aniversario 133 de la localidad de Abasto, se desarrollar\u00e1 en la Plaza Virgen de Itat\u00ed (Calle 210 e\/ 522 y 523). Se estar\u00e1n presentando con su m\u00fasica en vivo: Ariel G\u00f3mez, Los Matua Mercede\u00f1os, Ra\u00fal Ram\u00edrez (ex Granizo Rojo), Los Tingos Chamameceros y Agrupaci\u00f3n Los Curuzucuate\u00f1os. Habr\u00e1 feria gastron\u00f3mica y de emprendedores, adem\u00e1s de propuestas para las ni\u00f1as y los ni\u00f1os.<\/p>\n","protected":false},"excerpt":{"rendered":"<p>Adem\u00e1s de realizarse un desfile en Mercedes, tal cual se inform\u00f3, este s\u00e1bado en distintas localidades se celebrar\u00e1 el D\u00eda de la Patria. Pe\u00f1as, shows musicales, desfiles, espect\u00e1culos y dem\u00e1s actividades que podr\u00e1n disfrutarse a lo largo y ancho de la Provincia. En Luj\u00e1n a las 12:00, comenzar\u00e1 la celebraci\u00f3n con una visita participativa en [&hellip;]<\/p>\n","protected":false},"author":16,"featured_media":136993,"comment_status":"closed","ping_status":"closed","sticky":false,"template":"","format":"standard","meta":{"footnotes":""},"categories":[7919],"tags":[1761,18362],"class_list":["post-136992","post","type-post","status-publish","format-standard","has-post-thumbnail","hentry","category-provinciales","tag-25-de-mayo","tag-dia-de-la-patria"],"yoast_head":"<!-- This site is optimized with the Yoast SEO plugin v27.5 - https:\/\/yoast.com\/product\/yoast-seo-wordpress\/ -->\n<title>En varios distritos de la Provincia de Buenos Aires se celebra la Revoluci\u00f3n de Mayo<\/title>\n<meta name=\"robots\" content=\"index, follow, max-snippet:-1, max-image-preview:large, max-video-preview:-1\" \/>\n<link rel=\"canonical\" href=\"https:\/\/noticiasmercedinas.com\/site\/2024\/05\/24\/en-varios-distritos-de-la-provincia-de-buenos-aires-celebra-la-revolucion-de-mayo\/\" \/>\n<meta property=\"og:locale\" content=\"es_ES\" \/>\n<meta property=\"og:type\" content=\"article\" \/>\n<meta property=\"og:title\" content=\"En varios distritos de la Provincia de Buenos Aires se celebra la Revoluci\u00f3n de Mayo\" \/>\n<meta property=\"og:description\" content=\"Adem\u00e1s de realizarse un desfile en Mercedes, tal cual se inform\u00f3, este s\u00e1bado en distintas localidades se celebrar\u00e1 el D\u00eda de la Patria. Pe\u00f1as, shows musicales, desfiles, espect\u00e1culos y dem\u00e1s actividades que podr\u00e1n disfrutarse a lo largo y ancho de la Provincia. En Luj\u00e1n a las 12:00, comenzar\u00e1 la celebraci\u00f3n con una visita participativa en [&hellip;]\" \/>\n<meta property=\"og:url\" content=\"https:\/\/noticiasmercedinas.com\/site\/2024\/05\/24\/en-varios-distritos-de-la-provincia-de-buenos-aires-celebra-la-revolucion-de-mayo\/\" \/>\n<meta property=\"og:site_name\" content=\"NOTICIASMERCEDINAS.COM\" \/>\n<meta property=\"article:publisher\" content=\"https:\/\/www.facebook.com\/noticiasmercedinas\/\" \/>\n<meta property=\"article:published_time\" content=\"2024-05-24T19:30:33+00:00\" \/>\n<meta property=\"article:modified_time\" content=\"2024-05-24T19:31:23+00:00\" \/>\n<meta property=\"og:image\" content=\"https:\/\/noticiasmercedinas.com\/site\/wp-content\/uploads\/2024\/05\/Dia_de_la_Patria.jpg\" \/>\n\t<meta property=\"og:image:width\" content=\"700\" \/>\n\t<meta property=\"og:image:height\" content=\"500\" \/>\n\t<meta property=\"og:image:type\" content=\"image\/jpeg\" \/>\n<meta name=\"author\" content=\"NOTICIASMERCEDINAS.COM\" \/>\n<meta name=\"twitter:card\" content=\"summary_large_image\" \/>\n<meta name=\"twitter:creator\" content=\"@notmercedinas\" \/>\n<meta name=\"twitter:site\" content=\"@notmercedinas\" \/>\n<meta name=\"twitter:label1\" content=\"Escrito por\" \/>\n\t<meta name=\"twitter:data1\" content=\"NOTICIASMERCEDINAS.COM\" \/>\n\t<meta name=\"twitter:label2\" content=\"Tiempo de lectura\" \/>\n\t<meta name=\"twitter:data2\" content=\"3 minutos\" \/>\n<script type=\"application\/ld+json\" class=\"yoast-schema-graph\">{\"@context\":\"https:\\\/\\\/schema.org\",\"@graph\":[{\"@type\":\"Article\",\"@id\":\"https:\\\/\\\/noticiasmercedinas.com\\\/site\\\/2024\\\/05\\\/24\\\/en-varios-distritos-de-la-provincia-de-buenos-aires-celebra-la-revolucion-de-mayo\\\/#article\",\"isPartOf\":{\"@id\":\"https:\\\/\\\/noticiasmercedinas.com\\\/site\\\/2024\\\/05\\\/24\\\/en-varios-distritos-de-la-provincia-de-buenos-aires-celebra-la-revolucion-de-mayo\\\/\"},\"author\":{\"name\":\"NOTICIASMERCEDINAS.COM\",\"@id\":\"https:\\\/\\\/noticiasmercedinas.com\\\/site\\\/#\\\/schema\\\/person\\\/84b59c099c28ff2e8b77d4ceec5d8063\"},\"headline\":\"En varios distritos de la Provincia de Buenos Aires se celebra la Revoluci\u00f3n de Mayo\",\"datePublished\":\"2024-05-24T19:30:33+00:00\",\"dateModified\":\"2024-05-24T19:31:23+00:00\",\"mainEntityOfPage\":{\"@id\":\"https:\\\/\\\/noticiasmercedinas.com\\\/site\\\/2024\\\/05\\\/24\\\/en-varios-distritos-de-la-provincia-de-buenos-aires-celebra-la-revolucion-de-mayo\\\/\"},\"wordCount\":671,\"publisher\":{\"@id\":\"https:\\\/\\\/noticiasmercedinas.com\\\/site\\\/#organization\"},\"image\":{\"@id\":\"https:\\\/\\\/noticiasmercedinas.com\\\/site\\\/2024\\\/05\\\/24\\\/en-varios-distritos-de-la-provincia-de-buenos-aires-celebra-la-revolucion-de-mayo\\\/#primaryimage\"},\"thumbnailUrl\":\"https:\\\/\\\/noticiasmercedinas.com\\\/site\\\/wp-content\\\/uploads\\\/2024\\\/05\\\/Dia_de_la_Patria.jpg\",\"keywords\":[\"25 de mayo\",\"dia de la patria\"],\"articleSection\":[\"Provinciales\"],\"inLanguage\":\"es\"},{\"@type\":\"WebPage\",\"@id\":\"https:\\\/\\\/noticiasmercedinas.com\\\/site\\\/2024\\\/05\\\/24\\\/en-varios-distritos-de-la-provincia-de-buenos-aires-celebra-la-revolucion-de-mayo\\\/\",\"url\":\"https:\\\/\\\/noticiasmercedinas.com\\\/site\\\/2024\\\/05\\\/24\\\/en-varios-distritos-de-la-provincia-de-buenos-aires-celebra-la-revolucion-de-mayo\\\/\",\"name\":\"En varios distritos de la Provincia de Buenos Aires se celebra la Revoluci\u00f3n de Mayo\",\"isPartOf\":{\"@id\":\"https:\\\/\\\/noticiasmercedinas.com\\\/site\\\/#website\"},\"primaryImageOfPage\":{\"@id\":\"https:\\\/\\\/noticiasmercedinas.com\\\/site\\\/2024\\\/05\\\/24\\\/en-varios-distritos-de-la-provincia-de-buenos-aires-celebra-la-revolucion-de-mayo\\\/#primaryimage\"},\"image\":{\"@id\":\"https:\\\/\\\/noticiasmercedinas.com\\\/site\\\/2024\\\/05\\\/24\\\/en-varios-distritos-de-la-provincia-de-buenos-aires-celebra-la-revolucion-de-mayo\\\/#primaryimage\"},\"thumbnailUrl\":\"https:\\\/\\\/noticiasmercedinas.com\\\/site\\\/wp-content\\\/uploads\\\/2024\\\/05\\\/Dia_de_la_Patria.jpg\",\"datePublished\":\"2024-05-24T19:30:33+00:00\",\"dateModified\":\"2024-05-24T19:31:23+00:00\",\"breadcrumb\":{\"@id\":\"https:\\\/\\\/noticiasmercedinas.com\\\/site\\\/2024\\\/05\\\/24\\\/en-varios-distritos-de-la-provincia-de-buenos-aires-celebra-la-revolucion-de-mayo\\\/#breadcrumb\"},\"inLanguage\":\"es\",\"potentialAction\":[{\"@type\":\"ReadAction\",\"target\":[\"https:\\\/\\\/noticiasmercedinas.com\\\/site\\\/2024\\\/05\\\/24\\\/en-varios-distritos-de-la-provincia-de-buenos-aires-celebra-la-revolucion-de-mayo\\\/\"]}]},{\"@type\":\"ImageObject\",\"inLanguage\":\"es\",\"@id\":\"https:\\\/\\\/noticiasmercedinas.com\\\/site\\\/2024\\\/05\\\/24\\\/en-varios-distritos-de-la-provincia-de-buenos-aires-celebra-la-revolucion-de-mayo\\\/#primaryimage\",\"url\":\"https:\\\/\\\/noticiasmercedinas.com\\\/site\\\/wp-content\\\/uploads\\\/2024\\\/05\\\/Dia_de_la_Patria.jpg\",\"contentUrl\":\"https:\\\/\\\/noticiasmercedinas.com\\\/site\\\/wp-content\\\/uploads\\\/2024\\\/05\\\/Dia_de_la_Patria.jpg\",\"width\":700,\"height\":500},{\"@type\":\"BreadcrumbList\",\"@id\":\"https:\\\/\\\/noticiasmercedinas.com\\\/site\\\/2024\\\/05\\\/24\\\/en-varios-distritos-de-la-provincia-de-buenos-aires-celebra-la-revolucion-de-mayo\\\/#breadcrumb\",\"itemListElement\":[{\"@type\":\"ListItem\",\"position\":1,\"name\":\"Portada\",\"item\":\"https:\\\/\\\/noticiasmercedinas.com\\\/site\\\/\"},{\"@type\":\"ListItem\",\"position\":2,\"name\":\"En varios distritos de la Provincia de Buenos Aires se celebra la Revoluci\u00f3n de Mayo\"}]},{\"@type\":\"WebSite\",\"@id\":\"https:\\\/\\\/noticiasmercedinas.com\\\/site\\\/#website\",\"url\":\"https:\\\/\\\/noticiasmercedinas.com\\\/site\\\/\",\"name\":\"NOTICIASMERCEDINAS.COM\",\"description\":\"Mercedes, Buenos Aires, Argentina\",\"publisher\":{\"@id\":\"https:\\\/\\\/noticiasmercedinas.com\\\/site\\\/#organization\"},\"potentialAction\":[{\"@type\":\"SearchAction\",\"target\":{\"@type\":\"EntryPoint\",\"urlTemplate\":\"https:\\\/\\\/noticiasmercedinas.com\\\/site\\\/?s={search_term_string}\"},\"query-input\":{\"@type\":\"PropertyValueSpecification\",\"valueRequired\":true,\"valueName\":\"search_term_string\"}}],\"inLanguage\":\"es\"},{\"@type\":\"Organization\",\"@id\":\"https:\\\/\\\/noticiasmercedinas.com\\\/site\\\/#organization\",\"name\":\"NOTICIASMERCEDINAS.COM\",\"url\":\"https:\\\/\\\/noticiasmercedinas.com\\\/site\\\/\",\"logo\":{\"@type\":\"ImageObject\",\"inLanguage\":\"es\",\"@id\":\"https:\\\/\\\/noticiasmercedinas.com\\\/site\\\/#\\\/schema\\\/logo\\\/image\\\/\",\"url\":\"https:\\\/\\\/noticiasmercedinas.com\\\/site\\\/wp-content\\\/uploads\\\/2020\\\/06\\\/LOGO-512.jpg\",\"contentUrl\":\"https:\\\/\\\/noticiasmercedinas.com\\\/site\\\/wp-content\\\/uploads\\\/2020\\\/06\\\/LOGO-512.jpg\",\"width\":512,\"height\":512,\"caption\":\"NOTICIASMERCEDINAS.COM\"},\"image\":{\"@id\":\"https:\\\/\\\/noticiasmercedinas.com\\\/site\\\/#\\\/schema\\\/logo\\\/image\\\/\"},\"sameAs\":[\"https:\\\/\\\/www.facebook.com\\\/noticiasmercedinas\\\/\",\"https:\\\/\\\/x.com\\\/notmercedinas\",\"https:\\\/\\\/www.instagram.com\\\/noticiasmercedinas\\\/\"]},{\"@type\":\"Person\",\"@id\":\"https:\\\/\\\/noticiasmercedinas.com\\\/site\\\/#\\\/schema\\\/person\\\/84b59c099c28ff2e8b77d4ceec5d8063\",\"name\":\"NOTICIASMERCEDINAS.COM\",\"image\":{\"@type\":\"ImageObject\",\"inLanguage\":\"es\",\"@id\":\"https:\\\/\\\/secure.gravatar.com\\\/avatar\\\/4dfbf16b4d17945bfb6341b2d19043457132fcf478a5ee04f42e959fd8f5df0a?s=96&d=mm&r=g\",\"url\":\"https:\\\/\\\/secure.gravatar.com\\\/avatar\\\/4dfbf16b4d17945bfb6341b2d19043457132fcf478a5ee04f42e959fd8f5df0a?s=96&d=mm&r=g\",\"contentUrl\":\"https:\\\/\\\/secure.gravatar.com\\\/avatar\\\/4dfbf16b4d17945bfb6341b2d19043457132fcf478a5ee04f42e959fd8f5df0a?s=96&d=mm&r=g\",\"caption\":\"NOTICIASMERCEDINAS.COM\"},\"url\":\"https:\\\/\\\/noticiasmercedinas.com\\\/site\\\/author\\\/anonimo\\\/\"}]}<\/script>\n<!-- \/ Yoast SEO plugin. -->","yoast_head_json":{"title":"En varios distritos de la Provincia de Buenos Aires se celebra la Revoluci\u00f3n de Mayo","robots":{"index":"index","follow":"follow","max-snippet":"max-snippet:-1","max-image-preview":"max-image-preview:large","max-video-preview":"max-video-preview:-1"},"canonical":"https:\/\/noticiasmercedinas.com\/site\/2024\/05\/24\/en-varios-distritos-de-la-provincia-de-buenos-aires-celebra-la-revolucion-de-mayo\/","og_locale":"es_ES","og_type":"article","og_title":"En varios distritos de la Provincia de Buenos Aires se celebra la Revoluci\u00f3n de Mayo","og_description":"Adem\u00e1s de realizarse un desfile en Mercedes, tal cual se inform\u00f3, este s\u00e1bado en distintas localidades se celebrar\u00e1 el D\u00eda de la Patria. Pe\u00f1as, shows musicales, desfiles, espect\u00e1culos y dem\u00e1s actividades que podr\u00e1n disfrutarse a lo largo y ancho de la Provincia. En Luj\u00e1n a las 12:00, comenzar\u00e1 la celebraci\u00f3n con una visita participativa en [&hellip;]","og_url":"https:\/\/noticiasmercedinas.com\/site\/2024\/05\/24\/en-varios-distritos-de-la-provincia-de-buenos-aires-celebra-la-revolucion-de-mayo\/","og_site_name":"NOTICIASMERCEDINAS.COM","article_publisher":"https:\/\/www.facebook.com\/noticiasmercedinas\/","article_published_time":"2024-05-24T19:30:33+00:00","article_modified_time":"2024-05-24T19:31:23+00:00","og_image":[{"width":700,"height":500,"url":"https:\/\/noticiasmercedinas.com\/site\/wp-content\/uploads\/2024\/05\/Dia_de_la_Patria.jpg","type":"image\/jpeg"}],"author":"NOTICIASMERCEDINAS.COM","twitter_card":"summary_large_image","twitter_creator":"@notmercedinas","twitter_site":"@notmercedinas","twitter_misc":{"Escrito por":"NOTICIASMERCEDINAS.COM","Tiempo de lectura":"3 minutos"},"schema":{"@context":"https:\/\/schema.org","@graph":[{"@type":"Article","@id":"https:\/\/noticiasmercedinas.com\/site\/2024\/05\/24\/en-varios-distritos-de-la-provincia-de-buenos-aires-celebra-la-revolucion-de-mayo\/#article","isPartOf":{"@id":"https:\/\/noticiasmercedinas.com\/site\/2024\/05\/24\/en-varios-distritos-de-la-provincia-de-buenos-aires-celebra-la-revolucion-de-mayo\/"},"author":{"name":"NOTICIASMERCEDINAS.COM","@id":"https:\/\/noticiasmercedinas.com\/site\/#\/schema\/person\/84b59c099c28ff2e8b77d4ceec5d8063"},"headline":"En varios distritos de la Provincia de Buenos Aires se celebra la Revoluci\u00f3n de Mayo","datePublished":"2024-05-24T19:30:33+00:00","dateModified":"2024-05-24T19:31:23+00:00","mainEntityOfPage":{"@id":"https:\/\/noticiasmercedinas.com\/site\/2024\/05\/24\/en-varios-distritos-de-la-provincia-de-buenos-aires-celebra-la-revolucion-de-mayo\/"},"wordCount":671,"publisher":{"@id":"https:\/\/noticiasmercedinas.com\/site\/#organization"},"image":{"@id":"https:\/\/noticiasmercedinas.com\/site\/2024\/05\/24\/en-varios-distritos-de-la-provincia-de-buenos-aires-celebra-la-revolucion-de-mayo\/#primaryimage"},"thumbnailUrl":"https:\/\/noticiasmercedinas.com\/site\/wp-content\/uploads\/2024\/05\/Dia_de_la_Patria.jpg","keywords":["25 de mayo","dia de la patria"],"articleSection":["Provinciales"],"inLanguage":"es"},{"@type":"WebPage","@id":"https:\/\/noticiasmercedinas.com\/site\/2024\/05\/24\/en-varios-distritos-de-la-provincia-de-buenos-aires-celebra-la-revolucion-de-mayo\/","url":"https:\/\/noticiasmercedinas.com\/site\/2024\/05\/24\/en-varios-distritos-de-la-provincia-de-buenos-aires-celebra-la-revolucion-de-mayo\/","name":"En varios distritos de la Provincia de Buenos Aires se celebra la Revoluci\u00f3n de Mayo","isPartOf":{"@id":"https:\/\/noticiasmercedinas.com\/site\/#website"},"primaryImageOfPage":{"@id":"https:\/\/noticiasmercedinas.com\/site\/2024\/05\/24\/en-varios-distritos-de-la-provincia-de-buenos-aires-celebra-la-revolucion-de-mayo\/#primaryimage"},"image":{"@id":"https:\/\/noticiasmercedinas.com\/site\/2024\/05\/24\/en-varios-distritos-de-la-provincia-de-buenos-aires-celebra-la-revolucion-de-mayo\/#primaryimage"},"thumbnailUrl":"https:\/\/noticiasmercedinas.com\/site\/wp-content\/uploads\/2024\/05\/Dia_de_la_Patria.jpg","datePublished":"2024-05-24T19:30:33+00:00","dateModified":"2024-05-24T19:31:23+00:00","breadcrumb":{"@id":"https:\/\/noticiasmercedinas.com\/site\/2024\/05\/24\/en-varios-distritos-de-la-provincia-de-buenos-aires-celebra-la-revolucion-de-mayo\/#breadcrumb"},"inLanguage":"es","potentialAction":[{"@type":"ReadAction","target":["https:\/\/noticiasmercedinas.com\/site\/2024\/05\/24\/en-varios-distritos-de-la-provincia-de-buenos-aires-celebra-la-revolucion-de-mayo\/"]}]},{"@type":"ImageObject","inLanguage":"es","@id":"https:\/\/noticiasmercedinas.com\/site\/2024\/05\/24\/en-varios-distritos-de-la-provincia-de-buenos-aires-celebra-la-revolucion-de-mayo\/#primaryimage","url":"https:\/\/noticiasmercedinas.com\/site\/wp-content\/uploads\/2024\/05\/Dia_de_la_Patria.jpg","contentUrl":"https:\/\/noticiasmercedinas.com\/site\/wp-content\/uploads\/2024\/05\/Dia_de_la_Patria.jpg","width":700,"height":500},{"@type":"BreadcrumbList","@id":"https:\/\/noticiasmercedinas.com\/site\/2024\/05\/24\/en-varios-distritos-de-la-provincia-de-buenos-aires-celebra-la-revolucion-de-mayo\/#breadcrumb","itemListElement":[{"@type":"ListItem","position":1,"name":"Portada","item":"https:\/\/noticiasmercedinas.com\/site\/"},{"@type":"ListItem","position":2,"name":"En varios distritos de la Provincia de Buenos Aires se celebra la Revoluci\u00f3n de Mayo"}]},{"@type":"WebSite","@id":"https:\/\/noticiasmercedinas.com\/site\/#website","url":"https:\/\/noticiasmercedinas.com\/site\/","name":"NOTICIASMERCEDINAS.COM","description":"Mercedes, Buenos Aires, Argentina","publisher":{"@id":"https:\/\/noticiasmercedinas.com\/site\/#organization"},"potentialAction":[{"@type":"SearchAction","target":{"@type":"EntryPoint","urlTemplate":"https:\/\/noticiasmercedinas.com\/site\/?s={search_term_string}"},"query-input":{"@type":"PropertyValueSpecification","valueRequired":true,"valueName":"search_term_string"}}],"inLanguage":"es"},{"@type":"Organization","@id":"https:\/\/noticiasmercedinas.com\/site\/#organization","name":"NOTICIASMERCEDINAS.COM","url":"https:\/\/noticiasmercedinas.com\/site\/","logo":{"@type":"ImageObject","inLanguage":"es","@id":"https:\/\/noticiasmercedinas.com\/site\/#\/schema\/logo\/image\/","url":"https:\/\/noticiasmercedinas.com\/site\/wp-content\/uploads\/2020\/06\/LOGO-512.jpg","contentUrl":"https:\/\/noticiasmercedinas.com\/site\/wp-content\/uploads\/2020\/06\/LOGO-512.jpg","width":512,"height":512,"caption":"NOTICIASMERCEDINAS.COM"},"image":{"@id":"https:\/\/noticiasmercedinas.com\/site\/#\/schema\/logo\/image\/"},"sameAs":["https:\/\/www.facebook.com\/noticiasmercedinas\/","https:\/\/x.com\/notmercedinas","https:\/\/www.instagram.com\/noticiasmercedinas\/"]},{"@type":"Person","@id":"https:\/\/noticiasmercedinas.com\/site\/#\/schema\/person\/84b59c099c28ff2e8b77d4ceec5d8063","name":"NOTICIASMERCEDINAS.COM","image":{"@type":"ImageObject","inLanguage":"es","@id":"https:\/\/secure.gravatar.com\/avatar\/4dfbf16b4d17945bfb6341b2d19043457132fcf478a5ee04f42e959fd8f5df0a?s=96&d=mm&r=g","url":"https:\/\/secure.gravatar.com\/avatar\/4dfbf16b4d17945bfb6341b2d19043457132fcf478a5ee04f42e959fd8f5df0a?s=96&d=mm&r=g","contentUrl":"https:\/\/secure.gravatar.com\/avatar\/4dfbf16b4d17945bfb6341b2d19043457132fcf478a5ee04f42e959fd8f5df0a?s=96&d=mm&r=g","caption":"NOTICIASMERCEDINAS.COM"},"url":"https:\/\/noticiasmercedinas.com\/site\/author\/anonimo\/"}]}},"amp_enabled":true,"_links":{"self":[{"href":"https:\/\/noticiasmercedinas.com\/site\/wp-json\/wp\/v2\/posts\/136992","targetHints":{"allow":["GET"]}}],"collection":[{"href":"https:\/\/noticiasmercedinas.com\/site\/wp-json\/wp\/v2\/posts"}],"about":[{"href":"https:\/\/noticiasmercedinas.com\/site\/wp-json\/wp\/v2\/types\/post"}],"author":[{"embeddable":true,"href":"https:\/\/noticiasmercedinas.com\/site\/wp-json\/wp\/v2\/users\/16"}],"replies":[{"embeddable":true,"href":"https:\/\/noticiasmercedinas.com\/site\/wp-json\/wp\/v2\/comments?post=136992"}],"version-history":[{"count":2,"href":"https:\/\/noticiasmercedinas.com\/site\/wp-json\/wp\/v2\/posts\/136992\/revisions"}],"predecessor-version":[{"id":136995,"href":"https:\/\/noticiasmercedinas.com\/site\/wp-json\/wp\/v2\/posts\/136992\/revisions\/136995"}],"wp:featuredmedia":[{"embeddable":true,"href":"https:\/\/noticiasmercedinas.com\/site\/wp-json\/wp\/v2\/media\/136993"}],"wp:attachment":[{"href":"https:\/\/noticiasmercedinas.com\/site\/wp-json\/wp\/v2\/media?parent=136992"}],"wp:term":[{"taxonomy":"category","embeddable":true,"href":"https:\/\/noticiasmercedinas.com\/site\/wp-json\/wp\/v2\/categories?post=136992"},{"taxonomy":"post_tag","embeddable":true,"href":"https:\/\/noticiasmercedinas.com\/site\/wp-json\/wp\/v2\/tags?post=136992"}],"curies":[{"name":"wp","href":"https:\/\/api.w.org\/{rel}","templated":true}]}}