{"id":137004,"date":"2024-05-25T09:08:50","date_gmt":"2024-05-25T12:08:50","guid":{"rendered":"https:\/\/noticiasmercedinas.com\/site\/?p=137004"},"modified":"2024-05-25T09:12:05","modified_gmt":"2024-05-25T12:12:05","slug":"provincia-incorpora-dron-de-alta-tecnologia-para-prevencion-y-control-de-seguridad","status":"publish","type":"post","link":"https:\/\/noticiasmercedinas.com\/site\/2024\/05\/25\/provincia-incorpora-dron-de-alta-tecnologia-para-prevencion-y-control-de-seguridad\/","title":{"rendered":"Provincia incorpora Dron de alta tecnolog\u00eda para prevenci\u00f3n y control de Seguridad"},"content":{"rendered":"<p><img loading=\"lazy\" decoding=\"async\" class=\"alignnone size-full wp-image-137006\" src=\"https:\/\/noticiasmercedinas.com\/site\/wp-content\/uploads\/2024\/05\/Drone.PoliciaRural-PoliciaProvinciadeBuenosAires-2024.3.jpg\" alt=\"\" width=\"1319\" height=\"879\" srcset=\"https:\/\/noticiasmercedinas.com\/site\/wp-content\/uploads\/2024\/05\/Drone.PoliciaRural-PoliciaProvinciadeBuenosAires-2024.3.jpg 1319w, https:\/\/noticiasmercedinas.com\/site\/wp-content\/uploads\/2024\/05\/Drone.PoliciaRural-PoliciaProvinciadeBuenosAires-2024.3-300x200.jpg 300w, https:\/\/noticiasmercedinas.com\/site\/wp-content\/uploads\/2024\/05\/Drone.PoliciaRural-PoliciaProvinciadeBuenosAires-2024.3-1024x682.jpg 1024w, https:\/\/noticiasmercedinas.com\/site\/wp-content\/uploads\/2024\/05\/Drone.PoliciaRural-PoliciaProvinciadeBuenosAires-2024.3-768x512.jpg 768w, https:\/\/noticiasmercedinas.com\/site\/wp-content\/uploads\/2024\/05\/Drone.PoliciaRural-PoliciaProvinciadeBuenosAires-2024.3-640x427.jpg 640w, https:\/\/noticiasmercedinas.com\/site\/wp-content\/uploads\/2024\/05\/Drone.PoliciaRural-PoliciaProvinciadeBuenosAires-2024.3-1280x853.jpg 1280w, https:\/\/noticiasmercedinas.com\/site\/wp-content\/uploads\/2024\/05\/Drone.PoliciaRural-PoliciaProvinciadeBuenosAires-2024.3-681x454.jpg 681w\" sizes=\"auto, (max-width: 1319px) 100vw, 1319px\" \/><\/p>\n<p>En una iniciativa encabezada por el Ministerio de Seguridad de la Provincia de Buenos Aires, se ha incorporado un dron de alta tecnolog\u00eda para mejorar las tareas de prevenci\u00f3n y control en la regi\u00f3n. El intendente Juan Ignacio Ustarroz asisti\u00f3 al vuelo de prueba y a las primeras capacitaciones impartidas al personal encargado de operar este nuevo recurso.<\/p>\n<p>Durante el evento, al que tambi\u00e9n asistieron representantes de la Sociedad Rural, Ustarroz expres\u00f3 su agradecimiento al Ministro de Seguridad de la provincia y al Gobernador Axel Kicillof por la significativa inversi\u00f3n realizada en materia de seguridad. \u00abSon diez drones para la provincia de Buenos Aires, cada uno con una capacidad y cobertura de 100 kil\u00f3metros de radio de vuelo\u00bb, detall\u00f3 el intendente, destacando que Mercedes ser\u00e1 una de las zonas beneficiadas por esta planificaci\u00f3n estrat\u00e9gica conjunta con el Ministerio.<\/p>\n<p>El intendente Ustarroz subray\u00f3 la importancia de esta incorporaci\u00f3n tecnol\u00f3gica, especialmente para la zona rural, que es la m\u00e1s vulnerable. \u00abEl trabajo que hemos iniciado con la Sociedad Rural y el Gobierno de la provincia ha recibido mucho apoyo en t\u00e9rminos de recursos por parte del Ministerio, en un \u00e1rea que es muy compleja\u00bb, se\u00f1al\u00f3.<\/p>\n<p>\u00abEs muy importante porque toda la zona rural es la m\u00e1s vulnerable, y el trabajo que iniciamos con la Sociedad Rural y el Gobierno de la provincia, de quien venimos recibiendo mucho apoyo en t\u00e9rminos de recursos por parte del Ministerio, en una materia que es muy compleja,\u00bb se\u00f1al\u00f3 el intendente Ustarroz.<\/p>\n<p>El Dr. Ustarroz afirm\u00f3: \u00abNo existe el delito cero, pero creo que cuando aportamos m\u00e1s herramientas, trabajo y actores involucrados en encontrar respuestas y crear soluciones para nuestros vecinos, es algo muy positivo\u00bb. Adem\u00e1s, resalt\u00f3 la importancia de incorporar nuevas tecnolog\u00edas debido a su capacidad operativa.<\/p>\n<p>Facundo Rodr\u00edguez, del Ministerio de Seguridad de la Provincia de Buenos Aires, explic\u00f3: \u00abEstamos en un operativo de apoyo a\u00e9reo en coordinaci\u00f3n con la polic\u00eda rural, buscando prevenir diversas acciones delictivas, como faena y abigeato, y controlando diferentes puntos donde se realizan operativos\u00bb. A\u00f1adi\u00f3 que esta iniciativa es el resultado de una inversi\u00f3n significativa del Ministerio para brindar mayor protecci\u00f3n a los actores del coraz\u00f3n productivo de la regi\u00f3n.<\/p>\n<p>Leo Fag\u00fandez, presidente de la Sociedad Rural, destac\u00f3 la utilidad de esta nueva herramienta, especialmente para el patrullaje nocturno en caminos rurales dif\u00edciles de transitar. \u00abEsta herramienta permitir\u00e1 patrullar y llegar a lugares inaccesibles por v\u00eda terrestre\u00bb, afirm\u00f3. Asimismo, valor\u00f3 el trabajo conjunto entre el Ministerio de Seguridad y el municipio de Mercedes, agradeciendo que se considere a la Sociedad Rural como parte integral de este esfuerzo de protecci\u00f3n del medio rural.<\/p>\n<p>El Dr. Mat\u00edas Maresca, secretario de Seguridad, agradeci\u00f3 al Ministerio de Seguridad a cargo de Javier Alonso por este nuevo avance en materia de seguridad y prevenci\u00f3n. Record\u00f3 que recientemente se anunci\u00f3 la llegada de seis nuevos efectivos para la patrulla rural, anticipando la incorporaci\u00f3n de nuevos equipos tecnol\u00f3gicos para la prevenci\u00f3n y el cuidado de todos los vecinos, en l\u00ednea con las directrices del intendente Ustarroz.<\/p>\n<p>Estos drones se destacan por su capacidad de mantener una c\u00e1mara en funcionamiento durante 10 horas y un rango de transmisi\u00f3n de imagen de 200 kil\u00f3metros, cubriendo un radio de 100 kil\u00f3metros. Esto permite supervisar y controlar entre 30.000 y 40.000 hect\u00e1reas en una hora, abarcando eficientemente toda la superficie de la provincia de Buenos Aires.<\/p>\n","protected":false},"excerpt":{"rendered":"<p>\u25a0 El intendente Juani Ustarroz particip\u00f3 en el vuelo de prueba y en las primeras capacitaciones al personal. El dispositivo ser\u00e1 de gran utilidad para la zona rural y los accesos a la ciudad<\/p>\n","protected":false},"author":16,"featured_media":137006,"comment_status":"closed","ping_status":"closed","sticky":false,"template":"","format":"standard","meta":{"footnotes":""},"categories":[7],"tags":[246,5241,2396],"class_list":["post-137004","post","type-post","status-publish","format-standard","has-post-thumbnail","hentry","category-policiales","tag-control","tag-drones","tag-prevencion"],"yoast_head":"<!-- This site is optimized with the Yoast SEO plugin v27.4 - https:\/\/yoast.com\/product\/yoast-seo-wordpress\/ -->\n<title>Provincia incorpora Dron de alta tecnolog\u00eda para prevenci\u00f3n y control de Seguridad<\/title>\n<meta name=\"robots\" content=\"index, follow, max-snippet:-1, max-image-preview:large, max-video-preview:-1\" \/>\n<link rel=\"canonical\" href=\"https:\/\/noticiasmercedinas.com\/site\/2024\/05\/25\/provincia-incorpora-dron-de-alta-tecnologia-para-prevencion-y-control-de-seguridad\/\" \/>\n<meta property=\"og:locale\" content=\"es_ES\" \/>\n<meta property=\"og:type\" content=\"article\" \/>\n<meta property=\"og:title\" content=\"Provincia incorpora Dron de alta tecnolog\u00eda para prevenci\u00f3n y control de Seguridad\" \/>\n<meta property=\"og:description\" content=\"\u25a0 El intendente Juani Ustarroz particip\u00f3 en el vuelo de prueba y en las primeras capacitaciones al personal. El dispositivo ser\u00e1 de gran utilidad para la zona rural y los accesos a la ciudad\" \/>\n<meta property=\"og:url\" content=\"https:\/\/noticiasmercedinas.com\/site\/2024\/05\/25\/provincia-incorpora-dron-de-alta-tecnologia-para-prevencion-y-control-de-seguridad\/\" \/>\n<meta property=\"og:site_name\" content=\"NOTICIASMERCEDINAS.COM\" \/>\n<meta property=\"article:publisher\" content=\"https:\/\/www.facebook.com\/noticiasmercedinas\/\" \/>\n<meta property=\"article:published_time\" content=\"2024-05-25T12:08:50+00:00\" \/>\n<meta property=\"article:modified_time\" content=\"2024-05-25T12:12:05+00:00\" \/>\n<meta property=\"og:image\" content=\"https:\/\/noticiasmercedinas.com\/site\/wp-content\/uploads\/2024\/05\/Drone.PoliciaRural-PoliciaProvinciadeBuenosAires-2024.3.jpg\" \/>\n\t<meta property=\"og:image:width\" content=\"1319\" \/>\n\t<meta property=\"og:image:height\" content=\"879\" \/>\n\t<meta property=\"og:image:type\" content=\"image\/jpeg\" \/>\n<meta name=\"author\" content=\"NOTICIASMERCEDINAS.COM\" \/>\n<meta name=\"twitter:card\" content=\"summary_large_image\" \/>\n<meta name=\"twitter:creator\" content=\"@notmercedinas\" \/>\n<meta name=\"twitter:site\" content=\"@notmercedinas\" \/>\n<meta name=\"twitter:label1\" content=\"Escrito por\" \/>\n\t<meta name=\"twitter:data1\" content=\"NOTICIASMERCEDINAS.COM\" \/>\n\t<meta name=\"twitter:label2\" content=\"Tiempo de lectura\" \/>\n\t<meta name=\"twitter:data2\" content=\"3 minutos\" \/>\n<script type=\"application\/ld+json\" class=\"yoast-schema-graph\">{\"@context\":\"https:\\\/\\\/schema.org\",\"@graph\":[{\"@type\":\"Article\",\"@id\":\"https:\\\/\\\/noticiasmercedinas.com\\\/site\\\/2024\\\/05\\\/25\\\/provincia-incorpora-dron-de-alta-tecnologia-para-prevencion-y-control-de-seguridad\\\/#article\",\"isPartOf\":{\"@id\":\"https:\\\/\\\/noticiasmercedinas.com\\\/site\\\/2024\\\/05\\\/25\\\/provincia-incorpora-dron-de-alta-tecnologia-para-prevencion-y-control-de-seguridad\\\/\"},\"author\":{\"name\":\"NOTICIASMERCEDINAS.COM\",\"@id\":\"https:\\\/\\\/noticiasmercedinas.com\\\/site\\\/#\\\/schema\\\/person\\\/84b59c099c28ff2e8b77d4ceec5d8063\"},\"headline\":\"Provincia incorpora Dron de alta tecnolog\u00eda para prevenci\u00f3n y control de Seguridad\",\"datePublished\":\"2024-05-25T12:08:50+00:00\",\"dateModified\":\"2024-05-25T12:12:05+00:00\",\"mainEntityOfPage\":{\"@id\":\"https:\\\/\\\/noticiasmercedinas.com\\\/site\\\/2024\\\/05\\\/25\\\/provincia-incorpora-dron-de-alta-tecnologia-para-prevencion-y-control-de-seguridad\\\/\"},\"wordCount\":606,\"publisher\":{\"@id\":\"https:\\\/\\\/noticiasmercedinas.com\\\/site\\\/#organization\"},\"image\":{\"@id\":\"https:\\\/\\\/noticiasmercedinas.com\\\/site\\\/2024\\\/05\\\/25\\\/provincia-incorpora-dron-de-alta-tecnologia-para-prevencion-y-control-de-seguridad\\\/#primaryimage\"},\"thumbnailUrl\":\"https:\\\/\\\/noticiasmercedinas.com\\\/site\\\/wp-content\\\/uploads\\\/2024\\\/05\\\/Drone.PoliciaRural-PoliciaProvinciadeBuenosAires-2024.3.jpg\",\"keywords\":[\"control\",\"drones\",\"prevencion\"],\"articleSection\":[\"Seguridad\"],\"inLanguage\":\"es\"},{\"@type\":\"WebPage\",\"@id\":\"https:\\\/\\\/noticiasmercedinas.com\\\/site\\\/2024\\\/05\\\/25\\\/provincia-incorpora-dron-de-alta-tecnologia-para-prevencion-y-control-de-seguridad\\\/\",\"url\":\"https:\\\/\\\/noticiasmercedinas.com\\\/site\\\/2024\\\/05\\\/25\\\/provincia-incorpora-dron-de-alta-tecnologia-para-prevencion-y-control-de-seguridad\\\/\",\"name\":\"Provincia incorpora Dron de alta tecnolog\u00eda para prevenci\u00f3n y control de Seguridad\",\"isPartOf\":{\"@id\":\"https:\\\/\\\/noticiasmercedinas.com\\\/site\\\/#website\"},\"primaryImageOfPage\":{\"@id\":\"https:\\\/\\\/noticiasmercedinas.com\\\/site\\\/2024\\\/05\\\/25\\\/provincia-incorpora-dron-de-alta-tecnologia-para-prevencion-y-control-de-seguridad\\\/#primaryimage\"},\"image\":{\"@id\":\"https:\\\/\\\/noticiasmercedinas.com\\\/site\\\/2024\\\/05\\\/25\\\/provincia-incorpora-dron-de-alta-tecnologia-para-prevencion-y-control-de-seguridad\\\/#primaryimage\"},\"thumbnailUrl\":\"https:\\\/\\\/noticiasmercedinas.com\\\/site\\\/wp-content\\\/uploads\\\/2024\\\/05\\\/Drone.PoliciaRural-PoliciaProvinciadeBuenosAires-2024.3.jpg\",\"datePublished\":\"2024-05-25T12:08:50+00:00\",\"dateModified\":\"2024-05-25T12:12:05+00:00\",\"breadcrumb\":{\"@id\":\"https:\\\/\\\/noticiasmercedinas.com\\\/site\\\/2024\\\/05\\\/25\\\/provincia-incorpora-dron-de-alta-tecnologia-para-prevencion-y-control-de-seguridad\\\/#breadcrumb\"},\"inLanguage\":\"es\",\"potentialAction\":[{\"@type\":\"ReadAction\",\"target\":[\"https:\\\/\\\/noticiasmercedinas.com\\\/site\\\/2024\\\/05\\\/25\\\/provincia-incorpora-dron-de-alta-tecnologia-para-prevencion-y-control-de-seguridad\\\/\"]}]},{\"@type\":\"ImageObject\",\"inLanguage\":\"es\",\"@id\":\"https:\\\/\\\/noticiasmercedinas.com\\\/site\\\/2024\\\/05\\\/25\\\/provincia-incorpora-dron-de-alta-tecnologia-para-prevencion-y-control-de-seguridad\\\/#primaryimage\",\"url\":\"https:\\\/\\\/noticiasmercedinas.com\\\/site\\\/wp-content\\\/uploads\\\/2024\\\/05\\\/Drone.PoliciaRural-PoliciaProvinciadeBuenosAires-2024.3.jpg\",\"contentUrl\":\"https:\\\/\\\/noticiasmercedinas.com\\\/site\\\/wp-content\\\/uploads\\\/2024\\\/05\\\/Drone.PoliciaRural-PoliciaProvinciadeBuenosAires-2024.3.jpg\",\"width\":1319,\"height\":879},{\"@type\":\"BreadcrumbList\",\"@id\":\"https:\\\/\\\/noticiasmercedinas.com\\\/site\\\/2024\\\/05\\\/25\\\/provincia-incorpora-dron-de-alta-tecnologia-para-prevencion-y-control-de-seguridad\\\/#breadcrumb\",\"itemListElement\":[{\"@type\":\"ListItem\",\"position\":1,\"name\":\"Portada\",\"item\":\"https:\\\/\\\/noticiasmercedinas.com\\\/site\\\/\"},{\"@type\":\"ListItem\",\"position\":2,\"name\":\"Provincia incorpora Dron de alta tecnolog\u00eda para prevenci\u00f3n y control de Seguridad\"}]},{\"@type\":\"WebSite\",\"@id\":\"https:\\\/\\\/noticiasmercedinas.com\\\/site\\\/#website\",\"url\":\"https:\\\/\\\/noticiasmercedinas.com\\\/site\\\/\",\"name\":\"NOTICIASMERCEDINAS.COM\",\"description\":\"Mercedes, Buenos Aires, Argentina\",\"publisher\":{\"@id\":\"https:\\\/\\\/noticiasmercedinas.com\\\/site\\\/#organization\"},\"potentialAction\":[{\"@type\":\"SearchAction\",\"target\":{\"@type\":\"EntryPoint\",\"urlTemplate\":\"https:\\\/\\\/noticiasmercedinas.com\\\/site\\\/?s={search_term_string}\"},\"query-input\":{\"@type\":\"PropertyValueSpecification\",\"valueRequired\":true,\"valueName\":\"search_term_string\"}}],\"inLanguage\":\"es\"},{\"@type\":\"Organization\",\"@id\":\"https:\\\/\\\/noticiasmercedinas.com\\\/site\\\/#organization\",\"name\":\"NOTICIASMERCEDINAS.COM\",\"url\":\"https:\\\/\\\/noticiasmercedinas.com\\\/site\\\/\",\"logo\":{\"@type\":\"ImageObject\",\"inLanguage\":\"es\",\"@id\":\"https:\\\/\\\/noticiasmercedinas.com\\\/site\\\/#\\\/schema\\\/logo\\\/image\\\/\",\"url\":\"https:\\\/\\\/noticiasmercedinas.com\\\/site\\\/wp-content\\\/uploads\\\/2020\\\/06\\\/LOGO-512.jpg\",\"contentUrl\":\"https:\\\/\\\/noticiasmercedinas.com\\\/site\\\/wp-content\\\/uploads\\\/2020\\\/06\\\/LOGO-512.jpg\",\"width\":512,\"height\":512,\"caption\":\"NOTICIASMERCEDINAS.COM\"},\"image\":{\"@id\":\"https:\\\/\\\/noticiasmercedinas.com\\\/site\\\/#\\\/schema\\\/logo\\\/image\\\/\"},\"sameAs\":[\"https:\\\/\\\/www.facebook.com\\\/noticiasmercedinas\\\/\",\"https:\\\/\\\/x.com\\\/notmercedinas\",\"https:\\\/\\\/www.instagram.com\\\/noticiasmercedinas\\\/\"]},{\"@type\":\"Person\",\"@id\":\"https:\\\/\\\/noticiasmercedinas.com\\\/site\\\/#\\\/schema\\\/person\\\/84b59c099c28ff2e8b77d4ceec5d8063\",\"name\":\"NOTICIASMERCEDINAS.COM\",\"image\":{\"@type\":\"ImageObject\",\"inLanguage\":\"es\",\"@id\":\"https:\\\/\\\/secure.gravatar.com\\\/avatar\\\/4dfbf16b4d17945bfb6341b2d19043457132fcf478a5ee04f42e959fd8f5df0a?s=96&d=mm&r=g\",\"url\":\"https:\\\/\\\/secure.gravatar.com\\\/avatar\\\/4dfbf16b4d17945bfb6341b2d19043457132fcf478a5ee04f42e959fd8f5df0a?s=96&d=mm&r=g\",\"contentUrl\":\"https:\\\/\\\/secure.gravatar.com\\\/avatar\\\/4dfbf16b4d17945bfb6341b2d19043457132fcf478a5ee04f42e959fd8f5df0a?s=96&d=mm&r=g\",\"caption\":\"NOTICIASMERCEDINAS.COM\"},\"url\":\"https:\\\/\\\/noticiasmercedinas.com\\\/site\\\/author\\\/anonimo\\\/\"}]}<\/script>\n<!-- \/ Yoast SEO plugin. -->","yoast_head_json":{"title":"Provincia incorpora Dron de alta tecnolog\u00eda para prevenci\u00f3n y control de Seguridad","robots":{"index":"index","follow":"follow","max-snippet":"max-snippet:-1","max-image-preview":"max-image-preview:large","max-video-preview":"max-video-preview:-1"},"canonical":"https:\/\/noticiasmercedinas.com\/site\/2024\/05\/25\/provincia-incorpora-dron-de-alta-tecnologia-para-prevencion-y-control-de-seguridad\/","og_locale":"es_ES","og_type":"article","og_title":"Provincia incorpora Dron de alta tecnolog\u00eda para prevenci\u00f3n y control de Seguridad","og_description":"\u25a0 El intendente Juani Ustarroz particip\u00f3 en el vuelo de prueba y en las primeras capacitaciones al personal. El dispositivo ser\u00e1 de gran utilidad para la zona rural y los accesos a la ciudad","og_url":"https:\/\/noticiasmercedinas.com\/site\/2024\/05\/25\/provincia-incorpora-dron-de-alta-tecnologia-para-prevencion-y-control-de-seguridad\/","og_site_name":"NOTICIASMERCEDINAS.COM","article_publisher":"https:\/\/www.facebook.com\/noticiasmercedinas\/","article_published_time":"2024-05-25T12:08:50+00:00","article_modified_time":"2024-05-25T12:12:05+00:00","og_image":[{"width":1319,"height":879,"url":"https:\/\/noticiasmercedinas.com\/site\/wp-content\/uploads\/2024\/05\/Drone.PoliciaRural-PoliciaProvinciadeBuenosAires-2024.3.jpg","type":"image\/jpeg"}],"author":"NOTICIASMERCEDINAS.COM","twitter_card":"summary_large_image","twitter_creator":"@notmercedinas","twitter_site":"@notmercedinas","twitter_misc":{"Escrito por":"NOTICIASMERCEDINAS.COM","Tiempo de lectura":"3 minutos"},"schema":{"@context":"https:\/\/schema.org","@graph":[{"@type":"Article","@id":"https:\/\/noticiasmercedinas.com\/site\/2024\/05\/25\/provincia-incorpora-dron-de-alta-tecnologia-para-prevencion-y-control-de-seguridad\/#article","isPartOf":{"@id":"https:\/\/noticiasmercedinas.com\/site\/2024\/05\/25\/provincia-incorpora-dron-de-alta-tecnologia-para-prevencion-y-control-de-seguridad\/"},"author":{"name":"NOTICIASMERCEDINAS.COM","@id":"https:\/\/noticiasmercedinas.com\/site\/#\/schema\/person\/84b59c099c28ff2e8b77d4ceec5d8063"},"headline":"Provincia incorpora Dron de alta tecnolog\u00eda para prevenci\u00f3n y control de Seguridad","datePublished":"2024-05-25T12:08:50+00:00","dateModified":"2024-05-25T12:12:05+00:00","mainEntityOfPage":{"@id":"https:\/\/noticiasmercedinas.com\/site\/2024\/05\/25\/provincia-incorpora-dron-de-alta-tecnologia-para-prevencion-y-control-de-seguridad\/"},"wordCount":606,"publisher":{"@id":"https:\/\/noticiasmercedinas.com\/site\/#organization"},"image":{"@id":"https:\/\/noticiasmercedinas.com\/site\/2024\/05\/25\/provincia-incorpora-dron-de-alta-tecnologia-para-prevencion-y-control-de-seguridad\/#primaryimage"},"thumbnailUrl":"https:\/\/noticiasmercedinas.com\/site\/wp-content\/uploads\/2024\/05\/Drone.PoliciaRural-PoliciaProvinciadeBuenosAires-2024.3.jpg","keywords":["control","drones","prevencion"],"articleSection":["Seguridad"],"inLanguage":"es"},{"@type":"WebPage","@id":"https:\/\/noticiasmercedinas.com\/site\/2024\/05\/25\/provincia-incorpora-dron-de-alta-tecnologia-para-prevencion-y-control-de-seguridad\/","url":"https:\/\/noticiasmercedinas.com\/site\/2024\/05\/25\/provincia-incorpora-dron-de-alta-tecnologia-para-prevencion-y-control-de-seguridad\/","name":"Provincia incorpora Dron de alta tecnolog\u00eda para prevenci\u00f3n y control de Seguridad","isPartOf":{"@id":"https:\/\/noticiasmercedinas.com\/site\/#website"},"primaryImageOfPage":{"@id":"https:\/\/noticiasmercedinas.com\/site\/2024\/05\/25\/provincia-incorpora-dron-de-alta-tecnologia-para-prevencion-y-control-de-seguridad\/#primaryimage"},"image":{"@id":"https:\/\/noticiasmercedinas.com\/site\/2024\/05\/25\/provincia-incorpora-dron-de-alta-tecnologia-para-prevencion-y-control-de-seguridad\/#primaryimage"},"thumbnailUrl":"https:\/\/noticiasmercedinas.com\/site\/wp-content\/uploads\/2024\/05\/Drone.PoliciaRural-PoliciaProvinciadeBuenosAires-2024.3.jpg","datePublished":"2024-05-25T12:08:50+00:00","dateModified":"2024-05-25T12:12:05+00:00","breadcrumb":{"@id":"https:\/\/noticiasmercedinas.com\/site\/2024\/05\/25\/provincia-incorpora-dron-de-alta-tecnologia-para-prevencion-y-control-de-seguridad\/#breadcrumb"},"inLanguage":"es","potentialAction":[{"@type":"ReadAction","target":["https:\/\/noticiasmercedinas.com\/site\/2024\/05\/25\/provincia-incorpora-dron-de-alta-tecnologia-para-prevencion-y-control-de-seguridad\/"]}]},{"@type":"ImageObject","inLanguage":"es","@id":"https:\/\/noticiasmercedinas.com\/site\/2024\/05\/25\/provincia-incorpora-dron-de-alta-tecnologia-para-prevencion-y-control-de-seguridad\/#primaryimage","url":"https:\/\/noticiasmercedinas.com\/site\/wp-content\/uploads\/2024\/05\/Drone.PoliciaRural-PoliciaProvinciadeBuenosAires-2024.3.jpg","contentUrl":"https:\/\/noticiasmercedinas.com\/site\/wp-content\/uploads\/2024\/05\/Drone.PoliciaRural-PoliciaProvinciadeBuenosAires-2024.3.jpg","width":1319,"height":879},{"@type":"BreadcrumbList","@id":"https:\/\/noticiasmercedinas.com\/site\/2024\/05\/25\/provincia-incorpora-dron-de-alta-tecnologia-para-prevencion-y-control-de-seguridad\/#breadcrumb","itemListElement":[{"@type":"ListItem","position":1,"name":"Portada","item":"https:\/\/noticiasmercedinas.com\/site\/"},{"@type":"ListItem","position":2,"name":"Provincia incorpora Dron de alta tecnolog\u00eda para prevenci\u00f3n y control de Seguridad"}]},{"@type":"WebSite","@id":"https:\/\/noticiasmercedinas.com\/site\/#website","url":"https:\/\/noticiasmercedinas.com\/site\/","name":"NOTICIASMERCEDINAS.COM","description":"Mercedes, Buenos Aires, Argentina","publisher":{"@id":"https:\/\/noticiasmercedinas.com\/site\/#organization"},"potentialAction":[{"@type":"SearchAction","target":{"@type":"EntryPoint","urlTemplate":"https:\/\/noticiasmercedinas.com\/site\/?s={search_term_string}"},"query-input":{"@type":"PropertyValueSpecification","valueRequired":true,"valueName":"search_term_string"}}],"inLanguage":"es"},{"@type":"Organization","@id":"https:\/\/noticiasmercedinas.com\/site\/#organization","name":"NOTICIASMERCEDINAS.COM","url":"https:\/\/noticiasmercedinas.com\/site\/","logo":{"@type":"ImageObject","inLanguage":"es","@id":"https:\/\/noticiasmercedinas.com\/site\/#\/schema\/logo\/image\/","url":"https:\/\/noticiasmercedinas.com\/site\/wp-content\/uploads\/2020\/06\/LOGO-512.jpg","contentUrl":"https:\/\/noticiasmercedinas.com\/site\/wp-content\/uploads\/2020\/06\/LOGO-512.jpg","width":512,"height":512,"caption":"NOTICIASMERCEDINAS.COM"},"image":{"@id":"https:\/\/noticiasmercedinas.com\/site\/#\/schema\/logo\/image\/"},"sameAs":["https:\/\/www.facebook.com\/noticiasmercedinas\/","https:\/\/x.com\/notmercedinas","https:\/\/www.instagram.com\/noticiasmercedinas\/"]},{"@type":"Person","@id":"https:\/\/noticiasmercedinas.com\/site\/#\/schema\/person\/84b59c099c28ff2e8b77d4ceec5d8063","name":"NOTICIASMERCEDINAS.COM","image":{"@type":"ImageObject","inLanguage":"es","@id":"https:\/\/secure.gravatar.com\/avatar\/4dfbf16b4d17945bfb6341b2d19043457132fcf478a5ee04f42e959fd8f5df0a?s=96&d=mm&r=g","url":"https:\/\/secure.gravatar.com\/avatar\/4dfbf16b4d17945bfb6341b2d19043457132fcf478a5ee04f42e959fd8f5df0a?s=96&d=mm&r=g","contentUrl":"https:\/\/secure.gravatar.com\/avatar\/4dfbf16b4d17945bfb6341b2d19043457132fcf478a5ee04f42e959fd8f5df0a?s=96&d=mm&r=g","caption":"NOTICIASMERCEDINAS.COM"},"url":"https:\/\/noticiasmercedinas.com\/site\/author\/anonimo\/"}]}},"amp_enabled":true,"_links":{"self":[{"href":"https:\/\/noticiasmercedinas.com\/site\/wp-json\/wp\/v2\/posts\/137004","targetHints":{"allow":["GET"]}}],"collection":[{"href":"https:\/\/noticiasmercedinas.com\/site\/wp-json\/wp\/v2\/posts"}],"about":[{"href":"https:\/\/noticiasmercedinas.com\/site\/wp-json\/wp\/v2\/types\/post"}],"author":[{"embeddable":true,"href":"https:\/\/noticiasmercedinas.com\/site\/wp-json\/wp\/v2\/users\/16"}],"replies":[{"embeddable":true,"href":"https:\/\/noticiasmercedinas.com\/site\/wp-json\/wp\/v2\/comments?post=137004"}],"version-history":[{"count":3,"href":"https:\/\/noticiasmercedinas.com\/site\/wp-json\/wp\/v2\/posts\/137004\/revisions"}],"predecessor-version":[{"id":137009,"href":"https:\/\/noticiasmercedinas.com\/site\/wp-json\/wp\/v2\/posts\/137004\/revisions\/137009"}],"wp:featuredmedia":[{"embeddable":true,"href":"https:\/\/noticiasmercedinas.com\/site\/wp-json\/wp\/v2\/media\/137006"}],"wp:attachment":[{"href":"https:\/\/noticiasmercedinas.com\/site\/wp-json\/wp\/v2\/media?parent=137004"}],"wp:term":[{"taxonomy":"category","embeddable":true,"href":"https:\/\/noticiasmercedinas.com\/site\/wp-json\/wp\/v2\/categories?post=137004"},{"taxonomy":"post_tag","embeddable":true,"href":"https:\/\/noticiasmercedinas.com\/site\/wp-json\/wp\/v2\/tags?post=137004"}],"curies":[{"name":"wp","href":"https:\/\/api.w.org\/{rel}","templated":true}]}}