{"id":137023,"date":"2024-05-25T15:42:17","date_gmt":"2024-05-25T18:42:17","guid":{"rendered":"https:\/\/noticiasmercedinas.com\/site\/?p=137023"},"modified":"2024-05-25T15:44:39","modified_gmt":"2024-05-25T18:44:39","slug":"intendente-ustarroz-participa-del-tedeum-arzobispo-scheinig-llama-a-la-mistica-de-la-fraternidad","status":"publish","type":"post","link":"https:\/\/noticiasmercedinas.com\/site\/2024\/05\/25\/intendente-ustarroz-participa-del-tedeum-arzobispo-scheinig-llama-a-la-mistica-de-la-fraternidad\/","title":{"rendered":"Intendente Ustarroz participa del Tedeum: arzobispo Scheinig llama a la \u00abm\u00edstica de la fraternidad\u00bb"},"content":{"rendered":"<p><img loading=\"lazy\" decoding=\"async\" class=\"alignnone size-full wp-image-137025\" src=\"https:\/\/noticiasmercedinas.com\/site\/wp-content\/uploads\/2024\/05\/SJA_2335.jpg\" alt=\"\" width=\"1319\" height=\"879\" srcset=\"https:\/\/noticiasmercedinas.com\/site\/wp-content\/uploads\/2024\/05\/SJA_2335.jpg 1319w, https:\/\/noticiasmercedinas.com\/site\/wp-content\/uploads\/2024\/05\/SJA_2335-300x200.jpg 300w, https:\/\/noticiasmercedinas.com\/site\/wp-content\/uploads\/2024\/05\/SJA_2335-1024x682.jpg 1024w, https:\/\/noticiasmercedinas.com\/site\/wp-content\/uploads\/2024\/05\/SJA_2335-768x512.jpg 768w, https:\/\/noticiasmercedinas.com\/site\/wp-content\/uploads\/2024\/05\/SJA_2335-640x427.jpg 640w, https:\/\/noticiasmercedinas.com\/site\/wp-content\/uploads\/2024\/05\/SJA_2335-1280x853.jpg 1280w, https:\/\/noticiasmercedinas.com\/site\/wp-content\/uploads\/2024\/05\/SJA_2335-681x454.jpg 681w\" sizes=\"auto, (max-width: 1319px) 100vw, 1319px\" \/><\/p>\n<p>En el marco del 214 aniversario de la Revoluci\u00f3n de Mayo, el intendente de Mercedes, Dr. Juan Ignacio Ustarroz, particip\u00f3 del tradicional Tedeum en la Catedral Bas\u00edlica, acompa\u00f1ado por un grupo de funcionarios y ciudadanos destacados. En un gesto conmemorativo, Ustarroz entreg\u00f3 una placa en honor al 90 aniversario de la creaci\u00f3n de la Di\u00f3cesis de Mercedes, hoy conocida como Arquidi\u00f3cesis Mercedes \u2013 Luj\u00e1n.<\/p>\n<p>El evento, presidido por el arzobispo metropolitano de Mercedes &#8212; Luj\u00e1n, Jorge Eduardo Scheinig, se destac\u00f3 por una emotiva homil\u00eda que abord\u00f3 temas de relevancia social y econ\u00f3mica, con un \u00e9nfasis especial en la necesidad de una \u00abm\u00edstica de la fraternidad\u00bb para enfrentar los desaf\u00edos actuales.<\/p>\n<p>Entre los funcionarios presentes se encontraban Clara Zunino, David Valerga, Jos\u00e9 Luis Pisano, la presidenta del Concejo Mariana San Mart\u00edn, Jimena Rivas, Agust\u00edn Cotessi, Esteban Buzzalino, Mart\u00edn Boragno, y el ex intendente y diputado nacional mandato cumplido Carlos Selva, entre otros.<\/p>\n<p>En su discurso, el arzobispo Scheinig subray\u00f3 la importancia de reconocer y abordar la pobreza como un problema humano profundo, m\u00e1s all\u00e1 de las estad\u00edsticas y las ideolog\u00edas.<\/p>\n<p>\u201cLa pobreza no es una situaci\u00f3n macro-econ\u00f3mica ni un problema ideol\u00f3gico, no es un n\u00famero fr\u00edo para publicitar en los diarios o las redes sociales. Los pobres son personas que desde hace d\u00e9cadas vienen perdiendo el trabajo, el oficio, el sustento, y tambi\u00e9n la cultura del trabajo que se transmite de generaci\u00f3n en generaci\u00f3n. Es una pobreza que clama al cielo como un grito lacerante que nos rompe el coraz\u00f3n todos los d\u00edas\u201d, expres\u00f3.<\/p>\n<p>Scheinig tambi\u00e9n hizo un llamado a la unidad y la colaboraci\u00f3n entre todos los sectores de la sociedad para superar los desaf\u00edos presentes y futuros. \u201cNos necesitamos. Todos nos necesitamos, porque ninguna Naci\u00f3n podr\u00eda crecer sin otras, ning\u00fan privado sin otros, ning\u00fan grupo sin otros grupos, ninguna familia sin otras familias,\u201d destac\u00f3. Subray\u00f3 que el individualismo extremo es incompatible con la construcci\u00f3n de una naci\u00f3n s\u00f3lida y justa, y que es esencial fomentar una \u00abm\u00edstica de la fraternidad\u00bb para trabajar juntos en la resoluci\u00f3n de los problemas comunes.<\/p>\n<p><img loading=\"lazy\" decoding=\"async\" class=\"alignnone size-full wp-image-137026\" src=\"https:\/\/noticiasmercedinas.com\/site\/wp-content\/uploads\/2024\/05\/SJA_2327.jpg\" alt=\"\" width=\"1319\" height=\"879\" srcset=\"https:\/\/noticiasmercedinas.com\/site\/wp-content\/uploads\/2024\/05\/SJA_2327.jpg 1319w, https:\/\/noticiasmercedinas.com\/site\/wp-content\/uploads\/2024\/05\/SJA_2327-300x200.jpg 300w, https:\/\/noticiasmercedinas.com\/site\/wp-content\/uploads\/2024\/05\/SJA_2327-1024x682.jpg 1024w, https:\/\/noticiasmercedinas.com\/site\/wp-content\/uploads\/2024\/05\/SJA_2327-768x512.jpg 768w, https:\/\/noticiasmercedinas.com\/site\/wp-content\/uploads\/2024\/05\/SJA_2327-640x427.jpg 640w, https:\/\/noticiasmercedinas.com\/site\/wp-content\/uploads\/2024\/05\/SJA_2327-1280x853.jpg 1280w, https:\/\/noticiasmercedinas.com\/site\/wp-content\/uploads\/2024\/05\/SJA_2327-681x454.jpg 681w\" sizes=\"auto, (max-width: 1319px) 100vw, 1319px\" \/><\/p>\n<p>El arzobispo concluy\u00f3 con un mensaje de esperanza y compromiso hacia el futuro, alentando a todos a aprender de la historia y a construir una Argentina basada en la sensibilidad y el bien com\u00fan. \u201cNecesitamos reconstruir la Argentina desde una profunda sensibilidad hacia los otros con los que compartimos la misma tierra y los mismos sue\u00f1os. Todo comienza en el propio coraz\u00f3n que es la fuente de toda transformaci\u00f3n social,\u201d afirm\u00f3.<\/p>\n<blockquote><p>\u00abDa esperanza ocuparnos desde abajo y de a poco, especialmente con los j\u00f3venes, para hacer un proyecto de Naci\u00f3n que con una profunda sensibilidad hacia los otros y buscando hacer siempre el bien, nos d\u00e9 la posibilidad de construir una Patria de hermanos en la que nadie se quede afuera y todos, absolutamente todos, tengamos un lugar\u00bb<\/p><\/blockquote>\n<p>El Tedeum de este a\u00f1o no solo conmemor\u00f3 el aniversario del 25 de mayo, sino que tambi\u00e9n celebr\u00f3 los 90 a\u00f1os de la Di\u00f3cesis, convirti\u00e9ndose en una ocasi\u00f3n significativa para reflexionar sobre el pasado y mirar con esperanza hacia el futuro. Al cierre del evento, el arzobispo Scheinig expres\u00f3 su visi\u00f3n de una naci\u00f3n inclusiva y fraterna: \u201cDa esperanza ocuparnos desde abajo y de a poco, especialmente con los j\u00f3venes, para hacer un proyecto de Naci\u00f3n que con una profunda sensibilidad hacia los otros y buscando hacer siempre el bien, nos d\u00e9 la posibilidad de construir una Patria de hermanos en la que nadie se quede afuera y todos, absolutamente todos, tengamos un lugar.\u201d<\/p>\n<p>La ceremonia finaliz\u00f3 con aplausos y un sentido de unidad entre los asistentes, reafirmando el compromiso colectivo de trabajar juntos por un futuro mejor para todos los argentinos.<\/p>\n<p><img loading=\"lazy\" decoding=\"async\" class=\"alignnone size-full wp-image-137024\" src=\"https:\/\/noticiasmercedinas.com\/site\/wp-content\/uploads\/2024\/05\/SJA_2302.jpg\" alt=\"\" width=\"1319\" height=\"879\" srcset=\"https:\/\/noticiasmercedinas.com\/site\/wp-content\/uploads\/2024\/05\/SJA_2302.jpg 1319w, https:\/\/noticiasmercedinas.com\/site\/wp-content\/uploads\/2024\/05\/SJA_2302-300x200.jpg 300w, https:\/\/noticiasmercedinas.com\/site\/wp-content\/uploads\/2024\/05\/SJA_2302-1024x682.jpg 1024w, https:\/\/noticiasmercedinas.com\/site\/wp-content\/uploads\/2024\/05\/SJA_2302-768x512.jpg 768w, https:\/\/noticiasmercedinas.com\/site\/wp-content\/uploads\/2024\/05\/SJA_2302-640x427.jpg 640w, https:\/\/noticiasmercedinas.com\/site\/wp-content\/uploads\/2024\/05\/SJA_2302-1280x853.jpg 1280w, https:\/\/noticiasmercedinas.com\/site\/wp-content\/uploads\/2024\/05\/SJA_2302-681x454.jpg 681w\" sizes=\"auto, (max-width: 1319px) 100vw, 1319px\" \/><\/p>\n","protected":false},"excerpt":{"rendered":"<p>\u25a0 Este 25 de mayo y ante las autoridades, Jorge Eduardo Scheinig hizo un llamado a la unidad y la colaboraci\u00f3n entre todos los sectores de la sociedad para superar los desaf\u00edos presentes y futuros<\/p>\n","protected":false},"author":16,"featured_media":137025,"comment_status":"closed","ping_status":"closed","sticky":false,"template":"","format":"standard","meta":{"footnotes":""},"categories":[3],"tags":[1761,11318,18364],"class_list":["post-137023","post","type-post","status-publish","format-standard","has-post-thumbnail","hentry","category-sociedad","tag-25-de-mayo","tag-arzobispo-jorge-eduardo-scheinig","tag-tedeum"],"yoast_head":"<!-- This site is optimized with the Yoast SEO plugin v27.4 - https:\/\/yoast.com\/product\/yoast-seo-wordpress\/ -->\n<title>Intendente Ustarroz participa del Tedeum: arzobispo Scheinig llama a la &quot;m\u00edstica de la fraternidad&quot;<\/title>\n<meta name=\"robots\" content=\"index, follow, max-snippet:-1, max-image-preview:large, max-video-preview:-1\" \/>\n<link rel=\"canonical\" href=\"https:\/\/noticiasmercedinas.com\/site\/2024\/05\/25\/intendente-ustarroz-participa-del-tedeum-arzobispo-scheinig-llama-a-la-mistica-de-la-fraternidad\/\" \/>\n<meta property=\"og:locale\" content=\"es_ES\" \/>\n<meta property=\"og:type\" content=\"article\" \/>\n<meta property=\"og:title\" content=\"Intendente Ustarroz participa del Tedeum: arzobispo Scheinig llama a la &quot;m\u00edstica de la fraternidad&quot;\" \/>\n<meta property=\"og:description\" content=\"\u25a0 Este 25 de mayo y ante las autoridades, Jorge Eduardo Scheinig hizo un llamado a la unidad y la colaboraci\u00f3n entre todos los sectores de la sociedad para superar los desaf\u00edos presentes y futuros\" \/>\n<meta property=\"og:url\" content=\"https:\/\/noticiasmercedinas.com\/site\/2024\/05\/25\/intendente-ustarroz-participa-del-tedeum-arzobispo-scheinig-llama-a-la-mistica-de-la-fraternidad\/\" \/>\n<meta property=\"og:site_name\" content=\"NOTICIASMERCEDINAS.COM\" \/>\n<meta property=\"article:publisher\" content=\"https:\/\/www.facebook.com\/noticiasmercedinas\/\" \/>\n<meta property=\"article:published_time\" content=\"2024-05-25T18:42:17+00:00\" \/>\n<meta property=\"article:modified_time\" content=\"2024-05-25T18:44:39+00:00\" \/>\n<meta property=\"og:image\" content=\"https:\/\/noticiasmercedinas.com\/site\/wp-content\/uploads\/2024\/05\/SJA_2335.jpg\" \/>\n\t<meta property=\"og:image:width\" content=\"1319\" \/>\n\t<meta property=\"og:image:height\" content=\"879\" \/>\n\t<meta property=\"og:image:type\" content=\"image\/jpeg\" \/>\n<meta name=\"author\" content=\"NOTICIASMERCEDINAS.COM\" \/>\n<meta name=\"twitter:card\" content=\"summary_large_image\" \/>\n<meta name=\"twitter:creator\" content=\"@notmercedinas\" \/>\n<meta name=\"twitter:site\" content=\"@notmercedinas\" \/>\n<meta name=\"twitter:label1\" content=\"Escrito por\" \/>\n\t<meta name=\"twitter:data1\" content=\"NOTICIASMERCEDINAS.COM\" \/>\n\t<meta name=\"twitter:label2\" content=\"Tiempo de lectura\" \/>\n\t<meta name=\"twitter:data2\" content=\"3 minutos\" \/>\n<script type=\"application\/ld+json\" class=\"yoast-schema-graph\">{\"@context\":\"https:\\\/\\\/schema.org\",\"@graph\":[{\"@type\":\"Article\",\"@id\":\"https:\\\/\\\/noticiasmercedinas.com\\\/site\\\/2024\\\/05\\\/25\\\/intendente-ustarroz-participa-del-tedeum-arzobispo-scheinig-llama-a-la-mistica-de-la-fraternidad\\\/#article\",\"isPartOf\":{\"@id\":\"https:\\\/\\\/noticiasmercedinas.com\\\/site\\\/2024\\\/05\\\/25\\\/intendente-ustarroz-participa-del-tedeum-arzobispo-scheinig-llama-a-la-mistica-de-la-fraternidad\\\/\"},\"author\":{\"name\":\"NOTICIASMERCEDINAS.COM\",\"@id\":\"https:\\\/\\\/noticiasmercedinas.com\\\/site\\\/#\\\/schema\\\/person\\\/84b59c099c28ff2e8b77d4ceec5d8063\"},\"headline\":\"Intendente Ustarroz participa del Tedeum: arzobispo Scheinig llama a la \u00abm\u00edstica de la fraternidad\u00bb\",\"datePublished\":\"2024-05-25T18:42:17+00:00\",\"dateModified\":\"2024-05-25T18:44:39+00:00\",\"mainEntityOfPage\":{\"@id\":\"https:\\\/\\\/noticiasmercedinas.com\\\/site\\\/2024\\\/05\\\/25\\\/intendente-ustarroz-participa-del-tedeum-arzobispo-scheinig-llama-a-la-mistica-de-la-fraternidad\\\/\"},\"wordCount\":678,\"publisher\":{\"@id\":\"https:\\\/\\\/noticiasmercedinas.com\\\/site\\\/#organization\"},\"image\":{\"@id\":\"https:\\\/\\\/noticiasmercedinas.com\\\/site\\\/2024\\\/05\\\/25\\\/intendente-ustarroz-participa-del-tedeum-arzobispo-scheinig-llama-a-la-mistica-de-la-fraternidad\\\/#primaryimage\"},\"thumbnailUrl\":\"https:\\\/\\\/noticiasmercedinas.com\\\/site\\\/wp-content\\\/uploads\\\/2024\\\/05\\\/SJA_2335.jpg\",\"keywords\":[\"25 de mayo\",\"arzobispo Jorge Eduardo Scheinig\",\"tedeum\"],\"articleSection\":[\"Sociedad\"],\"inLanguage\":\"es\"},{\"@type\":\"WebPage\",\"@id\":\"https:\\\/\\\/noticiasmercedinas.com\\\/site\\\/2024\\\/05\\\/25\\\/intendente-ustarroz-participa-del-tedeum-arzobispo-scheinig-llama-a-la-mistica-de-la-fraternidad\\\/\",\"url\":\"https:\\\/\\\/noticiasmercedinas.com\\\/site\\\/2024\\\/05\\\/25\\\/intendente-ustarroz-participa-del-tedeum-arzobispo-scheinig-llama-a-la-mistica-de-la-fraternidad\\\/\",\"name\":\"Intendente Ustarroz participa del Tedeum: arzobispo Scheinig llama a la \\\"m\u00edstica de la fraternidad\\\"\",\"isPartOf\":{\"@id\":\"https:\\\/\\\/noticiasmercedinas.com\\\/site\\\/#website\"},\"primaryImageOfPage\":{\"@id\":\"https:\\\/\\\/noticiasmercedinas.com\\\/site\\\/2024\\\/05\\\/25\\\/intendente-ustarroz-participa-del-tedeum-arzobispo-scheinig-llama-a-la-mistica-de-la-fraternidad\\\/#primaryimage\"},\"image\":{\"@id\":\"https:\\\/\\\/noticiasmercedinas.com\\\/site\\\/2024\\\/05\\\/25\\\/intendente-ustarroz-participa-del-tedeum-arzobispo-scheinig-llama-a-la-mistica-de-la-fraternidad\\\/#primaryimage\"},\"thumbnailUrl\":\"https:\\\/\\\/noticiasmercedinas.com\\\/site\\\/wp-content\\\/uploads\\\/2024\\\/05\\\/SJA_2335.jpg\",\"datePublished\":\"2024-05-25T18:42:17+00:00\",\"dateModified\":\"2024-05-25T18:44:39+00:00\",\"breadcrumb\":{\"@id\":\"https:\\\/\\\/noticiasmercedinas.com\\\/site\\\/2024\\\/05\\\/25\\\/intendente-ustarroz-participa-del-tedeum-arzobispo-scheinig-llama-a-la-mistica-de-la-fraternidad\\\/#breadcrumb\"},\"inLanguage\":\"es\",\"potentialAction\":[{\"@type\":\"ReadAction\",\"target\":[\"https:\\\/\\\/noticiasmercedinas.com\\\/site\\\/2024\\\/05\\\/25\\\/intendente-ustarroz-participa-del-tedeum-arzobispo-scheinig-llama-a-la-mistica-de-la-fraternidad\\\/\"]}]},{\"@type\":\"ImageObject\",\"inLanguage\":\"es\",\"@id\":\"https:\\\/\\\/noticiasmercedinas.com\\\/site\\\/2024\\\/05\\\/25\\\/intendente-ustarroz-participa-del-tedeum-arzobispo-scheinig-llama-a-la-mistica-de-la-fraternidad\\\/#primaryimage\",\"url\":\"https:\\\/\\\/noticiasmercedinas.com\\\/site\\\/wp-content\\\/uploads\\\/2024\\\/05\\\/SJA_2335.jpg\",\"contentUrl\":\"https:\\\/\\\/noticiasmercedinas.com\\\/site\\\/wp-content\\\/uploads\\\/2024\\\/05\\\/SJA_2335.jpg\",\"width\":1319,\"height\":879},{\"@type\":\"BreadcrumbList\",\"@id\":\"https:\\\/\\\/noticiasmercedinas.com\\\/site\\\/2024\\\/05\\\/25\\\/intendente-ustarroz-participa-del-tedeum-arzobispo-scheinig-llama-a-la-mistica-de-la-fraternidad\\\/#breadcrumb\",\"itemListElement\":[{\"@type\":\"ListItem\",\"position\":1,\"name\":\"Portada\",\"item\":\"https:\\\/\\\/noticiasmercedinas.com\\\/site\\\/\"},{\"@type\":\"ListItem\",\"position\":2,\"name\":\"Intendente Ustarroz participa del Tedeum: arzobispo Scheinig llama a la \u00abm\u00edstica de la fraternidad\u00bb\"}]},{\"@type\":\"WebSite\",\"@id\":\"https:\\\/\\\/noticiasmercedinas.com\\\/site\\\/#website\",\"url\":\"https:\\\/\\\/noticiasmercedinas.com\\\/site\\\/\",\"name\":\"NOTICIASMERCEDINAS.COM\",\"description\":\"Mercedes, Buenos Aires, Argentina\",\"publisher\":{\"@id\":\"https:\\\/\\\/noticiasmercedinas.com\\\/site\\\/#organization\"},\"potentialAction\":[{\"@type\":\"SearchAction\",\"target\":{\"@type\":\"EntryPoint\",\"urlTemplate\":\"https:\\\/\\\/noticiasmercedinas.com\\\/site\\\/?s={search_term_string}\"},\"query-input\":{\"@type\":\"PropertyValueSpecification\",\"valueRequired\":true,\"valueName\":\"search_term_string\"}}],\"inLanguage\":\"es\"},{\"@type\":\"Organization\",\"@id\":\"https:\\\/\\\/noticiasmercedinas.com\\\/site\\\/#organization\",\"name\":\"NOTICIASMERCEDINAS.COM\",\"url\":\"https:\\\/\\\/noticiasmercedinas.com\\\/site\\\/\",\"logo\":{\"@type\":\"ImageObject\",\"inLanguage\":\"es\",\"@id\":\"https:\\\/\\\/noticiasmercedinas.com\\\/site\\\/#\\\/schema\\\/logo\\\/image\\\/\",\"url\":\"https:\\\/\\\/noticiasmercedinas.com\\\/site\\\/wp-content\\\/uploads\\\/2020\\\/06\\\/LOGO-512.jpg\",\"contentUrl\":\"https:\\\/\\\/noticiasmercedinas.com\\\/site\\\/wp-content\\\/uploads\\\/2020\\\/06\\\/LOGO-512.jpg\",\"width\":512,\"height\":512,\"caption\":\"NOTICIASMERCEDINAS.COM\"},\"image\":{\"@id\":\"https:\\\/\\\/noticiasmercedinas.com\\\/site\\\/#\\\/schema\\\/logo\\\/image\\\/\"},\"sameAs\":[\"https:\\\/\\\/www.facebook.com\\\/noticiasmercedinas\\\/\",\"https:\\\/\\\/x.com\\\/notmercedinas\",\"https:\\\/\\\/www.instagram.com\\\/noticiasmercedinas\\\/\"]},{\"@type\":\"Person\",\"@id\":\"https:\\\/\\\/noticiasmercedinas.com\\\/site\\\/#\\\/schema\\\/person\\\/84b59c099c28ff2e8b77d4ceec5d8063\",\"name\":\"NOTICIASMERCEDINAS.COM\",\"image\":{\"@type\":\"ImageObject\",\"inLanguage\":\"es\",\"@id\":\"https:\\\/\\\/secure.gravatar.com\\\/avatar\\\/4dfbf16b4d17945bfb6341b2d19043457132fcf478a5ee04f42e959fd8f5df0a?s=96&d=mm&r=g\",\"url\":\"https:\\\/\\\/secure.gravatar.com\\\/avatar\\\/4dfbf16b4d17945bfb6341b2d19043457132fcf478a5ee04f42e959fd8f5df0a?s=96&d=mm&r=g\",\"contentUrl\":\"https:\\\/\\\/secure.gravatar.com\\\/avatar\\\/4dfbf16b4d17945bfb6341b2d19043457132fcf478a5ee04f42e959fd8f5df0a?s=96&d=mm&r=g\",\"caption\":\"NOTICIASMERCEDINAS.COM\"},\"url\":\"https:\\\/\\\/noticiasmercedinas.com\\\/site\\\/author\\\/anonimo\\\/\"}]}<\/script>\n<!-- \/ Yoast SEO plugin. -->","yoast_head_json":{"title":"Intendente Ustarroz participa del Tedeum: arzobispo Scheinig llama a la \"m\u00edstica de la fraternidad\"","robots":{"index":"index","follow":"follow","max-snippet":"max-snippet:-1","max-image-preview":"max-image-preview:large","max-video-preview":"max-video-preview:-1"},"canonical":"https:\/\/noticiasmercedinas.com\/site\/2024\/05\/25\/intendente-ustarroz-participa-del-tedeum-arzobispo-scheinig-llama-a-la-mistica-de-la-fraternidad\/","og_locale":"es_ES","og_type":"article","og_title":"Intendente Ustarroz participa del Tedeum: arzobispo Scheinig llama a la \"m\u00edstica de la fraternidad\"","og_description":"\u25a0 Este 25 de mayo y ante las autoridades, Jorge Eduardo Scheinig hizo un llamado a la unidad y la colaboraci\u00f3n entre todos los sectores de la sociedad para superar los desaf\u00edos presentes y futuros","og_url":"https:\/\/noticiasmercedinas.com\/site\/2024\/05\/25\/intendente-ustarroz-participa-del-tedeum-arzobispo-scheinig-llama-a-la-mistica-de-la-fraternidad\/","og_site_name":"NOTICIASMERCEDINAS.COM","article_publisher":"https:\/\/www.facebook.com\/noticiasmercedinas\/","article_published_time":"2024-05-25T18:42:17+00:00","article_modified_time":"2024-05-25T18:44:39+00:00","og_image":[{"width":1319,"height":879,"url":"https:\/\/noticiasmercedinas.com\/site\/wp-content\/uploads\/2024\/05\/SJA_2335.jpg","type":"image\/jpeg"}],"author":"NOTICIASMERCEDINAS.COM","twitter_card":"summary_large_image","twitter_creator":"@notmercedinas","twitter_site":"@notmercedinas","twitter_misc":{"Escrito por":"NOTICIASMERCEDINAS.COM","Tiempo de lectura":"3 minutos"},"schema":{"@context":"https:\/\/schema.org","@graph":[{"@type":"Article","@id":"https:\/\/noticiasmercedinas.com\/site\/2024\/05\/25\/intendente-ustarroz-participa-del-tedeum-arzobispo-scheinig-llama-a-la-mistica-de-la-fraternidad\/#article","isPartOf":{"@id":"https:\/\/noticiasmercedinas.com\/site\/2024\/05\/25\/intendente-ustarroz-participa-del-tedeum-arzobispo-scheinig-llama-a-la-mistica-de-la-fraternidad\/"},"author":{"name":"NOTICIASMERCEDINAS.COM","@id":"https:\/\/noticiasmercedinas.com\/site\/#\/schema\/person\/84b59c099c28ff2e8b77d4ceec5d8063"},"headline":"Intendente Ustarroz participa del Tedeum: arzobispo Scheinig llama a la \u00abm\u00edstica de la fraternidad\u00bb","datePublished":"2024-05-25T18:42:17+00:00","dateModified":"2024-05-25T18:44:39+00:00","mainEntityOfPage":{"@id":"https:\/\/noticiasmercedinas.com\/site\/2024\/05\/25\/intendente-ustarroz-participa-del-tedeum-arzobispo-scheinig-llama-a-la-mistica-de-la-fraternidad\/"},"wordCount":678,"publisher":{"@id":"https:\/\/noticiasmercedinas.com\/site\/#organization"},"image":{"@id":"https:\/\/noticiasmercedinas.com\/site\/2024\/05\/25\/intendente-ustarroz-participa-del-tedeum-arzobispo-scheinig-llama-a-la-mistica-de-la-fraternidad\/#primaryimage"},"thumbnailUrl":"https:\/\/noticiasmercedinas.com\/site\/wp-content\/uploads\/2024\/05\/SJA_2335.jpg","keywords":["25 de mayo","arzobispo Jorge Eduardo Scheinig","tedeum"],"articleSection":["Sociedad"],"inLanguage":"es"},{"@type":"WebPage","@id":"https:\/\/noticiasmercedinas.com\/site\/2024\/05\/25\/intendente-ustarroz-participa-del-tedeum-arzobispo-scheinig-llama-a-la-mistica-de-la-fraternidad\/","url":"https:\/\/noticiasmercedinas.com\/site\/2024\/05\/25\/intendente-ustarroz-participa-del-tedeum-arzobispo-scheinig-llama-a-la-mistica-de-la-fraternidad\/","name":"Intendente Ustarroz participa del Tedeum: arzobispo Scheinig llama a la \"m\u00edstica de la fraternidad\"","isPartOf":{"@id":"https:\/\/noticiasmercedinas.com\/site\/#website"},"primaryImageOfPage":{"@id":"https:\/\/noticiasmercedinas.com\/site\/2024\/05\/25\/intendente-ustarroz-participa-del-tedeum-arzobispo-scheinig-llama-a-la-mistica-de-la-fraternidad\/#primaryimage"},"image":{"@id":"https:\/\/noticiasmercedinas.com\/site\/2024\/05\/25\/intendente-ustarroz-participa-del-tedeum-arzobispo-scheinig-llama-a-la-mistica-de-la-fraternidad\/#primaryimage"},"thumbnailUrl":"https:\/\/noticiasmercedinas.com\/site\/wp-content\/uploads\/2024\/05\/SJA_2335.jpg","datePublished":"2024-05-25T18:42:17+00:00","dateModified":"2024-05-25T18:44:39+00:00","breadcrumb":{"@id":"https:\/\/noticiasmercedinas.com\/site\/2024\/05\/25\/intendente-ustarroz-participa-del-tedeum-arzobispo-scheinig-llama-a-la-mistica-de-la-fraternidad\/#breadcrumb"},"inLanguage":"es","potentialAction":[{"@type":"ReadAction","target":["https:\/\/noticiasmercedinas.com\/site\/2024\/05\/25\/intendente-ustarroz-participa-del-tedeum-arzobispo-scheinig-llama-a-la-mistica-de-la-fraternidad\/"]}]},{"@type":"ImageObject","inLanguage":"es","@id":"https:\/\/noticiasmercedinas.com\/site\/2024\/05\/25\/intendente-ustarroz-participa-del-tedeum-arzobispo-scheinig-llama-a-la-mistica-de-la-fraternidad\/#primaryimage","url":"https:\/\/noticiasmercedinas.com\/site\/wp-content\/uploads\/2024\/05\/SJA_2335.jpg","contentUrl":"https:\/\/noticiasmercedinas.com\/site\/wp-content\/uploads\/2024\/05\/SJA_2335.jpg","width":1319,"height":879},{"@type":"BreadcrumbList","@id":"https:\/\/noticiasmercedinas.com\/site\/2024\/05\/25\/intendente-ustarroz-participa-del-tedeum-arzobispo-scheinig-llama-a-la-mistica-de-la-fraternidad\/#breadcrumb","itemListElement":[{"@type":"ListItem","position":1,"name":"Portada","item":"https:\/\/noticiasmercedinas.com\/site\/"},{"@type":"ListItem","position":2,"name":"Intendente Ustarroz participa del Tedeum: arzobispo Scheinig llama a la \u00abm\u00edstica de la fraternidad\u00bb"}]},{"@type":"WebSite","@id":"https:\/\/noticiasmercedinas.com\/site\/#website","url":"https:\/\/noticiasmercedinas.com\/site\/","name":"NOTICIASMERCEDINAS.COM","description":"Mercedes, Buenos Aires, Argentina","publisher":{"@id":"https:\/\/noticiasmercedinas.com\/site\/#organization"},"potentialAction":[{"@type":"SearchAction","target":{"@type":"EntryPoint","urlTemplate":"https:\/\/noticiasmercedinas.com\/site\/?s={search_term_string}"},"query-input":{"@type":"PropertyValueSpecification","valueRequired":true,"valueName":"search_term_string"}}],"inLanguage":"es"},{"@type":"Organization","@id":"https:\/\/noticiasmercedinas.com\/site\/#organization","name":"NOTICIASMERCEDINAS.COM","url":"https:\/\/noticiasmercedinas.com\/site\/","logo":{"@type":"ImageObject","inLanguage":"es","@id":"https:\/\/noticiasmercedinas.com\/site\/#\/schema\/logo\/image\/","url":"https:\/\/noticiasmercedinas.com\/site\/wp-content\/uploads\/2020\/06\/LOGO-512.jpg","contentUrl":"https:\/\/noticiasmercedinas.com\/site\/wp-content\/uploads\/2020\/06\/LOGO-512.jpg","width":512,"height":512,"caption":"NOTICIASMERCEDINAS.COM"},"image":{"@id":"https:\/\/noticiasmercedinas.com\/site\/#\/schema\/logo\/image\/"},"sameAs":["https:\/\/www.facebook.com\/noticiasmercedinas\/","https:\/\/x.com\/notmercedinas","https:\/\/www.instagram.com\/noticiasmercedinas\/"]},{"@type":"Person","@id":"https:\/\/noticiasmercedinas.com\/site\/#\/schema\/person\/84b59c099c28ff2e8b77d4ceec5d8063","name":"NOTICIASMERCEDINAS.COM","image":{"@type":"ImageObject","inLanguage":"es","@id":"https:\/\/secure.gravatar.com\/avatar\/4dfbf16b4d17945bfb6341b2d19043457132fcf478a5ee04f42e959fd8f5df0a?s=96&d=mm&r=g","url":"https:\/\/secure.gravatar.com\/avatar\/4dfbf16b4d17945bfb6341b2d19043457132fcf478a5ee04f42e959fd8f5df0a?s=96&d=mm&r=g","contentUrl":"https:\/\/secure.gravatar.com\/avatar\/4dfbf16b4d17945bfb6341b2d19043457132fcf478a5ee04f42e959fd8f5df0a?s=96&d=mm&r=g","caption":"NOTICIASMERCEDINAS.COM"},"url":"https:\/\/noticiasmercedinas.com\/site\/author\/anonimo\/"}]}},"amp_enabled":true,"_links":{"self":[{"href":"https:\/\/noticiasmercedinas.com\/site\/wp-json\/wp\/v2\/posts\/137023","targetHints":{"allow":["GET"]}}],"collection":[{"href":"https:\/\/noticiasmercedinas.com\/site\/wp-json\/wp\/v2\/posts"}],"about":[{"href":"https:\/\/noticiasmercedinas.com\/site\/wp-json\/wp\/v2\/types\/post"}],"author":[{"embeddable":true,"href":"https:\/\/noticiasmercedinas.com\/site\/wp-json\/wp\/v2\/users\/16"}],"replies":[{"embeddable":true,"href":"https:\/\/noticiasmercedinas.com\/site\/wp-json\/wp\/v2\/comments?post=137023"}],"version-history":[{"count":2,"href":"https:\/\/noticiasmercedinas.com\/site\/wp-json\/wp\/v2\/posts\/137023\/revisions"}],"predecessor-version":[{"id":137028,"href":"https:\/\/noticiasmercedinas.com\/site\/wp-json\/wp\/v2\/posts\/137023\/revisions\/137028"}],"wp:featuredmedia":[{"embeddable":true,"href":"https:\/\/noticiasmercedinas.com\/site\/wp-json\/wp\/v2\/media\/137025"}],"wp:attachment":[{"href":"https:\/\/noticiasmercedinas.com\/site\/wp-json\/wp\/v2\/media?parent=137023"}],"wp:term":[{"taxonomy":"category","embeddable":true,"href":"https:\/\/noticiasmercedinas.com\/site\/wp-json\/wp\/v2\/categories?post=137023"},{"taxonomy":"post_tag","embeddable":true,"href":"https:\/\/noticiasmercedinas.com\/site\/wp-json\/wp\/v2\/tags?post=137023"}],"curies":[{"name":"wp","href":"https:\/\/api.w.org\/{rel}","templated":true}]}}