{"id":137128,"date":"2024-05-26T22:36:33","date_gmt":"2024-05-27T01:36:33","guid":{"rendered":"https:\/\/noticiasmercedinas.com\/site\/?p=137128"},"modified":"2024-05-26T22:36:33","modified_gmt":"2024-05-27T01:36:33","slug":"club-mercedes-en-juventud-visita-a-lugano","status":"publish","type":"post","link":"https:\/\/noticiasmercedinas.com\/site\/2024\/05\/26\/club-mercedes-en-juventud-visita-a-lugano\/","title":{"rendered":"Club Mercedes en Juventud visita a Lugano"},"content":{"rendered":"<figure id=\"attachment_137129\" aria-describedby=\"caption-attachment-137129\" style=\"width: 640px\" class=\"wp-caption alignnone\"><img loading=\"lazy\" decoding=\"async\" class=\"wp-image-137129 size-full\" src=\"https:\/\/noticiasmercedinas.com\/site\/wp-content\/uploads\/2024\/05\/IMG_5875.jpg\" alt=\"\" width=\"640\" height=\"441\" srcset=\"https:\/\/noticiasmercedinas.com\/site\/wp-content\/uploads\/2024\/05\/IMG_5875.jpg 640w, https:\/\/noticiasmercedinas.com\/site\/wp-content\/uploads\/2024\/05\/IMG_5875-300x207.jpg 300w\" sizes=\"auto, (max-width: 640px) 100vw, 640px\" \/><figcaption id=\"caption-attachment-137129\" class=\"wp-caption-text\">Isa\u00edas Bai, uno de los convocados.<\/figcaption><\/figure>\n<p>La Primera C de la AFA se encuentra disputando la 19\u00b0 fecha, Alem el viernes le ganaba a El Porvenir 2-0, la actividad continu\u00f3 el s\u00e1bado y domingo para extenderse a lunes y martes. Justamente ma\u00f1ana, lunes 27, Club Mercedes ser\u00e1 visitante de Lugano en \u00a0cancha de Juventud Unida, en San Miguel, al tener el \u201cNaranja\u201d su campo con el resembrado de c\u00e9sped.<\/p>\n<p>Luego que se enfrentaran por al D esta vez ser\u00e1 el turno en la C, casi cerrando la tabla de posiciones con 12 puntos Lugano contra los 18 de Club Mercedes. De ganarle a Puerto Nuevo 1-0 viene el \u201cBlanquinegro\u201d y de imponerse tambi\u00e9n 1-0 como visitante a Mu\u00f1iz el equipo dirigido por el \u201cMorr\u00f3n\u201d Ben\u00edtez, que supo ser entrenador de Riestra.<\/p>\n<p>Para la ocasi\u00f3n el DT Oscar Mena a citado: \u00a0Mat\u00edas Caputo y Rodrigo Nicasio (arqueros), Franco Cruz, Mart\u00edn Zuccaro, Gonzalo Pulido, Rodrigo Torres, Juli\u00e1n Correa, Joaqu\u00edn Cejas (defensores), Nicol\u00e1s Contardi, Tom\u00e1s Chaparro, Emanuel Escuredo, Juan Culio, Ian Gerez, Pablo Almada e Isa\u00edas Bai (volantes), Lucas Rey, Santiago Auteri y Daniel Lucero (delanteros).<\/p>\n<p>El plantel almorzar\u00e1 en la sede de Avenida 29 y cale 20 para partir antes de las 13 horas rumbo al sitio del encuentro, tras este partido Mercedes ser\u00e1 local el s\u00e1bado 1 de junio en la cancha de la Liga Mercedina de F\u00fatbol ante Juventud Unida, otro cruce con uno de los equipos que est\u00e1 por debajo en la tabla. Ser\u00e1 desde la hora 15.30.<\/p>\n<p><strong>Resultados<br \/>\nClaypole 0.<br \/>\nGeneral Lamadrid 0.<\/strong><\/p>\n<p><strong>Puerto Nuevo 0.<br \/>\nCentral C\u00f3rdoba 2:<\/strong> Agust\u00edn Pr\u00edncipe.<\/p>\n<p><strong>Victoriano Arenas 0.<br \/>\nLuj\u00e1n 1:<\/strong> Eladio Ramos.<\/p>\n<p><strong>Argentino (Rosario) 2:<\/strong> Yamil Arriola y Juan Vega<br \/>\n<strong>Deportivo Paraguayo 1:<\/strong> Nicol\u00e1s Gonz\u00e1lez.<\/p>\n<p><strong>Atlas 1:<\/strong> Mat\u00edas Mart\u00ednez<br \/>\n<strong>Yupanqui 1:<\/strong> William Gim\u00e9nez<\/p>\n<p><strong>Juventud Unida 1:<\/strong> Nicol\u00e1s Slimmens de penal.<br \/>\n<strong>Deportivo Mu\u00f1iz 2:<\/strong> Diego Guex y Ponce de penal.<\/p>\n<p><strong>Central Ballester 0.<br \/>\nItuzaing\u00f3 3:<\/strong> Angel Luna y Alcides Miranda Moreira 2, uno de penal.<\/p>\n<p><img loading=\"lazy\" decoding=\"async\" class=\"alignnone size-full wp-image-137130\" src=\"https:\/\/noticiasmercedinas.com\/site\/wp-content\/uploads\/2024\/05\/Primera-C-9.jpg\" alt=\"\" width=\"640\" height=\"753\" srcset=\"https:\/\/noticiasmercedinas.com\/site\/wp-content\/uploads\/2024\/05\/Primera-C-9.jpg 640w, https:\/\/noticiasmercedinas.com\/site\/wp-content\/uploads\/2024\/05\/Primera-C-9-255x300.jpg 255w\" sizes=\"auto, (max-width: 640px) 100vw, 640px\" \/><br \/>\n<strong>Lunes 27<br \/>\n<\/strong>A las 15.30 Centro Espa\u00f1ol vs. Sportivo Barracas. (en Midland)<br \/>\nA las 15.30 Cambaceres vs. JJ Urquiza.<\/p>\n<p><strong>Cancha:<\/strong> Juventud Unida.<br \/>\nA las 15.30 Lugano vs. Club Mercedes.<br \/>\n<strong>\u00c1rbitro:<\/strong> Gabriel Flores.<br \/>\n<strong>Asistentes:<\/strong> Leandro Carril y Mariela Martino.<br \/>\n<strong>Cuarto \u00e1rbitro:<\/strong> Lucas Brumer.<\/p>\n<p><strong>Martes 28<br \/>\n<\/strong>A las 15.30 Deportivo Espa\u00f1ol vs. Berazategui.<\/p>\n<p><strong>Libre:<\/strong>\u00a0Real Pilar.<\/p>\n","protected":false},"excerpt":{"rendered":"<p>\u25a0 Este lunes 27 desde las 15.30 ser\u00e1 el partido de la 19\u00b0 fecha por la Primera C. Tras el almuerzo 18 jugadores citados por Oscar Mena viajar\u00e1n a San Miguel. El s\u00e1bado el \u201cBlanquinegro\u201d vuelve a jugar, ser\u00e1 como local. <\/p>\n","protected":false},"author":6,"featured_media":137129,"comment_status":"closed","ping_status":"closed","sticky":false,"template":"","format":"standard","meta":{"footnotes":""},"categories":[5],"tags":[6424,135,14664,6434],"class_list":["post-137128","post","type-post","status-publish","format-standard","has-post-thumbnail","hentry","category-deportes","tag-afa","tag-club-mercedes","tag-lugano","tag-primera-c"],"yoast_head":"<!-- This site is optimized with the Yoast SEO plugin v27.5 - https:\/\/yoast.com\/product\/yoast-seo-wordpress\/ -->\n<title>Club Mercedes en Juventud visita a Lugano<\/title>\n<meta name=\"robots\" content=\"index, follow, max-snippet:-1, max-image-preview:large, max-video-preview:-1\" \/>\n<link rel=\"canonical\" href=\"https:\/\/noticiasmercedinas.com\/site\/2024\/05\/26\/club-mercedes-en-juventud-visita-a-lugano\/\" \/>\n<meta property=\"og:locale\" content=\"es_ES\" \/>\n<meta property=\"og:type\" content=\"article\" \/>\n<meta property=\"og:title\" content=\"Club Mercedes en Juventud visita a Lugano\" \/>\n<meta property=\"og:description\" content=\"\u25a0 Este lunes 27 desde las 15.30 ser\u00e1 el partido de la 19\u00b0 fecha por la Primera C. Tras el almuerzo 18 jugadores citados por Oscar Mena viajar\u00e1n a San Miguel. El s\u00e1bado el \u201cBlanquinegro\u201d vuelve a jugar, ser\u00e1 como local.\" \/>\n<meta property=\"og:url\" content=\"https:\/\/noticiasmercedinas.com\/site\/2024\/05\/26\/club-mercedes-en-juventud-visita-a-lugano\/\" \/>\n<meta property=\"og:site_name\" content=\"NOTICIASMERCEDINAS.COM\" \/>\n<meta property=\"article:publisher\" content=\"https:\/\/www.facebook.com\/noticiasmercedinas\/\" \/>\n<meta property=\"article:published_time\" content=\"2024-05-27T01:36:33+00:00\" \/>\n<meta property=\"og:image\" content=\"https:\/\/noticiasmercedinas.com\/site\/wp-content\/uploads\/2024\/05\/IMG_5875.jpg\" \/>\n\t<meta property=\"og:image:width\" content=\"640\" \/>\n\t<meta property=\"og:image:height\" content=\"441\" \/>\n\t<meta property=\"og:image:type\" content=\"image\/jpeg\" \/>\n<meta name=\"author\" content=\"Juan Dagnino NOTICIASMERCEDINAS.COM\" \/>\n<meta name=\"twitter:card\" content=\"summary_large_image\" \/>\n<meta name=\"twitter:creator\" content=\"@notmercedinas\" \/>\n<meta name=\"twitter:site\" content=\"@notmercedinas\" \/>\n<meta name=\"twitter:label1\" content=\"Escrito por\" \/>\n\t<meta name=\"twitter:data1\" content=\"Juan Dagnino NOTICIASMERCEDINAS.COM\" \/>\n\t<meta name=\"twitter:label2\" content=\"Tiempo de lectura\" \/>\n\t<meta name=\"twitter:data2\" content=\"2 minutos\" \/>\n<script type=\"application\/ld+json\" class=\"yoast-schema-graph\">{\"@context\":\"https:\\\/\\\/schema.org\",\"@graph\":[{\"@type\":\"Article\",\"@id\":\"https:\\\/\\\/noticiasmercedinas.com\\\/site\\\/2024\\\/05\\\/26\\\/club-mercedes-en-juventud-visita-a-lugano\\\/#article\",\"isPartOf\":{\"@id\":\"https:\\\/\\\/noticiasmercedinas.com\\\/site\\\/2024\\\/05\\\/26\\\/club-mercedes-en-juventud-visita-a-lugano\\\/\"},\"author\":{\"name\":\"Juan Dagnino NOTICIASMERCEDINAS.COM\",\"@id\":\"https:\\\/\\\/noticiasmercedinas.com\\\/site\\\/#\\\/schema\\\/person\\\/8f2f09d666ef40986eba4a5e6f2a06f9\"},\"headline\":\"Club Mercedes en Juventud visita a Lugano\",\"datePublished\":\"2024-05-27T01:36:33+00:00\",\"mainEntityOfPage\":{\"@id\":\"https:\\\/\\\/noticiasmercedinas.com\\\/site\\\/2024\\\/05\\\/26\\\/club-mercedes-en-juventud-visita-a-lugano\\\/\"},\"wordCount\":391,\"publisher\":{\"@id\":\"https:\\\/\\\/noticiasmercedinas.com\\\/site\\\/#organization\"},\"image\":{\"@id\":\"https:\\\/\\\/noticiasmercedinas.com\\\/site\\\/2024\\\/05\\\/26\\\/club-mercedes-en-juventud-visita-a-lugano\\\/#primaryimage\"},\"thumbnailUrl\":\"https:\\\/\\\/noticiasmercedinas.com\\\/site\\\/wp-content\\\/uploads\\\/2024\\\/05\\\/IMG_5875.jpg\",\"keywords\":[\"AFA\",\"club mercedes\",\"Lugano\",\"Primera C\"],\"articleSection\":[\"Deportes\"],\"inLanguage\":\"es\"},{\"@type\":\"WebPage\",\"@id\":\"https:\\\/\\\/noticiasmercedinas.com\\\/site\\\/2024\\\/05\\\/26\\\/club-mercedes-en-juventud-visita-a-lugano\\\/\",\"url\":\"https:\\\/\\\/noticiasmercedinas.com\\\/site\\\/2024\\\/05\\\/26\\\/club-mercedes-en-juventud-visita-a-lugano\\\/\",\"name\":\"Club Mercedes en Juventud visita a Lugano\",\"isPartOf\":{\"@id\":\"https:\\\/\\\/noticiasmercedinas.com\\\/site\\\/#website\"},\"primaryImageOfPage\":{\"@id\":\"https:\\\/\\\/noticiasmercedinas.com\\\/site\\\/2024\\\/05\\\/26\\\/club-mercedes-en-juventud-visita-a-lugano\\\/#primaryimage\"},\"image\":{\"@id\":\"https:\\\/\\\/noticiasmercedinas.com\\\/site\\\/2024\\\/05\\\/26\\\/club-mercedes-en-juventud-visita-a-lugano\\\/#primaryimage\"},\"thumbnailUrl\":\"https:\\\/\\\/noticiasmercedinas.com\\\/site\\\/wp-content\\\/uploads\\\/2024\\\/05\\\/IMG_5875.jpg\",\"datePublished\":\"2024-05-27T01:36:33+00:00\",\"breadcrumb\":{\"@id\":\"https:\\\/\\\/noticiasmercedinas.com\\\/site\\\/2024\\\/05\\\/26\\\/club-mercedes-en-juventud-visita-a-lugano\\\/#breadcrumb\"},\"inLanguage\":\"es\",\"potentialAction\":[{\"@type\":\"ReadAction\",\"target\":[\"https:\\\/\\\/noticiasmercedinas.com\\\/site\\\/2024\\\/05\\\/26\\\/club-mercedes-en-juventud-visita-a-lugano\\\/\"]}]},{\"@type\":\"ImageObject\",\"inLanguage\":\"es\",\"@id\":\"https:\\\/\\\/noticiasmercedinas.com\\\/site\\\/2024\\\/05\\\/26\\\/club-mercedes-en-juventud-visita-a-lugano\\\/#primaryimage\",\"url\":\"https:\\\/\\\/noticiasmercedinas.com\\\/site\\\/wp-content\\\/uploads\\\/2024\\\/05\\\/IMG_5875.jpg\",\"contentUrl\":\"https:\\\/\\\/noticiasmercedinas.com\\\/site\\\/wp-content\\\/uploads\\\/2024\\\/05\\\/IMG_5875.jpg\",\"width\":640,\"height\":441},{\"@type\":\"BreadcrumbList\",\"@id\":\"https:\\\/\\\/noticiasmercedinas.com\\\/site\\\/2024\\\/05\\\/26\\\/club-mercedes-en-juventud-visita-a-lugano\\\/#breadcrumb\",\"itemListElement\":[{\"@type\":\"ListItem\",\"position\":1,\"name\":\"Portada\",\"item\":\"https:\\\/\\\/noticiasmercedinas.com\\\/site\\\/\"},{\"@type\":\"ListItem\",\"position\":2,\"name\":\"Club Mercedes en Juventud visita a Lugano\"}]},{\"@type\":\"WebSite\",\"@id\":\"https:\\\/\\\/noticiasmercedinas.com\\\/site\\\/#website\",\"url\":\"https:\\\/\\\/noticiasmercedinas.com\\\/site\\\/\",\"name\":\"NOTICIASMERCEDINAS.COM\",\"description\":\"Mercedes, Buenos Aires, Argentina\",\"publisher\":{\"@id\":\"https:\\\/\\\/noticiasmercedinas.com\\\/site\\\/#organization\"},\"potentialAction\":[{\"@type\":\"SearchAction\",\"target\":{\"@type\":\"EntryPoint\",\"urlTemplate\":\"https:\\\/\\\/noticiasmercedinas.com\\\/site\\\/?s={search_term_string}\"},\"query-input\":{\"@type\":\"PropertyValueSpecification\",\"valueRequired\":true,\"valueName\":\"search_term_string\"}}],\"inLanguage\":\"es\"},{\"@type\":\"Organization\",\"@id\":\"https:\\\/\\\/noticiasmercedinas.com\\\/site\\\/#organization\",\"name\":\"NOTICIASMERCEDINAS.COM\",\"url\":\"https:\\\/\\\/noticiasmercedinas.com\\\/site\\\/\",\"logo\":{\"@type\":\"ImageObject\",\"inLanguage\":\"es\",\"@id\":\"https:\\\/\\\/noticiasmercedinas.com\\\/site\\\/#\\\/schema\\\/logo\\\/image\\\/\",\"url\":\"https:\\\/\\\/noticiasmercedinas.com\\\/site\\\/wp-content\\\/uploads\\\/2020\\\/06\\\/LOGO-512.jpg\",\"contentUrl\":\"https:\\\/\\\/noticiasmercedinas.com\\\/site\\\/wp-content\\\/uploads\\\/2020\\\/06\\\/LOGO-512.jpg\",\"width\":512,\"height\":512,\"caption\":\"NOTICIASMERCEDINAS.COM\"},\"image\":{\"@id\":\"https:\\\/\\\/noticiasmercedinas.com\\\/site\\\/#\\\/schema\\\/logo\\\/image\\\/\"},\"sameAs\":[\"https:\\\/\\\/www.facebook.com\\\/noticiasmercedinas\\\/\",\"https:\\\/\\\/x.com\\\/notmercedinas\",\"https:\\\/\\\/www.instagram.com\\\/noticiasmercedinas\\\/\"]},{\"@type\":\"Person\",\"@id\":\"https:\\\/\\\/noticiasmercedinas.com\\\/site\\\/#\\\/schema\\\/person\\\/8f2f09d666ef40986eba4a5e6f2a06f9\",\"name\":\"Juan Dagnino NOTICIASMERCEDINAS.COM\",\"image\":{\"@type\":\"ImageObject\",\"inLanguage\":\"es\",\"@id\":\"https:\\\/\\\/secure.gravatar.com\\\/avatar\\\/fc7059a769f5a3cae65fadb228a3e4accf3a64b4b2305020d0a27e6d5333c91b?s=96&d=mm&r=g\",\"url\":\"https:\\\/\\\/secure.gravatar.com\\\/avatar\\\/fc7059a769f5a3cae65fadb228a3e4accf3a64b4b2305020d0a27e6d5333c91b?s=96&d=mm&r=g\",\"contentUrl\":\"https:\\\/\\\/secure.gravatar.com\\\/avatar\\\/fc7059a769f5a3cae65fadb228a3e4accf3a64b4b2305020d0a27e6d5333c91b?s=96&d=mm&r=g\",\"caption\":\"Juan Dagnino NOTICIASMERCEDINAS.COM\"},\"url\":\"https:\\\/\\\/noticiasmercedinas.com\\\/site\\\/author\\\/juandagnino\\\/\"}]}<\/script>\n<!-- \/ Yoast SEO plugin. -->","yoast_head_json":{"title":"Club Mercedes en Juventud visita a Lugano","robots":{"index":"index","follow":"follow","max-snippet":"max-snippet:-1","max-image-preview":"max-image-preview:large","max-video-preview":"max-video-preview:-1"},"canonical":"https:\/\/noticiasmercedinas.com\/site\/2024\/05\/26\/club-mercedes-en-juventud-visita-a-lugano\/","og_locale":"es_ES","og_type":"article","og_title":"Club Mercedes en Juventud visita a Lugano","og_description":"\u25a0 Este lunes 27 desde las 15.30 ser\u00e1 el partido de la 19\u00b0 fecha por la Primera C. Tras el almuerzo 18 jugadores citados por Oscar Mena viajar\u00e1n a San Miguel. El s\u00e1bado el \u201cBlanquinegro\u201d vuelve a jugar, ser\u00e1 como local.","og_url":"https:\/\/noticiasmercedinas.com\/site\/2024\/05\/26\/club-mercedes-en-juventud-visita-a-lugano\/","og_site_name":"NOTICIASMERCEDINAS.COM","article_publisher":"https:\/\/www.facebook.com\/noticiasmercedinas\/","article_published_time":"2024-05-27T01:36:33+00:00","og_image":[{"width":640,"height":441,"url":"https:\/\/noticiasmercedinas.com\/site\/wp-content\/uploads\/2024\/05\/IMG_5875.jpg","type":"image\/jpeg"}],"author":"Juan Dagnino NOTICIASMERCEDINAS.COM","twitter_card":"summary_large_image","twitter_creator":"@notmercedinas","twitter_site":"@notmercedinas","twitter_misc":{"Escrito por":"Juan Dagnino NOTICIASMERCEDINAS.COM","Tiempo de lectura":"2 minutos"},"schema":{"@context":"https:\/\/schema.org","@graph":[{"@type":"Article","@id":"https:\/\/noticiasmercedinas.com\/site\/2024\/05\/26\/club-mercedes-en-juventud-visita-a-lugano\/#article","isPartOf":{"@id":"https:\/\/noticiasmercedinas.com\/site\/2024\/05\/26\/club-mercedes-en-juventud-visita-a-lugano\/"},"author":{"name":"Juan Dagnino NOTICIASMERCEDINAS.COM","@id":"https:\/\/noticiasmercedinas.com\/site\/#\/schema\/person\/8f2f09d666ef40986eba4a5e6f2a06f9"},"headline":"Club Mercedes en Juventud visita a Lugano","datePublished":"2024-05-27T01:36:33+00:00","mainEntityOfPage":{"@id":"https:\/\/noticiasmercedinas.com\/site\/2024\/05\/26\/club-mercedes-en-juventud-visita-a-lugano\/"},"wordCount":391,"publisher":{"@id":"https:\/\/noticiasmercedinas.com\/site\/#organization"},"image":{"@id":"https:\/\/noticiasmercedinas.com\/site\/2024\/05\/26\/club-mercedes-en-juventud-visita-a-lugano\/#primaryimage"},"thumbnailUrl":"https:\/\/noticiasmercedinas.com\/site\/wp-content\/uploads\/2024\/05\/IMG_5875.jpg","keywords":["AFA","club mercedes","Lugano","Primera C"],"articleSection":["Deportes"],"inLanguage":"es"},{"@type":"WebPage","@id":"https:\/\/noticiasmercedinas.com\/site\/2024\/05\/26\/club-mercedes-en-juventud-visita-a-lugano\/","url":"https:\/\/noticiasmercedinas.com\/site\/2024\/05\/26\/club-mercedes-en-juventud-visita-a-lugano\/","name":"Club Mercedes en Juventud visita a Lugano","isPartOf":{"@id":"https:\/\/noticiasmercedinas.com\/site\/#website"},"primaryImageOfPage":{"@id":"https:\/\/noticiasmercedinas.com\/site\/2024\/05\/26\/club-mercedes-en-juventud-visita-a-lugano\/#primaryimage"},"image":{"@id":"https:\/\/noticiasmercedinas.com\/site\/2024\/05\/26\/club-mercedes-en-juventud-visita-a-lugano\/#primaryimage"},"thumbnailUrl":"https:\/\/noticiasmercedinas.com\/site\/wp-content\/uploads\/2024\/05\/IMG_5875.jpg","datePublished":"2024-05-27T01:36:33+00:00","breadcrumb":{"@id":"https:\/\/noticiasmercedinas.com\/site\/2024\/05\/26\/club-mercedes-en-juventud-visita-a-lugano\/#breadcrumb"},"inLanguage":"es","potentialAction":[{"@type":"ReadAction","target":["https:\/\/noticiasmercedinas.com\/site\/2024\/05\/26\/club-mercedes-en-juventud-visita-a-lugano\/"]}]},{"@type":"ImageObject","inLanguage":"es","@id":"https:\/\/noticiasmercedinas.com\/site\/2024\/05\/26\/club-mercedes-en-juventud-visita-a-lugano\/#primaryimage","url":"https:\/\/noticiasmercedinas.com\/site\/wp-content\/uploads\/2024\/05\/IMG_5875.jpg","contentUrl":"https:\/\/noticiasmercedinas.com\/site\/wp-content\/uploads\/2024\/05\/IMG_5875.jpg","width":640,"height":441},{"@type":"BreadcrumbList","@id":"https:\/\/noticiasmercedinas.com\/site\/2024\/05\/26\/club-mercedes-en-juventud-visita-a-lugano\/#breadcrumb","itemListElement":[{"@type":"ListItem","position":1,"name":"Portada","item":"https:\/\/noticiasmercedinas.com\/site\/"},{"@type":"ListItem","position":2,"name":"Club Mercedes en Juventud visita a Lugano"}]},{"@type":"WebSite","@id":"https:\/\/noticiasmercedinas.com\/site\/#website","url":"https:\/\/noticiasmercedinas.com\/site\/","name":"NOTICIASMERCEDINAS.COM","description":"Mercedes, Buenos Aires, Argentina","publisher":{"@id":"https:\/\/noticiasmercedinas.com\/site\/#organization"},"potentialAction":[{"@type":"SearchAction","target":{"@type":"EntryPoint","urlTemplate":"https:\/\/noticiasmercedinas.com\/site\/?s={search_term_string}"},"query-input":{"@type":"PropertyValueSpecification","valueRequired":true,"valueName":"search_term_string"}}],"inLanguage":"es"},{"@type":"Organization","@id":"https:\/\/noticiasmercedinas.com\/site\/#organization","name":"NOTICIASMERCEDINAS.COM","url":"https:\/\/noticiasmercedinas.com\/site\/","logo":{"@type":"ImageObject","inLanguage":"es","@id":"https:\/\/noticiasmercedinas.com\/site\/#\/schema\/logo\/image\/","url":"https:\/\/noticiasmercedinas.com\/site\/wp-content\/uploads\/2020\/06\/LOGO-512.jpg","contentUrl":"https:\/\/noticiasmercedinas.com\/site\/wp-content\/uploads\/2020\/06\/LOGO-512.jpg","width":512,"height":512,"caption":"NOTICIASMERCEDINAS.COM"},"image":{"@id":"https:\/\/noticiasmercedinas.com\/site\/#\/schema\/logo\/image\/"},"sameAs":["https:\/\/www.facebook.com\/noticiasmercedinas\/","https:\/\/x.com\/notmercedinas","https:\/\/www.instagram.com\/noticiasmercedinas\/"]},{"@type":"Person","@id":"https:\/\/noticiasmercedinas.com\/site\/#\/schema\/person\/8f2f09d666ef40986eba4a5e6f2a06f9","name":"Juan Dagnino NOTICIASMERCEDINAS.COM","image":{"@type":"ImageObject","inLanguage":"es","@id":"https:\/\/secure.gravatar.com\/avatar\/fc7059a769f5a3cae65fadb228a3e4accf3a64b4b2305020d0a27e6d5333c91b?s=96&d=mm&r=g","url":"https:\/\/secure.gravatar.com\/avatar\/fc7059a769f5a3cae65fadb228a3e4accf3a64b4b2305020d0a27e6d5333c91b?s=96&d=mm&r=g","contentUrl":"https:\/\/secure.gravatar.com\/avatar\/fc7059a769f5a3cae65fadb228a3e4accf3a64b4b2305020d0a27e6d5333c91b?s=96&d=mm&r=g","caption":"Juan Dagnino NOTICIASMERCEDINAS.COM"},"url":"https:\/\/noticiasmercedinas.com\/site\/author\/juandagnino\/"}]}},"amp_enabled":true,"_links":{"self":[{"href":"https:\/\/noticiasmercedinas.com\/site\/wp-json\/wp\/v2\/posts\/137128","targetHints":{"allow":["GET"]}}],"collection":[{"href":"https:\/\/noticiasmercedinas.com\/site\/wp-json\/wp\/v2\/posts"}],"about":[{"href":"https:\/\/noticiasmercedinas.com\/site\/wp-json\/wp\/v2\/types\/post"}],"author":[{"embeddable":true,"href":"https:\/\/noticiasmercedinas.com\/site\/wp-json\/wp\/v2\/users\/6"}],"replies":[{"embeddable":true,"href":"https:\/\/noticiasmercedinas.com\/site\/wp-json\/wp\/v2\/comments?post=137128"}],"version-history":[{"count":1,"href":"https:\/\/noticiasmercedinas.com\/site\/wp-json\/wp\/v2\/posts\/137128\/revisions"}],"predecessor-version":[{"id":137131,"href":"https:\/\/noticiasmercedinas.com\/site\/wp-json\/wp\/v2\/posts\/137128\/revisions\/137131"}],"wp:featuredmedia":[{"embeddable":true,"href":"https:\/\/noticiasmercedinas.com\/site\/wp-json\/wp\/v2\/media\/137129"}],"wp:attachment":[{"href":"https:\/\/noticiasmercedinas.com\/site\/wp-json\/wp\/v2\/media?parent=137128"}],"wp:term":[{"taxonomy":"category","embeddable":true,"href":"https:\/\/noticiasmercedinas.com\/site\/wp-json\/wp\/v2\/categories?post=137128"},{"taxonomy":"post_tag","embeddable":true,"href":"https:\/\/noticiasmercedinas.com\/site\/wp-json\/wp\/v2\/tags?post=137128"}],"curies":[{"name":"wp","href":"https:\/\/api.w.org\/{rel}","templated":true}]}}