{"id":137284,"date":"2024-05-28T20:26:45","date_gmt":"2024-05-28T23:26:45","guid":{"rendered":"https:\/\/noticiasmercedinas.com\/site\/?p=137284"},"modified":"2024-05-28T20:28:19","modified_gmt":"2024-05-28T23:28:19","slug":"dia-mundial-del-perro-sin-raza-una-llamada-a-la-adopcion-responsable","status":"publish","type":"post","link":"https:\/\/noticiasmercedinas.com\/site\/2024\/05\/28\/dia-mundial-del-perro-sin-raza-una-llamada-a-la-adopcion-responsable\/","title":{"rendered":"D\u00eda mundial del perro sin raza: una llamada a la adopci\u00f3n responsable"},"content":{"rendered":"<p><img loading=\"lazy\" decoding=\"async\" class=\"alignnone size-full wp-image-137285\" src=\"https:\/\/noticiasmercedinas.com\/site\/wp-content\/uploads\/2024\/05\/441506647_10229169639600269_6243196148231727166_n.jpg\" alt=\"\" width=\"1080\" height=\"1080\" srcset=\"https:\/\/noticiasmercedinas.com\/site\/wp-content\/uploads\/2024\/05\/441506647_10229169639600269_6243196148231727166_n.jpg 1080w, https:\/\/noticiasmercedinas.com\/site\/wp-content\/uploads\/2024\/05\/441506647_10229169639600269_6243196148231727166_n-300x300.jpg 300w, https:\/\/noticiasmercedinas.com\/site\/wp-content\/uploads\/2024\/05\/441506647_10229169639600269_6243196148231727166_n-1024x1024.jpg 1024w, https:\/\/noticiasmercedinas.com\/site\/wp-content\/uploads\/2024\/05\/441506647_10229169639600269_6243196148231727166_n-150x150.jpg 150w, https:\/\/noticiasmercedinas.com\/site\/wp-content\/uploads\/2024\/05\/441506647_10229169639600269_6243196148231727166_n-768x768.jpg 768w, https:\/\/noticiasmercedinas.com\/site\/wp-content\/uploads\/2024\/05\/441506647_10229169639600269_6243196148231727166_n-640x640.jpg 640w, https:\/\/noticiasmercedinas.com\/site\/wp-content\/uploads\/2024\/05\/441506647_10229169639600269_6243196148231727166_n-681x681.jpg 681w\" sizes=\"auto, (max-width: 1080px) 100vw, 1080px\" \/><\/p>\n<p>En el marco del D\u00eda Mundial del Perro Sin Raza, el veterinario <strong>Bernardo Zubeld\u00eda<\/strong> destac\u00f3 la importancia de esta jornada dedicada a los perros mestizos, aquellos que no tienen pedigr\u00ed pero poseen un amor incondicional para ofrecer.<\/p>\n<p>En su mensaje, Zubeldia subray\u00f3 que adoptar un perro es una oportunidad no solo de cambiar una vida, sino tambi\u00e9n de recibir lealtad y cari\u00f1o sin reservas. \u00abUn perro callejero tiene un car\u00e1cter \u00fanico y agradecido\u00bb, coment\u00f3. \u00abAl adoptar un perro, no solo le est\u00e1s dando una segunda oportunidad, sino que tambi\u00e9n est\u00e1s acogiendo a un animal con una capacidad incre\u00edble para adaptarse y mostrar gratitud\u00bb.<\/p>\n<p>El veterinario mercedino tambi\u00e9n destac\u00f3 las cualidades especiales de los perros mestizos. \u00abLos perros mestizos suelen ser muy leales y suelen formar un v\u00ednculo especial con quienes les brindan un hogar seguro y amoroso\u00bb, afirm\u00f3.<\/p>\n<p>Zubeldia aprovech\u00f3 la ocasi\u00f3n para hacer un llamado a la adopci\u00f3n responsable, recordando la campa\u00f1a #adoptanocompres, que promueve la adopci\u00f3n de animales en lugar de la compra. \u00abHoy conmemoramos el D\u00eda Mundial del Perro Sin Raza, una jornada dedicada a todos esos maravillosos perritos que no tienen pedigr\u00ed, pero s\u00ed much\u00edsimo amor para dar\u00bb, concluy\u00f3.<\/p>\n<p>La celebraci\u00f3n del D\u00eda Mundial del Perro Sin Raza es un recordatorio de la importancia de valorar a todos los animales, independientemente de su origen o apariencia. Adoptar un perro sin raza no solo cambia la vida del animal, sino tambi\u00e9n la de quienes deciden abrir su hogar y coraz\u00f3n a estos fieles compa\u00f1eros.<\/p>\n<p>Para m\u00e1s informaci\u00f3n sobre animales dom\u00e9sticos y su cuidado, los interesados pueden comunicarse al tel\u00e9fono de la veterinaria (<strong>2324582879<\/strong>) o a trav\u00e9s de las redes sociales:\u00a0<strong><a href=\"https:\/\/www.instagram.com\/drbernardozubeldia\/\">https:\/\/www.instagram.com\/drbernardozubeldia\/<\/a><\/strong><\/p>\n","protected":false},"excerpt":{"rendered":"<p>En el marco del D\u00eda Mundial del Perro Sin Raza, el veterinario Bernardo Zubeld\u00eda destac\u00f3 la importancia de esta jornada dedicada a los perros mestizos, aquellos que no tienen pedigr\u00ed pero poseen un amor incondicional para ofrecer. En su mensaje, Zubeldia subray\u00f3 que adoptar un perro es una oportunidad no solo de cambiar una vida, [&hellip;]<\/p>\n","protected":false},"author":16,"featured_media":137285,"comment_status":"closed","ping_status":"closed","sticky":false,"template":"","format":"standard","meta":{"footnotes":""},"categories":[8992],"tags":[3996,18289,3205,1200],"class_list":["post-137284","post","type-post","status-publish","format-standard","has-post-thumbnail","hentry","category-bienestar","tag-adopcion","tag-bernardo-zubeldia","tag-perros","tag-veterinaria"],"yoast_head":"<!-- This site is optimized with the Yoast SEO plugin v27.4 - https:\/\/yoast.com\/product\/yoast-seo-wordpress\/ -->\n<title>D\u00eda mundial del perro sin raza: una llamada a la adopci\u00f3n responsable<\/title>\n<meta name=\"robots\" content=\"index, follow, max-snippet:-1, max-image-preview:large, max-video-preview:-1\" \/>\n<link rel=\"canonical\" href=\"https:\/\/noticiasmercedinas.com\/site\/2024\/05\/28\/dia-mundial-del-perro-sin-raza-una-llamada-a-la-adopcion-responsable\/\" \/>\n<meta property=\"og:locale\" content=\"es_ES\" \/>\n<meta property=\"og:type\" content=\"article\" \/>\n<meta property=\"og:title\" content=\"D\u00eda mundial del perro sin raza: una llamada a la adopci\u00f3n responsable\" \/>\n<meta property=\"og:description\" content=\"En el marco del D\u00eda Mundial del Perro Sin Raza, el veterinario Bernardo Zubeld\u00eda destac\u00f3 la importancia de esta jornada dedicada a los perros mestizos, aquellos que no tienen pedigr\u00ed pero poseen un amor incondicional para ofrecer. En su mensaje, Zubeldia subray\u00f3 que adoptar un perro es una oportunidad no solo de cambiar una vida, [&hellip;]\" \/>\n<meta property=\"og:url\" content=\"https:\/\/noticiasmercedinas.com\/site\/2024\/05\/28\/dia-mundial-del-perro-sin-raza-una-llamada-a-la-adopcion-responsable\/\" \/>\n<meta property=\"og:site_name\" content=\"NOTICIASMERCEDINAS.COM\" \/>\n<meta property=\"article:publisher\" content=\"https:\/\/www.facebook.com\/noticiasmercedinas\/\" \/>\n<meta property=\"article:published_time\" content=\"2024-05-28T23:26:45+00:00\" \/>\n<meta property=\"article:modified_time\" content=\"2024-05-28T23:28:19+00:00\" \/>\n<meta property=\"og:image\" content=\"https:\/\/noticiasmercedinas.com\/site\/wp-content\/uploads\/2024\/05\/441506647_10229169639600269_6243196148231727166_n.jpg\" \/>\n\t<meta property=\"og:image:width\" content=\"1080\" \/>\n\t<meta property=\"og:image:height\" content=\"1080\" \/>\n\t<meta property=\"og:image:type\" content=\"image\/jpeg\" \/>\n<meta name=\"author\" content=\"NOTICIASMERCEDINAS.COM\" \/>\n<meta name=\"twitter:card\" content=\"summary_large_image\" \/>\n<meta name=\"twitter:creator\" content=\"@notmercedinas\" \/>\n<meta name=\"twitter:site\" content=\"@notmercedinas\" \/>\n<meta name=\"twitter:label1\" content=\"Escrito por\" \/>\n\t<meta name=\"twitter:data1\" content=\"NOTICIASMERCEDINAS.COM\" \/>\n\t<meta name=\"twitter:label2\" content=\"Tiempo de lectura\" \/>\n\t<meta name=\"twitter:data2\" content=\"2 minutos\" \/>\n<script type=\"application\/ld+json\" class=\"yoast-schema-graph\">{\"@context\":\"https:\\\/\\\/schema.org\",\"@graph\":[{\"@type\":\"Article\",\"@id\":\"https:\\\/\\\/noticiasmercedinas.com\\\/site\\\/2024\\\/05\\\/28\\\/dia-mundial-del-perro-sin-raza-una-llamada-a-la-adopcion-responsable\\\/#article\",\"isPartOf\":{\"@id\":\"https:\\\/\\\/noticiasmercedinas.com\\\/site\\\/2024\\\/05\\\/28\\\/dia-mundial-del-perro-sin-raza-una-llamada-a-la-adopcion-responsable\\\/\"},\"author\":{\"name\":\"NOTICIASMERCEDINAS.COM\",\"@id\":\"https:\\\/\\\/noticiasmercedinas.com\\\/site\\\/#\\\/schema\\\/person\\\/84b59c099c28ff2e8b77d4ceec5d8063\"},\"headline\":\"D\u00eda mundial del perro sin raza: una llamada a la adopci\u00f3n responsable\",\"datePublished\":\"2024-05-28T23:26:45+00:00\",\"dateModified\":\"2024-05-28T23:28:19+00:00\",\"mainEntityOfPage\":{\"@id\":\"https:\\\/\\\/noticiasmercedinas.com\\\/site\\\/2024\\\/05\\\/28\\\/dia-mundial-del-perro-sin-raza-una-llamada-a-la-adopcion-responsable\\\/\"},\"wordCount\":318,\"publisher\":{\"@id\":\"https:\\\/\\\/noticiasmercedinas.com\\\/site\\\/#organization\"},\"image\":{\"@id\":\"https:\\\/\\\/noticiasmercedinas.com\\\/site\\\/2024\\\/05\\\/28\\\/dia-mundial-del-perro-sin-raza-una-llamada-a-la-adopcion-responsable\\\/#primaryimage\"},\"thumbnailUrl\":\"https:\\\/\\\/noticiasmercedinas.com\\\/site\\\/wp-content\\\/uploads\\\/2024\\\/05\\\/441506647_10229169639600269_6243196148231727166_n.jpg\",\"keywords\":[\"adopcion\",\"bernardo zubeldia\",\"perros\",\"veterinaria\"],\"articleSection\":[\"Bienestar\"],\"inLanguage\":\"es\"},{\"@type\":\"WebPage\",\"@id\":\"https:\\\/\\\/noticiasmercedinas.com\\\/site\\\/2024\\\/05\\\/28\\\/dia-mundial-del-perro-sin-raza-una-llamada-a-la-adopcion-responsable\\\/\",\"url\":\"https:\\\/\\\/noticiasmercedinas.com\\\/site\\\/2024\\\/05\\\/28\\\/dia-mundial-del-perro-sin-raza-una-llamada-a-la-adopcion-responsable\\\/\",\"name\":\"D\u00eda mundial del perro sin raza: una llamada a la adopci\u00f3n responsable\",\"isPartOf\":{\"@id\":\"https:\\\/\\\/noticiasmercedinas.com\\\/site\\\/#website\"},\"primaryImageOfPage\":{\"@id\":\"https:\\\/\\\/noticiasmercedinas.com\\\/site\\\/2024\\\/05\\\/28\\\/dia-mundial-del-perro-sin-raza-una-llamada-a-la-adopcion-responsable\\\/#primaryimage\"},\"image\":{\"@id\":\"https:\\\/\\\/noticiasmercedinas.com\\\/site\\\/2024\\\/05\\\/28\\\/dia-mundial-del-perro-sin-raza-una-llamada-a-la-adopcion-responsable\\\/#primaryimage\"},\"thumbnailUrl\":\"https:\\\/\\\/noticiasmercedinas.com\\\/site\\\/wp-content\\\/uploads\\\/2024\\\/05\\\/441506647_10229169639600269_6243196148231727166_n.jpg\",\"datePublished\":\"2024-05-28T23:26:45+00:00\",\"dateModified\":\"2024-05-28T23:28:19+00:00\",\"breadcrumb\":{\"@id\":\"https:\\\/\\\/noticiasmercedinas.com\\\/site\\\/2024\\\/05\\\/28\\\/dia-mundial-del-perro-sin-raza-una-llamada-a-la-adopcion-responsable\\\/#breadcrumb\"},\"inLanguage\":\"es\",\"potentialAction\":[{\"@type\":\"ReadAction\",\"target\":[\"https:\\\/\\\/noticiasmercedinas.com\\\/site\\\/2024\\\/05\\\/28\\\/dia-mundial-del-perro-sin-raza-una-llamada-a-la-adopcion-responsable\\\/\"]}]},{\"@type\":\"ImageObject\",\"inLanguage\":\"es\",\"@id\":\"https:\\\/\\\/noticiasmercedinas.com\\\/site\\\/2024\\\/05\\\/28\\\/dia-mundial-del-perro-sin-raza-una-llamada-a-la-adopcion-responsable\\\/#primaryimage\",\"url\":\"https:\\\/\\\/noticiasmercedinas.com\\\/site\\\/wp-content\\\/uploads\\\/2024\\\/05\\\/441506647_10229169639600269_6243196148231727166_n.jpg\",\"contentUrl\":\"https:\\\/\\\/noticiasmercedinas.com\\\/site\\\/wp-content\\\/uploads\\\/2024\\\/05\\\/441506647_10229169639600269_6243196148231727166_n.jpg\",\"width\":1080,\"height\":1080},{\"@type\":\"BreadcrumbList\",\"@id\":\"https:\\\/\\\/noticiasmercedinas.com\\\/site\\\/2024\\\/05\\\/28\\\/dia-mundial-del-perro-sin-raza-una-llamada-a-la-adopcion-responsable\\\/#breadcrumb\",\"itemListElement\":[{\"@type\":\"ListItem\",\"position\":1,\"name\":\"Portada\",\"item\":\"https:\\\/\\\/noticiasmercedinas.com\\\/site\\\/\"},{\"@type\":\"ListItem\",\"position\":2,\"name\":\"D\u00eda mundial del perro sin raza: una llamada a la adopci\u00f3n responsable\"}]},{\"@type\":\"WebSite\",\"@id\":\"https:\\\/\\\/noticiasmercedinas.com\\\/site\\\/#website\",\"url\":\"https:\\\/\\\/noticiasmercedinas.com\\\/site\\\/\",\"name\":\"NOTICIASMERCEDINAS.COM\",\"description\":\"Mercedes, Buenos Aires, Argentina\",\"publisher\":{\"@id\":\"https:\\\/\\\/noticiasmercedinas.com\\\/site\\\/#organization\"},\"potentialAction\":[{\"@type\":\"SearchAction\",\"target\":{\"@type\":\"EntryPoint\",\"urlTemplate\":\"https:\\\/\\\/noticiasmercedinas.com\\\/site\\\/?s={search_term_string}\"},\"query-input\":{\"@type\":\"PropertyValueSpecification\",\"valueRequired\":true,\"valueName\":\"search_term_string\"}}],\"inLanguage\":\"es\"},{\"@type\":\"Organization\",\"@id\":\"https:\\\/\\\/noticiasmercedinas.com\\\/site\\\/#organization\",\"name\":\"NOTICIASMERCEDINAS.COM\",\"url\":\"https:\\\/\\\/noticiasmercedinas.com\\\/site\\\/\",\"logo\":{\"@type\":\"ImageObject\",\"inLanguage\":\"es\",\"@id\":\"https:\\\/\\\/noticiasmercedinas.com\\\/site\\\/#\\\/schema\\\/logo\\\/image\\\/\",\"url\":\"https:\\\/\\\/noticiasmercedinas.com\\\/site\\\/wp-content\\\/uploads\\\/2020\\\/06\\\/LOGO-512.jpg\",\"contentUrl\":\"https:\\\/\\\/noticiasmercedinas.com\\\/site\\\/wp-content\\\/uploads\\\/2020\\\/06\\\/LOGO-512.jpg\",\"width\":512,\"height\":512,\"caption\":\"NOTICIASMERCEDINAS.COM\"},\"image\":{\"@id\":\"https:\\\/\\\/noticiasmercedinas.com\\\/site\\\/#\\\/schema\\\/logo\\\/image\\\/\"},\"sameAs\":[\"https:\\\/\\\/www.facebook.com\\\/noticiasmercedinas\\\/\",\"https:\\\/\\\/x.com\\\/notmercedinas\",\"https:\\\/\\\/www.instagram.com\\\/noticiasmercedinas\\\/\"]},{\"@type\":\"Person\",\"@id\":\"https:\\\/\\\/noticiasmercedinas.com\\\/site\\\/#\\\/schema\\\/person\\\/84b59c099c28ff2e8b77d4ceec5d8063\",\"name\":\"NOTICIASMERCEDINAS.COM\",\"image\":{\"@type\":\"ImageObject\",\"inLanguage\":\"es\",\"@id\":\"https:\\\/\\\/secure.gravatar.com\\\/avatar\\\/4dfbf16b4d17945bfb6341b2d19043457132fcf478a5ee04f42e959fd8f5df0a?s=96&d=mm&r=g\",\"url\":\"https:\\\/\\\/secure.gravatar.com\\\/avatar\\\/4dfbf16b4d17945bfb6341b2d19043457132fcf478a5ee04f42e959fd8f5df0a?s=96&d=mm&r=g\",\"contentUrl\":\"https:\\\/\\\/secure.gravatar.com\\\/avatar\\\/4dfbf16b4d17945bfb6341b2d19043457132fcf478a5ee04f42e959fd8f5df0a?s=96&d=mm&r=g\",\"caption\":\"NOTICIASMERCEDINAS.COM\"},\"url\":\"https:\\\/\\\/noticiasmercedinas.com\\\/site\\\/author\\\/anonimo\\\/\"}]}<\/script>\n<!-- \/ Yoast SEO plugin. -->","yoast_head_json":{"title":"D\u00eda mundial del perro sin raza: una llamada a la adopci\u00f3n responsable","robots":{"index":"index","follow":"follow","max-snippet":"max-snippet:-1","max-image-preview":"max-image-preview:large","max-video-preview":"max-video-preview:-1"},"canonical":"https:\/\/noticiasmercedinas.com\/site\/2024\/05\/28\/dia-mundial-del-perro-sin-raza-una-llamada-a-la-adopcion-responsable\/","og_locale":"es_ES","og_type":"article","og_title":"D\u00eda mundial del perro sin raza: una llamada a la adopci\u00f3n responsable","og_description":"En el marco del D\u00eda Mundial del Perro Sin Raza, el veterinario Bernardo Zubeld\u00eda destac\u00f3 la importancia de esta jornada dedicada a los perros mestizos, aquellos que no tienen pedigr\u00ed pero poseen un amor incondicional para ofrecer. En su mensaje, Zubeldia subray\u00f3 que adoptar un perro es una oportunidad no solo de cambiar una vida, [&hellip;]","og_url":"https:\/\/noticiasmercedinas.com\/site\/2024\/05\/28\/dia-mundial-del-perro-sin-raza-una-llamada-a-la-adopcion-responsable\/","og_site_name":"NOTICIASMERCEDINAS.COM","article_publisher":"https:\/\/www.facebook.com\/noticiasmercedinas\/","article_published_time":"2024-05-28T23:26:45+00:00","article_modified_time":"2024-05-28T23:28:19+00:00","og_image":[{"width":1080,"height":1080,"url":"https:\/\/noticiasmercedinas.com\/site\/wp-content\/uploads\/2024\/05\/441506647_10229169639600269_6243196148231727166_n.jpg","type":"image\/jpeg"}],"author":"NOTICIASMERCEDINAS.COM","twitter_card":"summary_large_image","twitter_creator":"@notmercedinas","twitter_site":"@notmercedinas","twitter_misc":{"Escrito por":"NOTICIASMERCEDINAS.COM","Tiempo de lectura":"2 minutos"},"schema":{"@context":"https:\/\/schema.org","@graph":[{"@type":"Article","@id":"https:\/\/noticiasmercedinas.com\/site\/2024\/05\/28\/dia-mundial-del-perro-sin-raza-una-llamada-a-la-adopcion-responsable\/#article","isPartOf":{"@id":"https:\/\/noticiasmercedinas.com\/site\/2024\/05\/28\/dia-mundial-del-perro-sin-raza-una-llamada-a-la-adopcion-responsable\/"},"author":{"name":"NOTICIASMERCEDINAS.COM","@id":"https:\/\/noticiasmercedinas.com\/site\/#\/schema\/person\/84b59c099c28ff2e8b77d4ceec5d8063"},"headline":"D\u00eda mundial del perro sin raza: una llamada a la adopci\u00f3n responsable","datePublished":"2024-05-28T23:26:45+00:00","dateModified":"2024-05-28T23:28:19+00:00","mainEntityOfPage":{"@id":"https:\/\/noticiasmercedinas.com\/site\/2024\/05\/28\/dia-mundial-del-perro-sin-raza-una-llamada-a-la-adopcion-responsable\/"},"wordCount":318,"publisher":{"@id":"https:\/\/noticiasmercedinas.com\/site\/#organization"},"image":{"@id":"https:\/\/noticiasmercedinas.com\/site\/2024\/05\/28\/dia-mundial-del-perro-sin-raza-una-llamada-a-la-adopcion-responsable\/#primaryimage"},"thumbnailUrl":"https:\/\/noticiasmercedinas.com\/site\/wp-content\/uploads\/2024\/05\/441506647_10229169639600269_6243196148231727166_n.jpg","keywords":["adopcion","bernardo zubeldia","perros","veterinaria"],"articleSection":["Bienestar"],"inLanguage":"es"},{"@type":"WebPage","@id":"https:\/\/noticiasmercedinas.com\/site\/2024\/05\/28\/dia-mundial-del-perro-sin-raza-una-llamada-a-la-adopcion-responsable\/","url":"https:\/\/noticiasmercedinas.com\/site\/2024\/05\/28\/dia-mundial-del-perro-sin-raza-una-llamada-a-la-adopcion-responsable\/","name":"D\u00eda mundial del perro sin raza: una llamada a la adopci\u00f3n responsable","isPartOf":{"@id":"https:\/\/noticiasmercedinas.com\/site\/#website"},"primaryImageOfPage":{"@id":"https:\/\/noticiasmercedinas.com\/site\/2024\/05\/28\/dia-mundial-del-perro-sin-raza-una-llamada-a-la-adopcion-responsable\/#primaryimage"},"image":{"@id":"https:\/\/noticiasmercedinas.com\/site\/2024\/05\/28\/dia-mundial-del-perro-sin-raza-una-llamada-a-la-adopcion-responsable\/#primaryimage"},"thumbnailUrl":"https:\/\/noticiasmercedinas.com\/site\/wp-content\/uploads\/2024\/05\/441506647_10229169639600269_6243196148231727166_n.jpg","datePublished":"2024-05-28T23:26:45+00:00","dateModified":"2024-05-28T23:28:19+00:00","breadcrumb":{"@id":"https:\/\/noticiasmercedinas.com\/site\/2024\/05\/28\/dia-mundial-del-perro-sin-raza-una-llamada-a-la-adopcion-responsable\/#breadcrumb"},"inLanguage":"es","potentialAction":[{"@type":"ReadAction","target":["https:\/\/noticiasmercedinas.com\/site\/2024\/05\/28\/dia-mundial-del-perro-sin-raza-una-llamada-a-la-adopcion-responsable\/"]}]},{"@type":"ImageObject","inLanguage":"es","@id":"https:\/\/noticiasmercedinas.com\/site\/2024\/05\/28\/dia-mundial-del-perro-sin-raza-una-llamada-a-la-adopcion-responsable\/#primaryimage","url":"https:\/\/noticiasmercedinas.com\/site\/wp-content\/uploads\/2024\/05\/441506647_10229169639600269_6243196148231727166_n.jpg","contentUrl":"https:\/\/noticiasmercedinas.com\/site\/wp-content\/uploads\/2024\/05\/441506647_10229169639600269_6243196148231727166_n.jpg","width":1080,"height":1080},{"@type":"BreadcrumbList","@id":"https:\/\/noticiasmercedinas.com\/site\/2024\/05\/28\/dia-mundial-del-perro-sin-raza-una-llamada-a-la-adopcion-responsable\/#breadcrumb","itemListElement":[{"@type":"ListItem","position":1,"name":"Portada","item":"https:\/\/noticiasmercedinas.com\/site\/"},{"@type":"ListItem","position":2,"name":"D\u00eda mundial del perro sin raza: una llamada a la adopci\u00f3n responsable"}]},{"@type":"WebSite","@id":"https:\/\/noticiasmercedinas.com\/site\/#website","url":"https:\/\/noticiasmercedinas.com\/site\/","name":"NOTICIASMERCEDINAS.COM","description":"Mercedes, Buenos Aires, Argentina","publisher":{"@id":"https:\/\/noticiasmercedinas.com\/site\/#organization"},"potentialAction":[{"@type":"SearchAction","target":{"@type":"EntryPoint","urlTemplate":"https:\/\/noticiasmercedinas.com\/site\/?s={search_term_string}"},"query-input":{"@type":"PropertyValueSpecification","valueRequired":true,"valueName":"search_term_string"}}],"inLanguage":"es"},{"@type":"Organization","@id":"https:\/\/noticiasmercedinas.com\/site\/#organization","name":"NOTICIASMERCEDINAS.COM","url":"https:\/\/noticiasmercedinas.com\/site\/","logo":{"@type":"ImageObject","inLanguage":"es","@id":"https:\/\/noticiasmercedinas.com\/site\/#\/schema\/logo\/image\/","url":"https:\/\/noticiasmercedinas.com\/site\/wp-content\/uploads\/2020\/06\/LOGO-512.jpg","contentUrl":"https:\/\/noticiasmercedinas.com\/site\/wp-content\/uploads\/2020\/06\/LOGO-512.jpg","width":512,"height":512,"caption":"NOTICIASMERCEDINAS.COM"},"image":{"@id":"https:\/\/noticiasmercedinas.com\/site\/#\/schema\/logo\/image\/"},"sameAs":["https:\/\/www.facebook.com\/noticiasmercedinas\/","https:\/\/x.com\/notmercedinas","https:\/\/www.instagram.com\/noticiasmercedinas\/"]},{"@type":"Person","@id":"https:\/\/noticiasmercedinas.com\/site\/#\/schema\/person\/84b59c099c28ff2e8b77d4ceec5d8063","name":"NOTICIASMERCEDINAS.COM","image":{"@type":"ImageObject","inLanguage":"es","@id":"https:\/\/secure.gravatar.com\/avatar\/4dfbf16b4d17945bfb6341b2d19043457132fcf478a5ee04f42e959fd8f5df0a?s=96&d=mm&r=g","url":"https:\/\/secure.gravatar.com\/avatar\/4dfbf16b4d17945bfb6341b2d19043457132fcf478a5ee04f42e959fd8f5df0a?s=96&d=mm&r=g","contentUrl":"https:\/\/secure.gravatar.com\/avatar\/4dfbf16b4d17945bfb6341b2d19043457132fcf478a5ee04f42e959fd8f5df0a?s=96&d=mm&r=g","caption":"NOTICIASMERCEDINAS.COM"},"url":"https:\/\/noticiasmercedinas.com\/site\/author\/anonimo\/"}]}},"amp_enabled":true,"_links":{"self":[{"href":"https:\/\/noticiasmercedinas.com\/site\/wp-json\/wp\/v2\/posts\/137284","targetHints":{"allow":["GET"]}}],"collection":[{"href":"https:\/\/noticiasmercedinas.com\/site\/wp-json\/wp\/v2\/posts"}],"about":[{"href":"https:\/\/noticiasmercedinas.com\/site\/wp-json\/wp\/v2\/types\/post"}],"author":[{"embeddable":true,"href":"https:\/\/noticiasmercedinas.com\/site\/wp-json\/wp\/v2\/users\/16"}],"replies":[{"embeddable":true,"href":"https:\/\/noticiasmercedinas.com\/site\/wp-json\/wp\/v2\/comments?post=137284"}],"version-history":[{"count":3,"href":"https:\/\/noticiasmercedinas.com\/site\/wp-json\/wp\/v2\/posts\/137284\/revisions"}],"predecessor-version":[{"id":137288,"href":"https:\/\/noticiasmercedinas.com\/site\/wp-json\/wp\/v2\/posts\/137284\/revisions\/137288"}],"wp:featuredmedia":[{"embeddable":true,"href":"https:\/\/noticiasmercedinas.com\/site\/wp-json\/wp\/v2\/media\/137285"}],"wp:attachment":[{"href":"https:\/\/noticiasmercedinas.com\/site\/wp-json\/wp\/v2\/media?parent=137284"}],"wp:term":[{"taxonomy":"category","embeddable":true,"href":"https:\/\/noticiasmercedinas.com\/site\/wp-json\/wp\/v2\/categories?post=137284"},{"taxonomy":"post_tag","embeddable":true,"href":"https:\/\/noticiasmercedinas.com\/site\/wp-json\/wp\/v2\/tags?post=137284"}],"curies":[{"name":"wp","href":"https:\/\/api.w.org\/{rel}","templated":true}]}}