{"id":137296,"date":"2024-05-29T10:10:44","date_gmt":"2024-05-29T13:10:44","guid":{"rendered":"https:\/\/noticiasmercedinas.com\/site\/?p=137296"},"modified":"2024-05-29T10:10:44","modified_gmt":"2024-05-29T13:10:44","slug":"camilo-guinot-sera-parte-de-una-muestra-colectiva-de-videoarte-en-el-cck","status":"publish","type":"post","link":"https:\/\/noticiasmercedinas.com\/site\/2024\/05\/29\/camilo-guinot-sera-parte-de-una-muestra-colectiva-de-videoarte-en-el-cck\/","title":{"rendered":"Camilo Guinot ser\u00e1 parte de una muestra colectiva de videoarte en el CCK"},"content":{"rendered":"<p><img loading=\"lazy\" decoding=\"async\" class=\"alignnone size-full wp-image-137299\" src=\"https:\/\/noticiasmercedinas.com\/site\/wp-content\/uploads\/2024\/05\/441492258_10233377529518844_8911694292397217639_n.jpg\" alt=\"\" width=\"1080\" height=\"1080\" srcset=\"https:\/\/noticiasmercedinas.com\/site\/wp-content\/uploads\/2024\/05\/441492258_10233377529518844_8911694292397217639_n.jpg 1080w, https:\/\/noticiasmercedinas.com\/site\/wp-content\/uploads\/2024\/05\/441492258_10233377529518844_8911694292397217639_n-300x300.jpg 300w, https:\/\/noticiasmercedinas.com\/site\/wp-content\/uploads\/2024\/05\/441492258_10233377529518844_8911694292397217639_n-1024x1024.jpg 1024w, https:\/\/noticiasmercedinas.com\/site\/wp-content\/uploads\/2024\/05\/441492258_10233377529518844_8911694292397217639_n-150x150.jpg 150w, https:\/\/noticiasmercedinas.com\/site\/wp-content\/uploads\/2024\/05\/441492258_10233377529518844_8911694292397217639_n-768x768.jpg 768w, https:\/\/noticiasmercedinas.com\/site\/wp-content\/uploads\/2024\/05\/441492258_10233377529518844_8911694292397217639_n-640x640.jpg 640w, https:\/\/noticiasmercedinas.com\/site\/wp-content\/uploads\/2024\/05\/441492258_10233377529518844_8911694292397217639_n-681x681.jpg 681w\" sizes=\"auto, (max-width: 1080px) 100vw, 1080px\" \/><\/p>\n<p>El Centro Cultural Kirchner (CCK) ser\u00e1 escenario de una muestra colectiva de videoarte contempor\u00e1neo argentino, titulada \u00abEste es mi lugar\u00bb. La exposici\u00f3n contar\u00e1 con la participaci\u00f3n de reconocidos artistas, entre ellos el mercedino Camilo Guinot, quien presentar\u00e1 una obra realizada durante una residencia en la Base Esperanza, en la Ant\u00e1rtida Argentina.<\/p>\n<p>La inauguraci\u00f3n de la muestra se llevar\u00e1 a cabo el 31 de mayo a las 18:00 horas en el segundo piso del CCK, en las salas 203, 204, 205 y 206. El evento es curado por Rodrigo Alonso y re\u00fane a artistas como Fabiana Barreda, Marcela Bosch, Lucas Aguirre, Santiago Carlomagno, Jorge Castro, Soledad Dahbar, Federico Falco, Agust\u00edn Miguez, Maia Navas, Suyai Ota\u00f1o y Mal\u00e9n Ota\u00f1o, Pablo Radice, Joaquina Salgado, Florencia Ondona y Elena Radiciotti, Walter Tolaba, Patricia Viel y Guido Yannitto.<\/p>\n<p><img loading=\"lazy\" decoding=\"async\" class=\"alignnone size-full wp-image-137297\" src=\"https:\/\/noticiasmercedinas.com\/site\/wp-content\/uploads\/2024\/05\/441504547_10233377529558845_4239934049935296270_n.jpg\" alt=\"\" width=\"1080\" height=\"1080\" srcset=\"https:\/\/noticiasmercedinas.com\/site\/wp-content\/uploads\/2024\/05\/441504547_10233377529558845_4239934049935296270_n.jpg 1080w, https:\/\/noticiasmercedinas.com\/site\/wp-content\/uploads\/2024\/05\/441504547_10233377529558845_4239934049935296270_n-300x300.jpg 300w, https:\/\/noticiasmercedinas.com\/site\/wp-content\/uploads\/2024\/05\/441504547_10233377529558845_4239934049935296270_n-1024x1024.jpg 1024w, https:\/\/noticiasmercedinas.com\/site\/wp-content\/uploads\/2024\/05\/441504547_10233377529558845_4239934049935296270_n-150x150.jpg 150w, https:\/\/noticiasmercedinas.com\/site\/wp-content\/uploads\/2024\/05\/441504547_10233377529558845_4239934049935296270_n-768x768.jpg 768w, https:\/\/noticiasmercedinas.com\/site\/wp-content\/uploads\/2024\/05\/441504547_10233377529558845_4239934049935296270_n-640x640.jpg 640w, https:\/\/noticiasmercedinas.com\/site\/wp-content\/uploads\/2024\/05\/441504547_10233377529558845_4239934049935296270_n-681x681.jpg 681w\" sizes=\"auto, (max-width: 1080px) 100vw, 1080px\" \/><\/p>\n<p>Camilo Guinot exhibir\u00e1 su video \u00abCivilizaci\u00f3n y paisaje #4\u00bb, una obra de 2 minutos y 57 segundos de duraci\u00f3n, realizada en 2013 y editada en 2014. Esta pieza explora el v\u00ednculo entre la producci\u00f3n humana y la naturaleza en un entorno donde la presencia de la civilizaci\u00f3n es m\u00ednima. El video, descrito por Guinot como una intervenci\u00f3n in situ y una pieza de land art que respeta y no altera el paisaje, transforma la percepci\u00f3n del espectador sin modificar el objeto observado.<\/p>\n<p>Guinot explica que su obra aborda el territorio de la Ant\u00e1rtida como si fuese peque\u00f1o, ocultando para mostrar y simplificando mientras complejiza el paisaje, resultando en lo que \u00e9l describe como una \u00abpintura en video\u00bb. Este proyecto cont\u00f3 con el apoyo del Fondo Nacional de las Artes y de la Direcci\u00f3n Nacional del Ant\u00e1rtico.<\/p>\n<p>La muestra \u00abEste es mi lugar\u00bb promete ser una experiencia visual y conceptual \u00fanica, destacando el talento y la creatividad de los videoartistas argentinos contempor\u00e1neos. La entrada es libre y gratuita.<\/p>\n<p><strong>Centro Cultural Kirchner (CCK)<\/strong><br \/>\n<strong>Sarmiento 151, Segundo Piso, Salas 203, 204, 205 y 206<\/strong><br \/>\n<strong>Inauguraci\u00f3n: 31 de mayo, 18:00 horas<\/strong><\/p>\n<p><img loading=\"lazy\" decoding=\"async\" class=\"alignnone size-full wp-image-137298\" src=\"https:\/\/noticiasmercedinas.com\/site\/wp-content\/uploads\/2024\/05\/441519218_10233377529598846_2392006559330281221_n.jpg\" alt=\"\" width=\"1080\" height=\"1080\" srcset=\"https:\/\/noticiasmercedinas.com\/site\/wp-content\/uploads\/2024\/05\/441519218_10233377529598846_2392006559330281221_n.jpg 1080w, https:\/\/noticiasmercedinas.com\/site\/wp-content\/uploads\/2024\/05\/441519218_10233377529598846_2392006559330281221_n-300x300.jpg 300w, https:\/\/noticiasmercedinas.com\/site\/wp-content\/uploads\/2024\/05\/441519218_10233377529598846_2392006559330281221_n-1024x1024.jpg 1024w, https:\/\/noticiasmercedinas.com\/site\/wp-content\/uploads\/2024\/05\/441519218_10233377529598846_2392006559330281221_n-150x150.jpg 150w, https:\/\/noticiasmercedinas.com\/site\/wp-content\/uploads\/2024\/05\/441519218_10233377529598846_2392006559330281221_n-768x768.jpg 768w, https:\/\/noticiasmercedinas.com\/site\/wp-content\/uploads\/2024\/05\/441519218_10233377529598846_2392006559330281221_n-640x640.jpg 640w, https:\/\/noticiasmercedinas.com\/site\/wp-content\/uploads\/2024\/05\/441519218_10233377529598846_2392006559330281221_n-681x681.jpg 681w\" sizes=\"auto, (max-width: 1080px) 100vw, 1080px\" \/><\/p>\n<p>&nbsp;<\/p>\n","protected":false},"excerpt":{"rendered":"<p>\u25a0 \u00abEste es mi lugar\u00bb es una exposici\u00f3n contar\u00e1 con la participaci\u00f3n del mercedino, quien presentar\u00e1 una obra realizada durante una residencia en la Base Esperanza, en la Ant\u00e1rtida Argentina.<\/p>\n","protected":false},"author":16,"featured_media":137299,"comment_status":"closed","ping_status":"closed","sticky":false,"template":"","format":"standard","meta":{"footnotes":""},"categories":[4],"tags":[18377,18378,4053,7036,18376],"class_list":["post-137296","post","type-post","status-publish","format-standard","has-post-thumbnail","hentry","category-cultura","tag-antartida","tag-base-esperanza","tag-camilo-guinot","tag-cck","tag-video-arte"],"yoast_head":"<!-- This site is optimized with the Yoast SEO plugin v27.5 - https:\/\/yoast.com\/product\/yoast-seo-wordpress\/ -->\n<title>Camilo Guinot ser\u00e1 parte de una muestra colectiva de videoarte en el CCK<\/title>\n<meta name=\"robots\" content=\"index, follow, max-snippet:-1, max-image-preview:large, max-video-preview:-1\" \/>\n<link rel=\"canonical\" href=\"https:\/\/noticiasmercedinas.com\/site\/2024\/05\/29\/camilo-guinot-sera-parte-de-una-muestra-colectiva-de-videoarte-en-el-cck\/\" \/>\n<meta property=\"og:locale\" content=\"es_ES\" \/>\n<meta property=\"og:type\" content=\"article\" \/>\n<meta property=\"og:title\" content=\"Camilo Guinot ser\u00e1 parte de una muestra colectiva de videoarte en el CCK\" \/>\n<meta property=\"og:description\" content=\"\u25a0 &quot;Este es mi lugar&quot; es una exposici\u00f3n contar\u00e1 con la participaci\u00f3n del mercedino, quien presentar\u00e1 una obra realizada durante una residencia en la Base Esperanza, en la Ant\u00e1rtida Argentina.\" \/>\n<meta property=\"og:url\" content=\"https:\/\/noticiasmercedinas.com\/site\/2024\/05\/29\/camilo-guinot-sera-parte-de-una-muestra-colectiva-de-videoarte-en-el-cck\/\" \/>\n<meta property=\"og:site_name\" content=\"NOTICIASMERCEDINAS.COM\" \/>\n<meta property=\"article:publisher\" content=\"https:\/\/www.facebook.com\/noticiasmercedinas\/\" \/>\n<meta property=\"article:published_time\" content=\"2024-05-29T13:10:44+00:00\" \/>\n<meta property=\"og:image\" content=\"https:\/\/noticiasmercedinas.com\/site\/wp-content\/uploads\/2024\/05\/441492258_10233377529518844_8911694292397217639_n.jpg\" \/>\n\t<meta property=\"og:image:width\" content=\"1080\" \/>\n\t<meta property=\"og:image:height\" content=\"1080\" \/>\n\t<meta property=\"og:image:type\" content=\"image\/jpeg\" \/>\n<meta name=\"author\" content=\"NOTICIASMERCEDINAS.COM\" \/>\n<meta name=\"twitter:card\" content=\"summary_large_image\" \/>\n<meta name=\"twitter:creator\" content=\"@notmercedinas\" \/>\n<meta name=\"twitter:site\" content=\"@notmercedinas\" \/>\n<meta name=\"twitter:label1\" content=\"Escrito por\" \/>\n\t<meta name=\"twitter:data1\" content=\"NOTICIASMERCEDINAS.COM\" \/>\n\t<meta name=\"twitter:label2\" content=\"Tiempo de lectura\" \/>\n\t<meta name=\"twitter:data2\" content=\"2 minutos\" \/>\n<script type=\"application\/ld+json\" class=\"yoast-schema-graph\">{\"@context\":\"https:\\\/\\\/schema.org\",\"@graph\":[{\"@type\":\"Article\",\"@id\":\"https:\\\/\\\/noticiasmercedinas.com\\\/site\\\/2024\\\/05\\\/29\\\/camilo-guinot-sera-parte-de-una-muestra-colectiva-de-videoarte-en-el-cck\\\/#article\",\"isPartOf\":{\"@id\":\"https:\\\/\\\/noticiasmercedinas.com\\\/site\\\/2024\\\/05\\\/29\\\/camilo-guinot-sera-parte-de-una-muestra-colectiva-de-videoarte-en-el-cck\\\/\"},\"author\":{\"name\":\"NOTICIASMERCEDINAS.COM\",\"@id\":\"https:\\\/\\\/noticiasmercedinas.com\\\/site\\\/#\\\/schema\\\/person\\\/84b59c099c28ff2e8b77d4ceec5d8063\"},\"headline\":\"Camilo Guinot ser\u00e1 parte de una muestra colectiva de videoarte en el CCK\",\"datePublished\":\"2024-05-29T13:10:44+00:00\",\"mainEntityOfPage\":{\"@id\":\"https:\\\/\\\/noticiasmercedinas.com\\\/site\\\/2024\\\/05\\\/29\\\/camilo-guinot-sera-parte-de-una-muestra-colectiva-de-videoarte-en-el-cck\\\/\"},\"wordCount\":340,\"publisher\":{\"@id\":\"https:\\\/\\\/noticiasmercedinas.com\\\/site\\\/#organization\"},\"image\":{\"@id\":\"https:\\\/\\\/noticiasmercedinas.com\\\/site\\\/2024\\\/05\\\/29\\\/camilo-guinot-sera-parte-de-una-muestra-colectiva-de-videoarte-en-el-cck\\\/#primaryimage\"},\"thumbnailUrl\":\"https:\\\/\\\/noticiasmercedinas.com\\\/site\\\/wp-content\\\/uploads\\\/2024\\\/05\\\/441492258_10233377529518844_8911694292397217639_n.jpg\",\"keywords\":[\"antartida\",\"base esperanza\",\"camilo guinot\",\"cck\",\"video arte\"],\"articleSection\":[\"Cultura\"],\"inLanguage\":\"es\"},{\"@type\":\"WebPage\",\"@id\":\"https:\\\/\\\/noticiasmercedinas.com\\\/site\\\/2024\\\/05\\\/29\\\/camilo-guinot-sera-parte-de-una-muestra-colectiva-de-videoarte-en-el-cck\\\/\",\"url\":\"https:\\\/\\\/noticiasmercedinas.com\\\/site\\\/2024\\\/05\\\/29\\\/camilo-guinot-sera-parte-de-una-muestra-colectiva-de-videoarte-en-el-cck\\\/\",\"name\":\"Camilo Guinot ser\u00e1 parte de una muestra colectiva de videoarte en el CCK\",\"isPartOf\":{\"@id\":\"https:\\\/\\\/noticiasmercedinas.com\\\/site\\\/#website\"},\"primaryImageOfPage\":{\"@id\":\"https:\\\/\\\/noticiasmercedinas.com\\\/site\\\/2024\\\/05\\\/29\\\/camilo-guinot-sera-parte-de-una-muestra-colectiva-de-videoarte-en-el-cck\\\/#primaryimage\"},\"image\":{\"@id\":\"https:\\\/\\\/noticiasmercedinas.com\\\/site\\\/2024\\\/05\\\/29\\\/camilo-guinot-sera-parte-de-una-muestra-colectiva-de-videoarte-en-el-cck\\\/#primaryimage\"},\"thumbnailUrl\":\"https:\\\/\\\/noticiasmercedinas.com\\\/site\\\/wp-content\\\/uploads\\\/2024\\\/05\\\/441492258_10233377529518844_8911694292397217639_n.jpg\",\"datePublished\":\"2024-05-29T13:10:44+00:00\",\"breadcrumb\":{\"@id\":\"https:\\\/\\\/noticiasmercedinas.com\\\/site\\\/2024\\\/05\\\/29\\\/camilo-guinot-sera-parte-de-una-muestra-colectiva-de-videoarte-en-el-cck\\\/#breadcrumb\"},\"inLanguage\":\"es\",\"potentialAction\":[{\"@type\":\"ReadAction\",\"target\":[\"https:\\\/\\\/noticiasmercedinas.com\\\/site\\\/2024\\\/05\\\/29\\\/camilo-guinot-sera-parte-de-una-muestra-colectiva-de-videoarte-en-el-cck\\\/\"]}]},{\"@type\":\"ImageObject\",\"inLanguage\":\"es\",\"@id\":\"https:\\\/\\\/noticiasmercedinas.com\\\/site\\\/2024\\\/05\\\/29\\\/camilo-guinot-sera-parte-de-una-muestra-colectiva-de-videoarte-en-el-cck\\\/#primaryimage\",\"url\":\"https:\\\/\\\/noticiasmercedinas.com\\\/site\\\/wp-content\\\/uploads\\\/2024\\\/05\\\/441492258_10233377529518844_8911694292397217639_n.jpg\",\"contentUrl\":\"https:\\\/\\\/noticiasmercedinas.com\\\/site\\\/wp-content\\\/uploads\\\/2024\\\/05\\\/441492258_10233377529518844_8911694292397217639_n.jpg\",\"width\":1080,\"height\":1080},{\"@type\":\"BreadcrumbList\",\"@id\":\"https:\\\/\\\/noticiasmercedinas.com\\\/site\\\/2024\\\/05\\\/29\\\/camilo-guinot-sera-parte-de-una-muestra-colectiva-de-videoarte-en-el-cck\\\/#breadcrumb\",\"itemListElement\":[{\"@type\":\"ListItem\",\"position\":1,\"name\":\"Portada\",\"item\":\"https:\\\/\\\/noticiasmercedinas.com\\\/site\\\/\"},{\"@type\":\"ListItem\",\"position\":2,\"name\":\"Camilo Guinot ser\u00e1 parte de una muestra colectiva de videoarte en el CCK\"}]},{\"@type\":\"WebSite\",\"@id\":\"https:\\\/\\\/noticiasmercedinas.com\\\/site\\\/#website\",\"url\":\"https:\\\/\\\/noticiasmercedinas.com\\\/site\\\/\",\"name\":\"NOTICIASMERCEDINAS.COM\",\"description\":\"Mercedes, Buenos Aires, Argentina\",\"publisher\":{\"@id\":\"https:\\\/\\\/noticiasmercedinas.com\\\/site\\\/#organization\"},\"potentialAction\":[{\"@type\":\"SearchAction\",\"target\":{\"@type\":\"EntryPoint\",\"urlTemplate\":\"https:\\\/\\\/noticiasmercedinas.com\\\/site\\\/?s={search_term_string}\"},\"query-input\":{\"@type\":\"PropertyValueSpecification\",\"valueRequired\":true,\"valueName\":\"search_term_string\"}}],\"inLanguage\":\"es\"},{\"@type\":\"Organization\",\"@id\":\"https:\\\/\\\/noticiasmercedinas.com\\\/site\\\/#organization\",\"name\":\"NOTICIASMERCEDINAS.COM\",\"url\":\"https:\\\/\\\/noticiasmercedinas.com\\\/site\\\/\",\"logo\":{\"@type\":\"ImageObject\",\"inLanguage\":\"es\",\"@id\":\"https:\\\/\\\/noticiasmercedinas.com\\\/site\\\/#\\\/schema\\\/logo\\\/image\\\/\",\"url\":\"https:\\\/\\\/noticiasmercedinas.com\\\/site\\\/wp-content\\\/uploads\\\/2020\\\/06\\\/LOGO-512.jpg\",\"contentUrl\":\"https:\\\/\\\/noticiasmercedinas.com\\\/site\\\/wp-content\\\/uploads\\\/2020\\\/06\\\/LOGO-512.jpg\",\"width\":512,\"height\":512,\"caption\":\"NOTICIASMERCEDINAS.COM\"},\"image\":{\"@id\":\"https:\\\/\\\/noticiasmercedinas.com\\\/site\\\/#\\\/schema\\\/logo\\\/image\\\/\"},\"sameAs\":[\"https:\\\/\\\/www.facebook.com\\\/noticiasmercedinas\\\/\",\"https:\\\/\\\/x.com\\\/notmercedinas\",\"https:\\\/\\\/www.instagram.com\\\/noticiasmercedinas\\\/\"]},{\"@type\":\"Person\",\"@id\":\"https:\\\/\\\/noticiasmercedinas.com\\\/site\\\/#\\\/schema\\\/person\\\/84b59c099c28ff2e8b77d4ceec5d8063\",\"name\":\"NOTICIASMERCEDINAS.COM\",\"image\":{\"@type\":\"ImageObject\",\"inLanguage\":\"es\",\"@id\":\"https:\\\/\\\/secure.gravatar.com\\\/avatar\\\/4dfbf16b4d17945bfb6341b2d19043457132fcf478a5ee04f42e959fd8f5df0a?s=96&d=mm&r=g\",\"url\":\"https:\\\/\\\/secure.gravatar.com\\\/avatar\\\/4dfbf16b4d17945bfb6341b2d19043457132fcf478a5ee04f42e959fd8f5df0a?s=96&d=mm&r=g\",\"contentUrl\":\"https:\\\/\\\/secure.gravatar.com\\\/avatar\\\/4dfbf16b4d17945bfb6341b2d19043457132fcf478a5ee04f42e959fd8f5df0a?s=96&d=mm&r=g\",\"caption\":\"NOTICIASMERCEDINAS.COM\"},\"url\":\"https:\\\/\\\/noticiasmercedinas.com\\\/site\\\/author\\\/anonimo\\\/\"}]}<\/script>\n<!-- \/ Yoast SEO plugin. -->","yoast_head_json":{"title":"Camilo Guinot ser\u00e1 parte de una muestra colectiva de videoarte en el CCK","robots":{"index":"index","follow":"follow","max-snippet":"max-snippet:-1","max-image-preview":"max-image-preview:large","max-video-preview":"max-video-preview:-1"},"canonical":"https:\/\/noticiasmercedinas.com\/site\/2024\/05\/29\/camilo-guinot-sera-parte-de-una-muestra-colectiva-de-videoarte-en-el-cck\/","og_locale":"es_ES","og_type":"article","og_title":"Camilo Guinot ser\u00e1 parte de una muestra colectiva de videoarte en el CCK","og_description":"\u25a0 \"Este es mi lugar\" es una exposici\u00f3n contar\u00e1 con la participaci\u00f3n del mercedino, quien presentar\u00e1 una obra realizada durante una residencia en la Base Esperanza, en la Ant\u00e1rtida Argentina.","og_url":"https:\/\/noticiasmercedinas.com\/site\/2024\/05\/29\/camilo-guinot-sera-parte-de-una-muestra-colectiva-de-videoarte-en-el-cck\/","og_site_name":"NOTICIASMERCEDINAS.COM","article_publisher":"https:\/\/www.facebook.com\/noticiasmercedinas\/","article_published_time":"2024-05-29T13:10:44+00:00","og_image":[{"width":1080,"height":1080,"url":"https:\/\/noticiasmercedinas.com\/site\/wp-content\/uploads\/2024\/05\/441492258_10233377529518844_8911694292397217639_n.jpg","type":"image\/jpeg"}],"author":"NOTICIASMERCEDINAS.COM","twitter_card":"summary_large_image","twitter_creator":"@notmercedinas","twitter_site":"@notmercedinas","twitter_misc":{"Escrito por":"NOTICIASMERCEDINAS.COM","Tiempo de lectura":"2 minutos"},"schema":{"@context":"https:\/\/schema.org","@graph":[{"@type":"Article","@id":"https:\/\/noticiasmercedinas.com\/site\/2024\/05\/29\/camilo-guinot-sera-parte-de-una-muestra-colectiva-de-videoarte-en-el-cck\/#article","isPartOf":{"@id":"https:\/\/noticiasmercedinas.com\/site\/2024\/05\/29\/camilo-guinot-sera-parte-de-una-muestra-colectiva-de-videoarte-en-el-cck\/"},"author":{"name":"NOTICIASMERCEDINAS.COM","@id":"https:\/\/noticiasmercedinas.com\/site\/#\/schema\/person\/84b59c099c28ff2e8b77d4ceec5d8063"},"headline":"Camilo Guinot ser\u00e1 parte de una muestra colectiva de videoarte en el CCK","datePublished":"2024-05-29T13:10:44+00:00","mainEntityOfPage":{"@id":"https:\/\/noticiasmercedinas.com\/site\/2024\/05\/29\/camilo-guinot-sera-parte-de-una-muestra-colectiva-de-videoarte-en-el-cck\/"},"wordCount":340,"publisher":{"@id":"https:\/\/noticiasmercedinas.com\/site\/#organization"},"image":{"@id":"https:\/\/noticiasmercedinas.com\/site\/2024\/05\/29\/camilo-guinot-sera-parte-de-una-muestra-colectiva-de-videoarte-en-el-cck\/#primaryimage"},"thumbnailUrl":"https:\/\/noticiasmercedinas.com\/site\/wp-content\/uploads\/2024\/05\/441492258_10233377529518844_8911694292397217639_n.jpg","keywords":["antartida","base esperanza","camilo guinot","cck","video arte"],"articleSection":["Cultura"],"inLanguage":"es"},{"@type":"WebPage","@id":"https:\/\/noticiasmercedinas.com\/site\/2024\/05\/29\/camilo-guinot-sera-parte-de-una-muestra-colectiva-de-videoarte-en-el-cck\/","url":"https:\/\/noticiasmercedinas.com\/site\/2024\/05\/29\/camilo-guinot-sera-parte-de-una-muestra-colectiva-de-videoarte-en-el-cck\/","name":"Camilo Guinot ser\u00e1 parte de una muestra colectiva de videoarte en el CCK","isPartOf":{"@id":"https:\/\/noticiasmercedinas.com\/site\/#website"},"primaryImageOfPage":{"@id":"https:\/\/noticiasmercedinas.com\/site\/2024\/05\/29\/camilo-guinot-sera-parte-de-una-muestra-colectiva-de-videoarte-en-el-cck\/#primaryimage"},"image":{"@id":"https:\/\/noticiasmercedinas.com\/site\/2024\/05\/29\/camilo-guinot-sera-parte-de-una-muestra-colectiva-de-videoarte-en-el-cck\/#primaryimage"},"thumbnailUrl":"https:\/\/noticiasmercedinas.com\/site\/wp-content\/uploads\/2024\/05\/441492258_10233377529518844_8911694292397217639_n.jpg","datePublished":"2024-05-29T13:10:44+00:00","breadcrumb":{"@id":"https:\/\/noticiasmercedinas.com\/site\/2024\/05\/29\/camilo-guinot-sera-parte-de-una-muestra-colectiva-de-videoarte-en-el-cck\/#breadcrumb"},"inLanguage":"es","potentialAction":[{"@type":"ReadAction","target":["https:\/\/noticiasmercedinas.com\/site\/2024\/05\/29\/camilo-guinot-sera-parte-de-una-muestra-colectiva-de-videoarte-en-el-cck\/"]}]},{"@type":"ImageObject","inLanguage":"es","@id":"https:\/\/noticiasmercedinas.com\/site\/2024\/05\/29\/camilo-guinot-sera-parte-de-una-muestra-colectiva-de-videoarte-en-el-cck\/#primaryimage","url":"https:\/\/noticiasmercedinas.com\/site\/wp-content\/uploads\/2024\/05\/441492258_10233377529518844_8911694292397217639_n.jpg","contentUrl":"https:\/\/noticiasmercedinas.com\/site\/wp-content\/uploads\/2024\/05\/441492258_10233377529518844_8911694292397217639_n.jpg","width":1080,"height":1080},{"@type":"BreadcrumbList","@id":"https:\/\/noticiasmercedinas.com\/site\/2024\/05\/29\/camilo-guinot-sera-parte-de-una-muestra-colectiva-de-videoarte-en-el-cck\/#breadcrumb","itemListElement":[{"@type":"ListItem","position":1,"name":"Portada","item":"https:\/\/noticiasmercedinas.com\/site\/"},{"@type":"ListItem","position":2,"name":"Camilo Guinot ser\u00e1 parte de una muestra colectiva de videoarte en el CCK"}]},{"@type":"WebSite","@id":"https:\/\/noticiasmercedinas.com\/site\/#website","url":"https:\/\/noticiasmercedinas.com\/site\/","name":"NOTICIASMERCEDINAS.COM","description":"Mercedes, Buenos Aires, Argentina","publisher":{"@id":"https:\/\/noticiasmercedinas.com\/site\/#organization"},"potentialAction":[{"@type":"SearchAction","target":{"@type":"EntryPoint","urlTemplate":"https:\/\/noticiasmercedinas.com\/site\/?s={search_term_string}"},"query-input":{"@type":"PropertyValueSpecification","valueRequired":true,"valueName":"search_term_string"}}],"inLanguage":"es"},{"@type":"Organization","@id":"https:\/\/noticiasmercedinas.com\/site\/#organization","name":"NOTICIASMERCEDINAS.COM","url":"https:\/\/noticiasmercedinas.com\/site\/","logo":{"@type":"ImageObject","inLanguage":"es","@id":"https:\/\/noticiasmercedinas.com\/site\/#\/schema\/logo\/image\/","url":"https:\/\/noticiasmercedinas.com\/site\/wp-content\/uploads\/2020\/06\/LOGO-512.jpg","contentUrl":"https:\/\/noticiasmercedinas.com\/site\/wp-content\/uploads\/2020\/06\/LOGO-512.jpg","width":512,"height":512,"caption":"NOTICIASMERCEDINAS.COM"},"image":{"@id":"https:\/\/noticiasmercedinas.com\/site\/#\/schema\/logo\/image\/"},"sameAs":["https:\/\/www.facebook.com\/noticiasmercedinas\/","https:\/\/x.com\/notmercedinas","https:\/\/www.instagram.com\/noticiasmercedinas\/"]},{"@type":"Person","@id":"https:\/\/noticiasmercedinas.com\/site\/#\/schema\/person\/84b59c099c28ff2e8b77d4ceec5d8063","name":"NOTICIASMERCEDINAS.COM","image":{"@type":"ImageObject","inLanguage":"es","@id":"https:\/\/secure.gravatar.com\/avatar\/4dfbf16b4d17945bfb6341b2d19043457132fcf478a5ee04f42e959fd8f5df0a?s=96&d=mm&r=g","url":"https:\/\/secure.gravatar.com\/avatar\/4dfbf16b4d17945bfb6341b2d19043457132fcf478a5ee04f42e959fd8f5df0a?s=96&d=mm&r=g","contentUrl":"https:\/\/secure.gravatar.com\/avatar\/4dfbf16b4d17945bfb6341b2d19043457132fcf478a5ee04f42e959fd8f5df0a?s=96&d=mm&r=g","caption":"NOTICIASMERCEDINAS.COM"},"url":"https:\/\/noticiasmercedinas.com\/site\/author\/anonimo\/"}]}},"amp_enabled":true,"_links":{"self":[{"href":"https:\/\/noticiasmercedinas.com\/site\/wp-json\/wp\/v2\/posts\/137296","targetHints":{"allow":["GET"]}}],"collection":[{"href":"https:\/\/noticiasmercedinas.com\/site\/wp-json\/wp\/v2\/posts"}],"about":[{"href":"https:\/\/noticiasmercedinas.com\/site\/wp-json\/wp\/v2\/types\/post"}],"author":[{"embeddable":true,"href":"https:\/\/noticiasmercedinas.com\/site\/wp-json\/wp\/v2\/users\/16"}],"replies":[{"embeddable":true,"href":"https:\/\/noticiasmercedinas.com\/site\/wp-json\/wp\/v2\/comments?post=137296"}],"version-history":[{"count":1,"href":"https:\/\/noticiasmercedinas.com\/site\/wp-json\/wp\/v2\/posts\/137296\/revisions"}],"predecessor-version":[{"id":137300,"href":"https:\/\/noticiasmercedinas.com\/site\/wp-json\/wp\/v2\/posts\/137296\/revisions\/137300"}],"wp:featuredmedia":[{"embeddable":true,"href":"https:\/\/noticiasmercedinas.com\/site\/wp-json\/wp\/v2\/media\/137299"}],"wp:attachment":[{"href":"https:\/\/noticiasmercedinas.com\/site\/wp-json\/wp\/v2\/media?parent=137296"}],"wp:term":[{"taxonomy":"category","embeddable":true,"href":"https:\/\/noticiasmercedinas.com\/site\/wp-json\/wp\/v2\/categories?post=137296"},{"taxonomy":"post_tag","embeddable":true,"href":"https:\/\/noticiasmercedinas.com\/site\/wp-json\/wp\/v2\/tags?post=137296"}],"curies":[{"name":"wp","href":"https:\/\/api.w.org\/{rel}","templated":true}]}}