{"id":137320,"date":"2024-05-29T18:05:34","date_gmt":"2024-05-29T21:05:34","guid":{"rendered":"https:\/\/noticiasmercedinas.com\/site\/?p=137320"},"modified":"2024-06-01T00:17:14","modified_gmt":"2024-06-01T03:17:14","slug":"con-objeciones-opositoras-aprueban-rendicion-de-cuentas-del-ejercicio-2023","status":"publish","type":"post","link":"https:\/\/noticiasmercedinas.com\/site\/2024\/05\/29\/con-objeciones-opositoras-aprueban-rendicion-de-cuentas-del-ejercicio-2023\/","title":{"rendered":"Con objeciones opositoras, aprueban Rendici\u00f3n de Cuentas del Ejercicio 2023"},"content":{"rendered":"<figure id=\"attachment_137321\" aria-describedby=\"caption-attachment-137321\" style=\"width: 983px\" class=\"wp-caption alignnone\"><img loading=\"lazy\" decoding=\"async\" class=\"wp-image-137321 size-full\" src=\"https:\/\/noticiasmercedinas.com\/site\/wp-content\/uploads\/2024\/05\/CABRAL.jpg\" alt=\"\" width=\"983\" height=\"574\" srcset=\"https:\/\/noticiasmercedinas.com\/site\/wp-content\/uploads\/2024\/05\/CABRAL.jpg 983w, https:\/\/noticiasmercedinas.com\/site\/wp-content\/uploads\/2024\/05\/CABRAL-300x175.jpg 300w, https:\/\/noticiasmercedinas.com\/site\/wp-content\/uploads\/2024\/05\/CABRAL-768x448.jpg 768w, https:\/\/noticiasmercedinas.com\/site\/wp-content\/uploads\/2024\/05\/CABRAL-640x374.jpg 640w, https:\/\/noticiasmercedinas.com\/site\/wp-content\/uploads\/2024\/05\/CABRAL-681x398.jpg 681w\" sizes=\"auto, (max-width: 983px) 100vw, 983px\" \/><figcaption id=\"caption-attachment-137321\" class=\"wp-caption-text\">Evangelina Cabral, concejala de Juntos por el Cambio, argument\u00f3 el rechazo<\/figcaption><\/figure>\n<p>Con empate en n\u00fameros pero por el voto del bloque de Uni\u00f3n por la Patria y el doble voto de la presidencia, fue aprobada esta tarde la Rendici\u00f3n de Cuentas del Ejercicio 2023, en el Concejo Deliberante de Mercedes. Esto cont\u00f3 con la oposici\u00f3n de los bloques de Juntos por el Cambio y La Libertad Avanza.<\/p>\n<p>\u201cNuestro rechazo es por el destino y el modo de asignar los recursos\u201d, coment\u00f3 la concejala <strong>Silvia Di Leo<\/strong>, en medio del debate desde su banca, a la hora de explicar el rechazo a las cuentas del Departamento Ejecutivo por parte de su bloque, esta tarde en la continuaci\u00f3n de la sesi\u00f3n ordinaria del Concejo Deliberante que se hab\u00eda iniciado el pasado lunes y no pudo concluir por incidentes.<\/p>\n<p>De esta manera, desde La Libertad Avanza no acompa\u00f1aron a Rendici\u00f3n de Cuentas del Ejercicio 2023 elevada por el Ejecutivo, como tampoco lo hicieron desde el bloque Juntos por el Cambio.<\/p>\n<p>\u201cDebemos decir por d\u00f3nde empezar para impugnar las cuentas\u201d, aclar\u00f3 <strong>Evangelina Cabral<\/strong> y en sus palabras cuestion\u00f3 entre otros puntos \u201cla impresi\u00f3n de billetes del Gobierno Nacional\u201d y los \u201cmillones que llegaron a Mercedes\u201d. Adem\u00e1s en este panorama defini\u00f3 a los funcionarios como \u201cgerentes de la pobreza\u201d y objet\u00f3 las obras inconclusas, la no aprobaci\u00f3n del paquete de medidas al actual presidente <strong>Javier Milei<\/strong> y el ajuste de tasas municipales del 200 por ciento.<\/p>\n<p>\u201cEn Mercedes se culpa de todo a este presidente mientras el gobernador anda de gira regalando ambulancias y patrulleros provinciales, y en Mercedes seguimos esperando por ejemplo la conclusi\u00f3n de las casas del barrio Favaloro, con fondos provenientes de ese gobierno\u201d, agreg\u00f3 Cabral y objet\u00f3 problemas que se arrastran desde hace a\u00f1os en Mercedes, cuestionando que ya no funciona en esta ciudad el CBC y que hubo gastos no realizados, as\u00ed como una constituci\u00f3n de plazos fijos, y prioridades en gastos con las que no concuerda desde su bloque.<\/p>\n<p>Por otro lado, tambi\u00e9n destac\u00f3 los gastos para el tratamiento de residuos domiciliarios y su disposici\u00f3n en relaci\u00f3n al dinero recibido, sin encontrar soluciones al problema. \u201cNos preguntamos si esto es prioridad\u201d, dijo Cabral y record\u00f3 visitas de funcionarios al predio de La Florida que est\u00e1 en medio de una demanda judicial. \u201cLos mercedinos seguimos esperando una soluci\u00f3n definitiva a este problema que compromete a generaciones futuras\u201d, indic\u00f3. Tambi\u00e9n objet\u00f3 gastos en la pista de skate (el doble de la partida) y en canchas de paddle (que no se imputaron). Y por \u00faltimo cuestion\u00f3 los dep\u00f3sitos en d\u00f3lares: \u201cNo podemos ver el movimiento que tuvieron, pero ser\u00eda bueno que empecen a ser utilizados para las obras que tanto necesita los mercedinos\u201d, plante\u00f3.<\/p>\n<p>Di Leo, por su parte, dijo que el rechazo de su bloque fue conversado con el bloque de Juntos. \u201cNum\u00e9ricamente es impecable la rendici\u00f3n. Los n\u00fameros cierran perfecto\u201d, reconoci\u00f3 en principio. \u201cPero en lo que no coincidimos es en c\u00f3mo se destinan los fondos, qu\u00e9 fondos se ponen a intereses y hacia d\u00f3nde van\u201d.<\/p>\n<p>\u201cUn tema importante que mencionamos es el de los proveedores, que hay una lista impresionante que creemos que esconde empleo informal. Por lo tanto no estamos de acuerdo con eso sobre todo viniendo de gente que dice luchar por los derechos de los trabajadores. Habr\u00e1 que blanquear esas situaciones\u201d, dijo y se\u00f1al\u00f3 que muchos profesionales reciben valores que son \u201cmuy bajos para un profesional\u201d, por lo cual consider\u00f3 que se trata de \u201cun subempleo no muy digno\u201d.<\/p>\n<p>Di Leo tambi\u00e9n remarc\u00f3 la cuesti\u00f3n de los d\u00f3lares que se poseen. \u201cLe decimos a los vecinos que no hay plata, que no se baja para obras, cuando hay un dinero importante del cual se podr\u00edan sacar recursos y si despu\u00e9s el gobierno nacional lo env\u00eda como partida se repone. Las obras no est\u00e1n inconclusas por este gobierno si no que esto viene de larga data\u201d, plante\u00f3 la edil.<\/p>\n<p>Finalmente el doble voto de <strong>Mariana San Mart\u00edn<\/strong> &#8211;presidenta del Cuerpo&#8211; sum\u00f3 a los 9 del bloque que integra para desempatar posturas y lograr la aprobaci\u00f3n de los n\u00fameros, este mi\u00e9rcoles.<\/p>\n<figure id=\"attachment_137348\" aria-describedby=\"caption-attachment-137348\" style=\"width: 1098px\" class=\"wp-caption alignnone\"><img loading=\"lazy\" decoding=\"async\" class=\"wp-image-137348 size-full\" src=\"https:\/\/noticiasmercedinas.com\/site\/wp-content\/uploads\/2024\/05\/SILVIA1.jpg\" alt=\"\" width=\"1098\" height=\"556\" srcset=\"https:\/\/noticiasmercedinas.com\/site\/wp-content\/uploads\/2024\/05\/SILVIA1.jpg 1098w, https:\/\/noticiasmercedinas.com\/site\/wp-content\/uploads\/2024\/05\/SILVIA1-300x152.jpg 300w, https:\/\/noticiasmercedinas.com\/site\/wp-content\/uploads\/2024\/05\/SILVIA1-1024x519.jpg 1024w, https:\/\/noticiasmercedinas.com\/site\/wp-content\/uploads\/2024\/05\/SILVIA1-768x389.jpg 768w, https:\/\/noticiasmercedinas.com\/site\/wp-content\/uploads\/2024\/05\/SILVIA1-640x324.jpg 640w, https:\/\/noticiasmercedinas.com\/site\/wp-content\/uploads\/2024\/05\/SILVIA1-681x345.jpg 681w\" sizes=\"auto, (max-width: 1098px) 100vw, 1098px\" \/><figcaption id=\"caption-attachment-137348\" class=\"wp-caption-text\">Silvia Di Leo dio desde su banca las razones del rechazo a las cuentas<\/figcaption><\/figure>\n","protected":false},"excerpt":{"rendered":"<p>\u25a0 Juntos por el Cambio y La Libertad Avanza plantearon discrepancias en el Concejo por el modo de asignar los recursos. Rechazaron los n\u00fameros pero el doble voto de la presidencia inclin\u00f3 la balanza.<\/p>\n","protected":false},"author":16,"featured_media":137321,"comment_status":"closed","ping_status":"closed","sticky":false,"template":"","format":"standard","meta":{"footnotes":""},"categories":[16],"tags":[243,5023],"class_list":["post-137320","post","type-post","status-publish","format-standard","has-post-thumbnail","hentry","category-politica","tag-concejo-deliberante","tag-rendicion-de-cuentas"],"yoast_head":"<!-- This site is optimized with the Yoast SEO plugin v27.4 - https:\/\/yoast.com\/product\/yoast-seo-wordpress\/ -->\n<title>Con objeciones opositoras, aprueban Rendici\u00f3n de Cuentas del Ejercicio 2023<\/title>\n<meta name=\"robots\" content=\"index, follow, max-snippet:-1, max-image-preview:large, max-video-preview:-1\" \/>\n<link rel=\"canonical\" href=\"https:\/\/noticiasmercedinas.com\/site\/2024\/05\/29\/con-objeciones-opositoras-aprueban-rendicion-de-cuentas-del-ejercicio-2023\/\" \/>\n<meta property=\"og:locale\" content=\"es_ES\" \/>\n<meta property=\"og:type\" content=\"article\" \/>\n<meta property=\"og:title\" content=\"Con objeciones opositoras, aprueban Rendici\u00f3n de Cuentas del Ejercicio 2023\" \/>\n<meta property=\"og:description\" content=\"\u25a0 Juntos por el Cambio y La Libertad Avanza plantearon discrepancias en el Concejo por el modo de asignar los recursos. Rechazaron los n\u00fameros pero el doble voto de la presidencia inclin\u00f3 la balanza.\" \/>\n<meta property=\"og:url\" content=\"https:\/\/noticiasmercedinas.com\/site\/2024\/05\/29\/con-objeciones-opositoras-aprueban-rendicion-de-cuentas-del-ejercicio-2023\/\" \/>\n<meta property=\"og:site_name\" content=\"NOTICIASMERCEDINAS.COM\" \/>\n<meta property=\"article:publisher\" content=\"https:\/\/www.facebook.com\/noticiasmercedinas\/\" \/>\n<meta property=\"article:published_time\" content=\"2024-05-29T21:05:34+00:00\" \/>\n<meta property=\"article:modified_time\" content=\"2024-06-01T03:17:14+00:00\" \/>\n<meta property=\"og:image\" content=\"https:\/\/noticiasmercedinas.com\/site\/wp-content\/uploads\/2024\/05\/CABRAL.jpg\" \/>\n\t<meta property=\"og:image:width\" content=\"983\" \/>\n\t<meta property=\"og:image:height\" content=\"574\" \/>\n\t<meta property=\"og:image:type\" content=\"image\/jpeg\" \/>\n<meta name=\"author\" content=\"NOTICIASMERCEDINAS.COM\" \/>\n<meta name=\"twitter:card\" content=\"summary_large_image\" \/>\n<meta name=\"twitter:creator\" content=\"@notmercedinas\" \/>\n<meta name=\"twitter:site\" content=\"@notmercedinas\" \/>\n<meta name=\"twitter:label1\" content=\"Escrito por\" \/>\n\t<meta name=\"twitter:data1\" content=\"NOTICIASMERCEDINAS.COM\" \/>\n\t<meta name=\"twitter:label2\" content=\"Tiempo de lectura\" \/>\n\t<meta name=\"twitter:data2\" content=\"4 minutos\" \/>\n<script type=\"application\/ld+json\" class=\"yoast-schema-graph\">{\"@context\":\"https:\\\/\\\/schema.org\",\"@graph\":[{\"@type\":\"Article\",\"@id\":\"https:\\\/\\\/noticiasmercedinas.com\\\/site\\\/2024\\\/05\\\/29\\\/con-objeciones-opositoras-aprueban-rendicion-de-cuentas-del-ejercicio-2023\\\/#article\",\"isPartOf\":{\"@id\":\"https:\\\/\\\/noticiasmercedinas.com\\\/site\\\/2024\\\/05\\\/29\\\/con-objeciones-opositoras-aprueban-rendicion-de-cuentas-del-ejercicio-2023\\\/\"},\"author\":{\"name\":\"NOTICIASMERCEDINAS.COM\",\"@id\":\"https:\\\/\\\/noticiasmercedinas.com\\\/site\\\/#\\\/schema\\\/person\\\/84b59c099c28ff2e8b77d4ceec5d8063\"},\"headline\":\"Con objeciones opositoras, aprueban Rendici\u00f3n de Cuentas del Ejercicio 2023\",\"datePublished\":\"2024-05-29T21:05:34+00:00\",\"dateModified\":\"2024-06-01T03:17:14+00:00\",\"mainEntityOfPage\":{\"@id\":\"https:\\\/\\\/noticiasmercedinas.com\\\/site\\\/2024\\\/05\\\/29\\\/con-objeciones-opositoras-aprueban-rendicion-de-cuentas-del-ejercicio-2023\\\/\"},\"wordCount\":758,\"publisher\":{\"@id\":\"https:\\\/\\\/noticiasmercedinas.com\\\/site\\\/#organization\"},\"image\":{\"@id\":\"https:\\\/\\\/noticiasmercedinas.com\\\/site\\\/2024\\\/05\\\/29\\\/con-objeciones-opositoras-aprueban-rendicion-de-cuentas-del-ejercicio-2023\\\/#primaryimage\"},\"thumbnailUrl\":\"https:\\\/\\\/noticiasmercedinas.com\\\/site\\\/wp-content\\\/uploads\\\/2024\\\/05\\\/CABRAL.jpg\",\"keywords\":[\"concejo deliberante\",\"rendicion de cuentas\"],\"articleSection\":[\"Politica\"],\"inLanguage\":\"es\"},{\"@type\":\"WebPage\",\"@id\":\"https:\\\/\\\/noticiasmercedinas.com\\\/site\\\/2024\\\/05\\\/29\\\/con-objeciones-opositoras-aprueban-rendicion-de-cuentas-del-ejercicio-2023\\\/\",\"url\":\"https:\\\/\\\/noticiasmercedinas.com\\\/site\\\/2024\\\/05\\\/29\\\/con-objeciones-opositoras-aprueban-rendicion-de-cuentas-del-ejercicio-2023\\\/\",\"name\":\"Con objeciones opositoras, aprueban Rendici\u00f3n de Cuentas del Ejercicio 2023\",\"isPartOf\":{\"@id\":\"https:\\\/\\\/noticiasmercedinas.com\\\/site\\\/#website\"},\"primaryImageOfPage\":{\"@id\":\"https:\\\/\\\/noticiasmercedinas.com\\\/site\\\/2024\\\/05\\\/29\\\/con-objeciones-opositoras-aprueban-rendicion-de-cuentas-del-ejercicio-2023\\\/#primaryimage\"},\"image\":{\"@id\":\"https:\\\/\\\/noticiasmercedinas.com\\\/site\\\/2024\\\/05\\\/29\\\/con-objeciones-opositoras-aprueban-rendicion-de-cuentas-del-ejercicio-2023\\\/#primaryimage\"},\"thumbnailUrl\":\"https:\\\/\\\/noticiasmercedinas.com\\\/site\\\/wp-content\\\/uploads\\\/2024\\\/05\\\/CABRAL.jpg\",\"datePublished\":\"2024-05-29T21:05:34+00:00\",\"dateModified\":\"2024-06-01T03:17:14+00:00\",\"breadcrumb\":{\"@id\":\"https:\\\/\\\/noticiasmercedinas.com\\\/site\\\/2024\\\/05\\\/29\\\/con-objeciones-opositoras-aprueban-rendicion-de-cuentas-del-ejercicio-2023\\\/#breadcrumb\"},\"inLanguage\":\"es\",\"potentialAction\":[{\"@type\":\"ReadAction\",\"target\":[\"https:\\\/\\\/noticiasmercedinas.com\\\/site\\\/2024\\\/05\\\/29\\\/con-objeciones-opositoras-aprueban-rendicion-de-cuentas-del-ejercicio-2023\\\/\"]}]},{\"@type\":\"ImageObject\",\"inLanguage\":\"es\",\"@id\":\"https:\\\/\\\/noticiasmercedinas.com\\\/site\\\/2024\\\/05\\\/29\\\/con-objeciones-opositoras-aprueban-rendicion-de-cuentas-del-ejercicio-2023\\\/#primaryimage\",\"url\":\"https:\\\/\\\/noticiasmercedinas.com\\\/site\\\/wp-content\\\/uploads\\\/2024\\\/05\\\/CABRAL.jpg\",\"contentUrl\":\"https:\\\/\\\/noticiasmercedinas.com\\\/site\\\/wp-content\\\/uploads\\\/2024\\\/05\\\/CABRAL.jpg\",\"width\":983,\"height\":574},{\"@type\":\"BreadcrumbList\",\"@id\":\"https:\\\/\\\/noticiasmercedinas.com\\\/site\\\/2024\\\/05\\\/29\\\/con-objeciones-opositoras-aprueban-rendicion-de-cuentas-del-ejercicio-2023\\\/#breadcrumb\",\"itemListElement\":[{\"@type\":\"ListItem\",\"position\":1,\"name\":\"Portada\",\"item\":\"https:\\\/\\\/noticiasmercedinas.com\\\/site\\\/\"},{\"@type\":\"ListItem\",\"position\":2,\"name\":\"Con objeciones opositoras, aprueban Rendici\u00f3n de Cuentas del Ejercicio 2023\"}]},{\"@type\":\"WebSite\",\"@id\":\"https:\\\/\\\/noticiasmercedinas.com\\\/site\\\/#website\",\"url\":\"https:\\\/\\\/noticiasmercedinas.com\\\/site\\\/\",\"name\":\"NOTICIASMERCEDINAS.COM\",\"description\":\"Mercedes, Buenos Aires, Argentina\",\"publisher\":{\"@id\":\"https:\\\/\\\/noticiasmercedinas.com\\\/site\\\/#organization\"},\"potentialAction\":[{\"@type\":\"SearchAction\",\"target\":{\"@type\":\"EntryPoint\",\"urlTemplate\":\"https:\\\/\\\/noticiasmercedinas.com\\\/site\\\/?s={search_term_string}\"},\"query-input\":{\"@type\":\"PropertyValueSpecification\",\"valueRequired\":true,\"valueName\":\"search_term_string\"}}],\"inLanguage\":\"es\"},{\"@type\":\"Organization\",\"@id\":\"https:\\\/\\\/noticiasmercedinas.com\\\/site\\\/#organization\",\"name\":\"NOTICIASMERCEDINAS.COM\",\"url\":\"https:\\\/\\\/noticiasmercedinas.com\\\/site\\\/\",\"logo\":{\"@type\":\"ImageObject\",\"inLanguage\":\"es\",\"@id\":\"https:\\\/\\\/noticiasmercedinas.com\\\/site\\\/#\\\/schema\\\/logo\\\/image\\\/\",\"url\":\"https:\\\/\\\/noticiasmercedinas.com\\\/site\\\/wp-content\\\/uploads\\\/2020\\\/06\\\/LOGO-512.jpg\",\"contentUrl\":\"https:\\\/\\\/noticiasmercedinas.com\\\/site\\\/wp-content\\\/uploads\\\/2020\\\/06\\\/LOGO-512.jpg\",\"width\":512,\"height\":512,\"caption\":\"NOTICIASMERCEDINAS.COM\"},\"image\":{\"@id\":\"https:\\\/\\\/noticiasmercedinas.com\\\/site\\\/#\\\/schema\\\/logo\\\/image\\\/\"},\"sameAs\":[\"https:\\\/\\\/www.facebook.com\\\/noticiasmercedinas\\\/\",\"https:\\\/\\\/x.com\\\/notmercedinas\",\"https:\\\/\\\/www.instagram.com\\\/noticiasmercedinas\\\/\"]},{\"@type\":\"Person\",\"@id\":\"https:\\\/\\\/noticiasmercedinas.com\\\/site\\\/#\\\/schema\\\/person\\\/84b59c099c28ff2e8b77d4ceec5d8063\",\"name\":\"NOTICIASMERCEDINAS.COM\",\"image\":{\"@type\":\"ImageObject\",\"inLanguage\":\"es\",\"@id\":\"https:\\\/\\\/secure.gravatar.com\\\/avatar\\\/4dfbf16b4d17945bfb6341b2d19043457132fcf478a5ee04f42e959fd8f5df0a?s=96&d=mm&r=g\",\"url\":\"https:\\\/\\\/secure.gravatar.com\\\/avatar\\\/4dfbf16b4d17945bfb6341b2d19043457132fcf478a5ee04f42e959fd8f5df0a?s=96&d=mm&r=g\",\"contentUrl\":\"https:\\\/\\\/secure.gravatar.com\\\/avatar\\\/4dfbf16b4d17945bfb6341b2d19043457132fcf478a5ee04f42e959fd8f5df0a?s=96&d=mm&r=g\",\"caption\":\"NOTICIASMERCEDINAS.COM\"},\"url\":\"https:\\\/\\\/noticiasmercedinas.com\\\/site\\\/author\\\/anonimo\\\/\"}]}<\/script>\n<!-- \/ Yoast SEO plugin. -->","yoast_head_json":{"title":"Con objeciones opositoras, aprueban Rendici\u00f3n de Cuentas del Ejercicio 2023","robots":{"index":"index","follow":"follow","max-snippet":"max-snippet:-1","max-image-preview":"max-image-preview:large","max-video-preview":"max-video-preview:-1"},"canonical":"https:\/\/noticiasmercedinas.com\/site\/2024\/05\/29\/con-objeciones-opositoras-aprueban-rendicion-de-cuentas-del-ejercicio-2023\/","og_locale":"es_ES","og_type":"article","og_title":"Con objeciones opositoras, aprueban Rendici\u00f3n de Cuentas del Ejercicio 2023","og_description":"\u25a0 Juntos por el Cambio y La Libertad Avanza plantearon discrepancias en el Concejo por el modo de asignar los recursos. Rechazaron los n\u00fameros pero el doble voto de la presidencia inclin\u00f3 la balanza.","og_url":"https:\/\/noticiasmercedinas.com\/site\/2024\/05\/29\/con-objeciones-opositoras-aprueban-rendicion-de-cuentas-del-ejercicio-2023\/","og_site_name":"NOTICIASMERCEDINAS.COM","article_publisher":"https:\/\/www.facebook.com\/noticiasmercedinas\/","article_published_time":"2024-05-29T21:05:34+00:00","article_modified_time":"2024-06-01T03:17:14+00:00","og_image":[{"width":983,"height":574,"url":"https:\/\/noticiasmercedinas.com\/site\/wp-content\/uploads\/2024\/05\/CABRAL.jpg","type":"image\/jpeg"}],"author":"NOTICIASMERCEDINAS.COM","twitter_card":"summary_large_image","twitter_creator":"@notmercedinas","twitter_site":"@notmercedinas","twitter_misc":{"Escrito por":"NOTICIASMERCEDINAS.COM","Tiempo de lectura":"4 minutos"},"schema":{"@context":"https:\/\/schema.org","@graph":[{"@type":"Article","@id":"https:\/\/noticiasmercedinas.com\/site\/2024\/05\/29\/con-objeciones-opositoras-aprueban-rendicion-de-cuentas-del-ejercicio-2023\/#article","isPartOf":{"@id":"https:\/\/noticiasmercedinas.com\/site\/2024\/05\/29\/con-objeciones-opositoras-aprueban-rendicion-de-cuentas-del-ejercicio-2023\/"},"author":{"name":"NOTICIASMERCEDINAS.COM","@id":"https:\/\/noticiasmercedinas.com\/site\/#\/schema\/person\/84b59c099c28ff2e8b77d4ceec5d8063"},"headline":"Con objeciones opositoras, aprueban Rendici\u00f3n de Cuentas del Ejercicio 2023","datePublished":"2024-05-29T21:05:34+00:00","dateModified":"2024-06-01T03:17:14+00:00","mainEntityOfPage":{"@id":"https:\/\/noticiasmercedinas.com\/site\/2024\/05\/29\/con-objeciones-opositoras-aprueban-rendicion-de-cuentas-del-ejercicio-2023\/"},"wordCount":758,"publisher":{"@id":"https:\/\/noticiasmercedinas.com\/site\/#organization"},"image":{"@id":"https:\/\/noticiasmercedinas.com\/site\/2024\/05\/29\/con-objeciones-opositoras-aprueban-rendicion-de-cuentas-del-ejercicio-2023\/#primaryimage"},"thumbnailUrl":"https:\/\/noticiasmercedinas.com\/site\/wp-content\/uploads\/2024\/05\/CABRAL.jpg","keywords":["concejo deliberante","rendicion de cuentas"],"articleSection":["Politica"],"inLanguage":"es"},{"@type":"WebPage","@id":"https:\/\/noticiasmercedinas.com\/site\/2024\/05\/29\/con-objeciones-opositoras-aprueban-rendicion-de-cuentas-del-ejercicio-2023\/","url":"https:\/\/noticiasmercedinas.com\/site\/2024\/05\/29\/con-objeciones-opositoras-aprueban-rendicion-de-cuentas-del-ejercicio-2023\/","name":"Con objeciones opositoras, aprueban Rendici\u00f3n de Cuentas del Ejercicio 2023","isPartOf":{"@id":"https:\/\/noticiasmercedinas.com\/site\/#website"},"primaryImageOfPage":{"@id":"https:\/\/noticiasmercedinas.com\/site\/2024\/05\/29\/con-objeciones-opositoras-aprueban-rendicion-de-cuentas-del-ejercicio-2023\/#primaryimage"},"image":{"@id":"https:\/\/noticiasmercedinas.com\/site\/2024\/05\/29\/con-objeciones-opositoras-aprueban-rendicion-de-cuentas-del-ejercicio-2023\/#primaryimage"},"thumbnailUrl":"https:\/\/noticiasmercedinas.com\/site\/wp-content\/uploads\/2024\/05\/CABRAL.jpg","datePublished":"2024-05-29T21:05:34+00:00","dateModified":"2024-06-01T03:17:14+00:00","breadcrumb":{"@id":"https:\/\/noticiasmercedinas.com\/site\/2024\/05\/29\/con-objeciones-opositoras-aprueban-rendicion-de-cuentas-del-ejercicio-2023\/#breadcrumb"},"inLanguage":"es","potentialAction":[{"@type":"ReadAction","target":["https:\/\/noticiasmercedinas.com\/site\/2024\/05\/29\/con-objeciones-opositoras-aprueban-rendicion-de-cuentas-del-ejercicio-2023\/"]}]},{"@type":"ImageObject","inLanguage":"es","@id":"https:\/\/noticiasmercedinas.com\/site\/2024\/05\/29\/con-objeciones-opositoras-aprueban-rendicion-de-cuentas-del-ejercicio-2023\/#primaryimage","url":"https:\/\/noticiasmercedinas.com\/site\/wp-content\/uploads\/2024\/05\/CABRAL.jpg","contentUrl":"https:\/\/noticiasmercedinas.com\/site\/wp-content\/uploads\/2024\/05\/CABRAL.jpg","width":983,"height":574},{"@type":"BreadcrumbList","@id":"https:\/\/noticiasmercedinas.com\/site\/2024\/05\/29\/con-objeciones-opositoras-aprueban-rendicion-de-cuentas-del-ejercicio-2023\/#breadcrumb","itemListElement":[{"@type":"ListItem","position":1,"name":"Portada","item":"https:\/\/noticiasmercedinas.com\/site\/"},{"@type":"ListItem","position":2,"name":"Con objeciones opositoras, aprueban Rendici\u00f3n de Cuentas del Ejercicio 2023"}]},{"@type":"WebSite","@id":"https:\/\/noticiasmercedinas.com\/site\/#website","url":"https:\/\/noticiasmercedinas.com\/site\/","name":"NOTICIASMERCEDINAS.COM","description":"Mercedes, Buenos Aires, Argentina","publisher":{"@id":"https:\/\/noticiasmercedinas.com\/site\/#organization"},"potentialAction":[{"@type":"SearchAction","target":{"@type":"EntryPoint","urlTemplate":"https:\/\/noticiasmercedinas.com\/site\/?s={search_term_string}"},"query-input":{"@type":"PropertyValueSpecification","valueRequired":true,"valueName":"search_term_string"}}],"inLanguage":"es"},{"@type":"Organization","@id":"https:\/\/noticiasmercedinas.com\/site\/#organization","name":"NOTICIASMERCEDINAS.COM","url":"https:\/\/noticiasmercedinas.com\/site\/","logo":{"@type":"ImageObject","inLanguage":"es","@id":"https:\/\/noticiasmercedinas.com\/site\/#\/schema\/logo\/image\/","url":"https:\/\/noticiasmercedinas.com\/site\/wp-content\/uploads\/2020\/06\/LOGO-512.jpg","contentUrl":"https:\/\/noticiasmercedinas.com\/site\/wp-content\/uploads\/2020\/06\/LOGO-512.jpg","width":512,"height":512,"caption":"NOTICIASMERCEDINAS.COM"},"image":{"@id":"https:\/\/noticiasmercedinas.com\/site\/#\/schema\/logo\/image\/"},"sameAs":["https:\/\/www.facebook.com\/noticiasmercedinas\/","https:\/\/x.com\/notmercedinas","https:\/\/www.instagram.com\/noticiasmercedinas\/"]},{"@type":"Person","@id":"https:\/\/noticiasmercedinas.com\/site\/#\/schema\/person\/84b59c099c28ff2e8b77d4ceec5d8063","name":"NOTICIASMERCEDINAS.COM","image":{"@type":"ImageObject","inLanguage":"es","@id":"https:\/\/secure.gravatar.com\/avatar\/4dfbf16b4d17945bfb6341b2d19043457132fcf478a5ee04f42e959fd8f5df0a?s=96&d=mm&r=g","url":"https:\/\/secure.gravatar.com\/avatar\/4dfbf16b4d17945bfb6341b2d19043457132fcf478a5ee04f42e959fd8f5df0a?s=96&d=mm&r=g","contentUrl":"https:\/\/secure.gravatar.com\/avatar\/4dfbf16b4d17945bfb6341b2d19043457132fcf478a5ee04f42e959fd8f5df0a?s=96&d=mm&r=g","caption":"NOTICIASMERCEDINAS.COM"},"url":"https:\/\/noticiasmercedinas.com\/site\/author\/anonimo\/"}]}},"amp_enabled":true,"_links":{"self":[{"href":"https:\/\/noticiasmercedinas.com\/site\/wp-json\/wp\/v2\/posts\/137320","targetHints":{"allow":["GET"]}}],"collection":[{"href":"https:\/\/noticiasmercedinas.com\/site\/wp-json\/wp\/v2\/posts"}],"about":[{"href":"https:\/\/noticiasmercedinas.com\/site\/wp-json\/wp\/v2\/types\/post"}],"author":[{"embeddable":true,"href":"https:\/\/noticiasmercedinas.com\/site\/wp-json\/wp\/v2\/users\/16"}],"replies":[{"embeddable":true,"href":"https:\/\/noticiasmercedinas.com\/site\/wp-json\/wp\/v2\/comments?post=137320"}],"version-history":[{"count":8,"href":"https:\/\/noticiasmercedinas.com\/site\/wp-json\/wp\/v2\/posts\/137320\/revisions"}],"predecessor-version":[{"id":137489,"href":"https:\/\/noticiasmercedinas.com\/site\/wp-json\/wp\/v2\/posts\/137320\/revisions\/137489"}],"wp:featuredmedia":[{"embeddable":true,"href":"https:\/\/noticiasmercedinas.com\/site\/wp-json\/wp\/v2\/media\/137321"}],"wp:attachment":[{"href":"https:\/\/noticiasmercedinas.com\/site\/wp-json\/wp\/v2\/media?parent=137320"}],"wp:term":[{"taxonomy":"category","embeddable":true,"href":"https:\/\/noticiasmercedinas.com\/site\/wp-json\/wp\/v2\/categories?post=137320"},{"taxonomy":"post_tag","embeddable":true,"href":"https:\/\/noticiasmercedinas.com\/site\/wp-json\/wp\/v2\/tags?post=137320"}],"curies":[{"name":"wp","href":"https:\/\/api.w.org\/{rel}","templated":true}]}}