{"id":137373,"date":"2024-05-30T15:41:22","date_gmt":"2024-05-30T18:41:22","guid":{"rendered":"https:\/\/noticiasmercedinas.com\/site\/?p=137373"},"modified":"2024-05-30T15:41:22","modified_gmt":"2024-05-30T18:41:22","slug":"emiliano-aguirre-toma-posesion-de-la-parroquia-san-francisco-en-junin","status":"publish","type":"post","link":"https:\/\/noticiasmercedinas.com\/site\/2024\/05\/30\/emiliano-aguirre-toma-posesion-de-la-parroquia-san-francisco-en-junin\/","title":{"rendered":"Emiliano Aguirre toma posesi\u00f3n de la Parroquia San Francisco, en Jun\u00edn"},"content":{"rendered":"<p><img loading=\"lazy\" decoding=\"async\" class=\"alignnone size-full wp-image-137374\" src=\"https:\/\/noticiasmercedinas.com\/site\/wp-content\/uploads\/2024\/05\/ARZO.jpg\" alt=\"\" width=\"770\" height=\"556\" srcset=\"https:\/\/noticiasmercedinas.com\/site\/wp-content\/uploads\/2024\/05\/ARZO.jpg 770w, https:\/\/noticiasmercedinas.com\/site\/wp-content\/uploads\/2024\/05\/ARZO-300x217.jpg 300w, https:\/\/noticiasmercedinas.com\/site\/wp-content\/uploads\/2024\/05\/ARZO-768x555.jpg 768w, https:\/\/noticiasmercedinas.com\/site\/wp-content\/uploads\/2024\/05\/ARZO-640x462.jpg 640w, https:\/\/noticiasmercedinas.com\/site\/wp-content\/uploads\/2024\/05\/ARZO-681x492.jpg 681w\" sizes=\"auto, (max-width: 770px) 100vw, 770px\" \/><\/p>\n<p>El pasado domingo 26 de mayo, la comunidad de Jun\u00edn celebr\u00f3 con gran emoci\u00f3n la toma de posesi\u00f3n del Padre <strong>Emiliano Aguirre<\/strong> como nuevo p\u00e1rroco de la Parroquia San Francisco.<\/p>\n<p>La solemne misa fue presidida por el obispo <strong>Jorge Eduardo Scheinig<\/strong>, quien estuvo acompa\u00f1ado por el Vicario General, Padre<strong> Lucas Figueroa<\/strong>, y el rector del seminario arquidiocesano, Padre <strong>Lucas Jerez<\/strong>.<\/p>\n<p>La ceremonia cont\u00f3 con la presencia de los sacerdotes <strong>Pablo Valles<\/strong> y <strong>Ra\u00fal Moreto<\/strong>, el di\u00e1cono <strong>Ra\u00fal Di Fiori<\/strong>, y varios seminaristas, todos ellos arropando al Padre Emiliano en este significativo evento.<\/p>\n<p>Miembros de diversas comunidades de la ciudad tambi\u00e9n participaron en la celebraci\u00f3n, mostrando su apoyo y alegr\u00eda por este nuevo cap\u00edtulo en la vida parroquial de San Francisco.<\/p>\n<p>El Arzobispado de Mercedes Luj\u00e1n expres\u00f3 su gratitud y regocijo por este acontecimiento, destacando la importancia de este d\u00eda para la comunidad y para el Padre Emiliano. \u00abHa sido una celebraci\u00f3n emotiva en la que miembros de distintas comunidades de la ciudad acompa\u00f1aron al Padre Emiliano en este d\u00eda tan especial. Damos gracias por esta gracia junto al Se\u00f1or,\u00bb se\u00f1alaron desde el Arzobispado.<\/p>\n","protected":false},"excerpt":{"rendered":"<p>El pasado domingo 26 de mayo, la comunidad de Jun\u00edn celebr\u00f3 con gran emoci\u00f3n la toma de posesi\u00f3n del Padre Emiliano Aguirre como nuevo p\u00e1rroco de la Parroquia San Francisco. La solemne misa fue presidida por el obispo Jorge Eduardo Scheinig, quien estuvo acompa\u00f1ado por el Vicario General, Padre Lucas Figueroa, y el rector del [&hellip;]<\/p>\n","protected":false},"author":16,"featured_media":137374,"comment_status":"closed","ping_status":"closed","sticky":false,"template":"","format":"standard","meta":{"footnotes":""},"categories":[139],"tags":[9073,885,1744],"class_list":["post-137373","post","type-post","status-publish","format-standard","has-post-thumbnail","hentry","category-regionales","tag-arzobispado-mercedes-lujan","tag-emiliano-aguirre","tag-junin"],"yoast_head":"<!-- This site is optimized with the Yoast SEO plugin v28.3 - https:\/\/yoast.com\/product\/yoast-seo-wordpress\/ -->\n<title>Emiliano Aguirre toma posesi\u00f3n de la Parroquia San Francisco, en Jun\u00edn<\/title>\n<meta name=\"robots\" content=\"index, follow, max-snippet:-1, max-image-preview:large, max-video-preview:-1\" \/>\n<link rel=\"canonical\" href=\"https:\/\/noticiasmercedinas.com\/site\/2024\/05\/30\/emiliano-aguirre-toma-posesion-de-la-parroquia-san-francisco-en-junin\/\" \/>\n<meta property=\"og:locale\" content=\"es_ES\" \/>\n<meta property=\"og:type\" content=\"article\" \/>\n<meta property=\"og:title\" content=\"Emiliano Aguirre toma posesi\u00f3n de la Parroquia San Francisco, en Jun\u00edn\" \/>\n<meta property=\"og:description\" content=\"El pasado domingo 26 de mayo, la comunidad de Jun\u00edn celebr\u00f3 con gran emoci\u00f3n la toma de posesi\u00f3n del Padre Emiliano Aguirre como nuevo p\u00e1rroco de la Parroquia San Francisco. La solemne misa fue presidida por el obispo Jorge Eduardo Scheinig, quien estuvo acompa\u00f1ado por el Vicario General, Padre Lucas Figueroa, y el rector del [&hellip;]\" \/>\n<meta property=\"og:url\" content=\"https:\/\/noticiasmercedinas.com\/site\/2024\/05\/30\/emiliano-aguirre-toma-posesion-de-la-parroquia-san-francisco-en-junin\/\" \/>\n<meta property=\"og:site_name\" content=\"NOTICIASMERCEDINAS.COM\" \/>\n<meta property=\"article:publisher\" content=\"https:\/\/www.facebook.com\/noticiasmercedinas\/\" \/>\n<meta property=\"article:published_time\" content=\"2024-05-30T18:41:22+00:00\" \/>\n<meta property=\"og:image\" content=\"https:\/\/noticiasmercedinas.com\/site\/wp-content\/uploads\/2024\/05\/ARZO.jpg\" \/>\n\t<meta property=\"og:image:width\" content=\"770\" \/>\n\t<meta property=\"og:image:height\" content=\"556\" \/>\n\t<meta property=\"og:image:type\" content=\"image\/jpeg\" \/>\n<meta name=\"author\" content=\"NOTICIASMERCEDINAS.COM\" \/>\n<meta name=\"twitter:card\" content=\"summary_large_image\" \/>\n<meta name=\"twitter:creator\" content=\"@notmercedinas\" \/>\n<meta name=\"twitter:site\" content=\"@notmercedinas\" \/>\n<meta name=\"twitter:label1\" content=\"Escrito por\" \/>\n\t<meta name=\"twitter:data1\" content=\"NOTICIASMERCEDINAS.COM\" \/>\n\t<meta name=\"twitter:label2\" content=\"Tiempo de lectura\" \/>\n\t<meta name=\"twitter:data2\" content=\"1 minuto\" \/>\n<script type=\"application\/ld+json\" class=\"yoast-schema-graph\">{\"@context\":\"https:\\\/\\\/schema.org\",\"@graph\":[{\"@type\":\"Article\",\"@id\":\"https:\\\/\\\/noticiasmercedinas.com\\\/site\\\/2024\\\/05\\\/30\\\/emiliano-aguirre-toma-posesion-de-la-parroquia-san-francisco-en-junin\\\/#article\",\"isPartOf\":{\"@id\":\"https:\\\/\\\/noticiasmercedinas.com\\\/site\\\/2024\\\/05\\\/30\\\/emiliano-aguirre-toma-posesion-de-la-parroquia-san-francisco-en-junin\\\/\"},\"author\":{\"name\":\"NOTICIASMERCEDINAS.COM\",\"@id\":\"https:\\\/\\\/noticiasmercedinas.com\\\/site\\\/#\\\/schema\\\/person\\\/84b59c099c28ff2e8b77d4ceec5d8063\"},\"headline\":\"Emiliano Aguirre toma posesi\u00f3n de la Parroquia San Francisco, en Jun\u00edn\",\"datePublished\":\"2024-05-30T18:41:22+00:00\",\"mainEntityOfPage\":{\"@id\":\"https:\\\/\\\/noticiasmercedinas.com\\\/site\\\/2024\\\/05\\\/30\\\/emiliano-aguirre-toma-posesion-de-la-parroquia-san-francisco-en-junin\\\/\"},\"wordCount\":214,\"publisher\":{\"@id\":\"https:\\\/\\\/noticiasmercedinas.com\\\/site\\\/#organization\"},\"image\":{\"@id\":\"https:\\\/\\\/noticiasmercedinas.com\\\/site\\\/2024\\\/05\\\/30\\\/emiliano-aguirre-toma-posesion-de-la-parroquia-san-francisco-en-junin\\\/#primaryimage\"},\"thumbnailUrl\":\"https:\\\/\\\/noticiasmercedinas.com\\\/site\\\/wp-content\\\/uploads\\\/2024\\\/05\\\/ARZO.jpg\",\"keywords\":[\"Arzobispado Mercedes Luj\u00e1n\",\"Emiliano Aguirre\",\"Junin\"],\"articleSection\":[\"Regionales\"],\"inLanguage\":\"es\"},{\"@type\":\"WebPage\",\"@id\":\"https:\\\/\\\/noticiasmercedinas.com\\\/site\\\/2024\\\/05\\\/30\\\/emiliano-aguirre-toma-posesion-de-la-parroquia-san-francisco-en-junin\\\/\",\"url\":\"https:\\\/\\\/noticiasmercedinas.com\\\/site\\\/2024\\\/05\\\/30\\\/emiliano-aguirre-toma-posesion-de-la-parroquia-san-francisco-en-junin\\\/\",\"name\":\"Emiliano Aguirre toma posesi\u00f3n de la Parroquia San Francisco, en Jun\u00edn\",\"isPartOf\":{\"@id\":\"https:\\\/\\\/noticiasmercedinas.com\\\/site\\\/#website\"},\"primaryImageOfPage\":{\"@id\":\"https:\\\/\\\/noticiasmercedinas.com\\\/site\\\/2024\\\/05\\\/30\\\/emiliano-aguirre-toma-posesion-de-la-parroquia-san-francisco-en-junin\\\/#primaryimage\"},\"image\":{\"@id\":\"https:\\\/\\\/noticiasmercedinas.com\\\/site\\\/2024\\\/05\\\/30\\\/emiliano-aguirre-toma-posesion-de-la-parroquia-san-francisco-en-junin\\\/#primaryimage\"},\"thumbnailUrl\":\"https:\\\/\\\/noticiasmercedinas.com\\\/site\\\/wp-content\\\/uploads\\\/2024\\\/05\\\/ARZO.jpg\",\"datePublished\":\"2024-05-30T18:41:22+00:00\",\"breadcrumb\":{\"@id\":\"https:\\\/\\\/noticiasmercedinas.com\\\/site\\\/2024\\\/05\\\/30\\\/emiliano-aguirre-toma-posesion-de-la-parroquia-san-francisco-en-junin\\\/#breadcrumb\"},\"inLanguage\":\"es\",\"potentialAction\":[{\"@type\":\"ReadAction\",\"target\":[\"https:\\\/\\\/noticiasmercedinas.com\\\/site\\\/2024\\\/05\\\/30\\\/emiliano-aguirre-toma-posesion-de-la-parroquia-san-francisco-en-junin\\\/\"]}]},{\"@type\":\"ImageObject\",\"inLanguage\":\"es\",\"@id\":\"https:\\\/\\\/noticiasmercedinas.com\\\/site\\\/2024\\\/05\\\/30\\\/emiliano-aguirre-toma-posesion-de-la-parroquia-san-francisco-en-junin\\\/#primaryimage\",\"url\":\"https:\\\/\\\/noticiasmercedinas.com\\\/site\\\/wp-content\\\/uploads\\\/2024\\\/05\\\/ARZO.jpg\",\"contentUrl\":\"https:\\\/\\\/noticiasmercedinas.com\\\/site\\\/wp-content\\\/uploads\\\/2024\\\/05\\\/ARZO.jpg\",\"width\":770,\"height\":556},{\"@type\":\"BreadcrumbList\",\"@id\":\"https:\\\/\\\/noticiasmercedinas.com\\\/site\\\/2024\\\/05\\\/30\\\/emiliano-aguirre-toma-posesion-de-la-parroquia-san-francisco-en-junin\\\/#breadcrumb\",\"itemListElement\":[{\"@type\":\"ListItem\",\"position\":1,\"name\":\"Portada\",\"item\":\"https:\\\/\\\/noticiasmercedinas.com\\\/site\\\/\"},{\"@type\":\"ListItem\",\"position\":2,\"name\":\"Emiliano Aguirre toma posesi\u00f3n de la Parroquia San Francisco, en Jun\u00edn\"}]},{\"@type\":\"WebSite\",\"@id\":\"https:\\\/\\\/noticiasmercedinas.com\\\/site\\\/#website\",\"url\":\"https:\\\/\\\/noticiasmercedinas.com\\\/site\\\/\",\"name\":\"NOTICIASMERCEDINAS.COM\",\"description\":\"Mercedes, Buenos Aires, Argentina\",\"publisher\":{\"@id\":\"https:\\\/\\\/noticiasmercedinas.com\\\/site\\\/#organization\"},\"potentialAction\":[{\"@type\":\"SearchAction\",\"target\":{\"@type\":\"EntryPoint\",\"urlTemplate\":\"https:\\\/\\\/noticiasmercedinas.com\\\/site\\\/?s={search_term_string}\"},\"query-input\":{\"@type\":\"PropertyValueSpecification\",\"valueRequired\":true,\"valueName\":\"search_term_string\"}}],\"inLanguage\":\"es\"},{\"@type\":\"Organization\",\"@id\":\"https:\\\/\\\/noticiasmercedinas.com\\\/site\\\/#organization\",\"name\":\"NOTICIASMERCEDINAS.COM\",\"url\":\"https:\\\/\\\/noticiasmercedinas.com\\\/site\\\/\",\"logo\":{\"@type\":\"ImageObject\",\"inLanguage\":\"es\",\"@id\":\"https:\\\/\\\/noticiasmercedinas.com\\\/site\\\/#\\\/schema\\\/logo\\\/image\\\/\",\"url\":\"https:\\\/\\\/noticiasmercedinas.com\\\/site\\\/wp-content\\\/uploads\\\/2020\\\/06\\\/LOGO-512.jpg\",\"contentUrl\":\"https:\\\/\\\/noticiasmercedinas.com\\\/site\\\/wp-content\\\/uploads\\\/2020\\\/06\\\/LOGO-512.jpg\",\"width\":512,\"height\":512,\"caption\":\"NOTICIASMERCEDINAS.COM\"},\"image\":{\"@id\":\"https:\\\/\\\/noticiasmercedinas.com\\\/site\\\/#\\\/schema\\\/logo\\\/image\\\/\"},\"sameAs\":[\"https:\\\/\\\/www.facebook.com\\\/noticiasmercedinas\\\/\",\"https:\\\/\\\/x.com\\\/notmercedinas\",\"https:\\\/\\\/www.instagram.com\\\/noticiasmercedinas\\\/\"]},{\"@type\":\"Person\",\"@id\":\"https:\\\/\\\/noticiasmercedinas.com\\\/site\\\/#\\\/schema\\\/person\\\/84b59c099c28ff2e8b77d4ceec5d8063\",\"name\":\"NOTICIASMERCEDINAS.COM\",\"image\":{\"@type\":\"ImageObject\",\"inLanguage\":\"es\",\"@id\":\"https:\\\/\\\/secure.gravatar.com\\\/avatar\\\/4dfbf16b4d17945bfb6341b2d19043457132fcf478a5ee04f42e959fd8f5df0a?s=96&d=mm&r=g\",\"url\":\"https:\\\/\\\/secure.gravatar.com\\\/avatar\\\/4dfbf16b4d17945bfb6341b2d19043457132fcf478a5ee04f42e959fd8f5df0a?s=96&d=mm&r=g\",\"contentUrl\":\"https:\\\/\\\/secure.gravatar.com\\\/avatar\\\/4dfbf16b4d17945bfb6341b2d19043457132fcf478a5ee04f42e959fd8f5df0a?s=96&d=mm&r=g\",\"caption\":\"NOTICIASMERCEDINAS.COM\"},\"url\":\"https:\\\/\\\/noticiasmercedinas.com\\\/site\\\/author\\\/anonimo\\\/\"}]}<\/script>\n<!-- \/ Yoast SEO plugin. -->","yoast_head_json":{"title":"Emiliano Aguirre toma posesi\u00f3n de la Parroquia San Francisco, en Jun\u00edn","robots":{"index":"index","follow":"follow","max-snippet":"max-snippet:-1","max-image-preview":"max-image-preview:large","max-video-preview":"max-video-preview:-1"},"canonical":"https:\/\/noticiasmercedinas.com\/site\/2024\/05\/30\/emiliano-aguirre-toma-posesion-de-la-parroquia-san-francisco-en-junin\/","og_locale":"es_ES","og_type":"article","og_title":"Emiliano Aguirre toma posesi\u00f3n de la Parroquia San Francisco, en Jun\u00edn","og_description":"El pasado domingo 26 de mayo, la comunidad de Jun\u00edn celebr\u00f3 con gran emoci\u00f3n la toma de posesi\u00f3n del Padre Emiliano Aguirre como nuevo p\u00e1rroco de la Parroquia San Francisco. La solemne misa fue presidida por el obispo Jorge Eduardo Scheinig, quien estuvo acompa\u00f1ado por el Vicario General, Padre Lucas Figueroa, y el rector del [&hellip;]","og_url":"https:\/\/noticiasmercedinas.com\/site\/2024\/05\/30\/emiliano-aguirre-toma-posesion-de-la-parroquia-san-francisco-en-junin\/","og_site_name":"NOTICIASMERCEDINAS.COM","article_publisher":"https:\/\/www.facebook.com\/noticiasmercedinas\/","article_published_time":"2024-05-30T18:41:22+00:00","og_image":[{"width":770,"height":556,"url":"https:\/\/noticiasmercedinas.com\/site\/wp-content\/uploads\/2024\/05\/ARZO.jpg","type":"image\/jpeg"}],"author":"NOTICIASMERCEDINAS.COM","twitter_card":"summary_large_image","twitter_creator":"@notmercedinas","twitter_site":"@notmercedinas","twitter_misc":{"Escrito por":"NOTICIASMERCEDINAS.COM","Tiempo de lectura":"1 minuto"},"schema":{"@context":"https:\/\/schema.org","@graph":[{"@type":"Article","@id":"https:\/\/noticiasmercedinas.com\/site\/2024\/05\/30\/emiliano-aguirre-toma-posesion-de-la-parroquia-san-francisco-en-junin\/#article","isPartOf":{"@id":"https:\/\/noticiasmercedinas.com\/site\/2024\/05\/30\/emiliano-aguirre-toma-posesion-de-la-parroquia-san-francisco-en-junin\/"},"author":{"name":"NOTICIASMERCEDINAS.COM","@id":"https:\/\/noticiasmercedinas.com\/site\/#\/schema\/person\/84b59c099c28ff2e8b77d4ceec5d8063"},"headline":"Emiliano Aguirre toma posesi\u00f3n de la Parroquia San Francisco, en Jun\u00edn","datePublished":"2024-05-30T18:41:22+00:00","mainEntityOfPage":{"@id":"https:\/\/noticiasmercedinas.com\/site\/2024\/05\/30\/emiliano-aguirre-toma-posesion-de-la-parroquia-san-francisco-en-junin\/"},"wordCount":214,"publisher":{"@id":"https:\/\/noticiasmercedinas.com\/site\/#organization"},"image":{"@id":"https:\/\/noticiasmercedinas.com\/site\/2024\/05\/30\/emiliano-aguirre-toma-posesion-de-la-parroquia-san-francisco-en-junin\/#primaryimage"},"thumbnailUrl":"https:\/\/noticiasmercedinas.com\/site\/wp-content\/uploads\/2024\/05\/ARZO.jpg","keywords":["Arzobispado Mercedes Luj\u00e1n","Emiliano Aguirre","Junin"],"articleSection":["Regionales"],"inLanguage":"es"},{"@type":"WebPage","@id":"https:\/\/noticiasmercedinas.com\/site\/2024\/05\/30\/emiliano-aguirre-toma-posesion-de-la-parroquia-san-francisco-en-junin\/","url":"https:\/\/noticiasmercedinas.com\/site\/2024\/05\/30\/emiliano-aguirre-toma-posesion-de-la-parroquia-san-francisco-en-junin\/","name":"Emiliano Aguirre toma posesi\u00f3n de la Parroquia San Francisco, en Jun\u00edn","isPartOf":{"@id":"https:\/\/noticiasmercedinas.com\/site\/#website"},"primaryImageOfPage":{"@id":"https:\/\/noticiasmercedinas.com\/site\/2024\/05\/30\/emiliano-aguirre-toma-posesion-de-la-parroquia-san-francisco-en-junin\/#primaryimage"},"image":{"@id":"https:\/\/noticiasmercedinas.com\/site\/2024\/05\/30\/emiliano-aguirre-toma-posesion-de-la-parroquia-san-francisco-en-junin\/#primaryimage"},"thumbnailUrl":"https:\/\/noticiasmercedinas.com\/site\/wp-content\/uploads\/2024\/05\/ARZO.jpg","datePublished":"2024-05-30T18:41:22+00:00","breadcrumb":{"@id":"https:\/\/noticiasmercedinas.com\/site\/2024\/05\/30\/emiliano-aguirre-toma-posesion-de-la-parroquia-san-francisco-en-junin\/#breadcrumb"},"inLanguage":"es","potentialAction":[{"@type":"ReadAction","target":["https:\/\/noticiasmercedinas.com\/site\/2024\/05\/30\/emiliano-aguirre-toma-posesion-de-la-parroquia-san-francisco-en-junin\/"]}]},{"@type":"ImageObject","inLanguage":"es","@id":"https:\/\/noticiasmercedinas.com\/site\/2024\/05\/30\/emiliano-aguirre-toma-posesion-de-la-parroquia-san-francisco-en-junin\/#primaryimage","url":"https:\/\/noticiasmercedinas.com\/site\/wp-content\/uploads\/2024\/05\/ARZO.jpg","contentUrl":"https:\/\/noticiasmercedinas.com\/site\/wp-content\/uploads\/2024\/05\/ARZO.jpg","width":770,"height":556},{"@type":"BreadcrumbList","@id":"https:\/\/noticiasmercedinas.com\/site\/2024\/05\/30\/emiliano-aguirre-toma-posesion-de-la-parroquia-san-francisco-en-junin\/#breadcrumb","itemListElement":[{"@type":"ListItem","position":1,"name":"Portada","item":"https:\/\/noticiasmercedinas.com\/site\/"},{"@type":"ListItem","position":2,"name":"Emiliano Aguirre toma posesi\u00f3n de la Parroquia San Francisco, en Jun\u00edn"}]},{"@type":"WebSite","@id":"https:\/\/noticiasmercedinas.com\/site\/#website","url":"https:\/\/noticiasmercedinas.com\/site\/","name":"NOTICIASMERCEDINAS.COM","description":"Mercedes, Buenos Aires, Argentina","publisher":{"@id":"https:\/\/noticiasmercedinas.com\/site\/#organization"},"potentialAction":[{"@type":"SearchAction","target":{"@type":"EntryPoint","urlTemplate":"https:\/\/noticiasmercedinas.com\/site\/?s={search_term_string}"},"query-input":{"@type":"PropertyValueSpecification","valueRequired":true,"valueName":"search_term_string"}}],"inLanguage":"es"},{"@type":"Organization","@id":"https:\/\/noticiasmercedinas.com\/site\/#organization","name":"NOTICIASMERCEDINAS.COM","url":"https:\/\/noticiasmercedinas.com\/site\/","logo":{"@type":"ImageObject","inLanguage":"es","@id":"https:\/\/noticiasmercedinas.com\/site\/#\/schema\/logo\/image\/","url":"https:\/\/noticiasmercedinas.com\/site\/wp-content\/uploads\/2020\/06\/LOGO-512.jpg","contentUrl":"https:\/\/noticiasmercedinas.com\/site\/wp-content\/uploads\/2020\/06\/LOGO-512.jpg","width":512,"height":512,"caption":"NOTICIASMERCEDINAS.COM"},"image":{"@id":"https:\/\/noticiasmercedinas.com\/site\/#\/schema\/logo\/image\/"},"sameAs":["https:\/\/www.facebook.com\/noticiasmercedinas\/","https:\/\/x.com\/notmercedinas","https:\/\/www.instagram.com\/noticiasmercedinas\/"]},{"@type":"Person","@id":"https:\/\/noticiasmercedinas.com\/site\/#\/schema\/person\/84b59c099c28ff2e8b77d4ceec5d8063","name":"NOTICIASMERCEDINAS.COM","image":{"@type":"ImageObject","inLanguage":"es","@id":"https:\/\/secure.gravatar.com\/avatar\/4dfbf16b4d17945bfb6341b2d19043457132fcf478a5ee04f42e959fd8f5df0a?s=96&d=mm&r=g","url":"https:\/\/secure.gravatar.com\/avatar\/4dfbf16b4d17945bfb6341b2d19043457132fcf478a5ee04f42e959fd8f5df0a?s=96&d=mm&r=g","contentUrl":"https:\/\/secure.gravatar.com\/avatar\/4dfbf16b4d17945bfb6341b2d19043457132fcf478a5ee04f42e959fd8f5df0a?s=96&d=mm&r=g","caption":"NOTICIASMERCEDINAS.COM"},"url":"https:\/\/noticiasmercedinas.com\/site\/author\/anonimo\/"}]}},"amp_enabled":true,"_links":{"self":[{"href":"https:\/\/noticiasmercedinas.com\/site\/wp-json\/wp\/v2\/posts\/137373","targetHints":{"allow":["GET"]}}],"collection":[{"href":"https:\/\/noticiasmercedinas.com\/site\/wp-json\/wp\/v2\/posts"}],"about":[{"href":"https:\/\/noticiasmercedinas.com\/site\/wp-json\/wp\/v2\/types\/post"}],"author":[{"embeddable":true,"href":"https:\/\/noticiasmercedinas.com\/site\/wp-json\/wp\/v2\/users\/16"}],"replies":[{"embeddable":true,"href":"https:\/\/noticiasmercedinas.com\/site\/wp-json\/wp\/v2\/comments?post=137373"}],"version-history":[{"count":1,"href":"https:\/\/noticiasmercedinas.com\/site\/wp-json\/wp\/v2\/posts\/137373\/revisions"}],"predecessor-version":[{"id":137375,"href":"https:\/\/noticiasmercedinas.com\/site\/wp-json\/wp\/v2\/posts\/137373\/revisions\/137375"}],"wp:featuredmedia":[{"embeddable":true,"href":"https:\/\/noticiasmercedinas.com\/site\/wp-json\/wp\/v2\/media\/137374"}],"wp:attachment":[{"href":"https:\/\/noticiasmercedinas.com\/site\/wp-json\/wp\/v2\/media?parent=137373"}],"wp:term":[{"taxonomy":"category","embeddable":true,"href":"https:\/\/noticiasmercedinas.com\/site\/wp-json\/wp\/v2\/categories?post=137373"},{"taxonomy":"post_tag","embeddable":true,"href":"https:\/\/noticiasmercedinas.com\/site\/wp-json\/wp\/v2\/tags?post=137373"}],"curies":[{"name":"wp","href":"https:\/\/api.w.org\/{rel}","templated":true}]}}