{"id":13744,"date":"2019-03-10T22:17:22","date_gmt":"2019-03-11T01:17:22","guid":{"rendered":"https:\/\/noticiasmercedinas.com\/site\/?p=13744"},"modified":"2019-03-10T22:19:09","modified_gmt":"2019-03-11T01:19:09","slug":"tenis-expectativa-en-el-circuito-mercedino-por-inicio-de-torneos","status":"publish","type":"post","link":"https:\/\/noticiasmercedinas.com\/site\/2019\/03\/10\/tenis-expectativa-en-el-circuito-mercedino-por-inicio-de-torneos\/","title":{"rendered":"Tenis: expectativa en el Circuito Mercedino por inicio de torneos"},"content":{"rendered":"<div>\n<p><img loading=\"lazy\" decoding=\"async\" class=\"alignnone size-large wp-image-13745\" src=\"https:\/\/noticiasmercedinas.com\/site\/wp-content\/uploads\/2019\/03\/IMG_20190310_090327-1024x576.jpg\" alt=\"\" width=\"640\" height=\"360\" srcset=\"https:\/\/noticiasmercedinas.com\/site\/wp-content\/uploads\/2019\/03\/IMG_20190310_090327-1024x576.jpg 1024w, https:\/\/noticiasmercedinas.com\/site\/wp-content\/uploads\/2019\/03\/IMG_20190310_090327-300x169.jpg 300w, https:\/\/noticiasmercedinas.com\/site\/wp-content\/uploads\/2019\/03\/IMG_20190310_090327-768x432.jpg 768w, https:\/\/noticiasmercedinas.com\/site\/wp-content\/uploads\/2019\/03\/IMG_20190310_090327-640x360.jpg 640w, https:\/\/noticiasmercedinas.com\/site\/wp-content\/uploads\/2019\/03\/IMG_20190310_090327-1280x720.jpg 1280w, https:\/\/noticiasmercedinas.com\/site\/wp-content\/uploads\/2019\/03\/IMG_20190310_090327-681x383.jpg 681w, https:\/\/noticiasmercedinas.com\/site\/wp-content\/uploads\/2019\/03\/IMG_20190310_090327-1362x766.jpg 1362w\" sizes=\"auto, (max-width: 640px) 100vw, 640px\" \/><\/p>\n<\/div>\n<p>El pr\u00f3ximo martes 12 de marzo cierra la inscripci\u00f3n para el primer torneo del Circuito de Tenis Mercedino que se disputar\u00e1 a partir del s\u00e1bado 16 de marzo en las canchas del Club Mercedes.<\/p>\n<p>Con una inscripci\u00f3n, hasta el momento, de una gran cantidad de jugadores los organizadores aguardan hasta las 12 horas del\u00a0 pr\u00f3ximo martes para los que a\u00fan no lo hayan hecho.<\/p>\n<p>Seg\u00fan informaron, este a\u00f1o se realizar\u00e1n un total de 3 torneos y un master final en el mes de noviembre al que clasificar\u00e1n los 8 mejores jugadores de cada categor\u00eda.<\/p>\n<p>Quienes quieran inscribirse podr\u00e1n hacerlo llamando a Juan Ignacio Mathiss (1165408347) o a Yeye Fresia (2324646346).<\/p>\n","protected":false},"excerpt":{"rendered":"<p>El pr\u00f3ximo martes 12 de marzo cierra la inscripci\u00f3n para el primer torneo del Circuito de Tenis Mercedino que se disputar\u00e1 a partir del s\u00e1bado 16 de marzo en las canchas del Club Mercedes. Con una inscripci\u00f3n, hasta el momento, de una gran cantidad de jugadores los organizadores aguardan hasta las 12 horas del\u00a0 pr\u00f3ximo [&hellip;]<\/p>\n","protected":false},"author":2,"featured_media":13745,"comment_status":"open","ping_status":"open","sticky":false,"template":"","format":"standard","meta":{"footnotes":""},"categories":[5],"tags":[3844,135,23,133],"class_list":["post-13744","post","type-post","status-publish","format-standard","has-post-thumbnail","hentry","category-deportes","tag-circuito","tag-club-mercedes","tag-mercedes","tag-tenis"],"yoast_head":"<!-- This site is optimized with the Yoast SEO plugin v27.4 - https:\/\/yoast.com\/product\/yoast-seo-wordpress\/ -->\n<title>Tenis: expectativa en el Circuito Mercedino por inicio de torneos<\/title>\n<meta name=\"robots\" content=\"index, follow, max-snippet:-1, max-image-preview:large, max-video-preview:-1\" \/>\n<link rel=\"canonical\" href=\"https:\/\/noticiasmercedinas.com\/site\/2019\/03\/10\/tenis-expectativa-en-el-circuito-mercedino-por-inicio-de-torneos\/\" \/>\n<meta property=\"og:locale\" content=\"es_ES\" \/>\n<meta property=\"og:type\" content=\"article\" \/>\n<meta property=\"og:title\" content=\"Tenis: expectativa en el Circuito Mercedino por inicio de torneos\" \/>\n<meta property=\"og:description\" content=\"El pr\u00f3ximo martes 12 de marzo cierra la inscripci\u00f3n para el primer torneo del Circuito de Tenis Mercedino que se disputar\u00e1 a partir del s\u00e1bado 16 de marzo en las canchas del Club Mercedes. Con una inscripci\u00f3n, hasta el momento, de una gran cantidad de jugadores los organizadores aguardan hasta las 12 horas del\u00a0 pr\u00f3ximo [&hellip;]\" \/>\n<meta property=\"og:url\" content=\"https:\/\/noticiasmercedinas.com\/site\/2019\/03\/10\/tenis-expectativa-en-el-circuito-mercedino-por-inicio-de-torneos\/\" \/>\n<meta property=\"og:site_name\" content=\"NOTICIASMERCEDINAS.COM\" \/>\n<meta property=\"article:publisher\" content=\"https:\/\/www.facebook.com\/noticiasmercedinas\/\" \/>\n<meta property=\"article:author\" content=\"https:\/\/www.facebook.com\/cristian.falabella\" \/>\n<meta property=\"article:published_time\" content=\"2019-03-11T01:17:22+00:00\" \/>\n<meta property=\"article:modified_time\" content=\"2019-03-11T01:19:09+00:00\" \/>\n<meta property=\"og:image\" content=\"https:\/\/noticiasmercedinas.com\/site\/wp-content\/uploads\/2019\/03\/IMG_20190310_090327.jpg\" \/>\n\t<meta property=\"og:image:width\" content=\"2560\" \/>\n\t<meta property=\"og:image:height\" content=\"1440\" \/>\n\t<meta property=\"og:image:type\" content=\"image\/jpeg\" \/>\n<meta name=\"author\" content=\"Cristian Falabella NOTICIASMERCEDINAS.COM\" \/>\n<meta name=\"twitter:card\" content=\"summary_large_image\" \/>\n<meta name=\"twitter:creator\" content=\"@https:\/\/twitter.com\/NOTMERCEDINAS\" \/>\n<meta name=\"twitter:site\" content=\"@notmercedinas\" \/>\n<meta name=\"twitter:label1\" content=\"Escrito por\" \/>\n\t<meta name=\"twitter:data1\" content=\"Cristian Falabella NOTICIASMERCEDINAS.COM\" \/>\n\t<meta name=\"twitter:label2\" content=\"Tiempo de lectura\" \/>\n\t<meta name=\"twitter:data2\" content=\"1 minuto\" \/>\n<script type=\"application\/ld+json\" class=\"yoast-schema-graph\">{\"@context\":\"https:\\\/\\\/schema.org\",\"@graph\":[{\"@type\":\"Article\",\"@id\":\"https:\\\/\\\/noticiasmercedinas.com\\\/site\\\/2019\\\/03\\\/10\\\/tenis-expectativa-en-el-circuito-mercedino-por-inicio-de-torneos\\\/#article\",\"isPartOf\":{\"@id\":\"https:\\\/\\\/noticiasmercedinas.com\\\/site\\\/2019\\\/03\\\/10\\\/tenis-expectativa-en-el-circuito-mercedino-por-inicio-de-torneos\\\/\"},\"author\":{\"name\":\"Cristian Falabella NOTICIASMERCEDINAS.COM\",\"@id\":\"https:\\\/\\\/noticiasmercedinas.com\\\/site\\\/#\\\/schema\\\/person\\\/d481a9696a5feaec13a60e2bbd991a6a\"},\"headline\":\"Tenis: expectativa en el Circuito Mercedino por inicio de torneos\",\"datePublished\":\"2019-03-11T01:17:22+00:00\",\"dateModified\":\"2019-03-11T01:19:09+00:00\",\"mainEntityOfPage\":{\"@id\":\"https:\\\/\\\/noticiasmercedinas.com\\\/site\\\/2019\\\/03\\\/10\\\/tenis-expectativa-en-el-circuito-mercedino-por-inicio-de-torneos\\\/\"},\"wordCount\":125,\"commentCount\":0,\"publisher\":{\"@id\":\"https:\\\/\\\/noticiasmercedinas.com\\\/site\\\/#organization\"},\"image\":{\"@id\":\"https:\\\/\\\/noticiasmercedinas.com\\\/site\\\/2019\\\/03\\\/10\\\/tenis-expectativa-en-el-circuito-mercedino-por-inicio-de-torneos\\\/#primaryimage\"},\"thumbnailUrl\":\"https:\\\/\\\/noticiasmercedinas.com\\\/site\\\/wp-content\\\/uploads\\\/2019\\\/03\\\/IMG_20190310_090327.jpg\",\"keywords\":[\"circuito\",\"club mercedes\",\"mercedes\",\"tenis\"],\"articleSection\":[\"Deportes\"],\"inLanguage\":\"es\",\"potentialAction\":[{\"@type\":\"CommentAction\",\"name\":\"Comment\",\"target\":[\"https:\\\/\\\/noticiasmercedinas.com\\\/site\\\/2019\\\/03\\\/10\\\/tenis-expectativa-en-el-circuito-mercedino-por-inicio-de-torneos\\\/#respond\"]}]},{\"@type\":\"WebPage\",\"@id\":\"https:\\\/\\\/noticiasmercedinas.com\\\/site\\\/2019\\\/03\\\/10\\\/tenis-expectativa-en-el-circuito-mercedino-por-inicio-de-torneos\\\/\",\"url\":\"https:\\\/\\\/noticiasmercedinas.com\\\/site\\\/2019\\\/03\\\/10\\\/tenis-expectativa-en-el-circuito-mercedino-por-inicio-de-torneos\\\/\",\"name\":\"Tenis: expectativa en el Circuito Mercedino por inicio de torneos\",\"isPartOf\":{\"@id\":\"https:\\\/\\\/noticiasmercedinas.com\\\/site\\\/#website\"},\"primaryImageOfPage\":{\"@id\":\"https:\\\/\\\/noticiasmercedinas.com\\\/site\\\/2019\\\/03\\\/10\\\/tenis-expectativa-en-el-circuito-mercedino-por-inicio-de-torneos\\\/#primaryimage\"},\"image\":{\"@id\":\"https:\\\/\\\/noticiasmercedinas.com\\\/site\\\/2019\\\/03\\\/10\\\/tenis-expectativa-en-el-circuito-mercedino-por-inicio-de-torneos\\\/#primaryimage\"},\"thumbnailUrl\":\"https:\\\/\\\/noticiasmercedinas.com\\\/site\\\/wp-content\\\/uploads\\\/2019\\\/03\\\/IMG_20190310_090327.jpg\",\"datePublished\":\"2019-03-11T01:17:22+00:00\",\"dateModified\":\"2019-03-11T01:19:09+00:00\",\"breadcrumb\":{\"@id\":\"https:\\\/\\\/noticiasmercedinas.com\\\/site\\\/2019\\\/03\\\/10\\\/tenis-expectativa-en-el-circuito-mercedino-por-inicio-de-torneos\\\/#breadcrumb\"},\"inLanguage\":\"es\",\"potentialAction\":[{\"@type\":\"ReadAction\",\"target\":[\"https:\\\/\\\/noticiasmercedinas.com\\\/site\\\/2019\\\/03\\\/10\\\/tenis-expectativa-en-el-circuito-mercedino-por-inicio-de-torneos\\\/\"]}]},{\"@type\":\"ImageObject\",\"inLanguage\":\"es\",\"@id\":\"https:\\\/\\\/noticiasmercedinas.com\\\/site\\\/2019\\\/03\\\/10\\\/tenis-expectativa-en-el-circuito-mercedino-por-inicio-de-torneos\\\/#primaryimage\",\"url\":\"https:\\\/\\\/noticiasmercedinas.com\\\/site\\\/wp-content\\\/uploads\\\/2019\\\/03\\\/IMG_20190310_090327.jpg\",\"contentUrl\":\"https:\\\/\\\/noticiasmercedinas.com\\\/site\\\/wp-content\\\/uploads\\\/2019\\\/03\\\/IMG_20190310_090327.jpg\",\"width\":2560,\"height\":1440},{\"@type\":\"BreadcrumbList\",\"@id\":\"https:\\\/\\\/noticiasmercedinas.com\\\/site\\\/2019\\\/03\\\/10\\\/tenis-expectativa-en-el-circuito-mercedino-por-inicio-de-torneos\\\/#breadcrumb\",\"itemListElement\":[{\"@type\":\"ListItem\",\"position\":1,\"name\":\"Portada\",\"item\":\"https:\\\/\\\/noticiasmercedinas.com\\\/site\\\/\"},{\"@type\":\"ListItem\",\"position\":2,\"name\":\"Tenis: expectativa en el Circuito Mercedino por inicio de torneos\"}]},{\"@type\":\"WebSite\",\"@id\":\"https:\\\/\\\/noticiasmercedinas.com\\\/site\\\/#website\",\"url\":\"https:\\\/\\\/noticiasmercedinas.com\\\/site\\\/\",\"name\":\"NOTICIASMERCEDINAS.COM\",\"description\":\"Mercedes, Buenos Aires, Argentina\",\"publisher\":{\"@id\":\"https:\\\/\\\/noticiasmercedinas.com\\\/site\\\/#organization\"},\"potentialAction\":[{\"@type\":\"SearchAction\",\"target\":{\"@type\":\"EntryPoint\",\"urlTemplate\":\"https:\\\/\\\/noticiasmercedinas.com\\\/site\\\/?s={search_term_string}\"},\"query-input\":{\"@type\":\"PropertyValueSpecification\",\"valueRequired\":true,\"valueName\":\"search_term_string\"}}],\"inLanguage\":\"es\"},{\"@type\":\"Organization\",\"@id\":\"https:\\\/\\\/noticiasmercedinas.com\\\/site\\\/#organization\",\"name\":\"NOTICIASMERCEDINAS.COM\",\"url\":\"https:\\\/\\\/noticiasmercedinas.com\\\/site\\\/\",\"logo\":{\"@type\":\"ImageObject\",\"inLanguage\":\"es\",\"@id\":\"https:\\\/\\\/noticiasmercedinas.com\\\/site\\\/#\\\/schema\\\/logo\\\/image\\\/\",\"url\":\"https:\\\/\\\/noticiasmercedinas.com\\\/site\\\/wp-content\\\/uploads\\\/2020\\\/06\\\/LOGO-512.jpg\",\"contentUrl\":\"https:\\\/\\\/noticiasmercedinas.com\\\/site\\\/wp-content\\\/uploads\\\/2020\\\/06\\\/LOGO-512.jpg\",\"width\":512,\"height\":512,\"caption\":\"NOTICIASMERCEDINAS.COM\"},\"image\":{\"@id\":\"https:\\\/\\\/noticiasmercedinas.com\\\/site\\\/#\\\/schema\\\/logo\\\/image\\\/\"},\"sameAs\":[\"https:\\\/\\\/www.facebook.com\\\/noticiasmercedinas\\\/\",\"https:\\\/\\\/x.com\\\/notmercedinas\",\"https:\\\/\\\/www.instagram.com\\\/noticiasmercedinas\\\/\"]},{\"@type\":\"Person\",\"@id\":\"https:\\\/\\\/noticiasmercedinas.com\\\/site\\\/#\\\/schema\\\/person\\\/d481a9696a5feaec13a60e2bbd991a6a\",\"name\":\"Cristian Falabella NOTICIASMERCEDINAS.COM\",\"image\":{\"@type\":\"ImageObject\",\"inLanguage\":\"es\",\"@id\":\"https:\\\/\\\/secure.gravatar.com\\\/avatar\\\/0dbbfc45970cc46bcd0e57766228574ff3511d6eed045b182f536f0f478c1f06?s=96&d=mm&r=g\",\"url\":\"https:\\\/\\\/secure.gravatar.com\\\/avatar\\\/0dbbfc45970cc46bcd0e57766228574ff3511d6eed045b182f536f0f478c1f06?s=96&d=mm&r=g\",\"contentUrl\":\"https:\\\/\\\/secure.gravatar.com\\\/avatar\\\/0dbbfc45970cc46bcd0e57766228574ff3511d6eed045b182f536f0f478c1f06?s=96&d=mm&r=g\",\"caption\":\"Cristian Falabella NOTICIASMERCEDINAS.COM\"},\"description\":\"Periodista, editor de Noticias Mercedinas. Pas\u00f3 por varias redacciones y emprendimientos de prensa, en distintos formatos y \u00e9pocas. Se especializ\u00f3 --y sigue haci\u00e9ndolo-- en comunicaci\u00f3n en la web y en junio de 2006 fund\u00f3 este diario digital.\",\"sameAs\":[\"https:\\\/\\\/noticiasmercedinas.com\",\"https:\\\/\\\/www.facebook.com\\\/cristian.falabella\",\"https:\\\/\\\/www.instagram.com\\\/noticiasmercedinas\\\/\",\"https:\\\/\\\/x.com\\\/https:\\\/\\\/twitter.com\\\/NOTMERCEDINAS\"],\"url\":\"https:\\\/\\\/noticiasmercedinas.com\\\/site\\\/author\\\/as000384\\\/\"}]}<\/script>\n<!-- \/ Yoast SEO plugin. -->","yoast_head_json":{"title":"Tenis: expectativa en el Circuito Mercedino por inicio de torneos","robots":{"index":"index","follow":"follow","max-snippet":"max-snippet:-1","max-image-preview":"max-image-preview:large","max-video-preview":"max-video-preview:-1"},"canonical":"https:\/\/noticiasmercedinas.com\/site\/2019\/03\/10\/tenis-expectativa-en-el-circuito-mercedino-por-inicio-de-torneos\/","og_locale":"es_ES","og_type":"article","og_title":"Tenis: expectativa en el Circuito Mercedino por inicio de torneos","og_description":"El pr\u00f3ximo martes 12 de marzo cierra la inscripci\u00f3n para el primer torneo del Circuito de Tenis Mercedino que se disputar\u00e1 a partir del s\u00e1bado 16 de marzo en las canchas del Club Mercedes. Con una inscripci\u00f3n, hasta el momento, de una gran cantidad de jugadores los organizadores aguardan hasta las 12 horas del\u00a0 pr\u00f3ximo [&hellip;]","og_url":"https:\/\/noticiasmercedinas.com\/site\/2019\/03\/10\/tenis-expectativa-en-el-circuito-mercedino-por-inicio-de-torneos\/","og_site_name":"NOTICIASMERCEDINAS.COM","article_publisher":"https:\/\/www.facebook.com\/noticiasmercedinas\/","article_author":"https:\/\/www.facebook.com\/cristian.falabella","article_published_time":"2019-03-11T01:17:22+00:00","article_modified_time":"2019-03-11T01:19:09+00:00","og_image":[{"width":2560,"height":1440,"url":"https:\/\/noticiasmercedinas.com\/site\/wp-content\/uploads\/2019\/03\/IMG_20190310_090327.jpg","type":"image\/jpeg"}],"author":"Cristian Falabella NOTICIASMERCEDINAS.COM","twitter_card":"summary_large_image","twitter_creator":"@https:\/\/twitter.com\/NOTMERCEDINAS","twitter_site":"@notmercedinas","twitter_misc":{"Escrito por":"Cristian Falabella NOTICIASMERCEDINAS.COM","Tiempo de lectura":"1 minuto"},"schema":{"@context":"https:\/\/schema.org","@graph":[{"@type":"Article","@id":"https:\/\/noticiasmercedinas.com\/site\/2019\/03\/10\/tenis-expectativa-en-el-circuito-mercedino-por-inicio-de-torneos\/#article","isPartOf":{"@id":"https:\/\/noticiasmercedinas.com\/site\/2019\/03\/10\/tenis-expectativa-en-el-circuito-mercedino-por-inicio-de-torneos\/"},"author":{"name":"Cristian Falabella NOTICIASMERCEDINAS.COM","@id":"https:\/\/noticiasmercedinas.com\/site\/#\/schema\/person\/d481a9696a5feaec13a60e2bbd991a6a"},"headline":"Tenis: expectativa en el Circuito Mercedino por inicio de torneos","datePublished":"2019-03-11T01:17:22+00:00","dateModified":"2019-03-11T01:19:09+00:00","mainEntityOfPage":{"@id":"https:\/\/noticiasmercedinas.com\/site\/2019\/03\/10\/tenis-expectativa-en-el-circuito-mercedino-por-inicio-de-torneos\/"},"wordCount":125,"commentCount":0,"publisher":{"@id":"https:\/\/noticiasmercedinas.com\/site\/#organization"},"image":{"@id":"https:\/\/noticiasmercedinas.com\/site\/2019\/03\/10\/tenis-expectativa-en-el-circuito-mercedino-por-inicio-de-torneos\/#primaryimage"},"thumbnailUrl":"https:\/\/noticiasmercedinas.com\/site\/wp-content\/uploads\/2019\/03\/IMG_20190310_090327.jpg","keywords":["circuito","club mercedes","mercedes","tenis"],"articleSection":["Deportes"],"inLanguage":"es","potentialAction":[{"@type":"CommentAction","name":"Comment","target":["https:\/\/noticiasmercedinas.com\/site\/2019\/03\/10\/tenis-expectativa-en-el-circuito-mercedino-por-inicio-de-torneos\/#respond"]}]},{"@type":"WebPage","@id":"https:\/\/noticiasmercedinas.com\/site\/2019\/03\/10\/tenis-expectativa-en-el-circuito-mercedino-por-inicio-de-torneos\/","url":"https:\/\/noticiasmercedinas.com\/site\/2019\/03\/10\/tenis-expectativa-en-el-circuito-mercedino-por-inicio-de-torneos\/","name":"Tenis: expectativa en el Circuito Mercedino por inicio de torneos","isPartOf":{"@id":"https:\/\/noticiasmercedinas.com\/site\/#website"},"primaryImageOfPage":{"@id":"https:\/\/noticiasmercedinas.com\/site\/2019\/03\/10\/tenis-expectativa-en-el-circuito-mercedino-por-inicio-de-torneos\/#primaryimage"},"image":{"@id":"https:\/\/noticiasmercedinas.com\/site\/2019\/03\/10\/tenis-expectativa-en-el-circuito-mercedino-por-inicio-de-torneos\/#primaryimage"},"thumbnailUrl":"https:\/\/noticiasmercedinas.com\/site\/wp-content\/uploads\/2019\/03\/IMG_20190310_090327.jpg","datePublished":"2019-03-11T01:17:22+00:00","dateModified":"2019-03-11T01:19:09+00:00","breadcrumb":{"@id":"https:\/\/noticiasmercedinas.com\/site\/2019\/03\/10\/tenis-expectativa-en-el-circuito-mercedino-por-inicio-de-torneos\/#breadcrumb"},"inLanguage":"es","potentialAction":[{"@type":"ReadAction","target":["https:\/\/noticiasmercedinas.com\/site\/2019\/03\/10\/tenis-expectativa-en-el-circuito-mercedino-por-inicio-de-torneos\/"]}]},{"@type":"ImageObject","inLanguage":"es","@id":"https:\/\/noticiasmercedinas.com\/site\/2019\/03\/10\/tenis-expectativa-en-el-circuito-mercedino-por-inicio-de-torneos\/#primaryimage","url":"https:\/\/noticiasmercedinas.com\/site\/wp-content\/uploads\/2019\/03\/IMG_20190310_090327.jpg","contentUrl":"https:\/\/noticiasmercedinas.com\/site\/wp-content\/uploads\/2019\/03\/IMG_20190310_090327.jpg","width":2560,"height":1440},{"@type":"BreadcrumbList","@id":"https:\/\/noticiasmercedinas.com\/site\/2019\/03\/10\/tenis-expectativa-en-el-circuito-mercedino-por-inicio-de-torneos\/#breadcrumb","itemListElement":[{"@type":"ListItem","position":1,"name":"Portada","item":"https:\/\/noticiasmercedinas.com\/site\/"},{"@type":"ListItem","position":2,"name":"Tenis: expectativa en el Circuito Mercedino por inicio de torneos"}]},{"@type":"WebSite","@id":"https:\/\/noticiasmercedinas.com\/site\/#website","url":"https:\/\/noticiasmercedinas.com\/site\/","name":"NOTICIASMERCEDINAS.COM","description":"Mercedes, Buenos Aires, Argentina","publisher":{"@id":"https:\/\/noticiasmercedinas.com\/site\/#organization"},"potentialAction":[{"@type":"SearchAction","target":{"@type":"EntryPoint","urlTemplate":"https:\/\/noticiasmercedinas.com\/site\/?s={search_term_string}"},"query-input":{"@type":"PropertyValueSpecification","valueRequired":true,"valueName":"search_term_string"}}],"inLanguage":"es"},{"@type":"Organization","@id":"https:\/\/noticiasmercedinas.com\/site\/#organization","name":"NOTICIASMERCEDINAS.COM","url":"https:\/\/noticiasmercedinas.com\/site\/","logo":{"@type":"ImageObject","inLanguage":"es","@id":"https:\/\/noticiasmercedinas.com\/site\/#\/schema\/logo\/image\/","url":"https:\/\/noticiasmercedinas.com\/site\/wp-content\/uploads\/2020\/06\/LOGO-512.jpg","contentUrl":"https:\/\/noticiasmercedinas.com\/site\/wp-content\/uploads\/2020\/06\/LOGO-512.jpg","width":512,"height":512,"caption":"NOTICIASMERCEDINAS.COM"},"image":{"@id":"https:\/\/noticiasmercedinas.com\/site\/#\/schema\/logo\/image\/"},"sameAs":["https:\/\/www.facebook.com\/noticiasmercedinas\/","https:\/\/x.com\/notmercedinas","https:\/\/www.instagram.com\/noticiasmercedinas\/"]},{"@type":"Person","@id":"https:\/\/noticiasmercedinas.com\/site\/#\/schema\/person\/d481a9696a5feaec13a60e2bbd991a6a","name":"Cristian Falabella NOTICIASMERCEDINAS.COM","image":{"@type":"ImageObject","inLanguage":"es","@id":"https:\/\/secure.gravatar.com\/avatar\/0dbbfc45970cc46bcd0e57766228574ff3511d6eed045b182f536f0f478c1f06?s=96&d=mm&r=g","url":"https:\/\/secure.gravatar.com\/avatar\/0dbbfc45970cc46bcd0e57766228574ff3511d6eed045b182f536f0f478c1f06?s=96&d=mm&r=g","contentUrl":"https:\/\/secure.gravatar.com\/avatar\/0dbbfc45970cc46bcd0e57766228574ff3511d6eed045b182f536f0f478c1f06?s=96&d=mm&r=g","caption":"Cristian Falabella NOTICIASMERCEDINAS.COM"},"description":"Periodista, editor de Noticias Mercedinas. Pas\u00f3 por varias redacciones y emprendimientos de prensa, en distintos formatos y \u00e9pocas. Se especializ\u00f3 --y sigue haci\u00e9ndolo-- en comunicaci\u00f3n en la web y en junio de 2006 fund\u00f3 este diario digital.","sameAs":["https:\/\/noticiasmercedinas.com","https:\/\/www.facebook.com\/cristian.falabella","https:\/\/www.instagram.com\/noticiasmercedinas\/","https:\/\/x.com\/https:\/\/twitter.com\/NOTMERCEDINAS"],"url":"https:\/\/noticiasmercedinas.com\/site\/author\/as000384\/"}]}},"amp_enabled":true,"_links":{"self":[{"href":"https:\/\/noticiasmercedinas.com\/site\/wp-json\/wp\/v2\/posts\/13744","targetHints":{"allow":["GET"]}}],"collection":[{"href":"https:\/\/noticiasmercedinas.com\/site\/wp-json\/wp\/v2\/posts"}],"about":[{"href":"https:\/\/noticiasmercedinas.com\/site\/wp-json\/wp\/v2\/types\/post"}],"author":[{"embeddable":true,"href":"https:\/\/noticiasmercedinas.com\/site\/wp-json\/wp\/v2\/users\/2"}],"replies":[{"embeddable":true,"href":"https:\/\/noticiasmercedinas.com\/site\/wp-json\/wp\/v2\/comments?post=13744"}],"version-history":[{"count":2,"href":"https:\/\/noticiasmercedinas.com\/site\/wp-json\/wp\/v2\/posts\/13744\/revisions"}],"predecessor-version":[{"id":13748,"href":"https:\/\/noticiasmercedinas.com\/site\/wp-json\/wp\/v2\/posts\/13744\/revisions\/13748"}],"wp:featuredmedia":[{"embeddable":true,"href":"https:\/\/noticiasmercedinas.com\/site\/wp-json\/wp\/v2\/media\/13745"}],"wp:attachment":[{"href":"https:\/\/noticiasmercedinas.com\/site\/wp-json\/wp\/v2\/media?parent=13744"}],"wp:term":[{"taxonomy":"category","embeddable":true,"href":"https:\/\/noticiasmercedinas.com\/site\/wp-json\/wp\/v2\/categories?post=13744"},{"taxonomy":"post_tag","embeddable":true,"href":"https:\/\/noticiasmercedinas.com\/site\/wp-json\/wp\/v2\/tags?post=13744"}],"curies":[{"name":"wp","href":"https:\/\/api.w.org\/{rel}","templated":true}]}}