{"id":137622,"date":"2024-06-03T17:11:24","date_gmt":"2024-06-03T20:11:24","guid":{"rendered":"https:\/\/noticiasmercedinas.com\/site\/?p=137622"},"modified":"2024-06-03T17:11:24","modified_gmt":"2024-06-03T20:11:24","slug":"duras-criticas-de-concejal-mandato-cumplido-a-la-gestion-del-pj-en-mercedes","status":"publish","type":"post","link":"https:\/\/noticiasmercedinas.com\/site\/2024\/06\/03\/duras-criticas-de-concejal-mandato-cumplido-a-la-gestion-del-pj-en-mercedes\/","title":{"rendered":"Duras cr\u00edticas de concejal mandato cumplido a la gesti\u00f3n del PJ en Mercedes"},"content":{"rendered":"<p><img loading=\"lazy\" decoding=\"async\" class=\"alignnone wp-image-52916\" src=\"https:\/\/noticiasmercedinas.com\/site\/wp-content\/uploads\/2020\/09\/juannavarroalerta.jpg\" alt=\"\" width=\"640\" height=\"453\" srcset=\"https:\/\/noticiasmercedinas.com\/site\/wp-content\/uploads\/2020\/09\/juannavarroalerta.jpg 512w, https:\/\/noticiasmercedinas.com\/site\/wp-content\/uploads\/2020\/09\/juannavarroalerta-300x212.jpg 300w\" sizes=\"auto, (max-width: 640px) 100vw, 640px\" \/><\/p>\n<p>A trav\u00e9s de una solicitada publicada en los peri\u00f3dicos impresos semanales de la ciudad, <strong>Juan Manuel Navarro<\/strong>, quien es concejal mandato cumplido y afiliado radical, critic\u00f3 duramente la gesti\u00f3n del Partido Justicialista de Mercedes, desde 1983. Acus\u00f3 al partido de perpetuar la pobreza y la dependencia estatal, de no generar empleo ni desarrollo industrial, y de manejar el municipio de manera ineficiente y corrupta.<\/p>\n<p>Adem\u00e1s Navarro se\u00f1al\u00f3 el cierre de empresas y la falta de servicios b\u00e1sicos como problemas graves. Tambi\u00e9n denunci\u00f3 la corrupci\u00f3n durante la pandemia y la falta de moral en la pol\u00edtica local. En este contexto sostuvo que los problemas de Mercedes reflejan una crisis moral que afecta a toda Argentina y abog\u00f3 por una soluci\u00f3n conjunta y un cambio en la forma de gobernar.<\/p>\n<p>La solicitada completa es la siguiente:<\/p>\n<p><strong>NO TIENEN VERG\u00dcENZA<\/strong><\/p>\n<p>Hace pocos d\u00edas le\u00ed declaraciones de una concejal que realmente refleja lo que ha pasado en Mercedes desde hace m\u00e1s de 40 a\u00f1os. \u00abMercedes est\u00e1 CUBANIZADA\u00bb, asever\u00f3 la concejal, en una excelente definici\u00f3n de lo que ha sucedido en las \u00faltimas d\u00e9cadas y profundizado en este \u00faltimo lustro.<\/p>\n<p>El Partido Justicialista (PERONISTA) en sus distintas versiones gobern\u00f3 Mercedes desde 1983 a la fecha, y en varias oportunidades tuvieron el poder hegem\u00f3nico con Naci\u00f3n, provincia y municipio, y no fueron capaces de generar un BENDITO PUESTO de TRABAJO.<\/p>\n<p>Quieren tanto a los pobres que los han multiplicado, y peor a\u00fan, los han sometido a la marginalidad, sin servicios b\u00e1sicos, sin dignidad, pero con MUCHA DEPENDENCIA hacia la clase pol\u00edtica del PJ local. Les encanta una sociedad BIEN DEPENDIENTE y, en lo posible, inculta para llevarlos de las narices.<\/p>\n<p>Hace 42 a\u00f1os, solo exist\u00edan dos barrios humildes, uno b\u00e1sicamente compuesto por clase trabajadora, como lo era el barrio obrero, y otro m\u00e1s marginal, como lo era el barrio Villa Ruiz, que luego de la inundaci\u00f3n de 1985 se traslad\u00f3 en su mayor\u00eda al barrio San Mart\u00edn.<\/p>\n<p>En un resumen escueto, de 1983 a la fecha, podr\u00edamos se\u00f1alar que el municipio fue gobernado solamente por el PERONISMO, primero con Gioscio estando Cafiero en Provincia y Menem en Naci\u00f3n, luego con Selva estando Scioli, Kirchner y Cristina Fern\u00e1ndez y Wadito de ministro, y por \u00faltimo gobierna Ustarroz estando Alberto de pseudo presidente, Cristina Fern\u00e1ndez y nuevamente Wadito de s\u00faper ministro, sumados a varios diputados nacionales y provinciales oriundos de Mercedes, y siempre la constante fue la falta de oportunidades y trabajo en nuestro querido Mercedes.<\/p>\n<p>Yo me pregunto, y les pregunto: luego de tantos a\u00f1os teniendo relaciones pol\u00edticas de alto grado con pol\u00edticos y empresarios nacionales, \u00bfpuede ser que no se les haya ocurrido generar una SECRETAR\u00cdA DE PRODUCCI\u00d3N para soltar toda la fuerza productiva de nuestros queridos mercedinos? \u00bfPuede ser que no se les haya ocurrido? O peor a\u00fan, \u00bfser\u00e1 que les gusta tener sometido a su pueblo a la marginalidad y dependencia estatal?<\/p>\n<p>Si vemos en la actualidad la geograf\u00eda de nuestra ciudad, vemos que est\u00e1 diseminada de barrios marginales. Los invito a que la vean satelitalmente y corroborar\u00e1n lo que estoy manifestando, o bien salir de las 4 avenidas para corroborar lo dicho. Gioscio dej\u00f3 cerrar Dupont, y Selva lo convalid\u00f3 t\u00e1citamente con su silencio (1200 puestos de trabajo formales y formados librados a la calle. Imperdonable la Revoluci\u00f3n Productiva). Nueve (9) a\u00f1os de la gesti\u00f3n actual de Ustarroz y ni un solo puesto ni f\u00e1brica, teniendo ministerios nacionales, provinciales y funcionarios mercedinos por doquier en distintas reparticiones nacionales y provinciales y siempre fue la misma l\u00f3gica, CERO trabajo para los mercedinos.<\/p>\n<p>Hablando del Estado Municipal, en eso son campeones del mundo. Gioscio dej\u00f3 en el 2003 a 700 personas en planta permanente, Selva en 2015 a 1100 m\u00e1s contratados, y Ustarroz la elev\u00f3 a 1200 personas m\u00e1s 900 contratos precarizados (v\u00e9ase que a\u00f1o a a\u00f1o la planta se renueva, ya que se jubilan 50 municipales al a\u00f1o). Ello manifiesta ineficiencia, utilizaci\u00f3n del estado para r\u00e9dito pol\u00edtico y, por sobre todo, achicamiento de la MAGRA MASA SALARIAL del empleado municipal. Esta situaci\u00f3n se agrava m\u00e1s en Mercedes, toda vez que en distritos vecinos como Navarro, Suipacha, Giles y Luj\u00e1n tienen a cargo los hospitales, cosa que no sucede en nuestra ciudad al no tener a cargo el hospital Blas Dubarry, el cual depende de la provincia de Buenos Aires.<\/p>\n<p>Hablaron durante la campa\u00f1a del 2019 de la mesa del hambre, y VOTARON, FUERON PARTE Y PROTAGONISTAS PRINCIPALES del peor gobierno nacional de la historia argentina, y ahora tienen el tup\u00e9 de querer conformar el Banco Municipal de Alimentos. No sean caraduras, cuando hace d\u00e9cadas que TRISTEMENTE dan bolsones de comida a las m\u00e1s humildes familias de Mercedes.<\/p>\n<p>Se olvidaron de la dignidad de la gente, que es justamente darle la oportunidad de ganarse el pan con el sudor de la frente.<\/p>\n<p>41 a\u00f1os de democracia gobernando Mercedes y lo \u00fanico que hicieron fue cerrar PYMES, y como si fuera poco remataron las \u00faltimas 10 hect\u00e1reas del parque industrial a una empresa qu\u00edmica, que por CASUALIDAD o DECISI\u00d3N se instal\u00f3 a metros del R\u00edo Luj\u00e1n, y que al d\u00eda de hoy no gener\u00f3 un solo puesto de trabajo estable.<\/p>\n<p>NO TIENEN VERG\u00dcENZA. En t\u00e9rminos de planificaci\u00f3n urbana tambi\u00e9n son campeones. Consolidan barrios en extremos m\u00e1s extensos a la planta depuradora y r\u00edo arriba del R\u00edo Luj\u00e1n, generando potenciales conflictos con industrias instaladas hace m\u00e1s de 50 a\u00f1os como el frigor\u00edfico El Mercedino. Son amigos de la excepci\u00f3n al C\u00d3DIGO DE PLANEAMIENTO URBANO por medio de la nefasta ley provincial 14449 que otorga facultades arbitrarias de negociaci\u00f3n al INTENDENTE con los privados due\u00f1os de tierras. Urbanizan donde nunca van a existir las cloacas, condenando a los mercedinos a vaciar los pozos o tirar los residuos cloacales a las zanjas.<\/p>\n<p>NO TIENEN VERG\u00dcENZA. Ll\u00e1mense al silencio y basta de hablar de la p\u00e9rdida de derechos, porque los derechos la gente los perdi\u00f3 hace mucho al no tener salud, educaci\u00f3n, seguridad, servicios b\u00e1sicos (cloacas; v\u00e9ase como ejemplo barrio San Mart\u00edn que desde 1985 sirven las aguas servidas en la zanja) y el m\u00e1s sagrado de todos los derechos, que es el derecho al trabajo, herramienta fundamental para mantener la dignidad del hombre, sin la dependencia de los \u00faltimos 41 a\u00f1os.<\/p>\n<p>NO TIENEN VERG\u00dcENZA. Naturalizan la corrupci\u00f3n sin ponerse colorados, a costa del dinero de todos los argentinos. Son el fiel reflejo de Luis XIV de Francia: \u00abEl Estado soy yo\u00bb (traducci\u00f3n de la expresi\u00f3n francesa \u00abL&#8217;\u00c9tat, c&#8217;est moi\u00bb). Mientras la gente no ten\u00eda para comer en PLENA PANDEMIA porque las empresas y comercios estaban cerrados, NOMBRARON en el ESTADO a familiares DIRECTOS y AMIGOS y los mandaron en comisi\u00f3n a otros ministerios y estamentos del estado para CUBRIR sus INASISTENCIAS. Espero que no sean caraduras de accionar contra el estado, pues con la sola pericia de intercepci\u00f3n de llamadas se corroborar\u00e1 que no salieron de la ciudad. Si eso no es CORRUPCI\u00d3N, que alguien me lo explique.<\/p>\n<p>NO TIENEN VERG\u00dcENZA. Son el fiel reflejo de \u00abCambalache\u00bb de Enrique Santos Disc\u00e9polo, que fuera escrito en 1934 y que sigue siendo la radiograf\u00eda de la Argentina que nos dejaron, AMORAL y DECADENTE por donde se lo mire.<\/p>\n<p>NO TIENEN VERG\u00dcENZA. Aborrecen la actividad privada, pero compran bienes y viven a puertas cerradas como RICOS.<\/p>\n<p>NO TIENEN VERG\u00dcENZA. Dejaron un pa\u00eds DEVASTADO y SUMERGIDO en la peor de las miserias, con 50% de pobres, 2\/3 de los chicos pobres, millones de asalariados por debajo de la l\u00ednea de pobreza, sin educaci\u00f3n, salud, servicios y seguridad p\u00fablica.<\/p>\n<p>Un p\u00e1rrafo aparte deber\u00eda incluir la penetraci\u00f3n del narcotr\u00e1fico del a\u00f1o 2003 a la actualidad, gobernado por Kirchner, C. Fern\u00e1ndez de Kirchner y el pseudo presidente A. Fern\u00e1ndez (v\u00e9ase historia del RENAR y SEDRONAR, ruta de la EFEDRINA, Rosario, jefes territoriales del AMBA, etc., etc., porque ese es otro cap\u00edtulo aparte).<\/p>\n<p>Ahhh, y no se olviden de pedir perd\u00f3n a los familiares y amigos de los m\u00e1s de 130.000 MUERTOS de la pandemia de coronavirus, porque todos fueron parte y nunca los escuch\u00e9.<\/p>\n<p>Por \u00faltimo, quisiera se\u00f1alar que el problema de ra\u00edz de la Argentina no es econ\u00f3mico sino moral, porque esta radiograf\u00eda de lo que ha sucedido en Mercedes posiblemente sea trasladable a los miles de municipios a lo largo y ancho de nuestro bendito pa\u00eds.<\/p>\n<p>Si no comprendemos que es TODOS JUNTOS, nos seguir\u00e1n gobernando como lo han hecho desde 1983.<\/p>\n<p><em>Juan Manuel Navarro<br \/>\nCiudadano de Mercedes &#8211; PBA<br \/>\nPresidente MC por la UCR &#8211; Mercedes- PBA<br \/>\nConcejal MC por la UCR &#8211; JxC<br \/>\nConcejal MC por FR<br \/>\nAfiliado Radical<\/em><\/p>\n<p>&nbsp;<\/p>\n","protected":false},"excerpt":{"rendered":"<p>\u25a0 Juan Manuel Navarro acus\u00f3 al Partido Justicialista de perpetuar la pobreza y la dependencia estatal, de no generar empleo ni desarrollo industrial, y de manejar el municipio de manera ineficiente y corrupta<\/p>\n","protected":false},"author":16,"featured_media":57436,"comment_status":"closed","ping_status":"closed","sticky":false,"template":"","format":"standard","meta":{"footnotes":""},"categories":[16],"tags":[10183,1510,1489],"class_list":["post-137622","post","type-post","status-publish","format-standard","has-post-thumbnail","hentry","category-politica","tag-juan-manuel-navarro","tag-partido-justicialista","tag-pj"],"yoast_head":"<!-- This site is optimized with the Yoast SEO plugin v27.5 - https:\/\/yoast.com\/product\/yoast-seo-wordpress\/ -->\n<title>Duras cr\u00edticas de concejal mandato cumplido a la gesti\u00f3n del PJ en Mercedes<\/title>\n<meta name=\"robots\" content=\"index, follow, max-snippet:-1, max-image-preview:large, max-video-preview:-1\" \/>\n<link rel=\"canonical\" href=\"https:\/\/noticiasmercedinas.com\/site\/2024\/06\/03\/duras-criticas-de-concejal-mandato-cumplido-a-la-gestion-del-pj-en-mercedes\/\" \/>\n<meta property=\"og:locale\" content=\"es_ES\" \/>\n<meta property=\"og:type\" content=\"article\" \/>\n<meta property=\"og:title\" content=\"Duras cr\u00edticas de concejal mandato cumplido a la gesti\u00f3n del PJ en Mercedes\" \/>\n<meta property=\"og:description\" content=\"\u25a0 Juan Manuel Navarro acus\u00f3 al Partido Justicialista de perpetuar la pobreza y la dependencia estatal, de no generar empleo ni desarrollo industrial, y de manejar el municipio de manera ineficiente y corrupta\" \/>\n<meta property=\"og:url\" content=\"https:\/\/noticiasmercedinas.com\/site\/2024\/06\/03\/duras-criticas-de-concejal-mandato-cumplido-a-la-gestion-del-pj-en-mercedes\/\" \/>\n<meta property=\"og:site_name\" content=\"NOTICIASMERCEDINAS.COM\" \/>\n<meta property=\"article:publisher\" content=\"https:\/\/www.facebook.com\/noticiasmercedinas\/\" \/>\n<meta property=\"article:published_time\" content=\"2024-06-03T20:11:24+00:00\" \/>\n<meta property=\"og:image\" content=\"https:\/\/noticiasmercedinas.com\/site\/wp-content\/uploads\/2020\/11\/juannavarroalerta.jpg\" \/>\n\t<meta property=\"og:image:width\" content=\"512\" \/>\n\t<meta property=\"og:image:height\" content=\"362\" \/>\n\t<meta property=\"og:image:type\" content=\"image\/jpeg\" \/>\n<meta name=\"author\" content=\"NOTICIASMERCEDINAS.COM\" \/>\n<meta name=\"twitter:card\" content=\"summary_large_image\" \/>\n<meta name=\"twitter:creator\" content=\"@notmercedinas\" \/>\n<meta name=\"twitter:site\" content=\"@notmercedinas\" \/>\n<meta name=\"twitter:label1\" content=\"Escrito por\" \/>\n\t<meta name=\"twitter:data1\" content=\"NOTICIASMERCEDINAS.COM\" \/>\n\t<meta name=\"twitter:label2\" content=\"Tiempo de lectura\" \/>\n\t<meta name=\"twitter:data2\" content=\"8 minutos\" \/>\n<script type=\"application\/ld+json\" class=\"yoast-schema-graph\">{\"@context\":\"https:\\\/\\\/schema.org\",\"@graph\":[{\"@type\":\"Article\",\"@id\":\"https:\\\/\\\/noticiasmercedinas.com\\\/site\\\/2024\\\/06\\\/03\\\/duras-criticas-de-concejal-mandato-cumplido-a-la-gestion-del-pj-en-mercedes\\\/#article\",\"isPartOf\":{\"@id\":\"https:\\\/\\\/noticiasmercedinas.com\\\/site\\\/2024\\\/06\\\/03\\\/duras-criticas-de-concejal-mandato-cumplido-a-la-gestion-del-pj-en-mercedes\\\/\"},\"author\":{\"name\":\"NOTICIASMERCEDINAS.COM\",\"@id\":\"https:\\\/\\\/noticiasmercedinas.com\\\/site\\\/#\\\/schema\\\/person\\\/84b59c099c28ff2e8b77d4ceec5d8063\"},\"headline\":\"Duras cr\u00edticas de concejal mandato cumplido a la gesti\u00f3n del PJ en Mercedes\",\"datePublished\":\"2024-06-03T20:11:24+00:00\",\"mainEntityOfPage\":{\"@id\":\"https:\\\/\\\/noticiasmercedinas.com\\\/site\\\/2024\\\/06\\\/03\\\/duras-criticas-de-concejal-mandato-cumplido-a-la-gestion-del-pj-en-mercedes\\\/\"},\"wordCount\":1534,\"publisher\":{\"@id\":\"https:\\\/\\\/noticiasmercedinas.com\\\/site\\\/#organization\"},\"image\":{\"@id\":\"https:\\\/\\\/noticiasmercedinas.com\\\/site\\\/2024\\\/06\\\/03\\\/duras-criticas-de-concejal-mandato-cumplido-a-la-gestion-del-pj-en-mercedes\\\/#primaryimage\"},\"thumbnailUrl\":\"https:\\\/\\\/noticiasmercedinas.com\\\/site\\\/wp-content\\\/uploads\\\/2020\\\/11\\\/juannavarroalerta.jpg\",\"keywords\":[\"juan manuel navarro\",\"partido justicialista\",\"pj\"],\"articleSection\":[\"Politica\"],\"inLanguage\":\"es\"},{\"@type\":\"WebPage\",\"@id\":\"https:\\\/\\\/noticiasmercedinas.com\\\/site\\\/2024\\\/06\\\/03\\\/duras-criticas-de-concejal-mandato-cumplido-a-la-gestion-del-pj-en-mercedes\\\/\",\"url\":\"https:\\\/\\\/noticiasmercedinas.com\\\/site\\\/2024\\\/06\\\/03\\\/duras-criticas-de-concejal-mandato-cumplido-a-la-gestion-del-pj-en-mercedes\\\/\",\"name\":\"Duras cr\u00edticas de concejal mandato cumplido a la gesti\u00f3n del PJ en Mercedes\",\"isPartOf\":{\"@id\":\"https:\\\/\\\/noticiasmercedinas.com\\\/site\\\/#website\"},\"primaryImageOfPage\":{\"@id\":\"https:\\\/\\\/noticiasmercedinas.com\\\/site\\\/2024\\\/06\\\/03\\\/duras-criticas-de-concejal-mandato-cumplido-a-la-gestion-del-pj-en-mercedes\\\/#primaryimage\"},\"image\":{\"@id\":\"https:\\\/\\\/noticiasmercedinas.com\\\/site\\\/2024\\\/06\\\/03\\\/duras-criticas-de-concejal-mandato-cumplido-a-la-gestion-del-pj-en-mercedes\\\/#primaryimage\"},\"thumbnailUrl\":\"https:\\\/\\\/noticiasmercedinas.com\\\/site\\\/wp-content\\\/uploads\\\/2020\\\/11\\\/juannavarroalerta.jpg\",\"datePublished\":\"2024-06-03T20:11:24+00:00\",\"breadcrumb\":{\"@id\":\"https:\\\/\\\/noticiasmercedinas.com\\\/site\\\/2024\\\/06\\\/03\\\/duras-criticas-de-concejal-mandato-cumplido-a-la-gestion-del-pj-en-mercedes\\\/#breadcrumb\"},\"inLanguage\":\"es\",\"potentialAction\":[{\"@type\":\"ReadAction\",\"target\":[\"https:\\\/\\\/noticiasmercedinas.com\\\/site\\\/2024\\\/06\\\/03\\\/duras-criticas-de-concejal-mandato-cumplido-a-la-gestion-del-pj-en-mercedes\\\/\"]}]},{\"@type\":\"ImageObject\",\"inLanguage\":\"es\",\"@id\":\"https:\\\/\\\/noticiasmercedinas.com\\\/site\\\/2024\\\/06\\\/03\\\/duras-criticas-de-concejal-mandato-cumplido-a-la-gestion-del-pj-en-mercedes\\\/#primaryimage\",\"url\":\"https:\\\/\\\/noticiasmercedinas.com\\\/site\\\/wp-content\\\/uploads\\\/2020\\\/11\\\/juannavarroalerta.jpg\",\"contentUrl\":\"https:\\\/\\\/noticiasmercedinas.com\\\/site\\\/wp-content\\\/uploads\\\/2020\\\/11\\\/juannavarroalerta.jpg\",\"width\":512,\"height\":362},{\"@type\":\"BreadcrumbList\",\"@id\":\"https:\\\/\\\/noticiasmercedinas.com\\\/site\\\/2024\\\/06\\\/03\\\/duras-criticas-de-concejal-mandato-cumplido-a-la-gestion-del-pj-en-mercedes\\\/#breadcrumb\",\"itemListElement\":[{\"@type\":\"ListItem\",\"position\":1,\"name\":\"Portada\",\"item\":\"https:\\\/\\\/noticiasmercedinas.com\\\/site\\\/\"},{\"@type\":\"ListItem\",\"position\":2,\"name\":\"Duras cr\u00edticas de concejal mandato cumplido a la gesti\u00f3n del PJ en Mercedes\"}]},{\"@type\":\"WebSite\",\"@id\":\"https:\\\/\\\/noticiasmercedinas.com\\\/site\\\/#website\",\"url\":\"https:\\\/\\\/noticiasmercedinas.com\\\/site\\\/\",\"name\":\"NOTICIASMERCEDINAS.COM\",\"description\":\"Mercedes, Buenos Aires, Argentina\",\"publisher\":{\"@id\":\"https:\\\/\\\/noticiasmercedinas.com\\\/site\\\/#organization\"},\"potentialAction\":[{\"@type\":\"SearchAction\",\"target\":{\"@type\":\"EntryPoint\",\"urlTemplate\":\"https:\\\/\\\/noticiasmercedinas.com\\\/site\\\/?s={search_term_string}\"},\"query-input\":{\"@type\":\"PropertyValueSpecification\",\"valueRequired\":true,\"valueName\":\"search_term_string\"}}],\"inLanguage\":\"es\"},{\"@type\":\"Organization\",\"@id\":\"https:\\\/\\\/noticiasmercedinas.com\\\/site\\\/#organization\",\"name\":\"NOTICIASMERCEDINAS.COM\",\"url\":\"https:\\\/\\\/noticiasmercedinas.com\\\/site\\\/\",\"logo\":{\"@type\":\"ImageObject\",\"inLanguage\":\"es\",\"@id\":\"https:\\\/\\\/noticiasmercedinas.com\\\/site\\\/#\\\/schema\\\/logo\\\/image\\\/\",\"url\":\"https:\\\/\\\/noticiasmercedinas.com\\\/site\\\/wp-content\\\/uploads\\\/2020\\\/06\\\/LOGO-512.jpg\",\"contentUrl\":\"https:\\\/\\\/noticiasmercedinas.com\\\/site\\\/wp-content\\\/uploads\\\/2020\\\/06\\\/LOGO-512.jpg\",\"width\":512,\"height\":512,\"caption\":\"NOTICIASMERCEDINAS.COM\"},\"image\":{\"@id\":\"https:\\\/\\\/noticiasmercedinas.com\\\/site\\\/#\\\/schema\\\/logo\\\/image\\\/\"},\"sameAs\":[\"https:\\\/\\\/www.facebook.com\\\/noticiasmercedinas\\\/\",\"https:\\\/\\\/x.com\\\/notmercedinas\",\"https:\\\/\\\/www.instagram.com\\\/noticiasmercedinas\\\/\"]},{\"@type\":\"Person\",\"@id\":\"https:\\\/\\\/noticiasmercedinas.com\\\/site\\\/#\\\/schema\\\/person\\\/84b59c099c28ff2e8b77d4ceec5d8063\",\"name\":\"NOTICIASMERCEDINAS.COM\",\"image\":{\"@type\":\"ImageObject\",\"inLanguage\":\"es\",\"@id\":\"https:\\\/\\\/secure.gravatar.com\\\/avatar\\\/4dfbf16b4d17945bfb6341b2d19043457132fcf478a5ee04f42e959fd8f5df0a?s=96&d=mm&r=g\",\"url\":\"https:\\\/\\\/secure.gravatar.com\\\/avatar\\\/4dfbf16b4d17945bfb6341b2d19043457132fcf478a5ee04f42e959fd8f5df0a?s=96&d=mm&r=g\",\"contentUrl\":\"https:\\\/\\\/secure.gravatar.com\\\/avatar\\\/4dfbf16b4d17945bfb6341b2d19043457132fcf478a5ee04f42e959fd8f5df0a?s=96&d=mm&r=g\",\"caption\":\"NOTICIASMERCEDINAS.COM\"},\"url\":\"https:\\\/\\\/noticiasmercedinas.com\\\/site\\\/author\\\/anonimo\\\/\"}]}<\/script>\n<!-- \/ Yoast SEO plugin. -->","yoast_head_json":{"title":"Duras cr\u00edticas de concejal mandato cumplido a la gesti\u00f3n del PJ en Mercedes","robots":{"index":"index","follow":"follow","max-snippet":"max-snippet:-1","max-image-preview":"max-image-preview:large","max-video-preview":"max-video-preview:-1"},"canonical":"https:\/\/noticiasmercedinas.com\/site\/2024\/06\/03\/duras-criticas-de-concejal-mandato-cumplido-a-la-gestion-del-pj-en-mercedes\/","og_locale":"es_ES","og_type":"article","og_title":"Duras cr\u00edticas de concejal mandato cumplido a la gesti\u00f3n del PJ en Mercedes","og_description":"\u25a0 Juan Manuel Navarro acus\u00f3 al Partido Justicialista de perpetuar la pobreza y la dependencia estatal, de no generar empleo ni desarrollo industrial, y de manejar el municipio de manera ineficiente y corrupta","og_url":"https:\/\/noticiasmercedinas.com\/site\/2024\/06\/03\/duras-criticas-de-concejal-mandato-cumplido-a-la-gestion-del-pj-en-mercedes\/","og_site_name":"NOTICIASMERCEDINAS.COM","article_publisher":"https:\/\/www.facebook.com\/noticiasmercedinas\/","article_published_time":"2024-06-03T20:11:24+00:00","og_image":[{"width":512,"height":362,"url":"https:\/\/noticiasmercedinas.com\/site\/wp-content\/uploads\/2020\/11\/juannavarroalerta.jpg","type":"image\/jpeg"}],"author":"NOTICIASMERCEDINAS.COM","twitter_card":"summary_large_image","twitter_creator":"@notmercedinas","twitter_site":"@notmercedinas","twitter_misc":{"Escrito por":"NOTICIASMERCEDINAS.COM","Tiempo de lectura":"8 minutos"},"schema":{"@context":"https:\/\/schema.org","@graph":[{"@type":"Article","@id":"https:\/\/noticiasmercedinas.com\/site\/2024\/06\/03\/duras-criticas-de-concejal-mandato-cumplido-a-la-gestion-del-pj-en-mercedes\/#article","isPartOf":{"@id":"https:\/\/noticiasmercedinas.com\/site\/2024\/06\/03\/duras-criticas-de-concejal-mandato-cumplido-a-la-gestion-del-pj-en-mercedes\/"},"author":{"name":"NOTICIASMERCEDINAS.COM","@id":"https:\/\/noticiasmercedinas.com\/site\/#\/schema\/person\/84b59c099c28ff2e8b77d4ceec5d8063"},"headline":"Duras cr\u00edticas de concejal mandato cumplido a la gesti\u00f3n del PJ en Mercedes","datePublished":"2024-06-03T20:11:24+00:00","mainEntityOfPage":{"@id":"https:\/\/noticiasmercedinas.com\/site\/2024\/06\/03\/duras-criticas-de-concejal-mandato-cumplido-a-la-gestion-del-pj-en-mercedes\/"},"wordCount":1534,"publisher":{"@id":"https:\/\/noticiasmercedinas.com\/site\/#organization"},"image":{"@id":"https:\/\/noticiasmercedinas.com\/site\/2024\/06\/03\/duras-criticas-de-concejal-mandato-cumplido-a-la-gestion-del-pj-en-mercedes\/#primaryimage"},"thumbnailUrl":"https:\/\/noticiasmercedinas.com\/site\/wp-content\/uploads\/2020\/11\/juannavarroalerta.jpg","keywords":["juan manuel navarro","partido justicialista","pj"],"articleSection":["Politica"],"inLanguage":"es"},{"@type":"WebPage","@id":"https:\/\/noticiasmercedinas.com\/site\/2024\/06\/03\/duras-criticas-de-concejal-mandato-cumplido-a-la-gestion-del-pj-en-mercedes\/","url":"https:\/\/noticiasmercedinas.com\/site\/2024\/06\/03\/duras-criticas-de-concejal-mandato-cumplido-a-la-gestion-del-pj-en-mercedes\/","name":"Duras cr\u00edticas de concejal mandato cumplido a la gesti\u00f3n del PJ en Mercedes","isPartOf":{"@id":"https:\/\/noticiasmercedinas.com\/site\/#website"},"primaryImageOfPage":{"@id":"https:\/\/noticiasmercedinas.com\/site\/2024\/06\/03\/duras-criticas-de-concejal-mandato-cumplido-a-la-gestion-del-pj-en-mercedes\/#primaryimage"},"image":{"@id":"https:\/\/noticiasmercedinas.com\/site\/2024\/06\/03\/duras-criticas-de-concejal-mandato-cumplido-a-la-gestion-del-pj-en-mercedes\/#primaryimage"},"thumbnailUrl":"https:\/\/noticiasmercedinas.com\/site\/wp-content\/uploads\/2020\/11\/juannavarroalerta.jpg","datePublished":"2024-06-03T20:11:24+00:00","breadcrumb":{"@id":"https:\/\/noticiasmercedinas.com\/site\/2024\/06\/03\/duras-criticas-de-concejal-mandato-cumplido-a-la-gestion-del-pj-en-mercedes\/#breadcrumb"},"inLanguage":"es","potentialAction":[{"@type":"ReadAction","target":["https:\/\/noticiasmercedinas.com\/site\/2024\/06\/03\/duras-criticas-de-concejal-mandato-cumplido-a-la-gestion-del-pj-en-mercedes\/"]}]},{"@type":"ImageObject","inLanguage":"es","@id":"https:\/\/noticiasmercedinas.com\/site\/2024\/06\/03\/duras-criticas-de-concejal-mandato-cumplido-a-la-gestion-del-pj-en-mercedes\/#primaryimage","url":"https:\/\/noticiasmercedinas.com\/site\/wp-content\/uploads\/2020\/11\/juannavarroalerta.jpg","contentUrl":"https:\/\/noticiasmercedinas.com\/site\/wp-content\/uploads\/2020\/11\/juannavarroalerta.jpg","width":512,"height":362},{"@type":"BreadcrumbList","@id":"https:\/\/noticiasmercedinas.com\/site\/2024\/06\/03\/duras-criticas-de-concejal-mandato-cumplido-a-la-gestion-del-pj-en-mercedes\/#breadcrumb","itemListElement":[{"@type":"ListItem","position":1,"name":"Portada","item":"https:\/\/noticiasmercedinas.com\/site\/"},{"@type":"ListItem","position":2,"name":"Duras cr\u00edticas de concejal mandato cumplido a la gesti\u00f3n del PJ en Mercedes"}]},{"@type":"WebSite","@id":"https:\/\/noticiasmercedinas.com\/site\/#website","url":"https:\/\/noticiasmercedinas.com\/site\/","name":"NOTICIASMERCEDINAS.COM","description":"Mercedes, Buenos Aires, Argentina","publisher":{"@id":"https:\/\/noticiasmercedinas.com\/site\/#organization"},"potentialAction":[{"@type":"SearchAction","target":{"@type":"EntryPoint","urlTemplate":"https:\/\/noticiasmercedinas.com\/site\/?s={search_term_string}"},"query-input":{"@type":"PropertyValueSpecification","valueRequired":true,"valueName":"search_term_string"}}],"inLanguage":"es"},{"@type":"Organization","@id":"https:\/\/noticiasmercedinas.com\/site\/#organization","name":"NOTICIASMERCEDINAS.COM","url":"https:\/\/noticiasmercedinas.com\/site\/","logo":{"@type":"ImageObject","inLanguage":"es","@id":"https:\/\/noticiasmercedinas.com\/site\/#\/schema\/logo\/image\/","url":"https:\/\/noticiasmercedinas.com\/site\/wp-content\/uploads\/2020\/06\/LOGO-512.jpg","contentUrl":"https:\/\/noticiasmercedinas.com\/site\/wp-content\/uploads\/2020\/06\/LOGO-512.jpg","width":512,"height":512,"caption":"NOTICIASMERCEDINAS.COM"},"image":{"@id":"https:\/\/noticiasmercedinas.com\/site\/#\/schema\/logo\/image\/"},"sameAs":["https:\/\/www.facebook.com\/noticiasmercedinas\/","https:\/\/x.com\/notmercedinas","https:\/\/www.instagram.com\/noticiasmercedinas\/"]},{"@type":"Person","@id":"https:\/\/noticiasmercedinas.com\/site\/#\/schema\/person\/84b59c099c28ff2e8b77d4ceec5d8063","name":"NOTICIASMERCEDINAS.COM","image":{"@type":"ImageObject","inLanguage":"es","@id":"https:\/\/secure.gravatar.com\/avatar\/4dfbf16b4d17945bfb6341b2d19043457132fcf478a5ee04f42e959fd8f5df0a?s=96&d=mm&r=g","url":"https:\/\/secure.gravatar.com\/avatar\/4dfbf16b4d17945bfb6341b2d19043457132fcf478a5ee04f42e959fd8f5df0a?s=96&d=mm&r=g","contentUrl":"https:\/\/secure.gravatar.com\/avatar\/4dfbf16b4d17945bfb6341b2d19043457132fcf478a5ee04f42e959fd8f5df0a?s=96&d=mm&r=g","caption":"NOTICIASMERCEDINAS.COM"},"url":"https:\/\/noticiasmercedinas.com\/site\/author\/anonimo\/"}]}},"amp_enabled":true,"_links":{"self":[{"href":"https:\/\/noticiasmercedinas.com\/site\/wp-json\/wp\/v2\/posts\/137622","targetHints":{"allow":["GET"]}}],"collection":[{"href":"https:\/\/noticiasmercedinas.com\/site\/wp-json\/wp\/v2\/posts"}],"about":[{"href":"https:\/\/noticiasmercedinas.com\/site\/wp-json\/wp\/v2\/types\/post"}],"author":[{"embeddable":true,"href":"https:\/\/noticiasmercedinas.com\/site\/wp-json\/wp\/v2\/users\/16"}],"replies":[{"embeddable":true,"href":"https:\/\/noticiasmercedinas.com\/site\/wp-json\/wp\/v2\/comments?post=137622"}],"version-history":[{"count":1,"href":"https:\/\/noticiasmercedinas.com\/site\/wp-json\/wp\/v2\/posts\/137622\/revisions"}],"predecessor-version":[{"id":137623,"href":"https:\/\/noticiasmercedinas.com\/site\/wp-json\/wp\/v2\/posts\/137622\/revisions\/137623"}],"wp:featuredmedia":[{"embeddable":true,"href":"https:\/\/noticiasmercedinas.com\/site\/wp-json\/wp\/v2\/media\/57436"}],"wp:attachment":[{"href":"https:\/\/noticiasmercedinas.com\/site\/wp-json\/wp\/v2\/media?parent=137622"}],"wp:term":[{"taxonomy":"category","embeddable":true,"href":"https:\/\/noticiasmercedinas.com\/site\/wp-json\/wp\/v2\/categories?post=137622"},{"taxonomy":"post_tag","embeddable":true,"href":"https:\/\/noticiasmercedinas.com\/site\/wp-json\/wp\/v2\/tags?post=137622"}],"curies":[{"name":"wp","href":"https:\/\/api.w.org\/{rel}","templated":true}]}}