{"id":137633,"date":"2024-06-03T19:39:11","date_gmt":"2024-06-03T22:39:11","guid":{"rendered":"https:\/\/noticiasmercedinas.com\/site\/?p=137633"},"modified":"2024-06-03T19:39:20","modified_gmt":"2024-06-03T22:39:20","slug":"provincia-invertira-mas-de-842-mil-millones-en-politicas-alimentarias","status":"publish","type":"post","link":"https:\/\/noticiasmercedinas.com\/site\/2024\/06\/03\/provincia-invertira-mas-de-842-mil-millones-en-politicas-alimentarias\/","title":{"rendered":"La Provincia invertir\u00e1 m\u00e1s de 842 mil millones en pol\u00edticas alimentarias"},"content":{"rendered":"<p><img loading=\"lazy\" decoding=\"async\" class=\"alignnone size-full wp-image-137634\" src=\"https:\/\/noticiasmercedinas.com\/site\/wp-content\/uploads\/2024\/06\/c8a42131-82b1-4a7f-9977-e380ce40cd6a-min.jpg\" alt=\"\" width=\"700\" height=\"465\" srcset=\"https:\/\/noticiasmercedinas.com\/site\/wp-content\/uploads\/2024\/06\/c8a42131-82b1-4a7f-9977-e380ce40cd6a-min.jpg 700w, https:\/\/noticiasmercedinas.com\/site\/wp-content\/uploads\/2024\/06\/c8a42131-82b1-4a7f-9977-e380ce40cd6a-min-300x199.jpg 300w, https:\/\/noticiasmercedinas.com\/site\/wp-content\/uploads\/2024\/06\/c8a42131-82b1-4a7f-9977-e380ce40cd6a-min-640x425.jpg 640w, https:\/\/noticiasmercedinas.com\/site\/wp-content\/uploads\/2024\/06\/c8a42131-82b1-4a7f-9977-e380ce40cd6a-min-681x452.jpg 681w\" sizes=\"auto, (max-width: 700px) 100vw, 700px\" \/><\/p>\n<p>El ministro de Desarrollo de la Comunidad, Andr\u00e9s Larroque, encabez\u00f3 este lunes junto al Ministro de Gobierno, Carlos Bianco y su par de Desarrollo Agrario, Javier Rodr\u00edguez, la conferencia de prensa semanal del Gobierno de la Provincia de Buenos Aires.<\/p>\n<p>Como contracara del ajuste a nivel nacional, el titular de Desarrollo de la Comunidad brind\u00f3 precisiones sobre la pol\u00edtica p\u00fablica alimentaria que impulsa el gobernador Axel Kicillof, y anunci\u00f3 una inversi\u00f3n anual de $842.896 millones de pesos en esta materia.<\/p>\n<p>En ese marco, Larroque denunci\u00f3 la ausencia de recursos del gobierno nacional, en estos seis meses de gesti\u00f3n: \u201cNo estamos pidiendo la asistencia total, pero que al menos el Estado nacional cubra una parte del esfuerzo que viene realizando la provincia de Buenos Aires de manera solitaria\u201d, cuestion\u00f3.<\/p>\n<p>Precis\u00f3 que a trav\u00e9s de programas como el Servicio Alimentario Escolar (SAE), el M\u00f3dulo Extraordinario para la Seguridad Alimentaria (MESA), el Fortalecimiento Alimentario a Espacios Comunitarios (FAEC), M\u00e1s Vida y Vaso de Leche, entre otros ejecutados por la cartera a su cargo, el Estado provincial llega a 4 millones de bonaerenses.<\/p>\n<p>\u201cEso requiere una log\u00edstica, la mayor\u00eda de la asistencia llega a trav\u00e9s de las escuelas, de los comedores comunitarios, hay un universo solidario muy grande en la Provincia que es el que act\u00faa como complemento del Estado\u201d, afirm\u00f3 el funcionario. Y en ese punto, cuestion\u00f3 al gobierno nacional por \u201cdemonizar a las organizaciones porque en realidad lo que estaban haciendo era disfrazar un mega ajuste\u201d.<\/p>\n<p>Tras enumerar los distintos pedidos cursados a su par de Naci\u00f3n, Sandra Pettovello, con quien a\u00fan no ha podido reunirse para articular la agenda social, se\u00f1al\u00f3 que \u201ces muy extra\u00f1o que estando ya en el mes de junio este ministro no haya tenido contacto con la ministra\u201d.<\/p>\n<p>A su vez, se\u00f1al\u00f3 que los n\u00fameros de la pobreza se han disparado desde el 10 de diciembre de 2023. \u201cNosotros queremos un pa\u00eds de trabajo y producci\u00f3n, donde no tengan que existir comedores comunitarios, ni programas sociales, pero no es la realidad que tenemos hoy, estamos muy lejos de eso. As\u00ed como el general Per\u00f3n dec\u00eda `gobernar es crear trabajo\u00b4 hoy gobernar es dar de comer, ministra Pettovello, presidente de Milei\u00b4\u201d, subray\u00f3.<\/p>\n<p><strong>Inversi\u00f3n del Estado bonaerense en materia alimentaria<\/strong><\/p>\n<p>En primer t\u00e9rmino, el ministro brind\u00f3 detalles sobre \u201cel programa m\u00e1s grande de Argentina y de los m\u00e1s grandes de Am\u00e9rica Latina\u201d en t\u00e9rminos alimentarios, constituido por el Servicio Alimentario Escolar (SAE) y el M\u00f3dulo Extraordinario para la Seguridad Alimentaria (MESA). Y detall\u00f3 que este \u00faltimo, \u201ctiene m\u00e1s beneficiarios en la provincia de Buenos Aires que la Asignaci\u00f3n Universal por Hijo\u201d.<\/p>\n<p>\u201cCuando Axel asumi\u00f3 la gobernaci\u00f3n, el Servicio Alimentario Escolar estaba muy deteriorado, solamente almorzaban en las escuelas, 500.000 chicos y chicas sobre un universo de 1.700.000 que recib\u00edan colaci\u00f3n, y la inversi\u00f3n mensual era de 700 millones de pesos\u201d, sostuvo.<\/p>\n<p>En esos t\u00e9rminos, Larroque agreg\u00f3 que \u201choy, la inversi\u00f3n mensual en esta pol\u00edtica alimentaria es de 52.000 millones de pesos. Un crecimiento en t\u00e9rminos nominales muy grande, un crecimiento real de 400%, si tomamos los valores para calcular cu\u00e1l ha sido el crecimiento real\u201d.<\/p>\n<p>Por otra parte, afirm\u00f3 que apenas iniciada la gesti\u00f3n y con la llegada de la pandemia el gobierno provincial \u201cuniversaliz\u00f3 el almuerzo para 1.700.000 chicos y chicas, porque al no haber comedor presencial lo que hicimos fue empezar a entregar un m\u00f3dulo de alimentos que llegaba a los hogares\u201d. Y remarc\u00f3 que por decisi\u00f3n del gobernador, adem\u00e1s de \u201creponer el comedor presencial, se sostuvo el MESA, que hoy llega a 2.062.712 chicos y chicas\u201d. El programa adem\u00e1s, cuenta con el dise\u00f1o y el asesoramiento de nutricionistas.<\/p>\n<p>Complementariamente a la inversi\u00f3n en alimentos se financia la compra de equipamiento para las cocinas. Desde septiembre a mayo de 2024 la inversi\u00f3n asciende a $1.844 millones.<\/p>\n<p>Larroque tambi\u00e9n se refiri\u00f3 a la asistencia alimentaria a 6.000 comedores comunitarios que funcionan en la provincia de Buenos Aires, para lo cual el Estado provincial destina una inversi\u00f3n de \u2060$143.600 millones anuales, alcanzando a 423.000 familias, lo que representa un universo de 1.700.000 personas.<\/p>\n<blockquote><p>\u201cEn el Gobierno provincial no hay discrecionalidad, hay transparencia y preocupaci\u00f3n, por eso le pedimos a la ministra Pettovello que d\u00e9 respuestas: van seis meses de gesti\u00f3n, por favor ati\u00e9ndanos\u201d<\/p><\/blockquote>\n<p>Equivale a 4,2 millones de kilos de alimentos entregados por mes. El programa se ejecuta mediante la articulaci\u00f3n con los 135 municipios, organizaciones sociales, sindicatos, ONG, iglesias e instituciones de cultos, entre otras.<\/p>\n<p>Asimismo, a trav\u00e9s del Programa de Fortalecimiento Alimentario a Espacios Comunitarios (FAEC) el gobierno bonaerense destina una inversi\u00f3n de $8.519 millones anuales, destinada a la compra de alimentos, equipamiento y gastos de funcionamiento.<\/p>\n<p>Para el Programa M\u00e1s Vida, destinado a embarazadas, ni\u00f1os y ni\u00f1as desde su nacimiento hasta la edad de ingreso en el sistema escolar primario, en condiciones de vulnerabilidad social, se destina una inversi\u00f3n anual de 5.354 millones anuales.<\/p>\n<p>Un Vaso de Leche, es otra de las pol\u00edticas impulsadas por la cartera de Desarrollo de la Comunidad que llega a 1.900.000 chicos y chicas, con una inversi\u00f3n anual de $102.437 millones.<\/p>\n<p>\u201cEn el Gobierno provincial no hay discrecionalidad, hay transparencia y preocupaci\u00f3n, por eso le pedimos a la ministra Pettovello que d\u00e9 respuestas: van seis meses de gesti\u00f3n, por favor ati\u00e9ndanos\u201d, finaliz\u00f3 Larroque.<\/p>\n","protected":false},"excerpt":{"rendered":"<p>\u25a0 A trav\u00e9s de los distintos programas, como el SAE, el MESA, el FAEC, M\u00e1s Vida y Vaso de Leche, el Estado provincial llega a 4 millones de bonaerenses<\/p>\n","protected":false},"author":16,"featured_media":137634,"comment_status":"closed","ping_status":"closed","sticky":false,"template":"","format":"standard","meta":{"footnotes":""},"categories":[7919],"tags":[3213,141],"class_list":["post-137633","post","type-post","status-publish","format-standard","has-post-thumbnail","hentry","category-provinciales","tag-alimentos","tag-buenos-aires"],"yoast_head":"<!-- This site is optimized with the Yoast SEO plugin v27.5 - https:\/\/yoast.com\/product\/yoast-seo-wordpress\/ -->\n<title>La Provincia invertir\u00e1 m\u00e1s de 842 mil millones en pol\u00edticas alimentarias<\/title>\n<meta name=\"robots\" content=\"index, follow, max-snippet:-1, max-image-preview:large, max-video-preview:-1\" \/>\n<link rel=\"canonical\" href=\"https:\/\/noticiasmercedinas.com\/site\/2024\/06\/03\/provincia-invertira-mas-de-842-mil-millones-en-politicas-alimentarias\/\" \/>\n<meta property=\"og:locale\" content=\"es_ES\" \/>\n<meta property=\"og:type\" content=\"article\" \/>\n<meta property=\"og:title\" content=\"La Provincia invertir\u00e1 m\u00e1s de 842 mil millones en pol\u00edticas alimentarias\" \/>\n<meta property=\"og:description\" content=\"\u25a0 A trav\u00e9s de los distintos programas, como el SAE, el MESA, el FAEC, M\u00e1s Vida y Vaso de Leche, el Estado provincial llega a 4 millones de bonaerenses\" \/>\n<meta property=\"og:url\" content=\"https:\/\/noticiasmercedinas.com\/site\/2024\/06\/03\/provincia-invertira-mas-de-842-mil-millones-en-politicas-alimentarias\/\" \/>\n<meta property=\"og:site_name\" content=\"NOTICIASMERCEDINAS.COM\" \/>\n<meta property=\"article:publisher\" content=\"https:\/\/www.facebook.com\/noticiasmercedinas\/\" \/>\n<meta property=\"article:published_time\" content=\"2024-06-03T22:39:11+00:00\" \/>\n<meta property=\"article:modified_time\" content=\"2024-06-03T22:39:20+00:00\" \/>\n<meta property=\"og:image\" content=\"https:\/\/noticiasmercedinas.com\/site\/wp-content\/uploads\/2024\/06\/c8a42131-82b1-4a7f-9977-e380ce40cd6a-min.jpg\" \/>\n\t<meta property=\"og:image:width\" content=\"700\" \/>\n\t<meta property=\"og:image:height\" content=\"465\" \/>\n\t<meta property=\"og:image:type\" content=\"image\/jpeg\" \/>\n<meta name=\"author\" content=\"NOTICIASMERCEDINAS.COM\" \/>\n<meta name=\"twitter:card\" content=\"summary_large_image\" \/>\n<meta name=\"twitter:creator\" content=\"@notmercedinas\" \/>\n<meta name=\"twitter:site\" content=\"@notmercedinas\" \/>\n<meta name=\"twitter:label1\" content=\"Escrito por\" \/>\n\t<meta name=\"twitter:data1\" content=\"NOTICIASMERCEDINAS.COM\" \/>\n\t<meta name=\"twitter:label2\" content=\"Tiempo de lectura\" \/>\n\t<meta name=\"twitter:data2\" content=\"5 minutos\" \/>\n<script type=\"application\/ld+json\" class=\"yoast-schema-graph\">{\"@context\":\"https:\\\/\\\/schema.org\",\"@graph\":[{\"@type\":\"Article\",\"@id\":\"https:\\\/\\\/noticiasmercedinas.com\\\/site\\\/2024\\\/06\\\/03\\\/provincia-invertira-mas-de-842-mil-millones-en-politicas-alimentarias\\\/#article\",\"isPartOf\":{\"@id\":\"https:\\\/\\\/noticiasmercedinas.com\\\/site\\\/2024\\\/06\\\/03\\\/provincia-invertira-mas-de-842-mil-millones-en-politicas-alimentarias\\\/\"},\"author\":{\"name\":\"NOTICIASMERCEDINAS.COM\",\"@id\":\"https:\\\/\\\/noticiasmercedinas.com\\\/site\\\/#\\\/schema\\\/person\\\/84b59c099c28ff2e8b77d4ceec5d8063\"},\"headline\":\"La Provincia invertir\u00e1 m\u00e1s de 842 mil millones en pol\u00edticas alimentarias\",\"datePublished\":\"2024-06-03T22:39:11+00:00\",\"dateModified\":\"2024-06-03T22:39:20+00:00\",\"mainEntityOfPage\":{\"@id\":\"https:\\\/\\\/noticiasmercedinas.com\\\/site\\\/2024\\\/06\\\/03\\\/provincia-invertira-mas-de-842-mil-millones-en-politicas-alimentarias\\\/\"},\"wordCount\":927,\"publisher\":{\"@id\":\"https:\\\/\\\/noticiasmercedinas.com\\\/site\\\/#organization\"},\"image\":{\"@id\":\"https:\\\/\\\/noticiasmercedinas.com\\\/site\\\/2024\\\/06\\\/03\\\/provincia-invertira-mas-de-842-mil-millones-en-politicas-alimentarias\\\/#primaryimage\"},\"thumbnailUrl\":\"https:\\\/\\\/noticiasmercedinas.com\\\/site\\\/wp-content\\\/uploads\\\/2024\\\/06\\\/c8a42131-82b1-4a7f-9977-e380ce40cd6a-min.jpg\",\"keywords\":[\"alimentos\",\"buenos aires\"],\"articleSection\":[\"Provinciales\"],\"inLanguage\":\"es\"},{\"@type\":\"WebPage\",\"@id\":\"https:\\\/\\\/noticiasmercedinas.com\\\/site\\\/2024\\\/06\\\/03\\\/provincia-invertira-mas-de-842-mil-millones-en-politicas-alimentarias\\\/\",\"url\":\"https:\\\/\\\/noticiasmercedinas.com\\\/site\\\/2024\\\/06\\\/03\\\/provincia-invertira-mas-de-842-mil-millones-en-politicas-alimentarias\\\/\",\"name\":\"La Provincia invertir\u00e1 m\u00e1s de 842 mil millones en pol\u00edticas alimentarias\",\"isPartOf\":{\"@id\":\"https:\\\/\\\/noticiasmercedinas.com\\\/site\\\/#website\"},\"primaryImageOfPage\":{\"@id\":\"https:\\\/\\\/noticiasmercedinas.com\\\/site\\\/2024\\\/06\\\/03\\\/provincia-invertira-mas-de-842-mil-millones-en-politicas-alimentarias\\\/#primaryimage\"},\"image\":{\"@id\":\"https:\\\/\\\/noticiasmercedinas.com\\\/site\\\/2024\\\/06\\\/03\\\/provincia-invertira-mas-de-842-mil-millones-en-politicas-alimentarias\\\/#primaryimage\"},\"thumbnailUrl\":\"https:\\\/\\\/noticiasmercedinas.com\\\/site\\\/wp-content\\\/uploads\\\/2024\\\/06\\\/c8a42131-82b1-4a7f-9977-e380ce40cd6a-min.jpg\",\"datePublished\":\"2024-06-03T22:39:11+00:00\",\"dateModified\":\"2024-06-03T22:39:20+00:00\",\"breadcrumb\":{\"@id\":\"https:\\\/\\\/noticiasmercedinas.com\\\/site\\\/2024\\\/06\\\/03\\\/provincia-invertira-mas-de-842-mil-millones-en-politicas-alimentarias\\\/#breadcrumb\"},\"inLanguage\":\"es\",\"potentialAction\":[{\"@type\":\"ReadAction\",\"target\":[\"https:\\\/\\\/noticiasmercedinas.com\\\/site\\\/2024\\\/06\\\/03\\\/provincia-invertira-mas-de-842-mil-millones-en-politicas-alimentarias\\\/\"]}]},{\"@type\":\"ImageObject\",\"inLanguage\":\"es\",\"@id\":\"https:\\\/\\\/noticiasmercedinas.com\\\/site\\\/2024\\\/06\\\/03\\\/provincia-invertira-mas-de-842-mil-millones-en-politicas-alimentarias\\\/#primaryimage\",\"url\":\"https:\\\/\\\/noticiasmercedinas.com\\\/site\\\/wp-content\\\/uploads\\\/2024\\\/06\\\/c8a42131-82b1-4a7f-9977-e380ce40cd6a-min.jpg\",\"contentUrl\":\"https:\\\/\\\/noticiasmercedinas.com\\\/site\\\/wp-content\\\/uploads\\\/2024\\\/06\\\/c8a42131-82b1-4a7f-9977-e380ce40cd6a-min.jpg\",\"width\":700,\"height\":465},{\"@type\":\"BreadcrumbList\",\"@id\":\"https:\\\/\\\/noticiasmercedinas.com\\\/site\\\/2024\\\/06\\\/03\\\/provincia-invertira-mas-de-842-mil-millones-en-politicas-alimentarias\\\/#breadcrumb\",\"itemListElement\":[{\"@type\":\"ListItem\",\"position\":1,\"name\":\"Portada\",\"item\":\"https:\\\/\\\/noticiasmercedinas.com\\\/site\\\/\"},{\"@type\":\"ListItem\",\"position\":2,\"name\":\"La Provincia invertir\u00e1 m\u00e1s de 842 mil millones en pol\u00edticas alimentarias\"}]},{\"@type\":\"WebSite\",\"@id\":\"https:\\\/\\\/noticiasmercedinas.com\\\/site\\\/#website\",\"url\":\"https:\\\/\\\/noticiasmercedinas.com\\\/site\\\/\",\"name\":\"NOTICIASMERCEDINAS.COM\",\"description\":\"Mercedes, Buenos Aires, Argentina\",\"publisher\":{\"@id\":\"https:\\\/\\\/noticiasmercedinas.com\\\/site\\\/#organization\"},\"potentialAction\":[{\"@type\":\"SearchAction\",\"target\":{\"@type\":\"EntryPoint\",\"urlTemplate\":\"https:\\\/\\\/noticiasmercedinas.com\\\/site\\\/?s={search_term_string}\"},\"query-input\":{\"@type\":\"PropertyValueSpecification\",\"valueRequired\":true,\"valueName\":\"search_term_string\"}}],\"inLanguage\":\"es\"},{\"@type\":\"Organization\",\"@id\":\"https:\\\/\\\/noticiasmercedinas.com\\\/site\\\/#organization\",\"name\":\"NOTICIASMERCEDINAS.COM\",\"url\":\"https:\\\/\\\/noticiasmercedinas.com\\\/site\\\/\",\"logo\":{\"@type\":\"ImageObject\",\"inLanguage\":\"es\",\"@id\":\"https:\\\/\\\/noticiasmercedinas.com\\\/site\\\/#\\\/schema\\\/logo\\\/image\\\/\",\"url\":\"https:\\\/\\\/noticiasmercedinas.com\\\/site\\\/wp-content\\\/uploads\\\/2020\\\/06\\\/LOGO-512.jpg\",\"contentUrl\":\"https:\\\/\\\/noticiasmercedinas.com\\\/site\\\/wp-content\\\/uploads\\\/2020\\\/06\\\/LOGO-512.jpg\",\"width\":512,\"height\":512,\"caption\":\"NOTICIASMERCEDINAS.COM\"},\"image\":{\"@id\":\"https:\\\/\\\/noticiasmercedinas.com\\\/site\\\/#\\\/schema\\\/logo\\\/image\\\/\"},\"sameAs\":[\"https:\\\/\\\/www.facebook.com\\\/noticiasmercedinas\\\/\",\"https:\\\/\\\/x.com\\\/notmercedinas\",\"https:\\\/\\\/www.instagram.com\\\/noticiasmercedinas\\\/\"]},{\"@type\":\"Person\",\"@id\":\"https:\\\/\\\/noticiasmercedinas.com\\\/site\\\/#\\\/schema\\\/person\\\/84b59c099c28ff2e8b77d4ceec5d8063\",\"name\":\"NOTICIASMERCEDINAS.COM\",\"image\":{\"@type\":\"ImageObject\",\"inLanguage\":\"es\",\"@id\":\"https:\\\/\\\/secure.gravatar.com\\\/avatar\\\/4dfbf16b4d17945bfb6341b2d19043457132fcf478a5ee04f42e959fd8f5df0a?s=96&d=mm&r=g\",\"url\":\"https:\\\/\\\/secure.gravatar.com\\\/avatar\\\/4dfbf16b4d17945bfb6341b2d19043457132fcf478a5ee04f42e959fd8f5df0a?s=96&d=mm&r=g\",\"contentUrl\":\"https:\\\/\\\/secure.gravatar.com\\\/avatar\\\/4dfbf16b4d17945bfb6341b2d19043457132fcf478a5ee04f42e959fd8f5df0a?s=96&d=mm&r=g\",\"caption\":\"NOTICIASMERCEDINAS.COM\"},\"url\":\"https:\\\/\\\/noticiasmercedinas.com\\\/site\\\/author\\\/anonimo\\\/\"}]}<\/script>\n<!-- \/ Yoast SEO plugin. -->","yoast_head_json":{"title":"La Provincia invertir\u00e1 m\u00e1s de 842 mil millones en pol\u00edticas alimentarias","robots":{"index":"index","follow":"follow","max-snippet":"max-snippet:-1","max-image-preview":"max-image-preview:large","max-video-preview":"max-video-preview:-1"},"canonical":"https:\/\/noticiasmercedinas.com\/site\/2024\/06\/03\/provincia-invertira-mas-de-842-mil-millones-en-politicas-alimentarias\/","og_locale":"es_ES","og_type":"article","og_title":"La Provincia invertir\u00e1 m\u00e1s de 842 mil millones en pol\u00edticas alimentarias","og_description":"\u25a0 A trav\u00e9s de los distintos programas, como el SAE, el MESA, el FAEC, M\u00e1s Vida y Vaso de Leche, el Estado provincial llega a 4 millones de bonaerenses","og_url":"https:\/\/noticiasmercedinas.com\/site\/2024\/06\/03\/provincia-invertira-mas-de-842-mil-millones-en-politicas-alimentarias\/","og_site_name":"NOTICIASMERCEDINAS.COM","article_publisher":"https:\/\/www.facebook.com\/noticiasmercedinas\/","article_published_time":"2024-06-03T22:39:11+00:00","article_modified_time":"2024-06-03T22:39:20+00:00","og_image":[{"width":700,"height":465,"url":"https:\/\/noticiasmercedinas.com\/site\/wp-content\/uploads\/2024\/06\/c8a42131-82b1-4a7f-9977-e380ce40cd6a-min.jpg","type":"image\/jpeg"}],"author":"NOTICIASMERCEDINAS.COM","twitter_card":"summary_large_image","twitter_creator":"@notmercedinas","twitter_site":"@notmercedinas","twitter_misc":{"Escrito por":"NOTICIASMERCEDINAS.COM","Tiempo de lectura":"5 minutos"},"schema":{"@context":"https:\/\/schema.org","@graph":[{"@type":"Article","@id":"https:\/\/noticiasmercedinas.com\/site\/2024\/06\/03\/provincia-invertira-mas-de-842-mil-millones-en-politicas-alimentarias\/#article","isPartOf":{"@id":"https:\/\/noticiasmercedinas.com\/site\/2024\/06\/03\/provincia-invertira-mas-de-842-mil-millones-en-politicas-alimentarias\/"},"author":{"name":"NOTICIASMERCEDINAS.COM","@id":"https:\/\/noticiasmercedinas.com\/site\/#\/schema\/person\/84b59c099c28ff2e8b77d4ceec5d8063"},"headline":"La Provincia invertir\u00e1 m\u00e1s de 842 mil millones en pol\u00edticas alimentarias","datePublished":"2024-06-03T22:39:11+00:00","dateModified":"2024-06-03T22:39:20+00:00","mainEntityOfPage":{"@id":"https:\/\/noticiasmercedinas.com\/site\/2024\/06\/03\/provincia-invertira-mas-de-842-mil-millones-en-politicas-alimentarias\/"},"wordCount":927,"publisher":{"@id":"https:\/\/noticiasmercedinas.com\/site\/#organization"},"image":{"@id":"https:\/\/noticiasmercedinas.com\/site\/2024\/06\/03\/provincia-invertira-mas-de-842-mil-millones-en-politicas-alimentarias\/#primaryimage"},"thumbnailUrl":"https:\/\/noticiasmercedinas.com\/site\/wp-content\/uploads\/2024\/06\/c8a42131-82b1-4a7f-9977-e380ce40cd6a-min.jpg","keywords":["alimentos","buenos aires"],"articleSection":["Provinciales"],"inLanguage":"es"},{"@type":"WebPage","@id":"https:\/\/noticiasmercedinas.com\/site\/2024\/06\/03\/provincia-invertira-mas-de-842-mil-millones-en-politicas-alimentarias\/","url":"https:\/\/noticiasmercedinas.com\/site\/2024\/06\/03\/provincia-invertira-mas-de-842-mil-millones-en-politicas-alimentarias\/","name":"La Provincia invertir\u00e1 m\u00e1s de 842 mil millones en pol\u00edticas alimentarias","isPartOf":{"@id":"https:\/\/noticiasmercedinas.com\/site\/#website"},"primaryImageOfPage":{"@id":"https:\/\/noticiasmercedinas.com\/site\/2024\/06\/03\/provincia-invertira-mas-de-842-mil-millones-en-politicas-alimentarias\/#primaryimage"},"image":{"@id":"https:\/\/noticiasmercedinas.com\/site\/2024\/06\/03\/provincia-invertira-mas-de-842-mil-millones-en-politicas-alimentarias\/#primaryimage"},"thumbnailUrl":"https:\/\/noticiasmercedinas.com\/site\/wp-content\/uploads\/2024\/06\/c8a42131-82b1-4a7f-9977-e380ce40cd6a-min.jpg","datePublished":"2024-06-03T22:39:11+00:00","dateModified":"2024-06-03T22:39:20+00:00","breadcrumb":{"@id":"https:\/\/noticiasmercedinas.com\/site\/2024\/06\/03\/provincia-invertira-mas-de-842-mil-millones-en-politicas-alimentarias\/#breadcrumb"},"inLanguage":"es","potentialAction":[{"@type":"ReadAction","target":["https:\/\/noticiasmercedinas.com\/site\/2024\/06\/03\/provincia-invertira-mas-de-842-mil-millones-en-politicas-alimentarias\/"]}]},{"@type":"ImageObject","inLanguage":"es","@id":"https:\/\/noticiasmercedinas.com\/site\/2024\/06\/03\/provincia-invertira-mas-de-842-mil-millones-en-politicas-alimentarias\/#primaryimage","url":"https:\/\/noticiasmercedinas.com\/site\/wp-content\/uploads\/2024\/06\/c8a42131-82b1-4a7f-9977-e380ce40cd6a-min.jpg","contentUrl":"https:\/\/noticiasmercedinas.com\/site\/wp-content\/uploads\/2024\/06\/c8a42131-82b1-4a7f-9977-e380ce40cd6a-min.jpg","width":700,"height":465},{"@type":"BreadcrumbList","@id":"https:\/\/noticiasmercedinas.com\/site\/2024\/06\/03\/provincia-invertira-mas-de-842-mil-millones-en-politicas-alimentarias\/#breadcrumb","itemListElement":[{"@type":"ListItem","position":1,"name":"Portada","item":"https:\/\/noticiasmercedinas.com\/site\/"},{"@type":"ListItem","position":2,"name":"La Provincia invertir\u00e1 m\u00e1s de 842 mil millones en pol\u00edticas alimentarias"}]},{"@type":"WebSite","@id":"https:\/\/noticiasmercedinas.com\/site\/#website","url":"https:\/\/noticiasmercedinas.com\/site\/","name":"NOTICIASMERCEDINAS.COM","description":"Mercedes, Buenos Aires, Argentina","publisher":{"@id":"https:\/\/noticiasmercedinas.com\/site\/#organization"},"potentialAction":[{"@type":"SearchAction","target":{"@type":"EntryPoint","urlTemplate":"https:\/\/noticiasmercedinas.com\/site\/?s={search_term_string}"},"query-input":{"@type":"PropertyValueSpecification","valueRequired":true,"valueName":"search_term_string"}}],"inLanguage":"es"},{"@type":"Organization","@id":"https:\/\/noticiasmercedinas.com\/site\/#organization","name":"NOTICIASMERCEDINAS.COM","url":"https:\/\/noticiasmercedinas.com\/site\/","logo":{"@type":"ImageObject","inLanguage":"es","@id":"https:\/\/noticiasmercedinas.com\/site\/#\/schema\/logo\/image\/","url":"https:\/\/noticiasmercedinas.com\/site\/wp-content\/uploads\/2020\/06\/LOGO-512.jpg","contentUrl":"https:\/\/noticiasmercedinas.com\/site\/wp-content\/uploads\/2020\/06\/LOGO-512.jpg","width":512,"height":512,"caption":"NOTICIASMERCEDINAS.COM"},"image":{"@id":"https:\/\/noticiasmercedinas.com\/site\/#\/schema\/logo\/image\/"},"sameAs":["https:\/\/www.facebook.com\/noticiasmercedinas\/","https:\/\/x.com\/notmercedinas","https:\/\/www.instagram.com\/noticiasmercedinas\/"]},{"@type":"Person","@id":"https:\/\/noticiasmercedinas.com\/site\/#\/schema\/person\/84b59c099c28ff2e8b77d4ceec5d8063","name":"NOTICIASMERCEDINAS.COM","image":{"@type":"ImageObject","inLanguage":"es","@id":"https:\/\/secure.gravatar.com\/avatar\/4dfbf16b4d17945bfb6341b2d19043457132fcf478a5ee04f42e959fd8f5df0a?s=96&d=mm&r=g","url":"https:\/\/secure.gravatar.com\/avatar\/4dfbf16b4d17945bfb6341b2d19043457132fcf478a5ee04f42e959fd8f5df0a?s=96&d=mm&r=g","contentUrl":"https:\/\/secure.gravatar.com\/avatar\/4dfbf16b4d17945bfb6341b2d19043457132fcf478a5ee04f42e959fd8f5df0a?s=96&d=mm&r=g","caption":"NOTICIASMERCEDINAS.COM"},"url":"https:\/\/noticiasmercedinas.com\/site\/author\/anonimo\/"}]}},"amp_enabled":true,"_links":{"self":[{"href":"https:\/\/noticiasmercedinas.com\/site\/wp-json\/wp\/v2\/posts\/137633","targetHints":{"allow":["GET"]}}],"collection":[{"href":"https:\/\/noticiasmercedinas.com\/site\/wp-json\/wp\/v2\/posts"}],"about":[{"href":"https:\/\/noticiasmercedinas.com\/site\/wp-json\/wp\/v2\/types\/post"}],"author":[{"embeddable":true,"href":"https:\/\/noticiasmercedinas.com\/site\/wp-json\/wp\/v2\/users\/16"}],"replies":[{"embeddable":true,"href":"https:\/\/noticiasmercedinas.com\/site\/wp-json\/wp\/v2\/comments?post=137633"}],"version-history":[{"count":2,"href":"https:\/\/noticiasmercedinas.com\/site\/wp-json\/wp\/v2\/posts\/137633\/revisions"}],"predecessor-version":[{"id":137636,"href":"https:\/\/noticiasmercedinas.com\/site\/wp-json\/wp\/v2\/posts\/137633\/revisions\/137636"}],"wp:featuredmedia":[{"embeddable":true,"href":"https:\/\/noticiasmercedinas.com\/site\/wp-json\/wp\/v2\/media\/137634"}],"wp:attachment":[{"href":"https:\/\/noticiasmercedinas.com\/site\/wp-json\/wp\/v2\/media?parent=137633"}],"wp:term":[{"taxonomy":"category","embeddable":true,"href":"https:\/\/noticiasmercedinas.com\/site\/wp-json\/wp\/v2\/categories?post=137633"},{"taxonomy":"post_tag","embeddable":true,"href":"https:\/\/noticiasmercedinas.com\/site\/wp-json\/wp\/v2\/tags?post=137633"}],"curies":[{"name":"wp","href":"https:\/\/api.w.org\/{rel}","templated":true}]}}