{"id":1377,"date":"2018-09-08T16:22:01","date_gmt":"2018-09-08T19:22:01","guid":{"rendered":"https:\/\/noticiasmercedinas.com\/site\/?p=1377"},"modified":"2018-09-08T16:22:01","modified_gmt":"2018-09-08T19:22:01","slug":"diputados-de-distintos-bloques-repudiaron-los-dichos-de-carrio-sobre-raul-alfonsin","status":"publish","type":"post","link":"https:\/\/noticiasmercedinas.com\/site\/2018\/09\/08\/diputados-de-distintos-bloques-repudiaron-los-dichos-de-carrio-sobre-raul-alfonsin\/","title":{"rendered":"Diputados de distintos bloques repudiaron los dichos de Carri\u00f3 sobre Ra\u00fal Alfons\u00edn"},"content":{"rendered":"<p><strong>Legisladores presentaron un proyecto para rechazar las declaraciones de la referente de Cambiemos sobre el ex presidente. Entre los firmantes estuvo el massista Carlos Selva<\/strong><\/p>\n<p><strong><img loading=\"lazy\" decoding=\"async\" class=\"alignnone size-full wp-image-1378\" src=\"https:\/\/noticiasmercedinas.com\/site\/wp-content\/uploads\/2018\/09\/carri\u00f3.jpg\" alt=\"\" width=\"650\" height=\"366\" srcset=\"https:\/\/noticiasmercedinas.com\/site\/wp-content\/uploads\/2018\/09\/carri\u00f3.jpg 650w, https:\/\/noticiasmercedinas.com\/site\/wp-content\/uploads\/2018\/09\/carri\u00f3-300x169.jpg 300w, https:\/\/noticiasmercedinas.com\/site\/wp-content\/uploads\/2018\/09\/carri\u00f3-640x360.jpg 640w\" sizes=\"auto, (max-width: 650px) 100vw, 650px\" \/><br \/>\n<\/strong><\/p>\n<p>Diputados de diferentes bloques presentaron un proyecto de declaraci\u00f3n para repudiar los dichos de Elisa Carri\u00f3 sobre el expresidente Ra\u00fal Alfons\u00edn, a quien la referente de Cambiemos mencion\u00f3 como part\u00edcipe de un \u201cgolpe civil\u201d en 2001.<\/p>\n<p>Luego de que la UCR tambi\u00e9n rechazara sus declaraciones, un grupo de legisladores firm\u00f3 una iniciativa que tiene como autora a la massista Cecilia Moreau.<\/p>\n<p>\u201cCarri\u00f3 es totalmente da\u00f1ina para la pol\u00edtica nacional. Las declaraciones que hizo sobre Ra\u00fal Alfons\u00edn no solo muestran cierto desequilibrio, sino una cuota de maldad que no se ha visto antes\u201d, sostuvo Moreau.<\/p>\n<p>El proyecto, que repudia los \u201cdichos agraviantes\u201d, plasma en sus fundamentos una defensa de la trayectoria pol\u00edtica del expresidente.<\/p>\n<p>\u201cLa altura moral de Alfons\u00edn es un faro. Su defensa por la democracia y el legado que nos deja es tan grande que no podemos hacer otra cosa que defender su trayectoria, ante declaraciones tan nefastas. Es tan inmenso el legado de Ra\u00fal que a Carri\u00f3 le queda grande mencionarlo\u201d, se\u00f1ala el texto.<\/p>\n<p>Adem\u00e1s, se resalta que \u201cla comunidad pol\u00edtica nacional e internacional que convivi\u00f3 con \u00e9l, y las generaciones que lo sucedimos no solo reconocemos su labor en la defensa de los derechos humanos y la democracia, sino que adem\u00e1s tenemos un profundo respeto y admiraci\u00f3n por su figura.<\/p>\n<p>\u201cEste tipo de declaraciones no hacen m\u00e1s que ofender su memoria y ponernos en la vereda de en frente; somos hijos de la democracia y vamos a defenderla para mejorar la vida de los argentinos, lejos de la adrenalina que siente la diputada en momentos de crisis como el que vivimos\u201d, agrega la iniciativa.<\/p>\n<p>D\u00edas atr\u00e1s, Carri\u00f3 dijo: \u201cHoy no se toc\u00f3 el programa de rebaja de retenciones. Todos van a pagar cuatro por uno, pero es cuatro pesos, la inflaci\u00f3n te lo deval\u00faa. Es transitorio. Yo estaba en el 2001. Eso fue un golpe civil: Alfons\u00edn y Duhalde\u201d.<\/p>\n<p>Adem\u00e1s de Moreau, el proyecto fue firmado por los diputados Graciela Cama\u00f1o, Daniel Arroyo, Jos\u00e9 Ignacio De Mendiguren, Mirta Tundis, Ra\u00fal P\u00e9rez, Alejandro Grandinetti, Carlos Selva (Frente Renovador); Magdalena Sierra (FpV-PJ), Araceli Ferreyra (Movimiento Evita), Victoria Donda (Libres del Sur) y Rosa Mu\u00f1oz (Trabajo y Dignidad).<\/p>\n","protected":false},"excerpt":{"rendered":"<p>Legisladores presentaron un proyecto para rechazar las declaraciones de la referente de Cambiemos sobre el ex presidente. Entre los firmantes estuvo el massista Carlos Selva Diputados de diferentes bloques presentaron un proyecto de declaraci\u00f3n para repudiar los dichos de Elisa Carri\u00f3 sobre el expresidente Ra\u00fal Alfons\u00edn, a quien la referente de Cambiemos mencion\u00f3 como part\u00edcipe [&hellip;]<\/p>\n","protected":false},"author":2,"featured_media":1378,"comment_status":"open","ping_status":"open","sticky":false,"template":"","format":"standard","meta":{"footnotes":""},"categories":[16],"tags":[318,583,174],"class_list":["post-1377","post","type-post","status-publish","format-standard","has-post-thumbnail","hentry","category-politica","tag-carlos-selva","tag-carrio","tag-diputados"],"yoast_head":"<!-- This site is optimized with the Yoast SEO plugin v27.4 - https:\/\/yoast.com\/product\/yoast-seo-wordpress\/ -->\n<title>Diputados de distintos bloques repudiaron los dichos de Carri\u00f3 sobre Ra\u00fal Alfons\u00edn<\/title>\n<meta name=\"robots\" content=\"index, follow, max-snippet:-1, max-image-preview:large, max-video-preview:-1\" \/>\n<link rel=\"canonical\" href=\"https:\/\/noticiasmercedinas.com\/site\/2018\/09\/08\/diputados-de-distintos-bloques-repudiaron-los-dichos-de-carrio-sobre-raul-alfonsin\/\" \/>\n<meta property=\"og:locale\" content=\"es_ES\" \/>\n<meta property=\"og:type\" content=\"article\" \/>\n<meta property=\"og:title\" content=\"Diputados de distintos bloques repudiaron los dichos de Carri\u00f3 sobre Ra\u00fal Alfons\u00edn\" \/>\n<meta property=\"og:description\" content=\"Legisladores presentaron un proyecto para rechazar las declaraciones de la referente de Cambiemos sobre el ex presidente. Entre los firmantes estuvo el massista Carlos Selva Diputados de diferentes bloques presentaron un proyecto de declaraci\u00f3n para repudiar los dichos de Elisa Carri\u00f3 sobre el expresidente Ra\u00fal Alfons\u00edn, a quien la referente de Cambiemos mencion\u00f3 como part\u00edcipe [&hellip;]\" \/>\n<meta property=\"og:url\" content=\"https:\/\/noticiasmercedinas.com\/site\/2018\/09\/08\/diputados-de-distintos-bloques-repudiaron-los-dichos-de-carrio-sobre-raul-alfonsin\/\" \/>\n<meta property=\"og:site_name\" content=\"NOTICIASMERCEDINAS.COM\" \/>\n<meta property=\"article:publisher\" content=\"https:\/\/www.facebook.com\/noticiasmercedinas\/\" \/>\n<meta property=\"article:author\" content=\"https:\/\/www.facebook.com\/cristian.falabella\" \/>\n<meta property=\"article:published_time\" content=\"2018-09-08T19:22:01+00:00\" \/>\n<meta property=\"og:image\" content=\"https:\/\/noticiasmercedinas.com\/site\/wp-content\/uploads\/2018\/09\/carri\u00f3.jpg\" \/>\n\t<meta property=\"og:image:width\" content=\"650\" \/>\n\t<meta property=\"og:image:height\" content=\"366\" \/>\n\t<meta property=\"og:image:type\" content=\"image\/jpeg\" \/>\n<meta name=\"author\" content=\"Cristian Falabella NOTICIASMERCEDINAS.COM\" \/>\n<meta name=\"twitter:card\" content=\"summary_large_image\" \/>\n<meta name=\"twitter:creator\" content=\"@https:\/\/twitter.com\/NOTMERCEDINAS\" \/>\n<meta name=\"twitter:site\" content=\"@notmercedinas\" \/>\n<meta name=\"twitter:label1\" content=\"Escrito por\" \/>\n\t<meta name=\"twitter:data1\" content=\"Cristian Falabella NOTICIASMERCEDINAS.COM\" \/>\n\t<meta name=\"twitter:label2\" content=\"Tiempo de lectura\" \/>\n\t<meta name=\"twitter:data2\" content=\"2 minutos\" \/>\n<script type=\"application\/ld+json\" class=\"yoast-schema-graph\">{\"@context\":\"https:\\\/\\\/schema.org\",\"@graph\":[{\"@type\":\"Article\",\"@id\":\"https:\\\/\\\/noticiasmercedinas.com\\\/site\\\/2018\\\/09\\\/08\\\/diputados-de-distintos-bloques-repudiaron-los-dichos-de-carrio-sobre-raul-alfonsin\\\/#article\",\"isPartOf\":{\"@id\":\"https:\\\/\\\/noticiasmercedinas.com\\\/site\\\/2018\\\/09\\\/08\\\/diputados-de-distintos-bloques-repudiaron-los-dichos-de-carrio-sobre-raul-alfonsin\\\/\"},\"author\":{\"name\":\"Cristian Falabella NOTICIASMERCEDINAS.COM\",\"@id\":\"https:\\\/\\\/noticiasmercedinas.com\\\/site\\\/#\\\/schema\\\/person\\\/d481a9696a5feaec13a60e2bbd991a6a\"},\"headline\":\"Diputados de distintos bloques repudiaron los dichos de Carri\u00f3 sobre Ra\u00fal Alfons\u00edn\",\"datePublished\":\"2018-09-08T19:22:01+00:00\",\"mainEntityOfPage\":{\"@id\":\"https:\\\/\\\/noticiasmercedinas.com\\\/site\\\/2018\\\/09\\\/08\\\/diputados-de-distintos-bloques-repudiaron-los-dichos-de-carrio-sobre-raul-alfonsin\\\/\"},\"wordCount\":423,\"commentCount\":0,\"publisher\":{\"@id\":\"https:\\\/\\\/noticiasmercedinas.com\\\/site\\\/#organization\"},\"image\":{\"@id\":\"https:\\\/\\\/noticiasmercedinas.com\\\/site\\\/2018\\\/09\\\/08\\\/diputados-de-distintos-bloques-repudiaron-los-dichos-de-carrio-sobre-raul-alfonsin\\\/#primaryimage\"},\"thumbnailUrl\":\"https:\\\/\\\/noticiasmercedinas.com\\\/site\\\/wp-content\\\/uploads\\\/2018\\\/09\\\/carri\u00f3.jpg\",\"keywords\":[\"carlos selva\",\"carrio\",\"diputados\"],\"articleSection\":[\"Politica\"],\"inLanguage\":\"es\",\"potentialAction\":[{\"@type\":\"CommentAction\",\"name\":\"Comment\",\"target\":[\"https:\\\/\\\/noticiasmercedinas.com\\\/site\\\/2018\\\/09\\\/08\\\/diputados-de-distintos-bloques-repudiaron-los-dichos-de-carrio-sobre-raul-alfonsin\\\/#respond\"]}]},{\"@type\":\"WebPage\",\"@id\":\"https:\\\/\\\/noticiasmercedinas.com\\\/site\\\/2018\\\/09\\\/08\\\/diputados-de-distintos-bloques-repudiaron-los-dichos-de-carrio-sobre-raul-alfonsin\\\/\",\"url\":\"https:\\\/\\\/noticiasmercedinas.com\\\/site\\\/2018\\\/09\\\/08\\\/diputados-de-distintos-bloques-repudiaron-los-dichos-de-carrio-sobre-raul-alfonsin\\\/\",\"name\":\"Diputados de distintos bloques repudiaron los dichos de Carri\u00f3 sobre Ra\u00fal Alfons\u00edn\",\"isPartOf\":{\"@id\":\"https:\\\/\\\/noticiasmercedinas.com\\\/site\\\/#website\"},\"primaryImageOfPage\":{\"@id\":\"https:\\\/\\\/noticiasmercedinas.com\\\/site\\\/2018\\\/09\\\/08\\\/diputados-de-distintos-bloques-repudiaron-los-dichos-de-carrio-sobre-raul-alfonsin\\\/#primaryimage\"},\"image\":{\"@id\":\"https:\\\/\\\/noticiasmercedinas.com\\\/site\\\/2018\\\/09\\\/08\\\/diputados-de-distintos-bloques-repudiaron-los-dichos-de-carrio-sobre-raul-alfonsin\\\/#primaryimage\"},\"thumbnailUrl\":\"https:\\\/\\\/noticiasmercedinas.com\\\/site\\\/wp-content\\\/uploads\\\/2018\\\/09\\\/carri\u00f3.jpg\",\"datePublished\":\"2018-09-08T19:22:01+00:00\",\"breadcrumb\":{\"@id\":\"https:\\\/\\\/noticiasmercedinas.com\\\/site\\\/2018\\\/09\\\/08\\\/diputados-de-distintos-bloques-repudiaron-los-dichos-de-carrio-sobre-raul-alfonsin\\\/#breadcrumb\"},\"inLanguage\":\"es\",\"potentialAction\":[{\"@type\":\"ReadAction\",\"target\":[\"https:\\\/\\\/noticiasmercedinas.com\\\/site\\\/2018\\\/09\\\/08\\\/diputados-de-distintos-bloques-repudiaron-los-dichos-de-carrio-sobre-raul-alfonsin\\\/\"]}]},{\"@type\":\"ImageObject\",\"inLanguage\":\"es\",\"@id\":\"https:\\\/\\\/noticiasmercedinas.com\\\/site\\\/2018\\\/09\\\/08\\\/diputados-de-distintos-bloques-repudiaron-los-dichos-de-carrio-sobre-raul-alfonsin\\\/#primaryimage\",\"url\":\"https:\\\/\\\/noticiasmercedinas.com\\\/site\\\/wp-content\\\/uploads\\\/2018\\\/09\\\/carri\u00f3.jpg\",\"contentUrl\":\"https:\\\/\\\/noticiasmercedinas.com\\\/site\\\/wp-content\\\/uploads\\\/2018\\\/09\\\/carri\u00f3.jpg\",\"width\":650,\"height\":366},{\"@type\":\"BreadcrumbList\",\"@id\":\"https:\\\/\\\/noticiasmercedinas.com\\\/site\\\/2018\\\/09\\\/08\\\/diputados-de-distintos-bloques-repudiaron-los-dichos-de-carrio-sobre-raul-alfonsin\\\/#breadcrumb\",\"itemListElement\":[{\"@type\":\"ListItem\",\"position\":1,\"name\":\"Portada\",\"item\":\"https:\\\/\\\/noticiasmercedinas.com\\\/site\\\/\"},{\"@type\":\"ListItem\",\"position\":2,\"name\":\"Diputados de distintos bloques repudiaron los dichos de Carri\u00f3 sobre Ra\u00fal Alfons\u00edn\"}]},{\"@type\":\"WebSite\",\"@id\":\"https:\\\/\\\/noticiasmercedinas.com\\\/site\\\/#website\",\"url\":\"https:\\\/\\\/noticiasmercedinas.com\\\/site\\\/\",\"name\":\"NOTICIASMERCEDINAS.COM\",\"description\":\"Mercedes, Buenos Aires, Argentina\",\"publisher\":{\"@id\":\"https:\\\/\\\/noticiasmercedinas.com\\\/site\\\/#organization\"},\"potentialAction\":[{\"@type\":\"SearchAction\",\"target\":{\"@type\":\"EntryPoint\",\"urlTemplate\":\"https:\\\/\\\/noticiasmercedinas.com\\\/site\\\/?s={search_term_string}\"},\"query-input\":{\"@type\":\"PropertyValueSpecification\",\"valueRequired\":true,\"valueName\":\"search_term_string\"}}],\"inLanguage\":\"es\"},{\"@type\":\"Organization\",\"@id\":\"https:\\\/\\\/noticiasmercedinas.com\\\/site\\\/#organization\",\"name\":\"NOTICIASMERCEDINAS.COM\",\"url\":\"https:\\\/\\\/noticiasmercedinas.com\\\/site\\\/\",\"logo\":{\"@type\":\"ImageObject\",\"inLanguage\":\"es\",\"@id\":\"https:\\\/\\\/noticiasmercedinas.com\\\/site\\\/#\\\/schema\\\/logo\\\/image\\\/\",\"url\":\"https:\\\/\\\/noticiasmercedinas.com\\\/site\\\/wp-content\\\/uploads\\\/2020\\\/06\\\/LOGO-512.jpg\",\"contentUrl\":\"https:\\\/\\\/noticiasmercedinas.com\\\/site\\\/wp-content\\\/uploads\\\/2020\\\/06\\\/LOGO-512.jpg\",\"width\":512,\"height\":512,\"caption\":\"NOTICIASMERCEDINAS.COM\"},\"image\":{\"@id\":\"https:\\\/\\\/noticiasmercedinas.com\\\/site\\\/#\\\/schema\\\/logo\\\/image\\\/\"},\"sameAs\":[\"https:\\\/\\\/www.facebook.com\\\/noticiasmercedinas\\\/\",\"https:\\\/\\\/x.com\\\/notmercedinas\",\"https:\\\/\\\/www.instagram.com\\\/noticiasmercedinas\\\/\"]},{\"@type\":\"Person\",\"@id\":\"https:\\\/\\\/noticiasmercedinas.com\\\/site\\\/#\\\/schema\\\/person\\\/d481a9696a5feaec13a60e2bbd991a6a\",\"name\":\"Cristian Falabella NOTICIASMERCEDINAS.COM\",\"image\":{\"@type\":\"ImageObject\",\"inLanguage\":\"es\",\"@id\":\"https:\\\/\\\/secure.gravatar.com\\\/avatar\\\/0dbbfc45970cc46bcd0e57766228574ff3511d6eed045b182f536f0f478c1f06?s=96&d=mm&r=g\",\"url\":\"https:\\\/\\\/secure.gravatar.com\\\/avatar\\\/0dbbfc45970cc46bcd0e57766228574ff3511d6eed045b182f536f0f478c1f06?s=96&d=mm&r=g\",\"contentUrl\":\"https:\\\/\\\/secure.gravatar.com\\\/avatar\\\/0dbbfc45970cc46bcd0e57766228574ff3511d6eed045b182f536f0f478c1f06?s=96&d=mm&r=g\",\"caption\":\"Cristian Falabella NOTICIASMERCEDINAS.COM\"},\"description\":\"Periodista, editor de Noticias Mercedinas. Pas\u00f3 por varias redacciones y emprendimientos de prensa, en distintos formatos y \u00e9pocas. Se especializ\u00f3 --y sigue haci\u00e9ndolo-- en comunicaci\u00f3n en la web y en junio de 2006 fund\u00f3 este diario digital.\",\"sameAs\":[\"https:\\\/\\\/noticiasmercedinas.com\",\"https:\\\/\\\/www.facebook.com\\\/cristian.falabella\",\"https:\\\/\\\/www.instagram.com\\\/noticiasmercedinas\\\/\",\"https:\\\/\\\/x.com\\\/https:\\\/\\\/twitter.com\\\/NOTMERCEDINAS\"],\"url\":\"https:\\\/\\\/noticiasmercedinas.com\\\/site\\\/author\\\/as000384\\\/\"}]}<\/script>\n<!-- \/ Yoast SEO plugin. -->","yoast_head_json":{"title":"Diputados de distintos bloques repudiaron los dichos de Carri\u00f3 sobre Ra\u00fal Alfons\u00edn","robots":{"index":"index","follow":"follow","max-snippet":"max-snippet:-1","max-image-preview":"max-image-preview:large","max-video-preview":"max-video-preview:-1"},"canonical":"https:\/\/noticiasmercedinas.com\/site\/2018\/09\/08\/diputados-de-distintos-bloques-repudiaron-los-dichos-de-carrio-sobre-raul-alfonsin\/","og_locale":"es_ES","og_type":"article","og_title":"Diputados de distintos bloques repudiaron los dichos de Carri\u00f3 sobre Ra\u00fal Alfons\u00edn","og_description":"Legisladores presentaron un proyecto para rechazar las declaraciones de la referente de Cambiemos sobre el ex presidente. Entre los firmantes estuvo el massista Carlos Selva Diputados de diferentes bloques presentaron un proyecto de declaraci\u00f3n para repudiar los dichos de Elisa Carri\u00f3 sobre el expresidente Ra\u00fal Alfons\u00edn, a quien la referente de Cambiemos mencion\u00f3 como part\u00edcipe [&hellip;]","og_url":"https:\/\/noticiasmercedinas.com\/site\/2018\/09\/08\/diputados-de-distintos-bloques-repudiaron-los-dichos-de-carrio-sobre-raul-alfonsin\/","og_site_name":"NOTICIASMERCEDINAS.COM","article_publisher":"https:\/\/www.facebook.com\/noticiasmercedinas\/","article_author":"https:\/\/www.facebook.com\/cristian.falabella","article_published_time":"2018-09-08T19:22:01+00:00","og_image":[{"width":650,"height":366,"url":"https:\/\/noticiasmercedinas.com\/site\/wp-content\/uploads\/2018\/09\/carri\u00f3.jpg","type":"image\/jpeg"}],"author":"Cristian Falabella NOTICIASMERCEDINAS.COM","twitter_card":"summary_large_image","twitter_creator":"@https:\/\/twitter.com\/NOTMERCEDINAS","twitter_site":"@notmercedinas","twitter_misc":{"Escrito por":"Cristian Falabella NOTICIASMERCEDINAS.COM","Tiempo de lectura":"2 minutos"},"schema":{"@context":"https:\/\/schema.org","@graph":[{"@type":"Article","@id":"https:\/\/noticiasmercedinas.com\/site\/2018\/09\/08\/diputados-de-distintos-bloques-repudiaron-los-dichos-de-carrio-sobre-raul-alfonsin\/#article","isPartOf":{"@id":"https:\/\/noticiasmercedinas.com\/site\/2018\/09\/08\/diputados-de-distintos-bloques-repudiaron-los-dichos-de-carrio-sobre-raul-alfonsin\/"},"author":{"name":"Cristian Falabella NOTICIASMERCEDINAS.COM","@id":"https:\/\/noticiasmercedinas.com\/site\/#\/schema\/person\/d481a9696a5feaec13a60e2bbd991a6a"},"headline":"Diputados de distintos bloques repudiaron los dichos de Carri\u00f3 sobre Ra\u00fal Alfons\u00edn","datePublished":"2018-09-08T19:22:01+00:00","mainEntityOfPage":{"@id":"https:\/\/noticiasmercedinas.com\/site\/2018\/09\/08\/diputados-de-distintos-bloques-repudiaron-los-dichos-de-carrio-sobre-raul-alfonsin\/"},"wordCount":423,"commentCount":0,"publisher":{"@id":"https:\/\/noticiasmercedinas.com\/site\/#organization"},"image":{"@id":"https:\/\/noticiasmercedinas.com\/site\/2018\/09\/08\/diputados-de-distintos-bloques-repudiaron-los-dichos-de-carrio-sobre-raul-alfonsin\/#primaryimage"},"thumbnailUrl":"https:\/\/noticiasmercedinas.com\/site\/wp-content\/uploads\/2018\/09\/carri\u00f3.jpg","keywords":["carlos selva","carrio","diputados"],"articleSection":["Politica"],"inLanguage":"es","potentialAction":[{"@type":"CommentAction","name":"Comment","target":["https:\/\/noticiasmercedinas.com\/site\/2018\/09\/08\/diputados-de-distintos-bloques-repudiaron-los-dichos-de-carrio-sobre-raul-alfonsin\/#respond"]}]},{"@type":"WebPage","@id":"https:\/\/noticiasmercedinas.com\/site\/2018\/09\/08\/diputados-de-distintos-bloques-repudiaron-los-dichos-de-carrio-sobre-raul-alfonsin\/","url":"https:\/\/noticiasmercedinas.com\/site\/2018\/09\/08\/diputados-de-distintos-bloques-repudiaron-los-dichos-de-carrio-sobre-raul-alfonsin\/","name":"Diputados de distintos bloques repudiaron los dichos de Carri\u00f3 sobre Ra\u00fal Alfons\u00edn","isPartOf":{"@id":"https:\/\/noticiasmercedinas.com\/site\/#website"},"primaryImageOfPage":{"@id":"https:\/\/noticiasmercedinas.com\/site\/2018\/09\/08\/diputados-de-distintos-bloques-repudiaron-los-dichos-de-carrio-sobre-raul-alfonsin\/#primaryimage"},"image":{"@id":"https:\/\/noticiasmercedinas.com\/site\/2018\/09\/08\/diputados-de-distintos-bloques-repudiaron-los-dichos-de-carrio-sobre-raul-alfonsin\/#primaryimage"},"thumbnailUrl":"https:\/\/noticiasmercedinas.com\/site\/wp-content\/uploads\/2018\/09\/carri\u00f3.jpg","datePublished":"2018-09-08T19:22:01+00:00","breadcrumb":{"@id":"https:\/\/noticiasmercedinas.com\/site\/2018\/09\/08\/diputados-de-distintos-bloques-repudiaron-los-dichos-de-carrio-sobre-raul-alfonsin\/#breadcrumb"},"inLanguage":"es","potentialAction":[{"@type":"ReadAction","target":["https:\/\/noticiasmercedinas.com\/site\/2018\/09\/08\/diputados-de-distintos-bloques-repudiaron-los-dichos-de-carrio-sobre-raul-alfonsin\/"]}]},{"@type":"ImageObject","inLanguage":"es","@id":"https:\/\/noticiasmercedinas.com\/site\/2018\/09\/08\/diputados-de-distintos-bloques-repudiaron-los-dichos-de-carrio-sobre-raul-alfonsin\/#primaryimage","url":"https:\/\/noticiasmercedinas.com\/site\/wp-content\/uploads\/2018\/09\/carri\u00f3.jpg","contentUrl":"https:\/\/noticiasmercedinas.com\/site\/wp-content\/uploads\/2018\/09\/carri\u00f3.jpg","width":650,"height":366},{"@type":"BreadcrumbList","@id":"https:\/\/noticiasmercedinas.com\/site\/2018\/09\/08\/diputados-de-distintos-bloques-repudiaron-los-dichos-de-carrio-sobre-raul-alfonsin\/#breadcrumb","itemListElement":[{"@type":"ListItem","position":1,"name":"Portada","item":"https:\/\/noticiasmercedinas.com\/site\/"},{"@type":"ListItem","position":2,"name":"Diputados de distintos bloques repudiaron los dichos de Carri\u00f3 sobre Ra\u00fal Alfons\u00edn"}]},{"@type":"WebSite","@id":"https:\/\/noticiasmercedinas.com\/site\/#website","url":"https:\/\/noticiasmercedinas.com\/site\/","name":"NOTICIASMERCEDINAS.COM","description":"Mercedes, Buenos Aires, Argentina","publisher":{"@id":"https:\/\/noticiasmercedinas.com\/site\/#organization"},"potentialAction":[{"@type":"SearchAction","target":{"@type":"EntryPoint","urlTemplate":"https:\/\/noticiasmercedinas.com\/site\/?s={search_term_string}"},"query-input":{"@type":"PropertyValueSpecification","valueRequired":true,"valueName":"search_term_string"}}],"inLanguage":"es"},{"@type":"Organization","@id":"https:\/\/noticiasmercedinas.com\/site\/#organization","name":"NOTICIASMERCEDINAS.COM","url":"https:\/\/noticiasmercedinas.com\/site\/","logo":{"@type":"ImageObject","inLanguage":"es","@id":"https:\/\/noticiasmercedinas.com\/site\/#\/schema\/logo\/image\/","url":"https:\/\/noticiasmercedinas.com\/site\/wp-content\/uploads\/2020\/06\/LOGO-512.jpg","contentUrl":"https:\/\/noticiasmercedinas.com\/site\/wp-content\/uploads\/2020\/06\/LOGO-512.jpg","width":512,"height":512,"caption":"NOTICIASMERCEDINAS.COM"},"image":{"@id":"https:\/\/noticiasmercedinas.com\/site\/#\/schema\/logo\/image\/"},"sameAs":["https:\/\/www.facebook.com\/noticiasmercedinas\/","https:\/\/x.com\/notmercedinas","https:\/\/www.instagram.com\/noticiasmercedinas\/"]},{"@type":"Person","@id":"https:\/\/noticiasmercedinas.com\/site\/#\/schema\/person\/d481a9696a5feaec13a60e2bbd991a6a","name":"Cristian Falabella NOTICIASMERCEDINAS.COM","image":{"@type":"ImageObject","inLanguage":"es","@id":"https:\/\/secure.gravatar.com\/avatar\/0dbbfc45970cc46bcd0e57766228574ff3511d6eed045b182f536f0f478c1f06?s=96&d=mm&r=g","url":"https:\/\/secure.gravatar.com\/avatar\/0dbbfc45970cc46bcd0e57766228574ff3511d6eed045b182f536f0f478c1f06?s=96&d=mm&r=g","contentUrl":"https:\/\/secure.gravatar.com\/avatar\/0dbbfc45970cc46bcd0e57766228574ff3511d6eed045b182f536f0f478c1f06?s=96&d=mm&r=g","caption":"Cristian Falabella NOTICIASMERCEDINAS.COM"},"description":"Periodista, editor de Noticias Mercedinas. Pas\u00f3 por varias redacciones y emprendimientos de prensa, en distintos formatos y \u00e9pocas. Se especializ\u00f3 --y sigue haci\u00e9ndolo-- en comunicaci\u00f3n en la web y en junio de 2006 fund\u00f3 este diario digital.","sameAs":["https:\/\/noticiasmercedinas.com","https:\/\/www.facebook.com\/cristian.falabella","https:\/\/www.instagram.com\/noticiasmercedinas\/","https:\/\/x.com\/https:\/\/twitter.com\/NOTMERCEDINAS"],"url":"https:\/\/noticiasmercedinas.com\/site\/author\/as000384\/"}]}},"amp_enabled":true,"_links":{"self":[{"href":"https:\/\/noticiasmercedinas.com\/site\/wp-json\/wp\/v2\/posts\/1377","targetHints":{"allow":["GET"]}}],"collection":[{"href":"https:\/\/noticiasmercedinas.com\/site\/wp-json\/wp\/v2\/posts"}],"about":[{"href":"https:\/\/noticiasmercedinas.com\/site\/wp-json\/wp\/v2\/types\/post"}],"author":[{"embeddable":true,"href":"https:\/\/noticiasmercedinas.com\/site\/wp-json\/wp\/v2\/users\/2"}],"replies":[{"embeddable":true,"href":"https:\/\/noticiasmercedinas.com\/site\/wp-json\/wp\/v2\/comments?post=1377"}],"version-history":[{"count":1,"href":"https:\/\/noticiasmercedinas.com\/site\/wp-json\/wp\/v2\/posts\/1377\/revisions"}],"predecessor-version":[{"id":1379,"href":"https:\/\/noticiasmercedinas.com\/site\/wp-json\/wp\/v2\/posts\/1377\/revisions\/1379"}],"wp:featuredmedia":[{"embeddable":true,"href":"https:\/\/noticiasmercedinas.com\/site\/wp-json\/wp\/v2\/media\/1378"}],"wp:attachment":[{"href":"https:\/\/noticiasmercedinas.com\/site\/wp-json\/wp\/v2\/media?parent=1377"}],"wp:term":[{"taxonomy":"category","embeddable":true,"href":"https:\/\/noticiasmercedinas.com\/site\/wp-json\/wp\/v2\/categories?post=1377"},{"taxonomy":"post_tag","embeddable":true,"href":"https:\/\/noticiasmercedinas.com\/site\/wp-json\/wp\/v2\/tags?post=1377"}],"curies":[{"name":"wp","href":"https:\/\/api.w.org\/{rel}","templated":true}]}}