{"id":137898,"date":"2024-06-07T09:21:03","date_gmt":"2024-06-07T12:21:03","guid":{"rendered":"https:\/\/noticiasmercedinas.com\/site\/?p=137898"},"modified":"2024-06-07T09:26:25","modified_gmt":"2024-06-07T12:26:25","slug":"universidad-siglo-21-abre-inscripciones-con-descuentos-para-carreras-que-inician-en-agosto","status":"publish","type":"post","link":"https:\/\/noticiasmercedinas.com\/site\/2024\/06\/07\/universidad-siglo-21-abre-inscripciones-con-descuentos-para-carreras-que-inician-en-agosto\/","title":{"rendered":"Universidad Siglo 21 abre inscripciones con descuentos para carreras que inician en agosto"},"content":{"rendered":"<p><img loading=\"lazy\" decoding=\"async\" class=\"alignnone size-full wp-image-56083\" src=\"https:\/\/noticiasmercedinas.com\/site\/wp-content\/uploads\/2020\/11\/siglo16.jpg\" alt=\"\" width=\"1280\" height=\"860\" srcset=\"https:\/\/noticiasmercedinas.com\/site\/wp-content\/uploads\/2020\/11\/siglo16.jpg 1280w, https:\/\/noticiasmercedinas.com\/site\/wp-content\/uploads\/2020\/11\/siglo16-300x202.jpg 300w, https:\/\/noticiasmercedinas.com\/site\/wp-content\/uploads\/2020\/11\/siglo16-1024x688.jpg 1024w, https:\/\/noticiasmercedinas.com\/site\/wp-content\/uploads\/2020\/11\/siglo16-768x516.jpg 768w, https:\/\/noticiasmercedinas.com\/site\/wp-content\/uploads\/2020\/11\/siglo16-537x360.jpg 537w, https:\/\/noticiasmercedinas.com\/site\/wp-content\/uploads\/2020\/11\/siglo16-640x430.jpg 640w, https:\/\/noticiasmercedinas.com\/site\/wp-content\/uploads\/2020\/11\/siglo16-681x458.jpg 681w\" sizes=\"auto, (max-width: 1280px) 100vw, 1280px\" \/><\/p>\n<p>La Universidad Siglo 21 ha anunciado que ya est\u00e1n abiertas las inscripciones con descuento para las carreras que comenzar\u00e1n en agosto de este a\u00f1o. Los estudiantes que se inscriban durante el mes de junio podr\u00e1n beneficiarse de un descuento adicional en sus matr\u00edculas.<\/p>\n<p>Tal cual coment\u00f3 a este medio <strong>Alejandra Tempesta<\/strong>, coordinadora del Centro de Aprendizaje Universitario (CAU) de la Universidad Siglo 21, la instituci\u00f3n ofrece una inscripci\u00f3n continua a lo largo del a\u00f1o, destacando la flexibilidad y accesibilidad que caracterizan a la universidad. \u00abEs importante informar que realizando la inscripci\u00f3n en junio obtienen m\u00e1s descuento\u00bb, afirm\u00f3 Tempesta.<\/p>\n<p>Las clases para el pr\u00f3ximo ciclo comenzar\u00e1n el 5 de agosto. Adem\u00e1s, este a\u00f1o la universidad presenta una novedad significativa: gracias a la plataforma Klarway, los estudiantes pueden rendir sus ex\u00e1menes desde la comodidad de sus hogares. Esta herramienta innovadora monitorea a los alumnos durante sus evaluaciones, garantizando la integridad acad\u00e9mica en un entorno remoto.<\/p>\n<p>La Universidad Siglo 21 cuenta con una amplia oferta acad\u00e9mica que incluye carreras como Abogac\u00eda, Actuario, Contador P\u00fablico, Dise\u00f1o y Animaci\u00f3n Digital, Ciencias de Datos, y Periodismo, entre otras. Esta variedad de programas busca atraer no solo a estudiantes de la regi\u00f3n, sino tambi\u00e9n fomentar que los mercedinos contin\u00faen sus estudios en su ciudad natal.<\/p>\n<p>Con m\u00e1s de 25 a\u00f1os de experiencia en la educaci\u00f3n superior, la Universidad Siglo 21 se distingue por su enfoque integral, promoviendo tanto el desarrollo acad\u00e9mico como el bienestar emocional de sus estudiantes. La instituci\u00f3n se esfuerza por crear un entorno educativo que fomente la salud en todos los aspectos.<\/p>\n<p>Los interesados en obtener m\u00e1s informaci\u00f3n o en realizar consultas pueden comunicarse a trav\u00e9s del nuevo WhatsApp directo: <strong>2324611184<\/strong>. Tambi\u00e9n pueden acercarse al Centro de Aprendizaje Universitario de Mercedes, ubicado en la avenida 29 entre 32 y 34. Las clases se llevar\u00e1n a cabo en aulas modernas, equipadas con la \u00faltima tecnolog\u00eda.<\/p>\n<p>La Universidad Siglo 21 sigue consolid\u00e1ndose como una opci\u00f3n educativa de excelencia en la regi\u00f3n, adapt\u00e1ndose a las necesidades de los estudiantes y utilizando metodolog\u00edas educativas innovadoras y tecnol\u00f3gicamente avanzadas.<\/p>\n","protected":false},"excerpt":{"rendered":"<p>La Universidad Siglo 21 ha anunciado que ya est\u00e1n abiertas las inscripciones con descuento para las carreras que comenzar\u00e1n en agosto de este a\u00f1o. Los estudiantes que se inscriban durante el mes de junio podr\u00e1n beneficiarse de un descuento adicional en sus matr\u00edculas. Tal cual coment\u00f3 a este medio Alejandra Tempesta, coordinadora del Centro de [&hellip;]<\/p>\n","protected":false},"author":16,"featured_media":56083,"comment_status":"closed","ping_status":"closed","sticky":false,"template":"","format":"standard","meta":{"footnotes":""},"categories":[15755,74],"tags":[2364,2479,335],"class_list":["post-137898","post","type-post","status-publish","format-standard","has-post-thumbnail","hentry","category-educacion","category-emprendimientos","tag-carreras","tag-siglo-21","tag-universidad"],"yoast_head":"<!-- This site is optimized with the Yoast SEO plugin v27.4 - https:\/\/yoast.com\/product\/yoast-seo-wordpress\/ -->\n<title>Universidad Siglo 21 abre inscripciones con descuentos para carreras que inician en agosto<\/title>\n<meta name=\"robots\" content=\"index, follow, max-snippet:-1, max-image-preview:large, max-video-preview:-1\" \/>\n<link rel=\"canonical\" href=\"https:\/\/noticiasmercedinas.com\/site\/2024\/06\/07\/universidad-siglo-21-abre-inscripciones-con-descuentos-para-carreras-que-inician-en-agosto\/\" \/>\n<meta property=\"og:locale\" content=\"es_ES\" \/>\n<meta property=\"og:type\" content=\"article\" \/>\n<meta property=\"og:title\" content=\"Universidad Siglo 21 abre inscripciones con descuentos para carreras que inician en agosto\" \/>\n<meta property=\"og:description\" content=\"La Universidad Siglo 21 ha anunciado que ya est\u00e1n abiertas las inscripciones con descuento para las carreras que comenzar\u00e1n en agosto de este a\u00f1o. Los estudiantes que se inscriban durante el mes de junio podr\u00e1n beneficiarse de un descuento adicional en sus matr\u00edculas. Tal cual coment\u00f3 a este medio Alejandra Tempesta, coordinadora del Centro de [&hellip;]\" \/>\n<meta property=\"og:url\" content=\"https:\/\/noticiasmercedinas.com\/site\/2024\/06\/07\/universidad-siglo-21-abre-inscripciones-con-descuentos-para-carreras-que-inician-en-agosto\/\" \/>\n<meta property=\"og:site_name\" content=\"NOTICIASMERCEDINAS.COM\" \/>\n<meta property=\"article:publisher\" content=\"https:\/\/www.facebook.com\/noticiasmercedinas\/\" \/>\n<meta property=\"article:published_time\" content=\"2024-06-07T12:21:03+00:00\" \/>\n<meta property=\"article:modified_time\" content=\"2024-06-07T12:26:25+00:00\" \/>\n<meta property=\"og:image\" content=\"https:\/\/noticiasmercedinas.com\/site\/wp-content\/uploads\/2020\/11\/siglo16.jpg\" \/>\n\t<meta property=\"og:image:width\" content=\"1280\" \/>\n\t<meta property=\"og:image:height\" content=\"860\" \/>\n\t<meta property=\"og:image:type\" content=\"image\/jpeg\" \/>\n<meta name=\"author\" content=\"NOTICIASMERCEDINAS.COM\" \/>\n<meta name=\"twitter:card\" content=\"summary_large_image\" \/>\n<meta name=\"twitter:creator\" content=\"@notmercedinas\" \/>\n<meta name=\"twitter:site\" content=\"@notmercedinas\" \/>\n<meta name=\"twitter:label1\" content=\"Escrito por\" \/>\n\t<meta name=\"twitter:data1\" content=\"NOTICIASMERCEDINAS.COM\" \/>\n\t<meta name=\"twitter:label2\" content=\"Tiempo de lectura\" \/>\n\t<meta name=\"twitter:data2\" content=\"2 minutos\" \/>\n<script type=\"application\/ld+json\" class=\"yoast-schema-graph\">{\"@context\":\"https:\\\/\\\/schema.org\",\"@graph\":[{\"@type\":\"Article\",\"@id\":\"https:\\\/\\\/noticiasmercedinas.com\\\/site\\\/2024\\\/06\\\/07\\\/universidad-siglo-21-abre-inscripciones-con-descuentos-para-carreras-que-inician-en-agosto\\\/#article\",\"isPartOf\":{\"@id\":\"https:\\\/\\\/noticiasmercedinas.com\\\/site\\\/2024\\\/06\\\/07\\\/universidad-siglo-21-abre-inscripciones-con-descuentos-para-carreras-que-inician-en-agosto\\\/\"},\"author\":{\"name\":\"NOTICIASMERCEDINAS.COM\",\"@id\":\"https:\\\/\\\/noticiasmercedinas.com\\\/site\\\/#\\\/schema\\\/person\\\/84b59c099c28ff2e8b77d4ceec5d8063\"},\"headline\":\"Universidad Siglo 21 abre inscripciones con descuentos para carreras que inician en agosto\",\"datePublished\":\"2024-06-07T12:21:03+00:00\",\"dateModified\":\"2024-06-07T12:26:25+00:00\",\"mainEntityOfPage\":{\"@id\":\"https:\\\/\\\/noticiasmercedinas.com\\\/site\\\/2024\\\/06\\\/07\\\/universidad-siglo-21-abre-inscripciones-con-descuentos-para-carreras-que-inician-en-agosto\\\/\"},\"wordCount\":382,\"publisher\":{\"@id\":\"https:\\\/\\\/noticiasmercedinas.com\\\/site\\\/#organization\"},\"image\":{\"@id\":\"https:\\\/\\\/noticiasmercedinas.com\\\/site\\\/2024\\\/06\\\/07\\\/universidad-siglo-21-abre-inscripciones-con-descuentos-para-carreras-que-inician-en-agosto\\\/#primaryimage\"},\"thumbnailUrl\":\"https:\\\/\\\/noticiasmercedinas.com\\\/site\\\/wp-content\\\/uploads\\\/2020\\\/11\\\/siglo16.jpg\",\"keywords\":[\"carreras\",\"siglo 21\",\"universidad\"],\"articleSection\":[\"Educacion\",\"Emprendimientos\"],\"inLanguage\":\"es\"},{\"@type\":\"WebPage\",\"@id\":\"https:\\\/\\\/noticiasmercedinas.com\\\/site\\\/2024\\\/06\\\/07\\\/universidad-siglo-21-abre-inscripciones-con-descuentos-para-carreras-que-inician-en-agosto\\\/\",\"url\":\"https:\\\/\\\/noticiasmercedinas.com\\\/site\\\/2024\\\/06\\\/07\\\/universidad-siglo-21-abre-inscripciones-con-descuentos-para-carreras-que-inician-en-agosto\\\/\",\"name\":\"Universidad Siglo 21 abre inscripciones con descuentos para carreras que inician en agosto\",\"isPartOf\":{\"@id\":\"https:\\\/\\\/noticiasmercedinas.com\\\/site\\\/#website\"},\"primaryImageOfPage\":{\"@id\":\"https:\\\/\\\/noticiasmercedinas.com\\\/site\\\/2024\\\/06\\\/07\\\/universidad-siglo-21-abre-inscripciones-con-descuentos-para-carreras-que-inician-en-agosto\\\/#primaryimage\"},\"image\":{\"@id\":\"https:\\\/\\\/noticiasmercedinas.com\\\/site\\\/2024\\\/06\\\/07\\\/universidad-siglo-21-abre-inscripciones-con-descuentos-para-carreras-que-inician-en-agosto\\\/#primaryimage\"},\"thumbnailUrl\":\"https:\\\/\\\/noticiasmercedinas.com\\\/site\\\/wp-content\\\/uploads\\\/2020\\\/11\\\/siglo16.jpg\",\"datePublished\":\"2024-06-07T12:21:03+00:00\",\"dateModified\":\"2024-06-07T12:26:25+00:00\",\"breadcrumb\":{\"@id\":\"https:\\\/\\\/noticiasmercedinas.com\\\/site\\\/2024\\\/06\\\/07\\\/universidad-siglo-21-abre-inscripciones-con-descuentos-para-carreras-que-inician-en-agosto\\\/#breadcrumb\"},\"inLanguage\":\"es\",\"potentialAction\":[{\"@type\":\"ReadAction\",\"target\":[\"https:\\\/\\\/noticiasmercedinas.com\\\/site\\\/2024\\\/06\\\/07\\\/universidad-siglo-21-abre-inscripciones-con-descuentos-para-carreras-que-inician-en-agosto\\\/\"]}]},{\"@type\":\"ImageObject\",\"inLanguage\":\"es\",\"@id\":\"https:\\\/\\\/noticiasmercedinas.com\\\/site\\\/2024\\\/06\\\/07\\\/universidad-siglo-21-abre-inscripciones-con-descuentos-para-carreras-que-inician-en-agosto\\\/#primaryimage\",\"url\":\"https:\\\/\\\/noticiasmercedinas.com\\\/site\\\/wp-content\\\/uploads\\\/2020\\\/11\\\/siglo16.jpg\",\"contentUrl\":\"https:\\\/\\\/noticiasmercedinas.com\\\/site\\\/wp-content\\\/uploads\\\/2020\\\/11\\\/siglo16.jpg\",\"width\":1280,\"height\":860},{\"@type\":\"BreadcrumbList\",\"@id\":\"https:\\\/\\\/noticiasmercedinas.com\\\/site\\\/2024\\\/06\\\/07\\\/universidad-siglo-21-abre-inscripciones-con-descuentos-para-carreras-que-inician-en-agosto\\\/#breadcrumb\",\"itemListElement\":[{\"@type\":\"ListItem\",\"position\":1,\"name\":\"Portada\",\"item\":\"https:\\\/\\\/noticiasmercedinas.com\\\/site\\\/\"},{\"@type\":\"ListItem\",\"position\":2,\"name\":\"Universidad Siglo 21 abre inscripciones con descuentos para carreras que inician en agosto\"}]},{\"@type\":\"WebSite\",\"@id\":\"https:\\\/\\\/noticiasmercedinas.com\\\/site\\\/#website\",\"url\":\"https:\\\/\\\/noticiasmercedinas.com\\\/site\\\/\",\"name\":\"NOTICIASMERCEDINAS.COM\",\"description\":\"Mercedes, Buenos Aires, Argentina\",\"publisher\":{\"@id\":\"https:\\\/\\\/noticiasmercedinas.com\\\/site\\\/#organization\"},\"potentialAction\":[{\"@type\":\"SearchAction\",\"target\":{\"@type\":\"EntryPoint\",\"urlTemplate\":\"https:\\\/\\\/noticiasmercedinas.com\\\/site\\\/?s={search_term_string}\"},\"query-input\":{\"@type\":\"PropertyValueSpecification\",\"valueRequired\":true,\"valueName\":\"search_term_string\"}}],\"inLanguage\":\"es\"},{\"@type\":\"Organization\",\"@id\":\"https:\\\/\\\/noticiasmercedinas.com\\\/site\\\/#organization\",\"name\":\"NOTICIASMERCEDINAS.COM\",\"url\":\"https:\\\/\\\/noticiasmercedinas.com\\\/site\\\/\",\"logo\":{\"@type\":\"ImageObject\",\"inLanguage\":\"es\",\"@id\":\"https:\\\/\\\/noticiasmercedinas.com\\\/site\\\/#\\\/schema\\\/logo\\\/image\\\/\",\"url\":\"https:\\\/\\\/noticiasmercedinas.com\\\/site\\\/wp-content\\\/uploads\\\/2020\\\/06\\\/LOGO-512.jpg\",\"contentUrl\":\"https:\\\/\\\/noticiasmercedinas.com\\\/site\\\/wp-content\\\/uploads\\\/2020\\\/06\\\/LOGO-512.jpg\",\"width\":512,\"height\":512,\"caption\":\"NOTICIASMERCEDINAS.COM\"},\"image\":{\"@id\":\"https:\\\/\\\/noticiasmercedinas.com\\\/site\\\/#\\\/schema\\\/logo\\\/image\\\/\"},\"sameAs\":[\"https:\\\/\\\/www.facebook.com\\\/noticiasmercedinas\\\/\",\"https:\\\/\\\/x.com\\\/notmercedinas\",\"https:\\\/\\\/www.instagram.com\\\/noticiasmercedinas\\\/\"]},{\"@type\":\"Person\",\"@id\":\"https:\\\/\\\/noticiasmercedinas.com\\\/site\\\/#\\\/schema\\\/person\\\/84b59c099c28ff2e8b77d4ceec5d8063\",\"name\":\"NOTICIASMERCEDINAS.COM\",\"image\":{\"@type\":\"ImageObject\",\"inLanguage\":\"es\",\"@id\":\"https:\\\/\\\/secure.gravatar.com\\\/avatar\\\/4dfbf16b4d17945bfb6341b2d19043457132fcf478a5ee04f42e959fd8f5df0a?s=96&d=mm&r=g\",\"url\":\"https:\\\/\\\/secure.gravatar.com\\\/avatar\\\/4dfbf16b4d17945bfb6341b2d19043457132fcf478a5ee04f42e959fd8f5df0a?s=96&d=mm&r=g\",\"contentUrl\":\"https:\\\/\\\/secure.gravatar.com\\\/avatar\\\/4dfbf16b4d17945bfb6341b2d19043457132fcf478a5ee04f42e959fd8f5df0a?s=96&d=mm&r=g\",\"caption\":\"NOTICIASMERCEDINAS.COM\"},\"url\":\"https:\\\/\\\/noticiasmercedinas.com\\\/site\\\/author\\\/anonimo\\\/\"}]}<\/script>\n<!-- \/ Yoast SEO plugin. -->","yoast_head_json":{"title":"Universidad Siglo 21 abre inscripciones con descuentos para carreras que inician en agosto","robots":{"index":"index","follow":"follow","max-snippet":"max-snippet:-1","max-image-preview":"max-image-preview:large","max-video-preview":"max-video-preview:-1"},"canonical":"https:\/\/noticiasmercedinas.com\/site\/2024\/06\/07\/universidad-siglo-21-abre-inscripciones-con-descuentos-para-carreras-que-inician-en-agosto\/","og_locale":"es_ES","og_type":"article","og_title":"Universidad Siglo 21 abre inscripciones con descuentos para carreras que inician en agosto","og_description":"La Universidad Siglo 21 ha anunciado que ya est\u00e1n abiertas las inscripciones con descuento para las carreras que comenzar\u00e1n en agosto de este a\u00f1o. Los estudiantes que se inscriban durante el mes de junio podr\u00e1n beneficiarse de un descuento adicional en sus matr\u00edculas. Tal cual coment\u00f3 a este medio Alejandra Tempesta, coordinadora del Centro de [&hellip;]","og_url":"https:\/\/noticiasmercedinas.com\/site\/2024\/06\/07\/universidad-siglo-21-abre-inscripciones-con-descuentos-para-carreras-que-inician-en-agosto\/","og_site_name":"NOTICIASMERCEDINAS.COM","article_publisher":"https:\/\/www.facebook.com\/noticiasmercedinas\/","article_published_time":"2024-06-07T12:21:03+00:00","article_modified_time":"2024-06-07T12:26:25+00:00","og_image":[{"width":1280,"height":860,"url":"https:\/\/noticiasmercedinas.com\/site\/wp-content\/uploads\/2020\/11\/siglo16.jpg","type":"image\/jpeg"}],"author":"NOTICIASMERCEDINAS.COM","twitter_card":"summary_large_image","twitter_creator":"@notmercedinas","twitter_site":"@notmercedinas","twitter_misc":{"Escrito por":"NOTICIASMERCEDINAS.COM","Tiempo de lectura":"2 minutos"},"schema":{"@context":"https:\/\/schema.org","@graph":[{"@type":"Article","@id":"https:\/\/noticiasmercedinas.com\/site\/2024\/06\/07\/universidad-siglo-21-abre-inscripciones-con-descuentos-para-carreras-que-inician-en-agosto\/#article","isPartOf":{"@id":"https:\/\/noticiasmercedinas.com\/site\/2024\/06\/07\/universidad-siglo-21-abre-inscripciones-con-descuentos-para-carreras-que-inician-en-agosto\/"},"author":{"name":"NOTICIASMERCEDINAS.COM","@id":"https:\/\/noticiasmercedinas.com\/site\/#\/schema\/person\/84b59c099c28ff2e8b77d4ceec5d8063"},"headline":"Universidad Siglo 21 abre inscripciones con descuentos para carreras que inician en agosto","datePublished":"2024-06-07T12:21:03+00:00","dateModified":"2024-06-07T12:26:25+00:00","mainEntityOfPage":{"@id":"https:\/\/noticiasmercedinas.com\/site\/2024\/06\/07\/universidad-siglo-21-abre-inscripciones-con-descuentos-para-carreras-que-inician-en-agosto\/"},"wordCount":382,"publisher":{"@id":"https:\/\/noticiasmercedinas.com\/site\/#organization"},"image":{"@id":"https:\/\/noticiasmercedinas.com\/site\/2024\/06\/07\/universidad-siglo-21-abre-inscripciones-con-descuentos-para-carreras-que-inician-en-agosto\/#primaryimage"},"thumbnailUrl":"https:\/\/noticiasmercedinas.com\/site\/wp-content\/uploads\/2020\/11\/siglo16.jpg","keywords":["carreras","siglo 21","universidad"],"articleSection":["Educacion","Emprendimientos"],"inLanguage":"es"},{"@type":"WebPage","@id":"https:\/\/noticiasmercedinas.com\/site\/2024\/06\/07\/universidad-siglo-21-abre-inscripciones-con-descuentos-para-carreras-que-inician-en-agosto\/","url":"https:\/\/noticiasmercedinas.com\/site\/2024\/06\/07\/universidad-siglo-21-abre-inscripciones-con-descuentos-para-carreras-que-inician-en-agosto\/","name":"Universidad Siglo 21 abre inscripciones con descuentos para carreras que inician en agosto","isPartOf":{"@id":"https:\/\/noticiasmercedinas.com\/site\/#website"},"primaryImageOfPage":{"@id":"https:\/\/noticiasmercedinas.com\/site\/2024\/06\/07\/universidad-siglo-21-abre-inscripciones-con-descuentos-para-carreras-que-inician-en-agosto\/#primaryimage"},"image":{"@id":"https:\/\/noticiasmercedinas.com\/site\/2024\/06\/07\/universidad-siglo-21-abre-inscripciones-con-descuentos-para-carreras-que-inician-en-agosto\/#primaryimage"},"thumbnailUrl":"https:\/\/noticiasmercedinas.com\/site\/wp-content\/uploads\/2020\/11\/siglo16.jpg","datePublished":"2024-06-07T12:21:03+00:00","dateModified":"2024-06-07T12:26:25+00:00","breadcrumb":{"@id":"https:\/\/noticiasmercedinas.com\/site\/2024\/06\/07\/universidad-siglo-21-abre-inscripciones-con-descuentos-para-carreras-que-inician-en-agosto\/#breadcrumb"},"inLanguage":"es","potentialAction":[{"@type":"ReadAction","target":["https:\/\/noticiasmercedinas.com\/site\/2024\/06\/07\/universidad-siglo-21-abre-inscripciones-con-descuentos-para-carreras-que-inician-en-agosto\/"]}]},{"@type":"ImageObject","inLanguage":"es","@id":"https:\/\/noticiasmercedinas.com\/site\/2024\/06\/07\/universidad-siglo-21-abre-inscripciones-con-descuentos-para-carreras-que-inician-en-agosto\/#primaryimage","url":"https:\/\/noticiasmercedinas.com\/site\/wp-content\/uploads\/2020\/11\/siglo16.jpg","contentUrl":"https:\/\/noticiasmercedinas.com\/site\/wp-content\/uploads\/2020\/11\/siglo16.jpg","width":1280,"height":860},{"@type":"BreadcrumbList","@id":"https:\/\/noticiasmercedinas.com\/site\/2024\/06\/07\/universidad-siglo-21-abre-inscripciones-con-descuentos-para-carreras-que-inician-en-agosto\/#breadcrumb","itemListElement":[{"@type":"ListItem","position":1,"name":"Portada","item":"https:\/\/noticiasmercedinas.com\/site\/"},{"@type":"ListItem","position":2,"name":"Universidad Siglo 21 abre inscripciones con descuentos para carreras que inician en agosto"}]},{"@type":"WebSite","@id":"https:\/\/noticiasmercedinas.com\/site\/#website","url":"https:\/\/noticiasmercedinas.com\/site\/","name":"NOTICIASMERCEDINAS.COM","description":"Mercedes, Buenos Aires, Argentina","publisher":{"@id":"https:\/\/noticiasmercedinas.com\/site\/#organization"},"potentialAction":[{"@type":"SearchAction","target":{"@type":"EntryPoint","urlTemplate":"https:\/\/noticiasmercedinas.com\/site\/?s={search_term_string}"},"query-input":{"@type":"PropertyValueSpecification","valueRequired":true,"valueName":"search_term_string"}}],"inLanguage":"es"},{"@type":"Organization","@id":"https:\/\/noticiasmercedinas.com\/site\/#organization","name":"NOTICIASMERCEDINAS.COM","url":"https:\/\/noticiasmercedinas.com\/site\/","logo":{"@type":"ImageObject","inLanguage":"es","@id":"https:\/\/noticiasmercedinas.com\/site\/#\/schema\/logo\/image\/","url":"https:\/\/noticiasmercedinas.com\/site\/wp-content\/uploads\/2020\/06\/LOGO-512.jpg","contentUrl":"https:\/\/noticiasmercedinas.com\/site\/wp-content\/uploads\/2020\/06\/LOGO-512.jpg","width":512,"height":512,"caption":"NOTICIASMERCEDINAS.COM"},"image":{"@id":"https:\/\/noticiasmercedinas.com\/site\/#\/schema\/logo\/image\/"},"sameAs":["https:\/\/www.facebook.com\/noticiasmercedinas\/","https:\/\/x.com\/notmercedinas","https:\/\/www.instagram.com\/noticiasmercedinas\/"]},{"@type":"Person","@id":"https:\/\/noticiasmercedinas.com\/site\/#\/schema\/person\/84b59c099c28ff2e8b77d4ceec5d8063","name":"NOTICIASMERCEDINAS.COM","image":{"@type":"ImageObject","inLanguage":"es","@id":"https:\/\/secure.gravatar.com\/avatar\/4dfbf16b4d17945bfb6341b2d19043457132fcf478a5ee04f42e959fd8f5df0a?s=96&d=mm&r=g","url":"https:\/\/secure.gravatar.com\/avatar\/4dfbf16b4d17945bfb6341b2d19043457132fcf478a5ee04f42e959fd8f5df0a?s=96&d=mm&r=g","contentUrl":"https:\/\/secure.gravatar.com\/avatar\/4dfbf16b4d17945bfb6341b2d19043457132fcf478a5ee04f42e959fd8f5df0a?s=96&d=mm&r=g","caption":"NOTICIASMERCEDINAS.COM"},"url":"https:\/\/noticiasmercedinas.com\/site\/author\/anonimo\/"}]}},"amp_enabled":true,"_links":{"self":[{"href":"https:\/\/noticiasmercedinas.com\/site\/wp-json\/wp\/v2\/posts\/137898","targetHints":{"allow":["GET"]}}],"collection":[{"href":"https:\/\/noticiasmercedinas.com\/site\/wp-json\/wp\/v2\/posts"}],"about":[{"href":"https:\/\/noticiasmercedinas.com\/site\/wp-json\/wp\/v2\/types\/post"}],"author":[{"embeddable":true,"href":"https:\/\/noticiasmercedinas.com\/site\/wp-json\/wp\/v2\/users\/16"}],"replies":[{"embeddable":true,"href":"https:\/\/noticiasmercedinas.com\/site\/wp-json\/wp\/v2\/comments?post=137898"}],"version-history":[{"count":2,"href":"https:\/\/noticiasmercedinas.com\/site\/wp-json\/wp\/v2\/posts\/137898\/revisions"}],"predecessor-version":[{"id":137903,"href":"https:\/\/noticiasmercedinas.com\/site\/wp-json\/wp\/v2\/posts\/137898\/revisions\/137903"}],"wp:featuredmedia":[{"embeddable":true,"href":"https:\/\/noticiasmercedinas.com\/site\/wp-json\/wp\/v2\/media\/56083"}],"wp:attachment":[{"href":"https:\/\/noticiasmercedinas.com\/site\/wp-json\/wp\/v2\/media?parent=137898"}],"wp:term":[{"taxonomy":"category","embeddable":true,"href":"https:\/\/noticiasmercedinas.com\/site\/wp-json\/wp\/v2\/categories?post=137898"},{"taxonomy":"post_tag","embeddable":true,"href":"https:\/\/noticiasmercedinas.com\/site\/wp-json\/wp\/v2\/tags?post=137898"}],"curies":[{"name":"wp","href":"https:\/\/api.w.org\/{rel}","templated":true}]}}