{"id":137935,"date":"2024-06-07T15:19:14","date_gmt":"2024-06-07T18:19:14","guid":{"rendered":"https:\/\/noticiasmercedinas.com\/site\/?p=137935"},"modified":"2024-06-07T15:19:14","modified_gmt":"2024-06-07T18:19:14","slug":"de-pedro-destaca-la-importancia-del-programa-enia-y-presenta-proyecto-de-ley-para-su-continuidad","status":"publish","type":"post","link":"https:\/\/noticiasmercedinas.com\/site\/2024\/06\/07\/de-pedro-destaca-la-importancia-del-programa-enia-y-presenta-proyecto-de-ley-para-su-continuidad\/","title":{"rendered":"De Pedro destaca la importancia del programa ENIA y presenta proyecto de ley para su continuidad"},"content":{"rendered":"<p><img loading=\"lazy\" decoding=\"async\" class=\"alignnone size-full wp-image-137937\" src=\"https:\/\/noticiasmercedinas.com\/site\/wp-content\/uploads\/2024\/06\/DO02.jpg\" alt=\"\" width=\"754\" height=\"530\" srcset=\"https:\/\/noticiasmercedinas.com\/site\/wp-content\/uploads\/2024\/06\/DO02.jpg 754w, https:\/\/noticiasmercedinas.com\/site\/wp-content\/uploads\/2024\/06\/DO02-300x211.jpg 300w, https:\/\/noticiasmercedinas.com\/site\/wp-content\/uploads\/2024\/06\/DO02-640x450.jpg 640w, https:\/\/noticiasmercedinas.com\/site\/wp-content\/uploads\/2024\/06\/DO02-681x479.jpg 681w\" sizes=\"auto, (max-width: 754px) 100vw, 754px\" \/><\/p>\n<p>En una reuni\u00f3n llevada a cabo en el Senado de la Naci\u00f3n, el senador <strong>Eduardo \u00abWado\u00bb de Pedro<\/strong> resalt\u00f3 la labor del Programa de Prevenci\u00f3n del Embarazo no Intencional en Ni\u00f1as y Adolescentes (ENIA). Durante el encuentro, de Pedro anunci\u00f3 la presentaci\u00f3n de un proyecto de ley destinado a reactivar y consolidar este programa como una pol\u00edtica de Estado.<\/p>\n<p>\u00abRecibimos en el Senado a las protagonistas del programa ENIA, un plan que en cinco a\u00f1os ha logrado reducir en un 50% la tasa de fecundidad adolescente,\u00bb afirm\u00f3 el senador. \u00abYa hemos presentado el proyecto de ley para que este programa, hoy paralizado por el Gobierno, se reanude y se convierta en una pol\u00edtica de Estado.\u00bb<\/p>\n<blockquote><p>\u00abEs fundamental que este programa se convierta en una pol\u00edtica de Estado, para que pueda seguir brindando servicios esenciales a nuestras j\u00f3venes\u00bb<\/p><\/blockquote>\n<p>El Plan ENIA es una iniciativa fundamental para la prevenci\u00f3n del embarazo adolescente y el acceso gratuito a la salud sexual y reproductiva. No obstante, De Pedro denunci\u00f3 que el programa est\u00e1 siendo desmantelado por el Gobierno nacional, poniendo en riesgo los logros alcanzados en los \u00faltimos a\u00f1os.<\/p>\n<p>Durante la reuni\u00f3n, tambi\u00e9n estuvieron presentes integrantes del Consejo Consultivo del ENIA y representantes de diversas organizaciones de la sociedad civil. Estos grupos han mantenido el funcionamiento del programa mediante consultor\u00edas en centros de salud y establecimientos educativos en todo el pa\u00eds, pese a los obst\u00e1culos actuales.<\/p>\n<p>El proyecto de ley, que cuenta con el apoyo de los senadores Oscar Parrilli, Silvia Sapag, Alicia Kirchner y Carolina Mois\u00e9s, busca asegurar la continuidad del Plan ENIA, garantizando que su funcionamiento no dependa de la voluntad del gobierno de turno. \u00abEs fundamental que este programa se convierta en una pol\u00edtica de Estado, para que pueda seguir brindando servicios esenciales a nuestras j\u00f3venes,\u00bb concluy\u00f3 de Pedro.<\/p>\n<p><img loading=\"lazy\" decoding=\"async\" class=\"alignnone size-full wp-image-137936\" src=\"https:\/\/noticiasmercedinas.com\/site\/wp-content\/uploads\/2024\/06\/DO01.jpg\" alt=\"\" width=\"772\" height=\"554\" srcset=\"https:\/\/noticiasmercedinas.com\/site\/wp-content\/uploads\/2024\/06\/DO01.jpg 772w, https:\/\/noticiasmercedinas.com\/site\/wp-content\/uploads\/2024\/06\/DO01-300x215.jpg 300w, https:\/\/noticiasmercedinas.com\/site\/wp-content\/uploads\/2024\/06\/DO01-768x551.jpg 768w, https:\/\/noticiasmercedinas.com\/site\/wp-content\/uploads\/2024\/06\/DO01-640x459.jpg 640w, https:\/\/noticiasmercedinas.com\/site\/wp-content\/uploads\/2024\/06\/DO01-681x489.jpg 681w\" sizes=\"auto, (max-width: 772px) 100vw, 772px\" \/><\/p>\n","protected":false},"excerpt":{"rendered":"<p>\u25a0 El senador denunci\u00f3 que el programa est\u00e1 siendo desmantelado por el Gobierno nacional, poniendo en riesgo los logros alcanzados. Plantea que se convierta en una pol\u00edtica de Estado<\/p>\n","protected":false},"author":16,"featured_media":137937,"comment_status":"closed","ping_status":"closed","sticky":false,"template":"","format":"standard","meta":{"footnotes":""},"categories":[16],"tags":[18415,18416,3822,4963],"class_list":["post-137935","post","type-post","status-publish","format-standard","has-post-thumbnail","hentry","category-politica","tag-enia","tag-programa-de-prevencion-del-embarazo-no-intencional-en-ninas-y-adolescentes","tag-senado-de-la-nacion","tag-wado-de-pedro"],"yoast_head":"<!-- This site is optimized with the Yoast SEO plugin v27.4 - https:\/\/yoast.com\/product\/yoast-seo-wordpress\/ -->\n<title>De Pedro destaca la importancia del programa ENIA y presenta proyecto de ley para su continuidad<\/title>\n<meta name=\"robots\" content=\"index, follow, max-snippet:-1, max-image-preview:large, max-video-preview:-1\" \/>\n<link rel=\"canonical\" href=\"https:\/\/noticiasmercedinas.com\/site\/2024\/06\/07\/de-pedro-destaca-la-importancia-del-programa-enia-y-presenta-proyecto-de-ley-para-su-continuidad\/\" \/>\n<meta property=\"og:locale\" content=\"es_ES\" \/>\n<meta property=\"og:type\" content=\"article\" \/>\n<meta property=\"og:title\" content=\"De Pedro destaca la importancia del programa ENIA y presenta proyecto de ley para su continuidad\" \/>\n<meta property=\"og:description\" content=\"\u25a0 El senador denunci\u00f3 que el programa est\u00e1 siendo desmantelado por el Gobierno nacional, poniendo en riesgo los logros alcanzados. Plantea que se convierta en una pol\u00edtica de Estado\" \/>\n<meta property=\"og:url\" content=\"https:\/\/noticiasmercedinas.com\/site\/2024\/06\/07\/de-pedro-destaca-la-importancia-del-programa-enia-y-presenta-proyecto-de-ley-para-su-continuidad\/\" \/>\n<meta property=\"og:site_name\" content=\"NOTICIASMERCEDINAS.COM\" \/>\n<meta property=\"article:publisher\" content=\"https:\/\/www.facebook.com\/noticiasmercedinas\/\" \/>\n<meta property=\"article:published_time\" content=\"2024-06-07T18:19:14+00:00\" \/>\n<meta property=\"og:image\" content=\"https:\/\/noticiasmercedinas.com\/site\/wp-content\/uploads\/2024\/06\/DO02.jpg\" \/>\n\t<meta property=\"og:image:width\" content=\"754\" \/>\n\t<meta property=\"og:image:height\" content=\"530\" \/>\n\t<meta property=\"og:image:type\" content=\"image\/jpeg\" \/>\n<meta name=\"author\" content=\"NOTICIASMERCEDINAS.COM\" \/>\n<meta name=\"twitter:card\" content=\"summary_large_image\" \/>\n<meta name=\"twitter:creator\" content=\"@notmercedinas\" \/>\n<meta name=\"twitter:site\" content=\"@notmercedinas\" \/>\n<meta name=\"twitter:label1\" content=\"Escrito por\" \/>\n\t<meta name=\"twitter:data1\" content=\"NOTICIASMERCEDINAS.COM\" \/>\n\t<meta name=\"twitter:label2\" content=\"Tiempo de lectura\" \/>\n\t<meta name=\"twitter:data2\" content=\"2 minutos\" \/>\n<script type=\"application\/ld+json\" class=\"yoast-schema-graph\">{\"@context\":\"https:\\\/\\\/schema.org\",\"@graph\":[{\"@type\":\"Article\",\"@id\":\"https:\\\/\\\/noticiasmercedinas.com\\\/site\\\/2024\\\/06\\\/07\\\/de-pedro-destaca-la-importancia-del-programa-enia-y-presenta-proyecto-de-ley-para-su-continuidad\\\/#article\",\"isPartOf\":{\"@id\":\"https:\\\/\\\/noticiasmercedinas.com\\\/site\\\/2024\\\/06\\\/07\\\/de-pedro-destaca-la-importancia-del-programa-enia-y-presenta-proyecto-de-ley-para-su-continuidad\\\/\"},\"author\":{\"name\":\"NOTICIASMERCEDINAS.COM\",\"@id\":\"https:\\\/\\\/noticiasmercedinas.com\\\/site\\\/#\\\/schema\\\/person\\\/84b59c099c28ff2e8b77d4ceec5d8063\"},\"headline\":\"De Pedro destaca la importancia del programa ENIA y presenta proyecto de ley para su continuidad\",\"datePublished\":\"2024-06-07T18:19:14+00:00\",\"mainEntityOfPage\":{\"@id\":\"https:\\\/\\\/noticiasmercedinas.com\\\/site\\\/2024\\\/06\\\/07\\\/de-pedro-destaca-la-importancia-del-programa-enia-y-presenta-proyecto-de-ley-para-su-continuidad\\\/\"},\"wordCount\":333,\"publisher\":{\"@id\":\"https:\\\/\\\/noticiasmercedinas.com\\\/site\\\/#organization\"},\"image\":{\"@id\":\"https:\\\/\\\/noticiasmercedinas.com\\\/site\\\/2024\\\/06\\\/07\\\/de-pedro-destaca-la-importancia-del-programa-enia-y-presenta-proyecto-de-ley-para-su-continuidad\\\/#primaryimage\"},\"thumbnailUrl\":\"https:\\\/\\\/noticiasmercedinas.com\\\/site\\\/wp-content\\\/uploads\\\/2024\\\/06\\\/DO02.jpg\",\"keywords\":[\"enia\",\"Programa de Prevenci\u00f3n del Embarazo no Intencional en Ni\u00f1as y Adolescentes\",\"Senado de la Naci{on\",\"wado de pedro\"],\"articleSection\":[\"Politica\"],\"inLanguage\":\"es\"},{\"@type\":\"WebPage\",\"@id\":\"https:\\\/\\\/noticiasmercedinas.com\\\/site\\\/2024\\\/06\\\/07\\\/de-pedro-destaca-la-importancia-del-programa-enia-y-presenta-proyecto-de-ley-para-su-continuidad\\\/\",\"url\":\"https:\\\/\\\/noticiasmercedinas.com\\\/site\\\/2024\\\/06\\\/07\\\/de-pedro-destaca-la-importancia-del-programa-enia-y-presenta-proyecto-de-ley-para-su-continuidad\\\/\",\"name\":\"De Pedro destaca la importancia del programa ENIA y presenta proyecto de ley para su continuidad\",\"isPartOf\":{\"@id\":\"https:\\\/\\\/noticiasmercedinas.com\\\/site\\\/#website\"},\"primaryImageOfPage\":{\"@id\":\"https:\\\/\\\/noticiasmercedinas.com\\\/site\\\/2024\\\/06\\\/07\\\/de-pedro-destaca-la-importancia-del-programa-enia-y-presenta-proyecto-de-ley-para-su-continuidad\\\/#primaryimage\"},\"image\":{\"@id\":\"https:\\\/\\\/noticiasmercedinas.com\\\/site\\\/2024\\\/06\\\/07\\\/de-pedro-destaca-la-importancia-del-programa-enia-y-presenta-proyecto-de-ley-para-su-continuidad\\\/#primaryimage\"},\"thumbnailUrl\":\"https:\\\/\\\/noticiasmercedinas.com\\\/site\\\/wp-content\\\/uploads\\\/2024\\\/06\\\/DO02.jpg\",\"datePublished\":\"2024-06-07T18:19:14+00:00\",\"breadcrumb\":{\"@id\":\"https:\\\/\\\/noticiasmercedinas.com\\\/site\\\/2024\\\/06\\\/07\\\/de-pedro-destaca-la-importancia-del-programa-enia-y-presenta-proyecto-de-ley-para-su-continuidad\\\/#breadcrumb\"},\"inLanguage\":\"es\",\"potentialAction\":[{\"@type\":\"ReadAction\",\"target\":[\"https:\\\/\\\/noticiasmercedinas.com\\\/site\\\/2024\\\/06\\\/07\\\/de-pedro-destaca-la-importancia-del-programa-enia-y-presenta-proyecto-de-ley-para-su-continuidad\\\/\"]}]},{\"@type\":\"ImageObject\",\"inLanguage\":\"es\",\"@id\":\"https:\\\/\\\/noticiasmercedinas.com\\\/site\\\/2024\\\/06\\\/07\\\/de-pedro-destaca-la-importancia-del-programa-enia-y-presenta-proyecto-de-ley-para-su-continuidad\\\/#primaryimage\",\"url\":\"https:\\\/\\\/noticiasmercedinas.com\\\/site\\\/wp-content\\\/uploads\\\/2024\\\/06\\\/DO02.jpg\",\"contentUrl\":\"https:\\\/\\\/noticiasmercedinas.com\\\/site\\\/wp-content\\\/uploads\\\/2024\\\/06\\\/DO02.jpg\",\"width\":754,\"height\":530},{\"@type\":\"BreadcrumbList\",\"@id\":\"https:\\\/\\\/noticiasmercedinas.com\\\/site\\\/2024\\\/06\\\/07\\\/de-pedro-destaca-la-importancia-del-programa-enia-y-presenta-proyecto-de-ley-para-su-continuidad\\\/#breadcrumb\",\"itemListElement\":[{\"@type\":\"ListItem\",\"position\":1,\"name\":\"Portada\",\"item\":\"https:\\\/\\\/noticiasmercedinas.com\\\/site\\\/\"},{\"@type\":\"ListItem\",\"position\":2,\"name\":\"De Pedro destaca la importancia del programa ENIA y presenta proyecto de ley para su continuidad\"}]},{\"@type\":\"WebSite\",\"@id\":\"https:\\\/\\\/noticiasmercedinas.com\\\/site\\\/#website\",\"url\":\"https:\\\/\\\/noticiasmercedinas.com\\\/site\\\/\",\"name\":\"NOTICIASMERCEDINAS.COM\",\"description\":\"Mercedes, Buenos Aires, Argentina\",\"publisher\":{\"@id\":\"https:\\\/\\\/noticiasmercedinas.com\\\/site\\\/#organization\"},\"potentialAction\":[{\"@type\":\"SearchAction\",\"target\":{\"@type\":\"EntryPoint\",\"urlTemplate\":\"https:\\\/\\\/noticiasmercedinas.com\\\/site\\\/?s={search_term_string}\"},\"query-input\":{\"@type\":\"PropertyValueSpecification\",\"valueRequired\":true,\"valueName\":\"search_term_string\"}}],\"inLanguage\":\"es\"},{\"@type\":\"Organization\",\"@id\":\"https:\\\/\\\/noticiasmercedinas.com\\\/site\\\/#organization\",\"name\":\"NOTICIASMERCEDINAS.COM\",\"url\":\"https:\\\/\\\/noticiasmercedinas.com\\\/site\\\/\",\"logo\":{\"@type\":\"ImageObject\",\"inLanguage\":\"es\",\"@id\":\"https:\\\/\\\/noticiasmercedinas.com\\\/site\\\/#\\\/schema\\\/logo\\\/image\\\/\",\"url\":\"https:\\\/\\\/noticiasmercedinas.com\\\/site\\\/wp-content\\\/uploads\\\/2020\\\/06\\\/LOGO-512.jpg\",\"contentUrl\":\"https:\\\/\\\/noticiasmercedinas.com\\\/site\\\/wp-content\\\/uploads\\\/2020\\\/06\\\/LOGO-512.jpg\",\"width\":512,\"height\":512,\"caption\":\"NOTICIASMERCEDINAS.COM\"},\"image\":{\"@id\":\"https:\\\/\\\/noticiasmercedinas.com\\\/site\\\/#\\\/schema\\\/logo\\\/image\\\/\"},\"sameAs\":[\"https:\\\/\\\/www.facebook.com\\\/noticiasmercedinas\\\/\",\"https:\\\/\\\/x.com\\\/notmercedinas\",\"https:\\\/\\\/www.instagram.com\\\/noticiasmercedinas\\\/\"]},{\"@type\":\"Person\",\"@id\":\"https:\\\/\\\/noticiasmercedinas.com\\\/site\\\/#\\\/schema\\\/person\\\/84b59c099c28ff2e8b77d4ceec5d8063\",\"name\":\"NOTICIASMERCEDINAS.COM\",\"image\":{\"@type\":\"ImageObject\",\"inLanguage\":\"es\",\"@id\":\"https:\\\/\\\/secure.gravatar.com\\\/avatar\\\/4dfbf16b4d17945bfb6341b2d19043457132fcf478a5ee04f42e959fd8f5df0a?s=96&d=mm&r=g\",\"url\":\"https:\\\/\\\/secure.gravatar.com\\\/avatar\\\/4dfbf16b4d17945bfb6341b2d19043457132fcf478a5ee04f42e959fd8f5df0a?s=96&d=mm&r=g\",\"contentUrl\":\"https:\\\/\\\/secure.gravatar.com\\\/avatar\\\/4dfbf16b4d17945bfb6341b2d19043457132fcf478a5ee04f42e959fd8f5df0a?s=96&d=mm&r=g\",\"caption\":\"NOTICIASMERCEDINAS.COM\"},\"url\":\"https:\\\/\\\/noticiasmercedinas.com\\\/site\\\/author\\\/anonimo\\\/\"}]}<\/script>\n<!-- \/ Yoast SEO plugin. -->","yoast_head_json":{"title":"De Pedro destaca la importancia del programa ENIA y presenta proyecto de ley para su continuidad","robots":{"index":"index","follow":"follow","max-snippet":"max-snippet:-1","max-image-preview":"max-image-preview:large","max-video-preview":"max-video-preview:-1"},"canonical":"https:\/\/noticiasmercedinas.com\/site\/2024\/06\/07\/de-pedro-destaca-la-importancia-del-programa-enia-y-presenta-proyecto-de-ley-para-su-continuidad\/","og_locale":"es_ES","og_type":"article","og_title":"De Pedro destaca la importancia del programa ENIA y presenta proyecto de ley para su continuidad","og_description":"\u25a0 El senador denunci\u00f3 que el programa est\u00e1 siendo desmantelado por el Gobierno nacional, poniendo en riesgo los logros alcanzados. Plantea que se convierta en una pol\u00edtica de Estado","og_url":"https:\/\/noticiasmercedinas.com\/site\/2024\/06\/07\/de-pedro-destaca-la-importancia-del-programa-enia-y-presenta-proyecto-de-ley-para-su-continuidad\/","og_site_name":"NOTICIASMERCEDINAS.COM","article_publisher":"https:\/\/www.facebook.com\/noticiasmercedinas\/","article_published_time":"2024-06-07T18:19:14+00:00","og_image":[{"width":754,"height":530,"url":"https:\/\/noticiasmercedinas.com\/site\/wp-content\/uploads\/2024\/06\/DO02.jpg","type":"image\/jpeg"}],"author":"NOTICIASMERCEDINAS.COM","twitter_card":"summary_large_image","twitter_creator":"@notmercedinas","twitter_site":"@notmercedinas","twitter_misc":{"Escrito por":"NOTICIASMERCEDINAS.COM","Tiempo de lectura":"2 minutos"},"schema":{"@context":"https:\/\/schema.org","@graph":[{"@type":"Article","@id":"https:\/\/noticiasmercedinas.com\/site\/2024\/06\/07\/de-pedro-destaca-la-importancia-del-programa-enia-y-presenta-proyecto-de-ley-para-su-continuidad\/#article","isPartOf":{"@id":"https:\/\/noticiasmercedinas.com\/site\/2024\/06\/07\/de-pedro-destaca-la-importancia-del-programa-enia-y-presenta-proyecto-de-ley-para-su-continuidad\/"},"author":{"name":"NOTICIASMERCEDINAS.COM","@id":"https:\/\/noticiasmercedinas.com\/site\/#\/schema\/person\/84b59c099c28ff2e8b77d4ceec5d8063"},"headline":"De Pedro destaca la importancia del programa ENIA y presenta proyecto de ley para su continuidad","datePublished":"2024-06-07T18:19:14+00:00","mainEntityOfPage":{"@id":"https:\/\/noticiasmercedinas.com\/site\/2024\/06\/07\/de-pedro-destaca-la-importancia-del-programa-enia-y-presenta-proyecto-de-ley-para-su-continuidad\/"},"wordCount":333,"publisher":{"@id":"https:\/\/noticiasmercedinas.com\/site\/#organization"},"image":{"@id":"https:\/\/noticiasmercedinas.com\/site\/2024\/06\/07\/de-pedro-destaca-la-importancia-del-programa-enia-y-presenta-proyecto-de-ley-para-su-continuidad\/#primaryimage"},"thumbnailUrl":"https:\/\/noticiasmercedinas.com\/site\/wp-content\/uploads\/2024\/06\/DO02.jpg","keywords":["enia","Programa de Prevenci\u00f3n del Embarazo no Intencional en Ni\u00f1as y Adolescentes","Senado de la Naci{on","wado de pedro"],"articleSection":["Politica"],"inLanguage":"es"},{"@type":"WebPage","@id":"https:\/\/noticiasmercedinas.com\/site\/2024\/06\/07\/de-pedro-destaca-la-importancia-del-programa-enia-y-presenta-proyecto-de-ley-para-su-continuidad\/","url":"https:\/\/noticiasmercedinas.com\/site\/2024\/06\/07\/de-pedro-destaca-la-importancia-del-programa-enia-y-presenta-proyecto-de-ley-para-su-continuidad\/","name":"De Pedro destaca la importancia del programa ENIA y presenta proyecto de ley para su continuidad","isPartOf":{"@id":"https:\/\/noticiasmercedinas.com\/site\/#website"},"primaryImageOfPage":{"@id":"https:\/\/noticiasmercedinas.com\/site\/2024\/06\/07\/de-pedro-destaca-la-importancia-del-programa-enia-y-presenta-proyecto-de-ley-para-su-continuidad\/#primaryimage"},"image":{"@id":"https:\/\/noticiasmercedinas.com\/site\/2024\/06\/07\/de-pedro-destaca-la-importancia-del-programa-enia-y-presenta-proyecto-de-ley-para-su-continuidad\/#primaryimage"},"thumbnailUrl":"https:\/\/noticiasmercedinas.com\/site\/wp-content\/uploads\/2024\/06\/DO02.jpg","datePublished":"2024-06-07T18:19:14+00:00","breadcrumb":{"@id":"https:\/\/noticiasmercedinas.com\/site\/2024\/06\/07\/de-pedro-destaca-la-importancia-del-programa-enia-y-presenta-proyecto-de-ley-para-su-continuidad\/#breadcrumb"},"inLanguage":"es","potentialAction":[{"@type":"ReadAction","target":["https:\/\/noticiasmercedinas.com\/site\/2024\/06\/07\/de-pedro-destaca-la-importancia-del-programa-enia-y-presenta-proyecto-de-ley-para-su-continuidad\/"]}]},{"@type":"ImageObject","inLanguage":"es","@id":"https:\/\/noticiasmercedinas.com\/site\/2024\/06\/07\/de-pedro-destaca-la-importancia-del-programa-enia-y-presenta-proyecto-de-ley-para-su-continuidad\/#primaryimage","url":"https:\/\/noticiasmercedinas.com\/site\/wp-content\/uploads\/2024\/06\/DO02.jpg","contentUrl":"https:\/\/noticiasmercedinas.com\/site\/wp-content\/uploads\/2024\/06\/DO02.jpg","width":754,"height":530},{"@type":"BreadcrumbList","@id":"https:\/\/noticiasmercedinas.com\/site\/2024\/06\/07\/de-pedro-destaca-la-importancia-del-programa-enia-y-presenta-proyecto-de-ley-para-su-continuidad\/#breadcrumb","itemListElement":[{"@type":"ListItem","position":1,"name":"Portada","item":"https:\/\/noticiasmercedinas.com\/site\/"},{"@type":"ListItem","position":2,"name":"De Pedro destaca la importancia del programa ENIA y presenta proyecto de ley para su continuidad"}]},{"@type":"WebSite","@id":"https:\/\/noticiasmercedinas.com\/site\/#website","url":"https:\/\/noticiasmercedinas.com\/site\/","name":"NOTICIASMERCEDINAS.COM","description":"Mercedes, Buenos Aires, Argentina","publisher":{"@id":"https:\/\/noticiasmercedinas.com\/site\/#organization"},"potentialAction":[{"@type":"SearchAction","target":{"@type":"EntryPoint","urlTemplate":"https:\/\/noticiasmercedinas.com\/site\/?s={search_term_string}"},"query-input":{"@type":"PropertyValueSpecification","valueRequired":true,"valueName":"search_term_string"}}],"inLanguage":"es"},{"@type":"Organization","@id":"https:\/\/noticiasmercedinas.com\/site\/#organization","name":"NOTICIASMERCEDINAS.COM","url":"https:\/\/noticiasmercedinas.com\/site\/","logo":{"@type":"ImageObject","inLanguage":"es","@id":"https:\/\/noticiasmercedinas.com\/site\/#\/schema\/logo\/image\/","url":"https:\/\/noticiasmercedinas.com\/site\/wp-content\/uploads\/2020\/06\/LOGO-512.jpg","contentUrl":"https:\/\/noticiasmercedinas.com\/site\/wp-content\/uploads\/2020\/06\/LOGO-512.jpg","width":512,"height":512,"caption":"NOTICIASMERCEDINAS.COM"},"image":{"@id":"https:\/\/noticiasmercedinas.com\/site\/#\/schema\/logo\/image\/"},"sameAs":["https:\/\/www.facebook.com\/noticiasmercedinas\/","https:\/\/x.com\/notmercedinas","https:\/\/www.instagram.com\/noticiasmercedinas\/"]},{"@type":"Person","@id":"https:\/\/noticiasmercedinas.com\/site\/#\/schema\/person\/84b59c099c28ff2e8b77d4ceec5d8063","name":"NOTICIASMERCEDINAS.COM","image":{"@type":"ImageObject","inLanguage":"es","@id":"https:\/\/secure.gravatar.com\/avatar\/4dfbf16b4d17945bfb6341b2d19043457132fcf478a5ee04f42e959fd8f5df0a?s=96&d=mm&r=g","url":"https:\/\/secure.gravatar.com\/avatar\/4dfbf16b4d17945bfb6341b2d19043457132fcf478a5ee04f42e959fd8f5df0a?s=96&d=mm&r=g","contentUrl":"https:\/\/secure.gravatar.com\/avatar\/4dfbf16b4d17945bfb6341b2d19043457132fcf478a5ee04f42e959fd8f5df0a?s=96&d=mm&r=g","caption":"NOTICIASMERCEDINAS.COM"},"url":"https:\/\/noticiasmercedinas.com\/site\/author\/anonimo\/"}]}},"amp_enabled":true,"_links":{"self":[{"href":"https:\/\/noticiasmercedinas.com\/site\/wp-json\/wp\/v2\/posts\/137935","targetHints":{"allow":["GET"]}}],"collection":[{"href":"https:\/\/noticiasmercedinas.com\/site\/wp-json\/wp\/v2\/posts"}],"about":[{"href":"https:\/\/noticiasmercedinas.com\/site\/wp-json\/wp\/v2\/types\/post"}],"author":[{"embeddable":true,"href":"https:\/\/noticiasmercedinas.com\/site\/wp-json\/wp\/v2\/users\/16"}],"replies":[{"embeddable":true,"href":"https:\/\/noticiasmercedinas.com\/site\/wp-json\/wp\/v2\/comments?post=137935"}],"version-history":[{"count":1,"href":"https:\/\/noticiasmercedinas.com\/site\/wp-json\/wp\/v2\/posts\/137935\/revisions"}],"predecessor-version":[{"id":137938,"href":"https:\/\/noticiasmercedinas.com\/site\/wp-json\/wp\/v2\/posts\/137935\/revisions\/137938"}],"wp:featuredmedia":[{"embeddable":true,"href":"https:\/\/noticiasmercedinas.com\/site\/wp-json\/wp\/v2\/media\/137937"}],"wp:attachment":[{"href":"https:\/\/noticiasmercedinas.com\/site\/wp-json\/wp\/v2\/media?parent=137935"}],"wp:term":[{"taxonomy":"category","embeddable":true,"href":"https:\/\/noticiasmercedinas.com\/site\/wp-json\/wp\/v2\/categories?post=137935"},{"taxonomy":"post_tag","embeddable":true,"href":"https:\/\/noticiasmercedinas.com\/site\/wp-json\/wp\/v2\/tags?post=137935"}],"curies":[{"name":"wp","href":"https:\/\/api.w.org\/{rel}","templated":true}]}}