{"id":138001,"date":"2024-06-08T20:49:02","date_gmt":"2024-06-08T23:49:02","guid":{"rendered":"https:\/\/noticiasmercedinas.com\/site\/?p=138001"},"modified":"2024-06-08T20:49:02","modified_gmt":"2024-06-08T23:49:02","slug":"se-estreno-el-documental-pandemia-gestionar-lo-desconocido-en-mercedes","status":"publish","type":"post","link":"https:\/\/noticiasmercedinas.com\/site\/2024\/06\/08\/se-estreno-el-documental-pandemia-gestionar-lo-desconocido-en-mercedes\/","title":{"rendered":"Se estren\u00f3 el documental \u201cPandemia, gestionar lo desconocido\u201d en Mercedes"},"content":{"rendered":"<p><img loading=\"lazy\" decoding=\"async\" class=\"alignnone size-full wp-image-138002\" src=\"https:\/\/noticiasmercedinas.com\/site\/wp-content\/uploads\/2024\/06\/Pisapia-Dinapoli.jpg\" alt=\"\" width=\"1319\" height=\"879\" srcset=\"https:\/\/noticiasmercedinas.com\/site\/wp-content\/uploads\/2024\/06\/Pisapia-Dinapoli.jpg 1319w, https:\/\/noticiasmercedinas.com\/site\/wp-content\/uploads\/2024\/06\/Pisapia-Dinapoli-300x200.jpg 300w, https:\/\/noticiasmercedinas.com\/site\/wp-content\/uploads\/2024\/06\/Pisapia-Dinapoli-1024x682.jpg 1024w, https:\/\/noticiasmercedinas.com\/site\/wp-content\/uploads\/2024\/06\/Pisapia-Dinapoli-768x512.jpg 768w, https:\/\/noticiasmercedinas.com\/site\/wp-content\/uploads\/2024\/06\/Pisapia-Dinapoli-640x427.jpg 640w, https:\/\/noticiasmercedinas.com\/site\/wp-content\/uploads\/2024\/06\/Pisapia-Dinapoli-1280x853.jpg 1280w, https:\/\/noticiasmercedinas.com\/site\/wp-content\/uploads\/2024\/06\/Pisapia-Dinapoli-681x454.jpg 681w\" sizes=\"auto, (max-width: 1319px) 100vw, 1319px\" \/><\/p>\n<p>Se proyect\u00f3 el documental \u201cPandemia, gestionar lo desconocido\u201d ante una audiencia conformada por personal de salud, trabajadores esenciales, vecinos y familiares. El evento tuvo lugar en el Teatro Argentino.<\/p>\n<p>El documental, una producci\u00f3n de la Fundaci\u00f3n Soberan\u00eda Sanitaria dirigida por Nicol\u00e1s Kreplak, ofrece una mirada profunda y detallada sobre las decisiones, incertidumbres y acciones del gobierno de la Provincia de Buenos Aires durante los tiempos de pandemia, as\u00ed como la posterior campa\u00f1a de vacunaci\u00f3n. La presentaci\u00f3n del evento estuvo a cargo del Dr. N\u00e9stor Pisapia y la Dra. Carolina Di Napoli.<\/p>\n<p>Con im\u00e1genes in\u00e9ditas capturadas a lo largo de los m\u00e1s de dos a\u00f1os que dur\u00f3 el proceso pand\u00e9mico y su campa\u00f1a de inmunizaci\u00f3n, el film destaca los esfuerzos realizados en la provincia, donde se aplicaron m\u00e1s de 44 millones de dosis de vacunas de manera nominalizada.<\/p>\n<p>A lo largo del metraje, se presentan momentos de trabajo en plena acci\u00f3n durante el a\u00f1o 2020, testimonios de profesionales de la salud que estuvieron en primera l\u00ednea, y declaraciones de figuras clave como el gobernador Axel Kicillof y el ex ministro de salud Daniel Gollan.<\/p>\n","protected":false},"excerpt":{"rendered":"<p>Se proyect\u00f3 el documental \u201cPandemia, gestionar lo desconocido\u201d ante una audiencia conformada por personal de salud, trabajadores esenciales, vecinos y familiares. El evento tuvo lugar en el Teatro Argentino. El documental, una producci\u00f3n de la Fundaci\u00f3n Soberan\u00eda Sanitaria dirigida por Nicol\u00e1s Kreplak, ofrece una mirada profunda y detallada sobre las decisiones, incertidumbres y acciones del [&hellip;]<\/p>\n","protected":false},"author":16,"featured_media":138002,"comment_status":"closed","ping_status":"closed","sticky":false,"template":"","format":"standard","meta":{"footnotes":""},"categories":[10],"tags":[10092,9179,10302],"class_list":["post-138001","post","type-post","status-publish","format-standard","has-post-thumbnail","hentry","category-especiales","tag-carolina-di-napoli","tag-covid-19-2","tag-nestor-pisapia"],"yoast_head":"<!-- This site is optimized with the Yoast SEO plugin v27.5 - https:\/\/yoast.com\/product\/yoast-seo-wordpress\/ -->\n<title>Se estren\u00f3 el documental \u201cPandemia, gestionar lo desconocido\u201d en Mercedes<\/title>\n<meta name=\"robots\" content=\"index, follow, max-snippet:-1, max-image-preview:large, max-video-preview:-1\" \/>\n<link rel=\"canonical\" href=\"https:\/\/noticiasmercedinas.com\/site\/2024\/06\/08\/se-estreno-el-documental-pandemia-gestionar-lo-desconocido-en-mercedes\/\" \/>\n<meta property=\"og:locale\" content=\"es_ES\" \/>\n<meta property=\"og:type\" content=\"article\" \/>\n<meta property=\"og:title\" content=\"Se estren\u00f3 el documental \u201cPandemia, gestionar lo desconocido\u201d en Mercedes\" \/>\n<meta property=\"og:description\" content=\"Se proyect\u00f3 el documental \u201cPandemia, gestionar lo desconocido\u201d ante una audiencia conformada por personal de salud, trabajadores esenciales, vecinos y familiares. El evento tuvo lugar en el Teatro Argentino. El documental, una producci\u00f3n de la Fundaci\u00f3n Soberan\u00eda Sanitaria dirigida por Nicol\u00e1s Kreplak, ofrece una mirada profunda y detallada sobre las decisiones, incertidumbres y acciones del [&hellip;]\" \/>\n<meta property=\"og:url\" content=\"https:\/\/noticiasmercedinas.com\/site\/2024\/06\/08\/se-estreno-el-documental-pandemia-gestionar-lo-desconocido-en-mercedes\/\" \/>\n<meta property=\"og:site_name\" content=\"NOTICIASMERCEDINAS.COM\" \/>\n<meta property=\"article:publisher\" content=\"https:\/\/www.facebook.com\/noticiasmercedinas\/\" \/>\n<meta property=\"article:published_time\" content=\"2024-06-08T23:49:02+00:00\" \/>\n<meta property=\"og:image\" content=\"https:\/\/noticiasmercedinas.com\/site\/wp-content\/uploads\/2024\/06\/Pisapia-Dinapoli.jpg\" \/>\n\t<meta property=\"og:image:width\" content=\"1319\" \/>\n\t<meta property=\"og:image:height\" content=\"879\" \/>\n\t<meta property=\"og:image:type\" content=\"image\/jpeg\" \/>\n<meta name=\"author\" content=\"NOTICIASMERCEDINAS.COM\" \/>\n<meta name=\"twitter:card\" content=\"summary_large_image\" \/>\n<meta name=\"twitter:creator\" content=\"@notmercedinas\" \/>\n<meta name=\"twitter:site\" content=\"@notmercedinas\" \/>\n<meta name=\"twitter:label1\" content=\"Escrito por\" \/>\n\t<meta name=\"twitter:data1\" content=\"NOTICIASMERCEDINAS.COM\" \/>\n\t<meta name=\"twitter:label2\" content=\"Tiempo de lectura\" \/>\n\t<meta name=\"twitter:data2\" content=\"1 minuto\" \/>\n<script type=\"application\/ld+json\" class=\"yoast-schema-graph\">{\"@context\":\"https:\\\/\\\/schema.org\",\"@graph\":[{\"@type\":\"Article\",\"@id\":\"https:\\\/\\\/noticiasmercedinas.com\\\/site\\\/2024\\\/06\\\/08\\\/se-estreno-el-documental-pandemia-gestionar-lo-desconocido-en-mercedes\\\/#article\",\"isPartOf\":{\"@id\":\"https:\\\/\\\/noticiasmercedinas.com\\\/site\\\/2024\\\/06\\\/08\\\/se-estreno-el-documental-pandemia-gestionar-lo-desconocido-en-mercedes\\\/\"},\"author\":{\"name\":\"NOTICIASMERCEDINAS.COM\",\"@id\":\"https:\\\/\\\/noticiasmercedinas.com\\\/site\\\/#\\\/schema\\\/person\\\/84b59c099c28ff2e8b77d4ceec5d8063\"},\"headline\":\"Se estren\u00f3 el documental \u201cPandemia, gestionar lo desconocido\u201d en Mercedes\",\"datePublished\":\"2024-06-08T23:49:02+00:00\",\"mainEntityOfPage\":{\"@id\":\"https:\\\/\\\/noticiasmercedinas.com\\\/site\\\/2024\\\/06\\\/08\\\/se-estreno-el-documental-pandemia-gestionar-lo-desconocido-en-mercedes\\\/\"},\"wordCount\":210,\"publisher\":{\"@id\":\"https:\\\/\\\/noticiasmercedinas.com\\\/site\\\/#organization\"},\"image\":{\"@id\":\"https:\\\/\\\/noticiasmercedinas.com\\\/site\\\/2024\\\/06\\\/08\\\/se-estreno-el-documental-pandemia-gestionar-lo-desconocido-en-mercedes\\\/#primaryimage\"},\"thumbnailUrl\":\"https:\\\/\\\/noticiasmercedinas.com\\\/site\\\/wp-content\\\/uploads\\\/2024\\\/06\\\/Pisapia-Dinapoli.jpg\",\"keywords\":[\"Carolina Di Napoli\",\"COVID-19\",\"nestor pisapia\"],\"articleSection\":[\"Covid-19\"],\"inLanguage\":\"es\"},{\"@type\":\"WebPage\",\"@id\":\"https:\\\/\\\/noticiasmercedinas.com\\\/site\\\/2024\\\/06\\\/08\\\/se-estreno-el-documental-pandemia-gestionar-lo-desconocido-en-mercedes\\\/\",\"url\":\"https:\\\/\\\/noticiasmercedinas.com\\\/site\\\/2024\\\/06\\\/08\\\/se-estreno-el-documental-pandemia-gestionar-lo-desconocido-en-mercedes\\\/\",\"name\":\"Se estren\u00f3 el documental \u201cPandemia, gestionar lo desconocido\u201d en Mercedes\",\"isPartOf\":{\"@id\":\"https:\\\/\\\/noticiasmercedinas.com\\\/site\\\/#website\"},\"primaryImageOfPage\":{\"@id\":\"https:\\\/\\\/noticiasmercedinas.com\\\/site\\\/2024\\\/06\\\/08\\\/se-estreno-el-documental-pandemia-gestionar-lo-desconocido-en-mercedes\\\/#primaryimage\"},\"image\":{\"@id\":\"https:\\\/\\\/noticiasmercedinas.com\\\/site\\\/2024\\\/06\\\/08\\\/se-estreno-el-documental-pandemia-gestionar-lo-desconocido-en-mercedes\\\/#primaryimage\"},\"thumbnailUrl\":\"https:\\\/\\\/noticiasmercedinas.com\\\/site\\\/wp-content\\\/uploads\\\/2024\\\/06\\\/Pisapia-Dinapoli.jpg\",\"datePublished\":\"2024-06-08T23:49:02+00:00\",\"breadcrumb\":{\"@id\":\"https:\\\/\\\/noticiasmercedinas.com\\\/site\\\/2024\\\/06\\\/08\\\/se-estreno-el-documental-pandemia-gestionar-lo-desconocido-en-mercedes\\\/#breadcrumb\"},\"inLanguage\":\"es\",\"potentialAction\":[{\"@type\":\"ReadAction\",\"target\":[\"https:\\\/\\\/noticiasmercedinas.com\\\/site\\\/2024\\\/06\\\/08\\\/se-estreno-el-documental-pandemia-gestionar-lo-desconocido-en-mercedes\\\/\"]}]},{\"@type\":\"ImageObject\",\"inLanguage\":\"es\",\"@id\":\"https:\\\/\\\/noticiasmercedinas.com\\\/site\\\/2024\\\/06\\\/08\\\/se-estreno-el-documental-pandemia-gestionar-lo-desconocido-en-mercedes\\\/#primaryimage\",\"url\":\"https:\\\/\\\/noticiasmercedinas.com\\\/site\\\/wp-content\\\/uploads\\\/2024\\\/06\\\/Pisapia-Dinapoli.jpg\",\"contentUrl\":\"https:\\\/\\\/noticiasmercedinas.com\\\/site\\\/wp-content\\\/uploads\\\/2024\\\/06\\\/Pisapia-Dinapoli.jpg\",\"width\":1319,\"height\":879},{\"@type\":\"BreadcrumbList\",\"@id\":\"https:\\\/\\\/noticiasmercedinas.com\\\/site\\\/2024\\\/06\\\/08\\\/se-estreno-el-documental-pandemia-gestionar-lo-desconocido-en-mercedes\\\/#breadcrumb\",\"itemListElement\":[{\"@type\":\"ListItem\",\"position\":1,\"name\":\"Portada\",\"item\":\"https:\\\/\\\/noticiasmercedinas.com\\\/site\\\/\"},{\"@type\":\"ListItem\",\"position\":2,\"name\":\"Se estren\u00f3 el documental \u201cPandemia, gestionar lo desconocido\u201d en Mercedes\"}]},{\"@type\":\"WebSite\",\"@id\":\"https:\\\/\\\/noticiasmercedinas.com\\\/site\\\/#website\",\"url\":\"https:\\\/\\\/noticiasmercedinas.com\\\/site\\\/\",\"name\":\"NOTICIASMERCEDINAS.COM\",\"description\":\"Mercedes, Buenos Aires, Argentina\",\"publisher\":{\"@id\":\"https:\\\/\\\/noticiasmercedinas.com\\\/site\\\/#organization\"},\"potentialAction\":[{\"@type\":\"SearchAction\",\"target\":{\"@type\":\"EntryPoint\",\"urlTemplate\":\"https:\\\/\\\/noticiasmercedinas.com\\\/site\\\/?s={search_term_string}\"},\"query-input\":{\"@type\":\"PropertyValueSpecification\",\"valueRequired\":true,\"valueName\":\"search_term_string\"}}],\"inLanguage\":\"es\"},{\"@type\":\"Organization\",\"@id\":\"https:\\\/\\\/noticiasmercedinas.com\\\/site\\\/#organization\",\"name\":\"NOTICIASMERCEDINAS.COM\",\"url\":\"https:\\\/\\\/noticiasmercedinas.com\\\/site\\\/\",\"logo\":{\"@type\":\"ImageObject\",\"inLanguage\":\"es\",\"@id\":\"https:\\\/\\\/noticiasmercedinas.com\\\/site\\\/#\\\/schema\\\/logo\\\/image\\\/\",\"url\":\"https:\\\/\\\/noticiasmercedinas.com\\\/site\\\/wp-content\\\/uploads\\\/2020\\\/06\\\/LOGO-512.jpg\",\"contentUrl\":\"https:\\\/\\\/noticiasmercedinas.com\\\/site\\\/wp-content\\\/uploads\\\/2020\\\/06\\\/LOGO-512.jpg\",\"width\":512,\"height\":512,\"caption\":\"NOTICIASMERCEDINAS.COM\"},\"image\":{\"@id\":\"https:\\\/\\\/noticiasmercedinas.com\\\/site\\\/#\\\/schema\\\/logo\\\/image\\\/\"},\"sameAs\":[\"https:\\\/\\\/www.facebook.com\\\/noticiasmercedinas\\\/\",\"https:\\\/\\\/x.com\\\/notmercedinas\",\"https:\\\/\\\/www.instagram.com\\\/noticiasmercedinas\\\/\"]},{\"@type\":\"Person\",\"@id\":\"https:\\\/\\\/noticiasmercedinas.com\\\/site\\\/#\\\/schema\\\/person\\\/84b59c099c28ff2e8b77d4ceec5d8063\",\"name\":\"NOTICIASMERCEDINAS.COM\",\"image\":{\"@type\":\"ImageObject\",\"inLanguage\":\"es\",\"@id\":\"https:\\\/\\\/secure.gravatar.com\\\/avatar\\\/4dfbf16b4d17945bfb6341b2d19043457132fcf478a5ee04f42e959fd8f5df0a?s=96&d=mm&r=g\",\"url\":\"https:\\\/\\\/secure.gravatar.com\\\/avatar\\\/4dfbf16b4d17945bfb6341b2d19043457132fcf478a5ee04f42e959fd8f5df0a?s=96&d=mm&r=g\",\"contentUrl\":\"https:\\\/\\\/secure.gravatar.com\\\/avatar\\\/4dfbf16b4d17945bfb6341b2d19043457132fcf478a5ee04f42e959fd8f5df0a?s=96&d=mm&r=g\",\"caption\":\"NOTICIASMERCEDINAS.COM\"},\"url\":\"https:\\\/\\\/noticiasmercedinas.com\\\/site\\\/author\\\/anonimo\\\/\"}]}<\/script>\n<!-- \/ Yoast SEO plugin. -->","yoast_head_json":{"title":"Se estren\u00f3 el documental \u201cPandemia, gestionar lo desconocido\u201d en Mercedes","robots":{"index":"index","follow":"follow","max-snippet":"max-snippet:-1","max-image-preview":"max-image-preview:large","max-video-preview":"max-video-preview:-1"},"canonical":"https:\/\/noticiasmercedinas.com\/site\/2024\/06\/08\/se-estreno-el-documental-pandemia-gestionar-lo-desconocido-en-mercedes\/","og_locale":"es_ES","og_type":"article","og_title":"Se estren\u00f3 el documental \u201cPandemia, gestionar lo desconocido\u201d en Mercedes","og_description":"Se proyect\u00f3 el documental \u201cPandemia, gestionar lo desconocido\u201d ante una audiencia conformada por personal de salud, trabajadores esenciales, vecinos y familiares. El evento tuvo lugar en el Teatro Argentino. El documental, una producci\u00f3n de la Fundaci\u00f3n Soberan\u00eda Sanitaria dirigida por Nicol\u00e1s Kreplak, ofrece una mirada profunda y detallada sobre las decisiones, incertidumbres y acciones del [&hellip;]","og_url":"https:\/\/noticiasmercedinas.com\/site\/2024\/06\/08\/se-estreno-el-documental-pandemia-gestionar-lo-desconocido-en-mercedes\/","og_site_name":"NOTICIASMERCEDINAS.COM","article_publisher":"https:\/\/www.facebook.com\/noticiasmercedinas\/","article_published_time":"2024-06-08T23:49:02+00:00","og_image":[{"width":1319,"height":879,"url":"https:\/\/noticiasmercedinas.com\/site\/wp-content\/uploads\/2024\/06\/Pisapia-Dinapoli.jpg","type":"image\/jpeg"}],"author":"NOTICIASMERCEDINAS.COM","twitter_card":"summary_large_image","twitter_creator":"@notmercedinas","twitter_site":"@notmercedinas","twitter_misc":{"Escrito por":"NOTICIASMERCEDINAS.COM","Tiempo de lectura":"1 minuto"},"schema":{"@context":"https:\/\/schema.org","@graph":[{"@type":"Article","@id":"https:\/\/noticiasmercedinas.com\/site\/2024\/06\/08\/se-estreno-el-documental-pandemia-gestionar-lo-desconocido-en-mercedes\/#article","isPartOf":{"@id":"https:\/\/noticiasmercedinas.com\/site\/2024\/06\/08\/se-estreno-el-documental-pandemia-gestionar-lo-desconocido-en-mercedes\/"},"author":{"name":"NOTICIASMERCEDINAS.COM","@id":"https:\/\/noticiasmercedinas.com\/site\/#\/schema\/person\/84b59c099c28ff2e8b77d4ceec5d8063"},"headline":"Se estren\u00f3 el documental \u201cPandemia, gestionar lo desconocido\u201d en Mercedes","datePublished":"2024-06-08T23:49:02+00:00","mainEntityOfPage":{"@id":"https:\/\/noticiasmercedinas.com\/site\/2024\/06\/08\/se-estreno-el-documental-pandemia-gestionar-lo-desconocido-en-mercedes\/"},"wordCount":210,"publisher":{"@id":"https:\/\/noticiasmercedinas.com\/site\/#organization"},"image":{"@id":"https:\/\/noticiasmercedinas.com\/site\/2024\/06\/08\/se-estreno-el-documental-pandemia-gestionar-lo-desconocido-en-mercedes\/#primaryimage"},"thumbnailUrl":"https:\/\/noticiasmercedinas.com\/site\/wp-content\/uploads\/2024\/06\/Pisapia-Dinapoli.jpg","keywords":["Carolina Di Napoli","COVID-19","nestor pisapia"],"articleSection":["Covid-19"],"inLanguage":"es"},{"@type":"WebPage","@id":"https:\/\/noticiasmercedinas.com\/site\/2024\/06\/08\/se-estreno-el-documental-pandemia-gestionar-lo-desconocido-en-mercedes\/","url":"https:\/\/noticiasmercedinas.com\/site\/2024\/06\/08\/se-estreno-el-documental-pandemia-gestionar-lo-desconocido-en-mercedes\/","name":"Se estren\u00f3 el documental \u201cPandemia, gestionar lo desconocido\u201d en Mercedes","isPartOf":{"@id":"https:\/\/noticiasmercedinas.com\/site\/#website"},"primaryImageOfPage":{"@id":"https:\/\/noticiasmercedinas.com\/site\/2024\/06\/08\/se-estreno-el-documental-pandemia-gestionar-lo-desconocido-en-mercedes\/#primaryimage"},"image":{"@id":"https:\/\/noticiasmercedinas.com\/site\/2024\/06\/08\/se-estreno-el-documental-pandemia-gestionar-lo-desconocido-en-mercedes\/#primaryimage"},"thumbnailUrl":"https:\/\/noticiasmercedinas.com\/site\/wp-content\/uploads\/2024\/06\/Pisapia-Dinapoli.jpg","datePublished":"2024-06-08T23:49:02+00:00","breadcrumb":{"@id":"https:\/\/noticiasmercedinas.com\/site\/2024\/06\/08\/se-estreno-el-documental-pandemia-gestionar-lo-desconocido-en-mercedes\/#breadcrumb"},"inLanguage":"es","potentialAction":[{"@type":"ReadAction","target":["https:\/\/noticiasmercedinas.com\/site\/2024\/06\/08\/se-estreno-el-documental-pandemia-gestionar-lo-desconocido-en-mercedes\/"]}]},{"@type":"ImageObject","inLanguage":"es","@id":"https:\/\/noticiasmercedinas.com\/site\/2024\/06\/08\/se-estreno-el-documental-pandemia-gestionar-lo-desconocido-en-mercedes\/#primaryimage","url":"https:\/\/noticiasmercedinas.com\/site\/wp-content\/uploads\/2024\/06\/Pisapia-Dinapoli.jpg","contentUrl":"https:\/\/noticiasmercedinas.com\/site\/wp-content\/uploads\/2024\/06\/Pisapia-Dinapoli.jpg","width":1319,"height":879},{"@type":"BreadcrumbList","@id":"https:\/\/noticiasmercedinas.com\/site\/2024\/06\/08\/se-estreno-el-documental-pandemia-gestionar-lo-desconocido-en-mercedes\/#breadcrumb","itemListElement":[{"@type":"ListItem","position":1,"name":"Portada","item":"https:\/\/noticiasmercedinas.com\/site\/"},{"@type":"ListItem","position":2,"name":"Se estren\u00f3 el documental \u201cPandemia, gestionar lo desconocido\u201d en Mercedes"}]},{"@type":"WebSite","@id":"https:\/\/noticiasmercedinas.com\/site\/#website","url":"https:\/\/noticiasmercedinas.com\/site\/","name":"NOTICIASMERCEDINAS.COM","description":"Mercedes, Buenos Aires, Argentina","publisher":{"@id":"https:\/\/noticiasmercedinas.com\/site\/#organization"},"potentialAction":[{"@type":"SearchAction","target":{"@type":"EntryPoint","urlTemplate":"https:\/\/noticiasmercedinas.com\/site\/?s={search_term_string}"},"query-input":{"@type":"PropertyValueSpecification","valueRequired":true,"valueName":"search_term_string"}}],"inLanguage":"es"},{"@type":"Organization","@id":"https:\/\/noticiasmercedinas.com\/site\/#organization","name":"NOTICIASMERCEDINAS.COM","url":"https:\/\/noticiasmercedinas.com\/site\/","logo":{"@type":"ImageObject","inLanguage":"es","@id":"https:\/\/noticiasmercedinas.com\/site\/#\/schema\/logo\/image\/","url":"https:\/\/noticiasmercedinas.com\/site\/wp-content\/uploads\/2020\/06\/LOGO-512.jpg","contentUrl":"https:\/\/noticiasmercedinas.com\/site\/wp-content\/uploads\/2020\/06\/LOGO-512.jpg","width":512,"height":512,"caption":"NOTICIASMERCEDINAS.COM"},"image":{"@id":"https:\/\/noticiasmercedinas.com\/site\/#\/schema\/logo\/image\/"},"sameAs":["https:\/\/www.facebook.com\/noticiasmercedinas\/","https:\/\/x.com\/notmercedinas","https:\/\/www.instagram.com\/noticiasmercedinas\/"]},{"@type":"Person","@id":"https:\/\/noticiasmercedinas.com\/site\/#\/schema\/person\/84b59c099c28ff2e8b77d4ceec5d8063","name":"NOTICIASMERCEDINAS.COM","image":{"@type":"ImageObject","inLanguage":"es","@id":"https:\/\/secure.gravatar.com\/avatar\/4dfbf16b4d17945bfb6341b2d19043457132fcf478a5ee04f42e959fd8f5df0a?s=96&d=mm&r=g","url":"https:\/\/secure.gravatar.com\/avatar\/4dfbf16b4d17945bfb6341b2d19043457132fcf478a5ee04f42e959fd8f5df0a?s=96&d=mm&r=g","contentUrl":"https:\/\/secure.gravatar.com\/avatar\/4dfbf16b4d17945bfb6341b2d19043457132fcf478a5ee04f42e959fd8f5df0a?s=96&d=mm&r=g","caption":"NOTICIASMERCEDINAS.COM"},"url":"https:\/\/noticiasmercedinas.com\/site\/author\/anonimo\/"}]}},"amp_enabled":true,"_links":{"self":[{"href":"https:\/\/noticiasmercedinas.com\/site\/wp-json\/wp\/v2\/posts\/138001","targetHints":{"allow":["GET"]}}],"collection":[{"href":"https:\/\/noticiasmercedinas.com\/site\/wp-json\/wp\/v2\/posts"}],"about":[{"href":"https:\/\/noticiasmercedinas.com\/site\/wp-json\/wp\/v2\/types\/post"}],"author":[{"embeddable":true,"href":"https:\/\/noticiasmercedinas.com\/site\/wp-json\/wp\/v2\/users\/16"}],"replies":[{"embeddable":true,"href":"https:\/\/noticiasmercedinas.com\/site\/wp-json\/wp\/v2\/comments?post=138001"}],"version-history":[{"count":1,"href":"https:\/\/noticiasmercedinas.com\/site\/wp-json\/wp\/v2\/posts\/138001\/revisions"}],"predecessor-version":[{"id":138003,"href":"https:\/\/noticiasmercedinas.com\/site\/wp-json\/wp\/v2\/posts\/138001\/revisions\/138003"}],"wp:featuredmedia":[{"embeddable":true,"href":"https:\/\/noticiasmercedinas.com\/site\/wp-json\/wp\/v2\/media\/138002"}],"wp:attachment":[{"href":"https:\/\/noticiasmercedinas.com\/site\/wp-json\/wp\/v2\/media?parent=138001"}],"wp:term":[{"taxonomy":"category","embeddable":true,"href":"https:\/\/noticiasmercedinas.com\/site\/wp-json\/wp\/v2\/categories?post=138001"},{"taxonomy":"post_tag","embeddable":true,"href":"https:\/\/noticiasmercedinas.com\/site\/wp-json\/wp\/v2\/tags?post=138001"}],"curies":[{"name":"wp","href":"https:\/\/api.w.org\/{rel}","templated":true}]}}