{"id":138102,"date":"2024-06-10T12:40:47","date_gmt":"2024-06-10T15:40:47","guid":{"rendered":"https:\/\/noticiasmercedinas.com\/site\/?p=138102"},"modified":"2024-06-10T16:58:36","modified_gmt":"2024-06-10T19:58:36","slug":"concejala-andrea-bozzini-presenta-proyecto-en-el-dia-de-la-seguridad-vial","status":"publish","type":"post","link":"https:\/\/noticiasmercedinas.com\/site\/2024\/06\/10\/concejala-andrea-bozzini-presenta-proyecto-en-el-dia-de-la-seguridad-vial\/","title":{"rendered":"Concejala Andrea Bozzini presenta proyecto en el D\u00eda de la Seguridad Vial"},"content":{"rendered":"<p><img loading=\"lazy\" decoding=\"async\" class=\"alignnone size-full wp-image-123649\" src=\"https:\/\/noticiasmercedinas.com\/site\/wp-content\/uploads\/2023\/09\/andreabozzini.jpg\" alt=\"\" width=\"640\" height=\"411\" srcset=\"https:\/\/noticiasmercedinas.com\/site\/wp-content\/uploads\/2023\/09\/andreabozzini.jpg 640w, https:\/\/noticiasmercedinas.com\/site\/wp-content\/uploads\/2023\/09\/andreabozzini-300x194.jpg 300w\" sizes=\"auto, (max-width: 640px) 100vw, 640px\" \/><\/p>\n<p>En la sesi\u00f3n del Concejo Deliberante que se celebrar\u00e1 hoy, la concejala Andrea Bozzini introdujo un proyecto fuera del orden del d\u00eda con motivo del D\u00eda de la Seguridad Vial. El proyecto tiene como objetivo principal reconocer y apoyar las labores de la Fundaci\u00f3n Estrellas Amarillas, una organizaci\u00f3n dedicada a la prevenci\u00f3n y concientizaci\u00f3n sobre los siniestros viales.<\/p>\n<p>El proyecto, que cuenta con el respaldo del bloque local de Uni\u00f3n por la Patria, se inspira en una iniciativa presentada a nivel nacional por la Diputada Blanca In\u00e9s Osuna del Frente Renovador. Osuna, oriunda de La Pampa, comparte la misma provincia que Silvia Gonz\u00e1lez, presidenta de la Fundaci\u00f3n Estrellas Amarillas a nivel nacional.<\/p>\n<p>La Fundaci\u00f3n Estrellas Amarillas, creada hace 19 a\u00f1os por un grupo de madres que perdieron a sus hijos en accidentes de tr\u00e1fico, se dedica a concienciar a la sociedad sobre la importancia de la seguridad vial. Su labor incluye la instalaci\u00f3n de estrellas amarillas en los lugares donde ocurrieron siniestros fatales, adem\u00e1s de organizar actividades de reflexi\u00f3n con familiares y profesionales.<\/p>\n<p>En Mercedes, la fundaci\u00f3n es representada por un grupo de madres y familiares que trabajan incansablemente en diversas acciones de pol\u00edtica p\u00fablica para prevenir accidentes de tr\u00e1fico. Uno de sus logros m\u00e1s destacados es el Bosque de Concientizaci\u00f3n, creado en colaboraci\u00f3n con el municipio en el Parque Municipal Independencia.<\/p>\n<p>La Agencia Nacional de Seguridad Vial (ANSV) ha incorporado el s\u00edmbolo de las estrellas amarillas en los ex\u00e1menes te\u00f3ricos para la obtenci\u00f3n y renovaci\u00f3n de licencias de conducir desde abril de 2020, subrayando la importancia de esta se\u00f1al en la educaci\u00f3n vial.<\/p>\n<p>El proyecto de Bozzini tambi\u00e9n aborda las controversias recientes surgidas por las declaraciones del Diputado Nacional Beltr\u00e1n Benedit de La Libertad Avanza (LLA), quien justific\u00f3 su voto negativo a la declaraci\u00f3n de inter\u00e9s nacional del trabajo de la Fundaci\u00f3n Estrellas Amarillas bas\u00e1ndose en una valoraci\u00f3n personal de car\u00e1cter religioso.<\/p>\n<p>El Concejo Deliberante de Mercedes, a trav\u00e9s de este proyecto de resoluci\u00f3n, expresa su preocupaci\u00f3n por dichas declaraciones y resalta la necesidad de representar a toda la comunidad, m\u00e1s all\u00e1 de las creencias personales.<\/p>\n<p>El proyecto de resoluci\u00f3n propone:<\/p>\n<p>1. Manifestar el benepl\u00e1cito y acompa\u00f1amiento del Concejo Deliberante de Mercedes al proyecto de resoluci\u00f3n 2999-D-2024 que tramita ante la HCDN.<br \/>\n2. Expresar la alerta y preocupaci\u00f3n por las declaraciones del diputado Beltr\u00e1n Benedit, subrayando que la valoraci\u00f3n personal no debe desvirtuar el objetivo de la fundaci\u00f3n de prevenir siniestros viales y valorar la vida.<br \/>\n3. Enviar copia de la presente resoluci\u00f3n a la HCDN y a la Delegaci\u00f3n mercedina de la Fundaci\u00f3n Estrellas Amarillas.<br \/>\n4. Invitar a los dem\u00e1s Concejos Deliberantes de la provincia de Buenos Aires a expresarse en el mismo sentido.<\/p>\n<p>&nbsp;<\/p>\n","protected":false},"excerpt":{"rendered":"<p>\u25a0 La iniciativa tiene como objetivo principal reconocer y apoyar las labores de la Fundaci\u00f3n Estrellas Amarillas, una organizaci\u00f3n dedicada a la prevenci\u00f3n y concientizaci\u00f3n sobre los siniestros viales.<\/p>\n","protected":false},"author":16,"featured_media":123649,"comment_status":"closed","ping_status":"closed","sticky":false,"template":"","format":"standard","meta":{"footnotes":""},"categories":[16],"tags":[5424,243,1290,1633],"class_list":["post-138102","post","type-post","status-publish","format-standard","has-post-thumbnail","hentry","category-politica","tag-andrea-bozzini","tag-concejo-deliberante","tag-estrellas-amarillas","tag-seguridad-vial"],"yoast_head":"<!-- This site is optimized with the Yoast SEO plugin v27.5 - https:\/\/yoast.com\/product\/yoast-seo-wordpress\/ -->\n<title>Concejala Andrea Bozzini presenta proyecto en el D\u00eda de la Seguridad Vial<\/title>\n<meta name=\"robots\" content=\"index, follow, max-snippet:-1, max-image-preview:large, max-video-preview:-1\" \/>\n<link rel=\"canonical\" href=\"https:\/\/noticiasmercedinas.com\/site\/2024\/06\/10\/concejala-andrea-bozzini-presenta-proyecto-en-el-dia-de-la-seguridad-vial\/\" \/>\n<meta property=\"og:locale\" content=\"es_ES\" \/>\n<meta property=\"og:type\" content=\"article\" \/>\n<meta property=\"og:title\" content=\"Concejala Andrea Bozzini presenta proyecto en el D\u00eda de la Seguridad Vial\" \/>\n<meta property=\"og:description\" content=\"\u25a0 La iniciativa tiene como objetivo principal reconocer y apoyar las labores de la Fundaci\u00f3n Estrellas Amarillas, una organizaci\u00f3n dedicada a la prevenci\u00f3n y concientizaci\u00f3n sobre los siniestros viales.\" \/>\n<meta property=\"og:url\" content=\"https:\/\/noticiasmercedinas.com\/site\/2024\/06\/10\/concejala-andrea-bozzini-presenta-proyecto-en-el-dia-de-la-seguridad-vial\/\" \/>\n<meta property=\"og:site_name\" content=\"NOTICIASMERCEDINAS.COM\" \/>\n<meta property=\"article:publisher\" content=\"https:\/\/www.facebook.com\/noticiasmercedinas\/\" \/>\n<meta property=\"article:published_time\" content=\"2024-06-10T15:40:47+00:00\" \/>\n<meta property=\"article:modified_time\" content=\"2024-06-10T19:58:36+00:00\" \/>\n<meta property=\"og:image\" content=\"https:\/\/noticiasmercedinas.com\/site\/wp-content\/uploads\/2023\/09\/andreabozzini.jpg\" \/>\n\t<meta property=\"og:image:width\" content=\"640\" \/>\n\t<meta property=\"og:image:height\" content=\"411\" \/>\n\t<meta property=\"og:image:type\" content=\"image\/jpeg\" \/>\n<meta name=\"author\" content=\"NOTICIASMERCEDINAS.COM\" \/>\n<meta name=\"twitter:card\" content=\"summary_large_image\" \/>\n<meta name=\"twitter:creator\" content=\"@notmercedinas\" \/>\n<meta name=\"twitter:site\" content=\"@notmercedinas\" \/>\n<meta name=\"twitter:label1\" content=\"Escrito por\" \/>\n\t<meta name=\"twitter:data1\" content=\"NOTICIASMERCEDINAS.COM\" \/>\n\t<meta name=\"twitter:label2\" content=\"Tiempo de lectura\" \/>\n\t<meta name=\"twitter:data2\" content=\"2 minutos\" \/>\n<script type=\"application\/ld+json\" class=\"yoast-schema-graph\">{\"@context\":\"https:\\\/\\\/schema.org\",\"@graph\":[{\"@type\":\"Article\",\"@id\":\"https:\\\/\\\/noticiasmercedinas.com\\\/site\\\/2024\\\/06\\\/10\\\/concejala-andrea-bozzini-presenta-proyecto-en-el-dia-de-la-seguridad-vial\\\/#article\",\"isPartOf\":{\"@id\":\"https:\\\/\\\/noticiasmercedinas.com\\\/site\\\/2024\\\/06\\\/10\\\/concejala-andrea-bozzini-presenta-proyecto-en-el-dia-de-la-seguridad-vial\\\/\"},\"author\":{\"name\":\"NOTICIASMERCEDINAS.COM\",\"@id\":\"https:\\\/\\\/noticiasmercedinas.com\\\/site\\\/#\\\/schema\\\/person\\\/84b59c099c28ff2e8b77d4ceec5d8063\"},\"headline\":\"Concejala Andrea Bozzini presenta proyecto en el D\u00eda de la Seguridad Vial\",\"datePublished\":\"2024-06-10T15:40:47+00:00\",\"dateModified\":\"2024-06-10T19:58:36+00:00\",\"mainEntityOfPage\":{\"@id\":\"https:\\\/\\\/noticiasmercedinas.com\\\/site\\\/2024\\\/06\\\/10\\\/concejala-andrea-bozzini-presenta-proyecto-en-el-dia-de-la-seguridad-vial\\\/\"},\"wordCount\":509,\"publisher\":{\"@id\":\"https:\\\/\\\/noticiasmercedinas.com\\\/site\\\/#organization\"},\"image\":{\"@id\":\"https:\\\/\\\/noticiasmercedinas.com\\\/site\\\/2024\\\/06\\\/10\\\/concejala-andrea-bozzini-presenta-proyecto-en-el-dia-de-la-seguridad-vial\\\/#primaryimage\"},\"thumbnailUrl\":\"https:\\\/\\\/noticiasmercedinas.com\\\/site\\\/wp-content\\\/uploads\\\/2023\\\/09\\\/andreabozzini.jpg\",\"keywords\":[\"Andrea Bozzini\",\"concejo deliberante\",\"estrellas amarillas\",\"Seguridad Vial\"],\"articleSection\":[\"Politica\"],\"inLanguage\":\"es\"},{\"@type\":\"WebPage\",\"@id\":\"https:\\\/\\\/noticiasmercedinas.com\\\/site\\\/2024\\\/06\\\/10\\\/concejala-andrea-bozzini-presenta-proyecto-en-el-dia-de-la-seguridad-vial\\\/\",\"url\":\"https:\\\/\\\/noticiasmercedinas.com\\\/site\\\/2024\\\/06\\\/10\\\/concejala-andrea-bozzini-presenta-proyecto-en-el-dia-de-la-seguridad-vial\\\/\",\"name\":\"Concejala Andrea Bozzini presenta proyecto en el D\u00eda de la Seguridad Vial\",\"isPartOf\":{\"@id\":\"https:\\\/\\\/noticiasmercedinas.com\\\/site\\\/#website\"},\"primaryImageOfPage\":{\"@id\":\"https:\\\/\\\/noticiasmercedinas.com\\\/site\\\/2024\\\/06\\\/10\\\/concejala-andrea-bozzini-presenta-proyecto-en-el-dia-de-la-seguridad-vial\\\/#primaryimage\"},\"image\":{\"@id\":\"https:\\\/\\\/noticiasmercedinas.com\\\/site\\\/2024\\\/06\\\/10\\\/concejala-andrea-bozzini-presenta-proyecto-en-el-dia-de-la-seguridad-vial\\\/#primaryimage\"},\"thumbnailUrl\":\"https:\\\/\\\/noticiasmercedinas.com\\\/site\\\/wp-content\\\/uploads\\\/2023\\\/09\\\/andreabozzini.jpg\",\"datePublished\":\"2024-06-10T15:40:47+00:00\",\"dateModified\":\"2024-06-10T19:58:36+00:00\",\"breadcrumb\":{\"@id\":\"https:\\\/\\\/noticiasmercedinas.com\\\/site\\\/2024\\\/06\\\/10\\\/concejala-andrea-bozzini-presenta-proyecto-en-el-dia-de-la-seguridad-vial\\\/#breadcrumb\"},\"inLanguage\":\"es\",\"potentialAction\":[{\"@type\":\"ReadAction\",\"target\":[\"https:\\\/\\\/noticiasmercedinas.com\\\/site\\\/2024\\\/06\\\/10\\\/concejala-andrea-bozzini-presenta-proyecto-en-el-dia-de-la-seguridad-vial\\\/\"]}]},{\"@type\":\"ImageObject\",\"inLanguage\":\"es\",\"@id\":\"https:\\\/\\\/noticiasmercedinas.com\\\/site\\\/2024\\\/06\\\/10\\\/concejala-andrea-bozzini-presenta-proyecto-en-el-dia-de-la-seguridad-vial\\\/#primaryimage\",\"url\":\"https:\\\/\\\/noticiasmercedinas.com\\\/site\\\/wp-content\\\/uploads\\\/2023\\\/09\\\/andreabozzini.jpg\",\"contentUrl\":\"https:\\\/\\\/noticiasmercedinas.com\\\/site\\\/wp-content\\\/uploads\\\/2023\\\/09\\\/andreabozzini.jpg\",\"width\":640,\"height\":411},{\"@type\":\"BreadcrumbList\",\"@id\":\"https:\\\/\\\/noticiasmercedinas.com\\\/site\\\/2024\\\/06\\\/10\\\/concejala-andrea-bozzini-presenta-proyecto-en-el-dia-de-la-seguridad-vial\\\/#breadcrumb\",\"itemListElement\":[{\"@type\":\"ListItem\",\"position\":1,\"name\":\"Portada\",\"item\":\"https:\\\/\\\/noticiasmercedinas.com\\\/site\\\/\"},{\"@type\":\"ListItem\",\"position\":2,\"name\":\"Concejala Andrea Bozzini presenta proyecto en el D\u00eda de la Seguridad Vial\"}]},{\"@type\":\"WebSite\",\"@id\":\"https:\\\/\\\/noticiasmercedinas.com\\\/site\\\/#website\",\"url\":\"https:\\\/\\\/noticiasmercedinas.com\\\/site\\\/\",\"name\":\"NOTICIASMERCEDINAS.COM\",\"description\":\"Mercedes, Buenos Aires, Argentina\",\"publisher\":{\"@id\":\"https:\\\/\\\/noticiasmercedinas.com\\\/site\\\/#organization\"},\"potentialAction\":[{\"@type\":\"SearchAction\",\"target\":{\"@type\":\"EntryPoint\",\"urlTemplate\":\"https:\\\/\\\/noticiasmercedinas.com\\\/site\\\/?s={search_term_string}\"},\"query-input\":{\"@type\":\"PropertyValueSpecification\",\"valueRequired\":true,\"valueName\":\"search_term_string\"}}],\"inLanguage\":\"es\"},{\"@type\":\"Organization\",\"@id\":\"https:\\\/\\\/noticiasmercedinas.com\\\/site\\\/#organization\",\"name\":\"NOTICIASMERCEDINAS.COM\",\"url\":\"https:\\\/\\\/noticiasmercedinas.com\\\/site\\\/\",\"logo\":{\"@type\":\"ImageObject\",\"inLanguage\":\"es\",\"@id\":\"https:\\\/\\\/noticiasmercedinas.com\\\/site\\\/#\\\/schema\\\/logo\\\/image\\\/\",\"url\":\"https:\\\/\\\/noticiasmercedinas.com\\\/site\\\/wp-content\\\/uploads\\\/2020\\\/06\\\/LOGO-512.jpg\",\"contentUrl\":\"https:\\\/\\\/noticiasmercedinas.com\\\/site\\\/wp-content\\\/uploads\\\/2020\\\/06\\\/LOGO-512.jpg\",\"width\":512,\"height\":512,\"caption\":\"NOTICIASMERCEDINAS.COM\"},\"image\":{\"@id\":\"https:\\\/\\\/noticiasmercedinas.com\\\/site\\\/#\\\/schema\\\/logo\\\/image\\\/\"},\"sameAs\":[\"https:\\\/\\\/www.facebook.com\\\/noticiasmercedinas\\\/\",\"https:\\\/\\\/x.com\\\/notmercedinas\",\"https:\\\/\\\/www.instagram.com\\\/noticiasmercedinas\\\/\"]},{\"@type\":\"Person\",\"@id\":\"https:\\\/\\\/noticiasmercedinas.com\\\/site\\\/#\\\/schema\\\/person\\\/84b59c099c28ff2e8b77d4ceec5d8063\",\"name\":\"NOTICIASMERCEDINAS.COM\",\"image\":{\"@type\":\"ImageObject\",\"inLanguage\":\"es\",\"@id\":\"https:\\\/\\\/secure.gravatar.com\\\/avatar\\\/4dfbf16b4d17945bfb6341b2d19043457132fcf478a5ee04f42e959fd8f5df0a?s=96&d=mm&r=g\",\"url\":\"https:\\\/\\\/secure.gravatar.com\\\/avatar\\\/4dfbf16b4d17945bfb6341b2d19043457132fcf478a5ee04f42e959fd8f5df0a?s=96&d=mm&r=g\",\"contentUrl\":\"https:\\\/\\\/secure.gravatar.com\\\/avatar\\\/4dfbf16b4d17945bfb6341b2d19043457132fcf478a5ee04f42e959fd8f5df0a?s=96&d=mm&r=g\",\"caption\":\"NOTICIASMERCEDINAS.COM\"},\"url\":\"https:\\\/\\\/noticiasmercedinas.com\\\/site\\\/author\\\/anonimo\\\/\"}]}<\/script>\n<!-- \/ Yoast SEO plugin. -->","yoast_head_json":{"title":"Concejala Andrea Bozzini presenta proyecto en el D\u00eda de la Seguridad Vial","robots":{"index":"index","follow":"follow","max-snippet":"max-snippet:-1","max-image-preview":"max-image-preview:large","max-video-preview":"max-video-preview:-1"},"canonical":"https:\/\/noticiasmercedinas.com\/site\/2024\/06\/10\/concejala-andrea-bozzini-presenta-proyecto-en-el-dia-de-la-seguridad-vial\/","og_locale":"es_ES","og_type":"article","og_title":"Concejala Andrea Bozzini presenta proyecto en el D\u00eda de la Seguridad Vial","og_description":"\u25a0 La iniciativa tiene como objetivo principal reconocer y apoyar las labores de la Fundaci\u00f3n Estrellas Amarillas, una organizaci\u00f3n dedicada a la prevenci\u00f3n y concientizaci\u00f3n sobre los siniestros viales.","og_url":"https:\/\/noticiasmercedinas.com\/site\/2024\/06\/10\/concejala-andrea-bozzini-presenta-proyecto-en-el-dia-de-la-seguridad-vial\/","og_site_name":"NOTICIASMERCEDINAS.COM","article_publisher":"https:\/\/www.facebook.com\/noticiasmercedinas\/","article_published_time":"2024-06-10T15:40:47+00:00","article_modified_time":"2024-06-10T19:58:36+00:00","og_image":[{"width":640,"height":411,"url":"https:\/\/noticiasmercedinas.com\/site\/wp-content\/uploads\/2023\/09\/andreabozzini.jpg","type":"image\/jpeg"}],"author":"NOTICIASMERCEDINAS.COM","twitter_card":"summary_large_image","twitter_creator":"@notmercedinas","twitter_site":"@notmercedinas","twitter_misc":{"Escrito por":"NOTICIASMERCEDINAS.COM","Tiempo de lectura":"2 minutos"},"schema":{"@context":"https:\/\/schema.org","@graph":[{"@type":"Article","@id":"https:\/\/noticiasmercedinas.com\/site\/2024\/06\/10\/concejala-andrea-bozzini-presenta-proyecto-en-el-dia-de-la-seguridad-vial\/#article","isPartOf":{"@id":"https:\/\/noticiasmercedinas.com\/site\/2024\/06\/10\/concejala-andrea-bozzini-presenta-proyecto-en-el-dia-de-la-seguridad-vial\/"},"author":{"name":"NOTICIASMERCEDINAS.COM","@id":"https:\/\/noticiasmercedinas.com\/site\/#\/schema\/person\/84b59c099c28ff2e8b77d4ceec5d8063"},"headline":"Concejala Andrea Bozzini presenta proyecto en el D\u00eda de la Seguridad Vial","datePublished":"2024-06-10T15:40:47+00:00","dateModified":"2024-06-10T19:58:36+00:00","mainEntityOfPage":{"@id":"https:\/\/noticiasmercedinas.com\/site\/2024\/06\/10\/concejala-andrea-bozzini-presenta-proyecto-en-el-dia-de-la-seguridad-vial\/"},"wordCount":509,"publisher":{"@id":"https:\/\/noticiasmercedinas.com\/site\/#organization"},"image":{"@id":"https:\/\/noticiasmercedinas.com\/site\/2024\/06\/10\/concejala-andrea-bozzini-presenta-proyecto-en-el-dia-de-la-seguridad-vial\/#primaryimage"},"thumbnailUrl":"https:\/\/noticiasmercedinas.com\/site\/wp-content\/uploads\/2023\/09\/andreabozzini.jpg","keywords":["Andrea Bozzini","concejo deliberante","estrellas amarillas","Seguridad Vial"],"articleSection":["Politica"],"inLanguage":"es"},{"@type":"WebPage","@id":"https:\/\/noticiasmercedinas.com\/site\/2024\/06\/10\/concejala-andrea-bozzini-presenta-proyecto-en-el-dia-de-la-seguridad-vial\/","url":"https:\/\/noticiasmercedinas.com\/site\/2024\/06\/10\/concejala-andrea-bozzini-presenta-proyecto-en-el-dia-de-la-seguridad-vial\/","name":"Concejala Andrea Bozzini presenta proyecto en el D\u00eda de la Seguridad Vial","isPartOf":{"@id":"https:\/\/noticiasmercedinas.com\/site\/#website"},"primaryImageOfPage":{"@id":"https:\/\/noticiasmercedinas.com\/site\/2024\/06\/10\/concejala-andrea-bozzini-presenta-proyecto-en-el-dia-de-la-seguridad-vial\/#primaryimage"},"image":{"@id":"https:\/\/noticiasmercedinas.com\/site\/2024\/06\/10\/concejala-andrea-bozzini-presenta-proyecto-en-el-dia-de-la-seguridad-vial\/#primaryimage"},"thumbnailUrl":"https:\/\/noticiasmercedinas.com\/site\/wp-content\/uploads\/2023\/09\/andreabozzini.jpg","datePublished":"2024-06-10T15:40:47+00:00","dateModified":"2024-06-10T19:58:36+00:00","breadcrumb":{"@id":"https:\/\/noticiasmercedinas.com\/site\/2024\/06\/10\/concejala-andrea-bozzini-presenta-proyecto-en-el-dia-de-la-seguridad-vial\/#breadcrumb"},"inLanguage":"es","potentialAction":[{"@type":"ReadAction","target":["https:\/\/noticiasmercedinas.com\/site\/2024\/06\/10\/concejala-andrea-bozzini-presenta-proyecto-en-el-dia-de-la-seguridad-vial\/"]}]},{"@type":"ImageObject","inLanguage":"es","@id":"https:\/\/noticiasmercedinas.com\/site\/2024\/06\/10\/concejala-andrea-bozzini-presenta-proyecto-en-el-dia-de-la-seguridad-vial\/#primaryimage","url":"https:\/\/noticiasmercedinas.com\/site\/wp-content\/uploads\/2023\/09\/andreabozzini.jpg","contentUrl":"https:\/\/noticiasmercedinas.com\/site\/wp-content\/uploads\/2023\/09\/andreabozzini.jpg","width":640,"height":411},{"@type":"BreadcrumbList","@id":"https:\/\/noticiasmercedinas.com\/site\/2024\/06\/10\/concejala-andrea-bozzini-presenta-proyecto-en-el-dia-de-la-seguridad-vial\/#breadcrumb","itemListElement":[{"@type":"ListItem","position":1,"name":"Portada","item":"https:\/\/noticiasmercedinas.com\/site\/"},{"@type":"ListItem","position":2,"name":"Concejala Andrea Bozzini presenta proyecto en el D\u00eda de la Seguridad Vial"}]},{"@type":"WebSite","@id":"https:\/\/noticiasmercedinas.com\/site\/#website","url":"https:\/\/noticiasmercedinas.com\/site\/","name":"NOTICIASMERCEDINAS.COM","description":"Mercedes, Buenos Aires, Argentina","publisher":{"@id":"https:\/\/noticiasmercedinas.com\/site\/#organization"},"potentialAction":[{"@type":"SearchAction","target":{"@type":"EntryPoint","urlTemplate":"https:\/\/noticiasmercedinas.com\/site\/?s={search_term_string}"},"query-input":{"@type":"PropertyValueSpecification","valueRequired":true,"valueName":"search_term_string"}}],"inLanguage":"es"},{"@type":"Organization","@id":"https:\/\/noticiasmercedinas.com\/site\/#organization","name":"NOTICIASMERCEDINAS.COM","url":"https:\/\/noticiasmercedinas.com\/site\/","logo":{"@type":"ImageObject","inLanguage":"es","@id":"https:\/\/noticiasmercedinas.com\/site\/#\/schema\/logo\/image\/","url":"https:\/\/noticiasmercedinas.com\/site\/wp-content\/uploads\/2020\/06\/LOGO-512.jpg","contentUrl":"https:\/\/noticiasmercedinas.com\/site\/wp-content\/uploads\/2020\/06\/LOGO-512.jpg","width":512,"height":512,"caption":"NOTICIASMERCEDINAS.COM"},"image":{"@id":"https:\/\/noticiasmercedinas.com\/site\/#\/schema\/logo\/image\/"},"sameAs":["https:\/\/www.facebook.com\/noticiasmercedinas\/","https:\/\/x.com\/notmercedinas","https:\/\/www.instagram.com\/noticiasmercedinas\/"]},{"@type":"Person","@id":"https:\/\/noticiasmercedinas.com\/site\/#\/schema\/person\/84b59c099c28ff2e8b77d4ceec5d8063","name":"NOTICIASMERCEDINAS.COM","image":{"@type":"ImageObject","inLanguage":"es","@id":"https:\/\/secure.gravatar.com\/avatar\/4dfbf16b4d17945bfb6341b2d19043457132fcf478a5ee04f42e959fd8f5df0a?s=96&d=mm&r=g","url":"https:\/\/secure.gravatar.com\/avatar\/4dfbf16b4d17945bfb6341b2d19043457132fcf478a5ee04f42e959fd8f5df0a?s=96&d=mm&r=g","contentUrl":"https:\/\/secure.gravatar.com\/avatar\/4dfbf16b4d17945bfb6341b2d19043457132fcf478a5ee04f42e959fd8f5df0a?s=96&d=mm&r=g","caption":"NOTICIASMERCEDINAS.COM"},"url":"https:\/\/noticiasmercedinas.com\/site\/author\/anonimo\/"}]}},"amp_enabled":true,"_links":{"self":[{"href":"https:\/\/noticiasmercedinas.com\/site\/wp-json\/wp\/v2\/posts\/138102","targetHints":{"allow":["GET"]}}],"collection":[{"href":"https:\/\/noticiasmercedinas.com\/site\/wp-json\/wp\/v2\/posts"}],"about":[{"href":"https:\/\/noticiasmercedinas.com\/site\/wp-json\/wp\/v2\/types\/post"}],"author":[{"embeddable":true,"href":"https:\/\/noticiasmercedinas.com\/site\/wp-json\/wp\/v2\/users\/16"}],"replies":[{"embeddable":true,"href":"https:\/\/noticiasmercedinas.com\/site\/wp-json\/wp\/v2\/comments?post=138102"}],"version-history":[{"count":2,"href":"https:\/\/noticiasmercedinas.com\/site\/wp-json\/wp\/v2\/posts\/138102\/revisions"}],"predecessor-version":[{"id":138107,"href":"https:\/\/noticiasmercedinas.com\/site\/wp-json\/wp\/v2\/posts\/138102\/revisions\/138107"}],"wp:featuredmedia":[{"embeddable":true,"href":"https:\/\/noticiasmercedinas.com\/site\/wp-json\/wp\/v2\/media\/123649"}],"wp:attachment":[{"href":"https:\/\/noticiasmercedinas.com\/site\/wp-json\/wp\/v2\/media?parent=138102"}],"wp:term":[{"taxonomy":"category","embeddable":true,"href":"https:\/\/noticiasmercedinas.com\/site\/wp-json\/wp\/v2\/categories?post=138102"},{"taxonomy":"post_tag","embeddable":true,"href":"https:\/\/noticiasmercedinas.com\/site\/wp-json\/wp\/v2\/tags?post=138102"}],"curies":[{"name":"wp","href":"https:\/\/api.w.org\/{rel}","templated":true}]}}