{"id":138232,"date":"2024-06-11T21:10:06","date_gmt":"2024-06-12T00:10:06","guid":{"rendered":"https:\/\/noticiasmercedinas.com\/site\/?p=138232"},"modified":"2024-06-11T21:10:44","modified_gmt":"2024-06-12T00:10:44","slug":"desde-el-concejo-deliberante-se-aprueba-unanimemente-proyecto-en-apoyo-a-estrellas-amarillas","status":"publish","type":"post","link":"https:\/\/noticiasmercedinas.com\/site\/2024\/06\/11\/desde-el-concejo-deliberante-se-aprueba-unanimemente-proyecto-en-apoyo-a-estrellas-amarillas\/","title":{"rendered":"Desde el Concejo Deliberante se aprueba un\u00e1nimemente proyecto en apoyo a Estrellas Amarillas\u00a0"},"content":{"rendered":"<p><img loading=\"lazy\" decoding=\"async\" class=\"alignnone size-full wp-image-138233\" src=\"https:\/\/noticiasmercedinas.com\/site\/wp-content\/uploads\/2024\/06\/RILLAS.jpg\" alt=\"\" width=\"640\" height=\"479\" srcset=\"https:\/\/noticiasmercedinas.com\/site\/wp-content\/uploads\/2024\/06\/RILLAS.jpg 640w, https:\/\/noticiasmercedinas.com\/site\/wp-content\/uploads\/2024\/06\/RILLAS-300x225.jpg 300w, https:\/\/noticiasmercedinas.com\/site\/wp-content\/uploads\/2024\/06\/RILLAS-80x60.jpg 80w, https:\/\/noticiasmercedinas.com\/site\/wp-content\/uploads\/2024\/06\/RILLAS-160x120.jpg 160w, https:\/\/noticiasmercedinas.com\/site\/wp-content\/uploads\/2024\/06\/RILLAS-100x75.jpg 100w, https:\/\/noticiasmercedinas.com\/site\/wp-content\/uploads\/2024\/06\/RILLAS-200x150.jpg 200w, https:\/\/noticiasmercedinas.com\/site\/wp-content\/uploads\/2024\/06\/RILLAS-180x135.jpg 180w, https:\/\/noticiasmercedinas.com\/site\/wp-content\/uploads\/2024\/06\/RILLAS-360x270.jpg 360w, https:\/\/noticiasmercedinas.com\/site\/wp-content\/uploads\/2024\/06\/RILLAS-238x178.jpg 238w, https:\/\/noticiasmercedinas.com\/site\/wp-content\/uploads\/2024\/06\/RILLAS-476x356.jpg 476w\" sizes=\"auto, (max-width: 640px) 100vw, 640px\" \/><\/p>\n<p>Ayer, 10 de junio, D\u00eda de la Seguridad Vial, se hicieron presentes en el recinto del Honorable Concejo Deliberante varios integrantes de Estrellas Amarillas, organizaci\u00f3n de la que su s\u00edmbolo es de atenci\u00f3n y memoria, cuyas 5 puntas representan los valores memoria, prevenci\u00f3n, ley, justicia y educaci\u00f3n. Y en ese contexto se aprob\u00f3 por unanimidad un proyecto de Uni\u00f3n por la Patria que destaca su trabajo.<\/p>\n<p>Tras la sesi\u00f3n celebrada este lunes en el Concejo Deliberante, la concejala <strong>Andrea Bozzini<\/strong>, de Uni\u00f3n por la Patria, destac\u00f3 la aprobaci\u00f3n un\u00e1nime de un proyecto de apoyo y acompa\u00f1amiento a una iniciativa de la C\u00e1mara de Diputados, relacionada con la concientizaci\u00f3n y seguridad vial promovida por la organizaci\u00f3n \u00abEstrellas Amarillas\u00bb.<\/p>\n<p>\u00abDespu\u00e9s de un debate un tanto desordenado, logramos votar por unanimidad el proyecto promovido por nosotros, que apoya y acompa\u00f1a un proyecto de Diputados que no solo revaloriza la labor de concientizaci\u00f3n y seguridad vial de Estrellas Amarillas, sino que adem\u00e1s repudia las palabras de un diputado nacional Beltr\u00e1n Benedit respecto a su fundamento y creencias frente al s\u00edmbolo de Estrellas\u00bb, explic\u00f3 Bozzini.<\/p>\n<p>La concejala subray\u00f3 la importancia de la labor parlamentaria para ordenar el trabajo legislativo. \u00abNo solo tratamos el proyecto de Estrellas Amarillas, hubo otros proyectos tambi\u00e9n que pudieron ordenarse\u00bb, a\u00f1adi\u00f3 y destac\u00f3 que el proyecto de Estrellas Amarillas entr\u00f3 fuera del orden del d\u00eda, lo cual gener\u00f3 confusi\u00f3n.<\/p>\n<p>Bozzini explic\u00f3 que el incidente que motiv\u00f3 la propuesta ocurri\u00f3 despu\u00e9s del cierre del orden del d\u00eda, el mi\u00e9rcoles previo a la sesi\u00f3n. \u00abEl suceso respecto a las expresiones del diputado sobre el s\u00edmbolo de Estrellas Amarillas ocurri\u00f3 el mi\u00e9rcoles pasado, despu\u00e9s de que cerrara nuestro orden del d\u00eda. Al entrar fuera del orden del d\u00eda, los presidentes de bloque tuvieron toda la documentaci\u00f3n a disposici\u00f3n, algo que no siempre ocurre con otras fuerzas que piden apoyo en otros proyectos\u00bb, detall\u00f3 Bozzini.<\/p>\n<p>A pesar de la costumbre de que los proyectos fuera del orden del d\u00eda pasen a comisi\u00f3n, Bozzini destac\u00f3 que todas las fuerzas pol\u00edticas decidieron dar tratamiento inmediato al proyecto, entendiendo la relevancia del D\u00eda de la Seguridad Vial. \u00abNos informaron que no nos iban a dar tabla, pero sorpresivamente se dio la tabla, lo cual celebramos porque se cumpl\u00eda con la palabra dada en labor parlamentaria y el tema lo ameritaba\u00bb, dijo.<\/p>\n<p>Despu\u00e9s de un debate y un se\u00f1alamiento sobre el art\u00edculo 2 del proyecto original, el cual se interpretaba como pol\u00edtico, se decidi\u00f3 quitar dicho art\u00edculo para asegurar la unanimidad. \u00abEntendimos que era un acto de seriedad y compromiso con la comunidad y con Estrellas Amarillas que el proyecto saliera por unanimidad. El art\u00edculo 1, que es el acompa\u00f1amiento al proyecto de la diputada Blanca Osuna, ya repudiaba las palabras del diputado\u00bb, explic\u00f3 Bozzini.<\/p>\n<p>Finalmente, el proyecto fue aprobado, revalorizando la labor de Estrellas Amarillas.<\/p>\n<p><strong>Derechos Humanos<\/strong><br \/>\nSin embargo, no se decidi\u00f3 dar acompa\u00f1amiento a una iniciativa relacionada con los Derechos Humanos en virtud a una solicitud oficial que hiciera la Comisi\u00f3n de Identidad al ministerio de Seguridad pidiendo el acceso a informaci\u00f3n sobre referentes de fuerzas de seguridad de la \u00e9poca de la dictadura militar.<\/p>\n<p>Bozzini lament\u00f3 que este proyecto solo fuera aprobado por mayor\u00eda de \u00abUni\u00f3n por la Patria\u00bb y no acompa\u00f1ado por La Libertad Avanza ni por Juntos por el Cambio, sobre todo por la necesidad de la facilitaci\u00f3n de datos para el acceso a la identidad de nietos nacidos en cautiverio, y que no fuera aprobado debido a argumentos legales sobre la privacidad y el secreto profesional. \u00abLamentamos esto, especialmente considerando la importancia del radicalismo y de Ra\u00fal Alfons\u00edn como punta de lanza en los procesos de memoria, verdad y justicia\u00bb, concluy\u00f3.<\/p>\n<p>&nbsp;<\/p>\n","protected":false},"excerpt":{"rendered":"<p>\u25a0 La iniciativa, impulsada por Andrea Bozzini, subraya la importancia de la concientizaci\u00f3n, la prevenci\u00f3n y educaci\u00f3n. La edil lament\u00f3 la falta de apoyo a un proyecto relacionado con los Derechos Humanos.<\/p>\n","protected":false},"author":16,"featured_media":138233,"comment_status":"closed","ping_status":"closed","sticky":false,"template":"","format":"standard","meta":{"footnotes":""},"categories":[16],"tags":[5424,243,772,18404,1633],"class_list":["post-138232","post","type-post","status-publish","format-standard","has-post-thumbnail","hentry","category-politica","tag-andrea-bozzini","tag-concejo-deliberante","tag-ddhh","tag-grupo-estrellas-amarillas","tag-seguridad-vial"],"yoast_head":"<!-- This site is optimized with the Yoast SEO plugin v27.5 - https:\/\/yoast.com\/product\/yoast-seo-wordpress\/ -->\n<title>Desde el Concejo Deliberante se aprueba un\u00e1nimemente proyecto en apoyo a Estrellas Amarillas\u00a0<\/title>\n<meta name=\"robots\" content=\"index, follow, max-snippet:-1, max-image-preview:large, max-video-preview:-1\" \/>\n<link rel=\"canonical\" href=\"https:\/\/noticiasmercedinas.com\/site\/2024\/06\/11\/desde-el-concejo-deliberante-se-aprueba-unanimemente-proyecto-en-apoyo-a-estrellas-amarillas\/\" \/>\n<meta property=\"og:locale\" content=\"es_ES\" \/>\n<meta property=\"og:type\" content=\"article\" \/>\n<meta property=\"og:title\" content=\"Desde el Concejo Deliberante se aprueba un\u00e1nimemente proyecto en apoyo a Estrellas Amarillas\u00a0\" \/>\n<meta property=\"og:description\" content=\"\u25a0 La iniciativa, impulsada por Andrea Bozzini, subraya la importancia de la concientizaci\u00f3n, la prevenci\u00f3n y educaci\u00f3n. La edil lament\u00f3 la falta de apoyo a un proyecto relacionado con los Derechos Humanos.\" \/>\n<meta property=\"og:url\" content=\"https:\/\/noticiasmercedinas.com\/site\/2024\/06\/11\/desde-el-concejo-deliberante-se-aprueba-unanimemente-proyecto-en-apoyo-a-estrellas-amarillas\/\" \/>\n<meta property=\"og:site_name\" content=\"NOTICIASMERCEDINAS.COM\" \/>\n<meta property=\"article:publisher\" content=\"https:\/\/www.facebook.com\/noticiasmercedinas\/\" \/>\n<meta property=\"article:published_time\" content=\"2024-06-12T00:10:06+00:00\" \/>\n<meta property=\"article:modified_time\" content=\"2024-06-12T00:10:44+00:00\" \/>\n<meta property=\"og:image\" content=\"https:\/\/noticiasmercedinas.com\/site\/wp-content\/uploads\/2024\/06\/RILLAS.jpg\" \/>\n\t<meta property=\"og:image:width\" content=\"640\" \/>\n\t<meta property=\"og:image:height\" content=\"479\" \/>\n\t<meta property=\"og:image:type\" content=\"image\/jpeg\" \/>\n<meta name=\"author\" content=\"NOTICIASMERCEDINAS.COM\" \/>\n<meta name=\"twitter:card\" content=\"summary_large_image\" \/>\n<meta name=\"twitter:creator\" content=\"@notmercedinas\" \/>\n<meta name=\"twitter:site\" content=\"@notmercedinas\" \/>\n<meta name=\"twitter:label1\" content=\"Escrito por\" \/>\n\t<meta name=\"twitter:data1\" content=\"NOTICIASMERCEDINAS.COM\" \/>\n\t<meta name=\"twitter:label2\" content=\"Tiempo de lectura\" \/>\n\t<meta name=\"twitter:data2\" content=\"3 minutos\" \/>\n<script type=\"application\/ld+json\" class=\"yoast-schema-graph\">{\"@context\":\"https:\\\/\\\/schema.org\",\"@graph\":[{\"@type\":\"Article\",\"@id\":\"https:\\\/\\\/noticiasmercedinas.com\\\/site\\\/2024\\\/06\\\/11\\\/desde-el-concejo-deliberante-se-aprueba-unanimemente-proyecto-en-apoyo-a-estrellas-amarillas\\\/#article\",\"isPartOf\":{\"@id\":\"https:\\\/\\\/noticiasmercedinas.com\\\/site\\\/2024\\\/06\\\/11\\\/desde-el-concejo-deliberante-se-aprueba-unanimemente-proyecto-en-apoyo-a-estrellas-amarillas\\\/\"},\"author\":{\"name\":\"NOTICIASMERCEDINAS.COM\",\"@id\":\"https:\\\/\\\/noticiasmercedinas.com\\\/site\\\/#\\\/schema\\\/person\\\/84b59c099c28ff2e8b77d4ceec5d8063\"},\"headline\":\"Desde el Concejo Deliberante se aprueba un\u00e1nimemente proyecto en apoyo a Estrellas Amarillas\u00a0\",\"datePublished\":\"2024-06-12T00:10:06+00:00\",\"dateModified\":\"2024-06-12T00:10:44+00:00\",\"mainEntityOfPage\":{\"@id\":\"https:\\\/\\\/noticiasmercedinas.com\\\/site\\\/2024\\\/06\\\/11\\\/desde-el-concejo-deliberante-se-aprueba-unanimemente-proyecto-en-apoyo-a-estrellas-amarillas\\\/\"},\"wordCount\":676,\"publisher\":{\"@id\":\"https:\\\/\\\/noticiasmercedinas.com\\\/site\\\/#organization\"},\"image\":{\"@id\":\"https:\\\/\\\/noticiasmercedinas.com\\\/site\\\/2024\\\/06\\\/11\\\/desde-el-concejo-deliberante-se-aprueba-unanimemente-proyecto-en-apoyo-a-estrellas-amarillas\\\/#primaryimage\"},\"thumbnailUrl\":\"https:\\\/\\\/noticiasmercedinas.com\\\/site\\\/wp-content\\\/uploads\\\/2024\\\/06\\\/RILLAS.jpg\",\"keywords\":[\"Andrea Bozzini\",\"concejo deliberante\",\"DDHH\",\"Grupo Estrellas Amarillas\",\"Seguridad Vial\"],\"articleSection\":[\"Politica\"],\"inLanguage\":\"es\"},{\"@type\":\"WebPage\",\"@id\":\"https:\\\/\\\/noticiasmercedinas.com\\\/site\\\/2024\\\/06\\\/11\\\/desde-el-concejo-deliberante-se-aprueba-unanimemente-proyecto-en-apoyo-a-estrellas-amarillas\\\/\",\"url\":\"https:\\\/\\\/noticiasmercedinas.com\\\/site\\\/2024\\\/06\\\/11\\\/desde-el-concejo-deliberante-se-aprueba-unanimemente-proyecto-en-apoyo-a-estrellas-amarillas\\\/\",\"name\":\"Desde el Concejo Deliberante se aprueba un\u00e1nimemente proyecto en apoyo a Estrellas Amarillas\u00a0\",\"isPartOf\":{\"@id\":\"https:\\\/\\\/noticiasmercedinas.com\\\/site\\\/#website\"},\"primaryImageOfPage\":{\"@id\":\"https:\\\/\\\/noticiasmercedinas.com\\\/site\\\/2024\\\/06\\\/11\\\/desde-el-concejo-deliberante-se-aprueba-unanimemente-proyecto-en-apoyo-a-estrellas-amarillas\\\/#primaryimage\"},\"image\":{\"@id\":\"https:\\\/\\\/noticiasmercedinas.com\\\/site\\\/2024\\\/06\\\/11\\\/desde-el-concejo-deliberante-se-aprueba-unanimemente-proyecto-en-apoyo-a-estrellas-amarillas\\\/#primaryimage\"},\"thumbnailUrl\":\"https:\\\/\\\/noticiasmercedinas.com\\\/site\\\/wp-content\\\/uploads\\\/2024\\\/06\\\/RILLAS.jpg\",\"datePublished\":\"2024-06-12T00:10:06+00:00\",\"dateModified\":\"2024-06-12T00:10:44+00:00\",\"breadcrumb\":{\"@id\":\"https:\\\/\\\/noticiasmercedinas.com\\\/site\\\/2024\\\/06\\\/11\\\/desde-el-concejo-deliberante-se-aprueba-unanimemente-proyecto-en-apoyo-a-estrellas-amarillas\\\/#breadcrumb\"},\"inLanguage\":\"es\",\"potentialAction\":[{\"@type\":\"ReadAction\",\"target\":[\"https:\\\/\\\/noticiasmercedinas.com\\\/site\\\/2024\\\/06\\\/11\\\/desde-el-concejo-deliberante-se-aprueba-unanimemente-proyecto-en-apoyo-a-estrellas-amarillas\\\/\"]}]},{\"@type\":\"ImageObject\",\"inLanguage\":\"es\",\"@id\":\"https:\\\/\\\/noticiasmercedinas.com\\\/site\\\/2024\\\/06\\\/11\\\/desde-el-concejo-deliberante-se-aprueba-unanimemente-proyecto-en-apoyo-a-estrellas-amarillas\\\/#primaryimage\",\"url\":\"https:\\\/\\\/noticiasmercedinas.com\\\/site\\\/wp-content\\\/uploads\\\/2024\\\/06\\\/RILLAS.jpg\",\"contentUrl\":\"https:\\\/\\\/noticiasmercedinas.com\\\/site\\\/wp-content\\\/uploads\\\/2024\\\/06\\\/RILLAS.jpg\",\"width\":640,\"height\":479},{\"@type\":\"BreadcrumbList\",\"@id\":\"https:\\\/\\\/noticiasmercedinas.com\\\/site\\\/2024\\\/06\\\/11\\\/desde-el-concejo-deliberante-se-aprueba-unanimemente-proyecto-en-apoyo-a-estrellas-amarillas\\\/#breadcrumb\",\"itemListElement\":[{\"@type\":\"ListItem\",\"position\":1,\"name\":\"Portada\",\"item\":\"https:\\\/\\\/noticiasmercedinas.com\\\/site\\\/\"},{\"@type\":\"ListItem\",\"position\":2,\"name\":\"Desde el Concejo Deliberante se aprueba un\u00e1nimemente proyecto en apoyo a Estrellas Amarillas\u00a0\"}]},{\"@type\":\"WebSite\",\"@id\":\"https:\\\/\\\/noticiasmercedinas.com\\\/site\\\/#website\",\"url\":\"https:\\\/\\\/noticiasmercedinas.com\\\/site\\\/\",\"name\":\"NOTICIASMERCEDINAS.COM\",\"description\":\"Mercedes, Buenos Aires, Argentina\",\"publisher\":{\"@id\":\"https:\\\/\\\/noticiasmercedinas.com\\\/site\\\/#organization\"},\"potentialAction\":[{\"@type\":\"SearchAction\",\"target\":{\"@type\":\"EntryPoint\",\"urlTemplate\":\"https:\\\/\\\/noticiasmercedinas.com\\\/site\\\/?s={search_term_string}\"},\"query-input\":{\"@type\":\"PropertyValueSpecification\",\"valueRequired\":true,\"valueName\":\"search_term_string\"}}],\"inLanguage\":\"es\"},{\"@type\":\"Organization\",\"@id\":\"https:\\\/\\\/noticiasmercedinas.com\\\/site\\\/#organization\",\"name\":\"NOTICIASMERCEDINAS.COM\",\"url\":\"https:\\\/\\\/noticiasmercedinas.com\\\/site\\\/\",\"logo\":{\"@type\":\"ImageObject\",\"inLanguage\":\"es\",\"@id\":\"https:\\\/\\\/noticiasmercedinas.com\\\/site\\\/#\\\/schema\\\/logo\\\/image\\\/\",\"url\":\"https:\\\/\\\/noticiasmercedinas.com\\\/site\\\/wp-content\\\/uploads\\\/2020\\\/06\\\/LOGO-512.jpg\",\"contentUrl\":\"https:\\\/\\\/noticiasmercedinas.com\\\/site\\\/wp-content\\\/uploads\\\/2020\\\/06\\\/LOGO-512.jpg\",\"width\":512,\"height\":512,\"caption\":\"NOTICIASMERCEDINAS.COM\"},\"image\":{\"@id\":\"https:\\\/\\\/noticiasmercedinas.com\\\/site\\\/#\\\/schema\\\/logo\\\/image\\\/\"},\"sameAs\":[\"https:\\\/\\\/www.facebook.com\\\/noticiasmercedinas\\\/\",\"https:\\\/\\\/x.com\\\/notmercedinas\",\"https:\\\/\\\/www.instagram.com\\\/noticiasmercedinas\\\/\"]},{\"@type\":\"Person\",\"@id\":\"https:\\\/\\\/noticiasmercedinas.com\\\/site\\\/#\\\/schema\\\/person\\\/84b59c099c28ff2e8b77d4ceec5d8063\",\"name\":\"NOTICIASMERCEDINAS.COM\",\"image\":{\"@type\":\"ImageObject\",\"inLanguage\":\"es\",\"@id\":\"https:\\\/\\\/secure.gravatar.com\\\/avatar\\\/4dfbf16b4d17945bfb6341b2d19043457132fcf478a5ee04f42e959fd8f5df0a?s=96&d=mm&r=g\",\"url\":\"https:\\\/\\\/secure.gravatar.com\\\/avatar\\\/4dfbf16b4d17945bfb6341b2d19043457132fcf478a5ee04f42e959fd8f5df0a?s=96&d=mm&r=g\",\"contentUrl\":\"https:\\\/\\\/secure.gravatar.com\\\/avatar\\\/4dfbf16b4d17945bfb6341b2d19043457132fcf478a5ee04f42e959fd8f5df0a?s=96&d=mm&r=g\",\"caption\":\"NOTICIASMERCEDINAS.COM\"},\"url\":\"https:\\\/\\\/noticiasmercedinas.com\\\/site\\\/author\\\/anonimo\\\/\"}]}<\/script>\n<!-- \/ Yoast SEO plugin. -->","yoast_head_json":{"title":"Desde el Concejo Deliberante se aprueba un\u00e1nimemente proyecto en apoyo a Estrellas Amarillas\u00a0","robots":{"index":"index","follow":"follow","max-snippet":"max-snippet:-1","max-image-preview":"max-image-preview:large","max-video-preview":"max-video-preview:-1"},"canonical":"https:\/\/noticiasmercedinas.com\/site\/2024\/06\/11\/desde-el-concejo-deliberante-se-aprueba-unanimemente-proyecto-en-apoyo-a-estrellas-amarillas\/","og_locale":"es_ES","og_type":"article","og_title":"Desde el Concejo Deliberante se aprueba un\u00e1nimemente proyecto en apoyo a Estrellas Amarillas\u00a0","og_description":"\u25a0 La iniciativa, impulsada por Andrea Bozzini, subraya la importancia de la concientizaci\u00f3n, la prevenci\u00f3n y educaci\u00f3n. La edil lament\u00f3 la falta de apoyo a un proyecto relacionado con los Derechos Humanos.","og_url":"https:\/\/noticiasmercedinas.com\/site\/2024\/06\/11\/desde-el-concejo-deliberante-se-aprueba-unanimemente-proyecto-en-apoyo-a-estrellas-amarillas\/","og_site_name":"NOTICIASMERCEDINAS.COM","article_publisher":"https:\/\/www.facebook.com\/noticiasmercedinas\/","article_published_time":"2024-06-12T00:10:06+00:00","article_modified_time":"2024-06-12T00:10:44+00:00","og_image":[{"width":640,"height":479,"url":"https:\/\/noticiasmercedinas.com\/site\/wp-content\/uploads\/2024\/06\/RILLAS.jpg","type":"image\/jpeg"}],"author":"NOTICIASMERCEDINAS.COM","twitter_card":"summary_large_image","twitter_creator":"@notmercedinas","twitter_site":"@notmercedinas","twitter_misc":{"Escrito por":"NOTICIASMERCEDINAS.COM","Tiempo de lectura":"3 minutos"},"schema":{"@context":"https:\/\/schema.org","@graph":[{"@type":"Article","@id":"https:\/\/noticiasmercedinas.com\/site\/2024\/06\/11\/desde-el-concejo-deliberante-se-aprueba-unanimemente-proyecto-en-apoyo-a-estrellas-amarillas\/#article","isPartOf":{"@id":"https:\/\/noticiasmercedinas.com\/site\/2024\/06\/11\/desde-el-concejo-deliberante-se-aprueba-unanimemente-proyecto-en-apoyo-a-estrellas-amarillas\/"},"author":{"name":"NOTICIASMERCEDINAS.COM","@id":"https:\/\/noticiasmercedinas.com\/site\/#\/schema\/person\/84b59c099c28ff2e8b77d4ceec5d8063"},"headline":"Desde el Concejo Deliberante se aprueba un\u00e1nimemente proyecto en apoyo a Estrellas Amarillas\u00a0","datePublished":"2024-06-12T00:10:06+00:00","dateModified":"2024-06-12T00:10:44+00:00","mainEntityOfPage":{"@id":"https:\/\/noticiasmercedinas.com\/site\/2024\/06\/11\/desde-el-concejo-deliberante-se-aprueba-unanimemente-proyecto-en-apoyo-a-estrellas-amarillas\/"},"wordCount":676,"publisher":{"@id":"https:\/\/noticiasmercedinas.com\/site\/#organization"},"image":{"@id":"https:\/\/noticiasmercedinas.com\/site\/2024\/06\/11\/desde-el-concejo-deliberante-se-aprueba-unanimemente-proyecto-en-apoyo-a-estrellas-amarillas\/#primaryimage"},"thumbnailUrl":"https:\/\/noticiasmercedinas.com\/site\/wp-content\/uploads\/2024\/06\/RILLAS.jpg","keywords":["Andrea Bozzini","concejo deliberante","DDHH","Grupo Estrellas Amarillas","Seguridad Vial"],"articleSection":["Politica"],"inLanguage":"es"},{"@type":"WebPage","@id":"https:\/\/noticiasmercedinas.com\/site\/2024\/06\/11\/desde-el-concejo-deliberante-se-aprueba-unanimemente-proyecto-en-apoyo-a-estrellas-amarillas\/","url":"https:\/\/noticiasmercedinas.com\/site\/2024\/06\/11\/desde-el-concejo-deliberante-se-aprueba-unanimemente-proyecto-en-apoyo-a-estrellas-amarillas\/","name":"Desde el Concejo Deliberante se aprueba un\u00e1nimemente proyecto en apoyo a Estrellas Amarillas\u00a0","isPartOf":{"@id":"https:\/\/noticiasmercedinas.com\/site\/#website"},"primaryImageOfPage":{"@id":"https:\/\/noticiasmercedinas.com\/site\/2024\/06\/11\/desde-el-concejo-deliberante-se-aprueba-unanimemente-proyecto-en-apoyo-a-estrellas-amarillas\/#primaryimage"},"image":{"@id":"https:\/\/noticiasmercedinas.com\/site\/2024\/06\/11\/desde-el-concejo-deliberante-se-aprueba-unanimemente-proyecto-en-apoyo-a-estrellas-amarillas\/#primaryimage"},"thumbnailUrl":"https:\/\/noticiasmercedinas.com\/site\/wp-content\/uploads\/2024\/06\/RILLAS.jpg","datePublished":"2024-06-12T00:10:06+00:00","dateModified":"2024-06-12T00:10:44+00:00","breadcrumb":{"@id":"https:\/\/noticiasmercedinas.com\/site\/2024\/06\/11\/desde-el-concejo-deliberante-se-aprueba-unanimemente-proyecto-en-apoyo-a-estrellas-amarillas\/#breadcrumb"},"inLanguage":"es","potentialAction":[{"@type":"ReadAction","target":["https:\/\/noticiasmercedinas.com\/site\/2024\/06\/11\/desde-el-concejo-deliberante-se-aprueba-unanimemente-proyecto-en-apoyo-a-estrellas-amarillas\/"]}]},{"@type":"ImageObject","inLanguage":"es","@id":"https:\/\/noticiasmercedinas.com\/site\/2024\/06\/11\/desde-el-concejo-deliberante-se-aprueba-unanimemente-proyecto-en-apoyo-a-estrellas-amarillas\/#primaryimage","url":"https:\/\/noticiasmercedinas.com\/site\/wp-content\/uploads\/2024\/06\/RILLAS.jpg","contentUrl":"https:\/\/noticiasmercedinas.com\/site\/wp-content\/uploads\/2024\/06\/RILLAS.jpg","width":640,"height":479},{"@type":"BreadcrumbList","@id":"https:\/\/noticiasmercedinas.com\/site\/2024\/06\/11\/desde-el-concejo-deliberante-se-aprueba-unanimemente-proyecto-en-apoyo-a-estrellas-amarillas\/#breadcrumb","itemListElement":[{"@type":"ListItem","position":1,"name":"Portada","item":"https:\/\/noticiasmercedinas.com\/site\/"},{"@type":"ListItem","position":2,"name":"Desde el Concejo Deliberante se aprueba un\u00e1nimemente proyecto en apoyo a Estrellas Amarillas\u00a0"}]},{"@type":"WebSite","@id":"https:\/\/noticiasmercedinas.com\/site\/#website","url":"https:\/\/noticiasmercedinas.com\/site\/","name":"NOTICIASMERCEDINAS.COM","description":"Mercedes, Buenos Aires, Argentina","publisher":{"@id":"https:\/\/noticiasmercedinas.com\/site\/#organization"},"potentialAction":[{"@type":"SearchAction","target":{"@type":"EntryPoint","urlTemplate":"https:\/\/noticiasmercedinas.com\/site\/?s={search_term_string}"},"query-input":{"@type":"PropertyValueSpecification","valueRequired":true,"valueName":"search_term_string"}}],"inLanguage":"es"},{"@type":"Organization","@id":"https:\/\/noticiasmercedinas.com\/site\/#organization","name":"NOTICIASMERCEDINAS.COM","url":"https:\/\/noticiasmercedinas.com\/site\/","logo":{"@type":"ImageObject","inLanguage":"es","@id":"https:\/\/noticiasmercedinas.com\/site\/#\/schema\/logo\/image\/","url":"https:\/\/noticiasmercedinas.com\/site\/wp-content\/uploads\/2020\/06\/LOGO-512.jpg","contentUrl":"https:\/\/noticiasmercedinas.com\/site\/wp-content\/uploads\/2020\/06\/LOGO-512.jpg","width":512,"height":512,"caption":"NOTICIASMERCEDINAS.COM"},"image":{"@id":"https:\/\/noticiasmercedinas.com\/site\/#\/schema\/logo\/image\/"},"sameAs":["https:\/\/www.facebook.com\/noticiasmercedinas\/","https:\/\/x.com\/notmercedinas","https:\/\/www.instagram.com\/noticiasmercedinas\/"]},{"@type":"Person","@id":"https:\/\/noticiasmercedinas.com\/site\/#\/schema\/person\/84b59c099c28ff2e8b77d4ceec5d8063","name":"NOTICIASMERCEDINAS.COM","image":{"@type":"ImageObject","inLanguage":"es","@id":"https:\/\/secure.gravatar.com\/avatar\/4dfbf16b4d17945bfb6341b2d19043457132fcf478a5ee04f42e959fd8f5df0a?s=96&d=mm&r=g","url":"https:\/\/secure.gravatar.com\/avatar\/4dfbf16b4d17945bfb6341b2d19043457132fcf478a5ee04f42e959fd8f5df0a?s=96&d=mm&r=g","contentUrl":"https:\/\/secure.gravatar.com\/avatar\/4dfbf16b4d17945bfb6341b2d19043457132fcf478a5ee04f42e959fd8f5df0a?s=96&d=mm&r=g","caption":"NOTICIASMERCEDINAS.COM"},"url":"https:\/\/noticiasmercedinas.com\/site\/author\/anonimo\/"}]}},"amp_enabled":true,"_links":{"self":[{"href":"https:\/\/noticiasmercedinas.com\/site\/wp-json\/wp\/v2\/posts\/138232","targetHints":{"allow":["GET"]}}],"collection":[{"href":"https:\/\/noticiasmercedinas.com\/site\/wp-json\/wp\/v2\/posts"}],"about":[{"href":"https:\/\/noticiasmercedinas.com\/site\/wp-json\/wp\/v2\/types\/post"}],"author":[{"embeddable":true,"href":"https:\/\/noticiasmercedinas.com\/site\/wp-json\/wp\/v2\/users\/16"}],"replies":[{"embeddable":true,"href":"https:\/\/noticiasmercedinas.com\/site\/wp-json\/wp\/v2\/comments?post=138232"}],"version-history":[{"count":2,"href":"https:\/\/noticiasmercedinas.com\/site\/wp-json\/wp\/v2\/posts\/138232\/revisions"}],"predecessor-version":[{"id":138235,"href":"https:\/\/noticiasmercedinas.com\/site\/wp-json\/wp\/v2\/posts\/138232\/revisions\/138235"}],"wp:featuredmedia":[{"embeddable":true,"href":"https:\/\/noticiasmercedinas.com\/site\/wp-json\/wp\/v2\/media\/138233"}],"wp:attachment":[{"href":"https:\/\/noticiasmercedinas.com\/site\/wp-json\/wp\/v2\/media?parent=138232"}],"wp:term":[{"taxonomy":"category","embeddable":true,"href":"https:\/\/noticiasmercedinas.com\/site\/wp-json\/wp\/v2\/categories?post=138232"},{"taxonomy":"post_tag","embeddable":true,"href":"https:\/\/noticiasmercedinas.com\/site\/wp-json\/wp\/v2\/tags?post=138232"}],"curies":[{"name":"wp","href":"https:\/\/api.w.org\/{rel}","templated":true}]}}