{"id":138381,"date":"2024-06-14T10:20:58","date_gmt":"2024-06-14T13:20:58","guid":{"rendered":"https:\/\/noticiasmercedinas.com\/site\/?p=138381"},"modified":"2024-06-14T10:52:55","modified_gmt":"2024-06-14T13:52:55","slug":"radiologia-equina-el-veterinario-bernardo-zubeldia-se-capacita-en-mendoza-con-el-doctor-jairo-jaramillo-cardenas","status":"publish","type":"post","link":"https:\/\/noticiasmercedinas.com\/site\/2024\/06\/14\/radiologia-equina-el-veterinario-bernardo-zubeldia-se-capacita-en-mendoza-con-el-doctor-jairo-jaramillo-cardenas\/","title":{"rendered":"Radiolog\u00eda equina: el veterinario Bernardo Zubeldia se capacita en Mendoza con el doctor Jairo Jaramillo C\u00e1rdenas"},"content":{"rendered":"<p><img loading=\"lazy\" decoding=\"async\" class=\"alignnone size-full wp-image-138382\" src=\"https:\/\/noticiasmercedinas.com\/site\/wp-content\/uploads\/2024\/06\/EQUARTERS.jpg\" alt=\"\" width=\"640\" height=\"459\" srcset=\"https:\/\/noticiasmercedinas.com\/site\/wp-content\/uploads\/2024\/06\/EQUARTERS.jpg 640w, https:\/\/noticiasmercedinas.com\/site\/wp-content\/uploads\/2024\/06\/EQUARTERS-300x215.jpg 300w\" sizes=\"auto, (max-width: 640px) 100vw, 640px\" \/><\/p>\n<p>En tiempos donde la especializaci\u00f3n y la educaci\u00f3n continua son clave para ofrecer servicios de calidad, el doctor <strong>Bernardo Zubeld\u00eda<\/strong>, reconocido m\u00e9dico veterinario de la ciudad de Mercedes, tuvo la oportunidad de participar en una formaci\u00f3n excepcional en la ciudad de Mendoza. Bajo la direcci\u00f3n del Dr. <strong>Jairo Jaramillo C\u00e1rdenas<\/strong>, un referente mundial en medicina veterinaria equina, se sumergi\u00f3 en el curso \u00abRadioXperts\u00bb, centrado en radiolog\u00eda equina, organizado por Equarter Argentina.<\/p>\n<p>El Dr. Jaramillo C\u00e1rdenas, conocido por su amplia trayectoria y su dedicaci\u00f3n a la medicina equina deportiva, ha llevado sus conocimientos a diversos rincones del mundo, y en esta ocasi\u00f3n, brind\u00f3 una formaci\u00f3n intensiva y altamente especializada en Mendoza.<\/p>\n<p>El curso \u00abRadioXperts\u00bb no solo ofreci\u00f3 conocimientos te\u00f3ricos de vanguardia, sino que tambi\u00e9n incluy\u00f3 pr\u00e1cticas detalladas que me permitieron adquirir habilidades cruciales en la interpretaci\u00f3n y manejo de im\u00e1genes radiol\u00f3gicas equinas.<\/p>\n<p>\u00abDecid\u00ed emprender este viaje de capacitaci\u00f3n. Consciente del esfuerzo econ\u00f3mico y personal que esto implica en la actualidad, tom\u00e9 la determinaci\u00f3n de invertir en mi formaci\u00f3n para poder brindar un mejor servicio a mis pacientes. Los d\u00edas 5, 6, 7 y 8 de junio fueron de intenso aprendizaje y dedicaci\u00f3n\u00bb, coment\u00f3 Zubeld\u00eda a su regreso de Mendoza.<\/p>\n<p><strong>Compromiso con la profesi\u00f3n<\/strong><br \/>\n\u00abEstoy profundamente agradecido por esta oportunidad y muy satisfecho con los conocimientos adquiridos. Esta experiencia me ha proporcionado herramientas que aplicar\u00e9 directamente en mi pr\u00e1ctica, garantizando as\u00ed un servicio de alta calidad y comprometido con el bienestar de mis pacientes equinos. Apostar por esta formaci\u00f3n fue una decisi\u00f3n acertada y reafirma mi dedicaci\u00f3n a la medicina veterinaria\u00bb, indic\u00f3.<\/p>\n<p>El curso \u00abRadioXperts\u00bb en Mendoza, organizado por Equarter Argentina y liderado por el Dr. Jairo Jaramillo C\u00e1rdenas, es un testimonio del valor de la educaci\u00f3n continua y especializada en el campo de la medicina veterinaria equina.<\/p>\n<p>\u00abAgradezco profundamente la oportunidad y animo a otros profesionales a seguir apostando por su formaci\u00f3n para ofrecer siempre lo mejor a sus pacientes. Esta experiencia no solo fortaleci\u00f3 mis habilidades, sino que tambi\u00e9n reafirm\u00f3 mi compromiso con una profesi\u00f3n que exige dedicaci\u00f3n y pasi\u00f3n constante\u00bb, concluy\u00f3 Zubeld\u00eda.<\/p>\n<p>Para m\u00e1s informaci\u00f3n sobre el servicio de radiolog\u00eda equina en Veterinaria Zubeld\u00eda y coordinar una visita al establecimiento, los interesados pueden comunicarse al tel\u00e9fono de la veterinaria (<strong>2324582879<\/strong>) o a trav\u00e9s de las redes sociales:\u00a0<strong><a href=\"https:\/\/www.instagram.com\/drbernardozubeldia\/\">https:\/\/www.instagram.com\/drbernardozubeldia\/<\/a><\/strong><\/p>\n<p><img loading=\"lazy\" decoding=\"async\" class=\"alignnone size-full wp-image-138383\" src=\"https:\/\/noticiasmercedinas.com\/site\/wp-content\/uploads\/2024\/06\/EXPERTS.jpeg\" alt=\"\" width=\"1600\" height=\"907\" srcset=\"https:\/\/noticiasmercedinas.com\/site\/wp-content\/uploads\/2024\/06\/EXPERTS.jpeg 1600w, https:\/\/noticiasmercedinas.com\/site\/wp-content\/uploads\/2024\/06\/EXPERTS-300x170.jpeg 300w, https:\/\/noticiasmercedinas.com\/site\/wp-content\/uploads\/2024\/06\/EXPERTS-1024x580.jpeg 1024w, https:\/\/noticiasmercedinas.com\/site\/wp-content\/uploads\/2024\/06\/EXPERTS-768x435.jpeg 768w, https:\/\/noticiasmercedinas.com\/site\/wp-content\/uploads\/2024\/06\/EXPERTS-1536x871.jpeg 1536w, https:\/\/noticiasmercedinas.com\/site\/wp-content\/uploads\/2024\/06\/EXPERTS-640x363.jpeg 640w, https:\/\/noticiasmercedinas.com\/site\/wp-content\/uploads\/2024\/06\/EXPERTS-1280x726.jpeg 1280w, https:\/\/noticiasmercedinas.com\/site\/wp-content\/uploads\/2024\/06\/EXPERTS-681x386.jpeg 681w, https:\/\/noticiasmercedinas.com\/site\/wp-content\/uploads\/2024\/06\/EXPERTS-1362x772.jpeg 1362w\" sizes=\"auto, (max-width: 1600px) 100vw, 1600px\" \/><\/p>\n","protected":false},"excerpt":{"rendered":"<p>En tiempos donde la especializaci\u00f3n y la educaci\u00f3n continua son clave para ofrecer servicios de calidad, el doctor Bernardo Zubeld\u00eda, reconocido m\u00e9dico veterinario de la ciudad de Mercedes, tuvo la oportunidad de participar en una formaci\u00f3n excepcional en la ciudad de Mendoza. Bajo la direcci\u00f3n del Dr. Jairo Jaramillo C\u00e1rdenas, un referente mundial en medicina [&hellip;]<\/p>\n","protected":false},"author":16,"featured_media":138382,"comment_status":"closed","ping_status":"closed","sticky":false,"template":"","format":"standard","meta":{"footnotes":""},"categories":[8992,9527],"tags":[226,18454,18456,18290,18455],"class_list":["post-138381","post","type-post","status-publish","format-standard","has-post-thumbnail","hentry","category-bienestar","category-campo","tag-caballos","tag-equarter-argentina","tag-jairo-jaramillo-cardenas","tag-radiologia-equina","tag-radioxperts"],"yoast_head":"<!-- This site is optimized with the Yoast SEO plugin v27.4 - https:\/\/yoast.com\/product\/yoast-seo-wordpress\/ -->\n<title>Radiolog\u00eda equina: el veterinario Bernardo Zubeldia se capacita en Mendoza con el doctor Jairo Jaramillo C\u00e1rdenas<\/title>\n<meta name=\"robots\" content=\"index, follow, max-snippet:-1, max-image-preview:large, max-video-preview:-1\" \/>\n<link rel=\"canonical\" href=\"https:\/\/noticiasmercedinas.com\/site\/2024\/06\/14\/radiologia-equina-el-veterinario-bernardo-zubeldia-se-capacita-en-mendoza-con-el-doctor-jairo-jaramillo-cardenas\/\" \/>\n<meta property=\"og:locale\" content=\"es_ES\" \/>\n<meta property=\"og:type\" content=\"article\" \/>\n<meta property=\"og:title\" content=\"Radiolog\u00eda equina: el veterinario Bernardo Zubeldia se capacita en Mendoza con el doctor Jairo Jaramillo C\u00e1rdenas\" \/>\n<meta property=\"og:description\" content=\"En tiempos donde la especializaci\u00f3n y la educaci\u00f3n continua son clave para ofrecer servicios de calidad, el doctor Bernardo Zubeld\u00eda, reconocido m\u00e9dico veterinario de la ciudad de Mercedes, tuvo la oportunidad de participar en una formaci\u00f3n excepcional en la ciudad de Mendoza. Bajo la direcci\u00f3n del Dr. Jairo Jaramillo C\u00e1rdenas, un referente mundial en medicina [&hellip;]\" \/>\n<meta property=\"og:url\" content=\"https:\/\/noticiasmercedinas.com\/site\/2024\/06\/14\/radiologia-equina-el-veterinario-bernardo-zubeldia-se-capacita-en-mendoza-con-el-doctor-jairo-jaramillo-cardenas\/\" \/>\n<meta property=\"og:site_name\" content=\"NOTICIASMERCEDINAS.COM\" \/>\n<meta property=\"article:publisher\" content=\"https:\/\/www.facebook.com\/noticiasmercedinas\/\" \/>\n<meta property=\"article:published_time\" content=\"2024-06-14T13:20:58+00:00\" \/>\n<meta property=\"article:modified_time\" content=\"2024-06-14T13:52:55+00:00\" \/>\n<meta property=\"og:image\" content=\"https:\/\/noticiasmercedinas.com\/site\/wp-content\/uploads\/2024\/06\/EQUARTERS.jpg\" \/>\n\t<meta property=\"og:image:width\" content=\"640\" \/>\n\t<meta property=\"og:image:height\" content=\"459\" \/>\n\t<meta property=\"og:image:type\" content=\"image\/jpeg\" \/>\n<meta name=\"author\" content=\"NOTICIASMERCEDINAS.COM\" \/>\n<meta name=\"twitter:card\" content=\"summary_large_image\" \/>\n<meta name=\"twitter:creator\" content=\"@notmercedinas\" \/>\n<meta name=\"twitter:site\" content=\"@notmercedinas\" \/>\n<meta name=\"twitter:label1\" content=\"Escrito por\" \/>\n\t<meta name=\"twitter:data1\" content=\"NOTICIASMERCEDINAS.COM\" \/>\n\t<meta name=\"twitter:label2\" content=\"Tiempo de lectura\" \/>\n\t<meta name=\"twitter:data2\" content=\"2 minutos\" \/>\n<script type=\"application\/ld+json\" class=\"yoast-schema-graph\">{\"@context\":\"https:\\\/\\\/schema.org\",\"@graph\":[{\"@type\":\"Article\",\"@id\":\"https:\\\/\\\/noticiasmercedinas.com\\\/site\\\/2024\\\/06\\\/14\\\/radiologia-equina-el-veterinario-bernardo-zubeldia-se-capacita-en-mendoza-con-el-doctor-jairo-jaramillo-cardenas\\\/#article\",\"isPartOf\":{\"@id\":\"https:\\\/\\\/noticiasmercedinas.com\\\/site\\\/2024\\\/06\\\/14\\\/radiologia-equina-el-veterinario-bernardo-zubeldia-se-capacita-en-mendoza-con-el-doctor-jairo-jaramillo-cardenas\\\/\"},\"author\":{\"name\":\"NOTICIASMERCEDINAS.COM\",\"@id\":\"https:\\\/\\\/noticiasmercedinas.com\\\/site\\\/#\\\/schema\\\/person\\\/84b59c099c28ff2e8b77d4ceec5d8063\"},\"headline\":\"Radiolog\u00eda equina: el veterinario Bernardo Zubeldia se capacita en Mendoza con el doctor Jairo Jaramillo C\u00e1rdenas\",\"datePublished\":\"2024-06-14T13:20:58+00:00\",\"dateModified\":\"2024-06-14T13:52:55+00:00\",\"mainEntityOfPage\":{\"@id\":\"https:\\\/\\\/noticiasmercedinas.com\\\/site\\\/2024\\\/06\\\/14\\\/radiologia-equina-el-veterinario-bernardo-zubeldia-se-capacita-en-mendoza-con-el-doctor-jairo-jaramillo-cardenas\\\/\"},\"wordCount\":440,\"publisher\":{\"@id\":\"https:\\\/\\\/noticiasmercedinas.com\\\/site\\\/#organization\"},\"image\":{\"@id\":\"https:\\\/\\\/noticiasmercedinas.com\\\/site\\\/2024\\\/06\\\/14\\\/radiologia-equina-el-veterinario-bernardo-zubeldia-se-capacita-en-mendoza-con-el-doctor-jairo-jaramillo-cardenas\\\/#primaryimage\"},\"thumbnailUrl\":\"https:\\\/\\\/noticiasmercedinas.com\\\/site\\\/wp-content\\\/uploads\\\/2024\\\/06\\\/EQUARTERS.jpg\",\"keywords\":[\"caballos\",\"Equarter Argentina\",\"Jairo Jaramillo C\u00e1rdenas\",\"Radiolog\u00eda Equina\",\"RadioXperts\"],\"articleSection\":[\"Bienestar\",\"Campo\"],\"inLanguage\":\"es\"},{\"@type\":\"WebPage\",\"@id\":\"https:\\\/\\\/noticiasmercedinas.com\\\/site\\\/2024\\\/06\\\/14\\\/radiologia-equina-el-veterinario-bernardo-zubeldia-se-capacita-en-mendoza-con-el-doctor-jairo-jaramillo-cardenas\\\/\",\"url\":\"https:\\\/\\\/noticiasmercedinas.com\\\/site\\\/2024\\\/06\\\/14\\\/radiologia-equina-el-veterinario-bernardo-zubeldia-se-capacita-en-mendoza-con-el-doctor-jairo-jaramillo-cardenas\\\/\",\"name\":\"Radiolog\u00eda equina: el veterinario Bernardo Zubeldia se capacita en Mendoza con el doctor Jairo Jaramillo C\u00e1rdenas\",\"isPartOf\":{\"@id\":\"https:\\\/\\\/noticiasmercedinas.com\\\/site\\\/#website\"},\"primaryImageOfPage\":{\"@id\":\"https:\\\/\\\/noticiasmercedinas.com\\\/site\\\/2024\\\/06\\\/14\\\/radiologia-equina-el-veterinario-bernardo-zubeldia-se-capacita-en-mendoza-con-el-doctor-jairo-jaramillo-cardenas\\\/#primaryimage\"},\"image\":{\"@id\":\"https:\\\/\\\/noticiasmercedinas.com\\\/site\\\/2024\\\/06\\\/14\\\/radiologia-equina-el-veterinario-bernardo-zubeldia-se-capacita-en-mendoza-con-el-doctor-jairo-jaramillo-cardenas\\\/#primaryimage\"},\"thumbnailUrl\":\"https:\\\/\\\/noticiasmercedinas.com\\\/site\\\/wp-content\\\/uploads\\\/2024\\\/06\\\/EQUARTERS.jpg\",\"datePublished\":\"2024-06-14T13:20:58+00:00\",\"dateModified\":\"2024-06-14T13:52:55+00:00\",\"breadcrumb\":{\"@id\":\"https:\\\/\\\/noticiasmercedinas.com\\\/site\\\/2024\\\/06\\\/14\\\/radiologia-equina-el-veterinario-bernardo-zubeldia-se-capacita-en-mendoza-con-el-doctor-jairo-jaramillo-cardenas\\\/#breadcrumb\"},\"inLanguage\":\"es\",\"potentialAction\":[{\"@type\":\"ReadAction\",\"target\":[\"https:\\\/\\\/noticiasmercedinas.com\\\/site\\\/2024\\\/06\\\/14\\\/radiologia-equina-el-veterinario-bernardo-zubeldia-se-capacita-en-mendoza-con-el-doctor-jairo-jaramillo-cardenas\\\/\"]}]},{\"@type\":\"ImageObject\",\"inLanguage\":\"es\",\"@id\":\"https:\\\/\\\/noticiasmercedinas.com\\\/site\\\/2024\\\/06\\\/14\\\/radiologia-equina-el-veterinario-bernardo-zubeldia-se-capacita-en-mendoza-con-el-doctor-jairo-jaramillo-cardenas\\\/#primaryimage\",\"url\":\"https:\\\/\\\/noticiasmercedinas.com\\\/site\\\/wp-content\\\/uploads\\\/2024\\\/06\\\/EQUARTERS.jpg\",\"contentUrl\":\"https:\\\/\\\/noticiasmercedinas.com\\\/site\\\/wp-content\\\/uploads\\\/2024\\\/06\\\/EQUARTERS.jpg\",\"width\":640,\"height\":459},{\"@type\":\"BreadcrumbList\",\"@id\":\"https:\\\/\\\/noticiasmercedinas.com\\\/site\\\/2024\\\/06\\\/14\\\/radiologia-equina-el-veterinario-bernardo-zubeldia-se-capacita-en-mendoza-con-el-doctor-jairo-jaramillo-cardenas\\\/#breadcrumb\",\"itemListElement\":[{\"@type\":\"ListItem\",\"position\":1,\"name\":\"Portada\",\"item\":\"https:\\\/\\\/noticiasmercedinas.com\\\/site\\\/\"},{\"@type\":\"ListItem\",\"position\":2,\"name\":\"Radiolog\u00eda equina: el veterinario Bernardo Zubeldia se capacita en Mendoza con el doctor Jairo Jaramillo C\u00e1rdenas\"}]},{\"@type\":\"WebSite\",\"@id\":\"https:\\\/\\\/noticiasmercedinas.com\\\/site\\\/#website\",\"url\":\"https:\\\/\\\/noticiasmercedinas.com\\\/site\\\/\",\"name\":\"NOTICIASMERCEDINAS.COM\",\"description\":\"Mercedes, Buenos Aires, Argentina\",\"publisher\":{\"@id\":\"https:\\\/\\\/noticiasmercedinas.com\\\/site\\\/#organization\"},\"potentialAction\":[{\"@type\":\"SearchAction\",\"target\":{\"@type\":\"EntryPoint\",\"urlTemplate\":\"https:\\\/\\\/noticiasmercedinas.com\\\/site\\\/?s={search_term_string}\"},\"query-input\":{\"@type\":\"PropertyValueSpecification\",\"valueRequired\":true,\"valueName\":\"search_term_string\"}}],\"inLanguage\":\"es\"},{\"@type\":\"Organization\",\"@id\":\"https:\\\/\\\/noticiasmercedinas.com\\\/site\\\/#organization\",\"name\":\"NOTICIASMERCEDINAS.COM\",\"url\":\"https:\\\/\\\/noticiasmercedinas.com\\\/site\\\/\",\"logo\":{\"@type\":\"ImageObject\",\"inLanguage\":\"es\",\"@id\":\"https:\\\/\\\/noticiasmercedinas.com\\\/site\\\/#\\\/schema\\\/logo\\\/image\\\/\",\"url\":\"https:\\\/\\\/noticiasmercedinas.com\\\/site\\\/wp-content\\\/uploads\\\/2020\\\/06\\\/LOGO-512.jpg\",\"contentUrl\":\"https:\\\/\\\/noticiasmercedinas.com\\\/site\\\/wp-content\\\/uploads\\\/2020\\\/06\\\/LOGO-512.jpg\",\"width\":512,\"height\":512,\"caption\":\"NOTICIASMERCEDINAS.COM\"},\"image\":{\"@id\":\"https:\\\/\\\/noticiasmercedinas.com\\\/site\\\/#\\\/schema\\\/logo\\\/image\\\/\"},\"sameAs\":[\"https:\\\/\\\/www.facebook.com\\\/noticiasmercedinas\\\/\",\"https:\\\/\\\/x.com\\\/notmercedinas\",\"https:\\\/\\\/www.instagram.com\\\/noticiasmercedinas\\\/\"]},{\"@type\":\"Person\",\"@id\":\"https:\\\/\\\/noticiasmercedinas.com\\\/site\\\/#\\\/schema\\\/person\\\/84b59c099c28ff2e8b77d4ceec5d8063\",\"name\":\"NOTICIASMERCEDINAS.COM\",\"image\":{\"@type\":\"ImageObject\",\"inLanguage\":\"es\",\"@id\":\"https:\\\/\\\/secure.gravatar.com\\\/avatar\\\/4dfbf16b4d17945bfb6341b2d19043457132fcf478a5ee04f42e959fd8f5df0a?s=96&d=mm&r=g\",\"url\":\"https:\\\/\\\/secure.gravatar.com\\\/avatar\\\/4dfbf16b4d17945bfb6341b2d19043457132fcf478a5ee04f42e959fd8f5df0a?s=96&d=mm&r=g\",\"contentUrl\":\"https:\\\/\\\/secure.gravatar.com\\\/avatar\\\/4dfbf16b4d17945bfb6341b2d19043457132fcf478a5ee04f42e959fd8f5df0a?s=96&d=mm&r=g\",\"caption\":\"NOTICIASMERCEDINAS.COM\"},\"url\":\"https:\\\/\\\/noticiasmercedinas.com\\\/site\\\/author\\\/anonimo\\\/\"}]}<\/script>\n<!-- \/ Yoast SEO plugin. -->","yoast_head_json":{"title":"Radiolog\u00eda equina: el veterinario Bernardo Zubeldia se capacita en Mendoza con el doctor Jairo Jaramillo C\u00e1rdenas","robots":{"index":"index","follow":"follow","max-snippet":"max-snippet:-1","max-image-preview":"max-image-preview:large","max-video-preview":"max-video-preview:-1"},"canonical":"https:\/\/noticiasmercedinas.com\/site\/2024\/06\/14\/radiologia-equina-el-veterinario-bernardo-zubeldia-se-capacita-en-mendoza-con-el-doctor-jairo-jaramillo-cardenas\/","og_locale":"es_ES","og_type":"article","og_title":"Radiolog\u00eda equina: el veterinario Bernardo Zubeldia se capacita en Mendoza con el doctor Jairo Jaramillo C\u00e1rdenas","og_description":"En tiempos donde la especializaci\u00f3n y la educaci\u00f3n continua son clave para ofrecer servicios de calidad, el doctor Bernardo Zubeld\u00eda, reconocido m\u00e9dico veterinario de la ciudad de Mercedes, tuvo la oportunidad de participar en una formaci\u00f3n excepcional en la ciudad de Mendoza. Bajo la direcci\u00f3n del Dr. Jairo Jaramillo C\u00e1rdenas, un referente mundial en medicina [&hellip;]","og_url":"https:\/\/noticiasmercedinas.com\/site\/2024\/06\/14\/radiologia-equina-el-veterinario-bernardo-zubeldia-se-capacita-en-mendoza-con-el-doctor-jairo-jaramillo-cardenas\/","og_site_name":"NOTICIASMERCEDINAS.COM","article_publisher":"https:\/\/www.facebook.com\/noticiasmercedinas\/","article_published_time":"2024-06-14T13:20:58+00:00","article_modified_time":"2024-06-14T13:52:55+00:00","og_image":[{"width":640,"height":459,"url":"https:\/\/noticiasmercedinas.com\/site\/wp-content\/uploads\/2024\/06\/EQUARTERS.jpg","type":"image\/jpeg"}],"author":"NOTICIASMERCEDINAS.COM","twitter_card":"summary_large_image","twitter_creator":"@notmercedinas","twitter_site":"@notmercedinas","twitter_misc":{"Escrito por":"NOTICIASMERCEDINAS.COM","Tiempo de lectura":"2 minutos"},"schema":{"@context":"https:\/\/schema.org","@graph":[{"@type":"Article","@id":"https:\/\/noticiasmercedinas.com\/site\/2024\/06\/14\/radiologia-equina-el-veterinario-bernardo-zubeldia-se-capacita-en-mendoza-con-el-doctor-jairo-jaramillo-cardenas\/#article","isPartOf":{"@id":"https:\/\/noticiasmercedinas.com\/site\/2024\/06\/14\/radiologia-equina-el-veterinario-bernardo-zubeldia-se-capacita-en-mendoza-con-el-doctor-jairo-jaramillo-cardenas\/"},"author":{"name":"NOTICIASMERCEDINAS.COM","@id":"https:\/\/noticiasmercedinas.com\/site\/#\/schema\/person\/84b59c099c28ff2e8b77d4ceec5d8063"},"headline":"Radiolog\u00eda equina: el veterinario Bernardo Zubeldia se capacita en Mendoza con el doctor Jairo Jaramillo C\u00e1rdenas","datePublished":"2024-06-14T13:20:58+00:00","dateModified":"2024-06-14T13:52:55+00:00","mainEntityOfPage":{"@id":"https:\/\/noticiasmercedinas.com\/site\/2024\/06\/14\/radiologia-equina-el-veterinario-bernardo-zubeldia-se-capacita-en-mendoza-con-el-doctor-jairo-jaramillo-cardenas\/"},"wordCount":440,"publisher":{"@id":"https:\/\/noticiasmercedinas.com\/site\/#organization"},"image":{"@id":"https:\/\/noticiasmercedinas.com\/site\/2024\/06\/14\/radiologia-equina-el-veterinario-bernardo-zubeldia-se-capacita-en-mendoza-con-el-doctor-jairo-jaramillo-cardenas\/#primaryimage"},"thumbnailUrl":"https:\/\/noticiasmercedinas.com\/site\/wp-content\/uploads\/2024\/06\/EQUARTERS.jpg","keywords":["caballos","Equarter Argentina","Jairo Jaramillo C\u00e1rdenas","Radiolog\u00eda Equina","RadioXperts"],"articleSection":["Bienestar","Campo"],"inLanguage":"es"},{"@type":"WebPage","@id":"https:\/\/noticiasmercedinas.com\/site\/2024\/06\/14\/radiologia-equina-el-veterinario-bernardo-zubeldia-se-capacita-en-mendoza-con-el-doctor-jairo-jaramillo-cardenas\/","url":"https:\/\/noticiasmercedinas.com\/site\/2024\/06\/14\/radiologia-equina-el-veterinario-bernardo-zubeldia-se-capacita-en-mendoza-con-el-doctor-jairo-jaramillo-cardenas\/","name":"Radiolog\u00eda equina: el veterinario Bernardo Zubeldia se capacita en Mendoza con el doctor Jairo Jaramillo C\u00e1rdenas","isPartOf":{"@id":"https:\/\/noticiasmercedinas.com\/site\/#website"},"primaryImageOfPage":{"@id":"https:\/\/noticiasmercedinas.com\/site\/2024\/06\/14\/radiologia-equina-el-veterinario-bernardo-zubeldia-se-capacita-en-mendoza-con-el-doctor-jairo-jaramillo-cardenas\/#primaryimage"},"image":{"@id":"https:\/\/noticiasmercedinas.com\/site\/2024\/06\/14\/radiologia-equina-el-veterinario-bernardo-zubeldia-se-capacita-en-mendoza-con-el-doctor-jairo-jaramillo-cardenas\/#primaryimage"},"thumbnailUrl":"https:\/\/noticiasmercedinas.com\/site\/wp-content\/uploads\/2024\/06\/EQUARTERS.jpg","datePublished":"2024-06-14T13:20:58+00:00","dateModified":"2024-06-14T13:52:55+00:00","breadcrumb":{"@id":"https:\/\/noticiasmercedinas.com\/site\/2024\/06\/14\/radiologia-equina-el-veterinario-bernardo-zubeldia-se-capacita-en-mendoza-con-el-doctor-jairo-jaramillo-cardenas\/#breadcrumb"},"inLanguage":"es","potentialAction":[{"@type":"ReadAction","target":["https:\/\/noticiasmercedinas.com\/site\/2024\/06\/14\/radiologia-equina-el-veterinario-bernardo-zubeldia-se-capacita-en-mendoza-con-el-doctor-jairo-jaramillo-cardenas\/"]}]},{"@type":"ImageObject","inLanguage":"es","@id":"https:\/\/noticiasmercedinas.com\/site\/2024\/06\/14\/radiologia-equina-el-veterinario-bernardo-zubeldia-se-capacita-en-mendoza-con-el-doctor-jairo-jaramillo-cardenas\/#primaryimage","url":"https:\/\/noticiasmercedinas.com\/site\/wp-content\/uploads\/2024\/06\/EQUARTERS.jpg","contentUrl":"https:\/\/noticiasmercedinas.com\/site\/wp-content\/uploads\/2024\/06\/EQUARTERS.jpg","width":640,"height":459},{"@type":"BreadcrumbList","@id":"https:\/\/noticiasmercedinas.com\/site\/2024\/06\/14\/radiologia-equina-el-veterinario-bernardo-zubeldia-se-capacita-en-mendoza-con-el-doctor-jairo-jaramillo-cardenas\/#breadcrumb","itemListElement":[{"@type":"ListItem","position":1,"name":"Portada","item":"https:\/\/noticiasmercedinas.com\/site\/"},{"@type":"ListItem","position":2,"name":"Radiolog\u00eda equina: el veterinario Bernardo Zubeldia se capacita en Mendoza con el doctor Jairo Jaramillo C\u00e1rdenas"}]},{"@type":"WebSite","@id":"https:\/\/noticiasmercedinas.com\/site\/#website","url":"https:\/\/noticiasmercedinas.com\/site\/","name":"NOTICIASMERCEDINAS.COM","description":"Mercedes, Buenos Aires, Argentina","publisher":{"@id":"https:\/\/noticiasmercedinas.com\/site\/#organization"},"potentialAction":[{"@type":"SearchAction","target":{"@type":"EntryPoint","urlTemplate":"https:\/\/noticiasmercedinas.com\/site\/?s={search_term_string}"},"query-input":{"@type":"PropertyValueSpecification","valueRequired":true,"valueName":"search_term_string"}}],"inLanguage":"es"},{"@type":"Organization","@id":"https:\/\/noticiasmercedinas.com\/site\/#organization","name":"NOTICIASMERCEDINAS.COM","url":"https:\/\/noticiasmercedinas.com\/site\/","logo":{"@type":"ImageObject","inLanguage":"es","@id":"https:\/\/noticiasmercedinas.com\/site\/#\/schema\/logo\/image\/","url":"https:\/\/noticiasmercedinas.com\/site\/wp-content\/uploads\/2020\/06\/LOGO-512.jpg","contentUrl":"https:\/\/noticiasmercedinas.com\/site\/wp-content\/uploads\/2020\/06\/LOGO-512.jpg","width":512,"height":512,"caption":"NOTICIASMERCEDINAS.COM"},"image":{"@id":"https:\/\/noticiasmercedinas.com\/site\/#\/schema\/logo\/image\/"},"sameAs":["https:\/\/www.facebook.com\/noticiasmercedinas\/","https:\/\/x.com\/notmercedinas","https:\/\/www.instagram.com\/noticiasmercedinas\/"]},{"@type":"Person","@id":"https:\/\/noticiasmercedinas.com\/site\/#\/schema\/person\/84b59c099c28ff2e8b77d4ceec5d8063","name":"NOTICIASMERCEDINAS.COM","image":{"@type":"ImageObject","inLanguage":"es","@id":"https:\/\/secure.gravatar.com\/avatar\/4dfbf16b4d17945bfb6341b2d19043457132fcf478a5ee04f42e959fd8f5df0a?s=96&d=mm&r=g","url":"https:\/\/secure.gravatar.com\/avatar\/4dfbf16b4d17945bfb6341b2d19043457132fcf478a5ee04f42e959fd8f5df0a?s=96&d=mm&r=g","contentUrl":"https:\/\/secure.gravatar.com\/avatar\/4dfbf16b4d17945bfb6341b2d19043457132fcf478a5ee04f42e959fd8f5df0a?s=96&d=mm&r=g","caption":"NOTICIASMERCEDINAS.COM"},"url":"https:\/\/noticiasmercedinas.com\/site\/author\/anonimo\/"}]}},"amp_enabled":true,"_links":{"self":[{"href":"https:\/\/noticiasmercedinas.com\/site\/wp-json\/wp\/v2\/posts\/138381","targetHints":{"allow":["GET"]}}],"collection":[{"href":"https:\/\/noticiasmercedinas.com\/site\/wp-json\/wp\/v2\/posts"}],"about":[{"href":"https:\/\/noticiasmercedinas.com\/site\/wp-json\/wp\/v2\/types\/post"}],"author":[{"embeddable":true,"href":"https:\/\/noticiasmercedinas.com\/site\/wp-json\/wp\/v2\/users\/16"}],"replies":[{"embeddable":true,"href":"https:\/\/noticiasmercedinas.com\/site\/wp-json\/wp\/v2\/comments?post=138381"}],"version-history":[{"count":2,"href":"https:\/\/noticiasmercedinas.com\/site\/wp-json\/wp\/v2\/posts\/138381\/revisions"}],"predecessor-version":[{"id":138385,"href":"https:\/\/noticiasmercedinas.com\/site\/wp-json\/wp\/v2\/posts\/138381\/revisions\/138385"}],"wp:featuredmedia":[{"embeddable":true,"href":"https:\/\/noticiasmercedinas.com\/site\/wp-json\/wp\/v2\/media\/138382"}],"wp:attachment":[{"href":"https:\/\/noticiasmercedinas.com\/site\/wp-json\/wp\/v2\/media?parent=138381"}],"wp:term":[{"taxonomy":"category","embeddable":true,"href":"https:\/\/noticiasmercedinas.com\/site\/wp-json\/wp\/v2\/categories?post=138381"},{"taxonomy":"post_tag","embeddable":true,"href":"https:\/\/noticiasmercedinas.com\/site\/wp-json\/wp\/v2\/tags?post=138381"}],"curies":[{"name":"wp","href":"https:\/\/api.w.org\/{rel}","templated":true}]}}