{"id":138538,"date":"2024-06-16T20:43:35","date_gmt":"2024-06-16T23:43:35","guid":{"rendered":"https:\/\/noticiasmercedinas.com\/site\/?p=138538"},"modified":"2024-06-16T20:43:35","modified_gmt":"2024-06-16T23:43:35","slug":"llego-a-la-ciudad-de-mercedes-el-movil-rutas-en-rojo","status":"publish","type":"post","link":"https:\/\/noticiasmercedinas.com\/site\/2024\/06\/16\/llego-a-la-ciudad-de-mercedes-el-movil-rutas-en-rojo\/","title":{"rendered":"Lleg\u00f3 a la ciudad de Mercedes el m\u00f3vil \u00abRutas en Rojo\u00bb"},"content":{"rendered":"<p><img loading=\"lazy\" decoding=\"async\" class=\"alignnone size-full wp-image-138545\" src=\"https:\/\/noticiasmercedinas.com\/site\/wp-content\/uploads\/2024\/06\/RutasEnRojo-e1718581267971.jpg\" alt=\"\" width=\"1100\" height=\"506\" srcset=\"https:\/\/noticiasmercedinas.com\/site\/wp-content\/uploads\/2024\/06\/RutasEnRojo-e1718581267971.jpg 1100w, https:\/\/noticiasmercedinas.com\/site\/wp-content\/uploads\/2024\/06\/RutasEnRojo-e1718581267971-300x138.jpg 300w, https:\/\/noticiasmercedinas.com\/site\/wp-content\/uploads\/2024\/06\/RutasEnRojo-e1718581267971-1024x471.jpg 1024w, https:\/\/noticiasmercedinas.com\/site\/wp-content\/uploads\/2024\/06\/RutasEnRojo-e1718581267971-768x353.jpg 768w, https:\/\/noticiasmercedinas.com\/site\/wp-content\/uploads\/2024\/06\/RutasEnRojo-e1718581267971-640x294.jpg 640w, https:\/\/noticiasmercedinas.com\/site\/wp-content\/uploads\/2024\/06\/RutasEnRojo-e1718581267971-681x313.jpg 681w\" sizes=\"auto, (max-width: 1100px) 100vw, 1100px\" \/><\/p>\n<p>La ciudad de Mercedes recibe al innovador <strong>M\u00f3vil Rutas en Rojo<\/strong>, un cami\u00f3n equipado para ofrecer informaci\u00f3n, pruebas y actividades formativas relacionadas con la seguridad vial.<\/p>\n<p>Esta iniciativa, impulsada por <strong>Sancor Seguros<\/strong> en colaboraci\u00f3n con el \u00e1rea vial de la Secretar\u00eda de Seguridad municipal, tiene como objetivo educar y concientizar tanto a conductores actuales como a futuros, incluyendo a menores de edad.<\/p>\n<p>El M\u00f3vil Rutas en Rojo est\u00e1 ubicado en la emblem\u00e1tica Plaza San Mart\u00edn y est\u00e1 abierto a todo el p\u00fablico. A trav\u00e9s de diversas actividades y test, se busca promover una conducci\u00f3n segura y responsable.<\/p>\n<p>Los test ofrecidos est\u00e1n disponibles para personas mayores de 16 a\u00f1os y alumnos secundarios a partir de 4\u00b0 a\u00f1o, quienes deben estar acompa\u00f1ados por responsables de sus respectivos establecimientos educativos. Cabe destacar que no es necesario saber conducir para participar en estos test.<\/p>\n<p><strong>Test Psicof\u00edsico<\/strong><br \/>\nEl Test Psicof\u00edsico eval\u00faa varias capacidades cr\u00edticas para la conducci\u00f3n segura:<br \/>\n&#8211; Agudeza Visual<br \/>\n&#8211; Visi\u00f3n de bajo contraste<br \/>\n&#8211; Agudeza auditiva<br \/>\n&#8211; Concentraci\u00f3n y fatiga<br \/>\n&#8211; Coordinaci\u00f3n y reacci\u00f3n<br \/>\n&#8211; Test Cognitivo<\/p>\n<p>El Test Cognitivo se basa en cortos de animaci\u00f3n que presentan situaciones de tr\u00e1nsito, invitando a los participantes a elegir las respuestas correctas mediante un sistema de opci\u00f3n m\u00faltiple.<\/p>\n<p><strong>Las tem\u00e1ticas abordadas incluyen:<\/strong><br \/>\n-Relaci\u00f3n con peatones, ciclistas y motociclistas<br \/>\n-Interacci\u00f3n con otros veh\u00edculos<br \/>\n-Interpretaci\u00f3n de se\u00f1ales de tr\u00e1nsito<br \/>\n-Medidas de seguridad vial<\/p>\n<p><strong>M\u00e1s informaci\u00f3n<\/strong><br \/>\nPara obtener m\u00e1s detalles sobre esta iniciativa y los recursos disponibles, se puede visitar el sitio web <a href=\"http:\/\/www.rutasenrojo.com.ar\">www.rutasenrojo.com.ar<\/a><\/p>\n<p><img loading=\"lazy\" decoding=\"async\" class=\"alignnone size-full wp-image-138544\" src=\"https:\/\/noticiasmercedinas.com\/site\/wp-content\/uploads\/2024\/06\/Camion.jpg\" alt=\"\" width=\"1280\" height=\"896\" srcset=\"https:\/\/noticiasmercedinas.com\/site\/wp-content\/uploads\/2024\/06\/Camion.jpg 1280w, https:\/\/noticiasmercedinas.com\/site\/wp-content\/uploads\/2024\/06\/Camion-300x210.jpg 300w, https:\/\/noticiasmercedinas.com\/site\/wp-content\/uploads\/2024\/06\/Camion-1024x717.jpg 1024w, https:\/\/noticiasmercedinas.com\/site\/wp-content\/uploads\/2024\/06\/Camion-768x538.jpg 768w, https:\/\/noticiasmercedinas.com\/site\/wp-content\/uploads\/2024\/06\/Camion-640x448.jpg 640w, https:\/\/noticiasmercedinas.com\/site\/wp-content\/uploads\/2024\/06\/Camion-681x477.jpg 681w\" sizes=\"auto, (max-width: 1280px) 100vw, 1280px\" \/><\/p>\n","protected":false},"excerpt":{"rendered":"<p>\u25a0 Est\u00e1 en la Plaza San Mart\u00edn y est\u00e1 abierto a todo el p\u00fablico. A trav\u00e9s de diversas actividades y test, se busca promover una conducci\u00f3n segura y responsable.<\/p>\n","protected":false},"author":16,"featured_media":138545,"comment_status":"closed","ping_status":"closed","sticky":false,"template":"","format":"standard","meta":{"footnotes":""},"categories":[74,7],"tags":[10958,47],"class_list":["post-138538","post","type-post","status-publish","format-standard","has-post-thumbnail","hentry","category-emprendimientos","category-policiales","tag-sancor-seguros","tag-seguridad"],"yoast_head":"<!-- This site is optimized with the Yoast SEO plugin v27.5 - https:\/\/yoast.com\/product\/yoast-seo-wordpress\/ -->\n<title>Lleg\u00f3 a la ciudad de Mercedes el m\u00f3vil &quot;Rutas en Rojo&quot;<\/title>\n<meta name=\"robots\" content=\"index, follow, max-snippet:-1, max-image-preview:large, max-video-preview:-1\" \/>\n<link rel=\"canonical\" href=\"https:\/\/noticiasmercedinas.com\/site\/2024\/06\/16\/llego-a-la-ciudad-de-mercedes-el-movil-rutas-en-rojo\/\" \/>\n<meta property=\"og:locale\" content=\"es_ES\" \/>\n<meta property=\"og:type\" content=\"article\" \/>\n<meta property=\"og:title\" content=\"Lleg\u00f3 a la ciudad de Mercedes el m\u00f3vil &quot;Rutas en Rojo&quot;\" \/>\n<meta property=\"og:description\" content=\"\u25a0 Est\u00e1 en la Plaza San Mart\u00edn y est\u00e1 abierto a todo el p\u00fablico. A trav\u00e9s de diversas actividades y test, se busca promover una conducci\u00f3n segura y responsable.\" \/>\n<meta property=\"og:url\" content=\"https:\/\/noticiasmercedinas.com\/site\/2024\/06\/16\/llego-a-la-ciudad-de-mercedes-el-movil-rutas-en-rojo\/\" \/>\n<meta property=\"og:site_name\" content=\"NOTICIASMERCEDINAS.COM\" \/>\n<meta property=\"article:publisher\" content=\"https:\/\/www.facebook.com\/noticiasmercedinas\/\" \/>\n<meta property=\"article:published_time\" content=\"2024-06-16T23:43:35+00:00\" \/>\n<meta property=\"og:image\" content=\"https:\/\/noticiasmercedinas.com\/site\/wp-content\/uploads\/2024\/06\/RutasEnRojo-e1718581267971.jpg\" \/>\n\t<meta property=\"og:image:width\" content=\"1100\" \/>\n\t<meta property=\"og:image:height\" content=\"506\" \/>\n\t<meta property=\"og:image:type\" content=\"image\/jpeg\" \/>\n<meta name=\"author\" content=\"NOTICIASMERCEDINAS.COM\" \/>\n<meta name=\"twitter:card\" content=\"summary_large_image\" \/>\n<meta name=\"twitter:creator\" content=\"@notmercedinas\" \/>\n<meta name=\"twitter:site\" content=\"@notmercedinas\" \/>\n<meta name=\"twitter:label1\" content=\"Escrito por\" \/>\n\t<meta name=\"twitter:data1\" content=\"NOTICIASMERCEDINAS.COM\" \/>\n\t<meta name=\"twitter:label2\" content=\"Tiempo de lectura\" \/>\n\t<meta name=\"twitter:data2\" content=\"1 minuto\" \/>\n<script type=\"application\/ld+json\" class=\"yoast-schema-graph\">{\"@context\":\"https:\\\/\\\/schema.org\",\"@graph\":[{\"@type\":\"Article\",\"@id\":\"https:\\\/\\\/noticiasmercedinas.com\\\/site\\\/2024\\\/06\\\/16\\\/llego-a-la-ciudad-de-mercedes-el-movil-rutas-en-rojo\\\/#article\",\"isPartOf\":{\"@id\":\"https:\\\/\\\/noticiasmercedinas.com\\\/site\\\/2024\\\/06\\\/16\\\/llego-a-la-ciudad-de-mercedes-el-movil-rutas-en-rojo\\\/\"},\"author\":{\"name\":\"NOTICIASMERCEDINAS.COM\",\"@id\":\"https:\\\/\\\/noticiasmercedinas.com\\\/site\\\/#\\\/schema\\\/person\\\/84b59c099c28ff2e8b77d4ceec5d8063\"},\"headline\":\"Lleg\u00f3 a la ciudad de Mercedes el m\u00f3vil \u00abRutas en Rojo\u00bb\",\"datePublished\":\"2024-06-16T23:43:35+00:00\",\"mainEntityOfPage\":{\"@id\":\"https:\\\/\\\/noticiasmercedinas.com\\\/site\\\/2024\\\/06\\\/16\\\/llego-a-la-ciudad-de-mercedes-el-movil-rutas-en-rojo\\\/\"},\"wordCount\":298,\"publisher\":{\"@id\":\"https:\\\/\\\/noticiasmercedinas.com\\\/site\\\/#organization\"},\"image\":{\"@id\":\"https:\\\/\\\/noticiasmercedinas.com\\\/site\\\/2024\\\/06\\\/16\\\/llego-a-la-ciudad-de-mercedes-el-movil-rutas-en-rojo\\\/#primaryimage\"},\"thumbnailUrl\":\"https:\\\/\\\/noticiasmercedinas.com\\\/site\\\/wp-content\\\/uploads\\\/2024\\\/06\\\/RutasEnRojo-e1718581267971.jpg\",\"keywords\":[\"sancor seguros\",\"seguridad\"],\"articleSection\":[\"Emprendimientos\",\"Seguridad\"],\"inLanguage\":\"es\"},{\"@type\":\"WebPage\",\"@id\":\"https:\\\/\\\/noticiasmercedinas.com\\\/site\\\/2024\\\/06\\\/16\\\/llego-a-la-ciudad-de-mercedes-el-movil-rutas-en-rojo\\\/\",\"url\":\"https:\\\/\\\/noticiasmercedinas.com\\\/site\\\/2024\\\/06\\\/16\\\/llego-a-la-ciudad-de-mercedes-el-movil-rutas-en-rojo\\\/\",\"name\":\"Lleg\u00f3 a la ciudad de Mercedes el m\u00f3vil \\\"Rutas en Rojo\\\"\",\"isPartOf\":{\"@id\":\"https:\\\/\\\/noticiasmercedinas.com\\\/site\\\/#website\"},\"primaryImageOfPage\":{\"@id\":\"https:\\\/\\\/noticiasmercedinas.com\\\/site\\\/2024\\\/06\\\/16\\\/llego-a-la-ciudad-de-mercedes-el-movil-rutas-en-rojo\\\/#primaryimage\"},\"image\":{\"@id\":\"https:\\\/\\\/noticiasmercedinas.com\\\/site\\\/2024\\\/06\\\/16\\\/llego-a-la-ciudad-de-mercedes-el-movil-rutas-en-rojo\\\/#primaryimage\"},\"thumbnailUrl\":\"https:\\\/\\\/noticiasmercedinas.com\\\/site\\\/wp-content\\\/uploads\\\/2024\\\/06\\\/RutasEnRojo-e1718581267971.jpg\",\"datePublished\":\"2024-06-16T23:43:35+00:00\",\"breadcrumb\":{\"@id\":\"https:\\\/\\\/noticiasmercedinas.com\\\/site\\\/2024\\\/06\\\/16\\\/llego-a-la-ciudad-de-mercedes-el-movil-rutas-en-rojo\\\/#breadcrumb\"},\"inLanguage\":\"es\",\"potentialAction\":[{\"@type\":\"ReadAction\",\"target\":[\"https:\\\/\\\/noticiasmercedinas.com\\\/site\\\/2024\\\/06\\\/16\\\/llego-a-la-ciudad-de-mercedes-el-movil-rutas-en-rojo\\\/\"]}]},{\"@type\":\"ImageObject\",\"inLanguage\":\"es\",\"@id\":\"https:\\\/\\\/noticiasmercedinas.com\\\/site\\\/2024\\\/06\\\/16\\\/llego-a-la-ciudad-de-mercedes-el-movil-rutas-en-rojo\\\/#primaryimage\",\"url\":\"https:\\\/\\\/noticiasmercedinas.com\\\/site\\\/wp-content\\\/uploads\\\/2024\\\/06\\\/RutasEnRojo-e1718581267971.jpg\",\"contentUrl\":\"https:\\\/\\\/noticiasmercedinas.com\\\/site\\\/wp-content\\\/uploads\\\/2024\\\/06\\\/RutasEnRojo-e1718581267971.jpg\",\"width\":1100,\"height\":506},{\"@type\":\"BreadcrumbList\",\"@id\":\"https:\\\/\\\/noticiasmercedinas.com\\\/site\\\/2024\\\/06\\\/16\\\/llego-a-la-ciudad-de-mercedes-el-movil-rutas-en-rojo\\\/#breadcrumb\",\"itemListElement\":[{\"@type\":\"ListItem\",\"position\":1,\"name\":\"Portada\",\"item\":\"https:\\\/\\\/noticiasmercedinas.com\\\/site\\\/\"},{\"@type\":\"ListItem\",\"position\":2,\"name\":\"Lleg\u00f3 a la ciudad de Mercedes el m\u00f3vil \u00abRutas en Rojo\u00bb\"}]},{\"@type\":\"WebSite\",\"@id\":\"https:\\\/\\\/noticiasmercedinas.com\\\/site\\\/#website\",\"url\":\"https:\\\/\\\/noticiasmercedinas.com\\\/site\\\/\",\"name\":\"NOTICIASMERCEDINAS.COM\",\"description\":\"Mercedes, Buenos Aires, Argentina\",\"publisher\":{\"@id\":\"https:\\\/\\\/noticiasmercedinas.com\\\/site\\\/#organization\"},\"potentialAction\":[{\"@type\":\"SearchAction\",\"target\":{\"@type\":\"EntryPoint\",\"urlTemplate\":\"https:\\\/\\\/noticiasmercedinas.com\\\/site\\\/?s={search_term_string}\"},\"query-input\":{\"@type\":\"PropertyValueSpecification\",\"valueRequired\":true,\"valueName\":\"search_term_string\"}}],\"inLanguage\":\"es\"},{\"@type\":\"Organization\",\"@id\":\"https:\\\/\\\/noticiasmercedinas.com\\\/site\\\/#organization\",\"name\":\"NOTICIASMERCEDINAS.COM\",\"url\":\"https:\\\/\\\/noticiasmercedinas.com\\\/site\\\/\",\"logo\":{\"@type\":\"ImageObject\",\"inLanguage\":\"es\",\"@id\":\"https:\\\/\\\/noticiasmercedinas.com\\\/site\\\/#\\\/schema\\\/logo\\\/image\\\/\",\"url\":\"https:\\\/\\\/noticiasmercedinas.com\\\/site\\\/wp-content\\\/uploads\\\/2020\\\/06\\\/LOGO-512.jpg\",\"contentUrl\":\"https:\\\/\\\/noticiasmercedinas.com\\\/site\\\/wp-content\\\/uploads\\\/2020\\\/06\\\/LOGO-512.jpg\",\"width\":512,\"height\":512,\"caption\":\"NOTICIASMERCEDINAS.COM\"},\"image\":{\"@id\":\"https:\\\/\\\/noticiasmercedinas.com\\\/site\\\/#\\\/schema\\\/logo\\\/image\\\/\"},\"sameAs\":[\"https:\\\/\\\/www.facebook.com\\\/noticiasmercedinas\\\/\",\"https:\\\/\\\/x.com\\\/notmercedinas\",\"https:\\\/\\\/www.instagram.com\\\/noticiasmercedinas\\\/\"]},{\"@type\":\"Person\",\"@id\":\"https:\\\/\\\/noticiasmercedinas.com\\\/site\\\/#\\\/schema\\\/person\\\/84b59c099c28ff2e8b77d4ceec5d8063\",\"name\":\"NOTICIASMERCEDINAS.COM\",\"image\":{\"@type\":\"ImageObject\",\"inLanguage\":\"es\",\"@id\":\"https:\\\/\\\/secure.gravatar.com\\\/avatar\\\/4dfbf16b4d17945bfb6341b2d19043457132fcf478a5ee04f42e959fd8f5df0a?s=96&d=mm&r=g\",\"url\":\"https:\\\/\\\/secure.gravatar.com\\\/avatar\\\/4dfbf16b4d17945bfb6341b2d19043457132fcf478a5ee04f42e959fd8f5df0a?s=96&d=mm&r=g\",\"contentUrl\":\"https:\\\/\\\/secure.gravatar.com\\\/avatar\\\/4dfbf16b4d17945bfb6341b2d19043457132fcf478a5ee04f42e959fd8f5df0a?s=96&d=mm&r=g\",\"caption\":\"NOTICIASMERCEDINAS.COM\"},\"url\":\"https:\\\/\\\/noticiasmercedinas.com\\\/site\\\/author\\\/anonimo\\\/\"}]}<\/script>\n<!-- \/ Yoast SEO plugin. -->","yoast_head_json":{"title":"Lleg\u00f3 a la ciudad de Mercedes el m\u00f3vil \"Rutas en Rojo\"","robots":{"index":"index","follow":"follow","max-snippet":"max-snippet:-1","max-image-preview":"max-image-preview:large","max-video-preview":"max-video-preview:-1"},"canonical":"https:\/\/noticiasmercedinas.com\/site\/2024\/06\/16\/llego-a-la-ciudad-de-mercedes-el-movil-rutas-en-rojo\/","og_locale":"es_ES","og_type":"article","og_title":"Lleg\u00f3 a la ciudad de Mercedes el m\u00f3vil \"Rutas en Rojo\"","og_description":"\u25a0 Est\u00e1 en la Plaza San Mart\u00edn y est\u00e1 abierto a todo el p\u00fablico. A trav\u00e9s de diversas actividades y test, se busca promover una conducci\u00f3n segura y responsable.","og_url":"https:\/\/noticiasmercedinas.com\/site\/2024\/06\/16\/llego-a-la-ciudad-de-mercedes-el-movil-rutas-en-rojo\/","og_site_name":"NOTICIASMERCEDINAS.COM","article_publisher":"https:\/\/www.facebook.com\/noticiasmercedinas\/","article_published_time":"2024-06-16T23:43:35+00:00","og_image":[{"width":1100,"height":506,"url":"https:\/\/noticiasmercedinas.com\/site\/wp-content\/uploads\/2024\/06\/RutasEnRojo-e1718581267971.jpg","type":"image\/jpeg"}],"author":"NOTICIASMERCEDINAS.COM","twitter_card":"summary_large_image","twitter_creator":"@notmercedinas","twitter_site":"@notmercedinas","twitter_misc":{"Escrito por":"NOTICIASMERCEDINAS.COM","Tiempo de lectura":"1 minuto"},"schema":{"@context":"https:\/\/schema.org","@graph":[{"@type":"Article","@id":"https:\/\/noticiasmercedinas.com\/site\/2024\/06\/16\/llego-a-la-ciudad-de-mercedes-el-movil-rutas-en-rojo\/#article","isPartOf":{"@id":"https:\/\/noticiasmercedinas.com\/site\/2024\/06\/16\/llego-a-la-ciudad-de-mercedes-el-movil-rutas-en-rojo\/"},"author":{"name":"NOTICIASMERCEDINAS.COM","@id":"https:\/\/noticiasmercedinas.com\/site\/#\/schema\/person\/84b59c099c28ff2e8b77d4ceec5d8063"},"headline":"Lleg\u00f3 a la ciudad de Mercedes el m\u00f3vil \u00abRutas en Rojo\u00bb","datePublished":"2024-06-16T23:43:35+00:00","mainEntityOfPage":{"@id":"https:\/\/noticiasmercedinas.com\/site\/2024\/06\/16\/llego-a-la-ciudad-de-mercedes-el-movil-rutas-en-rojo\/"},"wordCount":298,"publisher":{"@id":"https:\/\/noticiasmercedinas.com\/site\/#organization"},"image":{"@id":"https:\/\/noticiasmercedinas.com\/site\/2024\/06\/16\/llego-a-la-ciudad-de-mercedes-el-movil-rutas-en-rojo\/#primaryimage"},"thumbnailUrl":"https:\/\/noticiasmercedinas.com\/site\/wp-content\/uploads\/2024\/06\/RutasEnRojo-e1718581267971.jpg","keywords":["sancor seguros","seguridad"],"articleSection":["Emprendimientos","Seguridad"],"inLanguage":"es"},{"@type":"WebPage","@id":"https:\/\/noticiasmercedinas.com\/site\/2024\/06\/16\/llego-a-la-ciudad-de-mercedes-el-movil-rutas-en-rojo\/","url":"https:\/\/noticiasmercedinas.com\/site\/2024\/06\/16\/llego-a-la-ciudad-de-mercedes-el-movil-rutas-en-rojo\/","name":"Lleg\u00f3 a la ciudad de Mercedes el m\u00f3vil \"Rutas en Rojo\"","isPartOf":{"@id":"https:\/\/noticiasmercedinas.com\/site\/#website"},"primaryImageOfPage":{"@id":"https:\/\/noticiasmercedinas.com\/site\/2024\/06\/16\/llego-a-la-ciudad-de-mercedes-el-movil-rutas-en-rojo\/#primaryimage"},"image":{"@id":"https:\/\/noticiasmercedinas.com\/site\/2024\/06\/16\/llego-a-la-ciudad-de-mercedes-el-movil-rutas-en-rojo\/#primaryimage"},"thumbnailUrl":"https:\/\/noticiasmercedinas.com\/site\/wp-content\/uploads\/2024\/06\/RutasEnRojo-e1718581267971.jpg","datePublished":"2024-06-16T23:43:35+00:00","breadcrumb":{"@id":"https:\/\/noticiasmercedinas.com\/site\/2024\/06\/16\/llego-a-la-ciudad-de-mercedes-el-movil-rutas-en-rojo\/#breadcrumb"},"inLanguage":"es","potentialAction":[{"@type":"ReadAction","target":["https:\/\/noticiasmercedinas.com\/site\/2024\/06\/16\/llego-a-la-ciudad-de-mercedes-el-movil-rutas-en-rojo\/"]}]},{"@type":"ImageObject","inLanguage":"es","@id":"https:\/\/noticiasmercedinas.com\/site\/2024\/06\/16\/llego-a-la-ciudad-de-mercedes-el-movil-rutas-en-rojo\/#primaryimage","url":"https:\/\/noticiasmercedinas.com\/site\/wp-content\/uploads\/2024\/06\/RutasEnRojo-e1718581267971.jpg","contentUrl":"https:\/\/noticiasmercedinas.com\/site\/wp-content\/uploads\/2024\/06\/RutasEnRojo-e1718581267971.jpg","width":1100,"height":506},{"@type":"BreadcrumbList","@id":"https:\/\/noticiasmercedinas.com\/site\/2024\/06\/16\/llego-a-la-ciudad-de-mercedes-el-movil-rutas-en-rojo\/#breadcrumb","itemListElement":[{"@type":"ListItem","position":1,"name":"Portada","item":"https:\/\/noticiasmercedinas.com\/site\/"},{"@type":"ListItem","position":2,"name":"Lleg\u00f3 a la ciudad de Mercedes el m\u00f3vil \u00abRutas en Rojo\u00bb"}]},{"@type":"WebSite","@id":"https:\/\/noticiasmercedinas.com\/site\/#website","url":"https:\/\/noticiasmercedinas.com\/site\/","name":"NOTICIASMERCEDINAS.COM","description":"Mercedes, Buenos Aires, Argentina","publisher":{"@id":"https:\/\/noticiasmercedinas.com\/site\/#organization"},"potentialAction":[{"@type":"SearchAction","target":{"@type":"EntryPoint","urlTemplate":"https:\/\/noticiasmercedinas.com\/site\/?s={search_term_string}"},"query-input":{"@type":"PropertyValueSpecification","valueRequired":true,"valueName":"search_term_string"}}],"inLanguage":"es"},{"@type":"Organization","@id":"https:\/\/noticiasmercedinas.com\/site\/#organization","name":"NOTICIASMERCEDINAS.COM","url":"https:\/\/noticiasmercedinas.com\/site\/","logo":{"@type":"ImageObject","inLanguage":"es","@id":"https:\/\/noticiasmercedinas.com\/site\/#\/schema\/logo\/image\/","url":"https:\/\/noticiasmercedinas.com\/site\/wp-content\/uploads\/2020\/06\/LOGO-512.jpg","contentUrl":"https:\/\/noticiasmercedinas.com\/site\/wp-content\/uploads\/2020\/06\/LOGO-512.jpg","width":512,"height":512,"caption":"NOTICIASMERCEDINAS.COM"},"image":{"@id":"https:\/\/noticiasmercedinas.com\/site\/#\/schema\/logo\/image\/"},"sameAs":["https:\/\/www.facebook.com\/noticiasmercedinas\/","https:\/\/x.com\/notmercedinas","https:\/\/www.instagram.com\/noticiasmercedinas\/"]},{"@type":"Person","@id":"https:\/\/noticiasmercedinas.com\/site\/#\/schema\/person\/84b59c099c28ff2e8b77d4ceec5d8063","name":"NOTICIASMERCEDINAS.COM","image":{"@type":"ImageObject","inLanguage":"es","@id":"https:\/\/secure.gravatar.com\/avatar\/4dfbf16b4d17945bfb6341b2d19043457132fcf478a5ee04f42e959fd8f5df0a?s=96&d=mm&r=g","url":"https:\/\/secure.gravatar.com\/avatar\/4dfbf16b4d17945bfb6341b2d19043457132fcf478a5ee04f42e959fd8f5df0a?s=96&d=mm&r=g","contentUrl":"https:\/\/secure.gravatar.com\/avatar\/4dfbf16b4d17945bfb6341b2d19043457132fcf478a5ee04f42e959fd8f5df0a?s=96&d=mm&r=g","caption":"NOTICIASMERCEDINAS.COM"},"url":"https:\/\/noticiasmercedinas.com\/site\/author\/anonimo\/"}]}},"amp_enabled":true,"_links":{"self":[{"href":"https:\/\/noticiasmercedinas.com\/site\/wp-json\/wp\/v2\/posts\/138538","targetHints":{"allow":["GET"]}}],"collection":[{"href":"https:\/\/noticiasmercedinas.com\/site\/wp-json\/wp\/v2\/posts"}],"about":[{"href":"https:\/\/noticiasmercedinas.com\/site\/wp-json\/wp\/v2\/types\/post"}],"author":[{"embeddable":true,"href":"https:\/\/noticiasmercedinas.com\/site\/wp-json\/wp\/v2\/users\/16"}],"replies":[{"embeddable":true,"href":"https:\/\/noticiasmercedinas.com\/site\/wp-json\/wp\/v2\/comments?post=138538"}],"version-history":[{"count":1,"href":"https:\/\/noticiasmercedinas.com\/site\/wp-json\/wp\/v2\/posts\/138538\/revisions"}],"predecessor-version":[{"id":138546,"href":"https:\/\/noticiasmercedinas.com\/site\/wp-json\/wp\/v2\/posts\/138538\/revisions\/138546"}],"wp:featuredmedia":[{"embeddable":true,"href":"https:\/\/noticiasmercedinas.com\/site\/wp-json\/wp\/v2\/media\/138545"}],"wp:attachment":[{"href":"https:\/\/noticiasmercedinas.com\/site\/wp-json\/wp\/v2\/media?parent=138538"}],"wp:term":[{"taxonomy":"category","embeddable":true,"href":"https:\/\/noticiasmercedinas.com\/site\/wp-json\/wp\/v2\/categories?post=138538"},{"taxonomy":"post_tag","embeddable":true,"href":"https:\/\/noticiasmercedinas.com\/site\/wp-json\/wp\/v2\/tags?post=138538"}],"curies":[{"name":"wp","href":"https:\/\/api.w.org\/{rel}","templated":true}]}}