{"id":139049,"date":"2024-06-26T09:14:09","date_gmt":"2024-06-26T12:14:09","guid":{"rendered":"https:\/\/noticiasmercedinas.com\/site\/?p=139049"},"modified":"2024-06-26T09:14:19","modified_gmt":"2024-06-26T12:14:19","slug":"el-cuarto-soda-trae-su-homenaje-a-soda-stereo-al-teatro-argentino","status":"publish","type":"post","link":"https:\/\/noticiasmercedinas.com\/site\/2024\/06\/26\/el-cuarto-soda-trae-su-homenaje-a-soda-stereo-al-teatro-argentino\/","title":{"rendered":"\u00abEl Cuarto Soda\u00bb trae su homenaje a Soda Stereo al Teatro Argentino"},"content":{"rendered":"<div class=\"w-full text-token-text-primary\" dir=\"auto\" data-testid=\"conversation-turn-2\" data-scroll-anchor=\"false\">\n<div class=\"py-2 juice:py-[18px] px-3 text-base md:px-4 m-auto md:px-5 lg:px-1 xl:px-5\">\n<div class=\"mx-auto flex flex-1 gap-3 text-base juice:gap-4 juice:md:gap-5 juice:lg:gap-6 md:max-w-3xl lg:max-w-[40rem] xl:max-w-[48rem]\">\n<div class=\"group\/conversation-turn relative flex w-full min-w-0 flex-col\">\n<div class=\"flex-col gap-1 md:gap-3\">\n<div class=\"flex flex-grow flex-col max-w-full\">\n<div class=\"min-h-[20px] text-message flex flex-col items-start whitespace-pre-wrap break-words [.text-message+&amp;]:mt-5 juice:w-full juice:items-end overflow-x-auto gap-2\" dir=\"auto\" data-message-author-role=\"user\" data-message-id=\"aaa278ff-8111-4e48-affd-1146663487e3\">\n<div class=\"flex w-full flex-col gap-1 juice:empty:hidden items-end rtl:items-start\">\n<div class=\"relative max-w-[70%] rounded-3xl bg-[#f4f4f4] px-5 py-2.5 dark:bg-token-main-surface-secondary\"><img loading=\"lazy\" decoding=\"async\" class=\"alignnone size-full wp-image-139050\" src=\"https:\/\/noticiasmercedinas.com\/site\/wp-content\/uploads\/2024\/06\/449067040_1002367364611230_7699827488115715924_n.jpg\" alt=\"\" width=\"1080\" height=\"1080\" srcset=\"https:\/\/noticiasmercedinas.com\/site\/wp-content\/uploads\/2024\/06\/449067040_1002367364611230_7699827488115715924_n.jpg 1080w, https:\/\/noticiasmercedinas.com\/site\/wp-content\/uploads\/2024\/06\/449067040_1002367364611230_7699827488115715924_n-300x300.jpg 300w, https:\/\/noticiasmercedinas.com\/site\/wp-content\/uploads\/2024\/06\/449067040_1002367364611230_7699827488115715924_n-1024x1024.jpg 1024w, https:\/\/noticiasmercedinas.com\/site\/wp-content\/uploads\/2024\/06\/449067040_1002367364611230_7699827488115715924_n-150x150.jpg 150w, https:\/\/noticiasmercedinas.com\/site\/wp-content\/uploads\/2024\/06\/449067040_1002367364611230_7699827488115715924_n-768x768.jpg 768w, https:\/\/noticiasmercedinas.com\/site\/wp-content\/uploads\/2024\/06\/449067040_1002367364611230_7699827488115715924_n-640x640.jpg 640w, https:\/\/noticiasmercedinas.com\/site\/wp-content\/uploads\/2024\/06\/449067040_1002367364611230_7699827488115715924_n-681x681.jpg 681w\" sizes=\"auto, (max-width: 1080px) 100vw, 1080px\" \/><\/div>\n<\/div>\n<\/div>\n<\/div>\n<\/div>\n<\/div>\n<\/div>\n<\/div>\n<\/div>\n<div class=\"w-full text-token-text-primary\" dir=\"auto\" data-testid=\"conversation-turn-3\" data-scroll-anchor=\"true\">\n<div class=\"py-2 juice:py-[18px] px-3 text-base md:px-4 m-auto md:px-5 lg:px-1 xl:px-5\">\n<div class=\"mx-auto flex flex-1 gap-3 text-base juice:gap-4 juice:md:gap-5 juice:lg:gap-6 md:max-w-3xl lg:max-w-[40rem] xl:max-w-[48rem]\">\n<div class=\"group\/conversation-turn relative flex w-full min-w-0 flex-col agent-turn\">\n<div class=\"flex-col gap-1 md:gap-3\">\n<div class=\"flex flex-grow flex-col max-w-full\">\n<div class=\"min-h-[20px] text-message flex flex-col items-start whitespace-pre-wrap break-words [.text-message+&amp;]:mt-5 juice:w-full juice:items-end overflow-x-auto gap-2\" dir=\"auto\" data-message-author-role=\"assistant\" data-message-id=\"277ed0a8-133f-40bf-914e-77b337e4cb17\">\n<div class=\"flex w-full flex-col gap-1 juice:empty:hidden juice:first:pt-[3px]\">\n<div class=\"markdown prose w-full break-words dark:prose-invert light\">\n<p>El Cuarto Soda, uno de los tributos m\u00e1s reconocidos a la legendaria banda de rock en espa\u00f1ol, llega al Teatro Argentino de Mercedes para una \u00fanica funci\u00f3n el pr\u00f3ximo 18 de julio. Este espect\u00e1culo, que forma parte de su gira nacional, ha sido agregado a pedido del p\u00fablico mercedino. Las entradas ya est\u00e1n a la venta.<\/p>\n<p>El Cuarto Soda se distingue por su fiel recreaci\u00f3n del sonido y la est\u00e9tica de Soda Stereo, abarcando todas las etapas de la emblem\u00e1tica banda. En su espect\u00e1culo, los asistentes podr\u00e1n disfrutar de un recorrido por la historia musical de Soda Stereo con interpretaciones de cl\u00e1sicos como \u201cEn la ciudad de la furia\u201d, \u201cPersiana americana\u201d, \u201cPr\u00f3fugos\u201d, \u201cDe m\u00fasica ligera\u201d, \u201cCuando pase el temblor\u201d, \u201cSobredosis de TV\u201d, \u201cTr\u00e1tame suavemente\u201d, \u201cVitaminas\u201d y \u201cSignos\u201d, entre otros.<\/p>\n<p>Integrado por Brian Tolenti en voz y guitarra, Gabriel Muscio en bater\u00eda y percusi\u00f3n, Pol Walls en bajo y Gonzalo Lorenzo en teclados, El Cuarto Soda ofrece una experiencia \u00fanica para los fan\u00e1ticos, creada por fan\u00e1ticos. Este homenaje llega al Teatro Argentino con la magia y el legado de una de las bandas m\u00e1s importantes de la m\u00fasica en espa\u00f1ol.<\/p>\n<p>Las entradas para el show est\u00e1n disponibles en PlateaNet.<\/p>\n<p><strong>Fecha<\/strong>: 18 de julio<br \/>\n<strong>Lugar<\/strong>: Teatro Argentino, Mercedes<br \/>\n<strong>Comprar entradas en PlateaNet:<\/strong> <a href=\"https:\/\/www.plateanet.com\/obra\/28741\">https:\/\/www.plateanet.com\/obra\/28741<\/a><\/p>\n<p><strong>Sequeira Producciones<\/strong><\/p>\n<\/div>\n<\/div>\n<\/div>\n<\/div>\n<\/div>\n<\/div>\n<\/div>\n<\/div>\n<\/div>\n","protected":false},"excerpt":{"rendered":"<p>\u25a0 Este espect\u00e1culo, que forma parte de su gira nacional, ha sido agregado el 18 de julio a pedido del p\u00fablico mercedino. Las entradas ya est\u00e1n a la venta<\/p>\n","protected":false},"author":16,"featured_media":139050,"comment_status":"closed","ping_status":"closed","sticky":false,"template":"","format":"standard","meta":{"footnotes":""},"categories":[4],"tags":[18490,6696,163],"class_list":["post-139049","post","type-post","status-publish","format-standard","has-post-thumbnail","hentry","category-cultura","tag-el-cuarto-soda","tag-soda-stereo","tag-teatro-argentino"],"yoast_head":"<!-- This site is optimized with the Yoast SEO plugin v27.4 - https:\/\/yoast.com\/product\/yoast-seo-wordpress\/ -->\n<title>&quot;El Cuarto Soda&quot; trae su homenaje a Soda Stereo al Teatro Argentino<\/title>\n<meta name=\"robots\" content=\"index, follow, max-snippet:-1, max-image-preview:large, max-video-preview:-1\" \/>\n<link rel=\"canonical\" href=\"https:\/\/noticiasmercedinas.com\/site\/2024\/06\/26\/el-cuarto-soda-trae-su-homenaje-a-soda-stereo-al-teatro-argentino\/\" \/>\n<meta property=\"og:locale\" content=\"es_ES\" \/>\n<meta property=\"og:type\" content=\"article\" \/>\n<meta property=\"og:title\" content=\"&quot;El Cuarto Soda&quot; trae su homenaje a Soda Stereo al Teatro Argentino\" \/>\n<meta property=\"og:description\" content=\"\u25a0 Este espect\u00e1culo, que forma parte de su gira nacional, ha sido agregado el 18 de julio a pedido del p\u00fablico mercedino. Las entradas ya est\u00e1n a la venta\" \/>\n<meta property=\"og:url\" content=\"https:\/\/noticiasmercedinas.com\/site\/2024\/06\/26\/el-cuarto-soda-trae-su-homenaje-a-soda-stereo-al-teatro-argentino\/\" \/>\n<meta property=\"og:site_name\" content=\"NOTICIASMERCEDINAS.COM\" \/>\n<meta property=\"article:publisher\" content=\"https:\/\/www.facebook.com\/noticiasmercedinas\/\" \/>\n<meta property=\"article:published_time\" content=\"2024-06-26T12:14:09+00:00\" \/>\n<meta property=\"article:modified_time\" content=\"2024-06-26T12:14:19+00:00\" \/>\n<meta property=\"og:image\" content=\"https:\/\/noticiasmercedinas.com\/site\/wp-content\/uploads\/2024\/06\/449067040_1002367364611230_7699827488115715924_n.jpg\" \/>\n\t<meta property=\"og:image:width\" content=\"1080\" \/>\n\t<meta property=\"og:image:height\" content=\"1080\" \/>\n\t<meta property=\"og:image:type\" content=\"image\/jpeg\" \/>\n<meta name=\"author\" content=\"NOTICIASMERCEDINAS.COM\" \/>\n<meta name=\"twitter:card\" content=\"summary_large_image\" \/>\n<meta name=\"twitter:creator\" content=\"@notmercedinas\" \/>\n<meta name=\"twitter:site\" content=\"@notmercedinas\" \/>\n<meta name=\"twitter:label1\" content=\"Escrito por\" \/>\n\t<meta name=\"twitter:data1\" content=\"NOTICIASMERCEDINAS.COM\" \/>\n\t<meta name=\"twitter:label2\" content=\"Tiempo de lectura\" \/>\n\t<meta name=\"twitter:data2\" content=\"1 minuto\" \/>\n<script type=\"application\/ld+json\" class=\"yoast-schema-graph\">{\"@context\":\"https:\\\/\\\/schema.org\",\"@graph\":[{\"@type\":\"Article\",\"@id\":\"https:\\\/\\\/noticiasmercedinas.com\\\/site\\\/2024\\\/06\\\/26\\\/el-cuarto-soda-trae-su-homenaje-a-soda-stereo-al-teatro-argentino\\\/#article\",\"isPartOf\":{\"@id\":\"https:\\\/\\\/noticiasmercedinas.com\\\/site\\\/2024\\\/06\\\/26\\\/el-cuarto-soda-trae-su-homenaje-a-soda-stereo-al-teatro-argentino\\\/\"},\"author\":{\"name\":\"NOTICIASMERCEDINAS.COM\",\"@id\":\"https:\\\/\\\/noticiasmercedinas.com\\\/site\\\/#\\\/schema\\\/person\\\/84b59c099c28ff2e8b77d4ceec5d8063\"},\"headline\":\"\u00abEl Cuarto Soda\u00bb trae su homenaje a Soda Stereo al Teatro Argentino\",\"datePublished\":\"2024-06-26T12:14:09+00:00\",\"dateModified\":\"2024-06-26T12:14:19+00:00\",\"mainEntityOfPage\":{\"@id\":\"https:\\\/\\\/noticiasmercedinas.com\\\/site\\\/2024\\\/06\\\/26\\\/el-cuarto-soda-trae-su-homenaje-a-soda-stereo-al-teatro-argentino\\\/\"},\"wordCount\":251,\"publisher\":{\"@id\":\"https:\\\/\\\/noticiasmercedinas.com\\\/site\\\/#organization\"},\"image\":{\"@id\":\"https:\\\/\\\/noticiasmercedinas.com\\\/site\\\/2024\\\/06\\\/26\\\/el-cuarto-soda-trae-su-homenaje-a-soda-stereo-al-teatro-argentino\\\/#primaryimage\"},\"thumbnailUrl\":\"https:\\\/\\\/noticiasmercedinas.com\\\/site\\\/wp-content\\\/uploads\\\/2024\\\/06\\\/449067040_1002367364611230_7699827488115715924_n.jpg\",\"keywords\":[\"el cuarto soda\",\"soda stereo\",\"teatro argentino\"],\"articleSection\":[\"Cultura\"],\"inLanguage\":\"es\"},{\"@type\":\"WebPage\",\"@id\":\"https:\\\/\\\/noticiasmercedinas.com\\\/site\\\/2024\\\/06\\\/26\\\/el-cuarto-soda-trae-su-homenaje-a-soda-stereo-al-teatro-argentino\\\/\",\"url\":\"https:\\\/\\\/noticiasmercedinas.com\\\/site\\\/2024\\\/06\\\/26\\\/el-cuarto-soda-trae-su-homenaje-a-soda-stereo-al-teatro-argentino\\\/\",\"name\":\"\\\"El Cuarto Soda\\\" trae su homenaje a Soda Stereo al Teatro Argentino\",\"isPartOf\":{\"@id\":\"https:\\\/\\\/noticiasmercedinas.com\\\/site\\\/#website\"},\"primaryImageOfPage\":{\"@id\":\"https:\\\/\\\/noticiasmercedinas.com\\\/site\\\/2024\\\/06\\\/26\\\/el-cuarto-soda-trae-su-homenaje-a-soda-stereo-al-teatro-argentino\\\/#primaryimage\"},\"image\":{\"@id\":\"https:\\\/\\\/noticiasmercedinas.com\\\/site\\\/2024\\\/06\\\/26\\\/el-cuarto-soda-trae-su-homenaje-a-soda-stereo-al-teatro-argentino\\\/#primaryimage\"},\"thumbnailUrl\":\"https:\\\/\\\/noticiasmercedinas.com\\\/site\\\/wp-content\\\/uploads\\\/2024\\\/06\\\/449067040_1002367364611230_7699827488115715924_n.jpg\",\"datePublished\":\"2024-06-26T12:14:09+00:00\",\"dateModified\":\"2024-06-26T12:14:19+00:00\",\"breadcrumb\":{\"@id\":\"https:\\\/\\\/noticiasmercedinas.com\\\/site\\\/2024\\\/06\\\/26\\\/el-cuarto-soda-trae-su-homenaje-a-soda-stereo-al-teatro-argentino\\\/#breadcrumb\"},\"inLanguage\":\"es\",\"potentialAction\":[{\"@type\":\"ReadAction\",\"target\":[\"https:\\\/\\\/noticiasmercedinas.com\\\/site\\\/2024\\\/06\\\/26\\\/el-cuarto-soda-trae-su-homenaje-a-soda-stereo-al-teatro-argentino\\\/\"]}]},{\"@type\":\"ImageObject\",\"inLanguage\":\"es\",\"@id\":\"https:\\\/\\\/noticiasmercedinas.com\\\/site\\\/2024\\\/06\\\/26\\\/el-cuarto-soda-trae-su-homenaje-a-soda-stereo-al-teatro-argentino\\\/#primaryimage\",\"url\":\"https:\\\/\\\/noticiasmercedinas.com\\\/site\\\/wp-content\\\/uploads\\\/2024\\\/06\\\/449067040_1002367364611230_7699827488115715924_n.jpg\",\"contentUrl\":\"https:\\\/\\\/noticiasmercedinas.com\\\/site\\\/wp-content\\\/uploads\\\/2024\\\/06\\\/449067040_1002367364611230_7699827488115715924_n.jpg\",\"width\":1080,\"height\":1080},{\"@type\":\"BreadcrumbList\",\"@id\":\"https:\\\/\\\/noticiasmercedinas.com\\\/site\\\/2024\\\/06\\\/26\\\/el-cuarto-soda-trae-su-homenaje-a-soda-stereo-al-teatro-argentino\\\/#breadcrumb\",\"itemListElement\":[{\"@type\":\"ListItem\",\"position\":1,\"name\":\"Portada\",\"item\":\"https:\\\/\\\/noticiasmercedinas.com\\\/site\\\/\"},{\"@type\":\"ListItem\",\"position\":2,\"name\":\"\u00abEl Cuarto Soda\u00bb trae su homenaje a Soda Stereo al Teatro Argentino\"}]},{\"@type\":\"WebSite\",\"@id\":\"https:\\\/\\\/noticiasmercedinas.com\\\/site\\\/#website\",\"url\":\"https:\\\/\\\/noticiasmercedinas.com\\\/site\\\/\",\"name\":\"NOTICIASMERCEDINAS.COM\",\"description\":\"Mercedes, Buenos Aires, Argentina\",\"publisher\":{\"@id\":\"https:\\\/\\\/noticiasmercedinas.com\\\/site\\\/#organization\"},\"potentialAction\":[{\"@type\":\"SearchAction\",\"target\":{\"@type\":\"EntryPoint\",\"urlTemplate\":\"https:\\\/\\\/noticiasmercedinas.com\\\/site\\\/?s={search_term_string}\"},\"query-input\":{\"@type\":\"PropertyValueSpecification\",\"valueRequired\":true,\"valueName\":\"search_term_string\"}}],\"inLanguage\":\"es\"},{\"@type\":\"Organization\",\"@id\":\"https:\\\/\\\/noticiasmercedinas.com\\\/site\\\/#organization\",\"name\":\"NOTICIASMERCEDINAS.COM\",\"url\":\"https:\\\/\\\/noticiasmercedinas.com\\\/site\\\/\",\"logo\":{\"@type\":\"ImageObject\",\"inLanguage\":\"es\",\"@id\":\"https:\\\/\\\/noticiasmercedinas.com\\\/site\\\/#\\\/schema\\\/logo\\\/image\\\/\",\"url\":\"https:\\\/\\\/noticiasmercedinas.com\\\/site\\\/wp-content\\\/uploads\\\/2020\\\/06\\\/LOGO-512.jpg\",\"contentUrl\":\"https:\\\/\\\/noticiasmercedinas.com\\\/site\\\/wp-content\\\/uploads\\\/2020\\\/06\\\/LOGO-512.jpg\",\"width\":512,\"height\":512,\"caption\":\"NOTICIASMERCEDINAS.COM\"},\"image\":{\"@id\":\"https:\\\/\\\/noticiasmercedinas.com\\\/site\\\/#\\\/schema\\\/logo\\\/image\\\/\"},\"sameAs\":[\"https:\\\/\\\/www.facebook.com\\\/noticiasmercedinas\\\/\",\"https:\\\/\\\/x.com\\\/notmercedinas\",\"https:\\\/\\\/www.instagram.com\\\/noticiasmercedinas\\\/\"]},{\"@type\":\"Person\",\"@id\":\"https:\\\/\\\/noticiasmercedinas.com\\\/site\\\/#\\\/schema\\\/person\\\/84b59c099c28ff2e8b77d4ceec5d8063\",\"name\":\"NOTICIASMERCEDINAS.COM\",\"image\":{\"@type\":\"ImageObject\",\"inLanguage\":\"es\",\"@id\":\"https:\\\/\\\/secure.gravatar.com\\\/avatar\\\/4dfbf16b4d17945bfb6341b2d19043457132fcf478a5ee04f42e959fd8f5df0a?s=96&d=mm&r=g\",\"url\":\"https:\\\/\\\/secure.gravatar.com\\\/avatar\\\/4dfbf16b4d17945bfb6341b2d19043457132fcf478a5ee04f42e959fd8f5df0a?s=96&d=mm&r=g\",\"contentUrl\":\"https:\\\/\\\/secure.gravatar.com\\\/avatar\\\/4dfbf16b4d17945bfb6341b2d19043457132fcf478a5ee04f42e959fd8f5df0a?s=96&d=mm&r=g\",\"caption\":\"NOTICIASMERCEDINAS.COM\"},\"url\":\"https:\\\/\\\/noticiasmercedinas.com\\\/site\\\/author\\\/anonimo\\\/\"}]}<\/script>\n<!-- \/ Yoast SEO plugin. -->","yoast_head_json":{"title":"\"El Cuarto Soda\" trae su homenaje a Soda Stereo al Teatro Argentino","robots":{"index":"index","follow":"follow","max-snippet":"max-snippet:-1","max-image-preview":"max-image-preview:large","max-video-preview":"max-video-preview:-1"},"canonical":"https:\/\/noticiasmercedinas.com\/site\/2024\/06\/26\/el-cuarto-soda-trae-su-homenaje-a-soda-stereo-al-teatro-argentino\/","og_locale":"es_ES","og_type":"article","og_title":"\"El Cuarto Soda\" trae su homenaje a Soda Stereo al Teatro Argentino","og_description":"\u25a0 Este espect\u00e1culo, que forma parte de su gira nacional, ha sido agregado el 18 de julio a pedido del p\u00fablico mercedino. Las entradas ya est\u00e1n a la venta","og_url":"https:\/\/noticiasmercedinas.com\/site\/2024\/06\/26\/el-cuarto-soda-trae-su-homenaje-a-soda-stereo-al-teatro-argentino\/","og_site_name":"NOTICIASMERCEDINAS.COM","article_publisher":"https:\/\/www.facebook.com\/noticiasmercedinas\/","article_published_time":"2024-06-26T12:14:09+00:00","article_modified_time":"2024-06-26T12:14:19+00:00","og_image":[{"width":1080,"height":1080,"url":"https:\/\/noticiasmercedinas.com\/site\/wp-content\/uploads\/2024\/06\/449067040_1002367364611230_7699827488115715924_n.jpg","type":"image\/jpeg"}],"author":"NOTICIASMERCEDINAS.COM","twitter_card":"summary_large_image","twitter_creator":"@notmercedinas","twitter_site":"@notmercedinas","twitter_misc":{"Escrito por":"NOTICIASMERCEDINAS.COM","Tiempo de lectura":"1 minuto"},"schema":{"@context":"https:\/\/schema.org","@graph":[{"@type":"Article","@id":"https:\/\/noticiasmercedinas.com\/site\/2024\/06\/26\/el-cuarto-soda-trae-su-homenaje-a-soda-stereo-al-teatro-argentino\/#article","isPartOf":{"@id":"https:\/\/noticiasmercedinas.com\/site\/2024\/06\/26\/el-cuarto-soda-trae-su-homenaje-a-soda-stereo-al-teatro-argentino\/"},"author":{"name":"NOTICIASMERCEDINAS.COM","@id":"https:\/\/noticiasmercedinas.com\/site\/#\/schema\/person\/84b59c099c28ff2e8b77d4ceec5d8063"},"headline":"\u00abEl Cuarto Soda\u00bb trae su homenaje a Soda Stereo al Teatro Argentino","datePublished":"2024-06-26T12:14:09+00:00","dateModified":"2024-06-26T12:14:19+00:00","mainEntityOfPage":{"@id":"https:\/\/noticiasmercedinas.com\/site\/2024\/06\/26\/el-cuarto-soda-trae-su-homenaje-a-soda-stereo-al-teatro-argentino\/"},"wordCount":251,"publisher":{"@id":"https:\/\/noticiasmercedinas.com\/site\/#organization"},"image":{"@id":"https:\/\/noticiasmercedinas.com\/site\/2024\/06\/26\/el-cuarto-soda-trae-su-homenaje-a-soda-stereo-al-teatro-argentino\/#primaryimage"},"thumbnailUrl":"https:\/\/noticiasmercedinas.com\/site\/wp-content\/uploads\/2024\/06\/449067040_1002367364611230_7699827488115715924_n.jpg","keywords":["el cuarto soda","soda stereo","teatro argentino"],"articleSection":["Cultura"],"inLanguage":"es"},{"@type":"WebPage","@id":"https:\/\/noticiasmercedinas.com\/site\/2024\/06\/26\/el-cuarto-soda-trae-su-homenaje-a-soda-stereo-al-teatro-argentino\/","url":"https:\/\/noticiasmercedinas.com\/site\/2024\/06\/26\/el-cuarto-soda-trae-su-homenaje-a-soda-stereo-al-teatro-argentino\/","name":"\"El Cuarto Soda\" trae su homenaje a Soda Stereo al Teatro Argentino","isPartOf":{"@id":"https:\/\/noticiasmercedinas.com\/site\/#website"},"primaryImageOfPage":{"@id":"https:\/\/noticiasmercedinas.com\/site\/2024\/06\/26\/el-cuarto-soda-trae-su-homenaje-a-soda-stereo-al-teatro-argentino\/#primaryimage"},"image":{"@id":"https:\/\/noticiasmercedinas.com\/site\/2024\/06\/26\/el-cuarto-soda-trae-su-homenaje-a-soda-stereo-al-teatro-argentino\/#primaryimage"},"thumbnailUrl":"https:\/\/noticiasmercedinas.com\/site\/wp-content\/uploads\/2024\/06\/449067040_1002367364611230_7699827488115715924_n.jpg","datePublished":"2024-06-26T12:14:09+00:00","dateModified":"2024-06-26T12:14:19+00:00","breadcrumb":{"@id":"https:\/\/noticiasmercedinas.com\/site\/2024\/06\/26\/el-cuarto-soda-trae-su-homenaje-a-soda-stereo-al-teatro-argentino\/#breadcrumb"},"inLanguage":"es","potentialAction":[{"@type":"ReadAction","target":["https:\/\/noticiasmercedinas.com\/site\/2024\/06\/26\/el-cuarto-soda-trae-su-homenaje-a-soda-stereo-al-teatro-argentino\/"]}]},{"@type":"ImageObject","inLanguage":"es","@id":"https:\/\/noticiasmercedinas.com\/site\/2024\/06\/26\/el-cuarto-soda-trae-su-homenaje-a-soda-stereo-al-teatro-argentino\/#primaryimage","url":"https:\/\/noticiasmercedinas.com\/site\/wp-content\/uploads\/2024\/06\/449067040_1002367364611230_7699827488115715924_n.jpg","contentUrl":"https:\/\/noticiasmercedinas.com\/site\/wp-content\/uploads\/2024\/06\/449067040_1002367364611230_7699827488115715924_n.jpg","width":1080,"height":1080},{"@type":"BreadcrumbList","@id":"https:\/\/noticiasmercedinas.com\/site\/2024\/06\/26\/el-cuarto-soda-trae-su-homenaje-a-soda-stereo-al-teatro-argentino\/#breadcrumb","itemListElement":[{"@type":"ListItem","position":1,"name":"Portada","item":"https:\/\/noticiasmercedinas.com\/site\/"},{"@type":"ListItem","position":2,"name":"\u00abEl Cuarto Soda\u00bb trae su homenaje a Soda Stereo al Teatro Argentino"}]},{"@type":"WebSite","@id":"https:\/\/noticiasmercedinas.com\/site\/#website","url":"https:\/\/noticiasmercedinas.com\/site\/","name":"NOTICIASMERCEDINAS.COM","description":"Mercedes, Buenos Aires, Argentina","publisher":{"@id":"https:\/\/noticiasmercedinas.com\/site\/#organization"},"potentialAction":[{"@type":"SearchAction","target":{"@type":"EntryPoint","urlTemplate":"https:\/\/noticiasmercedinas.com\/site\/?s={search_term_string}"},"query-input":{"@type":"PropertyValueSpecification","valueRequired":true,"valueName":"search_term_string"}}],"inLanguage":"es"},{"@type":"Organization","@id":"https:\/\/noticiasmercedinas.com\/site\/#organization","name":"NOTICIASMERCEDINAS.COM","url":"https:\/\/noticiasmercedinas.com\/site\/","logo":{"@type":"ImageObject","inLanguage":"es","@id":"https:\/\/noticiasmercedinas.com\/site\/#\/schema\/logo\/image\/","url":"https:\/\/noticiasmercedinas.com\/site\/wp-content\/uploads\/2020\/06\/LOGO-512.jpg","contentUrl":"https:\/\/noticiasmercedinas.com\/site\/wp-content\/uploads\/2020\/06\/LOGO-512.jpg","width":512,"height":512,"caption":"NOTICIASMERCEDINAS.COM"},"image":{"@id":"https:\/\/noticiasmercedinas.com\/site\/#\/schema\/logo\/image\/"},"sameAs":["https:\/\/www.facebook.com\/noticiasmercedinas\/","https:\/\/x.com\/notmercedinas","https:\/\/www.instagram.com\/noticiasmercedinas\/"]},{"@type":"Person","@id":"https:\/\/noticiasmercedinas.com\/site\/#\/schema\/person\/84b59c099c28ff2e8b77d4ceec5d8063","name":"NOTICIASMERCEDINAS.COM","image":{"@type":"ImageObject","inLanguage":"es","@id":"https:\/\/secure.gravatar.com\/avatar\/4dfbf16b4d17945bfb6341b2d19043457132fcf478a5ee04f42e959fd8f5df0a?s=96&d=mm&r=g","url":"https:\/\/secure.gravatar.com\/avatar\/4dfbf16b4d17945bfb6341b2d19043457132fcf478a5ee04f42e959fd8f5df0a?s=96&d=mm&r=g","contentUrl":"https:\/\/secure.gravatar.com\/avatar\/4dfbf16b4d17945bfb6341b2d19043457132fcf478a5ee04f42e959fd8f5df0a?s=96&d=mm&r=g","caption":"NOTICIASMERCEDINAS.COM"},"url":"https:\/\/noticiasmercedinas.com\/site\/author\/anonimo\/"}]}},"amp_enabled":true,"_links":{"self":[{"href":"https:\/\/noticiasmercedinas.com\/site\/wp-json\/wp\/v2\/posts\/139049","targetHints":{"allow":["GET"]}}],"collection":[{"href":"https:\/\/noticiasmercedinas.com\/site\/wp-json\/wp\/v2\/posts"}],"about":[{"href":"https:\/\/noticiasmercedinas.com\/site\/wp-json\/wp\/v2\/types\/post"}],"author":[{"embeddable":true,"href":"https:\/\/noticiasmercedinas.com\/site\/wp-json\/wp\/v2\/users\/16"}],"replies":[{"embeddable":true,"href":"https:\/\/noticiasmercedinas.com\/site\/wp-json\/wp\/v2\/comments?post=139049"}],"version-history":[{"count":2,"href":"https:\/\/noticiasmercedinas.com\/site\/wp-json\/wp\/v2\/posts\/139049\/revisions"}],"predecessor-version":[{"id":139052,"href":"https:\/\/noticiasmercedinas.com\/site\/wp-json\/wp\/v2\/posts\/139049\/revisions\/139052"}],"wp:featuredmedia":[{"embeddable":true,"href":"https:\/\/noticiasmercedinas.com\/site\/wp-json\/wp\/v2\/media\/139050"}],"wp:attachment":[{"href":"https:\/\/noticiasmercedinas.com\/site\/wp-json\/wp\/v2\/media?parent=139049"}],"wp:term":[{"taxonomy":"category","embeddable":true,"href":"https:\/\/noticiasmercedinas.com\/site\/wp-json\/wp\/v2\/categories?post=139049"},{"taxonomy":"post_tag","embeddable":true,"href":"https:\/\/noticiasmercedinas.com\/site\/wp-json\/wp\/v2\/tags?post=139049"}],"curies":[{"name":"wp","href":"https:\/\/api.w.org\/{rel}","templated":true}]}}