{"id":139304,"date":"2024-06-30T23:10:40","date_gmt":"2024-07-01T02:10:40","guid":{"rendered":"https:\/\/noticiasmercedinas.com\/site\/?p=139304"},"modified":"2024-06-30T23:10:40","modified_gmt":"2024-07-01T02:10:40","slug":"carteros-sigue-en-primera-y-quilmes-paso-a-segunda","status":"publish","type":"post","link":"https:\/\/noticiasmercedinas.com\/site\/2024\/06\/30\/carteros-sigue-en-primera-y-quilmes-paso-a-segunda\/","title":{"rendered":"Carteros sigue en Primera y Quilmes pas\u00f3 a Segunda"},"content":{"rendered":"<figure id=\"attachment_139305\" aria-describedby=\"caption-attachment-139305\" style=\"width: 640px\" class=\"wp-caption alignnone\"><img loading=\"lazy\" decoding=\"async\" class=\"wp-image-139305 size-full\" src=\"https:\/\/noticiasmercedinas.com\/site\/wp-content\/uploads\/2024\/06\/IMG_5845.jpg\" alt=\"\" width=\"640\" height=\"427\" srcset=\"https:\/\/noticiasmercedinas.com\/site\/wp-content\/uploads\/2024\/06\/IMG_5845.jpg 640w, https:\/\/noticiasmercedinas.com\/site\/wp-content\/uploads\/2024\/06\/IMG_5845-300x200.jpg 300w\" sizes=\"auto, (max-width: 640px) 100vw, 640px\" \/><figcaption id=\"caption-attachment-139305\" class=\"wp-caption-text\">Carteros mantuvo la categor\u00eda.<\/figcaption><\/figure>\n<p>Desde el mediod\u00eda del domingo se jug\u00f3 en la Liga Mercedina el \u00faltimo partido de la Zona Permanencia, la Liguilla que definieron por quedarse o perder la categor\u00eda Carteros y Quilmes. Ofrecieron un 0 a 0, planteando los de Vel\u00e1zquez un partido lejos de los arcos, aunque en escasos momentos generaron riesgo. En esa puja por salir del cero se destac\u00f3 Quilmes, aunque sin poder encontrarle la vuelta al partido.<\/p>\n<p>En una cancha que no ayud\u00f3 para poner la pelota al piso, el pelotazo y la lucha fue casi una constante, el tiempo trascurri\u00f3 y ello lo dejaba si chances a Quilmes. Tardando en reanudar el juego fue apostando al empate Carteros, mientras tanto Apariente fue moviendo el banco y adelantando sus l\u00edneas en la b\u00fasqueda de un gol que llevara a otro plano el encuentro. Sin cambiar la historia Carteros mantuvo la categor\u00eda y Quilmes jugar\u00e1 en Segunda en el pr\u00f3ximo certamen.<\/p>\n<p><strong>Carteros FC \u00a00:<\/strong> Ignacio Quevedo, Oscar Morales, Ignacio Sacanelles, Leonardo P\u00e9rez, Joel Quintana, Jos\u00edas Cuberas, Franco Torres, Mat\u00edas Del Bianco, Juan Tiberi, Pedro Larrea y Dami\u00e1n Gonz\u00e1lez. <strong>DT:<\/strong> Alberto Vel\u00e1zquez. <strong>Relevos:<\/strong> Esteban Casta\u00f1ares y Juan Schenone.<\/p>\n<p><strong>Quilmes 0:<\/strong> Pablo Fontana, Jonathan Torre, Jonathan Medina, Nicol\u00e1s Mansilla,\u00a0 Juan Guardia, Agust\u00edn Atpai, Joaqu\u00edn Dabove, Sebasti\u00e1n Parodi, Alejando Cardozo, Ger\u00f3nimo Miratta y Sebasti\u00e1n Mu\u00f1oz. <strong>DT:<\/strong> Luciano Apariente. <strong>Relevos:<\/strong> Juan Viera, Nicol\u00e1s Real, Braian Lucero y Laureano Celayes.<\/p>\n<p><strong>Goles:<\/strong> no hubo.<br \/>\n<strong>Cambios:<\/strong> Marcos Nieves por Guardia, Agust\u00edn Lucero por Dabove, Alvaro D\u00edaz por Cardozo, Lautaro Mart\u00ednez por Parodi y Maximiliano Lobos por Medina en Quilmes. Tob\u00edas Navarro por Gonz\u00e1lez, Jer\u00f3nimo Navarro por Del Bianco, Jonathan Ronsoni por J. Navarro y Lucas Covello por T. Navarro en Carteros.<br \/>\n<strong>Arbitro:<\/strong> Mart\u00edn Ferreyra (La Plata).<\/p>\n<p><img loading=\"lazy\" decoding=\"async\" class=\"alignnone size-full wp-image-139306\" src=\"https:\/\/noticiasmercedinas.com\/site\/wp-content\/uploads\/2024\/06\/Permanencia-7.jpg\" alt=\"\" width=\"640\" height=\"165\" srcset=\"https:\/\/noticiasmercedinas.com\/site\/wp-content\/uploads\/2024\/06\/Permanencia-7.jpg 640w, https:\/\/noticiasmercedinas.com\/site\/wp-content\/uploads\/2024\/06\/Permanencia-7-300x77.jpg 300w\" sizes=\"auto, (max-width: 640px) 100vw, 640px\" \/><\/p>\n","protected":false},"excerpt":{"rendered":"<p>\u25a0 Dejaron un empate sin goles en la Liga y con ello en la \u00faltima fecha se defini\u00f3 la Permanencia. El partido mostr\u00f3 a un \u201cCervecero\u201d que intent\u00f3 sin poder superar el plantel del equipo del barrio Unzu\u00e9.<\/p>\n","protected":false},"author":6,"featured_media":139305,"comment_status":"closed","ping_status":"closed","sticky":false,"template":"","format":"standard","meta":{"footnotes":""},"categories":[5],"tags":[3346,14669],"class_list":["post-139304","post","type-post","status-publish","format-standard","has-post-thumbnail","hentry","category-deportes","tag-liga-mercedina-de-futbol","tag-zona-permanencia"],"yoast_head":"<!-- This site is optimized with the Yoast SEO plugin v28.3 - https:\/\/yoast.com\/product\/yoast-seo-wordpress\/ -->\n<title>Carteros sigue en Primera y Quilmes pas\u00f3 a Segunda<\/title>\n<meta name=\"robots\" content=\"index, follow, max-snippet:-1, max-image-preview:large, max-video-preview:-1\" \/>\n<link rel=\"canonical\" href=\"https:\/\/noticiasmercedinas.com\/site\/2024\/06\/30\/carteros-sigue-en-primera-y-quilmes-paso-a-segunda\/\" \/>\n<meta property=\"og:locale\" content=\"es_ES\" \/>\n<meta property=\"og:type\" content=\"article\" \/>\n<meta property=\"og:title\" content=\"Carteros sigue en Primera y Quilmes pas\u00f3 a Segunda\" \/>\n<meta property=\"og:description\" content=\"\u25a0 Dejaron un empate sin goles en la Liga y con ello en la \u00faltima fecha se defini\u00f3 la Permanencia. El partido mostr\u00f3 a un \u201cCervecero\u201d que intent\u00f3 sin poder superar el plantel del equipo del barrio Unzu\u00e9.\" \/>\n<meta property=\"og:url\" content=\"https:\/\/noticiasmercedinas.com\/site\/2024\/06\/30\/carteros-sigue-en-primera-y-quilmes-paso-a-segunda\/\" \/>\n<meta property=\"og:site_name\" content=\"NOTICIASMERCEDINAS.COM\" \/>\n<meta property=\"article:publisher\" content=\"https:\/\/www.facebook.com\/noticiasmercedinas\/\" \/>\n<meta property=\"article:published_time\" content=\"2024-07-01T02:10:40+00:00\" \/>\n<meta property=\"og:image\" content=\"https:\/\/noticiasmercedinas.com\/site\/wp-content\/uploads\/2024\/06\/IMG_5845.jpg\" \/>\n\t<meta property=\"og:image:width\" content=\"640\" \/>\n\t<meta property=\"og:image:height\" content=\"427\" \/>\n\t<meta property=\"og:image:type\" content=\"image\/jpeg\" \/>\n<meta name=\"author\" content=\"Juan Dagnino NOTICIASMERCEDINAS.COM\" \/>\n<meta name=\"twitter:card\" content=\"summary_large_image\" \/>\n<meta name=\"twitter:creator\" content=\"@notmercedinas\" \/>\n<meta name=\"twitter:site\" content=\"@notmercedinas\" \/>\n<meta name=\"twitter:label1\" content=\"Escrito por\" \/>\n\t<meta name=\"twitter:data1\" content=\"Juan Dagnino NOTICIASMERCEDINAS.COM\" \/>\n\t<meta name=\"twitter:label2\" content=\"Tiempo de lectura\" \/>\n\t<meta name=\"twitter:data2\" content=\"2 minutos\" \/>\n<script type=\"application\/ld+json\" class=\"yoast-schema-graph\">{\"@context\":\"https:\\\/\\\/schema.org\",\"@graph\":[{\"@type\":\"Article\",\"@id\":\"https:\\\/\\\/noticiasmercedinas.com\\\/site\\\/2024\\\/06\\\/30\\\/carteros-sigue-en-primera-y-quilmes-paso-a-segunda\\\/#article\",\"isPartOf\":{\"@id\":\"https:\\\/\\\/noticiasmercedinas.com\\\/site\\\/2024\\\/06\\\/30\\\/carteros-sigue-en-primera-y-quilmes-paso-a-segunda\\\/\"},\"author\":{\"name\":\"Juan Dagnino NOTICIASMERCEDINAS.COM\",\"@id\":\"https:\\\/\\\/noticiasmercedinas.com\\\/site\\\/#\\\/schema\\\/person\\\/8f2f09d666ef40986eba4a5e6f2a06f9\"},\"headline\":\"Carteros sigue en Primera y Quilmes pas\u00f3 a Segunda\",\"datePublished\":\"2024-07-01T02:10:40+00:00\",\"mainEntityOfPage\":{\"@id\":\"https:\\\/\\\/noticiasmercedinas.com\\\/site\\\/2024\\\/06\\\/30\\\/carteros-sigue-en-primera-y-quilmes-paso-a-segunda\\\/\"},\"wordCount\":327,\"publisher\":{\"@id\":\"https:\\\/\\\/noticiasmercedinas.com\\\/site\\\/#organization\"},\"image\":{\"@id\":\"https:\\\/\\\/noticiasmercedinas.com\\\/site\\\/2024\\\/06\\\/30\\\/carteros-sigue-en-primera-y-quilmes-paso-a-segunda\\\/#primaryimage\"},\"thumbnailUrl\":\"https:\\\/\\\/noticiasmercedinas.com\\\/site\\\/wp-content\\\/uploads\\\/2024\\\/06\\\/IMG_5845.jpg\",\"keywords\":[\"Liga Mercedina de F\u00fatbol\",\"Zona Permanencia\"],\"articleSection\":[\"Deportes\"],\"inLanguage\":\"es\"},{\"@type\":\"WebPage\",\"@id\":\"https:\\\/\\\/noticiasmercedinas.com\\\/site\\\/2024\\\/06\\\/30\\\/carteros-sigue-en-primera-y-quilmes-paso-a-segunda\\\/\",\"url\":\"https:\\\/\\\/noticiasmercedinas.com\\\/site\\\/2024\\\/06\\\/30\\\/carteros-sigue-en-primera-y-quilmes-paso-a-segunda\\\/\",\"name\":\"Carteros sigue en Primera y Quilmes pas\u00f3 a Segunda\",\"isPartOf\":{\"@id\":\"https:\\\/\\\/noticiasmercedinas.com\\\/site\\\/#website\"},\"primaryImageOfPage\":{\"@id\":\"https:\\\/\\\/noticiasmercedinas.com\\\/site\\\/2024\\\/06\\\/30\\\/carteros-sigue-en-primera-y-quilmes-paso-a-segunda\\\/#primaryimage\"},\"image\":{\"@id\":\"https:\\\/\\\/noticiasmercedinas.com\\\/site\\\/2024\\\/06\\\/30\\\/carteros-sigue-en-primera-y-quilmes-paso-a-segunda\\\/#primaryimage\"},\"thumbnailUrl\":\"https:\\\/\\\/noticiasmercedinas.com\\\/site\\\/wp-content\\\/uploads\\\/2024\\\/06\\\/IMG_5845.jpg\",\"datePublished\":\"2024-07-01T02:10:40+00:00\",\"breadcrumb\":{\"@id\":\"https:\\\/\\\/noticiasmercedinas.com\\\/site\\\/2024\\\/06\\\/30\\\/carteros-sigue-en-primera-y-quilmes-paso-a-segunda\\\/#breadcrumb\"},\"inLanguage\":\"es\",\"potentialAction\":[{\"@type\":\"ReadAction\",\"target\":[\"https:\\\/\\\/noticiasmercedinas.com\\\/site\\\/2024\\\/06\\\/30\\\/carteros-sigue-en-primera-y-quilmes-paso-a-segunda\\\/\"]}]},{\"@type\":\"ImageObject\",\"inLanguage\":\"es\",\"@id\":\"https:\\\/\\\/noticiasmercedinas.com\\\/site\\\/2024\\\/06\\\/30\\\/carteros-sigue-en-primera-y-quilmes-paso-a-segunda\\\/#primaryimage\",\"url\":\"https:\\\/\\\/noticiasmercedinas.com\\\/site\\\/wp-content\\\/uploads\\\/2024\\\/06\\\/IMG_5845.jpg\",\"contentUrl\":\"https:\\\/\\\/noticiasmercedinas.com\\\/site\\\/wp-content\\\/uploads\\\/2024\\\/06\\\/IMG_5845.jpg\",\"width\":640,\"height\":427},{\"@type\":\"BreadcrumbList\",\"@id\":\"https:\\\/\\\/noticiasmercedinas.com\\\/site\\\/2024\\\/06\\\/30\\\/carteros-sigue-en-primera-y-quilmes-paso-a-segunda\\\/#breadcrumb\",\"itemListElement\":[{\"@type\":\"ListItem\",\"position\":1,\"name\":\"Portada\",\"item\":\"https:\\\/\\\/noticiasmercedinas.com\\\/site\\\/\"},{\"@type\":\"ListItem\",\"position\":2,\"name\":\"Carteros sigue en Primera y Quilmes pas\u00f3 a Segunda\"}]},{\"@type\":\"WebSite\",\"@id\":\"https:\\\/\\\/noticiasmercedinas.com\\\/site\\\/#website\",\"url\":\"https:\\\/\\\/noticiasmercedinas.com\\\/site\\\/\",\"name\":\"NOTICIASMERCEDINAS.COM\",\"description\":\"Mercedes, Buenos Aires, Argentina\",\"publisher\":{\"@id\":\"https:\\\/\\\/noticiasmercedinas.com\\\/site\\\/#organization\"},\"potentialAction\":[{\"@type\":\"SearchAction\",\"target\":{\"@type\":\"EntryPoint\",\"urlTemplate\":\"https:\\\/\\\/noticiasmercedinas.com\\\/site\\\/?s={search_term_string}\"},\"query-input\":{\"@type\":\"PropertyValueSpecification\",\"valueRequired\":true,\"valueName\":\"search_term_string\"}}],\"inLanguage\":\"es\"},{\"@type\":\"Organization\",\"@id\":\"https:\\\/\\\/noticiasmercedinas.com\\\/site\\\/#organization\",\"name\":\"NOTICIASMERCEDINAS.COM\",\"url\":\"https:\\\/\\\/noticiasmercedinas.com\\\/site\\\/\",\"logo\":{\"@type\":\"ImageObject\",\"inLanguage\":\"es\",\"@id\":\"https:\\\/\\\/noticiasmercedinas.com\\\/site\\\/#\\\/schema\\\/logo\\\/image\\\/\",\"url\":\"https:\\\/\\\/noticiasmercedinas.com\\\/site\\\/wp-content\\\/uploads\\\/2020\\\/06\\\/LOGO-512.jpg\",\"contentUrl\":\"https:\\\/\\\/noticiasmercedinas.com\\\/site\\\/wp-content\\\/uploads\\\/2020\\\/06\\\/LOGO-512.jpg\",\"width\":512,\"height\":512,\"caption\":\"NOTICIASMERCEDINAS.COM\"},\"image\":{\"@id\":\"https:\\\/\\\/noticiasmercedinas.com\\\/site\\\/#\\\/schema\\\/logo\\\/image\\\/\"},\"sameAs\":[\"https:\\\/\\\/www.facebook.com\\\/noticiasmercedinas\\\/\",\"https:\\\/\\\/x.com\\\/notmercedinas\",\"https:\\\/\\\/www.instagram.com\\\/noticiasmercedinas\\\/\"]},{\"@type\":\"Person\",\"@id\":\"https:\\\/\\\/noticiasmercedinas.com\\\/site\\\/#\\\/schema\\\/person\\\/8f2f09d666ef40986eba4a5e6f2a06f9\",\"name\":\"Juan Dagnino NOTICIASMERCEDINAS.COM\",\"image\":{\"@type\":\"ImageObject\",\"inLanguage\":\"es\",\"@id\":\"https:\\\/\\\/secure.gravatar.com\\\/avatar\\\/fc7059a769f5a3cae65fadb228a3e4accf3a64b4b2305020d0a27e6d5333c91b?s=96&d=mm&r=g\",\"url\":\"https:\\\/\\\/secure.gravatar.com\\\/avatar\\\/fc7059a769f5a3cae65fadb228a3e4accf3a64b4b2305020d0a27e6d5333c91b?s=96&d=mm&r=g\",\"contentUrl\":\"https:\\\/\\\/secure.gravatar.com\\\/avatar\\\/fc7059a769f5a3cae65fadb228a3e4accf3a64b4b2305020d0a27e6d5333c91b?s=96&d=mm&r=g\",\"caption\":\"Juan Dagnino NOTICIASMERCEDINAS.COM\"},\"url\":\"https:\\\/\\\/noticiasmercedinas.com\\\/site\\\/author\\\/juandagnino\\\/\"}]}<\/script>\n<!-- \/ Yoast SEO plugin. -->","yoast_head_json":{"title":"Carteros sigue en Primera y Quilmes pas\u00f3 a Segunda","robots":{"index":"index","follow":"follow","max-snippet":"max-snippet:-1","max-image-preview":"max-image-preview:large","max-video-preview":"max-video-preview:-1"},"canonical":"https:\/\/noticiasmercedinas.com\/site\/2024\/06\/30\/carteros-sigue-en-primera-y-quilmes-paso-a-segunda\/","og_locale":"es_ES","og_type":"article","og_title":"Carteros sigue en Primera y Quilmes pas\u00f3 a Segunda","og_description":"\u25a0 Dejaron un empate sin goles en la Liga y con ello en la \u00faltima fecha se defini\u00f3 la Permanencia. El partido mostr\u00f3 a un \u201cCervecero\u201d que intent\u00f3 sin poder superar el plantel del equipo del barrio Unzu\u00e9.","og_url":"https:\/\/noticiasmercedinas.com\/site\/2024\/06\/30\/carteros-sigue-en-primera-y-quilmes-paso-a-segunda\/","og_site_name":"NOTICIASMERCEDINAS.COM","article_publisher":"https:\/\/www.facebook.com\/noticiasmercedinas\/","article_published_time":"2024-07-01T02:10:40+00:00","og_image":[{"width":640,"height":427,"url":"https:\/\/noticiasmercedinas.com\/site\/wp-content\/uploads\/2024\/06\/IMG_5845.jpg","type":"image\/jpeg"}],"author":"Juan Dagnino NOTICIASMERCEDINAS.COM","twitter_card":"summary_large_image","twitter_creator":"@notmercedinas","twitter_site":"@notmercedinas","twitter_misc":{"Escrito por":"Juan Dagnino NOTICIASMERCEDINAS.COM","Tiempo de lectura":"2 minutos"},"schema":{"@context":"https:\/\/schema.org","@graph":[{"@type":"Article","@id":"https:\/\/noticiasmercedinas.com\/site\/2024\/06\/30\/carteros-sigue-en-primera-y-quilmes-paso-a-segunda\/#article","isPartOf":{"@id":"https:\/\/noticiasmercedinas.com\/site\/2024\/06\/30\/carteros-sigue-en-primera-y-quilmes-paso-a-segunda\/"},"author":{"name":"Juan Dagnino NOTICIASMERCEDINAS.COM","@id":"https:\/\/noticiasmercedinas.com\/site\/#\/schema\/person\/8f2f09d666ef40986eba4a5e6f2a06f9"},"headline":"Carteros sigue en Primera y Quilmes pas\u00f3 a Segunda","datePublished":"2024-07-01T02:10:40+00:00","mainEntityOfPage":{"@id":"https:\/\/noticiasmercedinas.com\/site\/2024\/06\/30\/carteros-sigue-en-primera-y-quilmes-paso-a-segunda\/"},"wordCount":327,"publisher":{"@id":"https:\/\/noticiasmercedinas.com\/site\/#organization"},"image":{"@id":"https:\/\/noticiasmercedinas.com\/site\/2024\/06\/30\/carteros-sigue-en-primera-y-quilmes-paso-a-segunda\/#primaryimage"},"thumbnailUrl":"https:\/\/noticiasmercedinas.com\/site\/wp-content\/uploads\/2024\/06\/IMG_5845.jpg","keywords":["Liga Mercedina de F\u00fatbol","Zona Permanencia"],"articleSection":["Deportes"],"inLanguage":"es"},{"@type":"WebPage","@id":"https:\/\/noticiasmercedinas.com\/site\/2024\/06\/30\/carteros-sigue-en-primera-y-quilmes-paso-a-segunda\/","url":"https:\/\/noticiasmercedinas.com\/site\/2024\/06\/30\/carteros-sigue-en-primera-y-quilmes-paso-a-segunda\/","name":"Carteros sigue en Primera y Quilmes pas\u00f3 a Segunda","isPartOf":{"@id":"https:\/\/noticiasmercedinas.com\/site\/#website"},"primaryImageOfPage":{"@id":"https:\/\/noticiasmercedinas.com\/site\/2024\/06\/30\/carteros-sigue-en-primera-y-quilmes-paso-a-segunda\/#primaryimage"},"image":{"@id":"https:\/\/noticiasmercedinas.com\/site\/2024\/06\/30\/carteros-sigue-en-primera-y-quilmes-paso-a-segunda\/#primaryimage"},"thumbnailUrl":"https:\/\/noticiasmercedinas.com\/site\/wp-content\/uploads\/2024\/06\/IMG_5845.jpg","datePublished":"2024-07-01T02:10:40+00:00","breadcrumb":{"@id":"https:\/\/noticiasmercedinas.com\/site\/2024\/06\/30\/carteros-sigue-en-primera-y-quilmes-paso-a-segunda\/#breadcrumb"},"inLanguage":"es","potentialAction":[{"@type":"ReadAction","target":["https:\/\/noticiasmercedinas.com\/site\/2024\/06\/30\/carteros-sigue-en-primera-y-quilmes-paso-a-segunda\/"]}]},{"@type":"ImageObject","inLanguage":"es","@id":"https:\/\/noticiasmercedinas.com\/site\/2024\/06\/30\/carteros-sigue-en-primera-y-quilmes-paso-a-segunda\/#primaryimage","url":"https:\/\/noticiasmercedinas.com\/site\/wp-content\/uploads\/2024\/06\/IMG_5845.jpg","contentUrl":"https:\/\/noticiasmercedinas.com\/site\/wp-content\/uploads\/2024\/06\/IMG_5845.jpg","width":640,"height":427},{"@type":"BreadcrumbList","@id":"https:\/\/noticiasmercedinas.com\/site\/2024\/06\/30\/carteros-sigue-en-primera-y-quilmes-paso-a-segunda\/#breadcrumb","itemListElement":[{"@type":"ListItem","position":1,"name":"Portada","item":"https:\/\/noticiasmercedinas.com\/site\/"},{"@type":"ListItem","position":2,"name":"Carteros sigue en Primera y Quilmes pas\u00f3 a Segunda"}]},{"@type":"WebSite","@id":"https:\/\/noticiasmercedinas.com\/site\/#website","url":"https:\/\/noticiasmercedinas.com\/site\/","name":"NOTICIASMERCEDINAS.COM","description":"Mercedes, Buenos Aires, Argentina","publisher":{"@id":"https:\/\/noticiasmercedinas.com\/site\/#organization"},"potentialAction":[{"@type":"SearchAction","target":{"@type":"EntryPoint","urlTemplate":"https:\/\/noticiasmercedinas.com\/site\/?s={search_term_string}"},"query-input":{"@type":"PropertyValueSpecification","valueRequired":true,"valueName":"search_term_string"}}],"inLanguage":"es"},{"@type":"Organization","@id":"https:\/\/noticiasmercedinas.com\/site\/#organization","name":"NOTICIASMERCEDINAS.COM","url":"https:\/\/noticiasmercedinas.com\/site\/","logo":{"@type":"ImageObject","inLanguage":"es","@id":"https:\/\/noticiasmercedinas.com\/site\/#\/schema\/logo\/image\/","url":"https:\/\/noticiasmercedinas.com\/site\/wp-content\/uploads\/2020\/06\/LOGO-512.jpg","contentUrl":"https:\/\/noticiasmercedinas.com\/site\/wp-content\/uploads\/2020\/06\/LOGO-512.jpg","width":512,"height":512,"caption":"NOTICIASMERCEDINAS.COM"},"image":{"@id":"https:\/\/noticiasmercedinas.com\/site\/#\/schema\/logo\/image\/"},"sameAs":["https:\/\/www.facebook.com\/noticiasmercedinas\/","https:\/\/x.com\/notmercedinas","https:\/\/www.instagram.com\/noticiasmercedinas\/"]},{"@type":"Person","@id":"https:\/\/noticiasmercedinas.com\/site\/#\/schema\/person\/8f2f09d666ef40986eba4a5e6f2a06f9","name":"Juan Dagnino NOTICIASMERCEDINAS.COM","image":{"@type":"ImageObject","inLanguage":"es","@id":"https:\/\/secure.gravatar.com\/avatar\/fc7059a769f5a3cae65fadb228a3e4accf3a64b4b2305020d0a27e6d5333c91b?s=96&d=mm&r=g","url":"https:\/\/secure.gravatar.com\/avatar\/fc7059a769f5a3cae65fadb228a3e4accf3a64b4b2305020d0a27e6d5333c91b?s=96&d=mm&r=g","contentUrl":"https:\/\/secure.gravatar.com\/avatar\/fc7059a769f5a3cae65fadb228a3e4accf3a64b4b2305020d0a27e6d5333c91b?s=96&d=mm&r=g","caption":"Juan Dagnino NOTICIASMERCEDINAS.COM"},"url":"https:\/\/noticiasmercedinas.com\/site\/author\/juandagnino\/"}]}},"amp_enabled":true,"_links":{"self":[{"href":"https:\/\/noticiasmercedinas.com\/site\/wp-json\/wp\/v2\/posts\/139304","targetHints":{"allow":["GET"]}}],"collection":[{"href":"https:\/\/noticiasmercedinas.com\/site\/wp-json\/wp\/v2\/posts"}],"about":[{"href":"https:\/\/noticiasmercedinas.com\/site\/wp-json\/wp\/v2\/types\/post"}],"author":[{"embeddable":true,"href":"https:\/\/noticiasmercedinas.com\/site\/wp-json\/wp\/v2\/users\/6"}],"replies":[{"embeddable":true,"href":"https:\/\/noticiasmercedinas.com\/site\/wp-json\/wp\/v2\/comments?post=139304"}],"version-history":[{"count":1,"href":"https:\/\/noticiasmercedinas.com\/site\/wp-json\/wp\/v2\/posts\/139304\/revisions"}],"predecessor-version":[{"id":139307,"href":"https:\/\/noticiasmercedinas.com\/site\/wp-json\/wp\/v2\/posts\/139304\/revisions\/139307"}],"wp:featuredmedia":[{"embeddable":true,"href":"https:\/\/noticiasmercedinas.com\/site\/wp-json\/wp\/v2\/media\/139305"}],"wp:attachment":[{"href":"https:\/\/noticiasmercedinas.com\/site\/wp-json\/wp\/v2\/media?parent=139304"}],"wp:term":[{"taxonomy":"category","embeddable":true,"href":"https:\/\/noticiasmercedinas.com\/site\/wp-json\/wp\/v2\/categories?post=139304"},{"taxonomy":"post_tag","embeddable":true,"href":"https:\/\/noticiasmercedinas.com\/site\/wp-json\/wp\/v2\/tags?post=139304"}],"curies":[{"name":"wp","href":"https:\/\/api.w.org\/{rel}","templated":true}]}}