{"id":13941,"date":"2019-03-12T11:10:44","date_gmt":"2019-03-12T14:10:44","guid":{"rendered":"https:\/\/noticiasmercedinas.com\/site\/?p=13941"},"modified":"2019-03-12T11:10:44","modified_gmt":"2019-03-12T14:10:44","slug":"violencia-hacia-la-mujer-municipales-se-reunen-en-benito-juarez","status":"publish","type":"post","link":"https:\/\/noticiasmercedinas.com\/site\/2019\/03\/12\/violencia-hacia-la-mujer-municipales-se-reunen-en-benito-juarez\/","title":{"rendered":"Violencia hacia la mujer: municipales se re\u00fanen en Benito Juarez"},"content":{"rendered":"<figure id=\"attachment_13943\" aria-describedby=\"caption-attachment-13943\" style=\"width: 719px\" class=\"wp-caption alignnone\"><img loading=\"lazy\" decoding=\"async\" class=\"size-full wp-image-13943\" src=\"https:\/\/noticiasmercedinas.com\/site\/wp-content\/uploads\/2019\/03\/Secretaria-de-la-mujer-Gutierrez-1024x429.jpg\" alt=\"\" width=\"719\" height=\"426\" srcset=\"https:\/\/noticiasmercedinas.com\/site\/wp-content\/uploads\/2019\/03\/Secretaria-de-la-mujer-Gutierrez-1024x429.jpg 719w, https:\/\/noticiasmercedinas.com\/site\/wp-content\/uploads\/2019\/03\/Secretaria-de-la-mujer-Gutierrez-1024x429-300x178.jpg 300w, https:\/\/noticiasmercedinas.com\/site\/wp-content\/uploads\/2019\/03\/Secretaria-de-la-mujer-Gutierrez-1024x429-640x379.jpg 640w, https:\/\/noticiasmercedinas.com\/site\/wp-content\/uploads\/2019\/03\/Secretaria-de-la-mujer-Gutierrez-1024x429-681x403.jpg 681w\" sizes=\"auto, (max-width: 719px) 100vw, 719px\" \/><figcaption id=\"caption-attachment-13943\" class=\"wp-caption-text\">Liliana Guti\u00e9rrez involucrada en la problem\u00e1tica de la mujer<\/figcaption><\/figure>\n<audio class=\"wp-audio-shortcode\" id=\"audio-13941-1\" preload=\"none\" style=\"width: 100%;\" controls=\"controls\"><source type=\"audio\/mpeg\" src=\"https:\/\/noticiasmercedinas.com\/site\/wp-content\/uploads\/2019\/03\/lil.mp3?_=1\" \/><a href=\"https:\/\/noticiasmercedinas.com\/site\/wp-content\/uploads\/2019\/03\/lil.mp3\">https:\/\/noticiasmercedinas.com\/site\/wp-content\/uploads\/2019\/03\/lil.mp3<\/a><\/audio>\n<p>La gremialista de los trabajadores municipales <strong>Liliana Guti\u00e9rrez<\/strong> ser\u00e1 parte de un importante encuentro en la localidad de Benito Juarez. La dirigente de la Asociaci\u00f3n de Trabajadores Municipales y secretaria de la Mujer y la Familia de la Federaci\u00f3n que conduce Oscar Ruggiero es una de las organizadoras de la conmemoraci\u00f3n por el d\u00eda de la mujer que se har\u00e1 este jueves, con varios reconocimientos y mesas de discusi\u00f3n incluidas en la mencionada localidad bonaerense, donde el encuentro ha sido declarado de inter\u00e9s municipal.<\/p>\n<p>El encuentro de la Federaci\u00f3n de Sindicatos de Trabajadores Municipales de la Provincia de Buenos Aires ser\u00e1 el 14 de marzo. \u201cNos reunimos con integrantes de toda la provincia, y lo hacemos en Benito Juarez. Soy partidaria de ir al interior donde a veces menos llegan las noticias y los encuentros. El secretario general lo aprob\u00f3 con muy buen criterio general. Tratamos de movilizar, ante esta complicada situaci\u00f3n econ\u00f3mica, a la gente de la zona para que se vuelva en el d\u00eda y tenga tiempo. El tema a tratar es <em>Una mujer, una vida, un futuro<\/em>. Es una caja de Pandora y tenemos para incluir la violencia en el trabajo y la violencia a las ni\u00f1as sobre todo, ya que en el interior como se dice es <em>pueblo chico, infierno grande<\/em>, y esas cosas se tapan y no salen a la luz\u201d, dijo a este medio la mercedina Liliana Guti\u00e9rrez.<\/p>\n<p>En el encuentro habr\u00e1 participaci\u00f3n de psic\u00f3logas y abogadas especializadas en la materia. \u201cHay cosas que suceden dentro de 4 paredes, en la propia casa, con alg\u00fan pariente. Nos preocupan las aberraciones que existen. Tenemos estad\u00edsticas por provincia sobre la violencia hacia la mujer\u201d, destac\u00f3 Guti\u00e9rrez. \u201cVamos desde la Federaci\u00f3n pero queremos hablar la realidad de Benito Juarez. El intendente nos acompa\u00f1ara y abrir\u00e1 la jornada, tambi\u00e9n estar\u00e1n nuestro Secretario Oscar Ruggiero y su adjunto, y se har\u00e1 una menci\u00f3n y reconocimiento a cuatro mujeres de esa ciudad\u201d, explic\u00f3 sobre la mec\u00e1nica de esta jornada que tendr\u00e1 inicio a las 10 horas y concluir\u00e1 a las 15, e incluir\u00e1 exposiciones y talleres.<\/p>\n<p>\u201cLa idea es dejar un mensaje que sea multiplicador\u201d, dijo Guti\u00e9rrez a NOTICIASMERCEDINAS.COM e indic\u00f3 que es partidaria de tratar la problem\u00e1tica del interior \u201cen particular\u201d.<\/p>\n","protected":false},"excerpt":{"rendered":"<p>La gremialista de los trabajadores municipales Liliana Guti\u00e9rrez ser\u00e1 parte de un importante encuentro en la localidad de Benito Juarez. La dirigente de la Asociaci\u00f3n de Trabajadores Municipales y secretaria de la Mujer y la Familia de la Federaci\u00f3n que conduce Oscar Ruggiero es una de las organizadoras de la conmemoraci\u00f3n por el d\u00eda de [&hellip;]<\/p>\n","protected":false},"author":2,"featured_media":13943,"comment_status":"open","ping_status":"open","sticky":false,"template":"","format":"standard","meta":{"footnotes":""},"categories":[3],"tags":[3871,3869,3628,915,3870,2404,546,916],"class_list":["post-13941","post","type-post","status-publish","format-standard","has-post-thumbnail","hentry","category-sociedad","tag-atmm","tag-benito-juarez","tag-dia-de-la-mujer","tag-federacion-de-sindicatos-de-trabajadores-municipales-de-la-provincia-de-buenos-aires","tag-federacionn","tag-liliana-gutierrez","tag-municipales","tag-oscar-ruggiero"],"yoast_head":"<!-- This site is optimized with the Yoast SEO plugin v27.4 - https:\/\/yoast.com\/product\/yoast-seo-wordpress\/ -->\n<title>Violencia hacia la mujer: municipales se re\u00fanen en Benito Juarez<\/title>\n<meta name=\"robots\" content=\"index, follow, max-snippet:-1, max-image-preview:large, max-video-preview:-1\" \/>\n<link rel=\"canonical\" href=\"https:\/\/noticiasmercedinas.com\/site\/2019\/03\/12\/violencia-hacia-la-mujer-municipales-se-reunen-en-benito-juarez\/\" \/>\n<meta property=\"og:locale\" content=\"es_ES\" \/>\n<meta property=\"og:type\" content=\"article\" \/>\n<meta property=\"og:title\" content=\"Violencia hacia la mujer: municipales se re\u00fanen en Benito Juarez\" \/>\n<meta property=\"og:description\" content=\"La gremialista de los trabajadores municipales Liliana Guti\u00e9rrez ser\u00e1 parte de un importante encuentro en la localidad de Benito Juarez. La dirigente de la Asociaci\u00f3n de Trabajadores Municipales y secretaria de la Mujer y la Familia de la Federaci\u00f3n que conduce Oscar Ruggiero es una de las organizadoras de la conmemoraci\u00f3n por el d\u00eda de [&hellip;]\" \/>\n<meta property=\"og:url\" content=\"https:\/\/noticiasmercedinas.com\/site\/2019\/03\/12\/violencia-hacia-la-mujer-municipales-se-reunen-en-benito-juarez\/\" \/>\n<meta property=\"og:site_name\" content=\"NOTICIASMERCEDINAS.COM\" \/>\n<meta property=\"article:publisher\" content=\"https:\/\/www.facebook.com\/noticiasmercedinas\/\" \/>\n<meta property=\"article:author\" content=\"https:\/\/www.facebook.com\/cristian.falabella\" \/>\n<meta property=\"article:published_time\" content=\"2019-03-12T14:10:44+00:00\" \/>\n<meta property=\"og:image\" content=\"https:\/\/noticiasmercedinas.com\/site\/wp-content\/uploads\/2019\/03\/Secretaria-de-la-mujer-Gutierrez-1024x429.jpg\" \/>\n\t<meta property=\"og:image:width\" content=\"719\" \/>\n\t<meta property=\"og:image:height\" content=\"426\" \/>\n\t<meta property=\"og:image:type\" content=\"image\/jpeg\" \/>\n<meta name=\"author\" content=\"Cristian Falabella NOTICIASMERCEDINAS.COM\" \/>\n<meta name=\"twitter:card\" content=\"summary_large_image\" \/>\n<meta name=\"twitter:creator\" content=\"@https:\/\/twitter.com\/NOTMERCEDINAS\" \/>\n<meta name=\"twitter:site\" content=\"@notmercedinas\" \/>\n<meta name=\"twitter:label1\" content=\"Escrito por\" \/>\n\t<meta name=\"twitter:data1\" content=\"Cristian Falabella NOTICIASMERCEDINAS.COM\" \/>\n\t<meta name=\"twitter:label2\" content=\"Tiempo de lectura\" \/>\n\t<meta name=\"twitter:data2\" content=\"2 minutos\" \/>\n<script type=\"application\/ld+json\" class=\"yoast-schema-graph\">{\"@context\":\"https:\\\/\\\/schema.org\",\"@graph\":[{\"@type\":\"Article\",\"@id\":\"https:\\\/\\\/noticiasmercedinas.com\\\/site\\\/2019\\\/03\\\/12\\\/violencia-hacia-la-mujer-municipales-se-reunen-en-benito-juarez\\\/#article\",\"isPartOf\":{\"@id\":\"https:\\\/\\\/noticiasmercedinas.com\\\/site\\\/2019\\\/03\\\/12\\\/violencia-hacia-la-mujer-municipales-se-reunen-en-benito-juarez\\\/\"},\"author\":{\"name\":\"Cristian Falabella NOTICIASMERCEDINAS.COM\",\"@id\":\"https:\\\/\\\/noticiasmercedinas.com\\\/site\\\/#\\\/schema\\\/person\\\/d481a9696a5feaec13a60e2bbd991a6a\"},\"headline\":\"Violencia hacia la mujer: municipales se re\u00fanen en Benito Juarez\",\"datePublished\":\"2019-03-12T14:10:44+00:00\",\"mainEntityOfPage\":{\"@id\":\"https:\\\/\\\/noticiasmercedinas.com\\\/site\\\/2019\\\/03\\\/12\\\/violencia-hacia-la-mujer-municipales-se-reunen-en-benito-juarez\\\/\"},\"wordCount\":435,\"commentCount\":0,\"publisher\":{\"@id\":\"https:\\\/\\\/noticiasmercedinas.com\\\/site\\\/#organization\"},\"image\":{\"@id\":\"https:\\\/\\\/noticiasmercedinas.com\\\/site\\\/2019\\\/03\\\/12\\\/violencia-hacia-la-mujer-municipales-se-reunen-en-benito-juarez\\\/#primaryimage\"},\"thumbnailUrl\":\"https:\\\/\\\/noticiasmercedinas.com\\\/site\\\/wp-content\\\/uploads\\\/2019\\\/03\\\/Secretaria-de-la-mujer-Gutierrez-1024x429.jpg\",\"keywords\":[\"atmm\",\"benito juarez\",\"d\u00eda de la mujer\",\"Federaci\u00f3n de Sindicatos de Trabajadores Municipales de la Provincia de Buenos Aires\",\"federacionn\",\"liliana gutierrez\",\"municipales\",\"Oscar Ruggiero\"],\"articleSection\":[\"Sociedad\"],\"inLanguage\":\"es\",\"potentialAction\":[{\"@type\":\"CommentAction\",\"name\":\"Comment\",\"target\":[\"https:\\\/\\\/noticiasmercedinas.com\\\/site\\\/2019\\\/03\\\/12\\\/violencia-hacia-la-mujer-municipales-se-reunen-en-benito-juarez\\\/#respond\"]}]},{\"@type\":\"WebPage\",\"@id\":\"https:\\\/\\\/noticiasmercedinas.com\\\/site\\\/2019\\\/03\\\/12\\\/violencia-hacia-la-mujer-municipales-se-reunen-en-benito-juarez\\\/\",\"url\":\"https:\\\/\\\/noticiasmercedinas.com\\\/site\\\/2019\\\/03\\\/12\\\/violencia-hacia-la-mujer-municipales-se-reunen-en-benito-juarez\\\/\",\"name\":\"Violencia hacia la mujer: municipales se re\u00fanen en Benito Juarez\",\"isPartOf\":{\"@id\":\"https:\\\/\\\/noticiasmercedinas.com\\\/site\\\/#website\"},\"primaryImageOfPage\":{\"@id\":\"https:\\\/\\\/noticiasmercedinas.com\\\/site\\\/2019\\\/03\\\/12\\\/violencia-hacia-la-mujer-municipales-se-reunen-en-benito-juarez\\\/#primaryimage\"},\"image\":{\"@id\":\"https:\\\/\\\/noticiasmercedinas.com\\\/site\\\/2019\\\/03\\\/12\\\/violencia-hacia-la-mujer-municipales-se-reunen-en-benito-juarez\\\/#primaryimage\"},\"thumbnailUrl\":\"https:\\\/\\\/noticiasmercedinas.com\\\/site\\\/wp-content\\\/uploads\\\/2019\\\/03\\\/Secretaria-de-la-mujer-Gutierrez-1024x429.jpg\",\"datePublished\":\"2019-03-12T14:10:44+00:00\",\"breadcrumb\":{\"@id\":\"https:\\\/\\\/noticiasmercedinas.com\\\/site\\\/2019\\\/03\\\/12\\\/violencia-hacia-la-mujer-municipales-se-reunen-en-benito-juarez\\\/#breadcrumb\"},\"inLanguage\":\"es\",\"potentialAction\":[{\"@type\":\"ReadAction\",\"target\":[\"https:\\\/\\\/noticiasmercedinas.com\\\/site\\\/2019\\\/03\\\/12\\\/violencia-hacia-la-mujer-municipales-se-reunen-en-benito-juarez\\\/\"]}]},{\"@type\":\"ImageObject\",\"inLanguage\":\"es\",\"@id\":\"https:\\\/\\\/noticiasmercedinas.com\\\/site\\\/2019\\\/03\\\/12\\\/violencia-hacia-la-mujer-municipales-se-reunen-en-benito-juarez\\\/#primaryimage\",\"url\":\"https:\\\/\\\/noticiasmercedinas.com\\\/site\\\/wp-content\\\/uploads\\\/2019\\\/03\\\/Secretaria-de-la-mujer-Gutierrez-1024x429.jpg\",\"contentUrl\":\"https:\\\/\\\/noticiasmercedinas.com\\\/site\\\/wp-content\\\/uploads\\\/2019\\\/03\\\/Secretaria-de-la-mujer-Gutierrez-1024x429.jpg\",\"width\":719,\"height\":426,\"caption\":\"Liliana Guti\u00e9rrez involucrada en la problem\u00e1tica de la mujer\"},{\"@type\":\"BreadcrumbList\",\"@id\":\"https:\\\/\\\/noticiasmercedinas.com\\\/site\\\/2019\\\/03\\\/12\\\/violencia-hacia-la-mujer-municipales-se-reunen-en-benito-juarez\\\/#breadcrumb\",\"itemListElement\":[{\"@type\":\"ListItem\",\"position\":1,\"name\":\"Portada\",\"item\":\"https:\\\/\\\/noticiasmercedinas.com\\\/site\\\/\"},{\"@type\":\"ListItem\",\"position\":2,\"name\":\"Violencia hacia la mujer: municipales se re\u00fanen en Benito Juarez\"}]},{\"@type\":\"WebSite\",\"@id\":\"https:\\\/\\\/noticiasmercedinas.com\\\/site\\\/#website\",\"url\":\"https:\\\/\\\/noticiasmercedinas.com\\\/site\\\/\",\"name\":\"NOTICIASMERCEDINAS.COM\",\"description\":\"Mercedes, Buenos Aires, Argentina\",\"publisher\":{\"@id\":\"https:\\\/\\\/noticiasmercedinas.com\\\/site\\\/#organization\"},\"potentialAction\":[{\"@type\":\"SearchAction\",\"target\":{\"@type\":\"EntryPoint\",\"urlTemplate\":\"https:\\\/\\\/noticiasmercedinas.com\\\/site\\\/?s={search_term_string}\"},\"query-input\":{\"@type\":\"PropertyValueSpecification\",\"valueRequired\":true,\"valueName\":\"search_term_string\"}}],\"inLanguage\":\"es\"},{\"@type\":\"Organization\",\"@id\":\"https:\\\/\\\/noticiasmercedinas.com\\\/site\\\/#organization\",\"name\":\"NOTICIASMERCEDINAS.COM\",\"url\":\"https:\\\/\\\/noticiasmercedinas.com\\\/site\\\/\",\"logo\":{\"@type\":\"ImageObject\",\"inLanguage\":\"es\",\"@id\":\"https:\\\/\\\/noticiasmercedinas.com\\\/site\\\/#\\\/schema\\\/logo\\\/image\\\/\",\"url\":\"https:\\\/\\\/noticiasmercedinas.com\\\/site\\\/wp-content\\\/uploads\\\/2020\\\/06\\\/LOGO-512.jpg\",\"contentUrl\":\"https:\\\/\\\/noticiasmercedinas.com\\\/site\\\/wp-content\\\/uploads\\\/2020\\\/06\\\/LOGO-512.jpg\",\"width\":512,\"height\":512,\"caption\":\"NOTICIASMERCEDINAS.COM\"},\"image\":{\"@id\":\"https:\\\/\\\/noticiasmercedinas.com\\\/site\\\/#\\\/schema\\\/logo\\\/image\\\/\"},\"sameAs\":[\"https:\\\/\\\/www.facebook.com\\\/noticiasmercedinas\\\/\",\"https:\\\/\\\/x.com\\\/notmercedinas\",\"https:\\\/\\\/www.instagram.com\\\/noticiasmercedinas\\\/\"]},{\"@type\":\"Person\",\"@id\":\"https:\\\/\\\/noticiasmercedinas.com\\\/site\\\/#\\\/schema\\\/person\\\/d481a9696a5feaec13a60e2bbd991a6a\",\"name\":\"Cristian Falabella NOTICIASMERCEDINAS.COM\",\"image\":{\"@type\":\"ImageObject\",\"inLanguage\":\"es\",\"@id\":\"https:\\\/\\\/secure.gravatar.com\\\/avatar\\\/0dbbfc45970cc46bcd0e57766228574ff3511d6eed045b182f536f0f478c1f06?s=96&d=mm&r=g\",\"url\":\"https:\\\/\\\/secure.gravatar.com\\\/avatar\\\/0dbbfc45970cc46bcd0e57766228574ff3511d6eed045b182f536f0f478c1f06?s=96&d=mm&r=g\",\"contentUrl\":\"https:\\\/\\\/secure.gravatar.com\\\/avatar\\\/0dbbfc45970cc46bcd0e57766228574ff3511d6eed045b182f536f0f478c1f06?s=96&d=mm&r=g\",\"caption\":\"Cristian Falabella NOTICIASMERCEDINAS.COM\"},\"description\":\"Periodista, editor de Noticias Mercedinas. Pas\u00f3 por varias redacciones y emprendimientos de prensa, en distintos formatos y \u00e9pocas. Se especializ\u00f3 --y sigue haci\u00e9ndolo-- en comunicaci\u00f3n en la web y en junio de 2006 fund\u00f3 este diario digital.\",\"sameAs\":[\"https:\\\/\\\/noticiasmercedinas.com\",\"https:\\\/\\\/www.facebook.com\\\/cristian.falabella\",\"https:\\\/\\\/www.instagram.com\\\/noticiasmercedinas\\\/\",\"https:\\\/\\\/x.com\\\/https:\\\/\\\/twitter.com\\\/NOTMERCEDINAS\"],\"url\":\"https:\\\/\\\/noticiasmercedinas.com\\\/site\\\/author\\\/as000384\\\/\"}]}<\/script>\n<!-- \/ Yoast SEO plugin. -->","yoast_head_json":{"title":"Violencia hacia la mujer: municipales se re\u00fanen en Benito Juarez","robots":{"index":"index","follow":"follow","max-snippet":"max-snippet:-1","max-image-preview":"max-image-preview:large","max-video-preview":"max-video-preview:-1"},"canonical":"https:\/\/noticiasmercedinas.com\/site\/2019\/03\/12\/violencia-hacia-la-mujer-municipales-se-reunen-en-benito-juarez\/","og_locale":"es_ES","og_type":"article","og_title":"Violencia hacia la mujer: municipales se re\u00fanen en Benito Juarez","og_description":"La gremialista de los trabajadores municipales Liliana Guti\u00e9rrez ser\u00e1 parte de un importante encuentro en la localidad de Benito Juarez. La dirigente de la Asociaci\u00f3n de Trabajadores Municipales y secretaria de la Mujer y la Familia de la Federaci\u00f3n que conduce Oscar Ruggiero es una de las organizadoras de la conmemoraci\u00f3n por el d\u00eda de [&hellip;]","og_url":"https:\/\/noticiasmercedinas.com\/site\/2019\/03\/12\/violencia-hacia-la-mujer-municipales-se-reunen-en-benito-juarez\/","og_site_name":"NOTICIASMERCEDINAS.COM","article_publisher":"https:\/\/www.facebook.com\/noticiasmercedinas\/","article_author":"https:\/\/www.facebook.com\/cristian.falabella","article_published_time":"2019-03-12T14:10:44+00:00","og_image":[{"width":719,"height":426,"url":"https:\/\/noticiasmercedinas.com\/site\/wp-content\/uploads\/2019\/03\/Secretaria-de-la-mujer-Gutierrez-1024x429.jpg","type":"image\/jpeg"}],"author":"Cristian Falabella NOTICIASMERCEDINAS.COM","twitter_card":"summary_large_image","twitter_creator":"@https:\/\/twitter.com\/NOTMERCEDINAS","twitter_site":"@notmercedinas","twitter_misc":{"Escrito por":"Cristian Falabella NOTICIASMERCEDINAS.COM","Tiempo de lectura":"2 minutos"},"schema":{"@context":"https:\/\/schema.org","@graph":[{"@type":"Article","@id":"https:\/\/noticiasmercedinas.com\/site\/2019\/03\/12\/violencia-hacia-la-mujer-municipales-se-reunen-en-benito-juarez\/#article","isPartOf":{"@id":"https:\/\/noticiasmercedinas.com\/site\/2019\/03\/12\/violencia-hacia-la-mujer-municipales-se-reunen-en-benito-juarez\/"},"author":{"name":"Cristian Falabella NOTICIASMERCEDINAS.COM","@id":"https:\/\/noticiasmercedinas.com\/site\/#\/schema\/person\/d481a9696a5feaec13a60e2bbd991a6a"},"headline":"Violencia hacia la mujer: municipales se re\u00fanen en Benito Juarez","datePublished":"2019-03-12T14:10:44+00:00","mainEntityOfPage":{"@id":"https:\/\/noticiasmercedinas.com\/site\/2019\/03\/12\/violencia-hacia-la-mujer-municipales-se-reunen-en-benito-juarez\/"},"wordCount":435,"commentCount":0,"publisher":{"@id":"https:\/\/noticiasmercedinas.com\/site\/#organization"},"image":{"@id":"https:\/\/noticiasmercedinas.com\/site\/2019\/03\/12\/violencia-hacia-la-mujer-municipales-se-reunen-en-benito-juarez\/#primaryimage"},"thumbnailUrl":"https:\/\/noticiasmercedinas.com\/site\/wp-content\/uploads\/2019\/03\/Secretaria-de-la-mujer-Gutierrez-1024x429.jpg","keywords":["atmm","benito juarez","d\u00eda de la mujer","Federaci\u00f3n de Sindicatos de Trabajadores Municipales de la Provincia de Buenos Aires","federacionn","liliana gutierrez","municipales","Oscar Ruggiero"],"articleSection":["Sociedad"],"inLanguage":"es","potentialAction":[{"@type":"CommentAction","name":"Comment","target":["https:\/\/noticiasmercedinas.com\/site\/2019\/03\/12\/violencia-hacia-la-mujer-municipales-se-reunen-en-benito-juarez\/#respond"]}]},{"@type":"WebPage","@id":"https:\/\/noticiasmercedinas.com\/site\/2019\/03\/12\/violencia-hacia-la-mujer-municipales-se-reunen-en-benito-juarez\/","url":"https:\/\/noticiasmercedinas.com\/site\/2019\/03\/12\/violencia-hacia-la-mujer-municipales-se-reunen-en-benito-juarez\/","name":"Violencia hacia la mujer: municipales se re\u00fanen en Benito Juarez","isPartOf":{"@id":"https:\/\/noticiasmercedinas.com\/site\/#website"},"primaryImageOfPage":{"@id":"https:\/\/noticiasmercedinas.com\/site\/2019\/03\/12\/violencia-hacia-la-mujer-municipales-se-reunen-en-benito-juarez\/#primaryimage"},"image":{"@id":"https:\/\/noticiasmercedinas.com\/site\/2019\/03\/12\/violencia-hacia-la-mujer-municipales-se-reunen-en-benito-juarez\/#primaryimage"},"thumbnailUrl":"https:\/\/noticiasmercedinas.com\/site\/wp-content\/uploads\/2019\/03\/Secretaria-de-la-mujer-Gutierrez-1024x429.jpg","datePublished":"2019-03-12T14:10:44+00:00","breadcrumb":{"@id":"https:\/\/noticiasmercedinas.com\/site\/2019\/03\/12\/violencia-hacia-la-mujer-municipales-se-reunen-en-benito-juarez\/#breadcrumb"},"inLanguage":"es","potentialAction":[{"@type":"ReadAction","target":["https:\/\/noticiasmercedinas.com\/site\/2019\/03\/12\/violencia-hacia-la-mujer-municipales-se-reunen-en-benito-juarez\/"]}]},{"@type":"ImageObject","inLanguage":"es","@id":"https:\/\/noticiasmercedinas.com\/site\/2019\/03\/12\/violencia-hacia-la-mujer-municipales-se-reunen-en-benito-juarez\/#primaryimage","url":"https:\/\/noticiasmercedinas.com\/site\/wp-content\/uploads\/2019\/03\/Secretaria-de-la-mujer-Gutierrez-1024x429.jpg","contentUrl":"https:\/\/noticiasmercedinas.com\/site\/wp-content\/uploads\/2019\/03\/Secretaria-de-la-mujer-Gutierrez-1024x429.jpg","width":719,"height":426,"caption":"Liliana Guti\u00e9rrez involucrada en la problem\u00e1tica de la mujer"},{"@type":"BreadcrumbList","@id":"https:\/\/noticiasmercedinas.com\/site\/2019\/03\/12\/violencia-hacia-la-mujer-municipales-se-reunen-en-benito-juarez\/#breadcrumb","itemListElement":[{"@type":"ListItem","position":1,"name":"Portada","item":"https:\/\/noticiasmercedinas.com\/site\/"},{"@type":"ListItem","position":2,"name":"Violencia hacia la mujer: municipales se re\u00fanen en Benito Juarez"}]},{"@type":"WebSite","@id":"https:\/\/noticiasmercedinas.com\/site\/#website","url":"https:\/\/noticiasmercedinas.com\/site\/","name":"NOTICIASMERCEDINAS.COM","description":"Mercedes, Buenos Aires, Argentina","publisher":{"@id":"https:\/\/noticiasmercedinas.com\/site\/#organization"},"potentialAction":[{"@type":"SearchAction","target":{"@type":"EntryPoint","urlTemplate":"https:\/\/noticiasmercedinas.com\/site\/?s={search_term_string}"},"query-input":{"@type":"PropertyValueSpecification","valueRequired":true,"valueName":"search_term_string"}}],"inLanguage":"es"},{"@type":"Organization","@id":"https:\/\/noticiasmercedinas.com\/site\/#organization","name":"NOTICIASMERCEDINAS.COM","url":"https:\/\/noticiasmercedinas.com\/site\/","logo":{"@type":"ImageObject","inLanguage":"es","@id":"https:\/\/noticiasmercedinas.com\/site\/#\/schema\/logo\/image\/","url":"https:\/\/noticiasmercedinas.com\/site\/wp-content\/uploads\/2020\/06\/LOGO-512.jpg","contentUrl":"https:\/\/noticiasmercedinas.com\/site\/wp-content\/uploads\/2020\/06\/LOGO-512.jpg","width":512,"height":512,"caption":"NOTICIASMERCEDINAS.COM"},"image":{"@id":"https:\/\/noticiasmercedinas.com\/site\/#\/schema\/logo\/image\/"},"sameAs":["https:\/\/www.facebook.com\/noticiasmercedinas\/","https:\/\/x.com\/notmercedinas","https:\/\/www.instagram.com\/noticiasmercedinas\/"]},{"@type":"Person","@id":"https:\/\/noticiasmercedinas.com\/site\/#\/schema\/person\/d481a9696a5feaec13a60e2bbd991a6a","name":"Cristian Falabella NOTICIASMERCEDINAS.COM","image":{"@type":"ImageObject","inLanguage":"es","@id":"https:\/\/secure.gravatar.com\/avatar\/0dbbfc45970cc46bcd0e57766228574ff3511d6eed045b182f536f0f478c1f06?s=96&d=mm&r=g","url":"https:\/\/secure.gravatar.com\/avatar\/0dbbfc45970cc46bcd0e57766228574ff3511d6eed045b182f536f0f478c1f06?s=96&d=mm&r=g","contentUrl":"https:\/\/secure.gravatar.com\/avatar\/0dbbfc45970cc46bcd0e57766228574ff3511d6eed045b182f536f0f478c1f06?s=96&d=mm&r=g","caption":"Cristian Falabella NOTICIASMERCEDINAS.COM"},"description":"Periodista, editor de Noticias Mercedinas. Pas\u00f3 por varias redacciones y emprendimientos de prensa, en distintos formatos y \u00e9pocas. Se especializ\u00f3 --y sigue haci\u00e9ndolo-- en comunicaci\u00f3n en la web y en junio de 2006 fund\u00f3 este diario digital.","sameAs":["https:\/\/noticiasmercedinas.com","https:\/\/www.facebook.com\/cristian.falabella","https:\/\/www.instagram.com\/noticiasmercedinas\/","https:\/\/x.com\/https:\/\/twitter.com\/NOTMERCEDINAS"],"url":"https:\/\/noticiasmercedinas.com\/site\/author\/as000384\/"}]}},"amp_enabled":true,"_links":{"self":[{"href":"https:\/\/noticiasmercedinas.com\/site\/wp-json\/wp\/v2\/posts\/13941","targetHints":{"allow":["GET"]}}],"collection":[{"href":"https:\/\/noticiasmercedinas.com\/site\/wp-json\/wp\/v2\/posts"}],"about":[{"href":"https:\/\/noticiasmercedinas.com\/site\/wp-json\/wp\/v2\/types\/post"}],"author":[{"embeddable":true,"href":"https:\/\/noticiasmercedinas.com\/site\/wp-json\/wp\/v2\/users\/2"}],"replies":[{"embeddable":true,"href":"https:\/\/noticiasmercedinas.com\/site\/wp-json\/wp\/v2\/comments?post=13941"}],"version-history":[{"count":1,"href":"https:\/\/noticiasmercedinas.com\/site\/wp-json\/wp\/v2\/posts\/13941\/revisions"}],"predecessor-version":[{"id":13949,"href":"https:\/\/noticiasmercedinas.com\/site\/wp-json\/wp\/v2\/posts\/13941\/revisions\/13949"}],"wp:featuredmedia":[{"embeddable":true,"href":"https:\/\/noticiasmercedinas.com\/site\/wp-json\/wp\/v2\/media\/13943"}],"wp:attachment":[{"href":"https:\/\/noticiasmercedinas.com\/site\/wp-json\/wp\/v2\/media?parent=13941"}],"wp:term":[{"taxonomy":"category","embeddable":true,"href":"https:\/\/noticiasmercedinas.com\/site\/wp-json\/wp\/v2\/categories?post=13941"},{"taxonomy":"post_tag","embeddable":true,"href":"https:\/\/noticiasmercedinas.com\/site\/wp-json\/wp\/v2\/tags?post=13941"}],"curies":[{"name":"wp","href":"https:\/\/api.w.org\/{rel}","templated":true}]}}