{"id":139823,"date":"2024-07-08T15:42:15","date_gmt":"2024-07-08T18:42:15","guid":{"rendered":"https:\/\/noticiasmercedinas.com\/site\/?p=139823"},"modified":"2024-07-08T15:42:15","modified_gmt":"2024-07-08T18:42:15","slug":"dan-a-conocer-el-cronograma-de-castraciones-y-vacunaciones-para-julio","status":"publish","type":"post","link":"https:\/\/noticiasmercedinas.com\/site\/2024\/07\/08\/dan-a-conocer-el-cronograma-de-castraciones-y-vacunaciones-para-julio\/","title":{"rendered":"Dan a conocer el cronograma de castraciones y vacunaciones para julio"},"content":{"rendered":"<p><img loading=\"lazy\" decoding=\"async\" class=\"alignnone size-full wp-image-109393\" src=\"https:\/\/noticiasmercedinas.com\/site\/wp-content\/uploads\/2023\/02\/castraciones_vacunacion.jpeg\" alt=\"\" width=\"640\" height=\"427\" srcset=\"https:\/\/noticiasmercedinas.com\/site\/wp-content\/uploads\/2023\/02\/castraciones_vacunacion.jpeg 640w, https:\/\/noticiasmercedinas.com\/site\/wp-content\/uploads\/2023\/02\/castraciones_vacunacion-300x200.jpeg 300w\" sizes=\"auto, (max-width: 640px) 100vw, 640px\" \/><\/p>\n<p>Con la llegada de julio, el equipo de Zoonosis de la ciudad ha anunciado el cronograma de castraciones y vacunaciones antirr\u00e1bicas que se llevar\u00e1n a cabo en distintos barrios.<\/p>\n<p>Las castraciones y la vacunaci\u00f3n antirr\u00e1bica son gratuitas.<\/p>\n<p><strong>Vacunaci\u00f3n<br \/>\n<\/strong>La vacunaci\u00f3n antirr\u00e1bica se realizar\u00e1 de 8 a 12 hs y es un **servicio gratuito**. A continuaci\u00f3n, se detalla el cronograma por barrios:<\/p>\n<p>&#8211; Barrio Pe\u00f1aloza (calle 60 y 19)<br \/>\n&#8211; Del 1\/7 al 5\/7<\/p>\n<p>&#8211; C.C. La Trocha (Av. 40 y 21)<br \/>\n&#8211; El 8\/7<br \/>\n&#8211; Del 10\/7 al 31\/7<\/p>\n<p>Para la vacunaci\u00f3n, los perros deben concurrir con collar y correa, mientras que los gatos deben ser llevados en una transportadora o bolso.<\/p>\n<p><strong>Castraciones<\/strong><br \/>\nLas castraciones se realizar\u00e1n con turno previo, llamando al 2324 350038. Estos procedimientos tendr\u00e1n lugar en el Quir\u00f3fano M\u00f3vil y en Zoonosis (Av. 2 y 9).<\/p>\n<p>Es importante que los animales concurran con 8 horas de ayuno y traer una manta para abrigarlos despu\u00e9s de la cirug\u00eda. Adem\u00e1s, se debe presentar el DNI que acredite el domicilio en Mercedes.<\/p>\n<p><img loading=\"lazy\" decoding=\"async\" class=\"alignnone size-full wp-image-139824\" src=\"https:\/\/noticiasmercedinas.com\/site\/wp-content\/uploads\/2024\/07\/CASTRACIONES.jpg\" alt=\"\" width=\"640\" height=\"801\" srcset=\"https:\/\/noticiasmercedinas.com\/site\/wp-content\/uploads\/2024\/07\/CASTRACIONES.jpg 640w, https:\/\/noticiasmercedinas.com\/site\/wp-content\/uploads\/2024\/07\/CASTRACIONES-240x300.jpg 240w\" sizes=\"auto, (max-width: 640px) 100vw, 640px\" \/><\/p>\n","protected":false},"excerpt":{"rendered":"<p>Con la llegada de julio, el equipo de Zoonosis de la ciudad ha anunciado el cronograma de castraciones y vacunaciones antirr\u00e1bicas que se llevar\u00e1n a cabo en distintos barrios. Las castraciones y la vacunaci\u00f3n antirr\u00e1bica son gratuitas. Vacunaci\u00f3n La vacunaci\u00f3n antirr\u00e1bica se realizar\u00e1 de 8 a 12 hs y es un **servicio gratuito**. A continuaci\u00f3n, [&hellip;]<\/p>\n","protected":false},"author":16,"featured_media":109393,"comment_status":"closed","ping_status":"closed","sticky":false,"template":"","format":"standard","meta":{"footnotes":""},"categories":[8992],"tags":[3302,6063,365,3203],"class_list":["post-139823","post","type-post","status-publish","format-standard","has-post-thumbnail","hentry","category-bienestar","tag-castraciones","tag-mascotas","tag-vacunacion","tag-zoonosis"],"yoast_head":"<!-- This site is optimized with the Yoast SEO plugin v27.4 - https:\/\/yoast.com\/product\/yoast-seo-wordpress\/ -->\n<title>Dan a conocer el cronograma de castraciones y vacunaciones para julio<\/title>\n<meta name=\"robots\" content=\"index, follow, max-snippet:-1, max-image-preview:large, max-video-preview:-1\" \/>\n<link rel=\"canonical\" href=\"https:\/\/noticiasmercedinas.com\/site\/2024\/07\/08\/dan-a-conocer-el-cronograma-de-castraciones-y-vacunaciones-para-julio\/\" \/>\n<meta property=\"og:locale\" content=\"es_ES\" \/>\n<meta property=\"og:type\" content=\"article\" \/>\n<meta property=\"og:title\" content=\"Dan a conocer el cronograma de castraciones y vacunaciones para julio\" \/>\n<meta property=\"og:description\" content=\"Con la llegada de julio, el equipo de Zoonosis de la ciudad ha anunciado el cronograma de castraciones y vacunaciones antirr\u00e1bicas que se llevar\u00e1n a cabo en distintos barrios. Las castraciones y la vacunaci\u00f3n antirr\u00e1bica son gratuitas. Vacunaci\u00f3n La vacunaci\u00f3n antirr\u00e1bica se realizar\u00e1 de 8 a 12 hs y es un **servicio gratuito**. A continuaci\u00f3n, [&hellip;]\" \/>\n<meta property=\"og:url\" content=\"https:\/\/noticiasmercedinas.com\/site\/2024\/07\/08\/dan-a-conocer-el-cronograma-de-castraciones-y-vacunaciones-para-julio\/\" \/>\n<meta property=\"og:site_name\" content=\"NOTICIASMERCEDINAS.COM\" \/>\n<meta property=\"article:publisher\" content=\"https:\/\/www.facebook.com\/noticiasmercedinas\/\" \/>\n<meta property=\"article:published_time\" content=\"2024-07-08T18:42:15+00:00\" \/>\n<meta property=\"og:image\" content=\"https:\/\/noticiasmercedinas.com\/site\/wp-content\/uploads\/2023\/02\/castraciones_vacunacion.jpeg\" \/>\n\t<meta property=\"og:image:width\" content=\"640\" \/>\n\t<meta property=\"og:image:height\" content=\"427\" \/>\n\t<meta property=\"og:image:type\" content=\"image\/jpeg\" \/>\n<meta name=\"author\" content=\"NOTICIASMERCEDINAS.COM\" \/>\n<meta name=\"twitter:card\" content=\"summary_large_image\" \/>\n<meta name=\"twitter:creator\" content=\"@notmercedinas\" \/>\n<meta name=\"twitter:site\" content=\"@notmercedinas\" \/>\n<meta name=\"twitter:label1\" content=\"Escrito por\" \/>\n\t<meta name=\"twitter:data1\" content=\"NOTICIASMERCEDINAS.COM\" \/>\n\t<meta name=\"twitter:label2\" content=\"Tiempo de lectura\" \/>\n\t<meta name=\"twitter:data2\" content=\"1 minuto\" \/>\n<script type=\"application\/ld+json\" class=\"yoast-schema-graph\">{\"@context\":\"https:\\\/\\\/schema.org\",\"@graph\":[{\"@type\":\"Article\",\"@id\":\"https:\\\/\\\/noticiasmercedinas.com\\\/site\\\/2024\\\/07\\\/08\\\/dan-a-conocer-el-cronograma-de-castraciones-y-vacunaciones-para-julio\\\/#article\",\"isPartOf\":{\"@id\":\"https:\\\/\\\/noticiasmercedinas.com\\\/site\\\/2024\\\/07\\\/08\\\/dan-a-conocer-el-cronograma-de-castraciones-y-vacunaciones-para-julio\\\/\"},\"author\":{\"name\":\"NOTICIASMERCEDINAS.COM\",\"@id\":\"https:\\\/\\\/noticiasmercedinas.com\\\/site\\\/#\\\/schema\\\/person\\\/84b59c099c28ff2e8b77d4ceec5d8063\"},\"headline\":\"Dan a conocer el cronograma de castraciones y vacunaciones para julio\",\"datePublished\":\"2024-07-08T18:42:15+00:00\",\"mainEntityOfPage\":{\"@id\":\"https:\\\/\\\/noticiasmercedinas.com\\\/site\\\/2024\\\/07\\\/08\\\/dan-a-conocer-el-cronograma-de-castraciones-y-vacunaciones-para-julio\\\/\"},\"wordCount\":185,\"publisher\":{\"@id\":\"https:\\\/\\\/noticiasmercedinas.com\\\/site\\\/#organization\"},\"image\":{\"@id\":\"https:\\\/\\\/noticiasmercedinas.com\\\/site\\\/2024\\\/07\\\/08\\\/dan-a-conocer-el-cronograma-de-castraciones-y-vacunaciones-para-julio\\\/#primaryimage\"},\"thumbnailUrl\":\"https:\\\/\\\/noticiasmercedinas.com\\\/site\\\/wp-content\\\/uploads\\\/2023\\\/02\\\/castraciones_vacunacion.jpeg\",\"keywords\":[\"castraciones\",\"mascotas\",\"vacunacion\",\"zoonosis\"],\"articleSection\":[\"Bienestar\"],\"inLanguage\":\"es\"},{\"@type\":\"WebPage\",\"@id\":\"https:\\\/\\\/noticiasmercedinas.com\\\/site\\\/2024\\\/07\\\/08\\\/dan-a-conocer-el-cronograma-de-castraciones-y-vacunaciones-para-julio\\\/\",\"url\":\"https:\\\/\\\/noticiasmercedinas.com\\\/site\\\/2024\\\/07\\\/08\\\/dan-a-conocer-el-cronograma-de-castraciones-y-vacunaciones-para-julio\\\/\",\"name\":\"Dan a conocer el cronograma de castraciones y vacunaciones para julio\",\"isPartOf\":{\"@id\":\"https:\\\/\\\/noticiasmercedinas.com\\\/site\\\/#website\"},\"primaryImageOfPage\":{\"@id\":\"https:\\\/\\\/noticiasmercedinas.com\\\/site\\\/2024\\\/07\\\/08\\\/dan-a-conocer-el-cronograma-de-castraciones-y-vacunaciones-para-julio\\\/#primaryimage\"},\"image\":{\"@id\":\"https:\\\/\\\/noticiasmercedinas.com\\\/site\\\/2024\\\/07\\\/08\\\/dan-a-conocer-el-cronograma-de-castraciones-y-vacunaciones-para-julio\\\/#primaryimage\"},\"thumbnailUrl\":\"https:\\\/\\\/noticiasmercedinas.com\\\/site\\\/wp-content\\\/uploads\\\/2023\\\/02\\\/castraciones_vacunacion.jpeg\",\"datePublished\":\"2024-07-08T18:42:15+00:00\",\"breadcrumb\":{\"@id\":\"https:\\\/\\\/noticiasmercedinas.com\\\/site\\\/2024\\\/07\\\/08\\\/dan-a-conocer-el-cronograma-de-castraciones-y-vacunaciones-para-julio\\\/#breadcrumb\"},\"inLanguage\":\"es\",\"potentialAction\":[{\"@type\":\"ReadAction\",\"target\":[\"https:\\\/\\\/noticiasmercedinas.com\\\/site\\\/2024\\\/07\\\/08\\\/dan-a-conocer-el-cronograma-de-castraciones-y-vacunaciones-para-julio\\\/\"]}]},{\"@type\":\"ImageObject\",\"inLanguage\":\"es\",\"@id\":\"https:\\\/\\\/noticiasmercedinas.com\\\/site\\\/2024\\\/07\\\/08\\\/dan-a-conocer-el-cronograma-de-castraciones-y-vacunaciones-para-julio\\\/#primaryimage\",\"url\":\"https:\\\/\\\/noticiasmercedinas.com\\\/site\\\/wp-content\\\/uploads\\\/2023\\\/02\\\/castraciones_vacunacion.jpeg\",\"contentUrl\":\"https:\\\/\\\/noticiasmercedinas.com\\\/site\\\/wp-content\\\/uploads\\\/2023\\\/02\\\/castraciones_vacunacion.jpeg\",\"width\":640,\"height\":427},{\"@type\":\"BreadcrumbList\",\"@id\":\"https:\\\/\\\/noticiasmercedinas.com\\\/site\\\/2024\\\/07\\\/08\\\/dan-a-conocer-el-cronograma-de-castraciones-y-vacunaciones-para-julio\\\/#breadcrumb\",\"itemListElement\":[{\"@type\":\"ListItem\",\"position\":1,\"name\":\"Portada\",\"item\":\"https:\\\/\\\/noticiasmercedinas.com\\\/site\\\/\"},{\"@type\":\"ListItem\",\"position\":2,\"name\":\"Dan a conocer el cronograma de castraciones y vacunaciones para julio\"}]},{\"@type\":\"WebSite\",\"@id\":\"https:\\\/\\\/noticiasmercedinas.com\\\/site\\\/#website\",\"url\":\"https:\\\/\\\/noticiasmercedinas.com\\\/site\\\/\",\"name\":\"NOTICIASMERCEDINAS.COM\",\"description\":\"Mercedes, Buenos Aires, Argentina\",\"publisher\":{\"@id\":\"https:\\\/\\\/noticiasmercedinas.com\\\/site\\\/#organization\"},\"potentialAction\":[{\"@type\":\"SearchAction\",\"target\":{\"@type\":\"EntryPoint\",\"urlTemplate\":\"https:\\\/\\\/noticiasmercedinas.com\\\/site\\\/?s={search_term_string}\"},\"query-input\":{\"@type\":\"PropertyValueSpecification\",\"valueRequired\":true,\"valueName\":\"search_term_string\"}}],\"inLanguage\":\"es\"},{\"@type\":\"Organization\",\"@id\":\"https:\\\/\\\/noticiasmercedinas.com\\\/site\\\/#organization\",\"name\":\"NOTICIASMERCEDINAS.COM\",\"url\":\"https:\\\/\\\/noticiasmercedinas.com\\\/site\\\/\",\"logo\":{\"@type\":\"ImageObject\",\"inLanguage\":\"es\",\"@id\":\"https:\\\/\\\/noticiasmercedinas.com\\\/site\\\/#\\\/schema\\\/logo\\\/image\\\/\",\"url\":\"https:\\\/\\\/noticiasmercedinas.com\\\/site\\\/wp-content\\\/uploads\\\/2020\\\/06\\\/LOGO-512.jpg\",\"contentUrl\":\"https:\\\/\\\/noticiasmercedinas.com\\\/site\\\/wp-content\\\/uploads\\\/2020\\\/06\\\/LOGO-512.jpg\",\"width\":512,\"height\":512,\"caption\":\"NOTICIASMERCEDINAS.COM\"},\"image\":{\"@id\":\"https:\\\/\\\/noticiasmercedinas.com\\\/site\\\/#\\\/schema\\\/logo\\\/image\\\/\"},\"sameAs\":[\"https:\\\/\\\/www.facebook.com\\\/noticiasmercedinas\\\/\",\"https:\\\/\\\/x.com\\\/notmercedinas\",\"https:\\\/\\\/www.instagram.com\\\/noticiasmercedinas\\\/\"]},{\"@type\":\"Person\",\"@id\":\"https:\\\/\\\/noticiasmercedinas.com\\\/site\\\/#\\\/schema\\\/person\\\/84b59c099c28ff2e8b77d4ceec5d8063\",\"name\":\"NOTICIASMERCEDINAS.COM\",\"image\":{\"@type\":\"ImageObject\",\"inLanguage\":\"es\",\"@id\":\"https:\\\/\\\/secure.gravatar.com\\\/avatar\\\/4dfbf16b4d17945bfb6341b2d19043457132fcf478a5ee04f42e959fd8f5df0a?s=96&d=mm&r=g\",\"url\":\"https:\\\/\\\/secure.gravatar.com\\\/avatar\\\/4dfbf16b4d17945bfb6341b2d19043457132fcf478a5ee04f42e959fd8f5df0a?s=96&d=mm&r=g\",\"contentUrl\":\"https:\\\/\\\/secure.gravatar.com\\\/avatar\\\/4dfbf16b4d17945bfb6341b2d19043457132fcf478a5ee04f42e959fd8f5df0a?s=96&d=mm&r=g\",\"caption\":\"NOTICIASMERCEDINAS.COM\"},\"url\":\"https:\\\/\\\/noticiasmercedinas.com\\\/site\\\/author\\\/anonimo\\\/\"}]}<\/script>\n<!-- \/ Yoast SEO plugin. -->","yoast_head_json":{"title":"Dan a conocer el cronograma de castraciones y vacunaciones para julio","robots":{"index":"index","follow":"follow","max-snippet":"max-snippet:-1","max-image-preview":"max-image-preview:large","max-video-preview":"max-video-preview:-1"},"canonical":"https:\/\/noticiasmercedinas.com\/site\/2024\/07\/08\/dan-a-conocer-el-cronograma-de-castraciones-y-vacunaciones-para-julio\/","og_locale":"es_ES","og_type":"article","og_title":"Dan a conocer el cronograma de castraciones y vacunaciones para julio","og_description":"Con la llegada de julio, el equipo de Zoonosis de la ciudad ha anunciado el cronograma de castraciones y vacunaciones antirr\u00e1bicas que se llevar\u00e1n a cabo en distintos barrios. Las castraciones y la vacunaci\u00f3n antirr\u00e1bica son gratuitas. Vacunaci\u00f3n La vacunaci\u00f3n antirr\u00e1bica se realizar\u00e1 de 8 a 12 hs y es un **servicio gratuito**. A continuaci\u00f3n, [&hellip;]","og_url":"https:\/\/noticiasmercedinas.com\/site\/2024\/07\/08\/dan-a-conocer-el-cronograma-de-castraciones-y-vacunaciones-para-julio\/","og_site_name":"NOTICIASMERCEDINAS.COM","article_publisher":"https:\/\/www.facebook.com\/noticiasmercedinas\/","article_published_time":"2024-07-08T18:42:15+00:00","og_image":[{"width":640,"height":427,"url":"https:\/\/noticiasmercedinas.com\/site\/wp-content\/uploads\/2023\/02\/castraciones_vacunacion.jpeg","type":"image\/jpeg"}],"author":"NOTICIASMERCEDINAS.COM","twitter_card":"summary_large_image","twitter_creator":"@notmercedinas","twitter_site":"@notmercedinas","twitter_misc":{"Escrito por":"NOTICIASMERCEDINAS.COM","Tiempo de lectura":"1 minuto"},"schema":{"@context":"https:\/\/schema.org","@graph":[{"@type":"Article","@id":"https:\/\/noticiasmercedinas.com\/site\/2024\/07\/08\/dan-a-conocer-el-cronograma-de-castraciones-y-vacunaciones-para-julio\/#article","isPartOf":{"@id":"https:\/\/noticiasmercedinas.com\/site\/2024\/07\/08\/dan-a-conocer-el-cronograma-de-castraciones-y-vacunaciones-para-julio\/"},"author":{"name":"NOTICIASMERCEDINAS.COM","@id":"https:\/\/noticiasmercedinas.com\/site\/#\/schema\/person\/84b59c099c28ff2e8b77d4ceec5d8063"},"headline":"Dan a conocer el cronograma de castraciones y vacunaciones para julio","datePublished":"2024-07-08T18:42:15+00:00","mainEntityOfPage":{"@id":"https:\/\/noticiasmercedinas.com\/site\/2024\/07\/08\/dan-a-conocer-el-cronograma-de-castraciones-y-vacunaciones-para-julio\/"},"wordCount":185,"publisher":{"@id":"https:\/\/noticiasmercedinas.com\/site\/#organization"},"image":{"@id":"https:\/\/noticiasmercedinas.com\/site\/2024\/07\/08\/dan-a-conocer-el-cronograma-de-castraciones-y-vacunaciones-para-julio\/#primaryimage"},"thumbnailUrl":"https:\/\/noticiasmercedinas.com\/site\/wp-content\/uploads\/2023\/02\/castraciones_vacunacion.jpeg","keywords":["castraciones","mascotas","vacunacion","zoonosis"],"articleSection":["Bienestar"],"inLanguage":"es"},{"@type":"WebPage","@id":"https:\/\/noticiasmercedinas.com\/site\/2024\/07\/08\/dan-a-conocer-el-cronograma-de-castraciones-y-vacunaciones-para-julio\/","url":"https:\/\/noticiasmercedinas.com\/site\/2024\/07\/08\/dan-a-conocer-el-cronograma-de-castraciones-y-vacunaciones-para-julio\/","name":"Dan a conocer el cronograma de castraciones y vacunaciones para julio","isPartOf":{"@id":"https:\/\/noticiasmercedinas.com\/site\/#website"},"primaryImageOfPage":{"@id":"https:\/\/noticiasmercedinas.com\/site\/2024\/07\/08\/dan-a-conocer-el-cronograma-de-castraciones-y-vacunaciones-para-julio\/#primaryimage"},"image":{"@id":"https:\/\/noticiasmercedinas.com\/site\/2024\/07\/08\/dan-a-conocer-el-cronograma-de-castraciones-y-vacunaciones-para-julio\/#primaryimage"},"thumbnailUrl":"https:\/\/noticiasmercedinas.com\/site\/wp-content\/uploads\/2023\/02\/castraciones_vacunacion.jpeg","datePublished":"2024-07-08T18:42:15+00:00","breadcrumb":{"@id":"https:\/\/noticiasmercedinas.com\/site\/2024\/07\/08\/dan-a-conocer-el-cronograma-de-castraciones-y-vacunaciones-para-julio\/#breadcrumb"},"inLanguage":"es","potentialAction":[{"@type":"ReadAction","target":["https:\/\/noticiasmercedinas.com\/site\/2024\/07\/08\/dan-a-conocer-el-cronograma-de-castraciones-y-vacunaciones-para-julio\/"]}]},{"@type":"ImageObject","inLanguage":"es","@id":"https:\/\/noticiasmercedinas.com\/site\/2024\/07\/08\/dan-a-conocer-el-cronograma-de-castraciones-y-vacunaciones-para-julio\/#primaryimage","url":"https:\/\/noticiasmercedinas.com\/site\/wp-content\/uploads\/2023\/02\/castraciones_vacunacion.jpeg","contentUrl":"https:\/\/noticiasmercedinas.com\/site\/wp-content\/uploads\/2023\/02\/castraciones_vacunacion.jpeg","width":640,"height":427},{"@type":"BreadcrumbList","@id":"https:\/\/noticiasmercedinas.com\/site\/2024\/07\/08\/dan-a-conocer-el-cronograma-de-castraciones-y-vacunaciones-para-julio\/#breadcrumb","itemListElement":[{"@type":"ListItem","position":1,"name":"Portada","item":"https:\/\/noticiasmercedinas.com\/site\/"},{"@type":"ListItem","position":2,"name":"Dan a conocer el cronograma de castraciones y vacunaciones para julio"}]},{"@type":"WebSite","@id":"https:\/\/noticiasmercedinas.com\/site\/#website","url":"https:\/\/noticiasmercedinas.com\/site\/","name":"NOTICIASMERCEDINAS.COM","description":"Mercedes, Buenos Aires, Argentina","publisher":{"@id":"https:\/\/noticiasmercedinas.com\/site\/#organization"},"potentialAction":[{"@type":"SearchAction","target":{"@type":"EntryPoint","urlTemplate":"https:\/\/noticiasmercedinas.com\/site\/?s={search_term_string}"},"query-input":{"@type":"PropertyValueSpecification","valueRequired":true,"valueName":"search_term_string"}}],"inLanguage":"es"},{"@type":"Organization","@id":"https:\/\/noticiasmercedinas.com\/site\/#organization","name":"NOTICIASMERCEDINAS.COM","url":"https:\/\/noticiasmercedinas.com\/site\/","logo":{"@type":"ImageObject","inLanguage":"es","@id":"https:\/\/noticiasmercedinas.com\/site\/#\/schema\/logo\/image\/","url":"https:\/\/noticiasmercedinas.com\/site\/wp-content\/uploads\/2020\/06\/LOGO-512.jpg","contentUrl":"https:\/\/noticiasmercedinas.com\/site\/wp-content\/uploads\/2020\/06\/LOGO-512.jpg","width":512,"height":512,"caption":"NOTICIASMERCEDINAS.COM"},"image":{"@id":"https:\/\/noticiasmercedinas.com\/site\/#\/schema\/logo\/image\/"},"sameAs":["https:\/\/www.facebook.com\/noticiasmercedinas\/","https:\/\/x.com\/notmercedinas","https:\/\/www.instagram.com\/noticiasmercedinas\/"]},{"@type":"Person","@id":"https:\/\/noticiasmercedinas.com\/site\/#\/schema\/person\/84b59c099c28ff2e8b77d4ceec5d8063","name":"NOTICIASMERCEDINAS.COM","image":{"@type":"ImageObject","inLanguage":"es","@id":"https:\/\/secure.gravatar.com\/avatar\/4dfbf16b4d17945bfb6341b2d19043457132fcf478a5ee04f42e959fd8f5df0a?s=96&d=mm&r=g","url":"https:\/\/secure.gravatar.com\/avatar\/4dfbf16b4d17945bfb6341b2d19043457132fcf478a5ee04f42e959fd8f5df0a?s=96&d=mm&r=g","contentUrl":"https:\/\/secure.gravatar.com\/avatar\/4dfbf16b4d17945bfb6341b2d19043457132fcf478a5ee04f42e959fd8f5df0a?s=96&d=mm&r=g","caption":"NOTICIASMERCEDINAS.COM"},"url":"https:\/\/noticiasmercedinas.com\/site\/author\/anonimo\/"}]}},"amp_enabled":true,"_links":{"self":[{"href":"https:\/\/noticiasmercedinas.com\/site\/wp-json\/wp\/v2\/posts\/139823","targetHints":{"allow":["GET"]}}],"collection":[{"href":"https:\/\/noticiasmercedinas.com\/site\/wp-json\/wp\/v2\/posts"}],"about":[{"href":"https:\/\/noticiasmercedinas.com\/site\/wp-json\/wp\/v2\/types\/post"}],"author":[{"embeddable":true,"href":"https:\/\/noticiasmercedinas.com\/site\/wp-json\/wp\/v2\/users\/16"}],"replies":[{"embeddable":true,"href":"https:\/\/noticiasmercedinas.com\/site\/wp-json\/wp\/v2\/comments?post=139823"}],"version-history":[{"count":1,"href":"https:\/\/noticiasmercedinas.com\/site\/wp-json\/wp\/v2\/posts\/139823\/revisions"}],"predecessor-version":[{"id":139825,"href":"https:\/\/noticiasmercedinas.com\/site\/wp-json\/wp\/v2\/posts\/139823\/revisions\/139825"}],"wp:featuredmedia":[{"embeddable":true,"href":"https:\/\/noticiasmercedinas.com\/site\/wp-json\/wp\/v2\/media\/109393"}],"wp:attachment":[{"href":"https:\/\/noticiasmercedinas.com\/site\/wp-json\/wp\/v2\/media?parent=139823"}],"wp:term":[{"taxonomy":"category","embeddable":true,"href":"https:\/\/noticiasmercedinas.com\/site\/wp-json\/wp\/v2\/categories?post=139823"},{"taxonomy":"post_tag","embeddable":true,"href":"https:\/\/noticiasmercedinas.com\/site\/wp-json\/wp\/v2\/tags?post=139823"}],"curies":[{"name":"wp","href":"https:\/\/api.w.org\/{rel}","templated":true}]}}