{"id":140032,"date":"2024-07-11T17:17:25","date_gmt":"2024-07-11T20:17:25","guid":{"rendered":"https:\/\/noticiasmercedinas.com\/site\/?p=140032"},"modified":"2024-07-11T17:29:32","modified_gmt":"2024-07-11T20:29:32","slug":"se-inaugura-muestra-conjunta-mirar-para-verse-en-el-colegio-de-arquitectos","status":"publish","type":"post","link":"https:\/\/noticiasmercedinas.com\/site\/2024\/07\/11\/se-inaugura-muestra-conjunta-mirar-para-verse-en-el-colegio-de-arquitectos\/","title":{"rendered":"Se inaugura muestra conjunta \u00abMirar para verse\u00bb, en el Colegio de Arquitectos"},"content":{"rendered":"<p><img loading=\"lazy\" decoding=\"async\" class=\"alignnone wp-image-140034\" src=\"https:\/\/noticiasmercedinas.com\/site\/wp-content\/uploads\/2024\/07\/7092f189-aabd-4472-ba5f-fd405bdfa3b3.jpg\" alt=\"\" width=\"640\" height=\"405\" srcset=\"https:\/\/noticiasmercedinas.com\/site\/wp-content\/uploads\/2024\/07\/7092f189-aabd-4472-ba5f-fd405bdfa3b3.jpg 510w, https:\/\/noticiasmercedinas.com\/site\/wp-content\/uploads\/2024\/07\/7092f189-aabd-4472-ba5f-fd405bdfa3b3-300x190.jpg 300w\" sizes=\"auto, (max-width: 640px) 100vw, 640px\" \/><\/p>\n<p>Este viernes 12 de julio a las 20:30 horas, se inaugurar\u00e1 una nueva y esperada muestra de arte en la Sede Distrital del Colegio de Arquitectos &#8211; Distrito 5, ubicada en la Avenida 30 N\u00b0 564 de Mercedes. La exposici\u00f3n, titulada \u00abMirar para Verse\u00bb, presentar\u00e1 obras de los artistas <strong>Pablo Blasberg<\/strong> (pintura) y <strong>F\u00e9lix C\u00e1ceres Pag\u00e9s<\/strong> (escultura).<\/p>\n<p>Con esta muestra se plantea que, m\u00e1s all\u00e1 de los materiales y las disciplinas, los espectadores puedan conectarse con su propio mundo interior a trav\u00e9s de las obras.<\/p>\n<p>Es que Blasberg y C\u00e1ceres Pag\u00e9s pretenden con sus trabajos ser un espejo que refleje y sensibilice a quienes se acerquen a sus creaciones. En palabras de Jorge Luis Borges, \u00abla tarea del arte es transformar lo que nos ocurre continuamente en s\u00edmbolos, en m\u00fasica, en algo que pueda perdurar en la memoria de los hombres\u00bb.<\/p>\n<p>F\u00e9lix C\u00e1ceres Pag\u00e9s, uno de los artistas expositores, comparti\u00f3 sus expectativas y reflexiones con este medio: \u201cComo artistas, junto a Pablo, buscamos lo interior. Estos son momentos en los que el mundo est\u00e1 muy convulsionado y los recursos est\u00e1n adentro. Siempre est\u00e1n adentro. Con nuestra obra, que por otra parte se llama &#8216;Mirar para Verse&#8217;, lo que queremos es estimular al que concurre, al que observa, al que se toma un respiro, a que tambi\u00e9n se vea a s\u00ed mismo como el artista se ve reflejado en su obra y vea ese mecanismo que tenemos los que buscamos el camino del arte para encontrarse. Esa es un poco la expectativa que nosotros tenemos. Los mercedinos tienen muy buena est\u00e9tica, esta es una ciudad a la que siempre elogio porque su est\u00e9tica es muy armoniosa y eso es porque la poblaci\u00f3n la alimenta. Y espero que haya una buena concurrencia\u201d.<\/p>\n<blockquote><p>\u00abEstos son momentos en los que el mundo est\u00e1 muy convulsionado y los recursos est\u00e1n adentro. Siempre est\u00e1n adentro\u00bb<\/p><\/blockquote>\n<p>Sobre c\u00f3mo surgi\u00f3 la oportunidad de exponer en este espacio, C\u00e1ceres Pag\u00e9s explic\u00f3: \u201cGentilmente, el Colegio de Arquitectos nos invit\u00f3 a Pablo y a m\u00ed. Hace seis a\u00f1os que vivo en Mercedes y s\u00e9 que esta casa tiene un desarrollo cultural muy importante, y cuando nos convocaron obviamente dijimos que s\u00ed, muy contentos\u201d.<\/p>\n<p>En cuanto a su trabajo actual, el escultor coment\u00f3: \u201cEstoy trabajando m\u00e1s en m\u00e1rmol de Carrara y a veces tambi\u00e9n en madera, ensamblando materiales. En este momento, estoy haciendo un trabajo de m\u00e1rmol con la tem\u00e1tica de la b\u00fasqueda interior y ahora tambi\u00e9n estoy dando clases en la chacra donde vivo. Me pone muy contento el intercambio porque voy creciendo\u201d.<\/p>\n<p>La muestra estar\u00e1 abierta al p\u00fablico hasta el 26 de julio y podr\u00e1 visitarse de lunes a viernes de 8 a 13 horas y de 14 a 16 horas. La entrada es libre y gratuita.<\/p>\n<p>El coordinador del ciclo es el arquitecto Sebasti\u00e1n Bocca, quien ha trabajado para que esta exposici\u00f3n sea un \u00e9xito.<\/p>\n<p><img loading=\"lazy\" decoding=\"async\" class=\"alignnone size-full wp-image-140033\" src=\"https:\/\/noticiasmercedinas.com\/site\/wp-content\/uploads\/2024\/07\/7c0e19e9-1772-4b53-8d05-3edd6f4ed5f4.jpg\" alt=\"\" width=\"1133\" height=\"1586\" srcset=\"https:\/\/noticiasmercedinas.com\/site\/wp-content\/uploads\/2024\/07\/7c0e19e9-1772-4b53-8d05-3edd6f4ed5f4.jpg 1133w, https:\/\/noticiasmercedinas.com\/site\/wp-content\/uploads\/2024\/07\/7c0e19e9-1772-4b53-8d05-3edd6f4ed5f4-214x300.jpg 214w, https:\/\/noticiasmercedinas.com\/site\/wp-content\/uploads\/2024\/07\/7c0e19e9-1772-4b53-8d05-3edd6f4ed5f4-732x1024.jpg 732w, https:\/\/noticiasmercedinas.com\/site\/wp-content\/uploads\/2024\/07\/7c0e19e9-1772-4b53-8d05-3edd6f4ed5f4-768x1075.jpg 768w, https:\/\/noticiasmercedinas.com\/site\/wp-content\/uploads\/2024\/07\/7c0e19e9-1772-4b53-8d05-3edd6f4ed5f4-1097x1536.jpg 1097w, https:\/\/noticiasmercedinas.com\/site\/wp-content\/uploads\/2024\/07\/7c0e19e9-1772-4b53-8d05-3edd6f4ed5f4-640x896.jpg 640w, https:\/\/noticiasmercedinas.com\/site\/wp-content\/uploads\/2024\/07\/7c0e19e9-1772-4b53-8d05-3edd6f4ed5f4-681x953.jpg 681w\" sizes=\"auto, (max-width: 1133px) 100vw, 1133px\" \/><\/p>\n","protected":false},"excerpt":{"rendered":"<p>\u25a0 Este viernes a las 20.30. Se presentar\u00e1n obras de los artistas Pablo Blasberg (pintura) y F\u00e9lix C\u00e1ceres Pag\u00e9s (escultura). \u00abComo artistas, buscamos lo interior\u00bb, coment\u00f3 el escultor.<\/p>\n","protected":false},"author":16,"featured_media":140034,"comment_status":"closed","ping_status":"closed","sticky":false,"template":"","format":"standard","meta":{"footnotes":""},"categories":[4],"tags":[249,757,11372,16357,194,2210],"class_list":["post-140032","post","type-post","status-publish","format-standard","has-post-thumbnail","hentry","category-cultura","tag-capba-5","tag-colegio-de-arquitectos","tag-esculturas","tag-felix-caceres-pages","tag-pablo-blasberg","tag-pinturas"],"yoast_head":"<!-- This site is optimized with the Yoast SEO plugin v27.4 - https:\/\/yoast.com\/product\/yoast-seo-wordpress\/ -->\n<title>Se inaugura muestra conjunta &quot;Mirar para verse&quot;, en el Colegio de Arquitectos<\/title>\n<meta name=\"robots\" content=\"index, follow, max-snippet:-1, max-image-preview:large, max-video-preview:-1\" \/>\n<link rel=\"canonical\" href=\"https:\/\/noticiasmercedinas.com\/site\/2024\/07\/11\/se-inaugura-muestra-conjunta-mirar-para-verse-en-el-colegio-de-arquitectos\/\" \/>\n<meta property=\"og:locale\" content=\"es_ES\" \/>\n<meta property=\"og:type\" content=\"article\" \/>\n<meta property=\"og:title\" content=\"Se inaugura muestra conjunta &quot;Mirar para verse&quot;, en el Colegio de Arquitectos\" \/>\n<meta property=\"og:description\" content=\"\u25a0 Este viernes a las 20.30. Se presentar\u00e1n obras de los artistas Pablo Blasberg (pintura) y F\u00e9lix C\u00e1ceres Pag\u00e9s (escultura). &quot;Como artistas, buscamos lo interior&quot;, coment\u00f3 el escultor.\" \/>\n<meta property=\"og:url\" content=\"https:\/\/noticiasmercedinas.com\/site\/2024\/07\/11\/se-inaugura-muestra-conjunta-mirar-para-verse-en-el-colegio-de-arquitectos\/\" \/>\n<meta property=\"og:site_name\" content=\"NOTICIASMERCEDINAS.COM\" \/>\n<meta property=\"article:publisher\" content=\"https:\/\/www.facebook.com\/noticiasmercedinas\/\" \/>\n<meta property=\"article:published_time\" content=\"2024-07-11T20:17:25+00:00\" \/>\n<meta property=\"article:modified_time\" content=\"2024-07-11T20:29:32+00:00\" \/>\n<meta property=\"og:image\" content=\"https:\/\/noticiasmercedinas.com\/site\/wp-content\/uploads\/2024\/07\/7092f189-aabd-4472-ba5f-fd405bdfa3b3.jpg\" \/>\n\t<meta property=\"og:image:width\" content=\"510\" \/>\n\t<meta property=\"og:image:height\" content=\"323\" \/>\n\t<meta property=\"og:image:type\" content=\"image\/jpeg\" \/>\n<meta name=\"author\" content=\"NOTICIASMERCEDINAS.COM\" \/>\n<meta name=\"twitter:card\" content=\"summary_large_image\" \/>\n<meta name=\"twitter:creator\" content=\"@notmercedinas\" \/>\n<meta name=\"twitter:site\" content=\"@notmercedinas\" \/>\n<meta name=\"twitter:label1\" content=\"Escrito por\" \/>\n\t<meta name=\"twitter:data1\" content=\"NOTICIASMERCEDINAS.COM\" \/>\n\t<meta name=\"twitter:label2\" content=\"Tiempo de lectura\" \/>\n\t<meta name=\"twitter:data2\" content=\"3 minutos\" \/>\n<script type=\"application\/ld+json\" class=\"yoast-schema-graph\">{\"@context\":\"https:\\\/\\\/schema.org\",\"@graph\":[{\"@type\":\"Article\",\"@id\":\"https:\\\/\\\/noticiasmercedinas.com\\\/site\\\/2024\\\/07\\\/11\\\/se-inaugura-muestra-conjunta-mirar-para-verse-en-el-colegio-de-arquitectos\\\/#article\",\"isPartOf\":{\"@id\":\"https:\\\/\\\/noticiasmercedinas.com\\\/site\\\/2024\\\/07\\\/11\\\/se-inaugura-muestra-conjunta-mirar-para-verse-en-el-colegio-de-arquitectos\\\/\"},\"author\":{\"name\":\"NOTICIASMERCEDINAS.COM\",\"@id\":\"https:\\\/\\\/noticiasmercedinas.com\\\/site\\\/#\\\/schema\\\/person\\\/84b59c099c28ff2e8b77d4ceec5d8063\"},\"headline\":\"Se inaugura muestra conjunta \u00abMirar para verse\u00bb, en el Colegio de Arquitectos\",\"datePublished\":\"2024-07-11T20:17:25+00:00\",\"dateModified\":\"2024-07-11T20:29:32+00:00\",\"mainEntityOfPage\":{\"@id\":\"https:\\\/\\\/noticiasmercedinas.com\\\/site\\\/2024\\\/07\\\/11\\\/se-inaugura-muestra-conjunta-mirar-para-verse-en-el-colegio-de-arquitectos\\\/\"},\"wordCount\":513,\"publisher\":{\"@id\":\"https:\\\/\\\/noticiasmercedinas.com\\\/site\\\/#organization\"},\"image\":{\"@id\":\"https:\\\/\\\/noticiasmercedinas.com\\\/site\\\/2024\\\/07\\\/11\\\/se-inaugura-muestra-conjunta-mirar-para-verse-en-el-colegio-de-arquitectos\\\/#primaryimage\"},\"thumbnailUrl\":\"https:\\\/\\\/noticiasmercedinas.com\\\/site\\\/wp-content\\\/uploads\\\/2024\\\/07\\\/7092f189-aabd-4472-ba5f-fd405bdfa3b3.jpg\",\"keywords\":[\"capba 5\",\"colegio de arquitectos\",\"esculturas\",\"Fe\u0301lix Ca\u0301ceres Page\u0301s\",\"pablo blasberg\",\"pinturas\"],\"articleSection\":[\"Cultura\"],\"inLanguage\":\"es\"},{\"@type\":\"WebPage\",\"@id\":\"https:\\\/\\\/noticiasmercedinas.com\\\/site\\\/2024\\\/07\\\/11\\\/se-inaugura-muestra-conjunta-mirar-para-verse-en-el-colegio-de-arquitectos\\\/\",\"url\":\"https:\\\/\\\/noticiasmercedinas.com\\\/site\\\/2024\\\/07\\\/11\\\/se-inaugura-muestra-conjunta-mirar-para-verse-en-el-colegio-de-arquitectos\\\/\",\"name\":\"Se inaugura muestra conjunta \\\"Mirar para verse\\\", en el Colegio de Arquitectos\",\"isPartOf\":{\"@id\":\"https:\\\/\\\/noticiasmercedinas.com\\\/site\\\/#website\"},\"primaryImageOfPage\":{\"@id\":\"https:\\\/\\\/noticiasmercedinas.com\\\/site\\\/2024\\\/07\\\/11\\\/se-inaugura-muestra-conjunta-mirar-para-verse-en-el-colegio-de-arquitectos\\\/#primaryimage\"},\"image\":{\"@id\":\"https:\\\/\\\/noticiasmercedinas.com\\\/site\\\/2024\\\/07\\\/11\\\/se-inaugura-muestra-conjunta-mirar-para-verse-en-el-colegio-de-arquitectos\\\/#primaryimage\"},\"thumbnailUrl\":\"https:\\\/\\\/noticiasmercedinas.com\\\/site\\\/wp-content\\\/uploads\\\/2024\\\/07\\\/7092f189-aabd-4472-ba5f-fd405bdfa3b3.jpg\",\"datePublished\":\"2024-07-11T20:17:25+00:00\",\"dateModified\":\"2024-07-11T20:29:32+00:00\",\"breadcrumb\":{\"@id\":\"https:\\\/\\\/noticiasmercedinas.com\\\/site\\\/2024\\\/07\\\/11\\\/se-inaugura-muestra-conjunta-mirar-para-verse-en-el-colegio-de-arquitectos\\\/#breadcrumb\"},\"inLanguage\":\"es\",\"potentialAction\":[{\"@type\":\"ReadAction\",\"target\":[\"https:\\\/\\\/noticiasmercedinas.com\\\/site\\\/2024\\\/07\\\/11\\\/se-inaugura-muestra-conjunta-mirar-para-verse-en-el-colegio-de-arquitectos\\\/\"]}]},{\"@type\":\"ImageObject\",\"inLanguage\":\"es\",\"@id\":\"https:\\\/\\\/noticiasmercedinas.com\\\/site\\\/2024\\\/07\\\/11\\\/se-inaugura-muestra-conjunta-mirar-para-verse-en-el-colegio-de-arquitectos\\\/#primaryimage\",\"url\":\"https:\\\/\\\/noticiasmercedinas.com\\\/site\\\/wp-content\\\/uploads\\\/2024\\\/07\\\/7092f189-aabd-4472-ba5f-fd405bdfa3b3.jpg\",\"contentUrl\":\"https:\\\/\\\/noticiasmercedinas.com\\\/site\\\/wp-content\\\/uploads\\\/2024\\\/07\\\/7092f189-aabd-4472-ba5f-fd405bdfa3b3.jpg\",\"width\":510,\"height\":323},{\"@type\":\"BreadcrumbList\",\"@id\":\"https:\\\/\\\/noticiasmercedinas.com\\\/site\\\/2024\\\/07\\\/11\\\/se-inaugura-muestra-conjunta-mirar-para-verse-en-el-colegio-de-arquitectos\\\/#breadcrumb\",\"itemListElement\":[{\"@type\":\"ListItem\",\"position\":1,\"name\":\"Portada\",\"item\":\"https:\\\/\\\/noticiasmercedinas.com\\\/site\\\/\"},{\"@type\":\"ListItem\",\"position\":2,\"name\":\"Se inaugura muestra conjunta \u00abMirar para verse\u00bb, en el Colegio de Arquitectos\"}]},{\"@type\":\"WebSite\",\"@id\":\"https:\\\/\\\/noticiasmercedinas.com\\\/site\\\/#website\",\"url\":\"https:\\\/\\\/noticiasmercedinas.com\\\/site\\\/\",\"name\":\"NOTICIASMERCEDINAS.COM\",\"description\":\"Mercedes, Buenos Aires, Argentina\",\"publisher\":{\"@id\":\"https:\\\/\\\/noticiasmercedinas.com\\\/site\\\/#organization\"},\"potentialAction\":[{\"@type\":\"SearchAction\",\"target\":{\"@type\":\"EntryPoint\",\"urlTemplate\":\"https:\\\/\\\/noticiasmercedinas.com\\\/site\\\/?s={search_term_string}\"},\"query-input\":{\"@type\":\"PropertyValueSpecification\",\"valueRequired\":true,\"valueName\":\"search_term_string\"}}],\"inLanguage\":\"es\"},{\"@type\":\"Organization\",\"@id\":\"https:\\\/\\\/noticiasmercedinas.com\\\/site\\\/#organization\",\"name\":\"NOTICIASMERCEDINAS.COM\",\"url\":\"https:\\\/\\\/noticiasmercedinas.com\\\/site\\\/\",\"logo\":{\"@type\":\"ImageObject\",\"inLanguage\":\"es\",\"@id\":\"https:\\\/\\\/noticiasmercedinas.com\\\/site\\\/#\\\/schema\\\/logo\\\/image\\\/\",\"url\":\"https:\\\/\\\/noticiasmercedinas.com\\\/site\\\/wp-content\\\/uploads\\\/2020\\\/06\\\/LOGO-512.jpg\",\"contentUrl\":\"https:\\\/\\\/noticiasmercedinas.com\\\/site\\\/wp-content\\\/uploads\\\/2020\\\/06\\\/LOGO-512.jpg\",\"width\":512,\"height\":512,\"caption\":\"NOTICIASMERCEDINAS.COM\"},\"image\":{\"@id\":\"https:\\\/\\\/noticiasmercedinas.com\\\/site\\\/#\\\/schema\\\/logo\\\/image\\\/\"},\"sameAs\":[\"https:\\\/\\\/www.facebook.com\\\/noticiasmercedinas\\\/\",\"https:\\\/\\\/x.com\\\/notmercedinas\",\"https:\\\/\\\/www.instagram.com\\\/noticiasmercedinas\\\/\"]},{\"@type\":\"Person\",\"@id\":\"https:\\\/\\\/noticiasmercedinas.com\\\/site\\\/#\\\/schema\\\/person\\\/84b59c099c28ff2e8b77d4ceec5d8063\",\"name\":\"NOTICIASMERCEDINAS.COM\",\"image\":{\"@type\":\"ImageObject\",\"inLanguage\":\"es\",\"@id\":\"https:\\\/\\\/secure.gravatar.com\\\/avatar\\\/4dfbf16b4d17945bfb6341b2d19043457132fcf478a5ee04f42e959fd8f5df0a?s=96&d=mm&r=g\",\"url\":\"https:\\\/\\\/secure.gravatar.com\\\/avatar\\\/4dfbf16b4d17945bfb6341b2d19043457132fcf478a5ee04f42e959fd8f5df0a?s=96&d=mm&r=g\",\"contentUrl\":\"https:\\\/\\\/secure.gravatar.com\\\/avatar\\\/4dfbf16b4d17945bfb6341b2d19043457132fcf478a5ee04f42e959fd8f5df0a?s=96&d=mm&r=g\",\"caption\":\"NOTICIASMERCEDINAS.COM\"},\"url\":\"https:\\\/\\\/noticiasmercedinas.com\\\/site\\\/author\\\/anonimo\\\/\"}]}<\/script>\n<!-- \/ Yoast SEO plugin. -->","yoast_head_json":{"title":"Se inaugura muestra conjunta \"Mirar para verse\", en el Colegio de Arquitectos","robots":{"index":"index","follow":"follow","max-snippet":"max-snippet:-1","max-image-preview":"max-image-preview:large","max-video-preview":"max-video-preview:-1"},"canonical":"https:\/\/noticiasmercedinas.com\/site\/2024\/07\/11\/se-inaugura-muestra-conjunta-mirar-para-verse-en-el-colegio-de-arquitectos\/","og_locale":"es_ES","og_type":"article","og_title":"Se inaugura muestra conjunta \"Mirar para verse\", en el Colegio de Arquitectos","og_description":"\u25a0 Este viernes a las 20.30. Se presentar\u00e1n obras de los artistas Pablo Blasberg (pintura) y F\u00e9lix C\u00e1ceres Pag\u00e9s (escultura). \"Como artistas, buscamos lo interior\", coment\u00f3 el escultor.","og_url":"https:\/\/noticiasmercedinas.com\/site\/2024\/07\/11\/se-inaugura-muestra-conjunta-mirar-para-verse-en-el-colegio-de-arquitectos\/","og_site_name":"NOTICIASMERCEDINAS.COM","article_publisher":"https:\/\/www.facebook.com\/noticiasmercedinas\/","article_published_time":"2024-07-11T20:17:25+00:00","article_modified_time":"2024-07-11T20:29:32+00:00","og_image":[{"width":510,"height":323,"url":"https:\/\/noticiasmercedinas.com\/site\/wp-content\/uploads\/2024\/07\/7092f189-aabd-4472-ba5f-fd405bdfa3b3.jpg","type":"image\/jpeg"}],"author":"NOTICIASMERCEDINAS.COM","twitter_card":"summary_large_image","twitter_creator":"@notmercedinas","twitter_site":"@notmercedinas","twitter_misc":{"Escrito por":"NOTICIASMERCEDINAS.COM","Tiempo de lectura":"3 minutos"},"schema":{"@context":"https:\/\/schema.org","@graph":[{"@type":"Article","@id":"https:\/\/noticiasmercedinas.com\/site\/2024\/07\/11\/se-inaugura-muestra-conjunta-mirar-para-verse-en-el-colegio-de-arquitectos\/#article","isPartOf":{"@id":"https:\/\/noticiasmercedinas.com\/site\/2024\/07\/11\/se-inaugura-muestra-conjunta-mirar-para-verse-en-el-colegio-de-arquitectos\/"},"author":{"name":"NOTICIASMERCEDINAS.COM","@id":"https:\/\/noticiasmercedinas.com\/site\/#\/schema\/person\/84b59c099c28ff2e8b77d4ceec5d8063"},"headline":"Se inaugura muestra conjunta \u00abMirar para verse\u00bb, en el Colegio de Arquitectos","datePublished":"2024-07-11T20:17:25+00:00","dateModified":"2024-07-11T20:29:32+00:00","mainEntityOfPage":{"@id":"https:\/\/noticiasmercedinas.com\/site\/2024\/07\/11\/se-inaugura-muestra-conjunta-mirar-para-verse-en-el-colegio-de-arquitectos\/"},"wordCount":513,"publisher":{"@id":"https:\/\/noticiasmercedinas.com\/site\/#organization"},"image":{"@id":"https:\/\/noticiasmercedinas.com\/site\/2024\/07\/11\/se-inaugura-muestra-conjunta-mirar-para-verse-en-el-colegio-de-arquitectos\/#primaryimage"},"thumbnailUrl":"https:\/\/noticiasmercedinas.com\/site\/wp-content\/uploads\/2024\/07\/7092f189-aabd-4472-ba5f-fd405bdfa3b3.jpg","keywords":["capba 5","colegio de arquitectos","esculturas","Fe\u0301lix Ca\u0301ceres Page\u0301s","pablo blasberg","pinturas"],"articleSection":["Cultura"],"inLanguage":"es"},{"@type":"WebPage","@id":"https:\/\/noticiasmercedinas.com\/site\/2024\/07\/11\/se-inaugura-muestra-conjunta-mirar-para-verse-en-el-colegio-de-arquitectos\/","url":"https:\/\/noticiasmercedinas.com\/site\/2024\/07\/11\/se-inaugura-muestra-conjunta-mirar-para-verse-en-el-colegio-de-arquitectos\/","name":"Se inaugura muestra conjunta \"Mirar para verse\", en el Colegio de Arquitectos","isPartOf":{"@id":"https:\/\/noticiasmercedinas.com\/site\/#website"},"primaryImageOfPage":{"@id":"https:\/\/noticiasmercedinas.com\/site\/2024\/07\/11\/se-inaugura-muestra-conjunta-mirar-para-verse-en-el-colegio-de-arquitectos\/#primaryimage"},"image":{"@id":"https:\/\/noticiasmercedinas.com\/site\/2024\/07\/11\/se-inaugura-muestra-conjunta-mirar-para-verse-en-el-colegio-de-arquitectos\/#primaryimage"},"thumbnailUrl":"https:\/\/noticiasmercedinas.com\/site\/wp-content\/uploads\/2024\/07\/7092f189-aabd-4472-ba5f-fd405bdfa3b3.jpg","datePublished":"2024-07-11T20:17:25+00:00","dateModified":"2024-07-11T20:29:32+00:00","breadcrumb":{"@id":"https:\/\/noticiasmercedinas.com\/site\/2024\/07\/11\/se-inaugura-muestra-conjunta-mirar-para-verse-en-el-colegio-de-arquitectos\/#breadcrumb"},"inLanguage":"es","potentialAction":[{"@type":"ReadAction","target":["https:\/\/noticiasmercedinas.com\/site\/2024\/07\/11\/se-inaugura-muestra-conjunta-mirar-para-verse-en-el-colegio-de-arquitectos\/"]}]},{"@type":"ImageObject","inLanguage":"es","@id":"https:\/\/noticiasmercedinas.com\/site\/2024\/07\/11\/se-inaugura-muestra-conjunta-mirar-para-verse-en-el-colegio-de-arquitectos\/#primaryimage","url":"https:\/\/noticiasmercedinas.com\/site\/wp-content\/uploads\/2024\/07\/7092f189-aabd-4472-ba5f-fd405bdfa3b3.jpg","contentUrl":"https:\/\/noticiasmercedinas.com\/site\/wp-content\/uploads\/2024\/07\/7092f189-aabd-4472-ba5f-fd405bdfa3b3.jpg","width":510,"height":323},{"@type":"BreadcrumbList","@id":"https:\/\/noticiasmercedinas.com\/site\/2024\/07\/11\/se-inaugura-muestra-conjunta-mirar-para-verse-en-el-colegio-de-arquitectos\/#breadcrumb","itemListElement":[{"@type":"ListItem","position":1,"name":"Portada","item":"https:\/\/noticiasmercedinas.com\/site\/"},{"@type":"ListItem","position":2,"name":"Se inaugura muestra conjunta \u00abMirar para verse\u00bb, en el Colegio de Arquitectos"}]},{"@type":"WebSite","@id":"https:\/\/noticiasmercedinas.com\/site\/#website","url":"https:\/\/noticiasmercedinas.com\/site\/","name":"NOTICIASMERCEDINAS.COM","description":"Mercedes, Buenos Aires, Argentina","publisher":{"@id":"https:\/\/noticiasmercedinas.com\/site\/#organization"},"potentialAction":[{"@type":"SearchAction","target":{"@type":"EntryPoint","urlTemplate":"https:\/\/noticiasmercedinas.com\/site\/?s={search_term_string}"},"query-input":{"@type":"PropertyValueSpecification","valueRequired":true,"valueName":"search_term_string"}}],"inLanguage":"es"},{"@type":"Organization","@id":"https:\/\/noticiasmercedinas.com\/site\/#organization","name":"NOTICIASMERCEDINAS.COM","url":"https:\/\/noticiasmercedinas.com\/site\/","logo":{"@type":"ImageObject","inLanguage":"es","@id":"https:\/\/noticiasmercedinas.com\/site\/#\/schema\/logo\/image\/","url":"https:\/\/noticiasmercedinas.com\/site\/wp-content\/uploads\/2020\/06\/LOGO-512.jpg","contentUrl":"https:\/\/noticiasmercedinas.com\/site\/wp-content\/uploads\/2020\/06\/LOGO-512.jpg","width":512,"height":512,"caption":"NOTICIASMERCEDINAS.COM"},"image":{"@id":"https:\/\/noticiasmercedinas.com\/site\/#\/schema\/logo\/image\/"},"sameAs":["https:\/\/www.facebook.com\/noticiasmercedinas\/","https:\/\/x.com\/notmercedinas","https:\/\/www.instagram.com\/noticiasmercedinas\/"]},{"@type":"Person","@id":"https:\/\/noticiasmercedinas.com\/site\/#\/schema\/person\/84b59c099c28ff2e8b77d4ceec5d8063","name":"NOTICIASMERCEDINAS.COM","image":{"@type":"ImageObject","inLanguage":"es","@id":"https:\/\/secure.gravatar.com\/avatar\/4dfbf16b4d17945bfb6341b2d19043457132fcf478a5ee04f42e959fd8f5df0a?s=96&d=mm&r=g","url":"https:\/\/secure.gravatar.com\/avatar\/4dfbf16b4d17945bfb6341b2d19043457132fcf478a5ee04f42e959fd8f5df0a?s=96&d=mm&r=g","contentUrl":"https:\/\/secure.gravatar.com\/avatar\/4dfbf16b4d17945bfb6341b2d19043457132fcf478a5ee04f42e959fd8f5df0a?s=96&d=mm&r=g","caption":"NOTICIASMERCEDINAS.COM"},"url":"https:\/\/noticiasmercedinas.com\/site\/author\/anonimo\/"}]}},"amp_enabled":true,"_links":{"self":[{"href":"https:\/\/noticiasmercedinas.com\/site\/wp-json\/wp\/v2\/posts\/140032","targetHints":{"allow":["GET"]}}],"collection":[{"href":"https:\/\/noticiasmercedinas.com\/site\/wp-json\/wp\/v2\/posts"}],"about":[{"href":"https:\/\/noticiasmercedinas.com\/site\/wp-json\/wp\/v2\/types\/post"}],"author":[{"embeddable":true,"href":"https:\/\/noticiasmercedinas.com\/site\/wp-json\/wp\/v2\/users\/16"}],"replies":[{"embeddable":true,"href":"https:\/\/noticiasmercedinas.com\/site\/wp-json\/wp\/v2\/comments?post=140032"}],"version-history":[{"count":4,"href":"https:\/\/noticiasmercedinas.com\/site\/wp-json\/wp\/v2\/posts\/140032\/revisions"}],"predecessor-version":[{"id":140038,"href":"https:\/\/noticiasmercedinas.com\/site\/wp-json\/wp\/v2\/posts\/140032\/revisions\/140038"}],"wp:featuredmedia":[{"embeddable":true,"href":"https:\/\/noticiasmercedinas.com\/site\/wp-json\/wp\/v2\/media\/140034"}],"wp:attachment":[{"href":"https:\/\/noticiasmercedinas.com\/site\/wp-json\/wp\/v2\/media?parent=140032"}],"wp:term":[{"taxonomy":"category","embeddable":true,"href":"https:\/\/noticiasmercedinas.com\/site\/wp-json\/wp\/v2\/categories?post=140032"},{"taxonomy":"post_tag","embeddable":true,"href":"https:\/\/noticiasmercedinas.com\/site\/wp-json\/wp\/v2\/tags?post=140032"}],"curies":[{"name":"wp","href":"https:\/\/api.w.org\/{rel}","templated":true}]}}