{"id":140341,"date":"2024-07-16T11:23:27","date_gmt":"2024-07-16T14:23:27","guid":{"rendered":"https:\/\/noticiasmercedinas.com\/site\/?p=140341"},"modified":"2024-07-16T11:23:27","modified_gmt":"2024-07-16T14:23:27","slug":"cfl-401-agradece-a-organizacion-y-vinotecas-participantes-del-paseo-del-vino-2024","status":"publish","type":"post","link":"https:\/\/noticiasmercedinas.com\/site\/2024\/07\/16\/cfl-401-agradece-a-organizacion-y-vinotecas-participantes-del-paseo-del-vino-2024\/","title":{"rendered":"CFL 401 agradece a organizaci\u00f3n y vinotecas participantes del Paseo del Vino 2024"},"content":{"rendered":"<p><img loading=\"lazy\" decoding=\"async\" class=\"alignnone size-full wp-image-140342\" src=\"https:\/\/noticiasmercedinas.com\/site\/wp-content\/uploads\/2024\/07\/451483131_1576099039915844_3372364774513503615_n.jpg\" alt=\"\" width=\"1319\" height=\"879\" srcset=\"https:\/\/noticiasmercedinas.com\/site\/wp-content\/uploads\/2024\/07\/451483131_1576099039915844_3372364774513503615_n.jpg 1319w, https:\/\/noticiasmercedinas.com\/site\/wp-content\/uploads\/2024\/07\/451483131_1576099039915844_3372364774513503615_n-300x200.jpg 300w, https:\/\/noticiasmercedinas.com\/site\/wp-content\/uploads\/2024\/07\/451483131_1576099039915844_3372364774513503615_n-1024x682.jpg 1024w, https:\/\/noticiasmercedinas.com\/site\/wp-content\/uploads\/2024\/07\/451483131_1576099039915844_3372364774513503615_n-768x512.jpg 768w, https:\/\/noticiasmercedinas.com\/site\/wp-content\/uploads\/2024\/07\/451483131_1576099039915844_3372364774513503615_n-640x427.jpg 640w, https:\/\/noticiasmercedinas.com\/site\/wp-content\/uploads\/2024\/07\/451483131_1576099039915844_3372364774513503615_n-1280x853.jpg 1280w, https:\/\/noticiasmercedinas.com\/site\/wp-content\/uploads\/2024\/07\/451483131_1576099039915844_3372364774513503615_n-681x454.jpg 681w\" sizes=\"auto, (max-width: 1319px) 100vw, 1319px\" \/><\/p>\n<p>El Centro de Formaci\u00f3n Laboral (CFL) 401 desea expresar su m\u00e1s sincero agradecimiento a todos los que hicieron posible la quinta edici\u00f3n del Paseo del Vino, celebrado este fin de semana en Mercedes.<\/p>\n<p>La participaci\u00f3n del CFL 401, como cada a\u00f1o, fue un \u00e9xito gracias al esfuerzo conjunto de organizadores, vinotecas y colaboradores.<\/p>\n<p>\u00abQueremos destacar la labor de Francisco Dinova, Ariel Achilli y todo el equipo de la Direcci\u00f3n de Turismo por su constante convocatoria y apoyo hacia nuestros alumnos y alumnas. Su atenci\u00f3n y confianza en el CFL 401 y en la calidad de su ense\u00f1anza son invaluables para nosotros\u00bb, dijeron desde la instituci\u00f3n.<\/p>\n<p>\u00abNuestro agradecimiento se extiende a todas las vinotecas participantes que, con su compromiso y profesionalismo, hicieron del Paseo del Vino 2024 una experiencia enriquecedora para todos los asistentes. Su colaboraci\u00f3n fue fundamental para el aprendizaje y la pr\u00e1ctica de nuestros estudiantes\u00bb, agregaron.<\/p>\n<p>\u00abEn nombre de la Cooperadora del CFL 401, queremos agradecer a las Vinotecas P\u00e1ramo, Malbec y Dionisios por la colaboraci\u00f3n que nos han hecho en el marco de la 5ta edici\u00f3n del Paseo del Vino, para poder recaudar fondos y culminar la obra de la ampliaci\u00f3n del aula de gastronom\u00eda\u00bb, compartieron.<\/p>\n<p>\u00abUn especial reconocimiento a Marianela, nuestra instructora del curso Auxiliar de Sommelier, por su impecable organizaci\u00f3n del evento. Tambi\u00e9n agradecemos a Miguel, nuestro preceptor, por su constante ayuda. Adem\u00e1s, queremos resaltar la dedicaci\u00f3n de los egresados de a\u00f1os anteriores, quienes, aunque ya no pertenecen al centro, contin\u00faan represent\u00e1ndonos con orgullo\u00bb, completaron y remarcaron el orgullo \u00abde nuestros alumnos actuales, quienes realizaron un trabajo espectacular como gu\u00edas de cata y asistieron a los visitantes con gran compromiso, incluso desafiando el fr\u00edo para recibir a los asistentes en la entrada\u00bb<\/p>\n","protected":false},"excerpt":{"rendered":"<p>El Centro de Formaci\u00f3n Laboral (CFL) 401 desea expresar su m\u00e1s sincero agradecimiento a todos los que hicieron posible la quinta edici\u00f3n del Paseo del Vino, celebrado este fin de semana en Mercedes. La participaci\u00f3n del CFL 401, como cada a\u00f1o, fue un \u00e9xito gracias al esfuerzo conjunto de organizadores, vinotecas y colaboradores. \u00abQueremos destacar [&hellip;]<\/p>\n","protected":false},"author":16,"featured_media":140342,"comment_status":"closed","ping_status":"closed","sticky":false,"template":"","format":"standard","meta":{"footnotes":""},"categories":[74],"tags":[13504,17076,16061,7742,5868],"class_list":["post-140341","post","type-post","status-publish","format-standard","has-post-thumbnail","hentry","category-emprendimientos","tag-cfl-401","tag-dionisios","tag-malbec","tag-paramo","tag-paseo-del-vino"],"yoast_head":"<!-- This site is optimized with the Yoast SEO plugin v27.4 - https:\/\/yoast.com\/product\/yoast-seo-wordpress\/ -->\n<title>CFL 401 agradece a organizaci\u00f3n y vinotecas participantes del Paseo del Vino 2024<\/title>\n<meta name=\"robots\" content=\"index, follow, max-snippet:-1, max-image-preview:large, max-video-preview:-1\" \/>\n<link rel=\"canonical\" href=\"https:\/\/noticiasmercedinas.com\/site\/2024\/07\/16\/cfl-401-agradece-a-organizacion-y-vinotecas-participantes-del-paseo-del-vino-2024\/\" \/>\n<meta property=\"og:locale\" content=\"es_ES\" \/>\n<meta property=\"og:type\" content=\"article\" \/>\n<meta property=\"og:title\" content=\"CFL 401 agradece a organizaci\u00f3n y vinotecas participantes del Paseo del Vino 2024\" \/>\n<meta property=\"og:description\" content=\"El Centro de Formaci\u00f3n Laboral (CFL) 401 desea expresar su m\u00e1s sincero agradecimiento a todos los que hicieron posible la quinta edici\u00f3n del Paseo del Vino, celebrado este fin de semana en Mercedes. La participaci\u00f3n del CFL 401, como cada a\u00f1o, fue un \u00e9xito gracias al esfuerzo conjunto de organizadores, vinotecas y colaboradores. \u00abQueremos destacar [&hellip;]\" \/>\n<meta property=\"og:url\" content=\"https:\/\/noticiasmercedinas.com\/site\/2024\/07\/16\/cfl-401-agradece-a-organizacion-y-vinotecas-participantes-del-paseo-del-vino-2024\/\" \/>\n<meta property=\"og:site_name\" content=\"NOTICIASMERCEDINAS.COM\" \/>\n<meta property=\"article:publisher\" content=\"https:\/\/www.facebook.com\/noticiasmercedinas\/\" \/>\n<meta property=\"article:published_time\" content=\"2024-07-16T14:23:27+00:00\" \/>\n<meta property=\"og:image\" content=\"https:\/\/noticiasmercedinas.com\/site\/wp-content\/uploads\/2024\/07\/451483131_1576099039915844_3372364774513503615_n.jpg\" \/>\n\t<meta property=\"og:image:width\" content=\"1319\" \/>\n\t<meta property=\"og:image:height\" content=\"879\" \/>\n\t<meta property=\"og:image:type\" content=\"image\/jpeg\" \/>\n<meta name=\"author\" content=\"NOTICIASMERCEDINAS.COM\" \/>\n<meta name=\"twitter:card\" content=\"summary_large_image\" \/>\n<meta name=\"twitter:creator\" content=\"@notmercedinas\" \/>\n<meta name=\"twitter:site\" content=\"@notmercedinas\" \/>\n<meta name=\"twitter:label1\" content=\"Escrito por\" \/>\n\t<meta name=\"twitter:data1\" content=\"NOTICIASMERCEDINAS.COM\" \/>\n\t<meta name=\"twitter:label2\" content=\"Tiempo de lectura\" \/>\n\t<meta name=\"twitter:data2\" content=\"2 minutos\" \/>\n<script type=\"application\/ld+json\" class=\"yoast-schema-graph\">{\"@context\":\"https:\\\/\\\/schema.org\",\"@graph\":[{\"@type\":\"Article\",\"@id\":\"https:\\\/\\\/noticiasmercedinas.com\\\/site\\\/2024\\\/07\\\/16\\\/cfl-401-agradece-a-organizacion-y-vinotecas-participantes-del-paseo-del-vino-2024\\\/#article\",\"isPartOf\":{\"@id\":\"https:\\\/\\\/noticiasmercedinas.com\\\/site\\\/2024\\\/07\\\/16\\\/cfl-401-agradece-a-organizacion-y-vinotecas-participantes-del-paseo-del-vino-2024\\\/\"},\"author\":{\"name\":\"NOTICIASMERCEDINAS.COM\",\"@id\":\"https:\\\/\\\/noticiasmercedinas.com\\\/site\\\/#\\\/schema\\\/person\\\/84b59c099c28ff2e8b77d4ceec5d8063\"},\"headline\":\"CFL 401 agradece a organizaci\u00f3n y vinotecas participantes del Paseo del Vino 2024\",\"datePublished\":\"2024-07-16T14:23:27+00:00\",\"mainEntityOfPage\":{\"@id\":\"https:\\\/\\\/noticiasmercedinas.com\\\/site\\\/2024\\\/07\\\/16\\\/cfl-401-agradece-a-organizacion-y-vinotecas-participantes-del-paseo-del-vino-2024\\\/\"},\"wordCount\":318,\"publisher\":{\"@id\":\"https:\\\/\\\/noticiasmercedinas.com\\\/site\\\/#organization\"},\"image\":{\"@id\":\"https:\\\/\\\/noticiasmercedinas.com\\\/site\\\/2024\\\/07\\\/16\\\/cfl-401-agradece-a-organizacion-y-vinotecas-participantes-del-paseo-del-vino-2024\\\/#primaryimage\"},\"thumbnailUrl\":\"https:\\\/\\\/noticiasmercedinas.com\\\/site\\\/wp-content\\\/uploads\\\/2024\\\/07\\\/451483131_1576099039915844_3372364774513503615_n.jpg\",\"keywords\":[\"cfl 401\",\"dionisios\",\"malbec\",\"P\u00e1ramo\",\"pASEO DEL vINO\"],\"articleSection\":[\"Emprendimientos\"],\"inLanguage\":\"es\"},{\"@type\":\"WebPage\",\"@id\":\"https:\\\/\\\/noticiasmercedinas.com\\\/site\\\/2024\\\/07\\\/16\\\/cfl-401-agradece-a-organizacion-y-vinotecas-participantes-del-paseo-del-vino-2024\\\/\",\"url\":\"https:\\\/\\\/noticiasmercedinas.com\\\/site\\\/2024\\\/07\\\/16\\\/cfl-401-agradece-a-organizacion-y-vinotecas-participantes-del-paseo-del-vino-2024\\\/\",\"name\":\"CFL 401 agradece a organizaci\u00f3n y vinotecas participantes del Paseo del Vino 2024\",\"isPartOf\":{\"@id\":\"https:\\\/\\\/noticiasmercedinas.com\\\/site\\\/#website\"},\"primaryImageOfPage\":{\"@id\":\"https:\\\/\\\/noticiasmercedinas.com\\\/site\\\/2024\\\/07\\\/16\\\/cfl-401-agradece-a-organizacion-y-vinotecas-participantes-del-paseo-del-vino-2024\\\/#primaryimage\"},\"image\":{\"@id\":\"https:\\\/\\\/noticiasmercedinas.com\\\/site\\\/2024\\\/07\\\/16\\\/cfl-401-agradece-a-organizacion-y-vinotecas-participantes-del-paseo-del-vino-2024\\\/#primaryimage\"},\"thumbnailUrl\":\"https:\\\/\\\/noticiasmercedinas.com\\\/site\\\/wp-content\\\/uploads\\\/2024\\\/07\\\/451483131_1576099039915844_3372364774513503615_n.jpg\",\"datePublished\":\"2024-07-16T14:23:27+00:00\",\"breadcrumb\":{\"@id\":\"https:\\\/\\\/noticiasmercedinas.com\\\/site\\\/2024\\\/07\\\/16\\\/cfl-401-agradece-a-organizacion-y-vinotecas-participantes-del-paseo-del-vino-2024\\\/#breadcrumb\"},\"inLanguage\":\"es\",\"potentialAction\":[{\"@type\":\"ReadAction\",\"target\":[\"https:\\\/\\\/noticiasmercedinas.com\\\/site\\\/2024\\\/07\\\/16\\\/cfl-401-agradece-a-organizacion-y-vinotecas-participantes-del-paseo-del-vino-2024\\\/\"]}]},{\"@type\":\"ImageObject\",\"inLanguage\":\"es\",\"@id\":\"https:\\\/\\\/noticiasmercedinas.com\\\/site\\\/2024\\\/07\\\/16\\\/cfl-401-agradece-a-organizacion-y-vinotecas-participantes-del-paseo-del-vino-2024\\\/#primaryimage\",\"url\":\"https:\\\/\\\/noticiasmercedinas.com\\\/site\\\/wp-content\\\/uploads\\\/2024\\\/07\\\/451483131_1576099039915844_3372364774513503615_n.jpg\",\"contentUrl\":\"https:\\\/\\\/noticiasmercedinas.com\\\/site\\\/wp-content\\\/uploads\\\/2024\\\/07\\\/451483131_1576099039915844_3372364774513503615_n.jpg\",\"width\":1319,\"height\":879},{\"@type\":\"BreadcrumbList\",\"@id\":\"https:\\\/\\\/noticiasmercedinas.com\\\/site\\\/2024\\\/07\\\/16\\\/cfl-401-agradece-a-organizacion-y-vinotecas-participantes-del-paseo-del-vino-2024\\\/#breadcrumb\",\"itemListElement\":[{\"@type\":\"ListItem\",\"position\":1,\"name\":\"Portada\",\"item\":\"https:\\\/\\\/noticiasmercedinas.com\\\/site\\\/\"},{\"@type\":\"ListItem\",\"position\":2,\"name\":\"CFL 401 agradece a organizaci\u00f3n y vinotecas participantes del Paseo del Vino 2024\"}]},{\"@type\":\"WebSite\",\"@id\":\"https:\\\/\\\/noticiasmercedinas.com\\\/site\\\/#website\",\"url\":\"https:\\\/\\\/noticiasmercedinas.com\\\/site\\\/\",\"name\":\"NOTICIASMERCEDINAS.COM\",\"description\":\"Mercedes, Buenos Aires, Argentina\",\"publisher\":{\"@id\":\"https:\\\/\\\/noticiasmercedinas.com\\\/site\\\/#organization\"},\"potentialAction\":[{\"@type\":\"SearchAction\",\"target\":{\"@type\":\"EntryPoint\",\"urlTemplate\":\"https:\\\/\\\/noticiasmercedinas.com\\\/site\\\/?s={search_term_string}\"},\"query-input\":{\"@type\":\"PropertyValueSpecification\",\"valueRequired\":true,\"valueName\":\"search_term_string\"}}],\"inLanguage\":\"es\"},{\"@type\":\"Organization\",\"@id\":\"https:\\\/\\\/noticiasmercedinas.com\\\/site\\\/#organization\",\"name\":\"NOTICIASMERCEDINAS.COM\",\"url\":\"https:\\\/\\\/noticiasmercedinas.com\\\/site\\\/\",\"logo\":{\"@type\":\"ImageObject\",\"inLanguage\":\"es\",\"@id\":\"https:\\\/\\\/noticiasmercedinas.com\\\/site\\\/#\\\/schema\\\/logo\\\/image\\\/\",\"url\":\"https:\\\/\\\/noticiasmercedinas.com\\\/site\\\/wp-content\\\/uploads\\\/2020\\\/06\\\/LOGO-512.jpg\",\"contentUrl\":\"https:\\\/\\\/noticiasmercedinas.com\\\/site\\\/wp-content\\\/uploads\\\/2020\\\/06\\\/LOGO-512.jpg\",\"width\":512,\"height\":512,\"caption\":\"NOTICIASMERCEDINAS.COM\"},\"image\":{\"@id\":\"https:\\\/\\\/noticiasmercedinas.com\\\/site\\\/#\\\/schema\\\/logo\\\/image\\\/\"},\"sameAs\":[\"https:\\\/\\\/www.facebook.com\\\/noticiasmercedinas\\\/\",\"https:\\\/\\\/x.com\\\/notmercedinas\",\"https:\\\/\\\/www.instagram.com\\\/noticiasmercedinas\\\/\"]},{\"@type\":\"Person\",\"@id\":\"https:\\\/\\\/noticiasmercedinas.com\\\/site\\\/#\\\/schema\\\/person\\\/84b59c099c28ff2e8b77d4ceec5d8063\",\"name\":\"NOTICIASMERCEDINAS.COM\",\"image\":{\"@type\":\"ImageObject\",\"inLanguage\":\"es\",\"@id\":\"https:\\\/\\\/secure.gravatar.com\\\/avatar\\\/4dfbf16b4d17945bfb6341b2d19043457132fcf478a5ee04f42e959fd8f5df0a?s=96&d=mm&r=g\",\"url\":\"https:\\\/\\\/secure.gravatar.com\\\/avatar\\\/4dfbf16b4d17945bfb6341b2d19043457132fcf478a5ee04f42e959fd8f5df0a?s=96&d=mm&r=g\",\"contentUrl\":\"https:\\\/\\\/secure.gravatar.com\\\/avatar\\\/4dfbf16b4d17945bfb6341b2d19043457132fcf478a5ee04f42e959fd8f5df0a?s=96&d=mm&r=g\",\"caption\":\"NOTICIASMERCEDINAS.COM\"},\"url\":\"https:\\\/\\\/noticiasmercedinas.com\\\/site\\\/author\\\/anonimo\\\/\"}]}<\/script>\n<!-- \/ Yoast SEO plugin. -->","yoast_head_json":{"title":"CFL 401 agradece a organizaci\u00f3n y vinotecas participantes del Paseo del Vino 2024","robots":{"index":"index","follow":"follow","max-snippet":"max-snippet:-1","max-image-preview":"max-image-preview:large","max-video-preview":"max-video-preview:-1"},"canonical":"https:\/\/noticiasmercedinas.com\/site\/2024\/07\/16\/cfl-401-agradece-a-organizacion-y-vinotecas-participantes-del-paseo-del-vino-2024\/","og_locale":"es_ES","og_type":"article","og_title":"CFL 401 agradece a organizaci\u00f3n y vinotecas participantes del Paseo del Vino 2024","og_description":"El Centro de Formaci\u00f3n Laboral (CFL) 401 desea expresar su m\u00e1s sincero agradecimiento a todos los que hicieron posible la quinta edici\u00f3n del Paseo del Vino, celebrado este fin de semana en Mercedes. La participaci\u00f3n del CFL 401, como cada a\u00f1o, fue un \u00e9xito gracias al esfuerzo conjunto de organizadores, vinotecas y colaboradores. \u00abQueremos destacar [&hellip;]","og_url":"https:\/\/noticiasmercedinas.com\/site\/2024\/07\/16\/cfl-401-agradece-a-organizacion-y-vinotecas-participantes-del-paseo-del-vino-2024\/","og_site_name":"NOTICIASMERCEDINAS.COM","article_publisher":"https:\/\/www.facebook.com\/noticiasmercedinas\/","article_published_time":"2024-07-16T14:23:27+00:00","og_image":[{"width":1319,"height":879,"url":"https:\/\/noticiasmercedinas.com\/site\/wp-content\/uploads\/2024\/07\/451483131_1576099039915844_3372364774513503615_n.jpg","type":"image\/jpeg"}],"author":"NOTICIASMERCEDINAS.COM","twitter_card":"summary_large_image","twitter_creator":"@notmercedinas","twitter_site":"@notmercedinas","twitter_misc":{"Escrito por":"NOTICIASMERCEDINAS.COM","Tiempo de lectura":"2 minutos"},"schema":{"@context":"https:\/\/schema.org","@graph":[{"@type":"Article","@id":"https:\/\/noticiasmercedinas.com\/site\/2024\/07\/16\/cfl-401-agradece-a-organizacion-y-vinotecas-participantes-del-paseo-del-vino-2024\/#article","isPartOf":{"@id":"https:\/\/noticiasmercedinas.com\/site\/2024\/07\/16\/cfl-401-agradece-a-organizacion-y-vinotecas-participantes-del-paseo-del-vino-2024\/"},"author":{"name":"NOTICIASMERCEDINAS.COM","@id":"https:\/\/noticiasmercedinas.com\/site\/#\/schema\/person\/84b59c099c28ff2e8b77d4ceec5d8063"},"headline":"CFL 401 agradece a organizaci\u00f3n y vinotecas participantes del Paseo del Vino 2024","datePublished":"2024-07-16T14:23:27+00:00","mainEntityOfPage":{"@id":"https:\/\/noticiasmercedinas.com\/site\/2024\/07\/16\/cfl-401-agradece-a-organizacion-y-vinotecas-participantes-del-paseo-del-vino-2024\/"},"wordCount":318,"publisher":{"@id":"https:\/\/noticiasmercedinas.com\/site\/#organization"},"image":{"@id":"https:\/\/noticiasmercedinas.com\/site\/2024\/07\/16\/cfl-401-agradece-a-organizacion-y-vinotecas-participantes-del-paseo-del-vino-2024\/#primaryimage"},"thumbnailUrl":"https:\/\/noticiasmercedinas.com\/site\/wp-content\/uploads\/2024\/07\/451483131_1576099039915844_3372364774513503615_n.jpg","keywords":["cfl 401","dionisios","malbec","P\u00e1ramo","pASEO DEL vINO"],"articleSection":["Emprendimientos"],"inLanguage":"es"},{"@type":"WebPage","@id":"https:\/\/noticiasmercedinas.com\/site\/2024\/07\/16\/cfl-401-agradece-a-organizacion-y-vinotecas-participantes-del-paseo-del-vino-2024\/","url":"https:\/\/noticiasmercedinas.com\/site\/2024\/07\/16\/cfl-401-agradece-a-organizacion-y-vinotecas-participantes-del-paseo-del-vino-2024\/","name":"CFL 401 agradece a organizaci\u00f3n y vinotecas participantes del Paseo del Vino 2024","isPartOf":{"@id":"https:\/\/noticiasmercedinas.com\/site\/#website"},"primaryImageOfPage":{"@id":"https:\/\/noticiasmercedinas.com\/site\/2024\/07\/16\/cfl-401-agradece-a-organizacion-y-vinotecas-participantes-del-paseo-del-vino-2024\/#primaryimage"},"image":{"@id":"https:\/\/noticiasmercedinas.com\/site\/2024\/07\/16\/cfl-401-agradece-a-organizacion-y-vinotecas-participantes-del-paseo-del-vino-2024\/#primaryimage"},"thumbnailUrl":"https:\/\/noticiasmercedinas.com\/site\/wp-content\/uploads\/2024\/07\/451483131_1576099039915844_3372364774513503615_n.jpg","datePublished":"2024-07-16T14:23:27+00:00","breadcrumb":{"@id":"https:\/\/noticiasmercedinas.com\/site\/2024\/07\/16\/cfl-401-agradece-a-organizacion-y-vinotecas-participantes-del-paseo-del-vino-2024\/#breadcrumb"},"inLanguage":"es","potentialAction":[{"@type":"ReadAction","target":["https:\/\/noticiasmercedinas.com\/site\/2024\/07\/16\/cfl-401-agradece-a-organizacion-y-vinotecas-participantes-del-paseo-del-vino-2024\/"]}]},{"@type":"ImageObject","inLanguage":"es","@id":"https:\/\/noticiasmercedinas.com\/site\/2024\/07\/16\/cfl-401-agradece-a-organizacion-y-vinotecas-participantes-del-paseo-del-vino-2024\/#primaryimage","url":"https:\/\/noticiasmercedinas.com\/site\/wp-content\/uploads\/2024\/07\/451483131_1576099039915844_3372364774513503615_n.jpg","contentUrl":"https:\/\/noticiasmercedinas.com\/site\/wp-content\/uploads\/2024\/07\/451483131_1576099039915844_3372364774513503615_n.jpg","width":1319,"height":879},{"@type":"BreadcrumbList","@id":"https:\/\/noticiasmercedinas.com\/site\/2024\/07\/16\/cfl-401-agradece-a-organizacion-y-vinotecas-participantes-del-paseo-del-vino-2024\/#breadcrumb","itemListElement":[{"@type":"ListItem","position":1,"name":"Portada","item":"https:\/\/noticiasmercedinas.com\/site\/"},{"@type":"ListItem","position":2,"name":"CFL 401 agradece a organizaci\u00f3n y vinotecas participantes del Paseo del Vino 2024"}]},{"@type":"WebSite","@id":"https:\/\/noticiasmercedinas.com\/site\/#website","url":"https:\/\/noticiasmercedinas.com\/site\/","name":"NOTICIASMERCEDINAS.COM","description":"Mercedes, Buenos Aires, Argentina","publisher":{"@id":"https:\/\/noticiasmercedinas.com\/site\/#organization"},"potentialAction":[{"@type":"SearchAction","target":{"@type":"EntryPoint","urlTemplate":"https:\/\/noticiasmercedinas.com\/site\/?s={search_term_string}"},"query-input":{"@type":"PropertyValueSpecification","valueRequired":true,"valueName":"search_term_string"}}],"inLanguage":"es"},{"@type":"Organization","@id":"https:\/\/noticiasmercedinas.com\/site\/#organization","name":"NOTICIASMERCEDINAS.COM","url":"https:\/\/noticiasmercedinas.com\/site\/","logo":{"@type":"ImageObject","inLanguage":"es","@id":"https:\/\/noticiasmercedinas.com\/site\/#\/schema\/logo\/image\/","url":"https:\/\/noticiasmercedinas.com\/site\/wp-content\/uploads\/2020\/06\/LOGO-512.jpg","contentUrl":"https:\/\/noticiasmercedinas.com\/site\/wp-content\/uploads\/2020\/06\/LOGO-512.jpg","width":512,"height":512,"caption":"NOTICIASMERCEDINAS.COM"},"image":{"@id":"https:\/\/noticiasmercedinas.com\/site\/#\/schema\/logo\/image\/"},"sameAs":["https:\/\/www.facebook.com\/noticiasmercedinas\/","https:\/\/x.com\/notmercedinas","https:\/\/www.instagram.com\/noticiasmercedinas\/"]},{"@type":"Person","@id":"https:\/\/noticiasmercedinas.com\/site\/#\/schema\/person\/84b59c099c28ff2e8b77d4ceec5d8063","name":"NOTICIASMERCEDINAS.COM","image":{"@type":"ImageObject","inLanguage":"es","@id":"https:\/\/secure.gravatar.com\/avatar\/4dfbf16b4d17945bfb6341b2d19043457132fcf478a5ee04f42e959fd8f5df0a?s=96&d=mm&r=g","url":"https:\/\/secure.gravatar.com\/avatar\/4dfbf16b4d17945bfb6341b2d19043457132fcf478a5ee04f42e959fd8f5df0a?s=96&d=mm&r=g","contentUrl":"https:\/\/secure.gravatar.com\/avatar\/4dfbf16b4d17945bfb6341b2d19043457132fcf478a5ee04f42e959fd8f5df0a?s=96&d=mm&r=g","caption":"NOTICIASMERCEDINAS.COM"},"url":"https:\/\/noticiasmercedinas.com\/site\/author\/anonimo\/"}]}},"amp_enabled":true,"_links":{"self":[{"href":"https:\/\/noticiasmercedinas.com\/site\/wp-json\/wp\/v2\/posts\/140341","targetHints":{"allow":["GET"]}}],"collection":[{"href":"https:\/\/noticiasmercedinas.com\/site\/wp-json\/wp\/v2\/posts"}],"about":[{"href":"https:\/\/noticiasmercedinas.com\/site\/wp-json\/wp\/v2\/types\/post"}],"author":[{"embeddable":true,"href":"https:\/\/noticiasmercedinas.com\/site\/wp-json\/wp\/v2\/users\/16"}],"replies":[{"embeddable":true,"href":"https:\/\/noticiasmercedinas.com\/site\/wp-json\/wp\/v2\/comments?post=140341"}],"version-history":[{"count":1,"href":"https:\/\/noticiasmercedinas.com\/site\/wp-json\/wp\/v2\/posts\/140341\/revisions"}],"predecessor-version":[{"id":140343,"href":"https:\/\/noticiasmercedinas.com\/site\/wp-json\/wp\/v2\/posts\/140341\/revisions\/140343"}],"wp:featuredmedia":[{"embeddable":true,"href":"https:\/\/noticiasmercedinas.com\/site\/wp-json\/wp\/v2\/media\/140342"}],"wp:attachment":[{"href":"https:\/\/noticiasmercedinas.com\/site\/wp-json\/wp\/v2\/media?parent=140341"}],"wp:term":[{"taxonomy":"category","embeddable":true,"href":"https:\/\/noticiasmercedinas.com\/site\/wp-json\/wp\/v2\/categories?post=140341"},{"taxonomy":"post_tag","embeddable":true,"href":"https:\/\/noticiasmercedinas.com\/site\/wp-json\/wp\/v2\/tags?post=140341"}],"curies":[{"name":"wp","href":"https:\/\/api.w.org\/{rel}","templated":true}]}}