{"id":140889,"date":"2024-07-27T21:16:16","date_gmt":"2024-07-28T00:16:16","guid":{"rendered":"https:\/\/noticiasmercedinas.com\/site\/?p=140889"},"modified":"2024-07-28T00:47:32","modified_gmt":"2024-07-28T03:47:32","slug":"el-fronton-se-hace-de-un-titulo-mas-en-el-futbol-femenino","status":"publish","type":"post","link":"https:\/\/noticiasmercedinas.com\/site\/2024\/07\/27\/el-fronton-se-hace-de-un-titulo-mas-en-el-futbol-femenino\/","title":{"rendered":"El Front\u00f3n se hace de un t\u00edtulo m\u00e1s en el F\u00fatbol Femenino"},"content":{"rendered":"<figure id=\"attachment_140890\" aria-describedby=\"caption-attachment-140890\" style=\"width: 640px\" class=\"wp-caption alignnone\"><img loading=\"lazy\" decoding=\"async\" class=\"wp-image-140890 size-full\" src=\"https:\/\/noticiasmercedinas.com\/site\/wp-content\/uploads\/2024\/07\/campeonas.jpg\" alt=\"\" width=\"640\" height=\"480\" srcset=\"https:\/\/noticiasmercedinas.com\/site\/wp-content\/uploads\/2024\/07\/campeonas.jpg 640w, https:\/\/noticiasmercedinas.com\/site\/wp-content\/uploads\/2024\/07\/campeonas-300x225.jpg 300w, https:\/\/noticiasmercedinas.com\/site\/wp-content\/uploads\/2024\/07\/campeonas-80x60.jpg 80w, https:\/\/noticiasmercedinas.com\/site\/wp-content\/uploads\/2024\/07\/campeonas-160x120.jpg 160w, https:\/\/noticiasmercedinas.com\/site\/wp-content\/uploads\/2024\/07\/campeonas-100x75.jpg 100w, https:\/\/noticiasmercedinas.com\/site\/wp-content\/uploads\/2024\/07\/campeonas-200x150.jpg 200w, https:\/\/noticiasmercedinas.com\/site\/wp-content\/uploads\/2024\/07\/campeonas-180x135.jpg 180w, https:\/\/noticiasmercedinas.com\/site\/wp-content\/uploads\/2024\/07\/campeonas-360x270.jpg 360w, https:\/\/noticiasmercedinas.com\/site\/wp-content\/uploads\/2024\/07\/campeonas-238x178.jpg 238w, https:\/\/noticiasmercedinas.com\/site\/wp-content\/uploads\/2024\/07\/campeonas-476x356.jpg 476w\" sizes=\"auto, (max-width: 640px) 100vw, 640px\" \/><figcaption id=\"caption-attachment-140890\" class=\"wp-caption-text\">El Front\u00f3n Femenino campe\u00f3n de Primera. (Foto El Front\u00f3n).<\/figcaption><\/figure>\n<p>Culmin\u00f3 este s\u00e1bado el Apertura del F\u00fatbol Femenino, jug\u00e1ndose en el sint\u00e9tico del Predio Pampa la final de vuelta entre el local Atl\u00e9tico General Rodr\u00edguez y la visita, El Front\u00f3n, que ven\u00eda de un 3-0 en San Andr\u00e9s de Giles.<\/p>\n<p>Fue 0 a 0 para terminar consagr\u00e1ndose Front\u00f3n, dominador de la Primera Femenina en la Liga, generando desde la creaci\u00f3n del certamen equipos competitivos a tal punto de tener su competencia paralela en la AFA, dentro de la Primera C.<\/p>\n<p>Los logros desde la llegada del F\u00fatbol Femenino a la Liga se dan en 2017 y 2018, \u00e9poca de cancha de 9. Ya en tiempo de f\u00fatbol de 11 subcampe\u00f3n en 2019 ganado ALFA, retornando a lo alto del podio en 2021 con el Clausura, 2022 y 2023 fueron tambi\u00e9n de festejos y el reciente t\u00edtulo del Apertura 2024.<\/p>\n<p>En el medio tambi\u00e9n fue campe\u00f3n Defensores Juniors en el 2022, equipo que jug\u00f3 el TRFAF, no lo hizo El Front\u00f3n al tener su participaci\u00f3n en la AFA, es que el Federal luego se disputa con equipos de la AFA. De todas maneras destacado lo de El Front\u00f3n, m\u00e9rito tambi\u00e9n para Atl\u00e9tico General Rodr\u00edguez que en su primer a\u00f1o en la Liga llega a una final.<\/p>\n<p><strong>Atl\u00e9tico General Rodr\u00edguez 0 (0):<br \/>\nEl Front\u00f3n 0 (3):<br \/>\nArbitro:<\/strong> Luis L\u00f3pez (AAM).<\/p>\n<p><strong>Las campeonas<\/strong><br \/>\nElizabeth Aubain, Y\u00e9sica Azurmendi, Romina Barreira, Agustina Bernaule, Martina Bondanza, Luna Branchini, Paula Brazeiro, Ailen Camino, Agustina Cejas, Maite Cellotto, Ailen D\u00edaz, Delfina D\u00edaz, Tamara Guillet, Brisa Labiano, Zahira Leonelli, Virginia Maggio, Mia Maidana, Virginia Mart\u00ednez, Malena Morrow, Camila Narice, Agustina Pighin, Zoe Pontiroli,\u00a0 Catalina Romero, Branda Taramasco, Valentina Troanovich, Faustina Vachetti, Teresa Vallejos, Valentina Zapata, Valentina Zwetzig y Delfina Zwetzig.\u00a0 <strong>DT:<\/strong> Mat\u00edas Casas.<\/p>\n<p><img loading=\"lazy\" decoding=\"async\" class=\"alignnone size-full wp-image-140901\" src=\"https:\/\/noticiasmercedinas.com\/site\/wp-content\/uploads\/2024\/07\/9ab40b6a-4bdd-41e8-8971-203f3db544e8.jpg\" alt=\"\" width=\"640\" height=\"498\" srcset=\"https:\/\/noticiasmercedinas.com\/site\/wp-content\/uploads\/2024\/07\/9ab40b6a-4bdd-41e8-8971-203f3db544e8.jpg 640w, https:\/\/noticiasmercedinas.com\/site\/wp-content\/uploads\/2024\/07\/9ab40b6a-4bdd-41e8-8971-203f3db544e8-300x233.jpg 300w\" sizes=\"auto, (max-width: 640px) 100vw, 640px\" \/><\/p>\n","protected":false},"excerpt":{"rendered":"<p>\u25a0 El empate 0 a 0 ante Rodr\u00edguez consagr\u00f3 al club de San Andr\u00e9s de Giles que en la ida lo hab\u00eda ganado por 3 a 0. Las defensoras del t\u00edtulo de la pasada temporada volvieron a festejar. Gran campa\u00f1a de Rodr\u00edguez en su primer torneo de la Liga Mercedina.<\/p>\n","protected":false},"author":6,"featured_media":140890,"comment_status":"closed","ping_status":"closed","sticky":false,"template":"","format":"standard","meta":{"footnotes":""},"categories":[5],"tags":[751,3346,14177],"class_list":["post-140889","post","type-post","status-publish","format-standard","has-post-thumbnail","hentry","category-deportes","tag-futbol-femenino","tag-liga-mercedina-de-futbol","tag-primera-division"],"yoast_head":"<!-- This site is optimized with the Yoast SEO plugin v27.4 - https:\/\/yoast.com\/product\/yoast-seo-wordpress\/ -->\n<title>El Front\u00f3n se hace de un t\u00edtulo m\u00e1s en el F\u00fatbol Femenino<\/title>\n<meta name=\"robots\" content=\"index, follow, max-snippet:-1, max-image-preview:large, max-video-preview:-1\" \/>\n<link rel=\"canonical\" href=\"https:\/\/noticiasmercedinas.com\/site\/2024\/07\/27\/el-fronton-se-hace-de-un-titulo-mas-en-el-futbol-femenino\/\" \/>\n<meta property=\"og:locale\" content=\"es_ES\" \/>\n<meta property=\"og:type\" content=\"article\" \/>\n<meta property=\"og:title\" content=\"El Front\u00f3n se hace de un t\u00edtulo m\u00e1s en el F\u00fatbol Femenino\" \/>\n<meta property=\"og:description\" content=\"\u25a0 El empate 0 a 0 ante Rodr\u00edguez consagr\u00f3 al club de San Andr\u00e9s de Giles que en la ida lo hab\u00eda ganado por 3 a 0. Las defensoras del t\u00edtulo de la pasada temporada volvieron a festejar. Gran campa\u00f1a de Rodr\u00edguez en su primer torneo de la Liga Mercedina.\" \/>\n<meta property=\"og:url\" content=\"https:\/\/noticiasmercedinas.com\/site\/2024\/07\/27\/el-fronton-se-hace-de-un-titulo-mas-en-el-futbol-femenino\/\" \/>\n<meta property=\"og:site_name\" content=\"NOTICIASMERCEDINAS.COM\" \/>\n<meta property=\"article:publisher\" content=\"https:\/\/www.facebook.com\/noticiasmercedinas\/\" \/>\n<meta property=\"article:published_time\" content=\"2024-07-28T00:16:16+00:00\" \/>\n<meta property=\"article:modified_time\" content=\"2024-07-28T03:47:32+00:00\" \/>\n<meta property=\"og:image\" content=\"https:\/\/noticiasmercedinas.com\/site\/wp-content\/uploads\/2024\/07\/campeonas.jpg\" \/>\n\t<meta property=\"og:image:width\" content=\"640\" \/>\n\t<meta property=\"og:image:height\" content=\"480\" \/>\n\t<meta property=\"og:image:type\" content=\"image\/jpeg\" \/>\n<meta name=\"author\" content=\"Juan Dagnino NOTICIASMERCEDINAS.COM\" \/>\n<meta name=\"twitter:card\" content=\"summary_large_image\" \/>\n<meta name=\"twitter:creator\" content=\"@notmercedinas\" \/>\n<meta name=\"twitter:site\" content=\"@notmercedinas\" \/>\n<meta name=\"twitter:label1\" content=\"Escrito por\" \/>\n\t<meta name=\"twitter:data1\" content=\"Juan Dagnino NOTICIASMERCEDINAS.COM\" \/>\n\t<meta name=\"twitter:label2\" content=\"Tiempo de lectura\" \/>\n\t<meta name=\"twitter:data2\" content=\"2 minutos\" \/>\n<script type=\"application\/ld+json\" class=\"yoast-schema-graph\">{\"@context\":\"https:\\\/\\\/schema.org\",\"@graph\":[{\"@type\":\"Article\",\"@id\":\"https:\\\/\\\/noticiasmercedinas.com\\\/site\\\/2024\\\/07\\\/27\\\/el-fronton-se-hace-de-un-titulo-mas-en-el-futbol-femenino\\\/#article\",\"isPartOf\":{\"@id\":\"https:\\\/\\\/noticiasmercedinas.com\\\/site\\\/2024\\\/07\\\/27\\\/el-fronton-se-hace-de-un-titulo-mas-en-el-futbol-femenino\\\/\"},\"author\":{\"name\":\"Juan Dagnino NOTICIASMERCEDINAS.COM\",\"@id\":\"https:\\\/\\\/noticiasmercedinas.com\\\/site\\\/#\\\/schema\\\/person\\\/8f2f09d666ef40986eba4a5e6f2a06f9\"},\"headline\":\"El Front\u00f3n se hace de un t\u00edtulo m\u00e1s en el F\u00fatbol Femenino\",\"datePublished\":\"2024-07-28T00:16:16+00:00\",\"dateModified\":\"2024-07-28T03:47:32+00:00\",\"mainEntityOfPage\":{\"@id\":\"https:\\\/\\\/noticiasmercedinas.com\\\/site\\\/2024\\\/07\\\/27\\\/el-fronton-se-hace-de-un-titulo-mas-en-el-futbol-femenino\\\/\"},\"wordCount\":339,\"publisher\":{\"@id\":\"https:\\\/\\\/noticiasmercedinas.com\\\/site\\\/#organization\"},\"image\":{\"@id\":\"https:\\\/\\\/noticiasmercedinas.com\\\/site\\\/2024\\\/07\\\/27\\\/el-fronton-se-hace-de-un-titulo-mas-en-el-futbol-femenino\\\/#primaryimage\"},\"thumbnailUrl\":\"https:\\\/\\\/noticiasmercedinas.com\\\/site\\\/wp-content\\\/uploads\\\/2024\\\/07\\\/campeonas.jpg\",\"keywords\":[\"f\u00fatbol femenino\",\"Liga Mercedina de F\u00fatbol\",\"primera divisi\u00f3n\"],\"articleSection\":[\"Deportes\"],\"inLanguage\":\"es\"},{\"@type\":\"WebPage\",\"@id\":\"https:\\\/\\\/noticiasmercedinas.com\\\/site\\\/2024\\\/07\\\/27\\\/el-fronton-se-hace-de-un-titulo-mas-en-el-futbol-femenino\\\/\",\"url\":\"https:\\\/\\\/noticiasmercedinas.com\\\/site\\\/2024\\\/07\\\/27\\\/el-fronton-se-hace-de-un-titulo-mas-en-el-futbol-femenino\\\/\",\"name\":\"El Front\u00f3n se hace de un t\u00edtulo m\u00e1s en el F\u00fatbol Femenino\",\"isPartOf\":{\"@id\":\"https:\\\/\\\/noticiasmercedinas.com\\\/site\\\/#website\"},\"primaryImageOfPage\":{\"@id\":\"https:\\\/\\\/noticiasmercedinas.com\\\/site\\\/2024\\\/07\\\/27\\\/el-fronton-se-hace-de-un-titulo-mas-en-el-futbol-femenino\\\/#primaryimage\"},\"image\":{\"@id\":\"https:\\\/\\\/noticiasmercedinas.com\\\/site\\\/2024\\\/07\\\/27\\\/el-fronton-se-hace-de-un-titulo-mas-en-el-futbol-femenino\\\/#primaryimage\"},\"thumbnailUrl\":\"https:\\\/\\\/noticiasmercedinas.com\\\/site\\\/wp-content\\\/uploads\\\/2024\\\/07\\\/campeonas.jpg\",\"datePublished\":\"2024-07-28T00:16:16+00:00\",\"dateModified\":\"2024-07-28T03:47:32+00:00\",\"breadcrumb\":{\"@id\":\"https:\\\/\\\/noticiasmercedinas.com\\\/site\\\/2024\\\/07\\\/27\\\/el-fronton-se-hace-de-un-titulo-mas-en-el-futbol-femenino\\\/#breadcrumb\"},\"inLanguage\":\"es\",\"potentialAction\":[{\"@type\":\"ReadAction\",\"target\":[\"https:\\\/\\\/noticiasmercedinas.com\\\/site\\\/2024\\\/07\\\/27\\\/el-fronton-se-hace-de-un-titulo-mas-en-el-futbol-femenino\\\/\"]}]},{\"@type\":\"ImageObject\",\"inLanguage\":\"es\",\"@id\":\"https:\\\/\\\/noticiasmercedinas.com\\\/site\\\/2024\\\/07\\\/27\\\/el-fronton-se-hace-de-un-titulo-mas-en-el-futbol-femenino\\\/#primaryimage\",\"url\":\"https:\\\/\\\/noticiasmercedinas.com\\\/site\\\/wp-content\\\/uploads\\\/2024\\\/07\\\/campeonas.jpg\",\"contentUrl\":\"https:\\\/\\\/noticiasmercedinas.com\\\/site\\\/wp-content\\\/uploads\\\/2024\\\/07\\\/campeonas.jpg\",\"width\":640,\"height\":480},{\"@type\":\"BreadcrumbList\",\"@id\":\"https:\\\/\\\/noticiasmercedinas.com\\\/site\\\/2024\\\/07\\\/27\\\/el-fronton-se-hace-de-un-titulo-mas-en-el-futbol-femenino\\\/#breadcrumb\",\"itemListElement\":[{\"@type\":\"ListItem\",\"position\":1,\"name\":\"Portada\",\"item\":\"https:\\\/\\\/noticiasmercedinas.com\\\/site\\\/\"},{\"@type\":\"ListItem\",\"position\":2,\"name\":\"El Front\u00f3n se hace de un t\u00edtulo m\u00e1s en el F\u00fatbol Femenino\"}]},{\"@type\":\"WebSite\",\"@id\":\"https:\\\/\\\/noticiasmercedinas.com\\\/site\\\/#website\",\"url\":\"https:\\\/\\\/noticiasmercedinas.com\\\/site\\\/\",\"name\":\"NOTICIASMERCEDINAS.COM\",\"description\":\"Mercedes, Buenos Aires, Argentina\",\"publisher\":{\"@id\":\"https:\\\/\\\/noticiasmercedinas.com\\\/site\\\/#organization\"},\"potentialAction\":[{\"@type\":\"SearchAction\",\"target\":{\"@type\":\"EntryPoint\",\"urlTemplate\":\"https:\\\/\\\/noticiasmercedinas.com\\\/site\\\/?s={search_term_string}\"},\"query-input\":{\"@type\":\"PropertyValueSpecification\",\"valueRequired\":true,\"valueName\":\"search_term_string\"}}],\"inLanguage\":\"es\"},{\"@type\":\"Organization\",\"@id\":\"https:\\\/\\\/noticiasmercedinas.com\\\/site\\\/#organization\",\"name\":\"NOTICIASMERCEDINAS.COM\",\"url\":\"https:\\\/\\\/noticiasmercedinas.com\\\/site\\\/\",\"logo\":{\"@type\":\"ImageObject\",\"inLanguage\":\"es\",\"@id\":\"https:\\\/\\\/noticiasmercedinas.com\\\/site\\\/#\\\/schema\\\/logo\\\/image\\\/\",\"url\":\"https:\\\/\\\/noticiasmercedinas.com\\\/site\\\/wp-content\\\/uploads\\\/2020\\\/06\\\/LOGO-512.jpg\",\"contentUrl\":\"https:\\\/\\\/noticiasmercedinas.com\\\/site\\\/wp-content\\\/uploads\\\/2020\\\/06\\\/LOGO-512.jpg\",\"width\":512,\"height\":512,\"caption\":\"NOTICIASMERCEDINAS.COM\"},\"image\":{\"@id\":\"https:\\\/\\\/noticiasmercedinas.com\\\/site\\\/#\\\/schema\\\/logo\\\/image\\\/\"},\"sameAs\":[\"https:\\\/\\\/www.facebook.com\\\/noticiasmercedinas\\\/\",\"https:\\\/\\\/x.com\\\/notmercedinas\",\"https:\\\/\\\/www.instagram.com\\\/noticiasmercedinas\\\/\"]},{\"@type\":\"Person\",\"@id\":\"https:\\\/\\\/noticiasmercedinas.com\\\/site\\\/#\\\/schema\\\/person\\\/8f2f09d666ef40986eba4a5e6f2a06f9\",\"name\":\"Juan Dagnino NOTICIASMERCEDINAS.COM\",\"image\":{\"@type\":\"ImageObject\",\"inLanguage\":\"es\",\"@id\":\"https:\\\/\\\/secure.gravatar.com\\\/avatar\\\/fc7059a769f5a3cae65fadb228a3e4accf3a64b4b2305020d0a27e6d5333c91b?s=96&d=mm&r=g\",\"url\":\"https:\\\/\\\/secure.gravatar.com\\\/avatar\\\/fc7059a769f5a3cae65fadb228a3e4accf3a64b4b2305020d0a27e6d5333c91b?s=96&d=mm&r=g\",\"contentUrl\":\"https:\\\/\\\/secure.gravatar.com\\\/avatar\\\/fc7059a769f5a3cae65fadb228a3e4accf3a64b4b2305020d0a27e6d5333c91b?s=96&d=mm&r=g\",\"caption\":\"Juan Dagnino NOTICIASMERCEDINAS.COM\"},\"url\":\"https:\\\/\\\/noticiasmercedinas.com\\\/site\\\/author\\\/juandagnino\\\/\"}]}<\/script>\n<!-- \/ Yoast SEO plugin. -->","yoast_head_json":{"title":"El Front\u00f3n se hace de un t\u00edtulo m\u00e1s en el F\u00fatbol Femenino","robots":{"index":"index","follow":"follow","max-snippet":"max-snippet:-1","max-image-preview":"max-image-preview:large","max-video-preview":"max-video-preview:-1"},"canonical":"https:\/\/noticiasmercedinas.com\/site\/2024\/07\/27\/el-fronton-se-hace-de-un-titulo-mas-en-el-futbol-femenino\/","og_locale":"es_ES","og_type":"article","og_title":"El Front\u00f3n se hace de un t\u00edtulo m\u00e1s en el F\u00fatbol Femenino","og_description":"\u25a0 El empate 0 a 0 ante Rodr\u00edguez consagr\u00f3 al club de San Andr\u00e9s de Giles que en la ida lo hab\u00eda ganado por 3 a 0. Las defensoras del t\u00edtulo de la pasada temporada volvieron a festejar. Gran campa\u00f1a de Rodr\u00edguez en su primer torneo de la Liga Mercedina.","og_url":"https:\/\/noticiasmercedinas.com\/site\/2024\/07\/27\/el-fronton-se-hace-de-un-titulo-mas-en-el-futbol-femenino\/","og_site_name":"NOTICIASMERCEDINAS.COM","article_publisher":"https:\/\/www.facebook.com\/noticiasmercedinas\/","article_published_time":"2024-07-28T00:16:16+00:00","article_modified_time":"2024-07-28T03:47:32+00:00","og_image":[{"width":640,"height":480,"url":"https:\/\/noticiasmercedinas.com\/site\/wp-content\/uploads\/2024\/07\/campeonas.jpg","type":"image\/jpeg"}],"author":"Juan Dagnino NOTICIASMERCEDINAS.COM","twitter_card":"summary_large_image","twitter_creator":"@notmercedinas","twitter_site":"@notmercedinas","twitter_misc":{"Escrito por":"Juan Dagnino NOTICIASMERCEDINAS.COM","Tiempo de lectura":"2 minutos"},"schema":{"@context":"https:\/\/schema.org","@graph":[{"@type":"Article","@id":"https:\/\/noticiasmercedinas.com\/site\/2024\/07\/27\/el-fronton-se-hace-de-un-titulo-mas-en-el-futbol-femenino\/#article","isPartOf":{"@id":"https:\/\/noticiasmercedinas.com\/site\/2024\/07\/27\/el-fronton-se-hace-de-un-titulo-mas-en-el-futbol-femenino\/"},"author":{"name":"Juan Dagnino NOTICIASMERCEDINAS.COM","@id":"https:\/\/noticiasmercedinas.com\/site\/#\/schema\/person\/8f2f09d666ef40986eba4a5e6f2a06f9"},"headline":"El Front\u00f3n se hace de un t\u00edtulo m\u00e1s en el F\u00fatbol Femenino","datePublished":"2024-07-28T00:16:16+00:00","dateModified":"2024-07-28T03:47:32+00:00","mainEntityOfPage":{"@id":"https:\/\/noticiasmercedinas.com\/site\/2024\/07\/27\/el-fronton-se-hace-de-un-titulo-mas-en-el-futbol-femenino\/"},"wordCount":339,"publisher":{"@id":"https:\/\/noticiasmercedinas.com\/site\/#organization"},"image":{"@id":"https:\/\/noticiasmercedinas.com\/site\/2024\/07\/27\/el-fronton-se-hace-de-un-titulo-mas-en-el-futbol-femenino\/#primaryimage"},"thumbnailUrl":"https:\/\/noticiasmercedinas.com\/site\/wp-content\/uploads\/2024\/07\/campeonas.jpg","keywords":["f\u00fatbol femenino","Liga Mercedina de F\u00fatbol","primera divisi\u00f3n"],"articleSection":["Deportes"],"inLanguage":"es"},{"@type":"WebPage","@id":"https:\/\/noticiasmercedinas.com\/site\/2024\/07\/27\/el-fronton-se-hace-de-un-titulo-mas-en-el-futbol-femenino\/","url":"https:\/\/noticiasmercedinas.com\/site\/2024\/07\/27\/el-fronton-se-hace-de-un-titulo-mas-en-el-futbol-femenino\/","name":"El Front\u00f3n se hace de un t\u00edtulo m\u00e1s en el F\u00fatbol Femenino","isPartOf":{"@id":"https:\/\/noticiasmercedinas.com\/site\/#website"},"primaryImageOfPage":{"@id":"https:\/\/noticiasmercedinas.com\/site\/2024\/07\/27\/el-fronton-se-hace-de-un-titulo-mas-en-el-futbol-femenino\/#primaryimage"},"image":{"@id":"https:\/\/noticiasmercedinas.com\/site\/2024\/07\/27\/el-fronton-se-hace-de-un-titulo-mas-en-el-futbol-femenino\/#primaryimage"},"thumbnailUrl":"https:\/\/noticiasmercedinas.com\/site\/wp-content\/uploads\/2024\/07\/campeonas.jpg","datePublished":"2024-07-28T00:16:16+00:00","dateModified":"2024-07-28T03:47:32+00:00","breadcrumb":{"@id":"https:\/\/noticiasmercedinas.com\/site\/2024\/07\/27\/el-fronton-se-hace-de-un-titulo-mas-en-el-futbol-femenino\/#breadcrumb"},"inLanguage":"es","potentialAction":[{"@type":"ReadAction","target":["https:\/\/noticiasmercedinas.com\/site\/2024\/07\/27\/el-fronton-se-hace-de-un-titulo-mas-en-el-futbol-femenino\/"]}]},{"@type":"ImageObject","inLanguage":"es","@id":"https:\/\/noticiasmercedinas.com\/site\/2024\/07\/27\/el-fronton-se-hace-de-un-titulo-mas-en-el-futbol-femenino\/#primaryimage","url":"https:\/\/noticiasmercedinas.com\/site\/wp-content\/uploads\/2024\/07\/campeonas.jpg","contentUrl":"https:\/\/noticiasmercedinas.com\/site\/wp-content\/uploads\/2024\/07\/campeonas.jpg","width":640,"height":480},{"@type":"BreadcrumbList","@id":"https:\/\/noticiasmercedinas.com\/site\/2024\/07\/27\/el-fronton-se-hace-de-un-titulo-mas-en-el-futbol-femenino\/#breadcrumb","itemListElement":[{"@type":"ListItem","position":1,"name":"Portada","item":"https:\/\/noticiasmercedinas.com\/site\/"},{"@type":"ListItem","position":2,"name":"El Front\u00f3n se hace de un t\u00edtulo m\u00e1s en el F\u00fatbol Femenino"}]},{"@type":"WebSite","@id":"https:\/\/noticiasmercedinas.com\/site\/#website","url":"https:\/\/noticiasmercedinas.com\/site\/","name":"NOTICIASMERCEDINAS.COM","description":"Mercedes, Buenos Aires, Argentina","publisher":{"@id":"https:\/\/noticiasmercedinas.com\/site\/#organization"},"potentialAction":[{"@type":"SearchAction","target":{"@type":"EntryPoint","urlTemplate":"https:\/\/noticiasmercedinas.com\/site\/?s={search_term_string}"},"query-input":{"@type":"PropertyValueSpecification","valueRequired":true,"valueName":"search_term_string"}}],"inLanguage":"es"},{"@type":"Organization","@id":"https:\/\/noticiasmercedinas.com\/site\/#organization","name":"NOTICIASMERCEDINAS.COM","url":"https:\/\/noticiasmercedinas.com\/site\/","logo":{"@type":"ImageObject","inLanguage":"es","@id":"https:\/\/noticiasmercedinas.com\/site\/#\/schema\/logo\/image\/","url":"https:\/\/noticiasmercedinas.com\/site\/wp-content\/uploads\/2020\/06\/LOGO-512.jpg","contentUrl":"https:\/\/noticiasmercedinas.com\/site\/wp-content\/uploads\/2020\/06\/LOGO-512.jpg","width":512,"height":512,"caption":"NOTICIASMERCEDINAS.COM"},"image":{"@id":"https:\/\/noticiasmercedinas.com\/site\/#\/schema\/logo\/image\/"},"sameAs":["https:\/\/www.facebook.com\/noticiasmercedinas\/","https:\/\/x.com\/notmercedinas","https:\/\/www.instagram.com\/noticiasmercedinas\/"]},{"@type":"Person","@id":"https:\/\/noticiasmercedinas.com\/site\/#\/schema\/person\/8f2f09d666ef40986eba4a5e6f2a06f9","name":"Juan Dagnino NOTICIASMERCEDINAS.COM","image":{"@type":"ImageObject","inLanguage":"es","@id":"https:\/\/secure.gravatar.com\/avatar\/fc7059a769f5a3cae65fadb228a3e4accf3a64b4b2305020d0a27e6d5333c91b?s=96&d=mm&r=g","url":"https:\/\/secure.gravatar.com\/avatar\/fc7059a769f5a3cae65fadb228a3e4accf3a64b4b2305020d0a27e6d5333c91b?s=96&d=mm&r=g","contentUrl":"https:\/\/secure.gravatar.com\/avatar\/fc7059a769f5a3cae65fadb228a3e4accf3a64b4b2305020d0a27e6d5333c91b?s=96&d=mm&r=g","caption":"Juan Dagnino NOTICIASMERCEDINAS.COM"},"url":"https:\/\/noticiasmercedinas.com\/site\/author\/juandagnino\/"}]}},"amp_enabled":true,"_links":{"self":[{"href":"https:\/\/noticiasmercedinas.com\/site\/wp-json\/wp\/v2\/posts\/140889","targetHints":{"allow":["GET"]}}],"collection":[{"href":"https:\/\/noticiasmercedinas.com\/site\/wp-json\/wp\/v2\/posts"}],"about":[{"href":"https:\/\/noticiasmercedinas.com\/site\/wp-json\/wp\/v2\/types\/post"}],"author":[{"embeddable":true,"href":"https:\/\/noticiasmercedinas.com\/site\/wp-json\/wp\/v2\/users\/6"}],"replies":[{"embeddable":true,"href":"https:\/\/noticiasmercedinas.com\/site\/wp-json\/wp\/v2\/comments?post=140889"}],"version-history":[{"count":3,"href":"https:\/\/noticiasmercedinas.com\/site\/wp-json\/wp\/v2\/posts\/140889\/revisions"}],"predecessor-version":[{"id":140902,"href":"https:\/\/noticiasmercedinas.com\/site\/wp-json\/wp\/v2\/posts\/140889\/revisions\/140902"}],"wp:featuredmedia":[{"embeddable":true,"href":"https:\/\/noticiasmercedinas.com\/site\/wp-json\/wp\/v2\/media\/140890"}],"wp:attachment":[{"href":"https:\/\/noticiasmercedinas.com\/site\/wp-json\/wp\/v2\/media?parent=140889"}],"wp:term":[{"taxonomy":"category","embeddable":true,"href":"https:\/\/noticiasmercedinas.com\/site\/wp-json\/wp\/v2\/categories?post=140889"},{"taxonomy":"post_tag","embeddable":true,"href":"https:\/\/noticiasmercedinas.com\/site\/wp-json\/wp\/v2\/tags?post=140889"}],"curies":[{"name":"wp","href":"https:\/\/api.w.org\/{rel}","templated":true}]}}