{"id":141074,"date":"2024-07-31T10:05:50","date_gmt":"2024-07-31T13:05:50","guid":{"rendered":"https:\/\/noticiasmercedinas.com\/site\/?p=141074"},"modified":"2024-07-31T18:36:36","modified_gmt":"2024-07-31T21:36:36","slug":"campana-solidaria-por-el-dia-del-nino-jardin-maternal-arco-iris-y-all-boys-solidario-unen-fuerzas","status":"publish","type":"post","link":"https:\/\/noticiasmercedinas.com\/site\/2024\/07\/31\/campana-solidaria-por-el-dia-del-nino-jardin-maternal-arco-iris-y-all-boys-solidario-unen-fuerzas\/","title":{"rendered":"Campa\u00f1a por el d\u00eda del ni\u00f1o: Maternal Arco Iris, El Bunker y All Boys Solidario unen fuerzas"},"content":{"rendered":"<h3><img loading=\"lazy\" decoding=\"async\" class=\"alignnone size-full wp-image-49457\" src=\"https:\/\/noticiasmercedinas.com\/site\/wp-content\/uploads\/2020\/07\/juguetes.jpg\" alt=\"\" width=\"640\" height=\"360\" srcset=\"https:\/\/noticiasmercedinas.com\/site\/wp-content\/uploads\/2020\/07\/juguetes.jpg 640w, https:\/\/noticiasmercedinas.com\/site\/wp-content\/uploads\/2020\/07\/juguetes-300x169.jpg 300w\" sizes=\"auto, (max-width: 640px) 100vw, 640px\" \/><\/h3>\n<p>En la previa del D\u00eda del Ni\u00f1o, el Jard\u00edn Maternal Arco Iris, el programa radial El Bunker y All Boys Solidario han lanzado una campa\u00f1a solidaria destinada a recolectar juguetes para los ni\u00f1os del norte del pa\u00eds.<\/p>\n<p>La iniciativa, que busca llevar alegr\u00eda a los m\u00e1s peque\u00f1os en una fecha tan especial, tiene como objetivo recolectar juguetes en buen estado para ser donados a ni\u00f1os en la ciudad de Iguaz\u00fa, Misiones. La recolecci\u00f3n de los juguetes se realizar\u00e1 en las instalaciones del Jard\u00edn Maternal Arco Iris hasta el 10 de agosto, en el horario de 8:00 a 17:00 hs.<\/p>\n<p>Desde la organizaci\u00f3n destacan la importancia de la solidaridad y la empat\u00eda en tiempos dif\u00edciles, y hacen un llamado a la comunidad para que se sume a esta noble causa. \u00abQueremos que todos los ni\u00f1os tengan la posibilidad de recibir un regalo en su d\u00eda\u00bb, expresaron los organizadores.<\/p>\n<p>La campa\u00f1a es un ejemplo m\u00e1s del compromiso social de All Boys Solidario y del Jard\u00edn Maternal Arco Iris, quienes junto a El Bunker trabajan en conjunto para llegar a aquellos que m\u00e1s lo necesitan.<\/p>\n<p>El Maternal Arco\u00edris est\u00e1 ubicado en 33 N\u00ba 272 y ofrece un ambiente seguro, que les brinda a los ni\u00f1os y ni\u00f1as oportunidades de juego y aprendizaje. Consultas al 2324 68-0105 \/ 2324 68-0598 \/ 2324 46-7495<\/p>\n<p><img loading=\"lazy\" decoding=\"async\" class=\"alignnone size-full wp-image-141075\" src=\"https:\/\/noticiasmercedinas.com\/site\/wp-content\/uploads\/2024\/07\/JUGUETES.jpg\" alt=\"\" width=\"648\" height=\"800\" srcset=\"https:\/\/noticiasmercedinas.com\/site\/wp-content\/uploads\/2024\/07\/JUGUETES.jpg 648w, https:\/\/noticiasmercedinas.com\/site\/wp-content\/uploads\/2024\/07\/JUGUETES-243x300.jpg 243w, https:\/\/noticiasmercedinas.com\/site\/wp-content\/uploads\/2024\/07\/JUGUETES-640x790.jpg 640w\" sizes=\"auto, (max-width: 648px) 100vw, 648px\" \/><\/p>\n","protected":false},"excerpt":{"rendered":"<p>\u25a0 La iniciativa, que busca llevar alegr\u00eda a los m\u00e1s peque\u00f1os en una fecha tan especial, tiene como objetivo recolectar juguetes en buen estado para ser donados a ni\u00f1os en la ciudad de Iguaz\u00fa, Misiones<\/p>\n","protected":false},"author":16,"featured_media":49457,"comment_status":"closed","ping_status":"closed","sticky":false,"template":"","format":"standard","meta":{"footnotes":""},"categories":[3],"tags":[3017,5469,16755,4795,81],"class_list":["post-141074","post","type-post","status-publish","format-standard","has-post-thumbnail","hentry","category-sociedad","tag-all-boys-solidario","tag-el-bunker","tag-jardin-maternal-arcoiris","tag-juguetes","tag-solidaridad"],"yoast_head":"<!-- This site is optimized with the Yoast SEO plugin v27.5 - https:\/\/yoast.com\/product\/yoast-seo-wordpress\/ -->\n<title>Campa\u00f1a por el d\u00eda del ni\u00f1o: Maternal Arco Iris, El Bunker y All Boys Solidario unen fuerzas<\/title>\n<meta name=\"robots\" content=\"index, follow, max-snippet:-1, max-image-preview:large, max-video-preview:-1\" \/>\n<link rel=\"canonical\" href=\"https:\/\/noticiasmercedinas.com\/site\/2024\/07\/31\/campana-solidaria-por-el-dia-del-nino-jardin-maternal-arco-iris-y-all-boys-solidario-unen-fuerzas\/\" \/>\n<meta property=\"og:locale\" content=\"es_ES\" \/>\n<meta property=\"og:type\" content=\"article\" \/>\n<meta property=\"og:title\" content=\"Campa\u00f1a por el d\u00eda del ni\u00f1o: Maternal Arco Iris, El Bunker y All Boys Solidario unen fuerzas\" \/>\n<meta property=\"og:description\" content=\"\u25a0 La iniciativa, que busca llevar alegr\u00eda a los m\u00e1s peque\u00f1os en una fecha tan especial, tiene como objetivo recolectar juguetes en buen estado para ser donados a ni\u00f1os en la ciudad de Iguaz\u00fa, Misiones\" \/>\n<meta property=\"og:url\" content=\"https:\/\/noticiasmercedinas.com\/site\/2024\/07\/31\/campana-solidaria-por-el-dia-del-nino-jardin-maternal-arco-iris-y-all-boys-solidario-unen-fuerzas\/\" \/>\n<meta property=\"og:site_name\" content=\"NOTICIASMERCEDINAS.COM\" \/>\n<meta property=\"article:publisher\" content=\"https:\/\/www.facebook.com\/noticiasmercedinas\/\" \/>\n<meta property=\"article:published_time\" content=\"2024-07-31T13:05:50+00:00\" \/>\n<meta property=\"article:modified_time\" content=\"2024-07-31T21:36:36+00:00\" \/>\n<meta property=\"og:image\" content=\"https:\/\/noticiasmercedinas.com\/site\/wp-content\/uploads\/2020\/07\/juguetes.jpg\" \/>\n\t<meta property=\"og:image:width\" content=\"640\" \/>\n\t<meta property=\"og:image:height\" content=\"360\" \/>\n\t<meta property=\"og:image:type\" content=\"image\/jpeg\" \/>\n<meta name=\"author\" content=\"NOTICIASMERCEDINAS.COM\" \/>\n<meta name=\"twitter:card\" content=\"summary_large_image\" \/>\n<meta name=\"twitter:creator\" content=\"@notmercedinas\" \/>\n<meta name=\"twitter:site\" content=\"@notmercedinas\" \/>\n<meta name=\"twitter:label1\" content=\"Escrito por\" \/>\n\t<meta name=\"twitter:data1\" content=\"NOTICIASMERCEDINAS.COM\" \/>\n\t<meta name=\"twitter:label2\" content=\"Tiempo de lectura\" \/>\n\t<meta name=\"twitter:data2\" content=\"1 minuto\" \/>\n<script type=\"application\/ld+json\" class=\"yoast-schema-graph\">{\"@context\":\"https:\\\/\\\/schema.org\",\"@graph\":[{\"@type\":\"Article\",\"@id\":\"https:\\\/\\\/noticiasmercedinas.com\\\/site\\\/2024\\\/07\\\/31\\\/campana-solidaria-por-el-dia-del-nino-jardin-maternal-arco-iris-y-all-boys-solidario-unen-fuerzas\\\/#article\",\"isPartOf\":{\"@id\":\"https:\\\/\\\/noticiasmercedinas.com\\\/site\\\/2024\\\/07\\\/31\\\/campana-solidaria-por-el-dia-del-nino-jardin-maternal-arco-iris-y-all-boys-solidario-unen-fuerzas\\\/\"},\"author\":{\"name\":\"NOTICIASMERCEDINAS.COM\",\"@id\":\"https:\\\/\\\/noticiasmercedinas.com\\\/site\\\/#\\\/schema\\\/person\\\/84b59c099c28ff2e8b77d4ceec5d8063\"},\"headline\":\"Campa\u00f1a por el d\u00eda del ni\u00f1o: Maternal Arco Iris, El Bunker y All Boys Solidario unen fuerzas\",\"datePublished\":\"2024-07-31T13:05:50+00:00\",\"dateModified\":\"2024-07-31T21:36:36+00:00\",\"mainEntityOfPage\":{\"@id\":\"https:\\\/\\\/noticiasmercedinas.com\\\/site\\\/2024\\\/07\\\/31\\\/campana-solidaria-por-el-dia-del-nino-jardin-maternal-arco-iris-y-all-boys-solidario-unen-fuerzas\\\/\"},\"wordCount\":253,\"publisher\":{\"@id\":\"https:\\\/\\\/noticiasmercedinas.com\\\/site\\\/#organization\"},\"image\":{\"@id\":\"https:\\\/\\\/noticiasmercedinas.com\\\/site\\\/2024\\\/07\\\/31\\\/campana-solidaria-por-el-dia-del-nino-jardin-maternal-arco-iris-y-all-boys-solidario-unen-fuerzas\\\/#primaryimage\"},\"thumbnailUrl\":\"https:\\\/\\\/noticiasmercedinas.com\\\/site\\\/wp-content\\\/uploads\\\/2020\\\/07\\\/juguetes.jpg\",\"keywords\":[\"all boys solidario\",\"el bunker\",\"Jard\u00edn Maternal Arco\u00edris\",\"Juguetes\",\"solidaridad\"],\"articleSection\":[\"Sociedad\"],\"inLanguage\":\"es\"},{\"@type\":\"WebPage\",\"@id\":\"https:\\\/\\\/noticiasmercedinas.com\\\/site\\\/2024\\\/07\\\/31\\\/campana-solidaria-por-el-dia-del-nino-jardin-maternal-arco-iris-y-all-boys-solidario-unen-fuerzas\\\/\",\"url\":\"https:\\\/\\\/noticiasmercedinas.com\\\/site\\\/2024\\\/07\\\/31\\\/campana-solidaria-por-el-dia-del-nino-jardin-maternal-arco-iris-y-all-boys-solidario-unen-fuerzas\\\/\",\"name\":\"Campa\u00f1a por el d\u00eda del ni\u00f1o: Maternal Arco Iris, El Bunker y All Boys Solidario unen fuerzas\",\"isPartOf\":{\"@id\":\"https:\\\/\\\/noticiasmercedinas.com\\\/site\\\/#website\"},\"primaryImageOfPage\":{\"@id\":\"https:\\\/\\\/noticiasmercedinas.com\\\/site\\\/2024\\\/07\\\/31\\\/campana-solidaria-por-el-dia-del-nino-jardin-maternal-arco-iris-y-all-boys-solidario-unen-fuerzas\\\/#primaryimage\"},\"image\":{\"@id\":\"https:\\\/\\\/noticiasmercedinas.com\\\/site\\\/2024\\\/07\\\/31\\\/campana-solidaria-por-el-dia-del-nino-jardin-maternal-arco-iris-y-all-boys-solidario-unen-fuerzas\\\/#primaryimage\"},\"thumbnailUrl\":\"https:\\\/\\\/noticiasmercedinas.com\\\/site\\\/wp-content\\\/uploads\\\/2020\\\/07\\\/juguetes.jpg\",\"datePublished\":\"2024-07-31T13:05:50+00:00\",\"dateModified\":\"2024-07-31T21:36:36+00:00\",\"breadcrumb\":{\"@id\":\"https:\\\/\\\/noticiasmercedinas.com\\\/site\\\/2024\\\/07\\\/31\\\/campana-solidaria-por-el-dia-del-nino-jardin-maternal-arco-iris-y-all-boys-solidario-unen-fuerzas\\\/#breadcrumb\"},\"inLanguage\":\"es\",\"potentialAction\":[{\"@type\":\"ReadAction\",\"target\":[\"https:\\\/\\\/noticiasmercedinas.com\\\/site\\\/2024\\\/07\\\/31\\\/campana-solidaria-por-el-dia-del-nino-jardin-maternal-arco-iris-y-all-boys-solidario-unen-fuerzas\\\/\"]}]},{\"@type\":\"ImageObject\",\"inLanguage\":\"es\",\"@id\":\"https:\\\/\\\/noticiasmercedinas.com\\\/site\\\/2024\\\/07\\\/31\\\/campana-solidaria-por-el-dia-del-nino-jardin-maternal-arco-iris-y-all-boys-solidario-unen-fuerzas\\\/#primaryimage\",\"url\":\"https:\\\/\\\/noticiasmercedinas.com\\\/site\\\/wp-content\\\/uploads\\\/2020\\\/07\\\/juguetes.jpg\",\"contentUrl\":\"https:\\\/\\\/noticiasmercedinas.com\\\/site\\\/wp-content\\\/uploads\\\/2020\\\/07\\\/juguetes.jpg\",\"width\":640,\"height\":360},{\"@type\":\"BreadcrumbList\",\"@id\":\"https:\\\/\\\/noticiasmercedinas.com\\\/site\\\/2024\\\/07\\\/31\\\/campana-solidaria-por-el-dia-del-nino-jardin-maternal-arco-iris-y-all-boys-solidario-unen-fuerzas\\\/#breadcrumb\",\"itemListElement\":[{\"@type\":\"ListItem\",\"position\":1,\"name\":\"Portada\",\"item\":\"https:\\\/\\\/noticiasmercedinas.com\\\/site\\\/\"},{\"@type\":\"ListItem\",\"position\":2,\"name\":\"Campa\u00f1a por el d\u00eda del ni\u00f1o: Maternal Arco Iris, El Bunker y All Boys Solidario unen fuerzas\"}]},{\"@type\":\"WebSite\",\"@id\":\"https:\\\/\\\/noticiasmercedinas.com\\\/site\\\/#website\",\"url\":\"https:\\\/\\\/noticiasmercedinas.com\\\/site\\\/\",\"name\":\"NOTICIASMERCEDINAS.COM\",\"description\":\"Mercedes, Buenos Aires, Argentina\",\"publisher\":{\"@id\":\"https:\\\/\\\/noticiasmercedinas.com\\\/site\\\/#organization\"},\"potentialAction\":[{\"@type\":\"SearchAction\",\"target\":{\"@type\":\"EntryPoint\",\"urlTemplate\":\"https:\\\/\\\/noticiasmercedinas.com\\\/site\\\/?s={search_term_string}\"},\"query-input\":{\"@type\":\"PropertyValueSpecification\",\"valueRequired\":true,\"valueName\":\"search_term_string\"}}],\"inLanguage\":\"es\"},{\"@type\":\"Organization\",\"@id\":\"https:\\\/\\\/noticiasmercedinas.com\\\/site\\\/#organization\",\"name\":\"NOTICIASMERCEDINAS.COM\",\"url\":\"https:\\\/\\\/noticiasmercedinas.com\\\/site\\\/\",\"logo\":{\"@type\":\"ImageObject\",\"inLanguage\":\"es\",\"@id\":\"https:\\\/\\\/noticiasmercedinas.com\\\/site\\\/#\\\/schema\\\/logo\\\/image\\\/\",\"url\":\"https:\\\/\\\/noticiasmercedinas.com\\\/site\\\/wp-content\\\/uploads\\\/2020\\\/06\\\/LOGO-512.jpg\",\"contentUrl\":\"https:\\\/\\\/noticiasmercedinas.com\\\/site\\\/wp-content\\\/uploads\\\/2020\\\/06\\\/LOGO-512.jpg\",\"width\":512,\"height\":512,\"caption\":\"NOTICIASMERCEDINAS.COM\"},\"image\":{\"@id\":\"https:\\\/\\\/noticiasmercedinas.com\\\/site\\\/#\\\/schema\\\/logo\\\/image\\\/\"},\"sameAs\":[\"https:\\\/\\\/www.facebook.com\\\/noticiasmercedinas\\\/\",\"https:\\\/\\\/x.com\\\/notmercedinas\",\"https:\\\/\\\/www.instagram.com\\\/noticiasmercedinas\\\/\"]},{\"@type\":\"Person\",\"@id\":\"https:\\\/\\\/noticiasmercedinas.com\\\/site\\\/#\\\/schema\\\/person\\\/84b59c099c28ff2e8b77d4ceec5d8063\",\"name\":\"NOTICIASMERCEDINAS.COM\",\"image\":{\"@type\":\"ImageObject\",\"inLanguage\":\"es\",\"@id\":\"https:\\\/\\\/secure.gravatar.com\\\/avatar\\\/4dfbf16b4d17945bfb6341b2d19043457132fcf478a5ee04f42e959fd8f5df0a?s=96&d=mm&r=g\",\"url\":\"https:\\\/\\\/secure.gravatar.com\\\/avatar\\\/4dfbf16b4d17945bfb6341b2d19043457132fcf478a5ee04f42e959fd8f5df0a?s=96&d=mm&r=g\",\"contentUrl\":\"https:\\\/\\\/secure.gravatar.com\\\/avatar\\\/4dfbf16b4d17945bfb6341b2d19043457132fcf478a5ee04f42e959fd8f5df0a?s=96&d=mm&r=g\",\"caption\":\"NOTICIASMERCEDINAS.COM\"},\"url\":\"https:\\\/\\\/noticiasmercedinas.com\\\/site\\\/author\\\/anonimo\\\/\"}]}<\/script>\n<!-- \/ Yoast SEO plugin. -->","yoast_head_json":{"title":"Campa\u00f1a por el d\u00eda del ni\u00f1o: Maternal Arco Iris, El Bunker y All Boys Solidario unen fuerzas","robots":{"index":"index","follow":"follow","max-snippet":"max-snippet:-1","max-image-preview":"max-image-preview:large","max-video-preview":"max-video-preview:-1"},"canonical":"https:\/\/noticiasmercedinas.com\/site\/2024\/07\/31\/campana-solidaria-por-el-dia-del-nino-jardin-maternal-arco-iris-y-all-boys-solidario-unen-fuerzas\/","og_locale":"es_ES","og_type":"article","og_title":"Campa\u00f1a por el d\u00eda del ni\u00f1o: Maternal Arco Iris, El Bunker y All Boys Solidario unen fuerzas","og_description":"\u25a0 La iniciativa, que busca llevar alegr\u00eda a los m\u00e1s peque\u00f1os en una fecha tan especial, tiene como objetivo recolectar juguetes en buen estado para ser donados a ni\u00f1os en la ciudad de Iguaz\u00fa, Misiones","og_url":"https:\/\/noticiasmercedinas.com\/site\/2024\/07\/31\/campana-solidaria-por-el-dia-del-nino-jardin-maternal-arco-iris-y-all-boys-solidario-unen-fuerzas\/","og_site_name":"NOTICIASMERCEDINAS.COM","article_publisher":"https:\/\/www.facebook.com\/noticiasmercedinas\/","article_published_time":"2024-07-31T13:05:50+00:00","article_modified_time":"2024-07-31T21:36:36+00:00","og_image":[{"width":640,"height":360,"url":"https:\/\/noticiasmercedinas.com\/site\/wp-content\/uploads\/2020\/07\/juguetes.jpg","type":"image\/jpeg"}],"author":"NOTICIASMERCEDINAS.COM","twitter_card":"summary_large_image","twitter_creator":"@notmercedinas","twitter_site":"@notmercedinas","twitter_misc":{"Escrito por":"NOTICIASMERCEDINAS.COM","Tiempo de lectura":"1 minuto"},"schema":{"@context":"https:\/\/schema.org","@graph":[{"@type":"Article","@id":"https:\/\/noticiasmercedinas.com\/site\/2024\/07\/31\/campana-solidaria-por-el-dia-del-nino-jardin-maternal-arco-iris-y-all-boys-solidario-unen-fuerzas\/#article","isPartOf":{"@id":"https:\/\/noticiasmercedinas.com\/site\/2024\/07\/31\/campana-solidaria-por-el-dia-del-nino-jardin-maternal-arco-iris-y-all-boys-solidario-unen-fuerzas\/"},"author":{"name":"NOTICIASMERCEDINAS.COM","@id":"https:\/\/noticiasmercedinas.com\/site\/#\/schema\/person\/84b59c099c28ff2e8b77d4ceec5d8063"},"headline":"Campa\u00f1a por el d\u00eda del ni\u00f1o: Maternal Arco Iris, El Bunker y All Boys Solidario unen fuerzas","datePublished":"2024-07-31T13:05:50+00:00","dateModified":"2024-07-31T21:36:36+00:00","mainEntityOfPage":{"@id":"https:\/\/noticiasmercedinas.com\/site\/2024\/07\/31\/campana-solidaria-por-el-dia-del-nino-jardin-maternal-arco-iris-y-all-boys-solidario-unen-fuerzas\/"},"wordCount":253,"publisher":{"@id":"https:\/\/noticiasmercedinas.com\/site\/#organization"},"image":{"@id":"https:\/\/noticiasmercedinas.com\/site\/2024\/07\/31\/campana-solidaria-por-el-dia-del-nino-jardin-maternal-arco-iris-y-all-boys-solidario-unen-fuerzas\/#primaryimage"},"thumbnailUrl":"https:\/\/noticiasmercedinas.com\/site\/wp-content\/uploads\/2020\/07\/juguetes.jpg","keywords":["all boys solidario","el bunker","Jard\u00edn Maternal Arco\u00edris","Juguetes","solidaridad"],"articleSection":["Sociedad"],"inLanguage":"es"},{"@type":"WebPage","@id":"https:\/\/noticiasmercedinas.com\/site\/2024\/07\/31\/campana-solidaria-por-el-dia-del-nino-jardin-maternal-arco-iris-y-all-boys-solidario-unen-fuerzas\/","url":"https:\/\/noticiasmercedinas.com\/site\/2024\/07\/31\/campana-solidaria-por-el-dia-del-nino-jardin-maternal-arco-iris-y-all-boys-solidario-unen-fuerzas\/","name":"Campa\u00f1a por el d\u00eda del ni\u00f1o: Maternal Arco Iris, El Bunker y All Boys Solidario unen fuerzas","isPartOf":{"@id":"https:\/\/noticiasmercedinas.com\/site\/#website"},"primaryImageOfPage":{"@id":"https:\/\/noticiasmercedinas.com\/site\/2024\/07\/31\/campana-solidaria-por-el-dia-del-nino-jardin-maternal-arco-iris-y-all-boys-solidario-unen-fuerzas\/#primaryimage"},"image":{"@id":"https:\/\/noticiasmercedinas.com\/site\/2024\/07\/31\/campana-solidaria-por-el-dia-del-nino-jardin-maternal-arco-iris-y-all-boys-solidario-unen-fuerzas\/#primaryimage"},"thumbnailUrl":"https:\/\/noticiasmercedinas.com\/site\/wp-content\/uploads\/2020\/07\/juguetes.jpg","datePublished":"2024-07-31T13:05:50+00:00","dateModified":"2024-07-31T21:36:36+00:00","breadcrumb":{"@id":"https:\/\/noticiasmercedinas.com\/site\/2024\/07\/31\/campana-solidaria-por-el-dia-del-nino-jardin-maternal-arco-iris-y-all-boys-solidario-unen-fuerzas\/#breadcrumb"},"inLanguage":"es","potentialAction":[{"@type":"ReadAction","target":["https:\/\/noticiasmercedinas.com\/site\/2024\/07\/31\/campana-solidaria-por-el-dia-del-nino-jardin-maternal-arco-iris-y-all-boys-solidario-unen-fuerzas\/"]}]},{"@type":"ImageObject","inLanguage":"es","@id":"https:\/\/noticiasmercedinas.com\/site\/2024\/07\/31\/campana-solidaria-por-el-dia-del-nino-jardin-maternal-arco-iris-y-all-boys-solidario-unen-fuerzas\/#primaryimage","url":"https:\/\/noticiasmercedinas.com\/site\/wp-content\/uploads\/2020\/07\/juguetes.jpg","contentUrl":"https:\/\/noticiasmercedinas.com\/site\/wp-content\/uploads\/2020\/07\/juguetes.jpg","width":640,"height":360},{"@type":"BreadcrumbList","@id":"https:\/\/noticiasmercedinas.com\/site\/2024\/07\/31\/campana-solidaria-por-el-dia-del-nino-jardin-maternal-arco-iris-y-all-boys-solidario-unen-fuerzas\/#breadcrumb","itemListElement":[{"@type":"ListItem","position":1,"name":"Portada","item":"https:\/\/noticiasmercedinas.com\/site\/"},{"@type":"ListItem","position":2,"name":"Campa\u00f1a por el d\u00eda del ni\u00f1o: Maternal Arco Iris, El Bunker y All Boys Solidario unen fuerzas"}]},{"@type":"WebSite","@id":"https:\/\/noticiasmercedinas.com\/site\/#website","url":"https:\/\/noticiasmercedinas.com\/site\/","name":"NOTICIASMERCEDINAS.COM","description":"Mercedes, Buenos Aires, Argentina","publisher":{"@id":"https:\/\/noticiasmercedinas.com\/site\/#organization"},"potentialAction":[{"@type":"SearchAction","target":{"@type":"EntryPoint","urlTemplate":"https:\/\/noticiasmercedinas.com\/site\/?s={search_term_string}"},"query-input":{"@type":"PropertyValueSpecification","valueRequired":true,"valueName":"search_term_string"}}],"inLanguage":"es"},{"@type":"Organization","@id":"https:\/\/noticiasmercedinas.com\/site\/#organization","name":"NOTICIASMERCEDINAS.COM","url":"https:\/\/noticiasmercedinas.com\/site\/","logo":{"@type":"ImageObject","inLanguage":"es","@id":"https:\/\/noticiasmercedinas.com\/site\/#\/schema\/logo\/image\/","url":"https:\/\/noticiasmercedinas.com\/site\/wp-content\/uploads\/2020\/06\/LOGO-512.jpg","contentUrl":"https:\/\/noticiasmercedinas.com\/site\/wp-content\/uploads\/2020\/06\/LOGO-512.jpg","width":512,"height":512,"caption":"NOTICIASMERCEDINAS.COM"},"image":{"@id":"https:\/\/noticiasmercedinas.com\/site\/#\/schema\/logo\/image\/"},"sameAs":["https:\/\/www.facebook.com\/noticiasmercedinas\/","https:\/\/x.com\/notmercedinas","https:\/\/www.instagram.com\/noticiasmercedinas\/"]},{"@type":"Person","@id":"https:\/\/noticiasmercedinas.com\/site\/#\/schema\/person\/84b59c099c28ff2e8b77d4ceec5d8063","name":"NOTICIASMERCEDINAS.COM","image":{"@type":"ImageObject","inLanguage":"es","@id":"https:\/\/secure.gravatar.com\/avatar\/4dfbf16b4d17945bfb6341b2d19043457132fcf478a5ee04f42e959fd8f5df0a?s=96&d=mm&r=g","url":"https:\/\/secure.gravatar.com\/avatar\/4dfbf16b4d17945bfb6341b2d19043457132fcf478a5ee04f42e959fd8f5df0a?s=96&d=mm&r=g","contentUrl":"https:\/\/secure.gravatar.com\/avatar\/4dfbf16b4d17945bfb6341b2d19043457132fcf478a5ee04f42e959fd8f5df0a?s=96&d=mm&r=g","caption":"NOTICIASMERCEDINAS.COM"},"url":"https:\/\/noticiasmercedinas.com\/site\/author\/anonimo\/"}]}},"amp_enabled":true,"_links":{"self":[{"href":"https:\/\/noticiasmercedinas.com\/site\/wp-json\/wp\/v2\/posts\/141074","targetHints":{"allow":["GET"]}}],"collection":[{"href":"https:\/\/noticiasmercedinas.com\/site\/wp-json\/wp\/v2\/posts"}],"about":[{"href":"https:\/\/noticiasmercedinas.com\/site\/wp-json\/wp\/v2\/types\/post"}],"author":[{"embeddable":true,"href":"https:\/\/noticiasmercedinas.com\/site\/wp-json\/wp\/v2\/users\/16"}],"replies":[{"embeddable":true,"href":"https:\/\/noticiasmercedinas.com\/site\/wp-json\/wp\/v2\/comments?post=141074"}],"version-history":[{"count":3,"href":"https:\/\/noticiasmercedinas.com\/site\/wp-json\/wp\/v2\/posts\/141074\/revisions"}],"predecessor-version":[{"id":141109,"href":"https:\/\/noticiasmercedinas.com\/site\/wp-json\/wp\/v2\/posts\/141074\/revisions\/141109"}],"wp:featuredmedia":[{"embeddable":true,"href":"https:\/\/noticiasmercedinas.com\/site\/wp-json\/wp\/v2\/media\/49457"}],"wp:attachment":[{"href":"https:\/\/noticiasmercedinas.com\/site\/wp-json\/wp\/v2\/media?parent=141074"}],"wp:term":[{"taxonomy":"category","embeddable":true,"href":"https:\/\/noticiasmercedinas.com\/site\/wp-json\/wp\/v2\/categories?post=141074"},{"taxonomy":"post_tag","embeddable":true,"href":"https:\/\/noticiasmercedinas.com\/site\/wp-json\/wp\/v2\/tags?post=141074"}],"curies":[{"name":"wp","href":"https:\/\/api.w.org\/{rel}","templated":true}]}}