{"id":141091,"date":"2024-07-31T17:25:36","date_gmt":"2024-07-31T20:25:36","guid":{"rendered":"https:\/\/noticiasmercedinas.com\/site\/?p=141091"},"modified":"2024-07-31T17:25:36","modified_gmt":"2024-07-31T20:25:36","slug":"es-indispensable-que-los-habitantes-de-tomas-jofre-y-la-verde-cuenten-con-servicios-de-transporte-y-salud","status":"publish","type":"post","link":"https:\/\/noticiasmercedinas.com\/site\/2024\/07\/31\/es-indispensable-que-los-habitantes-de-tomas-jofre-y-la-verde-cuenten-con-servicios-de-transporte-y-salud\/","title":{"rendered":"\u00abEs indispensable que los habitantes de Tom\u00e1s Jofr\u00e9 y La Verde cuenten con servicios de transporte y salud\u00bb"},"content":{"rendered":"<p><img loading=\"lazy\" decoding=\"async\" class=\"alignnone size-full wp-image-129136\" src=\"https:\/\/noticiasmercedinas.com\/site\/wp-content\/uploads\/2023\/12\/LAPORTA.jpg\" alt=\"\" width=\"640\" height=\"440\" srcset=\"https:\/\/noticiasmercedinas.com\/site\/wp-content\/uploads\/2023\/12\/LAPORTA.jpg 640w, https:\/\/noticiasmercedinas.com\/site\/wp-content\/uploads\/2023\/12\/LAPORTA-300x206.jpg 300w\" sizes=\"auto, (max-width: 640px) 100vw, 640px\" \/><\/p>\n<p>La concejal A\u00edda Laporta, representante de la UCR en el bloque Juntos por el Cambio, subray\u00f3 la importancia de que el municipio de Mercedes preste atenci\u00f3n a las necesidades de las localidades rurales como Tom\u00e1s Jofr\u00e9 y La Verde.<\/p>\n<p>En el marco de este compromiso, el lunes se llevar\u00e1 a cabo una reuni\u00f3n entre funcionarios y habitantes de la zona para abordar las principales problem\u00e1ticas que afectan a estas comunidades, como la falta de transporte p\u00fablico y la carencia de atenci\u00f3n m\u00e9dica en la sala de primeros auxilios local.<\/p>\n<p>La concejal destac\u00f3 que estos reclamos surgieron de las recorridas realizadas junto al tambi\u00e9n concejal Daniel Ivaldis, donde identificaron la necesidad de contar con un mejor servicio de transporte y una mayor atenci\u00f3n en salud.<\/p>\n<p>Adem\u00e1s, en sus visitas a la zona, los funcionarios se encontraron con la noticia de que el hist\u00f3rico Almac\u00e9n y Restaurante Silvano de Tom\u00e1s Jofr\u00e9 cumplir\u00eda 100 a\u00f1os este 1 de agosto. Esta situaci\u00f3n motiv\u00f3 a Laporta a impulsar el reconocimiento del local como patrimonio hist\u00f3rico, iniciativa que fue aprobada por unanimidad en el Concejo Deliberante.<\/p>\n<p><strong>Festejos y centenario<\/strong><br \/>\nEste fin de semana, la localidad de Tom\u00e1s Jofr\u00e9 celebrar\u00e1 doblemente: se llevar\u00e1 a cabo la tradicional Fiesta de la Galleta de Campo y se conmemorar\u00e1 el centenario del emblem\u00e1tico almac\u00e9n. Laporta asegur\u00f3 que estar\u00e1 presente en los festejos junto a otros funcionarios para acompa\u00f1ar a los vecinos en esta significativa celebraci\u00f3n. \u00abEl s\u00e1bado a las 12:30 vamos a estar en el almac\u00e9n Silvano, hoy restaurante,\u00a0 acompa\u00f1\u00e1ndolos para festejar los 100 a\u00f1os de ese negocio que dio el puntapi\u00e9 inicial para que hoy Tom\u00e1s Jofr\u00e9 se convierta en el pueblo gastron\u00f3mico que es\u00bb, indic\u00f3 Laporta.<\/p>\n<blockquote><p>\u00abEl s\u00e1bado a las 12:30 vamos a estar en el almac\u00e9n Silvano, hoy restaurante,\u00a0 acompa\u00f1\u00e1ndolos para festejar los 100 a\u00f1os de ese negocio que dio el puntapi\u00e9 inicial para que hoy Tom\u00e1s Jofr\u00e9 se convierta en el pueblo gastron\u00f3mico que es\u00bb<\/p><\/blockquote>\n<p>Por otro lado, la reuni\u00f3n del lunes busca soluciones concretas para las carencias se\u00f1aladas, especialmente la falta de m\u00e9dicos en el Centro de Atenci\u00f3n Primaria de la Salud (CAPS) de Tom\u00e1s Jofr\u00e9, situaci\u00f3n que se prolonga desde diciembre. La concejal expres\u00f3 su esperanza de que el encuentro entre autoridades y vecinos permita destrabar estos problemas, que han sido un dolor de cabeza constante para la comunidad.<\/p>\n<p>\u201cEs indispensable que los habitantes de Tom\u00e1s Jofr\u00e9 y La Verde cuenten con servicios b\u00e1sicos como transporte y salud. No tener acceso a un m\u00e9dico o a un medio de transporte es una incomodidad tremenda y un dolor de cabeza para los vecinos. Vamos a hacer todo lo posible para que estos problemas se solucionen\u201d, concluy\u00f3 Laporta.<\/p>\n","protected":false},"excerpt":{"rendered":"<p>\u25a0 El lunes vecinos y funcionarios buscar\u00e1n soluciones concretas para la falta de transporte p\u00fablico y la carencia de atenci\u00f3n m\u00e9dica en la sala de primeros auxilios local.<\/p>\n","protected":false},"author":16,"featured_media":129136,"comment_status":"closed","ping_status":"closed","sticky":false,"template":"","format":"standard","meta":{"footnotes":""},"categories":[16],"tags":[549,942,6258,3184,71,199,60],"class_list":["post-141091","post","type-post","status-publish","format-standard","has-post-thumbnail","hentry","category-politica","tag-aida-laporta","tag-caps","tag-la-verde","tag-reunion","tag-salud","tag-tomas-jofre","tag-transporte"],"yoast_head":"<!-- This site is optimized with the Yoast SEO plugin v27.4 - https:\/\/yoast.com\/product\/yoast-seo-wordpress\/ -->\n<title>&quot;Es indispensable que los habitantes de Tom\u00e1s Jofr\u00e9 y La Verde cuenten con servicios de transporte y salud&quot;<\/title>\n<meta name=\"robots\" content=\"index, follow, max-snippet:-1, max-image-preview:large, max-video-preview:-1\" \/>\n<link rel=\"canonical\" href=\"https:\/\/noticiasmercedinas.com\/site\/2024\/07\/31\/es-indispensable-que-los-habitantes-de-tomas-jofre-y-la-verde-cuenten-con-servicios-de-transporte-y-salud\/\" \/>\n<meta property=\"og:locale\" content=\"es_ES\" \/>\n<meta property=\"og:type\" content=\"article\" \/>\n<meta property=\"og:title\" content=\"&quot;Es indispensable que los habitantes de Tom\u00e1s Jofr\u00e9 y La Verde cuenten con servicios de transporte y salud&quot;\" \/>\n<meta property=\"og:description\" content=\"\u25a0 El lunes vecinos y funcionarios buscar\u00e1n soluciones concretas para la falta de transporte p\u00fablico y la carencia de atenci\u00f3n m\u00e9dica en la sala de primeros auxilios local.\" \/>\n<meta property=\"og:url\" content=\"https:\/\/noticiasmercedinas.com\/site\/2024\/07\/31\/es-indispensable-que-los-habitantes-de-tomas-jofre-y-la-verde-cuenten-con-servicios-de-transporte-y-salud\/\" \/>\n<meta property=\"og:site_name\" content=\"NOTICIASMERCEDINAS.COM\" \/>\n<meta property=\"article:publisher\" content=\"https:\/\/www.facebook.com\/noticiasmercedinas\/\" \/>\n<meta property=\"article:published_time\" content=\"2024-07-31T20:25:36+00:00\" \/>\n<meta property=\"og:image\" content=\"https:\/\/noticiasmercedinas.com\/site\/wp-content\/uploads\/2023\/12\/LAPORTA.jpg\" \/>\n\t<meta property=\"og:image:width\" content=\"640\" \/>\n\t<meta property=\"og:image:height\" content=\"440\" \/>\n\t<meta property=\"og:image:type\" content=\"image\/jpeg\" \/>\n<meta name=\"author\" content=\"NOTICIASMERCEDINAS.COM\" \/>\n<meta name=\"twitter:card\" content=\"summary_large_image\" \/>\n<meta name=\"twitter:creator\" content=\"@notmercedinas\" \/>\n<meta name=\"twitter:site\" content=\"@notmercedinas\" \/>\n<meta name=\"twitter:label1\" content=\"Escrito por\" \/>\n\t<meta name=\"twitter:data1\" content=\"NOTICIASMERCEDINAS.COM\" \/>\n\t<meta name=\"twitter:label2\" content=\"Tiempo de lectura\" \/>\n\t<meta name=\"twitter:data2\" content=\"2 minutos\" \/>\n<script type=\"application\/ld+json\" class=\"yoast-schema-graph\">{\"@context\":\"https:\\\/\\\/schema.org\",\"@graph\":[{\"@type\":\"Article\",\"@id\":\"https:\\\/\\\/noticiasmercedinas.com\\\/site\\\/2024\\\/07\\\/31\\\/es-indispensable-que-los-habitantes-de-tomas-jofre-y-la-verde-cuenten-con-servicios-de-transporte-y-salud\\\/#article\",\"isPartOf\":{\"@id\":\"https:\\\/\\\/noticiasmercedinas.com\\\/site\\\/2024\\\/07\\\/31\\\/es-indispensable-que-los-habitantes-de-tomas-jofre-y-la-verde-cuenten-con-servicios-de-transporte-y-salud\\\/\"},\"author\":{\"name\":\"NOTICIASMERCEDINAS.COM\",\"@id\":\"https:\\\/\\\/noticiasmercedinas.com\\\/site\\\/#\\\/schema\\\/person\\\/84b59c099c28ff2e8b77d4ceec5d8063\"},\"headline\":\"\u00abEs indispensable que los habitantes de Tom\u00e1s Jofr\u00e9 y La Verde cuenten con servicios de transporte y salud\u00bb\",\"datePublished\":\"2024-07-31T20:25:36+00:00\",\"mainEntityOfPage\":{\"@id\":\"https:\\\/\\\/noticiasmercedinas.com\\\/site\\\/2024\\\/07\\\/31\\\/es-indispensable-que-los-habitantes-de-tomas-jofre-y-la-verde-cuenten-con-servicios-de-transporte-y-salud\\\/\"},\"wordCount\":499,\"publisher\":{\"@id\":\"https:\\\/\\\/noticiasmercedinas.com\\\/site\\\/#organization\"},\"image\":{\"@id\":\"https:\\\/\\\/noticiasmercedinas.com\\\/site\\\/2024\\\/07\\\/31\\\/es-indispensable-que-los-habitantes-de-tomas-jofre-y-la-verde-cuenten-con-servicios-de-transporte-y-salud\\\/#primaryimage\"},\"thumbnailUrl\":\"https:\\\/\\\/noticiasmercedinas.com\\\/site\\\/wp-content\\\/uploads\\\/2023\\\/12\\\/LAPORTA.jpg\",\"keywords\":[\"aida laporta\",\"caps\",\"la verde\",\"reunion\",\"salud\",\"tomas jofre\",\"transporte\"],\"articleSection\":[\"Politica\"],\"inLanguage\":\"es\"},{\"@type\":\"WebPage\",\"@id\":\"https:\\\/\\\/noticiasmercedinas.com\\\/site\\\/2024\\\/07\\\/31\\\/es-indispensable-que-los-habitantes-de-tomas-jofre-y-la-verde-cuenten-con-servicios-de-transporte-y-salud\\\/\",\"url\":\"https:\\\/\\\/noticiasmercedinas.com\\\/site\\\/2024\\\/07\\\/31\\\/es-indispensable-que-los-habitantes-de-tomas-jofre-y-la-verde-cuenten-con-servicios-de-transporte-y-salud\\\/\",\"name\":\"\\\"Es indispensable que los habitantes de Tom\u00e1s Jofr\u00e9 y La Verde cuenten con servicios de transporte y salud\\\"\",\"isPartOf\":{\"@id\":\"https:\\\/\\\/noticiasmercedinas.com\\\/site\\\/#website\"},\"primaryImageOfPage\":{\"@id\":\"https:\\\/\\\/noticiasmercedinas.com\\\/site\\\/2024\\\/07\\\/31\\\/es-indispensable-que-los-habitantes-de-tomas-jofre-y-la-verde-cuenten-con-servicios-de-transporte-y-salud\\\/#primaryimage\"},\"image\":{\"@id\":\"https:\\\/\\\/noticiasmercedinas.com\\\/site\\\/2024\\\/07\\\/31\\\/es-indispensable-que-los-habitantes-de-tomas-jofre-y-la-verde-cuenten-con-servicios-de-transporte-y-salud\\\/#primaryimage\"},\"thumbnailUrl\":\"https:\\\/\\\/noticiasmercedinas.com\\\/site\\\/wp-content\\\/uploads\\\/2023\\\/12\\\/LAPORTA.jpg\",\"datePublished\":\"2024-07-31T20:25:36+00:00\",\"breadcrumb\":{\"@id\":\"https:\\\/\\\/noticiasmercedinas.com\\\/site\\\/2024\\\/07\\\/31\\\/es-indispensable-que-los-habitantes-de-tomas-jofre-y-la-verde-cuenten-con-servicios-de-transporte-y-salud\\\/#breadcrumb\"},\"inLanguage\":\"es\",\"potentialAction\":[{\"@type\":\"ReadAction\",\"target\":[\"https:\\\/\\\/noticiasmercedinas.com\\\/site\\\/2024\\\/07\\\/31\\\/es-indispensable-que-los-habitantes-de-tomas-jofre-y-la-verde-cuenten-con-servicios-de-transporte-y-salud\\\/\"]}]},{\"@type\":\"ImageObject\",\"inLanguage\":\"es\",\"@id\":\"https:\\\/\\\/noticiasmercedinas.com\\\/site\\\/2024\\\/07\\\/31\\\/es-indispensable-que-los-habitantes-de-tomas-jofre-y-la-verde-cuenten-con-servicios-de-transporte-y-salud\\\/#primaryimage\",\"url\":\"https:\\\/\\\/noticiasmercedinas.com\\\/site\\\/wp-content\\\/uploads\\\/2023\\\/12\\\/LAPORTA.jpg\",\"contentUrl\":\"https:\\\/\\\/noticiasmercedinas.com\\\/site\\\/wp-content\\\/uploads\\\/2023\\\/12\\\/LAPORTA.jpg\",\"width\":640,\"height\":440},{\"@type\":\"BreadcrumbList\",\"@id\":\"https:\\\/\\\/noticiasmercedinas.com\\\/site\\\/2024\\\/07\\\/31\\\/es-indispensable-que-los-habitantes-de-tomas-jofre-y-la-verde-cuenten-con-servicios-de-transporte-y-salud\\\/#breadcrumb\",\"itemListElement\":[{\"@type\":\"ListItem\",\"position\":1,\"name\":\"Portada\",\"item\":\"https:\\\/\\\/noticiasmercedinas.com\\\/site\\\/\"},{\"@type\":\"ListItem\",\"position\":2,\"name\":\"\u00abEs indispensable que los habitantes de Tom\u00e1s Jofr\u00e9 y La Verde cuenten con servicios de transporte y salud\u00bb\"}]},{\"@type\":\"WebSite\",\"@id\":\"https:\\\/\\\/noticiasmercedinas.com\\\/site\\\/#website\",\"url\":\"https:\\\/\\\/noticiasmercedinas.com\\\/site\\\/\",\"name\":\"NOTICIASMERCEDINAS.COM\",\"description\":\"Mercedes, Buenos Aires, Argentina\",\"publisher\":{\"@id\":\"https:\\\/\\\/noticiasmercedinas.com\\\/site\\\/#organization\"},\"potentialAction\":[{\"@type\":\"SearchAction\",\"target\":{\"@type\":\"EntryPoint\",\"urlTemplate\":\"https:\\\/\\\/noticiasmercedinas.com\\\/site\\\/?s={search_term_string}\"},\"query-input\":{\"@type\":\"PropertyValueSpecification\",\"valueRequired\":true,\"valueName\":\"search_term_string\"}}],\"inLanguage\":\"es\"},{\"@type\":\"Organization\",\"@id\":\"https:\\\/\\\/noticiasmercedinas.com\\\/site\\\/#organization\",\"name\":\"NOTICIASMERCEDINAS.COM\",\"url\":\"https:\\\/\\\/noticiasmercedinas.com\\\/site\\\/\",\"logo\":{\"@type\":\"ImageObject\",\"inLanguage\":\"es\",\"@id\":\"https:\\\/\\\/noticiasmercedinas.com\\\/site\\\/#\\\/schema\\\/logo\\\/image\\\/\",\"url\":\"https:\\\/\\\/noticiasmercedinas.com\\\/site\\\/wp-content\\\/uploads\\\/2020\\\/06\\\/LOGO-512.jpg\",\"contentUrl\":\"https:\\\/\\\/noticiasmercedinas.com\\\/site\\\/wp-content\\\/uploads\\\/2020\\\/06\\\/LOGO-512.jpg\",\"width\":512,\"height\":512,\"caption\":\"NOTICIASMERCEDINAS.COM\"},\"image\":{\"@id\":\"https:\\\/\\\/noticiasmercedinas.com\\\/site\\\/#\\\/schema\\\/logo\\\/image\\\/\"},\"sameAs\":[\"https:\\\/\\\/www.facebook.com\\\/noticiasmercedinas\\\/\",\"https:\\\/\\\/x.com\\\/notmercedinas\",\"https:\\\/\\\/www.instagram.com\\\/noticiasmercedinas\\\/\"]},{\"@type\":\"Person\",\"@id\":\"https:\\\/\\\/noticiasmercedinas.com\\\/site\\\/#\\\/schema\\\/person\\\/84b59c099c28ff2e8b77d4ceec5d8063\",\"name\":\"NOTICIASMERCEDINAS.COM\",\"image\":{\"@type\":\"ImageObject\",\"inLanguage\":\"es\",\"@id\":\"https:\\\/\\\/secure.gravatar.com\\\/avatar\\\/4dfbf16b4d17945bfb6341b2d19043457132fcf478a5ee04f42e959fd8f5df0a?s=96&d=mm&r=g\",\"url\":\"https:\\\/\\\/secure.gravatar.com\\\/avatar\\\/4dfbf16b4d17945bfb6341b2d19043457132fcf478a5ee04f42e959fd8f5df0a?s=96&d=mm&r=g\",\"contentUrl\":\"https:\\\/\\\/secure.gravatar.com\\\/avatar\\\/4dfbf16b4d17945bfb6341b2d19043457132fcf478a5ee04f42e959fd8f5df0a?s=96&d=mm&r=g\",\"caption\":\"NOTICIASMERCEDINAS.COM\"},\"url\":\"https:\\\/\\\/noticiasmercedinas.com\\\/site\\\/author\\\/anonimo\\\/\"}]}<\/script>\n<!-- \/ Yoast SEO plugin. -->","yoast_head_json":{"title":"\"Es indispensable que los habitantes de Tom\u00e1s Jofr\u00e9 y La Verde cuenten con servicios de transporte y salud\"","robots":{"index":"index","follow":"follow","max-snippet":"max-snippet:-1","max-image-preview":"max-image-preview:large","max-video-preview":"max-video-preview:-1"},"canonical":"https:\/\/noticiasmercedinas.com\/site\/2024\/07\/31\/es-indispensable-que-los-habitantes-de-tomas-jofre-y-la-verde-cuenten-con-servicios-de-transporte-y-salud\/","og_locale":"es_ES","og_type":"article","og_title":"\"Es indispensable que los habitantes de Tom\u00e1s Jofr\u00e9 y La Verde cuenten con servicios de transporte y salud\"","og_description":"\u25a0 El lunes vecinos y funcionarios buscar\u00e1n soluciones concretas para la falta de transporte p\u00fablico y la carencia de atenci\u00f3n m\u00e9dica en la sala de primeros auxilios local.","og_url":"https:\/\/noticiasmercedinas.com\/site\/2024\/07\/31\/es-indispensable-que-los-habitantes-de-tomas-jofre-y-la-verde-cuenten-con-servicios-de-transporte-y-salud\/","og_site_name":"NOTICIASMERCEDINAS.COM","article_publisher":"https:\/\/www.facebook.com\/noticiasmercedinas\/","article_published_time":"2024-07-31T20:25:36+00:00","og_image":[{"width":640,"height":440,"url":"https:\/\/noticiasmercedinas.com\/site\/wp-content\/uploads\/2023\/12\/LAPORTA.jpg","type":"image\/jpeg"}],"author":"NOTICIASMERCEDINAS.COM","twitter_card":"summary_large_image","twitter_creator":"@notmercedinas","twitter_site":"@notmercedinas","twitter_misc":{"Escrito por":"NOTICIASMERCEDINAS.COM","Tiempo de lectura":"2 minutos"},"schema":{"@context":"https:\/\/schema.org","@graph":[{"@type":"Article","@id":"https:\/\/noticiasmercedinas.com\/site\/2024\/07\/31\/es-indispensable-que-los-habitantes-de-tomas-jofre-y-la-verde-cuenten-con-servicios-de-transporte-y-salud\/#article","isPartOf":{"@id":"https:\/\/noticiasmercedinas.com\/site\/2024\/07\/31\/es-indispensable-que-los-habitantes-de-tomas-jofre-y-la-verde-cuenten-con-servicios-de-transporte-y-salud\/"},"author":{"name":"NOTICIASMERCEDINAS.COM","@id":"https:\/\/noticiasmercedinas.com\/site\/#\/schema\/person\/84b59c099c28ff2e8b77d4ceec5d8063"},"headline":"\u00abEs indispensable que los habitantes de Tom\u00e1s Jofr\u00e9 y La Verde cuenten con servicios de transporte y salud\u00bb","datePublished":"2024-07-31T20:25:36+00:00","mainEntityOfPage":{"@id":"https:\/\/noticiasmercedinas.com\/site\/2024\/07\/31\/es-indispensable-que-los-habitantes-de-tomas-jofre-y-la-verde-cuenten-con-servicios-de-transporte-y-salud\/"},"wordCount":499,"publisher":{"@id":"https:\/\/noticiasmercedinas.com\/site\/#organization"},"image":{"@id":"https:\/\/noticiasmercedinas.com\/site\/2024\/07\/31\/es-indispensable-que-los-habitantes-de-tomas-jofre-y-la-verde-cuenten-con-servicios-de-transporte-y-salud\/#primaryimage"},"thumbnailUrl":"https:\/\/noticiasmercedinas.com\/site\/wp-content\/uploads\/2023\/12\/LAPORTA.jpg","keywords":["aida laporta","caps","la verde","reunion","salud","tomas jofre","transporte"],"articleSection":["Politica"],"inLanguage":"es"},{"@type":"WebPage","@id":"https:\/\/noticiasmercedinas.com\/site\/2024\/07\/31\/es-indispensable-que-los-habitantes-de-tomas-jofre-y-la-verde-cuenten-con-servicios-de-transporte-y-salud\/","url":"https:\/\/noticiasmercedinas.com\/site\/2024\/07\/31\/es-indispensable-que-los-habitantes-de-tomas-jofre-y-la-verde-cuenten-con-servicios-de-transporte-y-salud\/","name":"\"Es indispensable que los habitantes de Tom\u00e1s Jofr\u00e9 y La Verde cuenten con servicios de transporte y salud\"","isPartOf":{"@id":"https:\/\/noticiasmercedinas.com\/site\/#website"},"primaryImageOfPage":{"@id":"https:\/\/noticiasmercedinas.com\/site\/2024\/07\/31\/es-indispensable-que-los-habitantes-de-tomas-jofre-y-la-verde-cuenten-con-servicios-de-transporte-y-salud\/#primaryimage"},"image":{"@id":"https:\/\/noticiasmercedinas.com\/site\/2024\/07\/31\/es-indispensable-que-los-habitantes-de-tomas-jofre-y-la-verde-cuenten-con-servicios-de-transporte-y-salud\/#primaryimage"},"thumbnailUrl":"https:\/\/noticiasmercedinas.com\/site\/wp-content\/uploads\/2023\/12\/LAPORTA.jpg","datePublished":"2024-07-31T20:25:36+00:00","breadcrumb":{"@id":"https:\/\/noticiasmercedinas.com\/site\/2024\/07\/31\/es-indispensable-que-los-habitantes-de-tomas-jofre-y-la-verde-cuenten-con-servicios-de-transporte-y-salud\/#breadcrumb"},"inLanguage":"es","potentialAction":[{"@type":"ReadAction","target":["https:\/\/noticiasmercedinas.com\/site\/2024\/07\/31\/es-indispensable-que-los-habitantes-de-tomas-jofre-y-la-verde-cuenten-con-servicios-de-transporte-y-salud\/"]}]},{"@type":"ImageObject","inLanguage":"es","@id":"https:\/\/noticiasmercedinas.com\/site\/2024\/07\/31\/es-indispensable-que-los-habitantes-de-tomas-jofre-y-la-verde-cuenten-con-servicios-de-transporte-y-salud\/#primaryimage","url":"https:\/\/noticiasmercedinas.com\/site\/wp-content\/uploads\/2023\/12\/LAPORTA.jpg","contentUrl":"https:\/\/noticiasmercedinas.com\/site\/wp-content\/uploads\/2023\/12\/LAPORTA.jpg","width":640,"height":440},{"@type":"BreadcrumbList","@id":"https:\/\/noticiasmercedinas.com\/site\/2024\/07\/31\/es-indispensable-que-los-habitantes-de-tomas-jofre-y-la-verde-cuenten-con-servicios-de-transporte-y-salud\/#breadcrumb","itemListElement":[{"@type":"ListItem","position":1,"name":"Portada","item":"https:\/\/noticiasmercedinas.com\/site\/"},{"@type":"ListItem","position":2,"name":"\u00abEs indispensable que los habitantes de Tom\u00e1s Jofr\u00e9 y La Verde cuenten con servicios de transporte y salud\u00bb"}]},{"@type":"WebSite","@id":"https:\/\/noticiasmercedinas.com\/site\/#website","url":"https:\/\/noticiasmercedinas.com\/site\/","name":"NOTICIASMERCEDINAS.COM","description":"Mercedes, Buenos Aires, Argentina","publisher":{"@id":"https:\/\/noticiasmercedinas.com\/site\/#organization"},"potentialAction":[{"@type":"SearchAction","target":{"@type":"EntryPoint","urlTemplate":"https:\/\/noticiasmercedinas.com\/site\/?s={search_term_string}"},"query-input":{"@type":"PropertyValueSpecification","valueRequired":true,"valueName":"search_term_string"}}],"inLanguage":"es"},{"@type":"Organization","@id":"https:\/\/noticiasmercedinas.com\/site\/#organization","name":"NOTICIASMERCEDINAS.COM","url":"https:\/\/noticiasmercedinas.com\/site\/","logo":{"@type":"ImageObject","inLanguage":"es","@id":"https:\/\/noticiasmercedinas.com\/site\/#\/schema\/logo\/image\/","url":"https:\/\/noticiasmercedinas.com\/site\/wp-content\/uploads\/2020\/06\/LOGO-512.jpg","contentUrl":"https:\/\/noticiasmercedinas.com\/site\/wp-content\/uploads\/2020\/06\/LOGO-512.jpg","width":512,"height":512,"caption":"NOTICIASMERCEDINAS.COM"},"image":{"@id":"https:\/\/noticiasmercedinas.com\/site\/#\/schema\/logo\/image\/"},"sameAs":["https:\/\/www.facebook.com\/noticiasmercedinas\/","https:\/\/x.com\/notmercedinas","https:\/\/www.instagram.com\/noticiasmercedinas\/"]},{"@type":"Person","@id":"https:\/\/noticiasmercedinas.com\/site\/#\/schema\/person\/84b59c099c28ff2e8b77d4ceec5d8063","name":"NOTICIASMERCEDINAS.COM","image":{"@type":"ImageObject","inLanguage":"es","@id":"https:\/\/secure.gravatar.com\/avatar\/4dfbf16b4d17945bfb6341b2d19043457132fcf478a5ee04f42e959fd8f5df0a?s=96&d=mm&r=g","url":"https:\/\/secure.gravatar.com\/avatar\/4dfbf16b4d17945bfb6341b2d19043457132fcf478a5ee04f42e959fd8f5df0a?s=96&d=mm&r=g","contentUrl":"https:\/\/secure.gravatar.com\/avatar\/4dfbf16b4d17945bfb6341b2d19043457132fcf478a5ee04f42e959fd8f5df0a?s=96&d=mm&r=g","caption":"NOTICIASMERCEDINAS.COM"},"url":"https:\/\/noticiasmercedinas.com\/site\/author\/anonimo\/"}]}},"amp_enabled":true,"_links":{"self":[{"href":"https:\/\/noticiasmercedinas.com\/site\/wp-json\/wp\/v2\/posts\/141091","targetHints":{"allow":["GET"]}}],"collection":[{"href":"https:\/\/noticiasmercedinas.com\/site\/wp-json\/wp\/v2\/posts"}],"about":[{"href":"https:\/\/noticiasmercedinas.com\/site\/wp-json\/wp\/v2\/types\/post"}],"author":[{"embeddable":true,"href":"https:\/\/noticiasmercedinas.com\/site\/wp-json\/wp\/v2\/users\/16"}],"replies":[{"embeddable":true,"href":"https:\/\/noticiasmercedinas.com\/site\/wp-json\/wp\/v2\/comments?post=141091"}],"version-history":[{"count":1,"href":"https:\/\/noticiasmercedinas.com\/site\/wp-json\/wp\/v2\/posts\/141091\/revisions"}],"predecessor-version":[{"id":141093,"href":"https:\/\/noticiasmercedinas.com\/site\/wp-json\/wp\/v2\/posts\/141091\/revisions\/141093"}],"wp:featuredmedia":[{"embeddable":true,"href":"https:\/\/noticiasmercedinas.com\/site\/wp-json\/wp\/v2\/media\/129136"}],"wp:attachment":[{"href":"https:\/\/noticiasmercedinas.com\/site\/wp-json\/wp\/v2\/media?parent=141091"}],"wp:term":[{"taxonomy":"category","embeddable":true,"href":"https:\/\/noticiasmercedinas.com\/site\/wp-json\/wp\/v2\/categories?post=141091"},{"taxonomy":"post_tag","embeddable":true,"href":"https:\/\/noticiasmercedinas.com\/site\/wp-json\/wp\/v2\/tags?post=141091"}],"curies":[{"name":"wp","href":"https:\/\/api.w.org\/{rel}","templated":true}]}}