{"id":141151,"date":"2024-08-01T17:42:15","date_gmt":"2024-08-01T20:42:15","guid":{"rendered":"https:\/\/noticiasmercedinas.com\/site\/?p=141151"},"modified":"2024-08-01T17:42:15","modified_gmt":"2024-08-01T20:42:15","slug":"invitan-a-taller-intensivo-de-lectura-sobre-rayuela-de-julio-cortazar","status":"publish","type":"post","link":"https:\/\/noticiasmercedinas.com\/site\/2024\/08\/01\/invitan-a-taller-intensivo-de-lectura-sobre-rayuela-de-julio-cortazar\/","title":{"rendered":"Invitan a Taller Intensivo de Lectura sobre \u00abRayuela\u00bb de Julio Cort\u00e1zar"},"content":{"rendered":"<p><img loading=\"lazy\" decoding=\"async\" class=\"alignnone size-full wp-image-141152\" src=\"https:\/\/noticiasmercedinas.com\/site\/wp-content\/uploads\/2024\/08\/Julio-Cortazar.png\" alt=\"\" width=\"1080\" height=\"1080\" srcset=\"https:\/\/noticiasmercedinas.com\/site\/wp-content\/uploads\/2024\/08\/Julio-Cortazar.png 1080w, https:\/\/noticiasmercedinas.com\/site\/wp-content\/uploads\/2024\/08\/Julio-Cortazar-300x300.png 300w, https:\/\/noticiasmercedinas.com\/site\/wp-content\/uploads\/2024\/08\/Julio-Cortazar-1024x1024.png 1024w, https:\/\/noticiasmercedinas.com\/site\/wp-content\/uploads\/2024\/08\/Julio-Cortazar-150x150.png 150w, https:\/\/noticiasmercedinas.com\/site\/wp-content\/uploads\/2024\/08\/Julio-Cortazar-768x768.png 768w, https:\/\/noticiasmercedinas.com\/site\/wp-content\/uploads\/2024\/08\/Julio-Cortazar-640x640.png 640w, https:\/\/noticiasmercedinas.com\/site\/wp-content\/uploads\/2024\/08\/Julio-Cortazar-681x681.png 681w\" sizes=\"auto, (max-width: 1080px) 100vw, 1080px\" \/><\/p>\n<p>El pr\u00f3ximo s\u00e1bado 31 de agosto, los amantes de la literatura tendr\u00e1n la oportunidad de sumergirse en el universo de \u00abRayuela\u00bb, una de las obras m\u00e1s emblem\u00e1ticas de <strong>Julio Cort\u00e1zar<\/strong>, en un taller intensivo de lectura que se realizar\u00e1 en Mercedes, provincia de Buenos Aires.<\/p>\n<p>El taller, organizado por <strong>Eliana Ramponi<\/strong>, se llevar\u00e1 a cabo en el espacio cultural Taller del Sol, de 15:00 a 18:00 horas, en modalidad presencial. No se requieren conocimientos previos ni haber le\u00eddo la obra, por lo que est\u00e1 abierto a todos aquellos que deseen explorar esta obra maestra, ya sea por primera vez o para redescubrirla.<\/p>\n<blockquote><p>Adem\u00e1s de la riqueza del contenido literario, los asistentes recibir\u00e1n un mapa de lectura, una l\u00e1mina de collage inspirada en la obra y podr\u00e1n disfrutar de una pausa con caf\u00e9, t\u00e9 y otras delicias.<\/p><\/blockquote>\n<p>Durante el encuentro, los participantes disfrutar\u00e1n de tres horas de exploraci\u00f3n profunda de \u00abRayuela\u00bb. El taller se estructurar\u00e1 en tres partes: una introducci\u00f3n al contexto y la g\u00e9nesis de la obra, un an\u00e1lisis de las formas de lectura y la esencia de la novela, y una inmersi\u00f3n en el universo de Cort\u00e1zar a trav\u00e9s de la lectura y discusi\u00f3n de fragmentos seleccionados.<\/p>\n<p>Adem\u00e1s de la riqueza del contenido literario, los asistentes recibir\u00e1n un mapa de lectura, una l\u00e1mina de collage inspirada en la obra y podr\u00e1n disfrutar de una pausa con caf\u00e9, t\u00e9 y otras delicias.<\/p>\n<p>La inscripci\u00f3n ya est\u00e1 abierta y se realiza a trav\u00e9s de la web de la organizadora. Con cupos limitados, se espera que el evento sea una tarde inolvidable para todos los participantes.<\/p>\n<p>Para m\u00e1s informaci\u00f3n e inscripciones, visitar <a href=\"https:\/\/eliramponicollage.empretienda.com.ar\/\">eliramponicollage.empretienda.com.ar<\/a><\/p>\n<p><strong>Una obra innovadora<br \/>\n<\/strong><em>\u00abRayuela\u00bb<\/em> de Julio Cort\u00e1zar es una novela innovadora que desaf\u00eda las convenciones literarias tradicionales. Publicada en 1963, la obra propone m\u00faltiples formas de lectura, permitiendo que el lector elija el orden de los cap\u00edtulos, lo que genera una experiencia de lectura no lineal. La historia sigue a Horacio Oliveira, un intelectual argentino en Par\u00eds, y su b\u00fasqueda existencial, su relaci\u00f3n con la Maga, y su c\u00edrculo de amigos conocido como el Club de la Serpiente. La novela explora temas como el absurdo de la vida, la identidad, y la b\u00fasqueda de sentido en un mundo ca\u00f3tico y fragmentado.<\/p>\n<p>M\u00e1s all\u00e1 de su trama, <em>\u00abRayuela\u00bb<\/em> es conocida por su enfoque l\u00fadico del lenguaje y la estructura narrativa. Cort\u00e1zar rompe con la l\u00f3gica convencional, invitando al lector a ser un co-creador del texto. La obra est\u00e1 dividida en tres partes: la primera sigue la historia en Par\u00eds, la segunda se centra en Buenos Aires, y la tercera ofrece cap\u00edtulos adicionales que enriquecen y expanden la comprensi\u00f3n de los personajes y temas. Esta flexibilidad formal y tem\u00e1tica convierte a <em>\u00abRayuela\u00bb<\/em> en una obra cumbre del boom latinoamericano, y un referente de la literatura moderna<\/p>\n<p><img loading=\"lazy\" decoding=\"async\" class=\"alignnone size-full wp-image-138910\" src=\"https:\/\/noticiasmercedinas.com\/site\/wp-content\/uploads\/2024\/06\/Julio_Florencio_Cortazar_a_color-e1719169391664.png\" alt=\"\" width=\"634\" height=\"459\" srcset=\"https:\/\/noticiasmercedinas.com\/site\/wp-content\/uploads\/2024\/06\/Julio_Florencio_Cortazar_a_color-e1719169391664.png 634w, https:\/\/noticiasmercedinas.com\/site\/wp-content\/uploads\/2024\/06\/Julio_Florencio_Cortazar_a_color-e1719169391664-300x217.png 300w\" sizes=\"auto, (max-width: 634px) 100vw, 634px\" \/><\/p>\n<p>&nbsp;<\/p>\n","protected":false},"excerpt":{"rendered":"<p>\u25a0 El taller, organizado por Eliana Ramponi, se llevar\u00e1 a cabo en el espacio cultural Taller del Sol, de 15:00 a 18:00 horas. No se requieren conocimientos previos ni haber le\u00eddo la obra<\/p>\n","protected":false},"author":16,"featured_media":141152,"comment_status":"closed","ping_status":"closed","sticky":false,"template":"","format":"standard","meta":{"footnotes":""},"categories":[4],"tags":[1662,10683,11851,18618,195],"class_list":["post-141151","post","type-post","status-publish","format-standard","has-post-thumbnail","hentry","category-cultura","tag-eliana-ramponi","tag-julio-cortazar","tag-rayuela","tag-taller-de-lectura","tag-taller-del-sol"],"yoast_head":"<!-- This site is optimized with the Yoast SEO plugin v27.5 - https:\/\/yoast.com\/product\/yoast-seo-wordpress\/ -->\n<title>Invitan a Taller Intensivo de Lectura sobre &quot;Rayuela&quot; de Julio Cort\u00e1zar<\/title>\n<meta name=\"robots\" content=\"index, follow, max-snippet:-1, max-image-preview:large, max-video-preview:-1\" \/>\n<link rel=\"canonical\" href=\"https:\/\/noticiasmercedinas.com\/site\/2024\/08\/01\/invitan-a-taller-intensivo-de-lectura-sobre-rayuela-de-julio-cortazar\/\" \/>\n<meta property=\"og:locale\" content=\"es_ES\" \/>\n<meta property=\"og:type\" content=\"article\" \/>\n<meta property=\"og:title\" content=\"Invitan a Taller Intensivo de Lectura sobre &quot;Rayuela&quot; de Julio Cort\u00e1zar\" \/>\n<meta property=\"og:description\" content=\"\u25a0 El taller, organizado por Eliana Ramponi, se llevar\u00e1 a cabo en el espacio cultural Taller del Sol, de 15:00 a 18:00 horas. No se requieren conocimientos previos ni haber le\u00eddo la obra\" \/>\n<meta property=\"og:url\" content=\"https:\/\/noticiasmercedinas.com\/site\/2024\/08\/01\/invitan-a-taller-intensivo-de-lectura-sobre-rayuela-de-julio-cortazar\/\" \/>\n<meta property=\"og:site_name\" content=\"NOTICIASMERCEDINAS.COM\" \/>\n<meta property=\"article:publisher\" content=\"https:\/\/www.facebook.com\/noticiasmercedinas\/\" \/>\n<meta property=\"article:published_time\" content=\"2024-08-01T20:42:15+00:00\" \/>\n<meta property=\"og:image\" content=\"https:\/\/noticiasmercedinas.com\/site\/wp-content\/uploads\/2024\/08\/Julio-Cortazar.png\" \/>\n\t<meta property=\"og:image:width\" content=\"1080\" \/>\n\t<meta property=\"og:image:height\" content=\"1080\" \/>\n\t<meta property=\"og:image:type\" content=\"image\/png\" \/>\n<meta name=\"author\" content=\"NOTICIASMERCEDINAS.COM\" \/>\n<meta name=\"twitter:card\" content=\"summary_large_image\" \/>\n<meta name=\"twitter:creator\" content=\"@notmercedinas\" \/>\n<meta name=\"twitter:site\" content=\"@notmercedinas\" \/>\n<meta name=\"twitter:label1\" content=\"Escrito por\" \/>\n\t<meta name=\"twitter:data1\" content=\"NOTICIASMERCEDINAS.COM\" \/>\n\t<meta name=\"twitter:label2\" content=\"Tiempo de lectura\" \/>\n\t<meta name=\"twitter:data2\" content=\"3 minutos\" \/>\n<script type=\"application\/ld+json\" class=\"yoast-schema-graph\">{\"@context\":\"https:\\\/\\\/schema.org\",\"@graph\":[{\"@type\":\"Article\",\"@id\":\"https:\\\/\\\/noticiasmercedinas.com\\\/site\\\/2024\\\/08\\\/01\\\/invitan-a-taller-intensivo-de-lectura-sobre-rayuela-de-julio-cortazar\\\/#article\",\"isPartOf\":{\"@id\":\"https:\\\/\\\/noticiasmercedinas.com\\\/site\\\/2024\\\/08\\\/01\\\/invitan-a-taller-intensivo-de-lectura-sobre-rayuela-de-julio-cortazar\\\/\"},\"author\":{\"name\":\"NOTICIASMERCEDINAS.COM\",\"@id\":\"https:\\\/\\\/noticiasmercedinas.com\\\/site\\\/#\\\/schema\\\/person\\\/84b59c099c28ff2e8b77d4ceec5d8063\"},\"headline\":\"Invitan a Taller Intensivo de Lectura sobre \u00abRayuela\u00bb de Julio Cort\u00e1zar\",\"datePublished\":\"2024-08-01T20:42:15+00:00\",\"mainEntityOfPage\":{\"@id\":\"https:\\\/\\\/noticiasmercedinas.com\\\/site\\\/2024\\\/08\\\/01\\\/invitan-a-taller-intensivo-de-lectura-sobre-rayuela-de-julio-cortazar\\\/\"},\"wordCount\":523,\"publisher\":{\"@id\":\"https:\\\/\\\/noticiasmercedinas.com\\\/site\\\/#organization\"},\"image\":{\"@id\":\"https:\\\/\\\/noticiasmercedinas.com\\\/site\\\/2024\\\/08\\\/01\\\/invitan-a-taller-intensivo-de-lectura-sobre-rayuela-de-julio-cortazar\\\/#primaryimage\"},\"thumbnailUrl\":\"https:\\\/\\\/noticiasmercedinas.com\\\/site\\\/wp-content\\\/uploads\\\/2024\\\/08\\\/Julio-Cortazar.png\",\"keywords\":[\"eliana ramponi\",\"julio cortazar\",\"rayuela\",\"taller de lectura\",\"taller del sol\"],\"articleSection\":[\"Cultura\"],\"inLanguage\":\"es\"},{\"@type\":\"WebPage\",\"@id\":\"https:\\\/\\\/noticiasmercedinas.com\\\/site\\\/2024\\\/08\\\/01\\\/invitan-a-taller-intensivo-de-lectura-sobre-rayuela-de-julio-cortazar\\\/\",\"url\":\"https:\\\/\\\/noticiasmercedinas.com\\\/site\\\/2024\\\/08\\\/01\\\/invitan-a-taller-intensivo-de-lectura-sobre-rayuela-de-julio-cortazar\\\/\",\"name\":\"Invitan a Taller Intensivo de Lectura sobre \\\"Rayuela\\\" de Julio Cort\u00e1zar\",\"isPartOf\":{\"@id\":\"https:\\\/\\\/noticiasmercedinas.com\\\/site\\\/#website\"},\"primaryImageOfPage\":{\"@id\":\"https:\\\/\\\/noticiasmercedinas.com\\\/site\\\/2024\\\/08\\\/01\\\/invitan-a-taller-intensivo-de-lectura-sobre-rayuela-de-julio-cortazar\\\/#primaryimage\"},\"image\":{\"@id\":\"https:\\\/\\\/noticiasmercedinas.com\\\/site\\\/2024\\\/08\\\/01\\\/invitan-a-taller-intensivo-de-lectura-sobre-rayuela-de-julio-cortazar\\\/#primaryimage\"},\"thumbnailUrl\":\"https:\\\/\\\/noticiasmercedinas.com\\\/site\\\/wp-content\\\/uploads\\\/2024\\\/08\\\/Julio-Cortazar.png\",\"datePublished\":\"2024-08-01T20:42:15+00:00\",\"breadcrumb\":{\"@id\":\"https:\\\/\\\/noticiasmercedinas.com\\\/site\\\/2024\\\/08\\\/01\\\/invitan-a-taller-intensivo-de-lectura-sobre-rayuela-de-julio-cortazar\\\/#breadcrumb\"},\"inLanguage\":\"es\",\"potentialAction\":[{\"@type\":\"ReadAction\",\"target\":[\"https:\\\/\\\/noticiasmercedinas.com\\\/site\\\/2024\\\/08\\\/01\\\/invitan-a-taller-intensivo-de-lectura-sobre-rayuela-de-julio-cortazar\\\/\"]}]},{\"@type\":\"ImageObject\",\"inLanguage\":\"es\",\"@id\":\"https:\\\/\\\/noticiasmercedinas.com\\\/site\\\/2024\\\/08\\\/01\\\/invitan-a-taller-intensivo-de-lectura-sobre-rayuela-de-julio-cortazar\\\/#primaryimage\",\"url\":\"https:\\\/\\\/noticiasmercedinas.com\\\/site\\\/wp-content\\\/uploads\\\/2024\\\/08\\\/Julio-Cortazar.png\",\"contentUrl\":\"https:\\\/\\\/noticiasmercedinas.com\\\/site\\\/wp-content\\\/uploads\\\/2024\\\/08\\\/Julio-Cortazar.png\",\"width\":1080,\"height\":1080},{\"@type\":\"BreadcrumbList\",\"@id\":\"https:\\\/\\\/noticiasmercedinas.com\\\/site\\\/2024\\\/08\\\/01\\\/invitan-a-taller-intensivo-de-lectura-sobre-rayuela-de-julio-cortazar\\\/#breadcrumb\",\"itemListElement\":[{\"@type\":\"ListItem\",\"position\":1,\"name\":\"Portada\",\"item\":\"https:\\\/\\\/noticiasmercedinas.com\\\/site\\\/\"},{\"@type\":\"ListItem\",\"position\":2,\"name\":\"Invitan a Taller Intensivo de Lectura sobre \u00abRayuela\u00bb de Julio Cort\u00e1zar\"}]},{\"@type\":\"WebSite\",\"@id\":\"https:\\\/\\\/noticiasmercedinas.com\\\/site\\\/#website\",\"url\":\"https:\\\/\\\/noticiasmercedinas.com\\\/site\\\/\",\"name\":\"NOTICIASMERCEDINAS.COM\",\"description\":\"Mercedes, Buenos Aires, Argentina\",\"publisher\":{\"@id\":\"https:\\\/\\\/noticiasmercedinas.com\\\/site\\\/#organization\"},\"potentialAction\":[{\"@type\":\"SearchAction\",\"target\":{\"@type\":\"EntryPoint\",\"urlTemplate\":\"https:\\\/\\\/noticiasmercedinas.com\\\/site\\\/?s={search_term_string}\"},\"query-input\":{\"@type\":\"PropertyValueSpecification\",\"valueRequired\":true,\"valueName\":\"search_term_string\"}}],\"inLanguage\":\"es\"},{\"@type\":\"Organization\",\"@id\":\"https:\\\/\\\/noticiasmercedinas.com\\\/site\\\/#organization\",\"name\":\"NOTICIASMERCEDINAS.COM\",\"url\":\"https:\\\/\\\/noticiasmercedinas.com\\\/site\\\/\",\"logo\":{\"@type\":\"ImageObject\",\"inLanguage\":\"es\",\"@id\":\"https:\\\/\\\/noticiasmercedinas.com\\\/site\\\/#\\\/schema\\\/logo\\\/image\\\/\",\"url\":\"https:\\\/\\\/noticiasmercedinas.com\\\/site\\\/wp-content\\\/uploads\\\/2020\\\/06\\\/LOGO-512.jpg\",\"contentUrl\":\"https:\\\/\\\/noticiasmercedinas.com\\\/site\\\/wp-content\\\/uploads\\\/2020\\\/06\\\/LOGO-512.jpg\",\"width\":512,\"height\":512,\"caption\":\"NOTICIASMERCEDINAS.COM\"},\"image\":{\"@id\":\"https:\\\/\\\/noticiasmercedinas.com\\\/site\\\/#\\\/schema\\\/logo\\\/image\\\/\"},\"sameAs\":[\"https:\\\/\\\/www.facebook.com\\\/noticiasmercedinas\\\/\",\"https:\\\/\\\/x.com\\\/notmercedinas\",\"https:\\\/\\\/www.instagram.com\\\/noticiasmercedinas\\\/\"]},{\"@type\":\"Person\",\"@id\":\"https:\\\/\\\/noticiasmercedinas.com\\\/site\\\/#\\\/schema\\\/person\\\/84b59c099c28ff2e8b77d4ceec5d8063\",\"name\":\"NOTICIASMERCEDINAS.COM\",\"image\":{\"@type\":\"ImageObject\",\"inLanguage\":\"es\",\"@id\":\"https:\\\/\\\/secure.gravatar.com\\\/avatar\\\/4dfbf16b4d17945bfb6341b2d19043457132fcf478a5ee04f42e959fd8f5df0a?s=96&d=mm&r=g\",\"url\":\"https:\\\/\\\/secure.gravatar.com\\\/avatar\\\/4dfbf16b4d17945bfb6341b2d19043457132fcf478a5ee04f42e959fd8f5df0a?s=96&d=mm&r=g\",\"contentUrl\":\"https:\\\/\\\/secure.gravatar.com\\\/avatar\\\/4dfbf16b4d17945bfb6341b2d19043457132fcf478a5ee04f42e959fd8f5df0a?s=96&d=mm&r=g\",\"caption\":\"NOTICIASMERCEDINAS.COM\"},\"url\":\"https:\\\/\\\/noticiasmercedinas.com\\\/site\\\/author\\\/anonimo\\\/\"}]}<\/script>\n<!-- \/ Yoast SEO plugin. -->","yoast_head_json":{"title":"Invitan a Taller Intensivo de Lectura sobre \"Rayuela\" de Julio Cort\u00e1zar","robots":{"index":"index","follow":"follow","max-snippet":"max-snippet:-1","max-image-preview":"max-image-preview:large","max-video-preview":"max-video-preview:-1"},"canonical":"https:\/\/noticiasmercedinas.com\/site\/2024\/08\/01\/invitan-a-taller-intensivo-de-lectura-sobre-rayuela-de-julio-cortazar\/","og_locale":"es_ES","og_type":"article","og_title":"Invitan a Taller Intensivo de Lectura sobre \"Rayuela\" de Julio Cort\u00e1zar","og_description":"\u25a0 El taller, organizado por Eliana Ramponi, se llevar\u00e1 a cabo en el espacio cultural Taller del Sol, de 15:00 a 18:00 horas. No se requieren conocimientos previos ni haber le\u00eddo la obra","og_url":"https:\/\/noticiasmercedinas.com\/site\/2024\/08\/01\/invitan-a-taller-intensivo-de-lectura-sobre-rayuela-de-julio-cortazar\/","og_site_name":"NOTICIASMERCEDINAS.COM","article_publisher":"https:\/\/www.facebook.com\/noticiasmercedinas\/","article_published_time":"2024-08-01T20:42:15+00:00","og_image":[{"width":1080,"height":1080,"url":"https:\/\/noticiasmercedinas.com\/site\/wp-content\/uploads\/2024\/08\/Julio-Cortazar.png","type":"image\/png"}],"author":"NOTICIASMERCEDINAS.COM","twitter_card":"summary_large_image","twitter_creator":"@notmercedinas","twitter_site":"@notmercedinas","twitter_misc":{"Escrito por":"NOTICIASMERCEDINAS.COM","Tiempo de lectura":"3 minutos"},"schema":{"@context":"https:\/\/schema.org","@graph":[{"@type":"Article","@id":"https:\/\/noticiasmercedinas.com\/site\/2024\/08\/01\/invitan-a-taller-intensivo-de-lectura-sobre-rayuela-de-julio-cortazar\/#article","isPartOf":{"@id":"https:\/\/noticiasmercedinas.com\/site\/2024\/08\/01\/invitan-a-taller-intensivo-de-lectura-sobre-rayuela-de-julio-cortazar\/"},"author":{"name":"NOTICIASMERCEDINAS.COM","@id":"https:\/\/noticiasmercedinas.com\/site\/#\/schema\/person\/84b59c099c28ff2e8b77d4ceec5d8063"},"headline":"Invitan a Taller Intensivo de Lectura sobre \u00abRayuela\u00bb de Julio Cort\u00e1zar","datePublished":"2024-08-01T20:42:15+00:00","mainEntityOfPage":{"@id":"https:\/\/noticiasmercedinas.com\/site\/2024\/08\/01\/invitan-a-taller-intensivo-de-lectura-sobre-rayuela-de-julio-cortazar\/"},"wordCount":523,"publisher":{"@id":"https:\/\/noticiasmercedinas.com\/site\/#organization"},"image":{"@id":"https:\/\/noticiasmercedinas.com\/site\/2024\/08\/01\/invitan-a-taller-intensivo-de-lectura-sobre-rayuela-de-julio-cortazar\/#primaryimage"},"thumbnailUrl":"https:\/\/noticiasmercedinas.com\/site\/wp-content\/uploads\/2024\/08\/Julio-Cortazar.png","keywords":["eliana ramponi","julio cortazar","rayuela","taller de lectura","taller del sol"],"articleSection":["Cultura"],"inLanguage":"es"},{"@type":"WebPage","@id":"https:\/\/noticiasmercedinas.com\/site\/2024\/08\/01\/invitan-a-taller-intensivo-de-lectura-sobre-rayuela-de-julio-cortazar\/","url":"https:\/\/noticiasmercedinas.com\/site\/2024\/08\/01\/invitan-a-taller-intensivo-de-lectura-sobre-rayuela-de-julio-cortazar\/","name":"Invitan a Taller Intensivo de Lectura sobre \"Rayuela\" de Julio Cort\u00e1zar","isPartOf":{"@id":"https:\/\/noticiasmercedinas.com\/site\/#website"},"primaryImageOfPage":{"@id":"https:\/\/noticiasmercedinas.com\/site\/2024\/08\/01\/invitan-a-taller-intensivo-de-lectura-sobre-rayuela-de-julio-cortazar\/#primaryimage"},"image":{"@id":"https:\/\/noticiasmercedinas.com\/site\/2024\/08\/01\/invitan-a-taller-intensivo-de-lectura-sobre-rayuela-de-julio-cortazar\/#primaryimage"},"thumbnailUrl":"https:\/\/noticiasmercedinas.com\/site\/wp-content\/uploads\/2024\/08\/Julio-Cortazar.png","datePublished":"2024-08-01T20:42:15+00:00","breadcrumb":{"@id":"https:\/\/noticiasmercedinas.com\/site\/2024\/08\/01\/invitan-a-taller-intensivo-de-lectura-sobre-rayuela-de-julio-cortazar\/#breadcrumb"},"inLanguage":"es","potentialAction":[{"@type":"ReadAction","target":["https:\/\/noticiasmercedinas.com\/site\/2024\/08\/01\/invitan-a-taller-intensivo-de-lectura-sobre-rayuela-de-julio-cortazar\/"]}]},{"@type":"ImageObject","inLanguage":"es","@id":"https:\/\/noticiasmercedinas.com\/site\/2024\/08\/01\/invitan-a-taller-intensivo-de-lectura-sobre-rayuela-de-julio-cortazar\/#primaryimage","url":"https:\/\/noticiasmercedinas.com\/site\/wp-content\/uploads\/2024\/08\/Julio-Cortazar.png","contentUrl":"https:\/\/noticiasmercedinas.com\/site\/wp-content\/uploads\/2024\/08\/Julio-Cortazar.png","width":1080,"height":1080},{"@type":"BreadcrumbList","@id":"https:\/\/noticiasmercedinas.com\/site\/2024\/08\/01\/invitan-a-taller-intensivo-de-lectura-sobre-rayuela-de-julio-cortazar\/#breadcrumb","itemListElement":[{"@type":"ListItem","position":1,"name":"Portada","item":"https:\/\/noticiasmercedinas.com\/site\/"},{"@type":"ListItem","position":2,"name":"Invitan a Taller Intensivo de Lectura sobre \u00abRayuela\u00bb de Julio Cort\u00e1zar"}]},{"@type":"WebSite","@id":"https:\/\/noticiasmercedinas.com\/site\/#website","url":"https:\/\/noticiasmercedinas.com\/site\/","name":"NOTICIASMERCEDINAS.COM","description":"Mercedes, Buenos Aires, Argentina","publisher":{"@id":"https:\/\/noticiasmercedinas.com\/site\/#organization"},"potentialAction":[{"@type":"SearchAction","target":{"@type":"EntryPoint","urlTemplate":"https:\/\/noticiasmercedinas.com\/site\/?s={search_term_string}"},"query-input":{"@type":"PropertyValueSpecification","valueRequired":true,"valueName":"search_term_string"}}],"inLanguage":"es"},{"@type":"Organization","@id":"https:\/\/noticiasmercedinas.com\/site\/#organization","name":"NOTICIASMERCEDINAS.COM","url":"https:\/\/noticiasmercedinas.com\/site\/","logo":{"@type":"ImageObject","inLanguage":"es","@id":"https:\/\/noticiasmercedinas.com\/site\/#\/schema\/logo\/image\/","url":"https:\/\/noticiasmercedinas.com\/site\/wp-content\/uploads\/2020\/06\/LOGO-512.jpg","contentUrl":"https:\/\/noticiasmercedinas.com\/site\/wp-content\/uploads\/2020\/06\/LOGO-512.jpg","width":512,"height":512,"caption":"NOTICIASMERCEDINAS.COM"},"image":{"@id":"https:\/\/noticiasmercedinas.com\/site\/#\/schema\/logo\/image\/"},"sameAs":["https:\/\/www.facebook.com\/noticiasmercedinas\/","https:\/\/x.com\/notmercedinas","https:\/\/www.instagram.com\/noticiasmercedinas\/"]},{"@type":"Person","@id":"https:\/\/noticiasmercedinas.com\/site\/#\/schema\/person\/84b59c099c28ff2e8b77d4ceec5d8063","name":"NOTICIASMERCEDINAS.COM","image":{"@type":"ImageObject","inLanguage":"es","@id":"https:\/\/secure.gravatar.com\/avatar\/4dfbf16b4d17945bfb6341b2d19043457132fcf478a5ee04f42e959fd8f5df0a?s=96&d=mm&r=g","url":"https:\/\/secure.gravatar.com\/avatar\/4dfbf16b4d17945bfb6341b2d19043457132fcf478a5ee04f42e959fd8f5df0a?s=96&d=mm&r=g","contentUrl":"https:\/\/secure.gravatar.com\/avatar\/4dfbf16b4d17945bfb6341b2d19043457132fcf478a5ee04f42e959fd8f5df0a?s=96&d=mm&r=g","caption":"NOTICIASMERCEDINAS.COM"},"url":"https:\/\/noticiasmercedinas.com\/site\/author\/anonimo\/"}]}},"amp_enabled":true,"_links":{"self":[{"href":"https:\/\/noticiasmercedinas.com\/site\/wp-json\/wp\/v2\/posts\/141151","targetHints":{"allow":["GET"]}}],"collection":[{"href":"https:\/\/noticiasmercedinas.com\/site\/wp-json\/wp\/v2\/posts"}],"about":[{"href":"https:\/\/noticiasmercedinas.com\/site\/wp-json\/wp\/v2\/types\/post"}],"author":[{"embeddable":true,"href":"https:\/\/noticiasmercedinas.com\/site\/wp-json\/wp\/v2\/users\/16"}],"replies":[{"embeddable":true,"href":"https:\/\/noticiasmercedinas.com\/site\/wp-json\/wp\/v2\/comments?post=141151"}],"version-history":[{"count":1,"href":"https:\/\/noticiasmercedinas.com\/site\/wp-json\/wp\/v2\/posts\/141151\/revisions"}],"predecessor-version":[{"id":141153,"href":"https:\/\/noticiasmercedinas.com\/site\/wp-json\/wp\/v2\/posts\/141151\/revisions\/141153"}],"wp:featuredmedia":[{"embeddable":true,"href":"https:\/\/noticiasmercedinas.com\/site\/wp-json\/wp\/v2\/media\/141152"}],"wp:attachment":[{"href":"https:\/\/noticiasmercedinas.com\/site\/wp-json\/wp\/v2\/media?parent=141151"}],"wp:term":[{"taxonomy":"category","embeddable":true,"href":"https:\/\/noticiasmercedinas.com\/site\/wp-json\/wp\/v2\/categories?post=141151"},{"taxonomy":"post_tag","embeddable":true,"href":"https:\/\/noticiasmercedinas.com\/site\/wp-json\/wp\/v2\/tags?post=141151"}],"curies":[{"name":"wp","href":"https:\/\/api.w.org\/{rel}","templated":true}]}}