{"id":141404,"date":"2024-08-05T17:26:57","date_gmt":"2024-08-05T20:26:57","guid":{"rendered":"https:\/\/noticiasmercedinas.com\/site\/?p=141404"},"modified":"2024-08-05T17:52:46","modified_gmt":"2024-08-05T20:52:46","slug":"dia-del-nino-en-barrio-facundo-quiroga-organizan-encuentro-para-toda-la-familia","status":"publish","type":"post","link":"https:\/\/noticiasmercedinas.com\/site\/2024\/08\/05\/dia-del-nino-en-barrio-facundo-quiroga-organizan-encuentro-para-toda-la-familia\/","title":{"rendered":"D\u00eda del Ni\u00f1o en barrio Facundo Quiroga: organizan encuentro para toda la familia"},"content":{"rendered":"<p><img loading=\"lazy\" decoding=\"async\" class=\"alignnone size-full wp-image-141405\" src=\"https:\/\/noticiasmercedinas.com\/site\/wp-content\/uploads\/2024\/08\/IMG-20240803-WA0032.jpg\" alt=\"\" width=\"719\" height=\"634\" srcset=\"https:\/\/noticiasmercedinas.com\/site\/wp-content\/uploads\/2024\/08\/IMG-20240803-WA0032.jpg 719w, https:\/\/noticiasmercedinas.com\/site\/wp-content\/uploads\/2024\/08\/IMG-20240803-WA0032-300x265.jpg 300w, https:\/\/noticiasmercedinas.com\/site\/wp-content\/uploads\/2024\/08\/IMG-20240803-WA0032-640x564.jpg 640w, https:\/\/noticiasmercedinas.com\/site\/wp-content\/uploads\/2024\/08\/IMG-20240803-WA0032-681x600.jpg 681w\" sizes=\"auto, (max-width: 719px) 100vw, 719px\" \/><\/p>\n<p>El pr\u00f3ximo domingo 18 de agosto, el barrio Facundo Quiroga se llenar\u00e1 de alegr\u00eda con un festejo especial por el D\u00eda del Ni\u00f1o, que se llevar\u00e1 a cabo en la sede de la sociedad de fomento, ubicada en calle 75 entre 14 y 16.<\/p>\n<p>Este evento, que comenzar\u00e1 a las 14 hs y se extender\u00e1 hasta las 17 hs, promete ser una tarde inolvidable para grandes y chicos.<\/p>\n<p>\u201cLa idea es revivir esos momentos \u00fanicos donde todo el barrio se reun\u00eda a celebrar en familia. Queremos que las sociedades de fomento vuelvan a ser el coraz\u00f3n de nuestros barrios, donde todos los vecinos se sientan bienvenidos y podamos disfrutar juntos\u201d, expres\u00f3 Mauricio D\u00edaz, quien fue electo hace pocos meses como presidente de la sociedad de fomento.<\/p>\n<p>El evento estar\u00e1 cargado de actividades para que nadie se quede afuera. Habr\u00e1 juegos, shows en vivo, inflables, sorteos, merienda y muchas sorpresas m\u00e1s. \u201cLo \u00fanico que pedimos es que los chicos y sus familias vengan con ganas de divertirse. Sabemos que son tiempos complicados, por eso estamos organizando todo con mucho esfuerzo, solicitando colaboraciones y donaciones a los comercios de la zona. Cada aporte cuenta y ser\u00e1 bien recibido\u201d, se\u00f1al\u00f3 D\u00edaz.<\/p>\n<p>Para quienes deseen colaborar, pueden acercar sus donaciones a la sede de la sociedad de fomento desde el lunes 5 hasta el viernes 9, en el horario de 10 a 12 hs, o en la veterinaria de Bernardo Zubeld\u00eda, ubicada en Acceso Manuel Sanmart\u00edn y 110. Adem\u00e1s, los vecinos que no puedan acercarse pueden llamar o mandar un mensaje al 2324590645, y se coordinar\u00e1 la recolecci\u00f3n.<\/p>\n<p>D\u00edaz destac\u00f3 la importancia de estas iniciativas para mantener vivo el esp\u00edritu vecinal: \u201cQueremos que los chicos puedan disfrutar de un d\u00eda lleno de alegr\u00eda en su propio barrio, como lo hac\u00edamos nosotros cuando \u00e9ramos ni\u00f1os. Vale la pena el esfuerzo para ver sus sonrisas y fortalecer nuestros lazos como comunidad\u201d.<\/p>\n<p>Este D\u00eda del Ni\u00f1o, el barrio Facundo Quiroga se convierte en el escenario perfecto para disfrutar y compartir momentos \u00fanicos en familia.<\/p>\n","protected":false},"excerpt":{"rendered":"<p>\u25a0 \u00abQueremos que las sociedades de fomento vuelvan a ser el coraz\u00f3n de nuestros barrios, donde todos los vecinos se sientan bienvenidos y podamos disfrutar juntos\u00bb, expres\u00f3 Mauricio D\u00edaz<\/p>\n","protected":false},"author":16,"featured_media":141405,"comment_status":"closed","ping_status":"closed","sticky":false,"template":"","format":"standard","meta":{"footnotes":""},"categories":[3],"tags":[6148,79,5979,4504],"class_list":["post-141404","post","type-post","status-publish","format-standard","has-post-thumbnail","hentry","category-sociedad","tag-barrio-facundo-quiroga","tag-dia-del-nino","tag-festejos","tag-sociedad-de-fomento"],"yoast_head":"<!-- This site is optimized with the Yoast SEO plugin v27.4 - https:\/\/yoast.com\/product\/yoast-seo-wordpress\/ -->\n<title>D\u00eda del Ni\u00f1o en barrio Facundo Quiroga: organizan encuentro para toda la familia<\/title>\n<meta name=\"robots\" content=\"index, follow, max-snippet:-1, max-image-preview:large, max-video-preview:-1\" \/>\n<link rel=\"canonical\" href=\"https:\/\/noticiasmercedinas.com\/site\/2024\/08\/05\/dia-del-nino-en-barrio-facundo-quiroga-organizan-encuentro-para-toda-la-familia\/\" \/>\n<meta property=\"og:locale\" content=\"es_ES\" \/>\n<meta property=\"og:type\" content=\"article\" \/>\n<meta property=\"og:title\" content=\"D\u00eda del Ni\u00f1o en barrio Facundo Quiroga: organizan encuentro para toda la familia\" \/>\n<meta property=\"og:description\" content=\"\u25a0 &quot;Queremos que las sociedades de fomento vuelvan a ser el coraz\u00f3n de nuestros barrios, donde todos los vecinos se sientan bienvenidos y podamos disfrutar juntos&quot;, expres\u00f3 Mauricio D\u00edaz\" \/>\n<meta property=\"og:url\" content=\"https:\/\/noticiasmercedinas.com\/site\/2024\/08\/05\/dia-del-nino-en-barrio-facundo-quiroga-organizan-encuentro-para-toda-la-familia\/\" \/>\n<meta property=\"og:site_name\" content=\"NOTICIASMERCEDINAS.COM\" \/>\n<meta property=\"article:publisher\" content=\"https:\/\/www.facebook.com\/noticiasmercedinas\/\" \/>\n<meta property=\"article:published_time\" content=\"2024-08-05T20:26:57+00:00\" \/>\n<meta property=\"article:modified_time\" content=\"2024-08-05T20:52:46+00:00\" \/>\n<meta property=\"og:image\" content=\"https:\/\/noticiasmercedinas.com\/site\/wp-content\/uploads\/2024\/08\/IMG-20240803-WA0032.jpg\" \/>\n\t<meta property=\"og:image:width\" content=\"719\" \/>\n\t<meta property=\"og:image:height\" content=\"634\" \/>\n\t<meta property=\"og:image:type\" content=\"image\/jpeg\" \/>\n<meta name=\"author\" content=\"NOTICIASMERCEDINAS.COM\" \/>\n<meta name=\"twitter:card\" content=\"summary_large_image\" \/>\n<meta name=\"twitter:creator\" content=\"@notmercedinas\" \/>\n<meta name=\"twitter:site\" content=\"@notmercedinas\" \/>\n<meta name=\"twitter:label1\" content=\"Escrito por\" \/>\n\t<meta name=\"twitter:data1\" content=\"NOTICIASMERCEDINAS.COM\" \/>\n\t<meta name=\"twitter:label2\" content=\"Tiempo de lectura\" \/>\n\t<meta name=\"twitter:data2\" content=\"2 minutos\" \/>\n<script type=\"application\/ld+json\" class=\"yoast-schema-graph\">{\"@context\":\"https:\\\/\\\/schema.org\",\"@graph\":[{\"@type\":\"Article\",\"@id\":\"https:\\\/\\\/noticiasmercedinas.com\\\/site\\\/2024\\\/08\\\/05\\\/dia-del-nino-en-barrio-facundo-quiroga-organizan-encuentro-para-toda-la-familia\\\/#article\",\"isPartOf\":{\"@id\":\"https:\\\/\\\/noticiasmercedinas.com\\\/site\\\/2024\\\/08\\\/05\\\/dia-del-nino-en-barrio-facundo-quiroga-organizan-encuentro-para-toda-la-familia\\\/\"},\"author\":{\"name\":\"NOTICIASMERCEDINAS.COM\",\"@id\":\"https:\\\/\\\/noticiasmercedinas.com\\\/site\\\/#\\\/schema\\\/person\\\/84b59c099c28ff2e8b77d4ceec5d8063\"},\"headline\":\"D\u00eda del Ni\u00f1o en barrio Facundo Quiroga: organizan encuentro para toda la familia\",\"datePublished\":\"2024-08-05T20:26:57+00:00\",\"dateModified\":\"2024-08-05T20:52:46+00:00\",\"mainEntityOfPage\":{\"@id\":\"https:\\\/\\\/noticiasmercedinas.com\\\/site\\\/2024\\\/08\\\/05\\\/dia-del-nino-en-barrio-facundo-quiroga-organizan-encuentro-para-toda-la-familia\\\/\"},\"wordCount\":362,\"publisher\":{\"@id\":\"https:\\\/\\\/noticiasmercedinas.com\\\/site\\\/#organization\"},\"image\":{\"@id\":\"https:\\\/\\\/noticiasmercedinas.com\\\/site\\\/2024\\\/08\\\/05\\\/dia-del-nino-en-barrio-facundo-quiroga-organizan-encuentro-para-toda-la-familia\\\/#primaryimage\"},\"thumbnailUrl\":\"https:\\\/\\\/noticiasmercedinas.com\\\/site\\\/wp-content\\\/uploads\\\/2024\\\/08\\\/IMG-20240803-WA0032.jpg\",\"keywords\":[\"barrio Facundo Quiroga\",\"dia del ni\u00f1o\",\"festejos\",\"sociedad de fomento\"],\"articleSection\":[\"Sociedad\"],\"inLanguage\":\"es\"},{\"@type\":\"WebPage\",\"@id\":\"https:\\\/\\\/noticiasmercedinas.com\\\/site\\\/2024\\\/08\\\/05\\\/dia-del-nino-en-barrio-facundo-quiroga-organizan-encuentro-para-toda-la-familia\\\/\",\"url\":\"https:\\\/\\\/noticiasmercedinas.com\\\/site\\\/2024\\\/08\\\/05\\\/dia-del-nino-en-barrio-facundo-quiroga-organizan-encuentro-para-toda-la-familia\\\/\",\"name\":\"D\u00eda del Ni\u00f1o en barrio Facundo Quiroga: organizan encuentro para toda la familia\",\"isPartOf\":{\"@id\":\"https:\\\/\\\/noticiasmercedinas.com\\\/site\\\/#website\"},\"primaryImageOfPage\":{\"@id\":\"https:\\\/\\\/noticiasmercedinas.com\\\/site\\\/2024\\\/08\\\/05\\\/dia-del-nino-en-barrio-facundo-quiroga-organizan-encuentro-para-toda-la-familia\\\/#primaryimage\"},\"image\":{\"@id\":\"https:\\\/\\\/noticiasmercedinas.com\\\/site\\\/2024\\\/08\\\/05\\\/dia-del-nino-en-barrio-facundo-quiroga-organizan-encuentro-para-toda-la-familia\\\/#primaryimage\"},\"thumbnailUrl\":\"https:\\\/\\\/noticiasmercedinas.com\\\/site\\\/wp-content\\\/uploads\\\/2024\\\/08\\\/IMG-20240803-WA0032.jpg\",\"datePublished\":\"2024-08-05T20:26:57+00:00\",\"dateModified\":\"2024-08-05T20:52:46+00:00\",\"breadcrumb\":{\"@id\":\"https:\\\/\\\/noticiasmercedinas.com\\\/site\\\/2024\\\/08\\\/05\\\/dia-del-nino-en-barrio-facundo-quiroga-organizan-encuentro-para-toda-la-familia\\\/#breadcrumb\"},\"inLanguage\":\"es\",\"potentialAction\":[{\"@type\":\"ReadAction\",\"target\":[\"https:\\\/\\\/noticiasmercedinas.com\\\/site\\\/2024\\\/08\\\/05\\\/dia-del-nino-en-barrio-facundo-quiroga-organizan-encuentro-para-toda-la-familia\\\/\"]}]},{\"@type\":\"ImageObject\",\"inLanguage\":\"es\",\"@id\":\"https:\\\/\\\/noticiasmercedinas.com\\\/site\\\/2024\\\/08\\\/05\\\/dia-del-nino-en-barrio-facundo-quiroga-organizan-encuentro-para-toda-la-familia\\\/#primaryimage\",\"url\":\"https:\\\/\\\/noticiasmercedinas.com\\\/site\\\/wp-content\\\/uploads\\\/2024\\\/08\\\/IMG-20240803-WA0032.jpg\",\"contentUrl\":\"https:\\\/\\\/noticiasmercedinas.com\\\/site\\\/wp-content\\\/uploads\\\/2024\\\/08\\\/IMG-20240803-WA0032.jpg\",\"width\":719,\"height\":634},{\"@type\":\"BreadcrumbList\",\"@id\":\"https:\\\/\\\/noticiasmercedinas.com\\\/site\\\/2024\\\/08\\\/05\\\/dia-del-nino-en-barrio-facundo-quiroga-organizan-encuentro-para-toda-la-familia\\\/#breadcrumb\",\"itemListElement\":[{\"@type\":\"ListItem\",\"position\":1,\"name\":\"Portada\",\"item\":\"https:\\\/\\\/noticiasmercedinas.com\\\/site\\\/\"},{\"@type\":\"ListItem\",\"position\":2,\"name\":\"D\u00eda del Ni\u00f1o en barrio Facundo Quiroga: organizan encuentro para toda la familia\"}]},{\"@type\":\"WebSite\",\"@id\":\"https:\\\/\\\/noticiasmercedinas.com\\\/site\\\/#website\",\"url\":\"https:\\\/\\\/noticiasmercedinas.com\\\/site\\\/\",\"name\":\"NOTICIASMERCEDINAS.COM\",\"description\":\"Mercedes, Buenos Aires, Argentina\",\"publisher\":{\"@id\":\"https:\\\/\\\/noticiasmercedinas.com\\\/site\\\/#organization\"},\"potentialAction\":[{\"@type\":\"SearchAction\",\"target\":{\"@type\":\"EntryPoint\",\"urlTemplate\":\"https:\\\/\\\/noticiasmercedinas.com\\\/site\\\/?s={search_term_string}\"},\"query-input\":{\"@type\":\"PropertyValueSpecification\",\"valueRequired\":true,\"valueName\":\"search_term_string\"}}],\"inLanguage\":\"es\"},{\"@type\":\"Organization\",\"@id\":\"https:\\\/\\\/noticiasmercedinas.com\\\/site\\\/#organization\",\"name\":\"NOTICIASMERCEDINAS.COM\",\"url\":\"https:\\\/\\\/noticiasmercedinas.com\\\/site\\\/\",\"logo\":{\"@type\":\"ImageObject\",\"inLanguage\":\"es\",\"@id\":\"https:\\\/\\\/noticiasmercedinas.com\\\/site\\\/#\\\/schema\\\/logo\\\/image\\\/\",\"url\":\"https:\\\/\\\/noticiasmercedinas.com\\\/site\\\/wp-content\\\/uploads\\\/2020\\\/06\\\/LOGO-512.jpg\",\"contentUrl\":\"https:\\\/\\\/noticiasmercedinas.com\\\/site\\\/wp-content\\\/uploads\\\/2020\\\/06\\\/LOGO-512.jpg\",\"width\":512,\"height\":512,\"caption\":\"NOTICIASMERCEDINAS.COM\"},\"image\":{\"@id\":\"https:\\\/\\\/noticiasmercedinas.com\\\/site\\\/#\\\/schema\\\/logo\\\/image\\\/\"},\"sameAs\":[\"https:\\\/\\\/www.facebook.com\\\/noticiasmercedinas\\\/\",\"https:\\\/\\\/x.com\\\/notmercedinas\",\"https:\\\/\\\/www.instagram.com\\\/noticiasmercedinas\\\/\"]},{\"@type\":\"Person\",\"@id\":\"https:\\\/\\\/noticiasmercedinas.com\\\/site\\\/#\\\/schema\\\/person\\\/84b59c099c28ff2e8b77d4ceec5d8063\",\"name\":\"NOTICIASMERCEDINAS.COM\",\"image\":{\"@type\":\"ImageObject\",\"inLanguage\":\"es\",\"@id\":\"https:\\\/\\\/secure.gravatar.com\\\/avatar\\\/4dfbf16b4d17945bfb6341b2d19043457132fcf478a5ee04f42e959fd8f5df0a?s=96&d=mm&r=g\",\"url\":\"https:\\\/\\\/secure.gravatar.com\\\/avatar\\\/4dfbf16b4d17945bfb6341b2d19043457132fcf478a5ee04f42e959fd8f5df0a?s=96&d=mm&r=g\",\"contentUrl\":\"https:\\\/\\\/secure.gravatar.com\\\/avatar\\\/4dfbf16b4d17945bfb6341b2d19043457132fcf478a5ee04f42e959fd8f5df0a?s=96&d=mm&r=g\",\"caption\":\"NOTICIASMERCEDINAS.COM\"},\"url\":\"https:\\\/\\\/noticiasmercedinas.com\\\/site\\\/author\\\/anonimo\\\/\"}]}<\/script>\n<!-- \/ Yoast SEO plugin. -->","yoast_head_json":{"title":"D\u00eda del Ni\u00f1o en barrio Facundo Quiroga: organizan encuentro para toda la familia","robots":{"index":"index","follow":"follow","max-snippet":"max-snippet:-1","max-image-preview":"max-image-preview:large","max-video-preview":"max-video-preview:-1"},"canonical":"https:\/\/noticiasmercedinas.com\/site\/2024\/08\/05\/dia-del-nino-en-barrio-facundo-quiroga-organizan-encuentro-para-toda-la-familia\/","og_locale":"es_ES","og_type":"article","og_title":"D\u00eda del Ni\u00f1o en barrio Facundo Quiroga: organizan encuentro para toda la familia","og_description":"\u25a0 \"Queremos que las sociedades de fomento vuelvan a ser el coraz\u00f3n de nuestros barrios, donde todos los vecinos se sientan bienvenidos y podamos disfrutar juntos\", expres\u00f3 Mauricio D\u00edaz","og_url":"https:\/\/noticiasmercedinas.com\/site\/2024\/08\/05\/dia-del-nino-en-barrio-facundo-quiroga-organizan-encuentro-para-toda-la-familia\/","og_site_name":"NOTICIASMERCEDINAS.COM","article_publisher":"https:\/\/www.facebook.com\/noticiasmercedinas\/","article_published_time":"2024-08-05T20:26:57+00:00","article_modified_time":"2024-08-05T20:52:46+00:00","og_image":[{"width":719,"height":634,"url":"https:\/\/noticiasmercedinas.com\/site\/wp-content\/uploads\/2024\/08\/IMG-20240803-WA0032.jpg","type":"image\/jpeg"}],"author":"NOTICIASMERCEDINAS.COM","twitter_card":"summary_large_image","twitter_creator":"@notmercedinas","twitter_site":"@notmercedinas","twitter_misc":{"Escrito por":"NOTICIASMERCEDINAS.COM","Tiempo de lectura":"2 minutos"},"schema":{"@context":"https:\/\/schema.org","@graph":[{"@type":"Article","@id":"https:\/\/noticiasmercedinas.com\/site\/2024\/08\/05\/dia-del-nino-en-barrio-facundo-quiroga-organizan-encuentro-para-toda-la-familia\/#article","isPartOf":{"@id":"https:\/\/noticiasmercedinas.com\/site\/2024\/08\/05\/dia-del-nino-en-barrio-facundo-quiroga-organizan-encuentro-para-toda-la-familia\/"},"author":{"name":"NOTICIASMERCEDINAS.COM","@id":"https:\/\/noticiasmercedinas.com\/site\/#\/schema\/person\/84b59c099c28ff2e8b77d4ceec5d8063"},"headline":"D\u00eda del Ni\u00f1o en barrio Facundo Quiroga: organizan encuentro para toda la familia","datePublished":"2024-08-05T20:26:57+00:00","dateModified":"2024-08-05T20:52:46+00:00","mainEntityOfPage":{"@id":"https:\/\/noticiasmercedinas.com\/site\/2024\/08\/05\/dia-del-nino-en-barrio-facundo-quiroga-organizan-encuentro-para-toda-la-familia\/"},"wordCount":362,"publisher":{"@id":"https:\/\/noticiasmercedinas.com\/site\/#organization"},"image":{"@id":"https:\/\/noticiasmercedinas.com\/site\/2024\/08\/05\/dia-del-nino-en-barrio-facundo-quiroga-organizan-encuentro-para-toda-la-familia\/#primaryimage"},"thumbnailUrl":"https:\/\/noticiasmercedinas.com\/site\/wp-content\/uploads\/2024\/08\/IMG-20240803-WA0032.jpg","keywords":["barrio Facundo Quiroga","dia del ni\u00f1o","festejos","sociedad de fomento"],"articleSection":["Sociedad"],"inLanguage":"es"},{"@type":"WebPage","@id":"https:\/\/noticiasmercedinas.com\/site\/2024\/08\/05\/dia-del-nino-en-barrio-facundo-quiroga-organizan-encuentro-para-toda-la-familia\/","url":"https:\/\/noticiasmercedinas.com\/site\/2024\/08\/05\/dia-del-nino-en-barrio-facundo-quiroga-organizan-encuentro-para-toda-la-familia\/","name":"D\u00eda del Ni\u00f1o en barrio Facundo Quiroga: organizan encuentro para toda la familia","isPartOf":{"@id":"https:\/\/noticiasmercedinas.com\/site\/#website"},"primaryImageOfPage":{"@id":"https:\/\/noticiasmercedinas.com\/site\/2024\/08\/05\/dia-del-nino-en-barrio-facundo-quiroga-organizan-encuentro-para-toda-la-familia\/#primaryimage"},"image":{"@id":"https:\/\/noticiasmercedinas.com\/site\/2024\/08\/05\/dia-del-nino-en-barrio-facundo-quiroga-organizan-encuentro-para-toda-la-familia\/#primaryimage"},"thumbnailUrl":"https:\/\/noticiasmercedinas.com\/site\/wp-content\/uploads\/2024\/08\/IMG-20240803-WA0032.jpg","datePublished":"2024-08-05T20:26:57+00:00","dateModified":"2024-08-05T20:52:46+00:00","breadcrumb":{"@id":"https:\/\/noticiasmercedinas.com\/site\/2024\/08\/05\/dia-del-nino-en-barrio-facundo-quiroga-organizan-encuentro-para-toda-la-familia\/#breadcrumb"},"inLanguage":"es","potentialAction":[{"@type":"ReadAction","target":["https:\/\/noticiasmercedinas.com\/site\/2024\/08\/05\/dia-del-nino-en-barrio-facundo-quiroga-organizan-encuentro-para-toda-la-familia\/"]}]},{"@type":"ImageObject","inLanguage":"es","@id":"https:\/\/noticiasmercedinas.com\/site\/2024\/08\/05\/dia-del-nino-en-barrio-facundo-quiroga-organizan-encuentro-para-toda-la-familia\/#primaryimage","url":"https:\/\/noticiasmercedinas.com\/site\/wp-content\/uploads\/2024\/08\/IMG-20240803-WA0032.jpg","contentUrl":"https:\/\/noticiasmercedinas.com\/site\/wp-content\/uploads\/2024\/08\/IMG-20240803-WA0032.jpg","width":719,"height":634},{"@type":"BreadcrumbList","@id":"https:\/\/noticiasmercedinas.com\/site\/2024\/08\/05\/dia-del-nino-en-barrio-facundo-quiroga-organizan-encuentro-para-toda-la-familia\/#breadcrumb","itemListElement":[{"@type":"ListItem","position":1,"name":"Portada","item":"https:\/\/noticiasmercedinas.com\/site\/"},{"@type":"ListItem","position":2,"name":"D\u00eda del Ni\u00f1o en barrio Facundo Quiroga: organizan encuentro para toda la familia"}]},{"@type":"WebSite","@id":"https:\/\/noticiasmercedinas.com\/site\/#website","url":"https:\/\/noticiasmercedinas.com\/site\/","name":"NOTICIASMERCEDINAS.COM","description":"Mercedes, Buenos Aires, Argentina","publisher":{"@id":"https:\/\/noticiasmercedinas.com\/site\/#organization"},"potentialAction":[{"@type":"SearchAction","target":{"@type":"EntryPoint","urlTemplate":"https:\/\/noticiasmercedinas.com\/site\/?s={search_term_string}"},"query-input":{"@type":"PropertyValueSpecification","valueRequired":true,"valueName":"search_term_string"}}],"inLanguage":"es"},{"@type":"Organization","@id":"https:\/\/noticiasmercedinas.com\/site\/#organization","name":"NOTICIASMERCEDINAS.COM","url":"https:\/\/noticiasmercedinas.com\/site\/","logo":{"@type":"ImageObject","inLanguage":"es","@id":"https:\/\/noticiasmercedinas.com\/site\/#\/schema\/logo\/image\/","url":"https:\/\/noticiasmercedinas.com\/site\/wp-content\/uploads\/2020\/06\/LOGO-512.jpg","contentUrl":"https:\/\/noticiasmercedinas.com\/site\/wp-content\/uploads\/2020\/06\/LOGO-512.jpg","width":512,"height":512,"caption":"NOTICIASMERCEDINAS.COM"},"image":{"@id":"https:\/\/noticiasmercedinas.com\/site\/#\/schema\/logo\/image\/"},"sameAs":["https:\/\/www.facebook.com\/noticiasmercedinas\/","https:\/\/x.com\/notmercedinas","https:\/\/www.instagram.com\/noticiasmercedinas\/"]},{"@type":"Person","@id":"https:\/\/noticiasmercedinas.com\/site\/#\/schema\/person\/84b59c099c28ff2e8b77d4ceec5d8063","name":"NOTICIASMERCEDINAS.COM","image":{"@type":"ImageObject","inLanguage":"es","@id":"https:\/\/secure.gravatar.com\/avatar\/4dfbf16b4d17945bfb6341b2d19043457132fcf478a5ee04f42e959fd8f5df0a?s=96&d=mm&r=g","url":"https:\/\/secure.gravatar.com\/avatar\/4dfbf16b4d17945bfb6341b2d19043457132fcf478a5ee04f42e959fd8f5df0a?s=96&d=mm&r=g","contentUrl":"https:\/\/secure.gravatar.com\/avatar\/4dfbf16b4d17945bfb6341b2d19043457132fcf478a5ee04f42e959fd8f5df0a?s=96&d=mm&r=g","caption":"NOTICIASMERCEDINAS.COM"},"url":"https:\/\/noticiasmercedinas.com\/site\/author\/anonimo\/"}]}},"amp_enabled":true,"_links":{"self":[{"href":"https:\/\/noticiasmercedinas.com\/site\/wp-json\/wp\/v2\/posts\/141404","targetHints":{"allow":["GET"]}}],"collection":[{"href":"https:\/\/noticiasmercedinas.com\/site\/wp-json\/wp\/v2\/posts"}],"about":[{"href":"https:\/\/noticiasmercedinas.com\/site\/wp-json\/wp\/v2\/types\/post"}],"author":[{"embeddable":true,"href":"https:\/\/noticiasmercedinas.com\/site\/wp-json\/wp\/v2\/users\/16"}],"replies":[{"embeddable":true,"href":"https:\/\/noticiasmercedinas.com\/site\/wp-json\/wp\/v2\/comments?post=141404"}],"version-history":[{"count":2,"href":"https:\/\/noticiasmercedinas.com\/site\/wp-json\/wp\/v2\/posts\/141404\/revisions"}],"predecessor-version":[{"id":141415,"href":"https:\/\/noticiasmercedinas.com\/site\/wp-json\/wp\/v2\/posts\/141404\/revisions\/141415"}],"wp:featuredmedia":[{"embeddable":true,"href":"https:\/\/noticiasmercedinas.com\/site\/wp-json\/wp\/v2\/media\/141405"}],"wp:attachment":[{"href":"https:\/\/noticiasmercedinas.com\/site\/wp-json\/wp\/v2\/media?parent=141404"}],"wp:term":[{"taxonomy":"category","embeddable":true,"href":"https:\/\/noticiasmercedinas.com\/site\/wp-json\/wp\/v2\/categories?post=141404"},{"taxonomy":"post_tag","embeddable":true,"href":"https:\/\/noticiasmercedinas.com\/site\/wp-json\/wp\/v2\/tags?post=141404"}],"curies":[{"name":"wp","href":"https:\/\/api.w.org\/{rel}","templated":true}]}}