{"id":141460,"date":"2024-08-06T17:44:56","date_gmt":"2024-08-06T20:44:56","guid":{"rendered":"https:\/\/noticiasmercedinas.com\/site\/?p=141460"},"modified":"2024-08-06T17:44:56","modified_gmt":"2024-08-06T20:44:56","slug":"se-viene-el-estreno-teatral-en-el-talia-de-sola-no-eres-nadie","status":"publish","type":"post","link":"https:\/\/noticiasmercedinas.com\/site\/2024\/08\/06\/se-viene-el-estreno-teatral-en-el-talia-de-sola-no-eres-nadie\/","title":{"rendered":"Se viene el estreno teatral en el Tal\u00eda de \u00abSola no eres nadie\u00bb"},"content":{"rendered":"<p><img loading=\"lazy\" decoding=\"async\" class=\"alignnone wp-image-141461 size-full\" src=\"https:\/\/noticiasmercedinas.com\/site\/wp-content\/uploads\/2024\/08\/SOLA-e1722976971411.jpeg\" alt=\"\" width=\"678\" height=\"428\" srcset=\"https:\/\/noticiasmercedinas.com\/site\/wp-content\/uploads\/2024\/08\/SOLA-e1722976971411.jpeg 678w, https:\/\/noticiasmercedinas.com\/site\/wp-content\/uploads\/2024\/08\/SOLA-e1722976971411-300x189.jpeg 300w, https:\/\/noticiasmercedinas.com\/site\/wp-content\/uploads\/2024\/08\/SOLA-e1722976971411-640x404.jpeg 640w\" sizes=\"auto, (max-width: 678px) 100vw, 678px\" \/><\/p>\n<p>El pr\u00f3ximo s\u00e1bado 17 de agosto a las 20:00 horas, el Teatro Tal\u00eda de Mercedes ser\u00e1 el escenario del esperado estreno de la obra \u00abSola no eres nadie\u00bb, una creaci\u00f3n de Natalia Villamil. Con la actuaci\u00f3n de Chipy Romero y bajo la direcci\u00f3n de Jorge Naipauer, la obra propone una exploraci\u00f3n profunda y emotiva sobre la identidad de g\u00e9nero.<\/p>\n<p>\u00abSola no eres nadie\u00bb ofrece una perspectiva inusual y conmovedora sobre el proceso de redefinir la identidad.<\/p>\n<p>La protagonista, en su b\u00fasqueda por encajar en un nuevo mundo, inicia una despedida de su antigua yo, escondiendo en cada detalle aquella que fue. Este viaje, por momentos feroz, la lleva a enfrentar obst\u00e1culos que, en lugar de detenerla, la fortalecen en su camino hacia ser alguien.<\/p>\n<p>Las entradas anticipadas para esta obra est\u00e1n disponibles a $4000, mientras que el d\u00eda de la funci\u00f3n costar\u00e1n $5000. Los jubilados podr\u00e1n acceder a un precio especial de $3000.<\/p>\n<p>Esta es una oportunidad \u00fanica para presenciar una obra que promete dejar una marca en la temporada teatral de Mercedes.<\/p>\n","protected":false},"excerpt":{"rendered":"<p>\u25a0 Se estrenar\u00e1 el s\u00e1bado 16 de agosto a las 20.00. Se trata de una creaci\u00f3n de Natalia Villamil. Con la actuaci\u00f3n de Chipy Romero, bajo la direcci\u00f3n de Jorge Naipauer,<\/p>\n","protected":false},"author":16,"featured_media":141461,"comment_status":"closed","ping_status":"closed","sticky":false,"template":"","format":"standard","meta":{"footnotes":""},"categories":[4],"tags":[1698,1699,18632,480,1015],"class_list":["post-141460","post","type-post","status-publish","format-standard","has-post-thumbnail","hentry","category-cultura","tag-chipy-romero","tag-jorge-naipauer","tag-natalia-villamil","tag-teatro","tag-teatro-talia"],"yoast_head":"<!-- This site is optimized with the Yoast SEO plugin v27.5 - https:\/\/yoast.com\/product\/yoast-seo-wordpress\/ -->\n<title>Se viene el estreno teatral en el Tal\u00eda de &quot;Sola no eres nadie&quot;<\/title>\n<meta name=\"robots\" content=\"index, follow, max-snippet:-1, max-image-preview:large, max-video-preview:-1\" \/>\n<link rel=\"canonical\" href=\"https:\/\/noticiasmercedinas.com\/site\/2024\/08\/06\/se-viene-el-estreno-teatral-en-el-talia-de-sola-no-eres-nadie\/\" \/>\n<meta property=\"og:locale\" content=\"es_ES\" \/>\n<meta property=\"og:type\" content=\"article\" \/>\n<meta property=\"og:title\" content=\"Se viene el estreno teatral en el Tal\u00eda de &quot;Sola no eres nadie&quot;\" \/>\n<meta property=\"og:description\" content=\"\u25a0 Se estrenar\u00e1 el s\u00e1bado 16 de agosto a las 20.00. Se trata de una creaci\u00f3n de Natalia Villamil. Con la actuaci\u00f3n de Chipy Romero, bajo la direcci\u00f3n de Jorge Naipauer,\" \/>\n<meta property=\"og:url\" content=\"https:\/\/noticiasmercedinas.com\/site\/2024\/08\/06\/se-viene-el-estreno-teatral-en-el-talia-de-sola-no-eres-nadie\/\" \/>\n<meta property=\"og:site_name\" content=\"NOTICIASMERCEDINAS.COM\" \/>\n<meta property=\"article:publisher\" content=\"https:\/\/www.facebook.com\/noticiasmercedinas\/\" \/>\n<meta property=\"article:published_time\" content=\"2024-08-06T20:44:56+00:00\" \/>\n<meta property=\"og:image\" content=\"https:\/\/noticiasmercedinas.com\/site\/wp-content\/uploads\/2024\/08\/SOLA-e1722976971411.jpeg\" \/>\n\t<meta property=\"og:image:width\" content=\"678\" \/>\n\t<meta property=\"og:image:height\" content=\"428\" \/>\n\t<meta property=\"og:image:type\" content=\"image\/jpeg\" \/>\n<meta name=\"author\" content=\"NOTICIASMERCEDINAS.COM\" \/>\n<meta name=\"twitter:card\" content=\"summary_large_image\" \/>\n<meta name=\"twitter:creator\" content=\"@notmercedinas\" \/>\n<meta name=\"twitter:site\" content=\"@notmercedinas\" \/>\n<meta name=\"twitter:label1\" content=\"Escrito por\" \/>\n\t<meta name=\"twitter:data1\" content=\"NOTICIASMERCEDINAS.COM\" \/>\n\t<meta name=\"twitter:label2\" content=\"Tiempo de lectura\" \/>\n\t<meta name=\"twitter:data2\" content=\"1 minuto\" \/>\n<script type=\"application\/ld+json\" class=\"yoast-schema-graph\">{\"@context\":\"https:\\\/\\\/schema.org\",\"@graph\":[{\"@type\":\"Article\",\"@id\":\"https:\\\/\\\/noticiasmercedinas.com\\\/site\\\/2024\\\/08\\\/06\\\/se-viene-el-estreno-teatral-en-el-talia-de-sola-no-eres-nadie\\\/#article\",\"isPartOf\":{\"@id\":\"https:\\\/\\\/noticiasmercedinas.com\\\/site\\\/2024\\\/08\\\/06\\\/se-viene-el-estreno-teatral-en-el-talia-de-sola-no-eres-nadie\\\/\"},\"author\":{\"name\":\"NOTICIASMERCEDINAS.COM\",\"@id\":\"https:\\\/\\\/noticiasmercedinas.com\\\/site\\\/#\\\/schema\\\/person\\\/84b59c099c28ff2e8b77d4ceec5d8063\"},\"headline\":\"Se viene el estreno teatral en el Tal\u00eda de \u00abSola no eres nadie\u00bb\",\"datePublished\":\"2024-08-06T20:44:56+00:00\",\"mainEntityOfPage\":{\"@id\":\"https:\\\/\\\/noticiasmercedinas.com\\\/site\\\/2024\\\/08\\\/06\\\/se-viene-el-estreno-teatral-en-el-talia-de-sola-no-eres-nadie\\\/\"},\"wordCount\":197,\"publisher\":{\"@id\":\"https:\\\/\\\/noticiasmercedinas.com\\\/site\\\/#organization\"},\"image\":{\"@id\":\"https:\\\/\\\/noticiasmercedinas.com\\\/site\\\/2024\\\/08\\\/06\\\/se-viene-el-estreno-teatral-en-el-talia-de-sola-no-eres-nadie\\\/#primaryimage\"},\"thumbnailUrl\":\"https:\\\/\\\/noticiasmercedinas.com\\\/site\\\/wp-content\\\/uploads\\\/2024\\\/08\\\/SOLA-e1722976971411.jpeg\",\"keywords\":[\"chipy romero\",\"jorge naipauer\",\"Natalia Villamil\",\"teatro\",\"teatro talia\"],\"articleSection\":[\"Cultura\"],\"inLanguage\":\"es\"},{\"@type\":\"WebPage\",\"@id\":\"https:\\\/\\\/noticiasmercedinas.com\\\/site\\\/2024\\\/08\\\/06\\\/se-viene-el-estreno-teatral-en-el-talia-de-sola-no-eres-nadie\\\/\",\"url\":\"https:\\\/\\\/noticiasmercedinas.com\\\/site\\\/2024\\\/08\\\/06\\\/se-viene-el-estreno-teatral-en-el-talia-de-sola-no-eres-nadie\\\/\",\"name\":\"Se viene el estreno teatral en el Tal\u00eda de \\\"Sola no eres nadie\\\"\",\"isPartOf\":{\"@id\":\"https:\\\/\\\/noticiasmercedinas.com\\\/site\\\/#website\"},\"primaryImageOfPage\":{\"@id\":\"https:\\\/\\\/noticiasmercedinas.com\\\/site\\\/2024\\\/08\\\/06\\\/se-viene-el-estreno-teatral-en-el-talia-de-sola-no-eres-nadie\\\/#primaryimage\"},\"image\":{\"@id\":\"https:\\\/\\\/noticiasmercedinas.com\\\/site\\\/2024\\\/08\\\/06\\\/se-viene-el-estreno-teatral-en-el-talia-de-sola-no-eres-nadie\\\/#primaryimage\"},\"thumbnailUrl\":\"https:\\\/\\\/noticiasmercedinas.com\\\/site\\\/wp-content\\\/uploads\\\/2024\\\/08\\\/SOLA-e1722976971411.jpeg\",\"datePublished\":\"2024-08-06T20:44:56+00:00\",\"breadcrumb\":{\"@id\":\"https:\\\/\\\/noticiasmercedinas.com\\\/site\\\/2024\\\/08\\\/06\\\/se-viene-el-estreno-teatral-en-el-talia-de-sola-no-eres-nadie\\\/#breadcrumb\"},\"inLanguage\":\"es\",\"potentialAction\":[{\"@type\":\"ReadAction\",\"target\":[\"https:\\\/\\\/noticiasmercedinas.com\\\/site\\\/2024\\\/08\\\/06\\\/se-viene-el-estreno-teatral-en-el-talia-de-sola-no-eres-nadie\\\/\"]}]},{\"@type\":\"ImageObject\",\"inLanguage\":\"es\",\"@id\":\"https:\\\/\\\/noticiasmercedinas.com\\\/site\\\/2024\\\/08\\\/06\\\/se-viene-el-estreno-teatral-en-el-talia-de-sola-no-eres-nadie\\\/#primaryimage\",\"url\":\"https:\\\/\\\/noticiasmercedinas.com\\\/site\\\/wp-content\\\/uploads\\\/2024\\\/08\\\/SOLA-e1722976971411.jpeg\",\"contentUrl\":\"https:\\\/\\\/noticiasmercedinas.com\\\/site\\\/wp-content\\\/uploads\\\/2024\\\/08\\\/SOLA-e1722976971411.jpeg\",\"width\":678,\"height\":428},{\"@type\":\"BreadcrumbList\",\"@id\":\"https:\\\/\\\/noticiasmercedinas.com\\\/site\\\/2024\\\/08\\\/06\\\/se-viene-el-estreno-teatral-en-el-talia-de-sola-no-eres-nadie\\\/#breadcrumb\",\"itemListElement\":[{\"@type\":\"ListItem\",\"position\":1,\"name\":\"Portada\",\"item\":\"https:\\\/\\\/noticiasmercedinas.com\\\/site\\\/\"},{\"@type\":\"ListItem\",\"position\":2,\"name\":\"Se viene el estreno teatral en el Tal\u00eda de \u00abSola no eres nadie\u00bb\"}]},{\"@type\":\"WebSite\",\"@id\":\"https:\\\/\\\/noticiasmercedinas.com\\\/site\\\/#website\",\"url\":\"https:\\\/\\\/noticiasmercedinas.com\\\/site\\\/\",\"name\":\"NOTICIASMERCEDINAS.COM\",\"description\":\"Mercedes, Buenos Aires, Argentina\",\"publisher\":{\"@id\":\"https:\\\/\\\/noticiasmercedinas.com\\\/site\\\/#organization\"},\"potentialAction\":[{\"@type\":\"SearchAction\",\"target\":{\"@type\":\"EntryPoint\",\"urlTemplate\":\"https:\\\/\\\/noticiasmercedinas.com\\\/site\\\/?s={search_term_string}\"},\"query-input\":{\"@type\":\"PropertyValueSpecification\",\"valueRequired\":true,\"valueName\":\"search_term_string\"}}],\"inLanguage\":\"es\"},{\"@type\":\"Organization\",\"@id\":\"https:\\\/\\\/noticiasmercedinas.com\\\/site\\\/#organization\",\"name\":\"NOTICIASMERCEDINAS.COM\",\"url\":\"https:\\\/\\\/noticiasmercedinas.com\\\/site\\\/\",\"logo\":{\"@type\":\"ImageObject\",\"inLanguage\":\"es\",\"@id\":\"https:\\\/\\\/noticiasmercedinas.com\\\/site\\\/#\\\/schema\\\/logo\\\/image\\\/\",\"url\":\"https:\\\/\\\/noticiasmercedinas.com\\\/site\\\/wp-content\\\/uploads\\\/2020\\\/06\\\/LOGO-512.jpg\",\"contentUrl\":\"https:\\\/\\\/noticiasmercedinas.com\\\/site\\\/wp-content\\\/uploads\\\/2020\\\/06\\\/LOGO-512.jpg\",\"width\":512,\"height\":512,\"caption\":\"NOTICIASMERCEDINAS.COM\"},\"image\":{\"@id\":\"https:\\\/\\\/noticiasmercedinas.com\\\/site\\\/#\\\/schema\\\/logo\\\/image\\\/\"},\"sameAs\":[\"https:\\\/\\\/www.facebook.com\\\/noticiasmercedinas\\\/\",\"https:\\\/\\\/x.com\\\/notmercedinas\",\"https:\\\/\\\/www.instagram.com\\\/noticiasmercedinas\\\/\"]},{\"@type\":\"Person\",\"@id\":\"https:\\\/\\\/noticiasmercedinas.com\\\/site\\\/#\\\/schema\\\/person\\\/84b59c099c28ff2e8b77d4ceec5d8063\",\"name\":\"NOTICIASMERCEDINAS.COM\",\"image\":{\"@type\":\"ImageObject\",\"inLanguage\":\"es\",\"@id\":\"https:\\\/\\\/secure.gravatar.com\\\/avatar\\\/4dfbf16b4d17945bfb6341b2d19043457132fcf478a5ee04f42e959fd8f5df0a?s=96&d=mm&r=g\",\"url\":\"https:\\\/\\\/secure.gravatar.com\\\/avatar\\\/4dfbf16b4d17945bfb6341b2d19043457132fcf478a5ee04f42e959fd8f5df0a?s=96&d=mm&r=g\",\"contentUrl\":\"https:\\\/\\\/secure.gravatar.com\\\/avatar\\\/4dfbf16b4d17945bfb6341b2d19043457132fcf478a5ee04f42e959fd8f5df0a?s=96&d=mm&r=g\",\"caption\":\"NOTICIASMERCEDINAS.COM\"},\"url\":\"https:\\\/\\\/noticiasmercedinas.com\\\/site\\\/author\\\/anonimo\\\/\"}]}<\/script>\n<!-- \/ Yoast SEO plugin. -->","yoast_head_json":{"title":"Se viene el estreno teatral en el Tal\u00eda de \"Sola no eres nadie\"","robots":{"index":"index","follow":"follow","max-snippet":"max-snippet:-1","max-image-preview":"max-image-preview:large","max-video-preview":"max-video-preview:-1"},"canonical":"https:\/\/noticiasmercedinas.com\/site\/2024\/08\/06\/se-viene-el-estreno-teatral-en-el-talia-de-sola-no-eres-nadie\/","og_locale":"es_ES","og_type":"article","og_title":"Se viene el estreno teatral en el Tal\u00eda de \"Sola no eres nadie\"","og_description":"\u25a0 Se estrenar\u00e1 el s\u00e1bado 16 de agosto a las 20.00. Se trata de una creaci\u00f3n de Natalia Villamil. Con la actuaci\u00f3n de Chipy Romero, bajo la direcci\u00f3n de Jorge Naipauer,","og_url":"https:\/\/noticiasmercedinas.com\/site\/2024\/08\/06\/se-viene-el-estreno-teatral-en-el-talia-de-sola-no-eres-nadie\/","og_site_name":"NOTICIASMERCEDINAS.COM","article_publisher":"https:\/\/www.facebook.com\/noticiasmercedinas\/","article_published_time":"2024-08-06T20:44:56+00:00","og_image":[{"width":678,"height":428,"url":"https:\/\/noticiasmercedinas.com\/site\/wp-content\/uploads\/2024\/08\/SOLA-e1722976971411.jpeg","type":"image\/jpeg"}],"author":"NOTICIASMERCEDINAS.COM","twitter_card":"summary_large_image","twitter_creator":"@notmercedinas","twitter_site":"@notmercedinas","twitter_misc":{"Escrito por":"NOTICIASMERCEDINAS.COM","Tiempo de lectura":"1 minuto"},"schema":{"@context":"https:\/\/schema.org","@graph":[{"@type":"Article","@id":"https:\/\/noticiasmercedinas.com\/site\/2024\/08\/06\/se-viene-el-estreno-teatral-en-el-talia-de-sola-no-eres-nadie\/#article","isPartOf":{"@id":"https:\/\/noticiasmercedinas.com\/site\/2024\/08\/06\/se-viene-el-estreno-teatral-en-el-talia-de-sola-no-eres-nadie\/"},"author":{"name":"NOTICIASMERCEDINAS.COM","@id":"https:\/\/noticiasmercedinas.com\/site\/#\/schema\/person\/84b59c099c28ff2e8b77d4ceec5d8063"},"headline":"Se viene el estreno teatral en el Tal\u00eda de \u00abSola no eres nadie\u00bb","datePublished":"2024-08-06T20:44:56+00:00","mainEntityOfPage":{"@id":"https:\/\/noticiasmercedinas.com\/site\/2024\/08\/06\/se-viene-el-estreno-teatral-en-el-talia-de-sola-no-eres-nadie\/"},"wordCount":197,"publisher":{"@id":"https:\/\/noticiasmercedinas.com\/site\/#organization"},"image":{"@id":"https:\/\/noticiasmercedinas.com\/site\/2024\/08\/06\/se-viene-el-estreno-teatral-en-el-talia-de-sola-no-eres-nadie\/#primaryimage"},"thumbnailUrl":"https:\/\/noticiasmercedinas.com\/site\/wp-content\/uploads\/2024\/08\/SOLA-e1722976971411.jpeg","keywords":["chipy romero","jorge naipauer","Natalia Villamil","teatro","teatro talia"],"articleSection":["Cultura"],"inLanguage":"es"},{"@type":"WebPage","@id":"https:\/\/noticiasmercedinas.com\/site\/2024\/08\/06\/se-viene-el-estreno-teatral-en-el-talia-de-sola-no-eres-nadie\/","url":"https:\/\/noticiasmercedinas.com\/site\/2024\/08\/06\/se-viene-el-estreno-teatral-en-el-talia-de-sola-no-eres-nadie\/","name":"Se viene el estreno teatral en el Tal\u00eda de \"Sola no eres nadie\"","isPartOf":{"@id":"https:\/\/noticiasmercedinas.com\/site\/#website"},"primaryImageOfPage":{"@id":"https:\/\/noticiasmercedinas.com\/site\/2024\/08\/06\/se-viene-el-estreno-teatral-en-el-talia-de-sola-no-eres-nadie\/#primaryimage"},"image":{"@id":"https:\/\/noticiasmercedinas.com\/site\/2024\/08\/06\/se-viene-el-estreno-teatral-en-el-talia-de-sola-no-eres-nadie\/#primaryimage"},"thumbnailUrl":"https:\/\/noticiasmercedinas.com\/site\/wp-content\/uploads\/2024\/08\/SOLA-e1722976971411.jpeg","datePublished":"2024-08-06T20:44:56+00:00","breadcrumb":{"@id":"https:\/\/noticiasmercedinas.com\/site\/2024\/08\/06\/se-viene-el-estreno-teatral-en-el-talia-de-sola-no-eres-nadie\/#breadcrumb"},"inLanguage":"es","potentialAction":[{"@type":"ReadAction","target":["https:\/\/noticiasmercedinas.com\/site\/2024\/08\/06\/se-viene-el-estreno-teatral-en-el-talia-de-sola-no-eres-nadie\/"]}]},{"@type":"ImageObject","inLanguage":"es","@id":"https:\/\/noticiasmercedinas.com\/site\/2024\/08\/06\/se-viene-el-estreno-teatral-en-el-talia-de-sola-no-eres-nadie\/#primaryimage","url":"https:\/\/noticiasmercedinas.com\/site\/wp-content\/uploads\/2024\/08\/SOLA-e1722976971411.jpeg","contentUrl":"https:\/\/noticiasmercedinas.com\/site\/wp-content\/uploads\/2024\/08\/SOLA-e1722976971411.jpeg","width":678,"height":428},{"@type":"BreadcrumbList","@id":"https:\/\/noticiasmercedinas.com\/site\/2024\/08\/06\/se-viene-el-estreno-teatral-en-el-talia-de-sola-no-eres-nadie\/#breadcrumb","itemListElement":[{"@type":"ListItem","position":1,"name":"Portada","item":"https:\/\/noticiasmercedinas.com\/site\/"},{"@type":"ListItem","position":2,"name":"Se viene el estreno teatral en el Tal\u00eda de \u00abSola no eres nadie\u00bb"}]},{"@type":"WebSite","@id":"https:\/\/noticiasmercedinas.com\/site\/#website","url":"https:\/\/noticiasmercedinas.com\/site\/","name":"NOTICIASMERCEDINAS.COM","description":"Mercedes, Buenos Aires, Argentina","publisher":{"@id":"https:\/\/noticiasmercedinas.com\/site\/#organization"},"potentialAction":[{"@type":"SearchAction","target":{"@type":"EntryPoint","urlTemplate":"https:\/\/noticiasmercedinas.com\/site\/?s={search_term_string}"},"query-input":{"@type":"PropertyValueSpecification","valueRequired":true,"valueName":"search_term_string"}}],"inLanguage":"es"},{"@type":"Organization","@id":"https:\/\/noticiasmercedinas.com\/site\/#organization","name":"NOTICIASMERCEDINAS.COM","url":"https:\/\/noticiasmercedinas.com\/site\/","logo":{"@type":"ImageObject","inLanguage":"es","@id":"https:\/\/noticiasmercedinas.com\/site\/#\/schema\/logo\/image\/","url":"https:\/\/noticiasmercedinas.com\/site\/wp-content\/uploads\/2020\/06\/LOGO-512.jpg","contentUrl":"https:\/\/noticiasmercedinas.com\/site\/wp-content\/uploads\/2020\/06\/LOGO-512.jpg","width":512,"height":512,"caption":"NOTICIASMERCEDINAS.COM"},"image":{"@id":"https:\/\/noticiasmercedinas.com\/site\/#\/schema\/logo\/image\/"},"sameAs":["https:\/\/www.facebook.com\/noticiasmercedinas\/","https:\/\/x.com\/notmercedinas","https:\/\/www.instagram.com\/noticiasmercedinas\/"]},{"@type":"Person","@id":"https:\/\/noticiasmercedinas.com\/site\/#\/schema\/person\/84b59c099c28ff2e8b77d4ceec5d8063","name":"NOTICIASMERCEDINAS.COM","image":{"@type":"ImageObject","inLanguage":"es","@id":"https:\/\/secure.gravatar.com\/avatar\/4dfbf16b4d17945bfb6341b2d19043457132fcf478a5ee04f42e959fd8f5df0a?s=96&d=mm&r=g","url":"https:\/\/secure.gravatar.com\/avatar\/4dfbf16b4d17945bfb6341b2d19043457132fcf478a5ee04f42e959fd8f5df0a?s=96&d=mm&r=g","contentUrl":"https:\/\/secure.gravatar.com\/avatar\/4dfbf16b4d17945bfb6341b2d19043457132fcf478a5ee04f42e959fd8f5df0a?s=96&d=mm&r=g","caption":"NOTICIASMERCEDINAS.COM"},"url":"https:\/\/noticiasmercedinas.com\/site\/author\/anonimo\/"}]}},"amp_enabled":true,"_links":{"self":[{"href":"https:\/\/noticiasmercedinas.com\/site\/wp-json\/wp\/v2\/posts\/141460","targetHints":{"allow":["GET"]}}],"collection":[{"href":"https:\/\/noticiasmercedinas.com\/site\/wp-json\/wp\/v2\/posts"}],"about":[{"href":"https:\/\/noticiasmercedinas.com\/site\/wp-json\/wp\/v2\/types\/post"}],"author":[{"embeddable":true,"href":"https:\/\/noticiasmercedinas.com\/site\/wp-json\/wp\/v2\/users\/16"}],"replies":[{"embeddable":true,"href":"https:\/\/noticiasmercedinas.com\/site\/wp-json\/wp\/v2\/comments?post=141460"}],"version-history":[{"count":1,"href":"https:\/\/noticiasmercedinas.com\/site\/wp-json\/wp\/v2\/posts\/141460\/revisions"}],"predecessor-version":[{"id":141462,"href":"https:\/\/noticiasmercedinas.com\/site\/wp-json\/wp\/v2\/posts\/141460\/revisions\/141462"}],"wp:featuredmedia":[{"embeddable":true,"href":"https:\/\/noticiasmercedinas.com\/site\/wp-json\/wp\/v2\/media\/141461"}],"wp:attachment":[{"href":"https:\/\/noticiasmercedinas.com\/site\/wp-json\/wp\/v2\/media?parent=141460"}],"wp:term":[{"taxonomy":"category","embeddable":true,"href":"https:\/\/noticiasmercedinas.com\/site\/wp-json\/wp\/v2\/categories?post=141460"},{"taxonomy":"post_tag","embeddable":true,"href":"https:\/\/noticiasmercedinas.com\/site\/wp-json\/wp\/v2\/tags?post=141460"}],"curies":[{"name":"wp","href":"https:\/\/api.w.org\/{rel}","templated":true}]}}