{"id":14148,"date":"2019-03-15T08:22:21","date_gmt":"2019-03-15T11:22:21","guid":{"rendered":"https:\/\/noticiasmercedinas.com\/site\/?p=14148"},"modified":"2019-03-15T09:59:33","modified_gmt":"2019-03-15T12:59:33","slug":"realizan-toma-de-juntas-en-el-marco-del-pan-de-bacheo-y-pavimentacion","status":"publish","type":"post","link":"https:\/\/noticiasmercedinas.com\/site\/2019\/03\/15\/realizan-toma-de-juntas-en-el-marco-del-pan-de-bacheo-y-pavimentacion\/","title":{"rendered":"Realizan toma de juntas, en el marco del plan de bacheo y pavimentaci\u00f3n"},"content":{"rendered":"<p><img loading=\"lazy\" decoding=\"async\" class=\"alignnone size-full wp-image-14150\" src=\"https:\/\/noticiasmercedinas.com\/site\/wp-content\/uploads\/2019\/03\/MVI_4789.MOV.00_00_01_43.Imagen-fija001.jpg\" alt=\"\" width=\"896\" height=\"595\" srcset=\"https:\/\/noticiasmercedinas.com\/site\/wp-content\/uploads\/2019\/03\/MVI_4789.MOV.00_00_01_43.Imagen-fija001.jpg 896w, https:\/\/noticiasmercedinas.com\/site\/wp-content\/uploads\/2019\/03\/MVI_4789.MOV.00_00_01_43.Imagen-fija001-300x199.jpg 300w, https:\/\/noticiasmercedinas.com\/site\/wp-content\/uploads\/2019\/03\/MVI_4789.MOV.00_00_01_43.Imagen-fija001-768x510.jpg 768w, https:\/\/noticiasmercedinas.com\/site\/wp-content\/uploads\/2019\/03\/MVI_4789.MOV.00_00_01_43.Imagen-fija001-640x425.jpg 640w, https:\/\/noticiasmercedinas.com\/site\/wp-content\/uploads\/2019\/03\/MVI_4789.MOV.00_00_01_43.Imagen-fija001-681x452.jpg 681w\" sizes=\"auto, (max-width: 896px) 100vw, 896px\" \/><\/p>\n<p style=\"font-weight: 400;\">El plan de bacheo y repavimentaci\u00f3n contin\u00faa en toda la ciudad. A la inversi\u00f3n que est\u00e1 realizando el Municipio se suman los trabajos de toma de junta, causal en muchos casos del deterioro de la cinta asf\u00e1ltica. En algunas zonas ya se ha finalizado, en otras se contin\u00faa en avenidas y arterias de barrio. Se recomienda circular con precauci\u00f3n.<\/p>\n<p style=\"font-weight: 400;\">\u201cA estos trabajos los vamos a extender y desplegar por toda la ciudad, entendiendo que es una necesidad para Mercedes\u201d, apunt\u00f3 el jefe comunal Juan Ignacio Ustarroz, presente en el lugar de las obras.<\/p>\n<p style=\"font-weight: 400;\">Asimismo, durante la recorrida, el intendente expres\u00f3 que \u201cel objetivo central es el mejoramiento de los caminos\u00bb: \u00abPor un lado, estamos con el plan de pavimento en hormig\u00f3n, sumado al bacheo integral en la ciudad, el mejoramiento de cordones, el entoscado y colocaci\u00f3n de piedras en los diferentes barrios y con este programa que era una necesidad para extender la vida \u00fatil del asfalto\u201d, dijo.<\/p>\n<p style=\"font-weight: 400;\">\u201cLa idea es poder mejorar el pavimento existente en la ciudad\u201d, argument\u00f3\u00a0 Ustarroz y se\u00f1al\u00f3 que \u201cuna econom\u00eda saneada te permite, con fondos municipales, llevar adelante todo un plan de obra sin precedente, que incluyen, adem\u00e1s de esta obra, un plan de bacheo integral important\u00edsimo y la repavimentaci\u00f3n de nuestra avenida 2\u201d.<\/p>\n<p style=\"font-weight: 400;\">El jefe de Gabinete, Mat\u00edas Dematei, que tambi\u00e9n se hizo presente coment\u00f3 que \u201ces una decisi\u00f3n que se ha tomado, de dar soluci\u00f3n a la problem\u00e1tica de los baches en la ciudad\u201d y especific\u00f3 que \u201cen muchos casos el desmejoramiento del asfalto se produce por las rajaduras que existen, lo que permite se filtre agua\u201d.<\/p>\n<p style=\"font-weight: 400;\">Es por ello que desde hace varios d\u00edas se ven trabajos con cuadrillas en distintos puntos de la ciudad.<\/p>\n","protected":false},"excerpt":{"rendered":"<p>El plan de bacheo y repavimentaci\u00f3n contin\u00faa en toda la ciudad. A la inversi\u00f3n que est\u00e1 realizando el Municipio se suman los trabajos de toma de junta, causal en muchos casos del deterioro de la cinta asf\u00e1ltica. En algunas zonas ya se ha finalizado, en otras se contin\u00faa en avenidas y arterias de barrio. Se [&hellip;]<\/p>\n","protected":false},"author":2,"featured_media":14150,"comment_status":"open","ping_status":"open","sticky":false,"template":"","format":"standard","meta":{"footnotes":""},"categories":[3],"tags":[211,516,266,515,23,36],"class_list":["post-14148","post","type-post","status-publish","format-standard","has-post-thumbnail","hentry","category-sociedad","tag-asfalto","tag-bacheo","tag-juan-ignacio-ustarroz","tag-matias-dematei","tag-mercedes","tag-obras"],"yoast_head":"<!-- This site is optimized with the Yoast SEO plugin v27.4 - https:\/\/yoast.com\/product\/yoast-seo-wordpress\/ -->\n<title>Realizan toma de juntas, en el marco del plan de bacheo y pavimentaci\u00f3n<\/title>\n<meta name=\"robots\" content=\"index, follow, max-snippet:-1, max-image-preview:large, max-video-preview:-1\" \/>\n<link rel=\"canonical\" href=\"https:\/\/noticiasmercedinas.com\/site\/2019\/03\/15\/realizan-toma-de-juntas-en-el-marco-del-pan-de-bacheo-y-pavimentacion\/\" \/>\n<meta property=\"og:locale\" content=\"es_ES\" \/>\n<meta property=\"og:type\" content=\"article\" \/>\n<meta property=\"og:title\" content=\"Realizan toma de juntas, en el marco del plan de bacheo y pavimentaci\u00f3n\" \/>\n<meta property=\"og:description\" content=\"El plan de bacheo y repavimentaci\u00f3n contin\u00faa en toda la ciudad. A la inversi\u00f3n que est\u00e1 realizando el Municipio se suman los trabajos de toma de junta, causal en muchos casos del deterioro de la cinta asf\u00e1ltica. En algunas zonas ya se ha finalizado, en otras se contin\u00faa en avenidas y arterias de barrio. Se [&hellip;]\" \/>\n<meta property=\"og:url\" content=\"https:\/\/noticiasmercedinas.com\/site\/2019\/03\/15\/realizan-toma-de-juntas-en-el-marco-del-pan-de-bacheo-y-pavimentacion\/\" \/>\n<meta property=\"og:site_name\" content=\"NOTICIASMERCEDINAS.COM\" \/>\n<meta property=\"article:publisher\" content=\"https:\/\/www.facebook.com\/noticiasmercedinas\/\" \/>\n<meta property=\"article:author\" content=\"https:\/\/www.facebook.com\/cristian.falabella\" \/>\n<meta property=\"article:published_time\" content=\"2019-03-15T11:22:21+00:00\" \/>\n<meta property=\"article:modified_time\" content=\"2019-03-15T12:59:33+00:00\" \/>\n<meta property=\"og:image\" content=\"https:\/\/noticiasmercedinas.com\/site\/wp-content\/uploads\/2019\/03\/MVI_4789.MOV.00_00_01_43.Imagen-fija001.jpg\" \/>\n\t<meta property=\"og:image:width\" content=\"896\" \/>\n\t<meta property=\"og:image:height\" content=\"595\" \/>\n\t<meta property=\"og:image:type\" content=\"image\/jpeg\" \/>\n<meta name=\"author\" content=\"Cristian Falabella NOTICIASMERCEDINAS.COM\" \/>\n<meta name=\"twitter:card\" content=\"summary_large_image\" \/>\n<meta name=\"twitter:creator\" content=\"@https:\/\/twitter.com\/NOTMERCEDINAS\" \/>\n<meta name=\"twitter:site\" content=\"@notmercedinas\" \/>\n<meta name=\"twitter:label1\" content=\"Escrito por\" \/>\n\t<meta name=\"twitter:data1\" content=\"Cristian Falabella NOTICIASMERCEDINAS.COM\" \/>\n\t<meta name=\"twitter:label2\" content=\"Tiempo de lectura\" \/>\n\t<meta name=\"twitter:data2\" content=\"2 minutos\" \/>\n<script type=\"application\/ld+json\" class=\"yoast-schema-graph\">{\"@context\":\"https:\\\/\\\/schema.org\",\"@graph\":[{\"@type\":\"Article\",\"@id\":\"https:\\\/\\\/noticiasmercedinas.com\\\/site\\\/2019\\\/03\\\/15\\\/realizan-toma-de-juntas-en-el-marco-del-pan-de-bacheo-y-pavimentacion\\\/#article\",\"isPartOf\":{\"@id\":\"https:\\\/\\\/noticiasmercedinas.com\\\/site\\\/2019\\\/03\\\/15\\\/realizan-toma-de-juntas-en-el-marco-del-pan-de-bacheo-y-pavimentacion\\\/\"},\"author\":{\"name\":\"Cristian Falabella NOTICIASMERCEDINAS.COM\",\"@id\":\"https:\\\/\\\/noticiasmercedinas.com\\\/site\\\/#\\\/schema\\\/person\\\/d481a9696a5feaec13a60e2bbd991a6a\"},\"headline\":\"Realizan toma de juntas, en el marco del plan de bacheo y pavimentaci\u00f3n\",\"datePublished\":\"2019-03-15T11:22:21+00:00\",\"dateModified\":\"2019-03-15T12:59:33+00:00\",\"mainEntityOfPage\":{\"@id\":\"https:\\\/\\\/noticiasmercedinas.com\\\/site\\\/2019\\\/03\\\/15\\\/realizan-toma-de-juntas-en-el-marco-del-pan-de-bacheo-y-pavimentacion\\\/\"},\"wordCount\":316,\"commentCount\":0,\"publisher\":{\"@id\":\"https:\\\/\\\/noticiasmercedinas.com\\\/site\\\/#organization\"},\"image\":{\"@id\":\"https:\\\/\\\/noticiasmercedinas.com\\\/site\\\/2019\\\/03\\\/15\\\/realizan-toma-de-juntas-en-el-marco-del-pan-de-bacheo-y-pavimentacion\\\/#primaryimage\"},\"thumbnailUrl\":\"https:\\\/\\\/noticiasmercedinas.com\\\/site\\\/wp-content\\\/uploads\\\/2019\\\/03\\\/MVI_4789.MOV.00_00_01_43.Imagen-fija001.jpg\",\"keywords\":[\"asfalto\",\"bacheo\",\"juan ignacio ustarroz\",\"matias dematei\",\"mercedes\",\"obras\"],\"articleSection\":[\"Sociedad\"],\"inLanguage\":\"es\",\"potentialAction\":[{\"@type\":\"CommentAction\",\"name\":\"Comment\",\"target\":[\"https:\\\/\\\/noticiasmercedinas.com\\\/site\\\/2019\\\/03\\\/15\\\/realizan-toma-de-juntas-en-el-marco-del-pan-de-bacheo-y-pavimentacion\\\/#respond\"]}]},{\"@type\":\"WebPage\",\"@id\":\"https:\\\/\\\/noticiasmercedinas.com\\\/site\\\/2019\\\/03\\\/15\\\/realizan-toma-de-juntas-en-el-marco-del-pan-de-bacheo-y-pavimentacion\\\/\",\"url\":\"https:\\\/\\\/noticiasmercedinas.com\\\/site\\\/2019\\\/03\\\/15\\\/realizan-toma-de-juntas-en-el-marco-del-pan-de-bacheo-y-pavimentacion\\\/\",\"name\":\"Realizan toma de juntas, en el marco del plan de bacheo y pavimentaci\u00f3n\",\"isPartOf\":{\"@id\":\"https:\\\/\\\/noticiasmercedinas.com\\\/site\\\/#website\"},\"primaryImageOfPage\":{\"@id\":\"https:\\\/\\\/noticiasmercedinas.com\\\/site\\\/2019\\\/03\\\/15\\\/realizan-toma-de-juntas-en-el-marco-del-pan-de-bacheo-y-pavimentacion\\\/#primaryimage\"},\"image\":{\"@id\":\"https:\\\/\\\/noticiasmercedinas.com\\\/site\\\/2019\\\/03\\\/15\\\/realizan-toma-de-juntas-en-el-marco-del-pan-de-bacheo-y-pavimentacion\\\/#primaryimage\"},\"thumbnailUrl\":\"https:\\\/\\\/noticiasmercedinas.com\\\/site\\\/wp-content\\\/uploads\\\/2019\\\/03\\\/MVI_4789.MOV.00_00_01_43.Imagen-fija001.jpg\",\"datePublished\":\"2019-03-15T11:22:21+00:00\",\"dateModified\":\"2019-03-15T12:59:33+00:00\",\"breadcrumb\":{\"@id\":\"https:\\\/\\\/noticiasmercedinas.com\\\/site\\\/2019\\\/03\\\/15\\\/realizan-toma-de-juntas-en-el-marco-del-pan-de-bacheo-y-pavimentacion\\\/#breadcrumb\"},\"inLanguage\":\"es\",\"potentialAction\":[{\"@type\":\"ReadAction\",\"target\":[\"https:\\\/\\\/noticiasmercedinas.com\\\/site\\\/2019\\\/03\\\/15\\\/realizan-toma-de-juntas-en-el-marco-del-pan-de-bacheo-y-pavimentacion\\\/\"]}]},{\"@type\":\"ImageObject\",\"inLanguage\":\"es\",\"@id\":\"https:\\\/\\\/noticiasmercedinas.com\\\/site\\\/2019\\\/03\\\/15\\\/realizan-toma-de-juntas-en-el-marco-del-pan-de-bacheo-y-pavimentacion\\\/#primaryimage\",\"url\":\"https:\\\/\\\/noticiasmercedinas.com\\\/site\\\/wp-content\\\/uploads\\\/2019\\\/03\\\/MVI_4789.MOV.00_00_01_43.Imagen-fija001.jpg\",\"contentUrl\":\"https:\\\/\\\/noticiasmercedinas.com\\\/site\\\/wp-content\\\/uploads\\\/2019\\\/03\\\/MVI_4789.MOV.00_00_01_43.Imagen-fija001.jpg\",\"width\":896,\"height\":595},{\"@type\":\"BreadcrumbList\",\"@id\":\"https:\\\/\\\/noticiasmercedinas.com\\\/site\\\/2019\\\/03\\\/15\\\/realizan-toma-de-juntas-en-el-marco-del-pan-de-bacheo-y-pavimentacion\\\/#breadcrumb\",\"itemListElement\":[{\"@type\":\"ListItem\",\"position\":1,\"name\":\"Portada\",\"item\":\"https:\\\/\\\/noticiasmercedinas.com\\\/site\\\/\"},{\"@type\":\"ListItem\",\"position\":2,\"name\":\"Realizan toma de juntas, en el marco del plan de bacheo y pavimentaci\u00f3n\"}]},{\"@type\":\"WebSite\",\"@id\":\"https:\\\/\\\/noticiasmercedinas.com\\\/site\\\/#website\",\"url\":\"https:\\\/\\\/noticiasmercedinas.com\\\/site\\\/\",\"name\":\"NOTICIASMERCEDINAS.COM\",\"description\":\"Mercedes, Buenos Aires, Argentina\",\"publisher\":{\"@id\":\"https:\\\/\\\/noticiasmercedinas.com\\\/site\\\/#organization\"},\"potentialAction\":[{\"@type\":\"SearchAction\",\"target\":{\"@type\":\"EntryPoint\",\"urlTemplate\":\"https:\\\/\\\/noticiasmercedinas.com\\\/site\\\/?s={search_term_string}\"},\"query-input\":{\"@type\":\"PropertyValueSpecification\",\"valueRequired\":true,\"valueName\":\"search_term_string\"}}],\"inLanguage\":\"es\"},{\"@type\":\"Organization\",\"@id\":\"https:\\\/\\\/noticiasmercedinas.com\\\/site\\\/#organization\",\"name\":\"NOTICIASMERCEDINAS.COM\",\"url\":\"https:\\\/\\\/noticiasmercedinas.com\\\/site\\\/\",\"logo\":{\"@type\":\"ImageObject\",\"inLanguage\":\"es\",\"@id\":\"https:\\\/\\\/noticiasmercedinas.com\\\/site\\\/#\\\/schema\\\/logo\\\/image\\\/\",\"url\":\"https:\\\/\\\/noticiasmercedinas.com\\\/site\\\/wp-content\\\/uploads\\\/2020\\\/06\\\/LOGO-512.jpg\",\"contentUrl\":\"https:\\\/\\\/noticiasmercedinas.com\\\/site\\\/wp-content\\\/uploads\\\/2020\\\/06\\\/LOGO-512.jpg\",\"width\":512,\"height\":512,\"caption\":\"NOTICIASMERCEDINAS.COM\"},\"image\":{\"@id\":\"https:\\\/\\\/noticiasmercedinas.com\\\/site\\\/#\\\/schema\\\/logo\\\/image\\\/\"},\"sameAs\":[\"https:\\\/\\\/www.facebook.com\\\/noticiasmercedinas\\\/\",\"https:\\\/\\\/x.com\\\/notmercedinas\",\"https:\\\/\\\/www.instagram.com\\\/noticiasmercedinas\\\/\"]},{\"@type\":\"Person\",\"@id\":\"https:\\\/\\\/noticiasmercedinas.com\\\/site\\\/#\\\/schema\\\/person\\\/d481a9696a5feaec13a60e2bbd991a6a\",\"name\":\"Cristian Falabella NOTICIASMERCEDINAS.COM\",\"image\":{\"@type\":\"ImageObject\",\"inLanguage\":\"es\",\"@id\":\"https:\\\/\\\/secure.gravatar.com\\\/avatar\\\/0dbbfc45970cc46bcd0e57766228574ff3511d6eed045b182f536f0f478c1f06?s=96&d=mm&r=g\",\"url\":\"https:\\\/\\\/secure.gravatar.com\\\/avatar\\\/0dbbfc45970cc46bcd0e57766228574ff3511d6eed045b182f536f0f478c1f06?s=96&d=mm&r=g\",\"contentUrl\":\"https:\\\/\\\/secure.gravatar.com\\\/avatar\\\/0dbbfc45970cc46bcd0e57766228574ff3511d6eed045b182f536f0f478c1f06?s=96&d=mm&r=g\",\"caption\":\"Cristian Falabella NOTICIASMERCEDINAS.COM\"},\"description\":\"Periodista, editor de Noticias Mercedinas. Pas\u00f3 por varias redacciones y emprendimientos de prensa, en distintos formatos y \u00e9pocas. Se especializ\u00f3 --y sigue haci\u00e9ndolo-- en comunicaci\u00f3n en la web y en junio de 2006 fund\u00f3 este diario digital.\",\"sameAs\":[\"https:\\\/\\\/noticiasmercedinas.com\",\"https:\\\/\\\/www.facebook.com\\\/cristian.falabella\",\"https:\\\/\\\/www.instagram.com\\\/noticiasmercedinas\\\/\",\"https:\\\/\\\/x.com\\\/https:\\\/\\\/twitter.com\\\/NOTMERCEDINAS\"],\"url\":\"https:\\\/\\\/noticiasmercedinas.com\\\/site\\\/author\\\/as000384\\\/\"}]}<\/script>\n<!-- \/ Yoast SEO plugin. -->","yoast_head_json":{"title":"Realizan toma de juntas, en el marco del plan de bacheo y pavimentaci\u00f3n","robots":{"index":"index","follow":"follow","max-snippet":"max-snippet:-1","max-image-preview":"max-image-preview:large","max-video-preview":"max-video-preview:-1"},"canonical":"https:\/\/noticiasmercedinas.com\/site\/2019\/03\/15\/realizan-toma-de-juntas-en-el-marco-del-pan-de-bacheo-y-pavimentacion\/","og_locale":"es_ES","og_type":"article","og_title":"Realizan toma de juntas, en el marco del plan de bacheo y pavimentaci\u00f3n","og_description":"El plan de bacheo y repavimentaci\u00f3n contin\u00faa en toda la ciudad. A la inversi\u00f3n que est\u00e1 realizando el Municipio se suman los trabajos de toma de junta, causal en muchos casos del deterioro de la cinta asf\u00e1ltica. En algunas zonas ya se ha finalizado, en otras se contin\u00faa en avenidas y arterias de barrio. Se [&hellip;]","og_url":"https:\/\/noticiasmercedinas.com\/site\/2019\/03\/15\/realizan-toma-de-juntas-en-el-marco-del-pan-de-bacheo-y-pavimentacion\/","og_site_name":"NOTICIASMERCEDINAS.COM","article_publisher":"https:\/\/www.facebook.com\/noticiasmercedinas\/","article_author":"https:\/\/www.facebook.com\/cristian.falabella","article_published_time":"2019-03-15T11:22:21+00:00","article_modified_time":"2019-03-15T12:59:33+00:00","og_image":[{"width":896,"height":595,"url":"https:\/\/noticiasmercedinas.com\/site\/wp-content\/uploads\/2019\/03\/MVI_4789.MOV.00_00_01_43.Imagen-fija001.jpg","type":"image\/jpeg"}],"author":"Cristian Falabella NOTICIASMERCEDINAS.COM","twitter_card":"summary_large_image","twitter_creator":"@https:\/\/twitter.com\/NOTMERCEDINAS","twitter_site":"@notmercedinas","twitter_misc":{"Escrito por":"Cristian Falabella NOTICIASMERCEDINAS.COM","Tiempo de lectura":"2 minutos"},"schema":{"@context":"https:\/\/schema.org","@graph":[{"@type":"Article","@id":"https:\/\/noticiasmercedinas.com\/site\/2019\/03\/15\/realizan-toma-de-juntas-en-el-marco-del-pan-de-bacheo-y-pavimentacion\/#article","isPartOf":{"@id":"https:\/\/noticiasmercedinas.com\/site\/2019\/03\/15\/realizan-toma-de-juntas-en-el-marco-del-pan-de-bacheo-y-pavimentacion\/"},"author":{"name":"Cristian Falabella NOTICIASMERCEDINAS.COM","@id":"https:\/\/noticiasmercedinas.com\/site\/#\/schema\/person\/d481a9696a5feaec13a60e2bbd991a6a"},"headline":"Realizan toma de juntas, en el marco del plan de bacheo y pavimentaci\u00f3n","datePublished":"2019-03-15T11:22:21+00:00","dateModified":"2019-03-15T12:59:33+00:00","mainEntityOfPage":{"@id":"https:\/\/noticiasmercedinas.com\/site\/2019\/03\/15\/realizan-toma-de-juntas-en-el-marco-del-pan-de-bacheo-y-pavimentacion\/"},"wordCount":316,"commentCount":0,"publisher":{"@id":"https:\/\/noticiasmercedinas.com\/site\/#organization"},"image":{"@id":"https:\/\/noticiasmercedinas.com\/site\/2019\/03\/15\/realizan-toma-de-juntas-en-el-marco-del-pan-de-bacheo-y-pavimentacion\/#primaryimage"},"thumbnailUrl":"https:\/\/noticiasmercedinas.com\/site\/wp-content\/uploads\/2019\/03\/MVI_4789.MOV.00_00_01_43.Imagen-fija001.jpg","keywords":["asfalto","bacheo","juan ignacio ustarroz","matias dematei","mercedes","obras"],"articleSection":["Sociedad"],"inLanguage":"es","potentialAction":[{"@type":"CommentAction","name":"Comment","target":["https:\/\/noticiasmercedinas.com\/site\/2019\/03\/15\/realizan-toma-de-juntas-en-el-marco-del-pan-de-bacheo-y-pavimentacion\/#respond"]}]},{"@type":"WebPage","@id":"https:\/\/noticiasmercedinas.com\/site\/2019\/03\/15\/realizan-toma-de-juntas-en-el-marco-del-pan-de-bacheo-y-pavimentacion\/","url":"https:\/\/noticiasmercedinas.com\/site\/2019\/03\/15\/realizan-toma-de-juntas-en-el-marco-del-pan-de-bacheo-y-pavimentacion\/","name":"Realizan toma de juntas, en el marco del plan de bacheo y pavimentaci\u00f3n","isPartOf":{"@id":"https:\/\/noticiasmercedinas.com\/site\/#website"},"primaryImageOfPage":{"@id":"https:\/\/noticiasmercedinas.com\/site\/2019\/03\/15\/realizan-toma-de-juntas-en-el-marco-del-pan-de-bacheo-y-pavimentacion\/#primaryimage"},"image":{"@id":"https:\/\/noticiasmercedinas.com\/site\/2019\/03\/15\/realizan-toma-de-juntas-en-el-marco-del-pan-de-bacheo-y-pavimentacion\/#primaryimage"},"thumbnailUrl":"https:\/\/noticiasmercedinas.com\/site\/wp-content\/uploads\/2019\/03\/MVI_4789.MOV.00_00_01_43.Imagen-fija001.jpg","datePublished":"2019-03-15T11:22:21+00:00","dateModified":"2019-03-15T12:59:33+00:00","breadcrumb":{"@id":"https:\/\/noticiasmercedinas.com\/site\/2019\/03\/15\/realizan-toma-de-juntas-en-el-marco-del-pan-de-bacheo-y-pavimentacion\/#breadcrumb"},"inLanguage":"es","potentialAction":[{"@type":"ReadAction","target":["https:\/\/noticiasmercedinas.com\/site\/2019\/03\/15\/realizan-toma-de-juntas-en-el-marco-del-pan-de-bacheo-y-pavimentacion\/"]}]},{"@type":"ImageObject","inLanguage":"es","@id":"https:\/\/noticiasmercedinas.com\/site\/2019\/03\/15\/realizan-toma-de-juntas-en-el-marco-del-pan-de-bacheo-y-pavimentacion\/#primaryimage","url":"https:\/\/noticiasmercedinas.com\/site\/wp-content\/uploads\/2019\/03\/MVI_4789.MOV.00_00_01_43.Imagen-fija001.jpg","contentUrl":"https:\/\/noticiasmercedinas.com\/site\/wp-content\/uploads\/2019\/03\/MVI_4789.MOV.00_00_01_43.Imagen-fija001.jpg","width":896,"height":595},{"@type":"BreadcrumbList","@id":"https:\/\/noticiasmercedinas.com\/site\/2019\/03\/15\/realizan-toma-de-juntas-en-el-marco-del-pan-de-bacheo-y-pavimentacion\/#breadcrumb","itemListElement":[{"@type":"ListItem","position":1,"name":"Portada","item":"https:\/\/noticiasmercedinas.com\/site\/"},{"@type":"ListItem","position":2,"name":"Realizan toma de juntas, en el marco del plan de bacheo y pavimentaci\u00f3n"}]},{"@type":"WebSite","@id":"https:\/\/noticiasmercedinas.com\/site\/#website","url":"https:\/\/noticiasmercedinas.com\/site\/","name":"NOTICIASMERCEDINAS.COM","description":"Mercedes, Buenos Aires, Argentina","publisher":{"@id":"https:\/\/noticiasmercedinas.com\/site\/#organization"},"potentialAction":[{"@type":"SearchAction","target":{"@type":"EntryPoint","urlTemplate":"https:\/\/noticiasmercedinas.com\/site\/?s={search_term_string}"},"query-input":{"@type":"PropertyValueSpecification","valueRequired":true,"valueName":"search_term_string"}}],"inLanguage":"es"},{"@type":"Organization","@id":"https:\/\/noticiasmercedinas.com\/site\/#organization","name":"NOTICIASMERCEDINAS.COM","url":"https:\/\/noticiasmercedinas.com\/site\/","logo":{"@type":"ImageObject","inLanguage":"es","@id":"https:\/\/noticiasmercedinas.com\/site\/#\/schema\/logo\/image\/","url":"https:\/\/noticiasmercedinas.com\/site\/wp-content\/uploads\/2020\/06\/LOGO-512.jpg","contentUrl":"https:\/\/noticiasmercedinas.com\/site\/wp-content\/uploads\/2020\/06\/LOGO-512.jpg","width":512,"height":512,"caption":"NOTICIASMERCEDINAS.COM"},"image":{"@id":"https:\/\/noticiasmercedinas.com\/site\/#\/schema\/logo\/image\/"},"sameAs":["https:\/\/www.facebook.com\/noticiasmercedinas\/","https:\/\/x.com\/notmercedinas","https:\/\/www.instagram.com\/noticiasmercedinas\/"]},{"@type":"Person","@id":"https:\/\/noticiasmercedinas.com\/site\/#\/schema\/person\/d481a9696a5feaec13a60e2bbd991a6a","name":"Cristian Falabella NOTICIASMERCEDINAS.COM","image":{"@type":"ImageObject","inLanguage":"es","@id":"https:\/\/secure.gravatar.com\/avatar\/0dbbfc45970cc46bcd0e57766228574ff3511d6eed045b182f536f0f478c1f06?s=96&d=mm&r=g","url":"https:\/\/secure.gravatar.com\/avatar\/0dbbfc45970cc46bcd0e57766228574ff3511d6eed045b182f536f0f478c1f06?s=96&d=mm&r=g","contentUrl":"https:\/\/secure.gravatar.com\/avatar\/0dbbfc45970cc46bcd0e57766228574ff3511d6eed045b182f536f0f478c1f06?s=96&d=mm&r=g","caption":"Cristian Falabella NOTICIASMERCEDINAS.COM"},"description":"Periodista, editor de Noticias Mercedinas. Pas\u00f3 por varias redacciones y emprendimientos de prensa, en distintos formatos y \u00e9pocas. Se especializ\u00f3 --y sigue haci\u00e9ndolo-- en comunicaci\u00f3n en la web y en junio de 2006 fund\u00f3 este diario digital.","sameAs":["https:\/\/noticiasmercedinas.com","https:\/\/www.facebook.com\/cristian.falabella","https:\/\/www.instagram.com\/noticiasmercedinas\/","https:\/\/x.com\/https:\/\/twitter.com\/NOTMERCEDINAS"],"url":"https:\/\/noticiasmercedinas.com\/site\/author\/as000384\/"}]}},"amp_enabled":true,"_links":{"self":[{"href":"https:\/\/noticiasmercedinas.com\/site\/wp-json\/wp\/v2\/posts\/14148","targetHints":{"allow":["GET"]}}],"collection":[{"href":"https:\/\/noticiasmercedinas.com\/site\/wp-json\/wp\/v2\/posts"}],"about":[{"href":"https:\/\/noticiasmercedinas.com\/site\/wp-json\/wp\/v2\/types\/post"}],"author":[{"embeddable":true,"href":"https:\/\/noticiasmercedinas.com\/site\/wp-json\/wp\/v2\/users\/2"}],"replies":[{"embeddable":true,"href":"https:\/\/noticiasmercedinas.com\/site\/wp-json\/wp\/v2\/comments?post=14148"}],"version-history":[{"count":3,"href":"https:\/\/noticiasmercedinas.com\/site\/wp-json\/wp\/v2\/posts\/14148\/revisions"}],"predecessor-version":[{"id":14165,"href":"https:\/\/noticiasmercedinas.com\/site\/wp-json\/wp\/v2\/posts\/14148\/revisions\/14165"}],"wp:featuredmedia":[{"embeddable":true,"href":"https:\/\/noticiasmercedinas.com\/site\/wp-json\/wp\/v2\/media\/14150"}],"wp:attachment":[{"href":"https:\/\/noticiasmercedinas.com\/site\/wp-json\/wp\/v2\/media?parent=14148"}],"wp:term":[{"taxonomy":"category","embeddable":true,"href":"https:\/\/noticiasmercedinas.com\/site\/wp-json\/wp\/v2\/categories?post=14148"},{"taxonomy":"post_tag","embeddable":true,"href":"https:\/\/noticiasmercedinas.com\/site\/wp-json\/wp\/v2\/tags?post=14148"}],"curies":[{"name":"wp","href":"https:\/\/api.w.org\/{rel}","templated":true}]}}