{"id":141653,"date":"2024-08-10T22:27:08","date_gmt":"2024-08-11T01:27:08","guid":{"rendered":"https:\/\/noticiasmercedinas.com\/site\/?p=141653"},"modified":"2024-08-10T22:27:08","modified_gmt":"2024-08-11T01:27:08","slug":"el-cef-40-recibio-a-camila-rolon-por-limeba","status":"publish","type":"post","link":"https:\/\/noticiasmercedinas.com\/site\/2024\/08\/10\/el-cef-40-recibio-a-camila-rolon-por-limeba\/","title":{"rendered":"El CEF 40 recibi\u00f3 a Camila Rol\u00f3n por LiMeBa"},"content":{"rendered":"<p><img loading=\"lazy\" decoding=\"async\" class=\"alignnone size-full wp-image-141654\" src=\"https:\/\/noticiasmercedinas.com\/site\/wp-content\/uploads\/2024\/08\/454766549_10235063971927049_7391933508036542910_n-copia.jpg\" alt=\"\" width=\"640\" height=\"322\" srcset=\"https:\/\/noticiasmercedinas.com\/site\/wp-content\/uploads\/2024\/08\/454766549_10235063971927049_7391933508036542910_n-copia.jpg 640w, https:\/\/noticiasmercedinas.com\/site\/wp-content\/uploads\/2024\/08\/454766549_10235063971927049_7391933508036542910_n-copia-300x151.jpg 300w\" sizes=\"auto, (max-width: 640px) 100vw, 640px\" \/><\/p>\n<p>La jornada de handball comenz\u00f3 con el juego de Menores, donde el visitante entrenado por la Profesora Jorgelina Bernal logr\u00f3 quedarse con la primera mitad del juego (10 a 11), logrando estirar esa diferencia en el complemento gracias al aporte goleador de Donato Caballero (12) y Valent\u00edn Orellano (9).<\/p>\n<p>El conjunto local estuvo integrado por Arigoni Ciro (4), Mateo Becerra (1), Nicol\u00e1s Castro (5), Dari\u00e1n Gauna, Dante Giovanetone (3), Bautista Lecouna (a), Mat\u00edas Lizosain, Santino Moya, Alessandro Musso (2), Mateo Nicodemo (1), Theo Uballes (a), Clemente Uriarte (1), Uriarte Felipe y Demi\u00e1n Zapata (2).<\/p>\n<p>Mientras que el equipo ganador estuvo conformado por Santino Amarillo (1), Ivo Bidart, El\u00edas Carrizo (a), Donato Caballero (12), Thiago Do Santos (1), Juan Ferraro (2), Benjam\u00edn Paglieri, Valent\u00edn Orellano (9) y Benjam\u00edn Villegas.<\/p>\n<p>En Cadetes, el triunfo qued\u00f3 en manos del local entrenado por el Profesor Dami\u00e1n Altieri (30 a 22), una ventaja que pudo obtener en la mitad inicial (12 a 6) y mantenerla hasta el final del juego.<\/p>\n<p><img loading=\"lazy\" decoding=\"async\" class=\"alignnone size-full wp-image-141655\" src=\"https:\/\/noticiasmercedinas.com\/site\/wp-content\/uploads\/2024\/08\/454766549_10235063971927049_7391933508036542910_n.jpg\" alt=\"\" width=\"640\" height=\"316\" srcset=\"https:\/\/noticiasmercedinas.com\/site\/wp-content\/uploads\/2024\/08\/454766549_10235063971927049_7391933508036542910_n.jpg 640w, https:\/\/noticiasmercedinas.com\/site\/wp-content\/uploads\/2024\/08\/454766549_10235063971927049_7391933508036542910_n-300x148.jpg 300w\" sizes=\"auto, (max-width: 640px) 100vw, 640px\" \/><\/p>\n<p>El elenco triunfador estuvo integrado por Ciro Arigoni, Lorenzo Corgniati, Gabriel Darriba (4), Derbenti Alessio (4), Dari\u00e1n Gauna, Valent\u00edn Jira (7), Jerem\u00edas Montero (1), Celso Pasadore (a), Lucas Resqu\u00edn y Kevin Suarez (6).<\/p>\n<p>En tanto, el visitante, present\u00f3 en cancha a los siguientes jugadores: Santino Amarillo, Santiago Becerra (7), Ivo Bidart, Thiago Do Santos, Juan Marcelo (7), Santino Peruchi (2), Jano Potes, Agust\u00edn R\u00edos (1) y Enzo Villalba (5).<\/p>\n<p>La jornada finaliz\u00f3 con un partido muy parejo en Juvenil, donde los locales se quedaron con la victoria por 28 a 27. Las acciones se dieron de manera equilibrada durante todo el cruce, donde el rival entrenado por el Profesor Agust\u00edn \u201cTato\u201d P\u00f3rfido se qued\u00f3 con la primera mitad por 10 a 11, aunque en el complemento el CEF pudo invertir el resultado para adue\u00f1arse del triunfo.<\/p>\n<p>Par la ocasi\u00f3n form\u00f3 con Lorenzo Corgianti (3), Gabriel Darriba (2), Alessio Derbenti (4), Lucas Flynn (5), Facundo Guzm\u00e1n, Ignacio Hip\u00f3lito (1), Tom\u00e1s Peralta (11), Amaro Piccone (a), Kevin Su\u00e1rez (1) y Nicol\u00e1s Torres (1).<\/p>\n<p>El restante conjunto estuvo integrado por Facundo Aguirre (9), Thiago Cirignioli, Santino Delvecchio (2), Facundo Forchilli (a), Bautista Isea (3), M\u00e1ximo L\u00f3pez (1), Valentino Otamendi (3), Benjam\u00edn Sosa, Luca Toscano y Valentino Venche (1).<\/p>\n","protected":false},"excerpt":{"rendered":"<p>\u25a0 En una nueva fecha de la Liga Mercedina de Balonmano los equipos masculinos afrontaron los encuentros en el gimnasio de 43 y 32.  Lo hicieron en Menores, Cadetes y Juveniles.<\/p>\n","protected":false},"author":6,"featured_media":141654,"comment_status":"closed","ping_status":"closed","sticky":false,"template":"","format":"standard","meta":{"footnotes":""},"categories":[5],"tags":[1808,3409,251,4848],"class_list":["post-141653","post","type-post","status-publish","format-standard","has-post-thumbnail","hentry","category-deportes","tag-camila-rolon","tag-cef-n-40","tag-handball","tag-limeba"],"yoast_head":"<!-- This site is optimized with the Yoast SEO plugin v27.5 - https:\/\/yoast.com\/product\/yoast-seo-wordpress\/ -->\n<title>El CEF 40 recibi\u00f3 a Camila Rol\u00f3n por LiMeBa<\/title>\n<meta name=\"robots\" content=\"index, follow, max-snippet:-1, max-image-preview:large, max-video-preview:-1\" \/>\n<link rel=\"canonical\" href=\"https:\/\/noticiasmercedinas.com\/site\/2024\/08\/10\/el-cef-40-recibio-a-camila-rolon-por-limeba\/\" \/>\n<meta property=\"og:locale\" content=\"es_ES\" \/>\n<meta property=\"og:type\" content=\"article\" \/>\n<meta property=\"og:title\" content=\"El CEF 40 recibi\u00f3 a Camila Rol\u00f3n por LiMeBa\" \/>\n<meta property=\"og:description\" content=\"\u25a0 En una nueva fecha de la Liga Mercedina de Balonmano los equipos masculinos afrontaron los encuentros en el gimnasio de 43 y 32. Lo hicieron en Menores, Cadetes y Juveniles.\" \/>\n<meta property=\"og:url\" content=\"https:\/\/noticiasmercedinas.com\/site\/2024\/08\/10\/el-cef-40-recibio-a-camila-rolon-por-limeba\/\" \/>\n<meta property=\"og:site_name\" content=\"NOTICIASMERCEDINAS.COM\" \/>\n<meta property=\"article:publisher\" content=\"https:\/\/www.facebook.com\/noticiasmercedinas\/\" \/>\n<meta property=\"article:published_time\" content=\"2024-08-11T01:27:08+00:00\" \/>\n<meta property=\"og:image\" content=\"https:\/\/noticiasmercedinas.com\/site\/wp-content\/uploads\/2024\/08\/454766549_10235063971927049_7391933508036542910_n-copia.jpg\" \/>\n\t<meta property=\"og:image:width\" content=\"640\" \/>\n\t<meta property=\"og:image:height\" content=\"322\" \/>\n\t<meta property=\"og:image:type\" content=\"image\/jpeg\" \/>\n<meta name=\"author\" content=\"Juan Dagnino NOTICIASMERCEDINAS.COM\" \/>\n<meta name=\"twitter:card\" content=\"summary_large_image\" \/>\n<meta name=\"twitter:creator\" content=\"@notmercedinas\" \/>\n<meta name=\"twitter:site\" content=\"@notmercedinas\" \/>\n<meta name=\"twitter:label1\" content=\"Escrito por\" \/>\n\t<meta name=\"twitter:data1\" content=\"Juan Dagnino NOTICIASMERCEDINAS.COM\" \/>\n\t<meta name=\"twitter:label2\" content=\"Tiempo de lectura\" \/>\n\t<meta name=\"twitter:data2\" content=\"2 minutos\" \/>\n<script type=\"application\/ld+json\" class=\"yoast-schema-graph\">{\"@context\":\"https:\\\/\\\/schema.org\",\"@graph\":[{\"@type\":\"Article\",\"@id\":\"https:\\\/\\\/noticiasmercedinas.com\\\/site\\\/2024\\\/08\\\/10\\\/el-cef-40-recibio-a-camila-rolon-por-limeba\\\/#article\",\"isPartOf\":{\"@id\":\"https:\\\/\\\/noticiasmercedinas.com\\\/site\\\/2024\\\/08\\\/10\\\/el-cef-40-recibio-a-camila-rolon-por-limeba\\\/\"},\"author\":{\"name\":\"Juan Dagnino NOTICIASMERCEDINAS.COM\",\"@id\":\"https:\\\/\\\/noticiasmercedinas.com\\\/site\\\/#\\\/schema\\\/person\\\/8f2f09d666ef40986eba4a5e6f2a06f9\"},\"headline\":\"El CEF 40 recibi\u00f3 a Camila Rol\u00f3n por LiMeBa\",\"datePublished\":\"2024-08-11T01:27:08+00:00\",\"mainEntityOfPage\":{\"@id\":\"https:\\\/\\\/noticiasmercedinas.com\\\/site\\\/2024\\\/08\\\/10\\\/el-cef-40-recibio-a-camila-rolon-por-limeba\\\/\"},\"wordCount\":358,\"publisher\":{\"@id\":\"https:\\\/\\\/noticiasmercedinas.com\\\/site\\\/#organization\"},\"image\":{\"@id\":\"https:\\\/\\\/noticiasmercedinas.com\\\/site\\\/2024\\\/08\\\/10\\\/el-cef-40-recibio-a-camila-rolon-por-limeba\\\/#primaryimage\"},\"thumbnailUrl\":\"https:\\\/\\\/noticiasmercedinas.com\\\/site\\\/wp-content\\\/uploads\\\/2024\\\/08\\\/454766549_10235063971927049_7391933508036542910_n-copia.jpg\",\"keywords\":[\"camila rolon\",\"CEF N\u00b0 40\",\"handball\",\"limeba\"],\"articleSection\":[\"Deportes\"],\"inLanguage\":\"es\"},{\"@type\":\"WebPage\",\"@id\":\"https:\\\/\\\/noticiasmercedinas.com\\\/site\\\/2024\\\/08\\\/10\\\/el-cef-40-recibio-a-camila-rolon-por-limeba\\\/\",\"url\":\"https:\\\/\\\/noticiasmercedinas.com\\\/site\\\/2024\\\/08\\\/10\\\/el-cef-40-recibio-a-camila-rolon-por-limeba\\\/\",\"name\":\"El CEF 40 recibi\u00f3 a Camila Rol\u00f3n por LiMeBa\",\"isPartOf\":{\"@id\":\"https:\\\/\\\/noticiasmercedinas.com\\\/site\\\/#website\"},\"primaryImageOfPage\":{\"@id\":\"https:\\\/\\\/noticiasmercedinas.com\\\/site\\\/2024\\\/08\\\/10\\\/el-cef-40-recibio-a-camila-rolon-por-limeba\\\/#primaryimage\"},\"image\":{\"@id\":\"https:\\\/\\\/noticiasmercedinas.com\\\/site\\\/2024\\\/08\\\/10\\\/el-cef-40-recibio-a-camila-rolon-por-limeba\\\/#primaryimage\"},\"thumbnailUrl\":\"https:\\\/\\\/noticiasmercedinas.com\\\/site\\\/wp-content\\\/uploads\\\/2024\\\/08\\\/454766549_10235063971927049_7391933508036542910_n-copia.jpg\",\"datePublished\":\"2024-08-11T01:27:08+00:00\",\"breadcrumb\":{\"@id\":\"https:\\\/\\\/noticiasmercedinas.com\\\/site\\\/2024\\\/08\\\/10\\\/el-cef-40-recibio-a-camila-rolon-por-limeba\\\/#breadcrumb\"},\"inLanguage\":\"es\",\"potentialAction\":[{\"@type\":\"ReadAction\",\"target\":[\"https:\\\/\\\/noticiasmercedinas.com\\\/site\\\/2024\\\/08\\\/10\\\/el-cef-40-recibio-a-camila-rolon-por-limeba\\\/\"]}]},{\"@type\":\"ImageObject\",\"inLanguage\":\"es\",\"@id\":\"https:\\\/\\\/noticiasmercedinas.com\\\/site\\\/2024\\\/08\\\/10\\\/el-cef-40-recibio-a-camila-rolon-por-limeba\\\/#primaryimage\",\"url\":\"https:\\\/\\\/noticiasmercedinas.com\\\/site\\\/wp-content\\\/uploads\\\/2024\\\/08\\\/454766549_10235063971927049_7391933508036542910_n-copia.jpg\",\"contentUrl\":\"https:\\\/\\\/noticiasmercedinas.com\\\/site\\\/wp-content\\\/uploads\\\/2024\\\/08\\\/454766549_10235063971927049_7391933508036542910_n-copia.jpg\",\"width\":640,\"height\":322},{\"@type\":\"BreadcrumbList\",\"@id\":\"https:\\\/\\\/noticiasmercedinas.com\\\/site\\\/2024\\\/08\\\/10\\\/el-cef-40-recibio-a-camila-rolon-por-limeba\\\/#breadcrumb\",\"itemListElement\":[{\"@type\":\"ListItem\",\"position\":1,\"name\":\"Portada\",\"item\":\"https:\\\/\\\/noticiasmercedinas.com\\\/site\\\/\"},{\"@type\":\"ListItem\",\"position\":2,\"name\":\"El CEF 40 recibi\u00f3 a Camila Rol\u00f3n por LiMeBa\"}]},{\"@type\":\"WebSite\",\"@id\":\"https:\\\/\\\/noticiasmercedinas.com\\\/site\\\/#website\",\"url\":\"https:\\\/\\\/noticiasmercedinas.com\\\/site\\\/\",\"name\":\"NOTICIASMERCEDINAS.COM\",\"description\":\"Mercedes, Buenos Aires, Argentina\",\"publisher\":{\"@id\":\"https:\\\/\\\/noticiasmercedinas.com\\\/site\\\/#organization\"},\"potentialAction\":[{\"@type\":\"SearchAction\",\"target\":{\"@type\":\"EntryPoint\",\"urlTemplate\":\"https:\\\/\\\/noticiasmercedinas.com\\\/site\\\/?s={search_term_string}\"},\"query-input\":{\"@type\":\"PropertyValueSpecification\",\"valueRequired\":true,\"valueName\":\"search_term_string\"}}],\"inLanguage\":\"es\"},{\"@type\":\"Organization\",\"@id\":\"https:\\\/\\\/noticiasmercedinas.com\\\/site\\\/#organization\",\"name\":\"NOTICIASMERCEDINAS.COM\",\"url\":\"https:\\\/\\\/noticiasmercedinas.com\\\/site\\\/\",\"logo\":{\"@type\":\"ImageObject\",\"inLanguage\":\"es\",\"@id\":\"https:\\\/\\\/noticiasmercedinas.com\\\/site\\\/#\\\/schema\\\/logo\\\/image\\\/\",\"url\":\"https:\\\/\\\/noticiasmercedinas.com\\\/site\\\/wp-content\\\/uploads\\\/2020\\\/06\\\/LOGO-512.jpg\",\"contentUrl\":\"https:\\\/\\\/noticiasmercedinas.com\\\/site\\\/wp-content\\\/uploads\\\/2020\\\/06\\\/LOGO-512.jpg\",\"width\":512,\"height\":512,\"caption\":\"NOTICIASMERCEDINAS.COM\"},\"image\":{\"@id\":\"https:\\\/\\\/noticiasmercedinas.com\\\/site\\\/#\\\/schema\\\/logo\\\/image\\\/\"},\"sameAs\":[\"https:\\\/\\\/www.facebook.com\\\/noticiasmercedinas\\\/\",\"https:\\\/\\\/x.com\\\/notmercedinas\",\"https:\\\/\\\/www.instagram.com\\\/noticiasmercedinas\\\/\"]},{\"@type\":\"Person\",\"@id\":\"https:\\\/\\\/noticiasmercedinas.com\\\/site\\\/#\\\/schema\\\/person\\\/8f2f09d666ef40986eba4a5e6f2a06f9\",\"name\":\"Juan Dagnino NOTICIASMERCEDINAS.COM\",\"image\":{\"@type\":\"ImageObject\",\"inLanguage\":\"es\",\"@id\":\"https:\\\/\\\/secure.gravatar.com\\\/avatar\\\/fc7059a769f5a3cae65fadb228a3e4accf3a64b4b2305020d0a27e6d5333c91b?s=96&d=mm&r=g\",\"url\":\"https:\\\/\\\/secure.gravatar.com\\\/avatar\\\/fc7059a769f5a3cae65fadb228a3e4accf3a64b4b2305020d0a27e6d5333c91b?s=96&d=mm&r=g\",\"contentUrl\":\"https:\\\/\\\/secure.gravatar.com\\\/avatar\\\/fc7059a769f5a3cae65fadb228a3e4accf3a64b4b2305020d0a27e6d5333c91b?s=96&d=mm&r=g\",\"caption\":\"Juan Dagnino NOTICIASMERCEDINAS.COM\"},\"url\":\"https:\\\/\\\/noticiasmercedinas.com\\\/site\\\/author\\\/juandagnino\\\/\"}]}<\/script>\n<!-- \/ Yoast SEO plugin. -->","yoast_head_json":{"title":"El CEF 40 recibi\u00f3 a Camila Rol\u00f3n por LiMeBa","robots":{"index":"index","follow":"follow","max-snippet":"max-snippet:-1","max-image-preview":"max-image-preview:large","max-video-preview":"max-video-preview:-1"},"canonical":"https:\/\/noticiasmercedinas.com\/site\/2024\/08\/10\/el-cef-40-recibio-a-camila-rolon-por-limeba\/","og_locale":"es_ES","og_type":"article","og_title":"El CEF 40 recibi\u00f3 a Camila Rol\u00f3n por LiMeBa","og_description":"\u25a0 En una nueva fecha de la Liga Mercedina de Balonmano los equipos masculinos afrontaron los encuentros en el gimnasio de 43 y 32. Lo hicieron en Menores, Cadetes y Juveniles.","og_url":"https:\/\/noticiasmercedinas.com\/site\/2024\/08\/10\/el-cef-40-recibio-a-camila-rolon-por-limeba\/","og_site_name":"NOTICIASMERCEDINAS.COM","article_publisher":"https:\/\/www.facebook.com\/noticiasmercedinas\/","article_published_time":"2024-08-11T01:27:08+00:00","og_image":[{"width":640,"height":322,"url":"https:\/\/noticiasmercedinas.com\/site\/wp-content\/uploads\/2024\/08\/454766549_10235063971927049_7391933508036542910_n-copia.jpg","type":"image\/jpeg"}],"author":"Juan Dagnino NOTICIASMERCEDINAS.COM","twitter_card":"summary_large_image","twitter_creator":"@notmercedinas","twitter_site":"@notmercedinas","twitter_misc":{"Escrito por":"Juan Dagnino NOTICIASMERCEDINAS.COM","Tiempo de lectura":"2 minutos"},"schema":{"@context":"https:\/\/schema.org","@graph":[{"@type":"Article","@id":"https:\/\/noticiasmercedinas.com\/site\/2024\/08\/10\/el-cef-40-recibio-a-camila-rolon-por-limeba\/#article","isPartOf":{"@id":"https:\/\/noticiasmercedinas.com\/site\/2024\/08\/10\/el-cef-40-recibio-a-camila-rolon-por-limeba\/"},"author":{"name":"Juan Dagnino NOTICIASMERCEDINAS.COM","@id":"https:\/\/noticiasmercedinas.com\/site\/#\/schema\/person\/8f2f09d666ef40986eba4a5e6f2a06f9"},"headline":"El CEF 40 recibi\u00f3 a Camila Rol\u00f3n por LiMeBa","datePublished":"2024-08-11T01:27:08+00:00","mainEntityOfPage":{"@id":"https:\/\/noticiasmercedinas.com\/site\/2024\/08\/10\/el-cef-40-recibio-a-camila-rolon-por-limeba\/"},"wordCount":358,"publisher":{"@id":"https:\/\/noticiasmercedinas.com\/site\/#organization"},"image":{"@id":"https:\/\/noticiasmercedinas.com\/site\/2024\/08\/10\/el-cef-40-recibio-a-camila-rolon-por-limeba\/#primaryimage"},"thumbnailUrl":"https:\/\/noticiasmercedinas.com\/site\/wp-content\/uploads\/2024\/08\/454766549_10235063971927049_7391933508036542910_n-copia.jpg","keywords":["camila rolon","CEF N\u00b0 40","handball","limeba"],"articleSection":["Deportes"],"inLanguage":"es"},{"@type":"WebPage","@id":"https:\/\/noticiasmercedinas.com\/site\/2024\/08\/10\/el-cef-40-recibio-a-camila-rolon-por-limeba\/","url":"https:\/\/noticiasmercedinas.com\/site\/2024\/08\/10\/el-cef-40-recibio-a-camila-rolon-por-limeba\/","name":"El CEF 40 recibi\u00f3 a Camila Rol\u00f3n por LiMeBa","isPartOf":{"@id":"https:\/\/noticiasmercedinas.com\/site\/#website"},"primaryImageOfPage":{"@id":"https:\/\/noticiasmercedinas.com\/site\/2024\/08\/10\/el-cef-40-recibio-a-camila-rolon-por-limeba\/#primaryimage"},"image":{"@id":"https:\/\/noticiasmercedinas.com\/site\/2024\/08\/10\/el-cef-40-recibio-a-camila-rolon-por-limeba\/#primaryimage"},"thumbnailUrl":"https:\/\/noticiasmercedinas.com\/site\/wp-content\/uploads\/2024\/08\/454766549_10235063971927049_7391933508036542910_n-copia.jpg","datePublished":"2024-08-11T01:27:08+00:00","breadcrumb":{"@id":"https:\/\/noticiasmercedinas.com\/site\/2024\/08\/10\/el-cef-40-recibio-a-camila-rolon-por-limeba\/#breadcrumb"},"inLanguage":"es","potentialAction":[{"@type":"ReadAction","target":["https:\/\/noticiasmercedinas.com\/site\/2024\/08\/10\/el-cef-40-recibio-a-camila-rolon-por-limeba\/"]}]},{"@type":"ImageObject","inLanguage":"es","@id":"https:\/\/noticiasmercedinas.com\/site\/2024\/08\/10\/el-cef-40-recibio-a-camila-rolon-por-limeba\/#primaryimage","url":"https:\/\/noticiasmercedinas.com\/site\/wp-content\/uploads\/2024\/08\/454766549_10235063971927049_7391933508036542910_n-copia.jpg","contentUrl":"https:\/\/noticiasmercedinas.com\/site\/wp-content\/uploads\/2024\/08\/454766549_10235063971927049_7391933508036542910_n-copia.jpg","width":640,"height":322},{"@type":"BreadcrumbList","@id":"https:\/\/noticiasmercedinas.com\/site\/2024\/08\/10\/el-cef-40-recibio-a-camila-rolon-por-limeba\/#breadcrumb","itemListElement":[{"@type":"ListItem","position":1,"name":"Portada","item":"https:\/\/noticiasmercedinas.com\/site\/"},{"@type":"ListItem","position":2,"name":"El CEF 40 recibi\u00f3 a Camila Rol\u00f3n por LiMeBa"}]},{"@type":"WebSite","@id":"https:\/\/noticiasmercedinas.com\/site\/#website","url":"https:\/\/noticiasmercedinas.com\/site\/","name":"NOTICIASMERCEDINAS.COM","description":"Mercedes, Buenos Aires, Argentina","publisher":{"@id":"https:\/\/noticiasmercedinas.com\/site\/#organization"},"potentialAction":[{"@type":"SearchAction","target":{"@type":"EntryPoint","urlTemplate":"https:\/\/noticiasmercedinas.com\/site\/?s={search_term_string}"},"query-input":{"@type":"PropertyValueSpecification","valueRequired":true,"valueName":"search_term_string"}}],"inLanguage":"es"},{"@type":"Organization","@id":"https:\/\/noticiasmercedinas.com\/site\/#organization","name":"NOTICIASMERCEDINAS.COM","url":"https:\/\/noticiasmercedinas.com\/site\/","logo":{"@type":"ImageObject","inLanguage":"es","@id":"https:\/\/noticiasmercedinas.com\/site\/#\/schema\/logo\/image\/","url":"https:\/\/noticiasmercedinas.com\/site\/wp-content\/uploads\/2020\/06\/LOGO-512.jpg","contentUrl":"https:\/\/noticiasmercedinas.com\/site\/wp-content\/uploads\/2020\/06\/LOGO-512.jpg","width":512,"height":512,"caption":"NOTICIASMERCEDINAS.COM"},"image":{"@id":"https:\/\/noticiasmercedinas.com\/site\/#\/schema\/logo\/image\/"},"sameAs":["https:\/\/www.facebook.com\/noticiasmercedinas\/","https:\/\/x.com\/notmercedinas","https:\/\/www.instagram.com\/noticiasmercedinas\/"]},{"@type":"Person","@id":"https:\/\/noticiasmercedinas.com\/site\/#\/schema\/person\/8f2f09d666ef40986eba4a5e6f2a06f9","name":"Juan Dagnino NOTICIASMERCEDINAS.COM","image":{"@type":"ImageObject","inLanguage":"es","@id":"https:\/\/secure.gravatar.com\/avatar\/fc7059a769f5a3cae65fadb228a3e4accf3a64b4b2305020d0a27e6d5333c91b?s=96&d=mm&r=g","url":"https:\/\/secure.gravatar.com\/avatar\/fc7059a769f5a3cae65fadb228a3e4accf3a64b4b2305020d0a27e6d5333c91b?s=96&d=mm&r=g","contentUrl":"https:\/\/secure.gravatar.com\/avatar\/fc7059a769f5a3cae65fadb228a3e4accf3a64b4b2305020d0a27e6d5333c91b?s=96&d=mm&r=g","caption":"Juan Dagnino NOTICIASMERCEDINAS.COM"},"url":"https:\/\/noticiasmercedinas.com\/site\/author\/juandagnino\/"}]}},"amp_enabled":true,"_links":{"self":[{"href":"https:\/\/noticiasmercedinas.com\/site\/wp-json\/wp\/v2\/posts\/141653","targetHints":{"allow":["GET"]}}],"collection":[{"href":"https:\/\/noticiasmercedinas.com\/site\/wp-json\/wp\/v2\/posts"}],"about":[{"href":"https:\/\/noticiasmercedinas.com\/site\/wp-json\/wp\/v2\/types\/post"}],"author":[{"embeddable":true,"href":"https:\/\/noticiasmercedinas.com\/site\/wp-json\/wp\/v2\/users\/6"}],"replies":[{"embeddable":true,"href":"https:\/\/noticiasmercedinas.com\/site\/wp-json\/wp\/v2\/comments?post=141653"}],"version-history":[{"count":1,"href":"https:\/\/noticiasmercedinas.com\/site\/wp-json\/wp\/v2\/posts\/141653\/revisions"}],"predecessor-version":[{"id":141656,"href":"https:\/\/noticiasmercedinas.com\/site\/wp-json\/wp\/v2\/posts\/141653\/revisions\/141656"}],"wp:featuredmedia":[{"embeddable":true,"href":"https:\/\/noticiasmercedinas.com\/site\/wp-json\/wp\/v2\/media\/141654"}],"wp:attachment":[{"href":"https:\/\/noticiasmercedinas.com\/site\/wp-json\/wp\/v2\/media?parent=141653"}],"wp:term":[{"taxonomy":"category","embeddable":true,"href":"https:\/\/noticiasmercedinas.com\/site\/wp-json\/wp\/v2\/categories?post=141653"},{"taxonomy":"post_tag","embeddable":true,"href":"https:\/\/noticiasmercedinas.com\/site\/wp-json\/wp\/v2\/tags?post=141653"}],"curies":[{"name":"wp","href":"https:\/\/api.w.org\/{rel}","templated":true}]}}