{"id":14174,"date":"2019-03-15T15:59:44","date_gmt":"2019-03-15T18:59:44","guid":{"rendered":"https:\/\/noticiasmercedinas.com\/site\/2019\/03\/15\/defensoria-advirtio-limites-de-colegios-privados-para-aumentar-las-cuotas\/"},"modified":"2019-03-15T15:59:44","modified_gmt":"2019-03-15T18:59:44","slug":"defensoria-advirtio-limites-de-colegios-privados-para-aumentar-las-cuotas","status":"publish","type":"post","link":"https:\/\/noticiasmercedinas.com\/site\/2019\/03\/15\/defensoria-advirtio-limites-de-colegios-privados-para-aumentar-las-cuotas\/","title":{"rendered":"Defensor\u00eda advirti\u00f3  l\u00edmites de colegios privados para aumentar las cuotas"},"content":{"rendered":"<p><img loading=\"lazy\" decoding=\"async\" class=\"failed alignnone wp-image-14173 size-full\" src=\"https:\/\/noticiasmercedinas.com\/site\/wp-content\/uploads\/2019\/03\/IMG-20190315-WA0019-2.jpg\" width=\"667\" height=\"276\" srcset=\"https:\/\/noticiasmercedinas.com\/site\/wp-content\/uploads\/2019\/03\/IMG-20190315-WA0019-2.jpg 667w, https:\/\/noticiasmercedinas.com\/site\/wp-content\/uploads\/2019\/03\/IMG-20190315-WA0019-2-300x124.jpg 300w, https:\/\/noticiasmercedinas.com\/site\/wp-content\/uploads\/2019\/03\/IMG-20190315-WA0019-2-640x265.jpg 640w\" sizes=\"auto, (max-width: 667px) 100vw, 667px\" \/><\/p>\n<p><strong>El organismo que dirige Guido Lorenzino explic\u00f3 cu\u00e1les son los topes que limitan los aranceles de estos establecimientos educativos.<\/strong><\/p>\n<p>La Defensor\u00eda del Pueblo bonaerense inform\u00f3 los l\u00edmites que tienen los colegios privados, tanto los que reciben aportes estatales como los que no, ante las dudas generadas en torno a la forma en que los establecimiento definen los aumentos.<\/p>\n<p>En el caso de las escuelas privadas que tienen aportes estatales, la Direcci\u00f3n General de Escuelas dispone sumas fijas de aumentos de acuerdo al porcentaje de aporte que el Estado le hace al colegio.<\/p>\n<p>Por ejemplo, en los establecimientos secundarios privados con un aporte estatal del 100%, el arancel curricular actualizado a valores de 2019 no puede superar los $982, mientras que si este aporte es del 40%, este arancel debe fijarse en los $4.908.Estas cuotas estar\u00e1n compuestas por la suma del arancel de ense\u00f1anza (el arancel curricular m\u00e1s el extracurricular), el mantenimiento, la matr\u00edcula y otros conceptos como el comedor, transporte, seguro, atenci\u00f3n m\u00e9dica y equipamientos did\u00e1cticos.<\/p>\n<p>En el caso de los colegios privados sin aporte estatal, el arancel total debe surgir, seg\u00fan lo determina un decreto nacional, de la conformidad individual y expresa de la mayor\u00eda de las madres, padres o responsables de los alumnos y, una vez definido, no se podr\u00e1 modificar durante todo el a\u00f1o lectivo para el cual fue anunciado, con la \u00fanica excepci\u00f3n de un porcentaje de los incrementos salariales de los docentes.<\/p>\n<p>\u201cEn una \u00e9poca donde las econom\u00edas familiares est\u00e1n golpeadas por la crisis, y teniendo en cuenta la importancia de la educaci\u00f3n para el futuro de los chicos, debemos estar atentos a que no se produzcan estas situaciones en los que muchos establecimientos pasan por encima de la ley para sacar ventaja\u201d, puntualiz\u00f3 Lorenzino.<\/p>\n","protected":false},"excerpt":{"rendered":"<p>El organismo que dirige Guido Lorenzino explic\u00f3 cu\u00e1les son los topes que limitan los aranceles de estos establecimientos educativos. La Defensor\u00eda del Pueblo bonaerense inform\u00f3 los l\u00edmites que tienen los colegios privados, tanto los que reciben aportes estatales como los que no, ante las dudas generadas en torno a la forma en que los establecimiento [&hellip;]<\/p>\n","protected":false},"author":2,"featured_media":14173,"comment_status":"open","ping_status":"open","sticky":false,"template":"","format":"standard","meta":{"footnotes":""},"categories":[139],"tags":[1171,3910,286],"class_list":["post-14174","post","type-post","status-publish","format-standard","has-post-thumbnail","hentry","category-regionales","tag-colegios","tag-defensoria","tag-guido-lorenzino"],"yoast_head":"<!-- This site is optimized with the Yoast SEO plugin v27.4 - https:\/\/yoast.com\/product\/yoast-seo-wordpress\/ -->\n<title>Defensor\u00eda advirti\u00f3 l\u00edmites de colegios privados para aumentar las cuotas<\/title>\n<meta name=\"robots\" content=\"index, follow, max-snippet:-1, max-image-preview:large, max-video-preview:-1\" \/>\n<link rel=\"canonical\" href=\"https:\/\/noticiasmercedinas.com\/site\/2019\/03\/15\/defensoria-advirtio-limites-de-colegios-privados-para-aumentar-las-cuotas\/\" \/>\n<meta property=\"og:locale\" content=\"es_ES\" \/>\n<meta property=\"og:type\" content=\"article\" \/>\n<meta property=\"og:title\" content=\"Defensor\u00eda advirti\u00f3 l\u00edmites de colegios privados para aumentar las cuotas\" \/>\n<meta property=\"og:description\" content=\"El organismo que dirige Guido Lorenzino explic\u00f3 cu\u00e1les son los topes que limitan los aranceles de estos establecimientos educativos. La Defensor\u00eda del Pueblo bonaerense inform\u00f3 los l\u00edmites que tienen los colegios privados, tanto los que reciben aportes estatales como los que no, ante las dudas generadas en torno a la forma en que los establecimiento [&hellip;]\" \/>\n<meta property=\"og:url\" content=\"https:\/\/noticiasmercedinas.com\/site\/2019\/03\/15\/defensoria-advirtio-limites-de-colegios-privados-para-aumentar-las-cuotas\/\" \/>\n<meta property=\"og:site_name\" content=\"NOTICIASMERCEDINAS.COM\" \/>\n<meta property=\"article:publisher\" content=\"https:\/\/www.facebook.com\/noticiasmercedinas\/\" \/>\n<meta property=\"article:author\" content=\"https:\/\/www.facebook.com\/cristian.falabella\" \/>\n<meta property=\"article:published_time\" content=\"2019-03-15T18:59:44+00:00\" \/>\n<meta property=\"og:image\" content=\"https:\/\/noticiasmercedinas.com\/site\/wp-content\/uploads\/2019\/03\/IMG-20190315-WA0019-2.jpg\" \/>\n\t<meta property=\"og:image:width\" content=\"667\" \/>\n\t<meta property=\"og:image:height\" content=\"276\" \/>\n\t<meta property=\"og:image:type\" content=\"image\/jpeg\" \/>\n<meta name=\"author\" content=\"Cristian Falabella NOTICIASMERCEDINAS.COM\" \/>\n<meta name=\"twitter:card\" content=\"summary_large_image\" \/>\n<meta name=\"twitter:creator\" content=\"@https:\/\/twitter.com\/NOTMERCEDINAS\" \/>\n<meta name=\"twitter:site\" content=\"@notmercedinas\" \/>\n<meta name=\"twitter:label1\" content=\"Escrito por\" \/>\n\t<meta name=\"twitter:data1\" content=\"Cristian Falabella NOTICIASMERCEDINAS.COM\" \/>\n\t<meta name=\"twitter:label2\" content=\"Tiempo de lectura\" \/>\n\t<meta name=\"twitter:data2\" content=\"2 minutos\" \/>\n<script type=\"application\/ld+json\" class=\"yoast-schema-graph\">{\"@context\":\"https:\\\/\\\/schema.org\",\"@graph\":[{\"@type\":\"Article\",\"@id\":\"https:\\\/\\\/noticiasmercedinas.com\\\/site\\\/2019\\\/03\\\/15\\\/defensoria-advirtio-limites-de-colegios-privados-para-aumentar-las-cuotas\\\/#article\",\"isPartOf\":{\"@id\":\"https:\\\/\\\/noticiasmercedinas.com\\\/site\\\/2019\\\/03\\\/15\\\/defensoria-advirtio-limites-de-colegios-privados-para-aumentar-las-cuotas\\\/\"},\"author\":{\"name\":\"Cristian Falabella NOTICIASMERCEDINAS.COM\",\"@id\":\"https:\\\/\\\/noticiasmercedinas.com\\\/site\\\/#\\\/schema\\\/person\\\/d481a9696a5feaec13a60e2bbd991a6a\"},\"headline\":\"Defensor\u00eda advirti\u00f3 l\u00edmites de colegios privados para aumentar las cuotas\",\"datePublished\":\"2019-03-15T18:59:44+00:00\",\"mainEntityOfPage\":{\"@id\":\"https:\\\/\\\/noticiasmercedinas.com\\\/site\\\/2019\\\/03\\\/15\\\/defensoria-advirtio-limites-de-colegios-privados-para-aumentar-las-cuotas\\\/\"},\"wordCount\":316,\"commentCount\":0,\"publisher\":{\"@id\":\"https:\\\/\\\/noticiasmercedinas.com\\\/site\\\/#organization\"},\"image\":{\"@id\":\"https:\\\/\\\/noticiasmercedinas.com\\\/site\\\/2019\\\/03\\\/15\\\/defensoria-advirtio-limites-de-colegios-privados-para-aumentar-las-cuotas\\\/#primaryimage\"},\"thumbnailUrl\":\"https:\\\/\\\/noticiasmercedinas.com\\\/site\\\/wp-content\\\/uploads\\\/2019\\\/03\\\/IMG-20190315-WA0019-2.jpg\",\"keywords\":[\"colegios\",\"defensoria\",\"guido lorenzino\"],\"articleSection\":[\"Regionales\"],\"inLanguage\":\"es\",\"potentialAction\":[{\"@type\":\"CommentAction\",\"name\":\"Comment\",\"target\":[\"https:\\\/\\\/noticiasmercedinas.com\\\/site\\\/2019\\\/03\\\/15\\\/defensoria-advirtio-limites-de-colegios-privados-para-aumentar-las-cuotas\\\/#respond\"]}]},{\"@type\":\"WebPage\",\"@id\":\"https:\\\/\\\/noticiasmercedinas.com\\\/site\\\/2019\\\/03\\\/15\\\/defensoria-advirtio-limites-de-colegios-privados-para-aumentar-las-cuotas\\\/\",\"url\":\"https:\\\/\\\/noticiasmercedinas.com\\\/site\\\/2019\\\/03\\\/15\\\/defensoria-advirtio-limites-de-colegios-privados-para-aumentar-las-cuotas\\\/\",\"name\":\"Defensor\u00eda advirti\u00f3 l\u00edmites de colegios privados para aumentar las cuotas\",\"isPartOf\":{\"@id\":\"https:\\\/\\\/noticiasmercedinas.com\\\/site\\\/#website\"},\"primaryImageOfPage\":{\"@id\":\"https:\\\/\\\/noticiasmercedinas.com\\\/site\\\/2019\\\/03\\\/15\\\/defensoria-advirtio-limites-de-colegios-privados-para-aumentar-las-cuotas\\\/#primaryimage\"},\"image\":{\"@id\":\"https:\\\/\\\/noticiasmercedinas.com\\\/site\\\/2019\\\/03\\\/15\\\/defensoria-advirtio-limites-de-colegios-privados-para-aumentar-las-cuotas\\\/#primaryimage\"},\"thumbnailUrl\":\"https:\\\/\\\/noticiasmercedinas.com\\\/site\\\/wp-content\\\/uploads\\\/2019\\\/03\\\/IMG-20190315-WA0019-2.jpg\",\"datePublished\":\"2019-03-15T18:59:44+00:00\",\"breadcrumb\":{\"@id\":\"https:\\\/\\\/noticiasmercedinas.com\\\/site\\\/2019\\\/03\\\/15\\\/defensoria-advirtio-limites-de-colegios-privados-para-aumentar-las-cuotas\\\/#breadcrumb\"},\"inLanguage\":\"es\",\"potentialAction\":[{\"@type\":\"ReadAction\",\"target\":[\"https:\\\/\\\/noticiasmercedinas.com\\\/site\\\/2019\\\/03\\\/15\\\/defensoria-advirtio-limites-de-colegios-privados-para-aumentar-las-cuotas\\\/\"]}]},{\"@type\":\"ImageObject\",\"inLanguage\":\"es\",\"@id\":\"https:\\\/\\\/noticiasmercedinas.com\\\/site\\\/2019\\\/03\\\/15\\\/defensoria-advirtio-limites-de-colegios-privados-para-aumentar-las-cuotas\\\/#primaryimage\",\"url\":\"https:\\\/\\\/noticiasmercedinas.com\\\/site\\\/wp-content\\\/uploads\\\/2019\\\/03\\\/IMG-20190315-WA0019-2.jpg\",\"contentUrl\":\"https:\\\/\\\/noticiasmercedinas.com\\\/site\\\/wp-content\\\/uploads\\\/2019\\\/03\\\/IMG-20190315-WA0019-2.jpg\",\"width\":667,\"height\":276},{\"@type\":\"BreadcrumbList\",\"@id\":\"https:\\\/\\\/noticiasmercedinas.com\\\/site\\\/2019\\\/03\\\/15\\\/defensoria-advirtio-limites-de-colegios-privados-para-aumentar-las-cuotas\\\/#breadcrumb\",\"itemListElement\":[{\"@type\":\"ListItem\",\"position\":1,\"name\":\"Portada\",\"item\":\"https:\\\/\\\/noticiasmercedinas.com\\\/site\\\/\"},{\"@type\":\"ListItem\",\"position\":2,\"name\":\"Defensor\u00eda advirti\u00f3 l\u00edmites de colegios privados para aumentar las cuotas\"}]},{\"@type\":\"WebSite\",\"@id\":\"https:\\\/\\\/noticiasmercedinas.com\\\/site\\\/#website\",\"url\":\"https:\\\/\\\/noticiasmercedinas.com\\\/site\\\/\",\"name\":\"NOTICIASMERCEDINAS.COM\",\"description\":\"Mercedes, Buenos Aires, Argentina\",\"publisher\":{\"@id\":\"https:\\\/\\\/noticiasmercedinas.com\\\/site\\\/#organization\"},\"potentialAction\":[{\"@type\":\"SearchAction\",\"target\":{\"@type\":\"EntryPoint\",\"urlTemplate\":\"https:\\\/\\\/noticiasmercedinas.com\\\/site\\\/?s={search_term_string}\"},\"query-input\":{\"@type\":\"PropertyValueSpecification\",\"valueRequired\":true,\"valueName\":\"search_term_string\"}}],\"inLanguage\":\"es\"},{\"@type\":\"Organization\",\"@id\":\"https:\\\/\\\/noticiasmercedinas.com\\\/site\\\/#organization\",\"name\":\"NOTICIASMERCEDINAS.COM\",\"url\":\"https:\\\/\\\/noticiasmercedinas.com\\\/site\\\/\",\"logo\":{\"@type\":\"ImageObject\",\"inLanguage\":\"es\",\"@id\":\"https:\\\/\\\/noticiasmercedinas.com\\\/site\\\/#\\\/schema\\\/logo\\\/image\\\/\",\"url\":\"https:\\\/\\\/noticiasmercedinas.com\\\/site\\\/wp-content\\\/uploads\\\/2020\\\/06\\\/LOGO-512.jpg\",\"contentUrl\":\"https:\\\/\\\/noticiasmercedinas.com\\\/site\\\/wp-content\\\/uploads\\\/2020\\\/06\\\/LOGO-512.jpg\",\"width\":512,\"height\":512,\"caption\":\"NOTICIASMERCEDINAS.COM\"},\"image\":{\"@id\":\"https:\\\/\\\/noticiasmercedinas.com\\\/site\\\/#\\\/schema\\\/logo\\\/image\\\/\"},\"sameAs\":[\"https:\\\/\\\/www.facebook.com\\\/noticiasmercedinas\\\/\",\"https:\\\/\\\/x.com\\\/notmercedinas\",\"https:\\\/\\\/www.instagram.com\\\/noticiasmercedinas\\\/\"]},{\"@type\":\"Person\",\"@id\":\"https:\\\/\\\/noticiasmercedinas.com\\\/site\\\/#\\\/schema\\\/person\\\/d481a9696a5feaec13a60e2bbd991a6a\",\"name\":\"Cristian Falabella NOTICIASMERCEDINAS.COM\",\"image\":{\"@type\":\"ImageObject\",\"inLanguage\":\"es\",\"@id\":\"https:\\\/\\\/secure.gravatar.com\\\/avatar\\\/0dbbfc45970cc46bcd0e57766228574ff3511d6eed045b182f536f0f478c1f06?s=96&d=mm&r=g\",\"url\":\"https:\\\/\\\/secure.gravatar.com\\\/avatar\\\/0dbbfc45970cc46bcd0e57766228574ff3511d6eed045b182f536f0f478c1f06?s=96&d=mm&r=g\",\"contentUrl\":\"https:\\\/\\\/secure.gravatar.com\\\/avatar\\\/0dbbfc45970cc46bcd0e57766228574ff3511d6eed045b182f536f0f478c1f06?s=96&d=mm&r=g\",\"caption\":\"Cristian Falabella NOTICIASMERCEDINAS.COM\"},\"description\":\"Periodista, editor de Noticias Mercedinas. Pas\u00f3 por varias redacciones y emprendimientos de prensa, en distintos formatos y \u00e9pocas. Se especializ\u00f3 --y sigue haci\u00e9ndolo-- en comunicaci\u00f3n en la web y en junio de 2006 fund\u00f3 este diario digital.\",\"sameAs\":[\"https:\\\/\\\/noticiasmercedinas.com\",\"https:\\\/\\\/www.facebook.com\\\/cristian.falabella\",\"https:\\\/\\\/www.instagram.com\\\/noticiasmercedinas\\\/\",\"https:\\\/\\\/x.com\\\/https:\\\/\\\/twitter.com\\\/NOTMERCEDINAS\"],\"url\":\"https:\\\/\\\/noticiasmercedinas.com\\\/site\\\/author\\\/as000384\\\/\"}]}<\/script>\n<!-- \/ Yoast SEO plugin. -->","yoast_head_json":{"title":"Defensor\u00eda advirti\u00f3 l\u00edmites de colegios privados para aumentar las cuotas","robots":{"index":"index","follow":"follow","max-snippet":"max-snippet:-1","max-image-preview":"max-image-preview:large","max-video-preview":"max-video-preview:-1"},"canonical":"https:\/\/noticiasmercedinas.com\/site\/2019\/03\/15\/defensoria-advirtio-limites-de-colegios-privados-para-aumentar-las-cuotas\/","og_locale":"es_ES","og_type":"article","og_title":"Defensor\u00eda advirti\u00f3 l\u00edmites de colegios privados para aumentar las cuotas","og_description":"El organismo que dirige Guido Lorenzino explic\u00f3 cu\u00e1les son los topes que limitan los aranceles de estos establecimientos educativos. La Defensor\u00eda del Pueblo bonaerense inform\u00f3 los l\u00edmites que tienen los colegios privados, tanto los que reciben aportes estatales como los que no, ante las dudas generadas en torno a la forma en que los establecimiento [&hellip;]","og_url":"https:\/\/noticiasmercedinas.com\/site\/2019\/03\/15\/defensoria-advirtio-limites-de-colegios-privados-para-aumentar-las-cuotas\/","og_site_name":"NOTICIASMERCEDINAS.COM","article_publisher":"https:\/\/www.facebook.com\/noticiasmercedinas\/","article_author":"https:\/\/www.facebook.com\/cristian.falabella","article_published_time":"2019-03-15T18:59:44+00:00","og_image":[{"width":667,"height":276,"url":"https:\/\/noticiasmercedinas.com\/site\/wp-content\/uploads\/2019\/03\/IMG-20190315-WA0019-2.jpg","type":"image\/jpeg"}],"author":"Cristian Falabella NOTICIASMERCEDINAS.COM","twitter_card":"summary_large_image","twitter_creator":"@https:\/\/twitter.com\/NOTMERCEDINAS","twitter_site":"@notmercedinas","twitter_misc":{"Escrito por":"Cristian Falabella NOTICIASMERCEDINAS.COM","Tiempo de lectura":"2 minutos"},"schema":{"@context":"https:\/\/schema.org","@graph":[{"@type":"Article","@id":"https:\/\/noticiasmercedinas.com\/site\/2019\/03\/15\/defensoria-advirtio-limites-de-colegios-privados-para-aumentar-las-cuotas\/#article","isPartOf":{"@id":"https:\/\/noticiasmercedinas.com\/site\/2019\/03\/15\/defensoria-advirtio-limites-de-colegios-privados-para-aumentar-las-cuotas\/"},"author":{"name":"Cristian Falabella NOTICIASMERCEDINAS.COM","@id":"https:\/\/noticiasmercedinas.com\/site\/#\/schema\/person\/d481a9696a5feaec13a60e2bbd991a6a"},"headline":"Defensor\u00eda advirti\u00f3 l\u00edmites de colegios privados para aumentar las cuotas","datePublished":"2019-03-15T18:59:44+00:00","mainEntityOfPage":{"@id":"https:\/\/noticiasmercedinas.com\/site\/2019\/03\/15\/defensoria-advirtio-limites-de-colegios-privados-para-aumentar-las-cuotas\/"},"wordCount":316,"commentCount":0,"publisher":{"@id":"https:\/\/noticiasmercedinas.com\/site\/#organization"},"image":{"@id":"https:\/\/noticiasmercedinas.com\/site\/2019\/03\/15\/defensoria-advirtio-limites-de-colegios-privados-para-aumentar-las-cuotas\/#primaryimage"},"thumbnailUrl":"https:\/\/noticiasmercedinas.com\/site\/wp-content\/uploads\/2019\/03\/IMG-20190315-WA0019-2.jpg","keywords":["colegios","defensoria","guido lorenzino"],"articleSection":["Regionales"],"inLanguage":"es","potentialAction":[{"@type":"CommentAction","name":"Comment","target":["https:\/\/noticiasmercedinas.com\/site\/2019\/03\/15\/defensoria-advirtio-limites-de-colegios-privados-para-aumentar-las-cuotas\/#respond"]}]},{"@type":"WebPage","@id":"https:\/\/noticiasmercedinas.com\/site\/2019\/03\/15\/defensoria-advirtio-limites-de-colegios-privados-para-aumentar-las-cuotas\/","url":"https:\/\/noticiasmercedinas.com\/site\/2019\/03\/15\/defensoria-advirtio-limites-de-colegios-privados-para-aumentar-las-cuotas\/","name":"Defensor\u00eda advirti\u00f3 l\u00edmites de colegios privados para aumentar las cuotas","isPartOf":{"@id":"https:\/\/noticiasmercedinas.com\/site\/#website"},"primaryImageOfPage":{"@id":"https:\/\/noticiasmercedinas.com\/site\/2019\/03\/15\/defensoria-advirtio-limites-de-colegios-privados-para-aumentar-las-cuotas\/#primaryimage"},"image":{"@id":"https:\/\/noticiasmercedinas.com\/site\/2019\/03\/15\/defensoria-advirtio-limites-de-colegios-privados-para-aumentar-las-cuotas\/#primaryimage"},"thumbnailUrl":"https:\/\/noticiasmercedinas.com\/site\/wp-content\/uploads\/2019\/03\/IMG-20190315-WA0019-2.jpg","datePublished":"2019-03-15T18:59:44+00:00","breadcrumb":{"@id":"https:\/\/noticiasmercedinas.com\/site\/2019\/03\/15\/defensoria-advirtio-limites-de-colegios-privados-para-aumentar-las-cuotas\/#breadcrumb"},"inLanguage":"es","potentialAction":[{"@type":"ReadAction","target":["https:\/\/noticiasmercedinas.com\/site\/2019\/03\/15\/defensoria-advirtio-limites-de-colegios-privados-para-aumentar-las-cuotas\/"]}]},{"@type":"ImageObject","inLanguage":"es","@id":"https:\/\/noticiasmercedinas.com\/site\/2019\/03\/15\/defensoria-advirtio-limites-de-colegios-privados-para-aumentar-las-cuotas\/#primaryimage","url":"https:\/\/noticiasmercedinas.com\/site\/wp-content\/uploads\/2019\/03\/IMG-20190315-WA0019-2.jpg","contentUrl":"https:\/\/noticiasmercedinas.com\/site\/wp-content\/uploads\/2019\/03\/IMG-20190315-WA0019-2.jpg","width":667,"height":276},{"@type":"BreadcrumbList","@id":"https:\/\/noticiasmercedinas.com\/site\/2019\/03\/15\/defensoria-advirtio-limites-de-colegios-privados-para-aumentar-las-cuotas\/#breadcrumb","itemListElement":[{"@type":"ListItem","position":1,"name":"Portada","item":"https:\/\/noticiasmercedinas.com\/site\/"},{"@type":"ListItem","position":2,"name":"Defensor\u00eda advirti\u00f3 l\u00edmites de colegios privados para aumentar las cuotas"}]},{"@type":"WebSite","@id":"https:\/\/noticiasmercedinas.com\/site\/#website","url":"https:\/\/noticiasmercedinas.com\/site\/","name":"NOTICIASMERCEDINAS.COM","description":"Mercedes, Buenos Aires, Argentina","publisher":{"@id":"https:\/\/noticiasmercedinas.com\/site\/#organization"},"potentialAction":[{"@type":"SearchAction","target":{"@type":"EntryPoint","urlTemplate":"https:\/\/noticiasmercedinas.com\/site\/?s={search_term_string}"},"query-input":{"@type":"PropertyValueSpecification","valueRequired":true,"valueName":"search_term_string"}}],"inLanguage":"es"},{"@type":"Organization","@id":"https:\/\/noticiasmercedinas.com\/site\/#organization","name":"NOTICIASMERCEDINAS.COM","url":"https:\/\/noticiasmercedinas.com\/site\/","logo":{"@type":"ImageObject","inLanguage":"es","@id":"https:\/\/noticiasmercedinas.com\/site\/#\/schema\/logo\/image\/","url":"https:\/\/noticiasmercedinas.com\/site\/wp-content\/uploads\/2020\/06\/LOGO-512.jpg","contentUrl":"https:\/\/noticiasmercedinas.com\/site\/wp-content\/uploads\/2020\/06\/LOGO-512.jpg","width":512,"height":512,"caption":"NOTICIASMERCEDINAS.COM"},"image":{"@id":"https:\/\/noticiasmercedinas.com\/site\/#\/schema\/logo\/image\/"},"sameAs":["https:\/\/www.facebook.com\/noticiasmercedinas\/","https:\/\/x.com\/notmercedinas","https:\/\/www.instagram.com\/noticiasmercedinas\/"]},{"@type":"Person","@id":"https:\/\/noticiasmercedinas.com\/site\/#\/schema\/person\/d481a9696a5feaec13a60e2bbd991a6a","name":"Cristian Falabella NOTICIASMERCEDINAS.COM","image":{"@type":"ImageObject","inLanguage":"es","@id":"https:\/\/secure.gravatar.com\/avatar\/0dbbfc45970cc46bcd0e57766228574ff3511d6eed045b182f536f0f478c1f06?s=96&d=mm&r=g","url":"https:\/\/secure.gravatar.com\/avatar\/0dbbfc45970cc46bcd0e57766228574ff3511d6eed045b182f536f0f478c1f06?s=96&d=mm&r=g","contentUrl":"https:\/\/secure.gravatar.com\/avatar\/0dbbfc45970cc46bcd0e57766228574ff3511d6eed045b182f536f0f478c1f06?s=96&d=mm&r=g","caption":"Cristian Falabella NOTICIASMERCEDINAS.COM"},"description":"Periodista, editor de Noticias Mercedinas. Pas\u00f3 por varias redacciones y emprendimientos de prensa, en distintos formatos y \u00e9pocas. Se especializ\u00f3 --y sigue haci\u00e9ndolo-- en comunicaci\u00f3n en la web y en junio de 2006 fund\u00f3 este diario digital.","sameAs":["https:\/\/noticiasmercedinas.com","https:\/\/www.facebook.com\/cristian.falabella","https:\/\/www.instagram.com\/noticiasmercedinas\/","https:\/\/x.com\/https:\/\/twitter.com\/NOTMERCEDINAS"],"url":"https:\/\/noticiasmercedinas.com\/site\/author\/as000384\/"}]}},"amp_enabled":true,"_links":{"self":[{"href":"https:\/\/noticiasmercedinas.com\/site\/wp-json\/wp\/v2\/posts\/14174","targetHints":{"allow":["GET"]}}],"collection":[{"href":"https:\/\/noticiasmercedinas.com\/site\/wp-json\/wp\/v2\/posts"}],"about":[{"href":"https:\/\/noticiasmercedinas.com\/site\/wp-json\/wp\/v2\/types\/post"}],"author":[{"embeddable":true,"href":"https:\/\/noticiasmercedinas.com\/site\/wp-json\/wp\/v2\/users\/2"}],"replies":[{"embeddable":true,"href":"https:\/\/noticiasmercedinas.com\/site\/wp-json\/wp\/v2\/comments?post=14174"}],"version-history":[{"count":0,"href":"https:\/\/noticiasmercedinas.com\/site\/wp-json\/wp\/v2\/posts\/14174\/revisions"}],"wp:featuredmedia":[{"embeddable":true,"href":"https:\/\/noticiasmercedinas.com\/site\/wp-json\/wp\/v2\/media\/14173"}],"wp:attachment":[{"href":"https:\/\/noticiasmercedinas.com\/site\/wp-json\/wp\/v2\/media?parent=14174"}],"wp:term":[{"taxonomy":"category","embeddable":true,"href":"https:\/\/noticiasmercedinas.com\/site\/wp-json\/wp\/v2\/categories?post=14174"},{"taxonomy":"post_tag","embeddable":true,"href":"https:\/\/noticiasmercedinas.com\/site\/wp-json\/wp\/v2\/tags?post=14174"}],"curies":[{"name":"wp","href":"https:\/\/api.w.org\/{rel}","templated":true}]}}