{"id":142039,"date":"2024-08-17T17:33:25","date_gmt":"2024-08-17T20:33:25","guid":{"rendered":"https:\/\/noticiasmercedinas.com\/site\/?p=142039"},"modified":"2024-08-17T18:02:36","modified_gmt":"2024-08-17T21:02:36","slug":"habra-un-gran-festejo-por-el-dia-de-la-ninez-en-la-trocha","status":"publish","type":"post","link":"https:\/\/noticiasmercedinas.com\/site\/2024\/08\/17\/habra-un-gran-festejo-por-el-dia-de-la-ninez-en-la-trocha\/","title":{"rendered":"Habr\u00e1 un gran festejo por el D\u00eda de la Ni\u00f1ez en La Trocha"},"content":{"rendered":"<p><img loading=\"lazy\" decoding=\"async\" class=\"alignnone size-full wp-image-142040\" src=\"https:\/\/noticiasmercedinas.com\/site\/wp-content\/uploads\/2024\/08\/MHM6964.NEF_.jpg\" alt=\"\" width=\"1323\" height=\"879\" srcset=\"https:\/\/noticiasmercedinas.com\/site\/wp-content\/uploads\/2024\/08\/MHM6964.NEF_.jpg 1323w, https:\/\/noticiasmercedinas.com\/site\/wp-content\/uploads\/2024\/08\/MHM6964.NEF_-300x199.jpg 300w, https:\/\/noticiasmercedinas.com\/site\/wp-content\/uploads\/2024\/08\/MHM6964.NEF_-1024x680.jpg 1024w, https:\/\/noticiasmercedinas.com\/site\/wp-content\/uploads\/2024\/08\/MHM6964.NEF_-768x510.jpg 768w, https:\/\/noticiasmercedinas.com\/site\/wp-content\/uploads\/2024\/08\/MHM6964.NEF_-640x425.jpg 640w, https:\/\/noticiasmercedinas.com\/site\/wp-content\/uploads\/2024\/08\/MHM6964.NEF_-1280x850.jpg 1280w, https:\/\/noticiasmercedinas.com\/site\/wp-content\/uploads\/2024\/08\/MHM6964.NEF_-681x452.jpg 681w\" sizes=\"auto, (max-width: 1323px) 100vw, 1323px\" \/><\/p>\n<p>Este domingo 18 de agosto, a partir de las 14:30 horas, La Trocha ser\u00e1 el escenario de una gran celebraci\u00f3n por el D\u00eda de la Ni\u00f1ez, con una jornada llena de actividades recreativas y culturales, todas de acceso libre y gratuito.<\/p>\n<p>La directora de Ni\u00f1ez y Adolescencia, Lic. Gabriela Olivella, destac\u00f3 la diversidad de propuestas que se ofrecer\u00e1n: \u00abHabr\u00e1 un mont\u00f3n de espect\u00e1culos para los chicos, que ir\u00e1n desde un show musical hasta diversas actividades en los galpones de La Trocha. Contaremos con m\u00e1s de 40 inflables, actividades para la primera infancia, sectores de deportes con sus juegos ol\u00edmpicos, y la presencia de Gendarmer\u00eda, que estar\u00e1 junto a los adultos mayores sirviendo un delicioso chocolate. Adem\u00e1s, habr\u00e1 puestos de artesanos y mucho m\u00e1s.\u00bb<\/p>\n<p>Olivella subray\u00f3 la importancia de este evento, se\u00f1alando que \u00abser\u00e1 una gran apuesta para festejar con todos el D\u00eda de la Ni\u00f1ez en nuestra ciudad, donde la ni\u00f1ez es una prioridad\u00bb.<\/p>\n<p>Para facilitar la participaci\u00f3n de todas las familias, se dispondr\u00e1 de micros gratuitos desde distintas zonas de la ciudad, cuyos horarios podr\u00e1n consultarse en las redes sociales de la Municipalidad.<\/p>\n<p>La jornada promete ser una fiesta inolvidable, llena de alegr\u00eda y diversi\u00f3n para todos los ni\u00f1os y ni\u00f1as de la comunidad.<\/p>\n<p><img loading=\"lazy\" decoding=\"async\" class=\"alignnone size-full wp-image-142041\" src=\"https:\/\/noticiasmercedinas.com\/site\/wp-content\/uploads\/2024\/08\/Ninez-1.jpg\" alt=\"\" width=\"1280\" height=\"1280\" srcset=\"https:\/\/noticiasmercedinas.com\/site\/wp-content\/uploads\/2024\/08\/Ninez-1.jpg 1280w, https:\/\/noticiasmercedinas.com\/site\/wp-content\/uploads\/2024\/08\/Ninez-1-300x300.jpg 300w, https:\/\/noticiasmercedinas.com\/site\/wp-content\/uploads\/2024\/08\/Ninez-1-1024x1024.jpg 1024w, https:\/\/noticiasmercedinas.com\/site\/wp-content\/uploads\/2024\/08\/Ninez-1-150x150.jpg 150w, https:\/\/noticiasmercedinas.com\/site\/wp-content\/uploads\/2024\/08\/Ninez-1-768x768.jpg 768w, https:\/\/noticiasmercedinas.com\/site\/wp-content\/uploads\/2024\/08\/Ninez-1-640x640.jpg 640w, https:\/\/noticiasmercedinas.com\/site\/wp-content\/uploads\/2024\/08\/Ninez-1-681x681.jpg 681w\" sizes=\"auto, (max-width: 1280px) 100vw, 1280px\" \/> <img loading=\"lazy\" decoding=\"async\" class=\"alignnone size-full wp-image-142042\" src=\"https:\/\/noticiasmercedinas.com\/site\/wp-content\/uploads\/2024\/08\/Colectivos.jpg\" alt=\"\" width=\"1280\" height=\"1280\" srcset=\"https:\/\/noticiasmercedinas.com\/site\/wp-content\/uploads\/2024\/08\/Colectivos.jpg 1280w, https:\/\/noticiasmercedinas.com\/site\/wp-content\/uploads\/2024\/08\/Colectivos-300x300.jpg 300w, https:\/\/noticiasmercedinas.com\/site\/wp-content\/uploads\/2024\/08\/Colectivos-1024x1024.jpg 1024w, https:\/\/noticiasmercedinas.com\/site\/wp-content\/uploads\/2024\/08\/Colectivos-150x150.jpg 150w, https:\/\/noticiasmercedinas.com\/site\/wp-content\/uploads\/2024\/08\/Colectivos-768x768.jpg 768w, https:\/\/noticiasmercedinas.com\/site\/wp-content\/uploads\/2024\/08\/Colectivos-640x640.jpg 640w, https:\/\/noticiasmercedinas.com\/site\/wp-content\/uploads\/2024\/08\/Colectivos-681x681.jpg 681w\" sizes=\"auto, (max-width: 1280px) 100vw, 1280px\" \/><\/p>\n","protected":false},"excerpt":{"rendered":"<p>\u25a0 Este domingo. La jornada promete ser una fiesta inolvidable, llena de alegr\u00eda y diversi\u00f3n para todos los ni\u00f1os y ni\u00f1as de la comunidad.<\/p>\n","protected":false},"author":16,"featured_media":142040,"comment_status":"closed","ping_status":"closed","sticky":false,"template":"","format":"standard","meta":{"footnotes":""},"categories":[3],"tags":[79,5979,1057],"class_list":["post-142039","post","type-post","status-publish","format-standard","has-post-thumbnail","hentry","category-sociedad","tag-dia-del-nino","tag-festejos","tag-la-trocha"],"yoast_head":"<!-- This site is optimized with the Yoast SEO plugin v27.4 - https:\/\/yoast.com\/product\/yoast-seo-wordpress\/ -->\n<title>Habr\u00e1 un gran festejo por el D\u00eda de la Ni\u00f1ez en La Trocha<\/title>\n<meta name=\"robots\" content=\"index, follow, max-snippet:-1, max-image-preview:large, max-video-preview:-1\" \/>\n<link rel=\"canonical\" href=\"https:\/\/noticiasmercedinas.com\/site\/2024\/08\/17\/habra-un-gran-festejo-por-el-dia-de-la-ninez-en-la-trocha\/\" \/>\n<meta property=\"og:locale\" content=\"es_ES\" \/>\n<meta property=\"og:type\" content=\"article\" \/>\n<meta property=\"og:title\" content=\"Habr\u00e1 un gran festejo por el D\u00eda de la Ni\u00f1ez en La Trocha\" \/>\n<meta property=\"og:description\" content=\"\u25a0 Este domingo. La jornada promete ser una fiesta inolvidable, llena de alegr\u00eda y diversi\u00f3n para todos los ni\u00f1os y ni\u00f1as de la comunidad.\" \/>\n<meta property=\"og:url\" content=\"https:\/\/noticiasmercedinas.com\/site\/2024\/08\/17\/habra-un-gran-festejo-por-el-dia-de-la-ninez-en-la-trocha\/\" \/>\n<meta property=\"og:site_name\" content=\"NOTICIASMERCEDINAS.COM\" \/>\n<meta property=\"article:publisher\" content=\"https:\/\/www.facebook.com\/noticiasmercedinas\/\" \/>\n<meta property=\"article:published_time\" content=\"2024-08-17T20:33:25+00:00\" \/>\n<meta property=\"article:modified_time\" content=\"2024-08-17T21:02:36+00:00\" \/>\n<meta property=\"og:image\" content=\"https:\/\/noticiasmercedinas.com\/site\/wp-content\/uploads\/2024\/08\/MHM6964.NEF_.jpg\" \/>\n\t<meta property=\"og:image:width\" content=\"1323\" \/>\n\t<meta property=\"og:image:height\" content=\"879\" \/>\n\t<meta property=\"og:image:type\" content=\"image\/jpeg\" \/>\n<meta name=\"author\" content=\"NOTICIASMERCEDINAS.COM\" \/>\n<meta name=\"twitter:card\" content=\"summary_large_image\" \/>\n<meta name=\"twitter:creator\" content=\"@notmercedinas\" \/>\n<meta name=\"twitter:site\" content=\"@notmercedinas\" \/>\n<meta name=\"twitter:label1\" content=\"Escrito por\" \/>\n\t<meta name=\"twitter:data1\" content=\"NOTICIASMERCEDINAS.COM\" \/>\n\t<meta name=\"twitter:label2\" content=\"Tiempo de lectura\" \/>\n\t<meta name=\"twitter:data2\" content=\"1 minuto\" \/>\n<script type=\"application\/ld+json\" class=\"yoast-schema-graph\">{\"@context\":\"https:\\\/\\\/schema.org\",\"@graph\":[{\"@type\":\"Article\",\"@id\":\"https:\\\/\\\/noticiasmercedinas.com\\\/site\\\/2024\\\/08\\\/17\\\/habra-un-gran-festejo-por-el-dia-de-la-ninez-en-la-trocha\\\/#article\",\"isPartOf\":{\"@id\":\"https:\\\/\\\/noticiasmercedinas.com\\\/site\\\/2024\\\/08\\\/17\\\/habra-un-gran-festejo-por-el-dia-de-la-ninez-en-la-trocha\\\/\"},\"author\":{\"name\":\"NOTICIASMERCEDINAS.COM\",\"@id\":\"https:\\\/\\\/noticiasmercedinas.com\\\/site\\\/#\\\/schema\\\/person\\\/84b59c099c28ff2e8b77d4ceec5d8063\"},\"headline\":\"Habr\u00e1 un gran festejo por el D\u00eda de la Ni\u00f1ez en La Trocha\",\"datePublished\":\"2024-08-17T20:33:25+00:00\",\"dateModified\":\"2024-08-17T21:02:36+00:00\",\"mainEntityOfPage\":{\"@id\":\"https:\\\/\\\/noticiasmercedinas.com\\\/site\\\/2024\\\/08\\\/17\\\/habra-un-gran-festejo-por-el-dia-de-la-ninez-en-la-trocha\\\/\"},\"wordCount\":240,\"publisher\":{\"@id\":\"https:\\\/\\\/noticiasmercedinas.com\\\/site\\\/#organization\"},\"image\":{\"@id\":\"https:\\\/\\\/noticiasmercedinas.com\\\/site\\\/2024\\\/08\\\/17\\\/habra-un-gran-festejo-por-el-dia-de-la-ninez-en-la-trocha\\\/#primaryimage\"},\"thumbnailUrl\":\"https:\\\/\\\/noticiasmercedinas.com\\\/site\\\/wp-content\\\/uploads\\\/2024\\\/08\\\/MHM6964.NEF_.jpg\",\"keywords\":[\"dia del ni\u00f1o\",\"festejos\",\"la trocha\"],\"articleSection\":[\"Sociedad\"],\"inLanguage\":\"es\"},{\"@type\":\"WebPage\",\"@id\":\"https:\\\/\\\/noticiasmercedinas.com\\\/site\\\/2024\\\/08\\\/17\\\/habra-un-gran-festejo-por-el-dia-de-la-ninez-en-la-trocha\\\/\",\"url\":\"https:\\\/\\\/noticiasmercedinas.com\\\/site\\\/2024\\\/08\\\/17\\\/habra-un-gran-festejo-por-el-dia-de-la-ninez-en-la-trocha\\\/\",\"name\":\"Habr\u00e1 un gran festejo por el D\u00eda de la Ni\u00f1ez en La Trocha\",\"isPartOf\":{\"@id\":\"https:\\\/\\\/noticiasmercedinas.com\\\/site\\\/#website\"},\"primaryImageOfPage\":{\"@id\":\"https:\\\/\\\/noticiasmercedinas.com\\\/site\\\/2024\\\/08\\\/17\\\/habra-un-gran-festejo-por-el-dia-de-la-ninez-en-la-trocha\\\/#primaryimage\"},\"image\":{\"@id\":\"https:\\\/\\\/noticiasmercedinas.com\\\/site\\\/2024\\\/08\\\/17\\\/habra-un-gran-festejo-por-el-dia-de-la-ninez-en-la-trocha\\\/#primaryimage\"},\"thumbnailUrl\":\"https:\\\/\\\/noticiasmercedinas.com\\\/site\\\/wp-content\\\/uploads\\\/2024\\\/08\\\/MHM6964.NEF_.jpg\",\"datePublished\":\"2024-08-17T20:33:25+00:00\",\"dateModified\":\"2024-08-17T21:02:36+00:00\",\"breadcrumb\":{\"@id\":\"https:\\\/\\\/noticiasmercedinas.com\\\/site\\\/2024\\\/08\\\/17\\\/habra-un-gran-festejo-por-el-dia-de-la-ninez-en-la-trocha\\\/#breadcrumb\"},\"inLanguage\":\"es\",\"potentialAction\":[{\"@type\":\"ReadAction\",\"target\":[\"https:\\\/\\\/noticiasmercedinas.com\\\/site\\\/2024\\\/08\\\/17\\\/habra-un-gran-festejo-por-el-dia-de-la-ninez-en-la-trocha\\\/\"]}]},{\"@type\":\"ImageObject\",\"inLanguage\":\"es\",\"@id\":\"https:\\\/\\\/noticiasmercedinas.com\\\/site\\\/2024\\\/08\\\/17\\\/habra-un-gran-festejo-por-el-dia-de-la-ninez-en-la-trocha\\\/#primaryimage\",\"url\":\"https:\\\/\\\/noticiasmercedinas.com\\\/site\\\/wp-content\\\/uploads\\\/2024\\\/08\\\/MHM6964.NEF_.jpg\",\"contentUrl\":\"https:\\\/\\\/noticiasmercedinas.com\\\/site\\\/wp-content\\\/uploads\\\/2024\\\/08\\\/MHM6964.NEF_.jpg\",\"width\":1323,\"height\":879},{\"@type\":\"BreadcrumbList\",\"@id\":\"https:\\\/\\\/noticiasmercedinas.com\\\/site\\\/2024\\\/08\\\/17\\\/habra-un-gran-festejo-por-el-dia-de-la-ninez-en-la-trocha\\\/#breadcrumb\",\"itemListElement\":[{\"@type\":\"ListItem\",\"position\":1,\"name\":\"Portada\",\"item\":\"https:\\\/\\\/noticiasmercedinas.com\\\/site\\\/\"},{\"@type\":\"ListItem\",\"position\":2,\"name\":\"Habr\u00e1 un gran festejo por el D\u00eda de la Ni\u00f1ez en La Trocha\"}]},{\"@type\":\"WebSite\",\"@id\":\"https:\\\/\\\/noticiasmercedinas.com\\\/site\\\/#website\",\"url\":\"https:\\\/\\\/noticiasmercedinas.com\\\/site\\\/\",\"name\":\"NOTICIASMERCEDINAS.COM\",\"description\":\"Mercedes, Buenos Aires, Argentina\",\"publisher\":{\"@id\":\"https:\\\/\\\/noticiasmercedinas.com\\\/site\\\/#organization\"},\"potentialAction\":[{\"@type\":\"SearchAction\",\"target\":{\"@type\":\"EntryPoint\",\"urlTemplate\":\"https:\\\/\\\/noticiasmercedinas.com\\\/site\\\/?s={search_term_string}\"},\"query-input\":{\"@type\":\"PropertyValueSpecification\",\"valueRequired\":true,\"valueName\":\"search_term_string\"}}],\"inLanguage\":\"es\"},{\"@type\":\"Organization\",\"@id\":\"https:\\\/\\\/noticiasmercedinas.com\\\/site\\\/#organization\",\"name\":\"NOTICIASMERCEDINAS.COM\",\"url\":\"https:\\\/\\\/noticiasmercedinas.com\\\/site\\\/\",\"logo\":{\"@type\":\"ImageObject\",\"inLanguage\":\"es\",\"@id\":\"https:\\\/\\\/noticiasmercedinas.com\\\/site\\\/#\\\/schema\\\/logo\\\/image\\\/\",\"url\":\"https:\\\/\\\/noticiasmercedinas.com\\\/site\\\/wp-content\\\/uploads\\\/2020\\\/06\\\/LOGO-512.jpg\",\"contentUrl\":\"https:\\\/\\\/noticiasmercedinas.com\\\/site\\\/wp-content\\\/uploads\\\/2020\\\/06\\\/LOGO-512.jpg\",\"width\":512,\"height\":512,\"caption\":\"NOTICIASMERCEDINAS.COM\"},\"image\":{\"@id\":\"https:\\\/\\\/noticiasmercedinas.com\\\/site\\\/#\\\/schema\\\/logo\\\/image\\\/\"},\"sameAs\":[\"https:\\\/\\\/www.facebook.com\\\/noticiasmercedinas\\\/\",\"https:\\\/\\\/x.com\\\/notmercedinas\",\"https:\\\/\\\/www.instagram.com\\\/noticiasmercedinas\\\/\"]},{\"@type\":\"Person\",\"@id\":\"https:\\\/\\\/noticiasmercedinas.com\\\/site\\\/#\\\/schema\\\/person\\\/84b59c099c28ff2e8b77d4ceec5d8063\",\"name\":\"NOTICIASMERCEDINAS.COM\",\"image\":{\"@type\":\"ImageObject\",\"inLanguage\":\"es\",\"@id\":\"https:\\\/\\\/secure.gravatar.com\\\/avatar\\\/4dfbf16b4d17945bfb6341b2d19043457132fcf478a5ee04f42e959fd8f5df0a?s=96&d=mm&r=g\",\"url\":\"https:\\\/\\\/secure.gravatar.com\\\/avatar\\\/4dfbf16b4d17945bfb6341b2d19043457132fcf478a5ee04f42e959fd8f5df0a?s=96&d=mm&r=g\",\"contentUrl\":\"https:\\\/\\\/secure.gravatar.com\\\/avatar\\\/4dfbf16b4d17945bfb6341b2d19043457132fcf478a5ee04f42e959fd8f5df0a?s=96&d=mm&r=g\",\"caption\":\"NOTICIASMERCEDINAS.COM\"},\"url\":\"https:\\\/\\\/noticiasmercedinas.com\\\/site\\\/author\\\/anonimo\\\/\"}]}<\/script>\n<!-- \/ Yoast SEO plugin. -->","yoast_head_json":{"title":"Habr\u00e1 un gran festejo por el D\u00eda de la Ni\u00f1ez en La Trocha","robots":{"index":"index","follow":"follow","max-snippet":"max-snippet:-1","max-image-preview":"max-image-preview:large","max-video-preview":"max-video-preview:-1"},"canonical":"https:\/\/noticiasmercedinas.com\/site\/2024\/08\/17\/habra-un-gran-festejo-por-el-dia-de-la-ninez-en-la-trocha\/","og_locale":"es_ES","og_type":"article","og_title":"Habr\u00e1 un gran festejo por el D\u00eda de la Ni\u00f1ez en La Trocha","og_description":"\u25a0 Este domingo. La jornada promete ser una fiesta inolvidable, llena de alegr\u00eda y diversi\u00f3n para todos los ni\u00f1os y ni\u00f1as de la comunidad.","og_url":"https:\/\/noticiasmercedinas.com\/site\/2024\/08\/17\/habra-un-gran-festejo-por-el-dia-de-la-ninez-en-la-trocha\/","og_site_name":"NOTICIASMERCEDINAS.COM","article_publisher":"https:\/\/www.facebook.com\/noticiasmercedinas\/","article_published_time":"2024-08-17T20:33:25+00:00","article_modified_time":"2024-08-17T21:02:36+00:00","og_image":[{"width":1323,"height":879,"url":"https:\/\/noticiasmercedinas.com\/site\/wp-content\/uploads\/2024\/08\/MHM6964.NEF_.jpg","type":"image\/jpeg"}],"author":"NOTICIASMERCEDINAS.COM","twitter_card":"summary_large_image","twitter_creator":"@notmercedinas","twitter_site":"@notmercedinas","twitter_misc":{"Escrito por":"NOTICIASMERCEDINAS.COM","Tiempo de lectura":"1 minuto"},"schema":{"@context":"https:\/\/schema.org","@graph":[{"@type":"Article","@id":"https:\/\/noticiasmercedinas.com\/site\/2024\/08\/17\/habra-un-gran-festejo-por-el-dia-de-la-ninez-en-la-trocha\/#article","isPartOf":{"@id":"https:\/\/noticiasmercedinas.com\/site\/2024\/08\/17\/habra-un-gran-festejo-por-el-dia-de-la-ninez-en-la-trocha\/"},"author":{"name":"NOTICIASMERCEDINAS.COM","@id":"https:\/\/noticiasmercedinas.com\/site\/#\/schema\/person\/84b59c099c28ff2e8b77d4ceec5d8063"},"headline":"Habr\u00e1 un gran festejo por el D\u00eda de la Ni\u00f1ez en La Trocha","datePublished":"2024-08-17T20:33:25+00:00","dateModified":"2024-08-17T21:02:36+00:00","mainEntityOfPage":{"@id":"https:\/\/noticiasmercedinas.com\/site\/2024\/08\/17\/habra-un-gran-festejo-por-el-dia-de-la-ninez-en-la-trocha\/"},"wordCount":240,"publisher":{"@id":"https:\/\/noticiasmercedinas.com\/site\/#organization"},"image":{"@id":"https:\/\/noticiasmercedinas.com\/site\/2024\/08\/17\/habra-un-gran-festejo-por-el-dia-de-la-ninez-en-la-trocha\/#primaryimage"},"thumbnailUrl":"https:\/\/noticiasmercedinas.com\/site\/wp-content\/uploads\/2024\/08\/MHM6964.NEF_.jpg","keywords":["dia del ni\u00f1o","festejos","la trocha"],"articleSection":["Sociedad"],"inLanguage":"es"},{"@type":"WebPage","@id":"https:\/\/noticiasmercedinas.com\/site\/2024\/08\/17\/habra-un-gran-festejo-por-el-dia-de-la-ninez-en-la-trocha\/","url":"https:\/\/noticiasmercedinas.com\/site\/2024\/08\/17\/habra-un-gran-festejo-por-el-dia-de-la-ninez-en-la-trocha\/","name":"Habr\u00e1 un gran festejo por el D\u00eda de la Ni\u00f1ez en La Trocha","isPartOf":{"@id":"https:\/\/noticiasmercedinas.com\/site\/#website"},"primaryImageOfPage":{"@id":"https:\/\/noticiasmercedinas.com\/site\/2024\/08\/17\/habra-un-gran-festejo-por-el-dia-de-la-ninez-en-la-trocha\/#primaryimage"},"image":{"@id":"https:\/\/noticiasmercedinas.com\/site\/2024\/08\/17\/habra-un-gran-festejo-por-el-dia-de-la-ninez-en-la-trocha\/#primaryimage"},"thumbnailUrl":"https:\/\/noticiasmercedinas.com\/site\/wp-content\/uploads\/2024\/08\/MHM6964.NEF_.jpg","datePublished":"2024-08-17T20:33:25+00:00","dateModified":"2024-08-17T21:02:36+00:00","breadcrumb":{"@id":"https:\/\/noticiasmercedinas.com\/site\/2024\/08\/17\/habra-un-gran-festejo-por-el-dia-de-la-ninez-en-la-trocha\/#breadcrumb"},"inLanguage":"es","potentialAction":[{"@type":"ReadAction","target":["https:\/\/noticiasmercedinas.com\/site\/2024\/08\/17\/habra-un-gran-festejo-por-el-dia-de-la-ninez-en-la-trocha\/"]}]},{"@type":"ImageObject","inLanguage":"es","@id":"https:\/\/noticiasmercedinas.com\/site\/2024\/08\/17\/habra-un-gran-festejo-por-el-dia-de-la-ninez-en-la-trocha\/#primaryimage","url":"https:\/\/noticiasmercedinas.com\/site\/wp-content\/uploads\/2024\/08\/MHM6964.NEF_.jpg","contentUrl":"https:\/\/noticiasmercedinas.com\/site\/wp-content\/uploads\/2024\/08\/MHM6964.NEF_.jpg","width":1323,"height":879},{"@type":"BreadcrumbList","@id":"https:\/\/noticiasmercedinas.com\/site\/2024\/08\/17\/habra-un-gran-festejo-por-el-dia-de-la-ninez-en-la-trocha\/#breadcrumb","itemListElement":[{"@type":"ListItem","position":1,"name":"Portada","item":"https:\/\/noticiasmercedinas.com\/site\/"},{"@type":"ListItem","position":2,"name":"Habr\u00e1 un gran festejo por el D\u00eda de la Ni\u00f1ez en La Trocha"}]},{"@type":"WebSite","@id":"https:\/\/noticiasmercedinas.com\/site\/#website","url":"https:\/\/noticiasmercedinas.com\/site\/","name":"NOTICIASMERCEDINAS.COM","description":"Mercedes, Buenos Aires, Argentina","publisher":{"@id":"https:\/\/noticiasmercedinas.com\/site\/#organization"},"potentialAction":[{"@type":"SearchAction","target":{"@type":"EntryPoint","urlTemplate":"https:\/\/noticiasmercedinas.com\/site\/?s={search_term_string}"},"query-input":{"@type":"PropertyValueSpecification","valueRequired":true,"valueName":"search_term_string"}}],"inLanguage":"es"},{"@type":"Organization","@id":"https:\/\/noticiasmercedinas.com\/site\/#organization","name":"NOTICIASMERCEDINAS.COM","url":"https:\/\/noticiasmercedinas.com\/site\/","logo":{"@type":"ImageObject","inLanguage":"es","@id":"https:\/\/noticiasmercedinas.com\/site\/#\/schema\/logo\/image\/","url":"https:\/\/noticiasmercedinas.com\/site\/wp-content\/uploads\/2020\/06\/LOGO-512.jpg","contentUrl":"https:\/\/noticiasmercedinas.com\/site\/wp-content\/uploads\/2020\/06\/LOGO-512.jpg","width":512,"height":512,"caption":"NOTICIASMERCEDINAS.COM"},"image":{"@id":"https:\/\/noticiasmercedinas.com\/site\/#\/schema\/logo\/image\/"},"sameAs":["https:\/\/www.facebook.com\/noticiasmercedinas\/","https:\/\/x.com\/notmercedinas","https:\/\/www.instagram.com\/noticiasmercedinas\/"]},{"@type":"Person","@id":"https:\/\/noticiasmercedinas.com\/site\/#\/schema\/person\/84b59c099c28ff2e8b77d4ceec5d8063","name":"NOTICIASMERCEDINAS.COM","image":{"@type":"ImageObject","inLanguage":"es","@id":"https:\/\/secure.gravatar.com\/avatar\/4dfbf16b4d17945bfb6341b2d19043457132fcf478a5ee04f42e959fd8f5df0a?s=96&d=mm&r=g","url":"https:\/\/secure.gravatar.com\/avatar\/4dfbf16b4d17945bfb6341b2d19043457132fcf478a5ee04f42e959fd8f5df0a?s=96&d=mm&r=g","contentUrl":"https:\/\/secure.gravatar.com\/avatar\/4dfbf16b4d17945bfb6341b2d19043457132fcf478a5ee04f42e959fd8f5df0a?s=96&d=mm&r=g","caption":"NOTICIASMERCEDINAS.COM"},"url":"https:\/\/noticiasmercedinas.com\/site\/author\/anonimo\/"}]}},"amp_enabled":true,"_links":{"self":[{"href":"https:\/\/noticiasmercedinas.com\/site\/wp-json\/wp\/v2\/posts\/142039","targetHints":{"allow":["GET"]}}],"collection":[{"href":"https:\/\/noticiasmercedinas.com\/site\/wp-json\/wp\/v2\/posts"}],"about":[{"href":"https:\/\/noticiasmercedinas.com\/site\/wp-json\/wp\/v2\/types\/post"}],"author":[{"embeddable":true,"href":"https:\/\/noticiasmercedinas.com\/site\/wp-json\/wp\/v2\/users\/16"}],"replies":[{"embeddable":true,"href":"https:\/\/noticiasmercedinas.com\/site\/wp-json\/wp\/v2\/comments?post=142039"}],"version-history":[{"count":2,"href":"https:\/\/noticiasmercedinas.com\/site\/wp-json\/wp\/v2\/posts\/142039\/revisions"}],"predecessor-version":[{"id":142044,"href":"https:\/\/noticiasmercedinas.com\/site\/wp-json\/wp\/v2\/posts\/142039\/revisions\/142044"}],"wp:featuredmedia":[{"embeddable":true,"href":"https:\/\/noticiasmercedinas.com\/site\/wp-json\/wp\/v2\/media\/142040"}],"wp:attachment":[{"href":"https:\/\/noticiasmercedinas.com\/site\/wp-json\/wp\/v2\/media?parent=142039"}],"wp:term":[{"taxonomy":"category","embeddable":true,"href":"https:\/\/noticiasmercedinas.com\/site\/wp-json\/wp\/v2\/categories?post=142039"},{"taxonomy":"post_tag","embeddable":true,"href":"https:\/\/noticiasmercedinas.com\/site\/wp-json\/wp\/v2\/tags?post=142039"}],"curies":[{"name":"wp","href":"https:\/\/api.w.org\/{rel}","templated":true}]}}