{"id":142306,"date":"2024-08-21T20:29:24","date_gmt":"2024-08-21T23:29:24","guid":{"rendered":"https:\/\/noticiasmercedinas.com\/site\/?p=142306"},"modified":"2024-08-21T20:29:24","modified_gmt":"2024-08-21T23:29:24","slug":"hernan-casciari-anuncia-una-serie-de-recitales-de-cuentos-en-montevideo","status":"publish","type":"post","link":"https:\/\/noticiasmercedinas.com\/site\/2024\/08\/21\/hernan-casciari-anuncia-una-serie-de-recitales-de-cuentos-en-montevideo\/","title":{"rendered":"Hern\u00e1n Casciari anuncia una serie de recitales de cuentos en Montevideo"},"content":{"rendered":"<p><img loading=\"lazy\" decoding=\"async\" class=\"alignnone size-full wp-image-142307\" src=\"https:\/\/noticiasmercedinas.com\/site\/wp-content\/uploads\/2024\/08\/CASCIARI.jpg\" alt=\"\" width=\"640\" height=\"503\" srcset=\"https:\/\/noticiasmercedinas.com\/site\/wp-content\/uploads\/2024\/08\/CASCIARI.jpg 640w, https:\/\/noticiasmercedinas.com\/site\/wp-content\/uploads\/2024\/08\/CASCIARI-300x236.jpg 300w\" sizes=\"auto, (max-width: 640px) 100vw, 640px\" \/><\/p>\n<p>El reconocido escritor de origen mercedino <strong>Hern\u00e1n Casciari<\/strong> ha anunciado una serie de recitales de cuentos en Montevideo, que se llevar\u00e1n a cabo todos los primeros domingos de cada mes hasta culminar en diciembre con un gran festejo.<\/p>\n<p>Esta serie de eventos tiene un significado especial para Casciari, quien recuerda con gratitud c\u00f3mo su vida cambi\u00f3 tras sufrir un infarto en Montevideo el 6 de diciembre de 2015.<\/p>\n<p>Es que gracias al apoyo de su pareja, un matrimonio local y el sistema de salud p\u00fablica uruguayo logr\u00f3 recuperarse, lo que lo llev\u00f3 a dejar de fumar y mejorar su salud considerablemente, tal cual resalta.<\/p>\n<p><strong>Agenda de los recitales<\/strong><\/p>\n<p><strong>Septiembre<\/strong>: El 1 de septiembre, Casciari presentar\u00e1 en la Sala Camacu\u00e1 su unipersonal <strong>\u00abPuro cuento\u00bb<\/strong>, una recopilaci\u00f3n de relatos que ha llevado de gira por diversas partes del mundo. Seg\u00fan el autor, aunque algunos asistentes ya hayan escuchado estos cuentos en otras ocasiones, esta vez encontrar\u00e1n novedades, ya que los relatos ser\u00e1n diferentes.<\/p>\n<p><strong>Octubre<\/strong>: El 6 de octubre, Casciari ofrecer\u00e1 <strong>\u00ab\u00danicamente criaturas\u00bb<\/strong>, un espect\u00e1culo pensado para disfrutar en familia, especialmente para ni\u00f1os a partir de los siete a\u00f1os. En este evento, el humorista gr\u00e1fico Gustavo Sala acompa\u00f1ar\u00e1 a Casciari, dibujando en vivo durante la narraci\u00f3n de los cuentos, que estar\u00e1n basados en la infancia del escritor.<\/p>\n<p><strong>Noviembre<\/strong>: En noviembre, en una fecha a\u00fan por confirmar, Casciari presentar\u00e1 <strong>\u00abHistorias corales\u00bb<\/strong>, una propuesta innovadora en la que leer\u00e1 cuentos mientras el Coro Infantil Nacional de Uruguay intentar\u00e1 interrumpirlo. Este espect\u00e1culo, que se desarrollar\u00e1 en un teatro de renombre, es una de las propuestas m\u00e1s originales de la serie.<\/p>\n<p><strong>Diciembre<\/strong>: El 1 de diciembre, Casciari celebrar\u00e1 el aniversario de su renacimiento con <strong>\u00abEl mejor infarto de mi vida\u00bb<\/strong>, un evento especial que a\u00fan no tiene lugar definido. El autor ha invitado a sus seguidores a proponer el lugar ideal para esta celebraci\u00f3n, que ser\u00e1 el broche de oro de la serie de recitales.<\/p>\n<p>Las entradas para los recitales de septiembre, octubre y noviembre ya est\u00e1n a la venta en <a href=\"https:\/\/www.hernancasciari.com\">hernancasciari.com<\/a> y <a href=\"https:\/\/www.redtickets.uy\">redtickets.uy<\/a>. Adem\u00e1s, se ha anunciado que habr\u00e1 premios especiales para quienes asistan a los cuatro shows.<\/p>\n<p>Hern\u00e1n Casciari es un escritor y editor argentino, nacido en Mercedes, Buenos Aires, en 1971. Es conocido por ser uno de los pioneros del g\u00e9nero de blogs literarios, donde combin\u00f3 la narrativa tradicional con el formato digital.<\/p>\n<p>Su blog <em>Orsai<\/em>, iniciado en 2003, se convirti\u00f3 en un fen\u00f3meno de la literatura en l\u00ednea, y su \u00e9xito lo llev\u00f3 a la publicaci\u00f3n de varios libros, entre los que destacan <em>M\u00e1s respeto que soy tu madre<\/em> y <em>El pibe que arruinaba las fotos<\/em>. Casciari es tambi\u00e9n fundador de la revista <em>Orsai<\/em> y la editorial hom\u00f3nima, que se han caracterizado por su independencia y enfoque comunitario.<\/p>\n<p>Adem\u00e1s, ha ganado reconocimiento por sus unipersonales y recitales de cuentos, en los que combina su talento narrativo con el humor y la emotividad. Su obra ha sido traducida a varios idiomas, y su estilo, cercano y aut\u00e9ntico, lo ha convertido en una figura influyente en el mundo de la literatura contempor\u00e1nea.<\/p>\n","protected":false},"excerpt":{"rendered":"<p>\u25a0 Esta serie de eventos tiene un significado especial para Casciari, quien recuerda con gratitud c\u00f3mo su vida cambi\u00f3 tras sufrir un infarto en Montevideo el 6 de diciembre de 2015.<\/p>\n","protected":false},"author":16,"featured_media":142307,"comment_status":"closed","ping_status":"closed","sticky":false,"template":"","format":"standard","meta":{"footnotes":""},"categories":[4],"tags":[6701,193,7873],"class_list":["post-142306","post","type-post","status-publish","format-standard","has-post-thumbnail","hentry","category-cultura","tag-cuentos","tag-hernan-casciari","tag-montevideo"],"yoast_head":"<!-- This site is optimized with the Yoast SEO plugin v27.4 - https:\/\/yoast.com\/product\/yoast-seo-wordpress\/ -->\n<title>Hern\u00e1n Casciari anuncia una serie de recitales de cuentos en Montevideo<\/title>\n<meta name=\"robots\" content=\"index, follow, max-snippet:-1, max-image-preview:large, max-video-preview:-1\" \/>\n<link rel=\"canonical\" href=\"https:\/\/noticiasmercedinas.com\/site\/2024\/08\/21\/hernan-casciari-anuncia-una-serie-de-recitales-de-cuentos-en-montevideo\/\" \/>\n<meta property=\"og:locale\" content=\"es_ES\" \/>\n<meta property=\"og:type\" content=\"article\" \/>\n<meta property=\"og:title\" content=\"Hern\u00e1n Casciari anuncia una serie de recitales de cuentos en Montevideo\" \/>\n<meta property=\"og:description\" content=\"\u25a0 Esta serie de eventos tiene un significado especial para Casciari, quien recuerda con gratitud c\u00f3mo su vida cambi\u00f3 tras sufrir un infarto en Montevideo el 6 de diciembre de 2015.\" \/>\n<meta property=\"og:url\" content=\"https:\/\/noticiasmercedinas.com\/site\/2024\/08\/21\/hernan-casciari-anuncia-una-serie-de-recitales-de-cuentos-en-montevideo\/\" \/>\n<meta property=\"og:site_name\" content=\"NOTICIASMERCEDINAS.COM\" \/>\n<meta property=\"article:publisher\" content=\"https:\/\/www.facebook.com\/noticiasmercedinas\/\" \/>\n<meta property=\"article:published_time\" content=\"2024-08-21T23:29:24+00:00\" \/>\n<meta property=\"og:image\" content=\"https:\/\/noticiasmercedinas.com\/site\/wp-content\/uploads\/2024\/08\/CASCIARI.jpg\" \/>\n\t<meta property=\"og:image:width\" content=\"640\" \/>\n\t<meta property=\"og:image:height\" content=\"503\" \/>\n\t<meta property=\"og:image:type\" content=\"image\/jpeg\" \/>\n<meta name=\"author\" content=\"NOTICIASMERCEDINAS.COM\" \/>\n<meta name=\"twitter:card\" content=\"summary_large_image\" \/>\n<meta name=\"twitter:creator\" content=\"@notmercedinas\" \/>\n<meta name=\"twitter:site\" content=\"@notmercedinas\" \/>\n<meta name=\"twitter:label1\" content=\"Escrito por\" \/>\n\t<meta name=\"twitter:data1\" content=\"NOTICIASMERCEDINAS.COM\" \/>\n\t<meta name=\"twitter:label2\" content=\"Tiempo de lectura\" \/>\n\t<meta name=\"twitter:data2\" content=\"3 minutos\" \/>\n<script type=\"application\/ld+json\" class=\"yoast-schema-graph\">{\"@context\":\"https:\\\/\\\/schema.org\",\"@graph\":[{\"@type\":\"Article\",\"@id\":\"https:\\\/\\\/noticiasmercedinas.com\\\/site\\\/2024\\\/08\\\/21\\\/hernan-casciari-anuncia-una-serie-de-recitales-de-cuentos-en-montevideo\\\/#article\",\"isPartOf\":{\"@id\":\"https:\\\/\\\/noticiasmercedinas.com\\\/site\\\/2024\\\/08\\\/21\\\/hernan-casciari-anuncia-una-serie-de-recitales-de-cuentos-en-montevideo\\\/\"},\"author\":{\"name\":\"NOTICIASMERCEDINAS.COM\",\"@id\":\"https:\\\/\\\/noticiasmercedinas.com\\\/site\\\/#\\\/schema\\\/person\\\/84b59c099c28ff2e8b77d4ceec5d8063\"},\"headline\":\"Hern\u00e1n Casciari anuncia una serie de recitales de cuentos en Montevideo\",\"datePublished\":\"2024-08-21T23:29:24+00:00\",\"mainEntityOfPage\":{\"@id\":\"https:\\\/\\\/noticiasmercedinas.com\\\/site\\\/2024\\\/08\\\/21\\\/hernan-casciari-anuncia-una-serie-de-recitales-de-cuentos-en-montevideo\\\/\"},\"wordCount\":547,\"publisher\":{\"@id\":\"https:\\\/\\\/noticiasmercedinas.com\\\/site\\\/#organization\"},\"image\":{\"@id\":\"https:\\\/\\\/noticiasmercedinas.com\\\/site\\\/2024\\\/08\\\/21\\\/hernan-casciari-anuncia-una-serie-de-recitales-de-cuentos-en-montevideo\\\/#primaryimage\"},\"thumbnailUrl\":\"https:\\\/\\\/noticiasmercedinas.com\\\/site\\\/wp-content\\\/uploads\\\/2024\\\/08\\\/CASCIARI.jpg\",\"keywords\":[\"cuentos\",\"hernan casciari\",\"Montevideo\"],\"articleSection\":[\"Cultura\"],\"inLanguage\":\"es\"},{\"@type\":\"WebPage\",\"@id\":\"https:\\\/\\\/noticiasmercedinas.com\\\/site\\\/2024\\\/08\\\/21\\\/hernan-casciari-anuncia-una-serie-de-recitales-de-cuentos-en-montevideo\\\/\",\"url\":\"https:\\\/\\\/noticiasmercedinas.com\\\/site\\\/2024\\\/08\\\/21\\\/hernan-casciari-anuncia-una-serie-de-recitales-de-cuentos-en-montevideo\\\/\",\"name\":\"Hern\u00e1n Casciari anuncia una serie de recitales de cuentos en Montevideo\",\"isPartOf\":{\"@id\":\"https:\\\/\\\/noticiasmercedinas.com\\\/site\\\/#website\"},\"primaryImageOfPage\":{\"@id\":\"https:\\\/\\\/noticiasmercedinas.com\\\/site\\\/2024\\\/08\\\/21\\\/hernan-casciari-anuncia-una-serie-de-recitales-de-cuentos-en-montevideo\\\/#primaryimage\"},\"image\":{\"@id\":\"https:\\\/\\\/noticiasmercedinas.com\\\/site\\\/2024\\\/08\\\/21\\\/hernan-casciari-anuncia-una-serie-de-recitales-de-cuentos-en-montevideo\\\/#primaryimage\"},\"thumbnailUrl\":\"https:\\\/\\\/noticiasmercedinas.com\\\/site\\\/wp-content\\\/uploads\\\/2024\\\/08\\\/CASCIARI.jpg\",\"datePublished\":\"2024-08-21T23:29:24+00:00\",\"breadcrumb\":{\"@id\":\"https:\\\/\\\/noticiasmercedinas.com\\\/site\\\/2024\\\/08\\\/21\\\/hernan-casciari-anuncia-una-serie-de-recitales-de-cuentos-en-montevideo\\\/#breadcrumb\"},\"inLanguage\":\"es\",\"potentialAction\":[{\"@type\":\"ReadAction\",\"target\":[\"https:\\\/\\\/noticiasmercedinas.com\\\/site\\\/2024\\\/08\\\/21\\\/hernan-casciari-anuncia-una-serie-de-recitales-de-cuentos-en-montevideo\\\/\"]}]},{\"@type\":\"ImageObject\",\"inLanguage\":\"es\",\"@id\":\"https:\\\/\\\/noticiasmercedinas.com\\\/site\\\/2024\\\/08\\\/21\\\/hernan-casciari-anuncia-una-serie-de-recitales-de-cuentos-en-montevideo\\\/#primaryimage\",\"url\":\"https:\\\/\\\/noticiasmercedinas.com\\\/site\\\/wp-content\\\/uploads\\\/2024\\\/08\\\/CASCIARI.jpg\",\"contentUrl\":\"https:\\\/\\\/noticiasmercedinas.com\\\/site\\\/wp-content\\\/uploads\\\/2024\\\/08\\\/CASCIARI.jpg\",\"width\":640,\"height\":503},{\"@type\":\"BreadcrumbList\",\"@id\":\"https:\\\/\\\/noticiasmercedinas.com\\\/site\\\/2024\\\/08\\\/21\\\/hernan-casciari-anuncia-una-serie-de-recitales-de-cuentos-en-montevideo\\\/#breadcrumb\",\"itemListElement\":[{\"@type\":\"ListItem\",\"position\":1,\"name\":\"Portada\",\"item\":\"https:\\\/\\\/noticiasmercedinas.com\\\/site\\\/\"},{\"@type\":\"ListItem\",\"position\":2,\"name\":\"Hern\u00e1n Casciari anuncia una serie de recitales de cuentos en Montevideo\"}]},{\"@type\":\"WebSite\",\"@id\":\"https:\\\/\\\/noticiasmercedinas.com\\\/site\\\/#website\",\"url\":\"https:\\\/\\\/noticiasmercedinas.com\\\/site\\\/\",\"name\":\"NOTICIASMERCEDINAS.COM\",\"description\":\"Mercedes, Buenos Aires, Argentina\",\"publisher\":{\"@id\":\"https:\\\/\\\/noticiasmercedinas.com\\\/site\\\/#organization\"},\"potentialAction\":[{\"@type\":\"SearchAction\",\"target\":{\"@type\":\"EntryPoint\",\"urlTemplate\":\"https:\\\/\\\/noticiasmercedinas.com\\\/site\\\/?s={search_term_string}\"},\"query-input\":{\"@type\":\"PropertyValueSpecification\",\"valueRequired\":true,\"valueName\":\"search_term_string\"}}],\"inLanguage\":\"es\"},{\"@type\":\"Organization\",\"@id\":\"https:\\\/\\\/noticiasmercedinas.com\\\/site\\\/#organization\",\"name\":\"NOTICIASMERCEDINAS.COM\",\"url\":\"https:\\\/\\\/noticiasmercedinas.com\\\/site\\\/\",\"logo\":{\"@type\":\"ImageObject\",\"inLanguage\":\"es\",\"@id\":\"https:\\\/\\\/noticiasmercedinas.com\\\/site\\\/#\\\/schema\\\/logo\\\/image\\\/\",\"url\":\"https:\\\/\\\/noticiasmercedinas.com\\\/site\\\/wp-content\\\/uploads\\\/2020\\\/06\\\/LOGO-512.jpg\",\"contentUrl\":\"https:\\\/\\\/noticiasmercedinas.com\\\/site\\\/wp-content\\\/uploads\\\/2020\\\/06\\\/LOGO-512.jpg\",\"width\":512,\"height\":512,\"caption\":\"NOTICIASMERCEDINAS.COM\"},\"image\":{\"@id\":\"https:\\\/\\\/noticiasmercedinas.com\\\/site\\\/#\\\/schema\\\/logo\\\/image\\\/\"},\"sameAs\":[\"https:\\\/\\\/www.facebook.com\\\/noticiasmercedinas\\\/\",\"https:\\\/\\\/x.com\\\/notmercedinas\",\"https:\\\/\\\/www.instagram.com\\\/noticiasmercedinas\\\/\"]},{\"@type\":\"Person\",\"@id\":\"https:\\\/\\\/noticiasmercedinas.com\\\/site\\\/#\\\/schema\\\/person\\\/84b59c099c28ff2e8b77d4ceec5d8063\",\"name\":\"NOTICIASMERCEDINAS.COM\",\"image\":{\"@type\":\"ImageObject\",\"inLanguage\":\"es\",\"@id\":\"https:\\\/\\\/secure.gravatar.com\\\/avatar\\\/4dfbf16b4d17945bfb6341b2d19043457132fcf478a5ee04f42e959fd8f5df0a?s=96&d=mm&r=g\",\"url\":\"https:\\\/\\\/secure.gravatar.com\\\/avatar\\\/4dfbf16b4d17945bfb6341b2d19043457132fcf478a5ee04f42e959fd8f5df0a?s=96&d=mm&r=g\",\"contentUrl\":\"https:\\\/\\\/secure.gravatar.com\\\/avatar\\\/4dfbf16b4d17945bfb6341b2d19043457132fcf478a5ee04f42e959fd8f5df0a?s=96&d=mm&r=g\",\"caption\":\"NOTICIASMERCEDINAS.COM\"},\"url\":\"https:\\\/\\\/noticiasmercedinas.com\\\/site\\\/author\\\/anonimo\\\/\"}]}<\/script>\n<!-- \/ Yoast SEO plugin. -->","yoast_head_json":{"title":"Hern\u00e1n Casciari anuncia una serie de recitales de cuentos en Montevideo","robots":{"index":"index","follow":"follow","max-snippet":"max-snippet:-1","max-image-preview":"max-image-preview:large","max-video-preview":"max-video-preview:-1"},"canonical":"https:\/\/noticiasmercedinas.com\/site\/2024\/08\/21\/hernan-casciari-anuncia-una-serie-de-recitales-de-cuentos-en-montevideo\/","og_locale":"es_ES","og_type":"article","og_title":"Hern\u00e1n Casciari anuncia una serie de recitales de cuentos en Montevideo","og_description":"\u25a0 Esta serie de eventos tiene un significado especial para Casciari, quien recuerda con gratitud c\u00f3mo su vida cambi\u00f3 tras sufrir un infarto en Montevideo el 6 de diciembre de 2015.","og_url":"https:\/\/noticiasmercedinas.com\/site\/2024\/08\/21\/hernan-casciari-anuncia-una-serie-de-recitales-de-cuentos-en-montevideo\/","og_site_name":"NOTICIASMERCEDINAS.COM","article_publisher":"https:\/\/www.facebook.com\/noticiasmercedinas\/","article_published_time":"2024-08-21T23:29:24+00:00","og_image":[{"width":640,"height":503,"url":"https:\/\/noticiasmercedinas.com\/site\/wp-content\/uploads\/2024\/08\/CASCIARI.jpg","type":"image\/jpeg"}],"author":"NOTICIASMERCEDINAS.COM","twitter_card":"summary_large_image","twitter_creator":"@notmercedinas","twitter_site":"@notmercedinas","twitter_misc":{"Escrito por":"NOTICIASMERCEDINAS.COM","Tiempo de lectura":"3 minutos"},"schema":{"@context":"https:\/\/schema.org","@graph":[{"@type":"Article","@id":"https:\/\/noticiasmercedinas.com\/site\/2024\/08\/21\/hernan-casciari-anuncia-una-serie-de-recitales-de-cuentos-en-montevideo\/#article","isPartOf":{"@id":"https:\/\/noticiasmercedinas.com\/site\/2024\/08\/21\/hernan-casciari-anuncia-una-serie-de-recitales-de-cuentos-en-montevideo\/"},"author":{"name":"NOTICIASMERCEDINAS.COM","@id":"https:\/\/noticiasmercedinas.com\/site\/#\/schema\/person\/84b59c099c28ff2e8b77d4ceec5d8063"},"headline":"Hern\u00e1n Casciari anuncia una serie de recitales de cuentos en Montevideo","datePublished":"2024-08-21T23:29:24+00:00","mainEntityOfPage":{"@id":"https:\/\/noticiasmercedinas.com\/site\/2024\/08\/21\/hernan-casciari-anuncia-una-serie-de-recitales-de-cuentos-en-montevideo\/"},"wordCount":547,"publisher":{"@id":"https:\/\/noticiasmercedinas.com\/site\/#organization"},"image":{"@id":"https:\/\/noticiasmercedinas.com\/site\/2024\/08\/21\/hernan-casciari-anuncia-una-serie-de-recitales-de-cuentos-en-montevideo\/#primaryimage"},"thumbnailUrl":"https:\/\/noticiasmercedinas.com\/site\/wp-content\/uploads\/2024\/08\/CASCIARI.jpg","keywords":["cuentos","hernan casciari","Montevideo"],"articleSection":["Cultura"],"inLanguage":"es"},{"@type":"WebPage","@id":"https:\/\/noticiasmercedinas.com\/site\/2024\/08\/21\/hernan-casciari-anuncia-una-serie-de-recitales-de-cuentos-en-montevideo\/","url":"https:\/\/noticiasmercedinas.com\/site\/2024\/08\/21\/hernan-casciari-anuncia-una-serie-de-recitales-de-cuentos-en-montevideo\/","name":"Hern\u00e1n Casciari anuncia una serie de recitales de cuentos en Montevideo","isPartOf":{"@id":"https:\/\/noticiasmercedinas.com\/site\/#website"},"primaryImageOfPage":{"@id":"https:\/\/noticiasmercedinas.com\/site\/2024\/08\/21\/hernan-casciari-anuncia-una-serie-de-recitales-de-cuentos-en-montevideo\/#primaryimage"},"image":{"@id":"https:\/\/noticiasmercedinas.com\/site\/2024\/08\/21\/hernan-casciari-anuncia-una-serie-de-recitales-de-cuentos-en-montevideo\/#primaryimage"},"thumbnailUrl":"https:\/\/noticiasmercedinas.com\/site\/wp-content\/uploads\/2024\/08\/CASCIARI.jpg","datePublished":"2024-08-21T23:29:24+00:00","breadcrumb":{"@id":"https:\/\/noticiasmercedinas.com\/site\/2024\/08\/21\/hernan-casciari-anuncia-una-serie-de-recitales-de-cuentos-en-montevideo\/#breadcrumb"},"inLanguage":"es","potentialAction":[{"@type":"ReadAction","target":["https:\/\/noticiasmercedinas.com\/site\/2024\/08\/21\/hernan-casciari-anuncia-una-serie-de-recitales-de-cuentos-en-montevideo\/"]}]},{"@type":"ImageObject","inLanguage":"es","@id":"https:\/\/noticiasmercedinas.com\/site\/2024\/08\/21\/hernan-casciari-anuncia-una-serie-de-recitales-de-cuentos-en-montevideo\/#primaryimage","url":"https:\/\/noticiasmercedinas.com\/site\/wp-content\/uploads\/2024\/08\/CASCIARI.jpg","contentUrl":"https:\/\/noticiasmercedinas.com\/site\/wp-content\/uploads\/2024\/08\/CASCIARI.jpg","width":640,"height":503},{"@type":"BreadcrumbList","@id":"https:\/\/noticiasmercedinas.com\/site\/2024\/08\/21\/hernan-casciari-anuncia-una-serie-de-recitales-de-cuentos-en-montevideo\/#breadcrumb","itemListElement":[{"@type":"ListItem","position":1,"name":"Portada","item":"https:\/\/noticiasmercedinas.com\/site\/"},{"@type":"ListItem","position":2,"name":"Hern\u00e1n Casciari anuncia una serie de recitales de cuentos en Montevideo"}]},{"@type":"WebSite","@id":"https:\/\/noticiasmercedinas.com\/site\/#website","url":"https:\/\/noticiasmercedinas.com\/site\/","name":"NOTICIASMERCEDINAS.COM","description":"Mercedes, Buenos Aires, Argentina","publisher":{"@id":"https:\/\/noticiasmercedinas.com\/site\/#organization"},"potentialAction":[{"@type":"SearchAction","target":{"@type":"EntryPoint","urlTemplate":"https:\/\/noticiasmercedinas.com\/site\/?s={search_term_string}"},"query-input":{"@type":"PropertyValueSpecification","valueRequired":true,"valueName":"search_term_string"}}],"inLanguage":"es"},{"@type":"Organization","@id":"https:\/\/noticiasmercedinas.com\/site\/#organization","name":"NOTICIASMERCEDINAS.COM","url":"https:\/\/noticiasmercedinas.com\/site\/","logo":{"@type":"ImageObject","inLanguage":"es","@id":"https:\/\/noticiasmercedinas.com\/site\/#\/schema\/logo\/image\/","url":"https:\/\/noticiasmercedinas.com\/site\/wp-content\/uploads\/2020\/06\/LOGO-512.jpg","contentUrl":"https:\/\/noticiasmercedinas.com\/site\/wp-content\/uploads\/2020\/06\/LOGO-512.jpg","width":512,"height":512,"caption":"NOTICIASMERCEDINAS.COM"},"image":{"@id":"https:\/\/noticiasmercedinas.com\/site\/#\/schema\/logo\/image\/"},"sameAs":["https:\/\/www.facebook.com\/noticiasmercedinas\/","https:\/\/x.com\/notmercedinas","https:\/\/www.instagram.com\/noticiasmercedinas\/"]},{"@type":"Person","@id":"https:\/\/noticiasmercedinas.com\/site\/#\/schema\/person\/84b59c099c28ff2e8b77d4ceec5d8063","name":"NOTICIASMERCEDINAS.COM","image":{"@type":"ImageObject","inLanguage":"es","@id":"https:\/\/secure.gravatar.com\/avatar\/4dfbf16b4d17945bfb6341b2d19043457132fcf478a5ee04f42e959fd8f5df0a?s=96&d=mm&r=g","url":"https:\/\/secure.gravatar.com\/avatar\/4dfbf16b4d17945bfb6341b2d19043457132fcf478a5ee04f42e959fd8f5df0a?s=96&d=mm&r=g","contentUrl":"https:\/\/secure.gravatar.com\/avatar\/4dfbf16b4d17945bfb6341b2d19043457132fcf478a5ee04f42e959fd8f5df0a?s=96&d=mm&r=g","caption":"NOTICIASMERCEDINAS.COM"},"url":"https:\/\/noticiasmercedinas.com\/site\/author\/anonimo\/"}]}},"amp_enabled":true,"_links":{"self":[{"href":"https:\/\/noticiasmercedinas.com\/site\/wp-json\/wp\/v2\/posts\/142306","targetHints":{"allow":["GET"]}}],"collection":[{"href":"https:\/\/noticiasmercedinas.com\/site\/wp-json\/wp\/v2\/posts"}],"about":[{"href":"https:\/\/noticiasmercedinas.com\/site\/wp-json\/wp\/v2\/types\/post"}],"author":[{"embeddable":true,"href":"https:\/\/noticiasmercedinas.com\/site\/wp-json\/wp\/v2\/users\/16"}],"replies":[{"embeddable":true,"href":"https:\/\/noticiasmercedinas.com\/site\/wp-json\/wp\/v2\/comments?post=142306"}],"version-history":[{"count":1,"href":"https:\/\/noticiasmercedinas.com\/site\/wp-json\/wp\/v2\/posts\/142306\/revisions"}],"predecessor-version":[{"id":142308,"href":"https:\/\/noticiasmercedinas.com\/site\/wp-json\/wp\/v2\/posts\/142306\/revisions\/142308"}],"wp:featuredmedia":[{"embeddable":true,"href":"https:\/\/noticiasmercedinas.com\/site\/wp-json\/wp\/v2\/media\/142307"}],"wp:attachment":[{"href":"https:\/\/noticiasmercedinas.com\/site\/wp-json\/wp\/v2\/media?parent=142306"}],"wp:term":[{"taxonomy":"category","embeddable":true,"href":"https:\/\/noticiasmercedinas.com\/site\/wp-json\/wp\/v2\/categories?post=142306"},{"taxonomy":"post_tag","embeddable":true,"href":"https:\/\/noticiasmercedinas.com\/site\/wp-json\/wp\/v2\/tags?post=142306"}],"curies":[{"name":"wp","href":"https:\/\/api.w.org\/{rel}","templated":true}]}}