{"id":142370,"date":"2024-08-22T17:30:13","date_gmt":"2024-08-22T20:30:13","guid":{"rendered":"https:\/\/noticiasmercedinas.com\/site\/?p=142370"},"modified":"2024-08-22T22:26:20","modified_gmt":"2024-08-23T01:26:20","slug":"llego-la-hora-habra-mejunje-fest-en-el-teatro-argentino","status":"publish","type":"post","link":"https:\/\/noticiasmercedinas.com\/site\/2024\/08\/22\/llego-la-hora-habra-mejunje-fest-en-el-teatro-argentino\/","title":{"rendered":"Lleg\u00f3 la hora: habr\u00e1 \u00abMejunje Fest\u00bb en el Teatro Argentino"},"content":{"rendered":"<p><img loading=\"lazy\" decoding=\"async\" class=\"alignnone wp-image-142371\" src=\"https:\/\/noticiasmercedinas.com\/site\/wp-content\/uploads\/2024\/08\/456480156_1120157939582209_9167428759432325101_n.jpg\" alt=\"\" width=\"640\" height=\"640\" srcset=\"https:\/\/noticiasmercedinas.com\/site\/wp-content\/uploads\/2024\/08\/456480156_1120157939582209_9167428759432325101_n.jpg 526w, https:\/\/noticiasmercedinas.com\/site\/wp-content\/uploads\/2024\/08\/456480156_1120157939582209_9167428759432325101_n-300x300.jpg 300w, https:\/\/noticiasmercedinas.com\/site\/wp-content\/uploads\/2024\/08\/456480156_1120157939582209_9167428759432325101_n-150x150.jpg 150w\" sizes=\"auto, (max-width: 640px) 100vw, 640px\" \/><\/p>\n<p>Este s\u00e1bado 24 de agosto, el Teatro Argentino de Mercedes se llenar\u00e1 de m\u00fasica con la realizaci\u00f3n del <strong>Mejunje Fest<\/strong>, un evento que promete una noche festiva con la fusi\u00f3n de g\u00e9neros como reggae, rock y cumbia.<\/p>\n<p>El show comenzar\u00e1 a las 20:30 horas y contar\u00e1 con servicio de cantina a cargo de 6600 Microcervecer\u00eda.<\/p>\n<p>La noche estar\u00e1 protagonizada por la banda de reggae <strong>Sienvolando<\/strong>, liderada por Sebasti\u00e1n Altuve, junto a <strong>La Sistifor<\/strong>, un grupo surgido de Margarita Ni A Palos, y el reconocido conjunto de cumbia local <strong>Menta y Lim\u00f3n<\/strong>.<\/p>\n<p>Las entradas anticipadas se pueden adquirir hasta el jueves 22 de agosto o hasta agotar el cupo, comunic\u00e1ndose al 11 5310-4135.<\/p>\n<p>Tambi\u00e9n estar\u00e1n disponibles en la boleter\u00eda del teatro el viernes y el s\u00e1bado. Cabe destacar que los menores de 10 a\u00f1os podr\u00e1n ingresar de manera gratuita.<\/p>\n","protected":false},"excerpt":{"rendered":"<p>\u25a0 Una noche de mixtura musical con Sienvolando, La Sistifor Society y Menta y LIm\u00f3n, este s\u00e1bado 24 de agosto desde las 20.30. El show contar\u00e1 con servicio de cantina a cargo de 6600 Microcervecer\u00eda.<\/p>\n","protected":false},"author":16,"featured_media":142371,"comment_status":"closed","ping_status":"closed","sticky":false,"template":"","format":"standard","meta":{"footnotes":""},"categories":[4],"tags":[14042,18685,3420,10851,163],"class_list":["post-142370","post","type-post","status-publish","format-standard","has-post-thumbnail","hentry","category-cultura","tag-la-sistifor-society","tag-mejunje-fest","tag-menta-y-limon","tag-sienvolando","tag-teatro-argentino"],"yoast_head":"<!-- This site is optimized with the Yoast SEO plugin v27.5 - https:\/\/yoast.com\/product\/yoast-seo-wordpress\/ -->\n<title>Lleg\u00f3 la hora: habr\u00e1 &quot;Mejunje Fest&quot; en el Teatro Argentino<\/title>\n<meta name=\"robots\" content=\"index, follow, max-snippet:-1, max-image-preview:large, max-video-preview:-1\" \/>\n<link rel=\"canonical\" href=\"https:\/\/noticiasmercedinas.com\/site\/2024\/08\/22\/llego-la-hora-habra-mejunje-fest-en-el-teatro-argentino\/\" \/>\n<meta property=\"og:locale\" content=\"es_ES\" \/>\n<meta property=\"og:type\" content=\"article\" \/>\n<meta property=\"og:title\" content=\"Lleg\u00f3 la hora: habr\u00e1 &quot;Mejunje Fest&quot; en el Teatro Argentino\" \/>\n<meta property=\"og:description\" content=\"\u25a0 Una noche de mixtura musical con Sienvolando, La Sistifor Society y Menta y LIm\u00f3n, este s\u00e1bado 24 de agosto desde las 20.30. El show contar\u00e1 con servicio de cantina a cargo de 6600 Microcervecer\u00eda.\" \/>\n<meta property=\"og:url\" content=\"https:\/\/noticiasmercedinas.com\/site\/2024\/08\/22\/llego-la-hora-habra-mejunje-fest-en-el-teatro-argentino\/\" \/>\n<meta property=\"og:site_name\" content=\"NOTICIASMERCEDINAS.COM\" \/>\n<meta property=\"article:publisher\" content=\"https:\/\/www.facebook.com\/noticiasmercedinas\/\" \/>\n<meta property=\"article:published_time\" content=\"2024-08-22T20:30:13+00:00\" \/>\n<meta property=\"article:modified_time\" content=\"2024-08-23T01:26:20+00:00\" \/>\n<meta property=\"og:image\" content=\"https:\/\/noticiasmercedinas.com\/site\/wp-content\/uploads\/2024\/08\/456480156_1120157939582209_9167428759432325101_n.jpg\" \/>\n\t<meta property=\"og:image:width\" content=\"526\" \/>\n\t<meta property=\"og:image:height\" content=\"526\" \/>\n\t<meta property=\"og:image:type\" content=\"image\/jpeg\" \/>\n<meta name=\"author\" content=\"NOTICIASMERCEDINAS.COM\" \/>\n<meta name=\"twitter:card\" content=\"summary_large_image\" \/>\n<meta name=\"twitter:creator\" content=\"@notmercedinas\" \/>\n<meta name=\"twitter:site\" content=\"@notmercedinas\" \/>\n<meta name=\"twitter:label1\" content=\"Escrito por\" \/>\n\t<meta name=\"twitter:data1\" content=\"NOTICIASMERCEDINAS.COM\" \/>\n\t<meta name=\"twitter:label2\" content=\"Tiempo de lectura\" \/>\n\t<meta name=\"twitter:data2\" content=\"1 minuto\" \/>\n<script type=\"application\/ld+json\" class=\"yoast-schema-graph\">{\"@context\":\"https:\\\/\\\/schema.org\",\"@graph\":[{\"@type\":\"Article\",\"@id\":\"https:\\\/\\\/noticiasmercedinas.com\\\/site\\\/2024\\\/08\\\/22\\\/llego-la-hora-habra-mejunje-fest-en-el-teatro-argentino\\\/#article\",\"isPartOf\":{\"@id\":\"https:\\\/\\\/noticiasmercedinas.com\\\/site\\\/2024\\\/08\\\/22\\\/llego-la-hora-habra-mejunje-fest-en-el-teatro-argentino\\\/\"},\"author\":{\"name\":\"NOTICIASMERCEDINAS.COM\",\"@id\":\"https:\\\/\\\/noticiasmercedinas.com\\\/site\\\/#\\\/schema\\\/person\\\/84b59c099c28ff2e8b77d4ceec5d8063\"},\"headline\":\"Lleg\u00f3 la hora: habr\u00e1 \u00abMejunje Fest\u00bb en el Teatro Argentino\",\"datePublished\":\"2024-08-22T20:30:13+00:00\",\"dateModified\":\"2024-08-23T01:26:20+00:00\",\"mainEntityOfPage\":{\"@id\":\"https:\\\/\\\/noticiasmercedinas.com\\\/site\\\/2024\\\/08\\\/22\\\/llego-la-hora-habra-mejunje-fest-en-el-teatro-argentino\\\/\"},\"wordCount\":157,\"publisher\":{\"@id\":\"https:\\\/\\\/noticiasmercedinas.com\\\/site\\\/#organization\"},\"image\":{\"@id\":\"https:\\\/\\\/noticiasmercedinas.com\\\/site\\\/2024\\\/08\\\/22\\\/llego-la-hora-habra-mejunje-fest-en-el-teatro-argentino\\\/#primaryimage\"},\"thumbnailUrl\":\"https:\\\/\\\/noticiasmercedinas.com\\\/site\\\/wp-content\\\/uploads\\\/2024\\\/08\\\/456480156_1120157939582209_9167428759432325101_n.jpg\",\"keywords\":[\"La Sistifor Society\",\"mejunje fest\",\"menta y limon\",\"Sienvolando\",\"teatro argentino\"],\"articleSection\":[\"Cultura\"],\"inLanguage\":\"es\"},{\"@type\":\"WebPage\",\"@id\":\"https:\\\/\\\/noticiasmercedinas.com\\\/site\\\/2024\\\/08\\\/22\\\/llego-la-hora-habra-mejunje-fest-en-el-teatro-argentino\\\/\",\"url\":\"https:\\\/\\\/noticiasmercedinas.com\\\/site\\\/2024\\\/08\\\/22\\\/llego-la-hora-habra-mejunje-fest-en-el-teatro-argentino\\\/\",\"name\":\"Lleg\u00f3 la hora: habr\u00e1 \\\"Mejunje Fest\\\" en el Teatro Argentino\",\"isPartOf\":{\"@id\":\"https:\\\/\\\/noticiasmercedinas.com\\\/site\\\/#website\"},\"primaryImageOfPage\":{\"@id\":\"https:\\\/\\\/noticiasmercedinas.com\\\/site\\\/2024\\\/08\\\/22\\\/llego-la-hora-habra-mejunje-fest-en-el-teatro-argentino\\\/#primaryimage\"},\"image\":{\"@id\":\"https:\\\/\\\/noticiasmercedinas.com\\\/site\\\/2024\\\/08\\\/22\\\/llego-la-hora-habra-mejunje-fest-en-el-teatro-argentino\\\/#primaryimage\"},\"thumbnailUrl\":\"https:\\\/\\\/noticiasmercedinas.com\\\/site\\\/wp-content\\\/uploads\\\/2024\\\/08\\\/456480156_1120157939582209_9167428759432325101_n.jpg\",\"datePublished\":\"2024-08-22T20:30:13+00:00\",\"dateModified\":\"2024-08-23T01:26:20+00:00\",\"breadcrumb\":{\"@id\":\"https:\\\/\\\/noticiasmercedinas.com\\\/site\\\/2024\\\/08\\\/22\\\/llego-la-hora-habra-mejunje-fest-en-el-teatro-argentino\\\/#breadcrumb\"},\"inLanguage\":\"es\",\"potentialAction\":[{\"@type\":\"ReadAction\",\"target\":[\"https:\\\/\\\/noticiasmercedinas.com\\\/site\\\/2024\\\/08\\\/22\\\/llego-la-hora-habra-mejunje-fest-en-el-teatro-argentino\\\/\"]}]},{\"@type\":\"ImageObject\",\"inLanguage\":\"es\",\"@id\":\"https:\\\/\\\/noticiasmercedinas.com\\\/site\\\/2024\\\/08\\\/22\\\/llego-la-hora-habra-mejunje-fest-en-el-teatro-argentino\\\/#primaryimage\",\"url\":\"https:\\\/\\\/noticiasmercedinas.com\\\/site\\\/wp-content\\\/uploads\\\/2024\\\/08\\\/456480156_1120157939582209_9167428759432325101_n.jpg\",\"contentUrl\":\"https:\\\/\\\/noticiasmercedinas.com\\\/site\\\/wp-content\\\/uploads\\\/2024\\\/08\\\/456480156_1120157939582209_9167428759432325101_n.jpg\",\"width\":526,\"height\":526},{\"@type\":\"BreadcrumbList\",\"@id\":\"https:\\\/\\\/noticiasmercedinas.com\\\/site\\\/2024\\\/08\\\/22\\\/llego-la-hora-habra-mejunje-fest-en-el-teatro-argentino\\\/#breadcrumb\",\"itemListElement\":[{\"@type\":\"ListItem\",\"position\":1,\"name\":\"Portada\",\"item\":\"https:\\\/\\\/noticiasmercedinas.com\\\/site\\\/\"},{\"@type\":\"ListItem\",\"position\":2,\"name\":\"Lleg\u00f3 la hora: habr\u00e1 \u00abMejunje Fest\u00bb en el Teatro Argentino\"}]},{\"@type\":\"WebSite\",\"@id\":\"https:\\\/\\\/noticiasmercedinas.com\\\/site\\\/#website\",\"url\":\"https:\\\/\\\/noticiasmercedinas.com\\\/site\\\/\",\"name\":\"NOTICIASMERCEDINAS.COM\",\"description\":\"Mercedes, Buenos Aires, Argentina\",\"publisher\":{\"@id\":\"https:\\\/\\\/noticiasmercedinas.com\\\/site\\\/#organization\"},\"potentialAction\":[{\"@type\":\"SearchAction\",\"target\":{\"@type\":\"EntryPoint\",\"urlTemplate\":\"https:\\\/\\\/noticiasmercedinas.com\\\/site\\\/?s={search_term_string}\"},\"query-input\":{\"@type\":\"PropertyValueSpecification\",\"valueRequired\":true,\"valueName\":\"search_term_string\"}}],\"inLanguage\":\"es\"},{\"@type\":\"Organization\",\"@id\":\"https:\\\/\\\/noticiasmercedinas.com\\\/site\\\/#organization\",\"name\":\"NOTICIASMERCEDINAS.COM\",\"url\":\"https:\\\/\\\/noticiasmercedinas.com\\\/site\\\/\",\"logo\":{\"@type\":\"ImageObject\",\"inLanguage\":\"es\",\"@id\":\"https:\\\/\\\/noticiasmercedinas.com\\\/site\\\/#\\\/schema\\\/logo\\\/image\\\/\",\"url\":\"https:\\\/\\\/noticiasmercedinas.com\\\/site\\\/wp-content\\\/uploads\\\/2020\\\/06\\\/LOGO-512.jpg\",\"contentUrl\":\"https:\\\/\\\/noticiasmercedinas.com\\\/site\\\/wp-content\\\/uploads\\\/2020\\\/06\\\/LOGO-512.jpg\",\"width\":512,\"height\":512,\"caption\":\"NOTICIASMERCEDINAS.COM\"},\"image\":{\"@id\":\"https:\\\/\\\/noticiasmercedinas.com\\\/site\\\/#\\\/schema\\\/logo\\\/image\\\/\"},\"sameAs\":[\"https:\\\/\\\/www.facebook.com\\\/noticiasmercedinas\\\/\",\"https:\\\/\\\/x.com\\\/notmercedinas\",\"https:\\\/\\\/www.instagram.com\\\/noticiasmercedinas\\\/\"]},{\"@type\":\"Person\",\"@id\":\"https:\\\/\\\/noticiasmercedinas.com\\\/site\\\/#\\\/schema\\\/person\\\/84b59c099c28ff2e8b77d4ceec5d8063\",\"name\":\"NOTICIASMERCEDINAS.COM\",\"image\":{\"@type\":\"ImageObject\",\"inLanguage\":\"es\",\"@id\":\"https:\\\/\\\/secure.gravatar.com\\\/avatar\\\/4dfbf16b4d17945bfb6341b2d19043457132fcf478a5ee04f42e959fd8f5df0a?s=96&d=mm&r=g\",\"url\":\"https:\\\/\\\/secure.gravatar.com\\\/avatar\\\/4dfbf16b4d17945bfb6341b2d19043457132fcf478a5ee04f42e959fd8f5df0a?s=96&d=mm&r=g\",\"contentUrl\":\"https:\\\/\\\/secure.gravatar.com\\\/avatar\\\/4dfbf16b4d17945bfb6341b2d19043457132fcf478a5ee04f42e959fd8f5df0a?s=96&d=mm&r=g\",\"caption\":\"NOTICIASMERCEDINAS.COM\"},\"url\":\"https:\\\/\\\/noticiasmercedinas.com\\\/site\\\/author\\\/anonimo\\\/\"}]}<\/script>\n<!-- \/ Yoast SEO plugin. -->","yoast_head_json":{"title":"Lleg\u00f3 la hora: habr\u00e1 \"Mejunje Fest\" en el Teatro Argentino","robots":{"index":"index","follow":"follow","max-snippet":"max-snippet:-1","max-image-preview":"max-image-preview:large","max-video-preview":"max-video-preview:-1"},"canonical":"https:\/\/noticiasmercedinas.com\/site\/2024\/08\/22\/llego-la-hora-habra-mejunje-fest-en-el-teatro-argentino\/","og_locale":"es_ES","og_type":"article","og_title":"Lleg\u00f3 la hora: habr\u00e1 \"Mejunje Fest\" en el Teatro Argentino","og_description":"\u25a0 Una noche de mixtura musical con Sienvolando, La Sistifor Society y Menta y LIm\u00f3n, este s\u00e1bado 24 de agosto desde las 20.30. El show contar\u00e1 con servicio de cantina a cargo de 6600 Microcervecer\u00eda.","og_url":"https:\/\/noticiasmercedinas.com\/site\/2024\/08\/22\/llego-la-hora-habra-mejunje-fest-en-el-teatro-argentino\/","og_site_name":"NOTICIASMERCEDINAS.COM","article_publisher":"https:\/\/www.facebook.com\/noticiasmercedinas\/","article_published_time":"2024-08-22T20:30:13+00:00","article_modified_time":"2024-08-23T01:26:20+00:00","og_image":[{"width":526,"height":526,"url":"https:\/\/noticiasmercedinas.com\/site\/wp-content\/uploads\/2024\/08\/456480156_1120157939582209_9167428759432325101_n.jpg","type":"image\/jpeg"}],"author":"NOTICIASMERCEDINAS.COM","twitter_card":"summary_large_image","twitter_creator":"@notmercedinas","twitter_site":"@notmercedinas","twitter_misc":{"Escrito por":"NOTICIASMERCEDINAS.COM","Tiempo de lectura":"1 minuto"},"schema":{"@context":"https:\/\/schema.org","@graph":[{"@type":"Article","@id":"https:\/\/noticiasmercedinas.com\/site\/2024\/08\/22\/llego-la-hora-habra-mejunje-fest-en-el-teatro-argentino\/#article","isPartOf":{"@id":"https:\/\/noticiasmercedinas.com\/site\/2024\/08\/22\/llego-la-hora-habra-mejunje-fest-en-el-teatro-argentino\/"},"author":{"name":"NOTICIASMERCEDINAS.COM","@id":"https:\/\/noticiasmercedinas.com\/site\/#\/schema\/person\/84b59c099c28ff2e8b77d4ceec5d8063"},"headline":"Lleg\u00f3 la hora: habr\u00e1 \u00abMejunje Fest\u00bb en el Teatro Argentino","datePublished":"2024-08-22T20:30:13+00:00","dateModified":"2024-08-23T01:26:20+00:00","mainEntityOfPage":{"@id":"https:\/\/noticiasmercedinas.com\/site\/2024\/08\/22\/llego-la-hora-habra-mejunje-fest-en-el-teatro-argentino\/"},"wordCount":157,"publisher":{"@id":"https:\/\/noticiasmercedinas.com\/site\/#organization"},"image":{"@id":"https:\/\/noticiasmercedinas.com\/site\/2024\/08\/22\/llego-la-hora-habra-mejunje-fest-en-el-teatro-argentino\/#primaryimage"},"thumbnailUrl":"https:\/\/noticiasmercedinas.com\/site\/wp-content\/uploads\/2024\/08\/456480156_1120157939582209_9167428759432325101_n.jpg","keywords":["La Sistifor Society","mejunje fest","menta y limon","Sienvolando","teatro argentino"],"articleSection":["Cultura"],"inLanguage":"es"},{"@type":"WebPage","@id":"https:\/\/noticiasmercedinas.com\/site\/2024\/08\/22\/llego-la-hora-habra-mejunje-fest-en-el-teatro-argentino\/","url":"https:\/\/noticiasmercedinas.com\/site\/2024\/08\/22\/llego-la-hora-habra-mejunje-fest-en-el-teatro-argentino\/","name":"Lleg\u00f3 la hora: habr\u00e1 \"Mejunje Fest\" en el Teatro Argentino","isPartOf":{"@id":"https:\/\/noticiasmercedinas.com\/site\/#website"},"primaryImageOfPage":{"@id":"https:\/\/noticiasmercedinas.com\/site\/2024\/08\/22\/llego-la-hora-habra-mejunje-fest-en-el-teatro-argentino\/#primaryimage"},"image":{"@id":"https:\/\/noticiasmercedinas.com\/site\/2024\/08\/22\/llego-la-hora-habra-mejunje-fest-en-el-teatro-argentino\/#primaryimage"},"thumbnailUrl":"https:\/\/noticiasmercedinas.com\/site\/wp-content\/uploads\/2024\/08\/456480156_1120157939582209_9167428759432325101_n.jpg","datePublished":"2024-08-22T20:30:13+00:00","dateModified":"2024-08-23T01:26:20+00:00","breadcrumb":{"@id":"https:\/\/noticiasmercedinas.com\/site\/2024\/08\/22\/llego-la-hora-habra-mejunje-fest-en-el-teatro-argentino\/#breadcrumb"},"inLanguage":"es","potentialAction":[{"@type":"ReadAction","target":["https:\/\/noticiasmercedinas.com\/site\/2024\/08\/22\/llego-la-hora-habra-mejunje-fest-en-el-teatro-argentino\/"]}]},{"@type":"ImageObject","inLanguage":"es","@id":"https:\/\/noticiasmercedinas.com\/site\/2024\/08\/22\/llego-la-hora-habra-mejunje-fest-en-el-teatro-argentino\/#primaryimage","url":"https:\/\/noticiasmercedinas.com\/site\/wp-content\/uploads\/2024\/08\/456480156_1120157939582209_9167428759432325101_n.jpg","contentUrl":"https:\/\/noticiasmercedinas.com\/site\/wp-content\/uploads\/2024\/08\/456480156_1120157939582209_9167428759432325101_n.jpg","width":526,"height":526},{"@type":"BreadcrumbList","@id":"https:\/\/noticiasmercedinas.com\/site\/2024\/08\/22\/llego-la-hora-habra-mejunje-fest-en-el-teatro-argentino\/#breadcrumb","itemListElement":[{"@type":"ListItem","position":1,"name":"Portada","item":"https:\/\/noticiasmercedinas.com\/site\/"},{"@type":"ListItem","position":2,"name":"Lleg\u00f3 la hora: habr\u00e1 \u00abMejunje Fest\u00bb en el Teatro Argentino"}]},{"@type":"WebSite","@id":"https:\/\/noticiasmercedinas.com\/site\/#website","url":"https:\/\/noticiasmercedinas.com\/site\/","name":"NOTICIASMERCEDINAS.COM","description":"Mercedes, Buenos Aires, Argentina","publisher":{"@id":"https:\/\/noticiasmercedinas.com\/site\/#organization"},"potentialAction":[{"@type":"SearchAction","target":{"@type":"EntryPoint","urlTemplate":"https:\/\/noticiasmercedinas.com\/site\/?s={search_term_string}"},"query-input":{"@type":"PropertyValueSpecification","valueRequired":true,"valueName":"search_term_string"}}],"inLanguage":"es"},{"@type":"Organization","@id":"https:\/\/noticiasmercedinas.com\/site\/#organization","name":"NOTICIASMERCEDINAS.COM","url":"https:\/\/noticiasmercedinas.com\/site\/","logo":{"@type":"ImageObject","inLanguage":"es","@id":"https:\/\/noticiasmercedinas.com\/site\/#\/schema\/logo\/image\/","url":"https:\/\/noticiasmercedinas.com\/site\/wp-content\/uploads\/2020\/06\/LOGO-512.jpg","contentUrl":"https:\/\/noticiasmercedinas.com\/site\/wp-content\/uploads\/2020\/06\/LOGO-512.jpg","width":512,"height":512,"caption":"NOTICIASMERCEDINAS.COM"},"image":{"@id":"https:\/\/noticiasmercedinas.com\/site\/#\/schema\/logo\/image\/"},"sameAs":["https:\/\/www.facebook.com\/noticiasmercedinas\/","https:\/\/x.com\/notmercedinas","https:\/\/www.instagram.com\/noticiasmercedinas\/"]},{"@type":"Person","@id":"https:\/\/noticiasmercedinas.com\/site\/#\/schema\/person\/84b59c099c28ff2e8b77d4ceec5d8063","name":"NOTICIASMERCEDINAS.COM","image":{"@type":"ImageObject","inLanguage":"es","@id":"https:\/\/secure.gravatar.com\/avatar\/4dfbf16b4d17945bfb6341b2d19043457132fcf478a5ee04f42e959fd8f5df0a?s=96&d=mm&r=g","url":"https:\/\/secure.gravatar.com\/avatar\/4dfbf16b4d17945bfb6341b2d19043457132fcf478a5ee04f42e959fd8f5df0a?s=96&d=mm&r=g","contentUrl":"https:\/\/secure.gravatar.com\/avatar\/4dfbf16b4d17945bfb6341b2d19043457132fcf478a5ee04f42e959fd8f5df0a?s=96&d=mm&r=g","caption":"NOTICIASMERCEDINAS.COM"},"url":"https:\/\/noticiasmercedinas.com\/site\/author\/anonimo\/"}]}},"amp_enabled":true,"_links":{"self":[{"href":"https:\/\/noticiasmercedinas.com\/site\/wp-json\/wp\/v2\/posts\/142370","targetHints":{"allow":["GET"]}}],"collection":[{"href":"https:\/\/noticiasmercedinas.com\/site\/wp-json\/wp\/v2\/posts"}],"about":[{"href":"https:\/\/noticiasmercedinas.com\/site\/wp-json\/wp\/v2\/types\/post"}],"author":[{"embeddable":true,"href":"https:\/\/noticiasmercedinas.com\/site\/wp-json\/wp\/v2\/users\/16"}],"replies":[{"embeddable":true,"href":"https:\/\/noticiasmercedinas.com\/site\/wp-json\/wp\/v2\/comments?post=142370"}],"version-history":[{"count":1,"href":"https:\/\/noticiasmercedinas.com\/site\/wp-json\/wp\/v2\/posts\/142370\/revisions"}],"predecessor-version":[{"id":142372,"href":"https:\/\/noticiasmercedinas.com\/site\/wp-json\/wp\/v2\/posts\/142370\/revisions\/142372"}],"wp:featuredmedia":[{"embeddable":true,"href":"https:\/\/noticiasmercedinas.com\/site\/wp-json\/wp\/v2\/media\/142371"}],"wp:attachment":[{"href":"https:\/\/noticiasmercedinas.com\/site\/wp-json\/wp\/v2\/media?parent=142370"}],"wp:term":[{"taxonomy":"category","embeddable":true,"href":"https:\/\/noticiasmercedinas.com\/site\/wp-json\/wp\/v2\/categories?post=142370"},{"taxonomy":"post_tag","embeddable":true,"href":"https:\/\/noticiasmercedinas.com\/site\/wp-json\/wp\/v2\/tags?post=142370"}],"curies":[{"name":"wp","href":"https:\/\/api.w.org\/{rel}","templated":true}]}}