{"id":142379,"date":"2024-08-22T19:46:54","date_gmt":"2024-08-22T22:46:54","guid":{"rendered":"https:\/\/noticiasmercedinas.com\/site\/?p=142379"},"modified":"2024-08-22T19:46:54","modified_gmt":"2024-08-22T22:46:54","slug":"el-programa-llegaron-los-blues-continua-celebrando-su-10o-aniversario-con-grandes-invitados","status":"publish","type":"post","link":"https:\/\/noticiasmercedinas.com\/site\/2024\/08\/22\/el-programa-llegaron-los-blues-continua-celebrando-su-10o-aniversario-con-grandes-invitados\/","title":{"rendered":"El programa &#8216;Llegaron los Blues&#8217; contin\u00faa celebrando su 10\u00ba aniversario con grandes invitados"},"content":{"rendered":"<p><img loading=\"lazy\" decoding=\"async\" class=\"alignnone size-full wp-image-142380\" src=\"https:\/\/noticiasmercedinas.com\/site\/wp-content\/uploads\/2024\/08\/BLUES1.jpeg\" alt=\"\" width=\"1600\" height=\"1600\" srcset=\"https:\/\/noticiasmercedinas.com\/site\/wp-content\/uploads\/2024\/08\/BLUES1.jpeg 1600w, https:\/\/noticiasmercedinas.com\/site\/wp-content\/uploads\/2024\/08\/BLUES1-300x300.jpeg 300w, https:\/\/noticiasmercedinas.com\/site\/wp-content\/uploads\/2024\/08\/BLUES1-1024x1024.jpeg 1024w, https:\/\/noticiasmercedinas.com\/site\/wp-content\/uploads\/2024\/08\/BLUES1-150x150.jpeg 150w, https:\/\/noticiasmercedinas.com\/site\/wp-content\/uploads\/2024\/08\/BLUES1-768x768.jpeg 768w, https:\/\/noticiasmercedinas.com\/site\/wp-content\/uploads\/2024\/08\/BLUES1-1536x1536.jpeg 1536w, https:\/\/noticiasmercedinas.com\/site\/wp-content\/uploads\/2024\/08\/BLUES1-640x640.jpeg 640w, https:\/\/noticiasmercedinas.com\/site\/wp-content\/uploads\/2024\/08\/BLUES1-1280x1280.jpeg 1280w, https:\/\/noticiasmercedinas.com\/site\/wp-content\/uploads\/2024\/08\/BLUES1-681x681.jpeg 681w, https:\/\/noticiasmercedinas.com\/site\/wp-content\/uploads\/2024\/08\/BLUES1-1362x1362.jpeg 1362w\" sizes=\"auto, (max-width: 1600px) 100vw, 1600px\" \/><\/p>\n<p>Este viernes 23 de agosto, el popular programa de radio &#8216;Llegaron los Blues&#8217;, conducido por el doctor Hern\u00e1n Rivero, seguir\u00e1 con los festejos por su d\u00e9cimo aniversario en FM Santa Mar\u00eda 88.1 UDPlay. En esta ocasi\u00f3n, contar\u00e1 con la participaci\u00f3n especial de Mariano Hernandorena, reconocido m\u00fasico y voz del tributo a The Rolling Stones, Majestades.<\/p>\n<p>El programa, que ha sido un punto de referencia para los amantes del blues y la buena m\u00fasica, ha decidido celebrar en grande sus 10 a\u00f1os al aire, y este viernes no ser\u00e1 la excepci\u00f3n. Hernandorena, m\u00fasico profesional desde el a\u00f1o 2000 y oriundo de Mar del Plata, compartir\u00e1 su vasta experiencia en el mundo del rock y el blues.<\/p>\n<p>Mariano Hernandorena comenz\u00f3 su carrera musical con una banda tributo y ha compartido escenario con grandes del rock nacional como Pappo, Charly Garc\u00eda y Los Ratones Paranoicos. A lo largo de su trayectoria, ha formado parte de diversas bandas, entre ellas S\u00e9quito Arrogante y Circo Paranoico, con las que ha recorrido escenarios de toda Argentina.<\/p>\n<p>En la actualidad, Hernandorena sigue activo con su proyecto Majestades, y colabora con artistas de la talla de Sarco y Daniel Raffo, manteni\u00e9ndose siempre vinculado al g\u00e9nero que lo vio crecer.<\/p>\n<p>Este viernes, a las 18 horas, los oyentes podr\u00e1n disfrutar de su m\u00fasica y conocer m\u00e1s sobre su historia y trayectoria en una entrevista exclusiva por FM Santa Mar\u00eda 88.1.<\/p>\n","protected":false},"excerpt":{"rendered":"<p>Este viernes 23 de agosto, el popular programa de radio &#8216;Llegaron los Blues&#8217;, conducido por el doctor Hern\u00e1n Rivero, seguir\u00e1 con los festejos por su d\u00e9cimo aniversario en FM Santa Mar\u00eda 88.1 UDPlay. En esta ocasi\u00f3n, contar\u00e1 con la participaci\u00f3n especial de Mariano Hernandorena, reconocido m\u00fasico y voz del tributo a The Rolling Stones, Majestades. [&hellip;]<\/p>\n","protected":false},"author":16,"featured_media":142380,"comment_status":"closed","ping_status":"closed","sticky":false,"template":"","format":"standard","meta":{"footnotes":""},"categories":[4210],"tags":[553,55,2762,18686,13968],"class_list":["post-142379","post","type-post","status-publish","format-standard","has-post-thumbnail","hentry","category-medios","tag-fm-santa-maria","tag-hernan-rivero","tag-llegaron-los-blues","tag-mariano-hernandorena","tag-udplay"],"yoast_head":"<!-- This site is optimized with the Yoast SEO plugin v27.5 - https:\/\/yoast.com\/product\/yoast-seo-wordpress\/ -->\n<title>El programa &#039;Llegaron los Blues&#039; contin\u00faa celebrando su 10\u00ba aniversario con grandes invitados<\/title>\n<meta name=\"robots\" content=\"index, follow, max-snippet:-1, max-image-preview:large, max-video-preview:-1\" \/>\n<link rel=\"canonical\" href=\"https:\/\/noticiasmercedinas.com\/site\/2024\/08\/22\/el-programa-llegaron-los-blues-continua-celebrando-su-10o-aniversario-con-grandes-invitados\/\" \/>\n<meta property=\"og:locale\" content=\"es_ES\" \/>\n<meta property=\"og:type\" content=\"article\" \/>\n<meta property=\"og:title\" content=\"El programa &#039;Llegaron los Blues&#039; contin\u00faa celebrando su 10\u00ba aniversario con grandes invitados\" \/>\n<meta property=\"og:description\" content=\"Este viernes 23 de agosto, el popular programa de radio &#8216;Llegaron los Blues&#8217;, conducido por el doctor Hern\u00e1n Rivero, seguir\u00e1 con los festejos por su d\u00e9cimo aniversario en FM Santa Mar\u00eda 88.1 UDPlay. En esta ocasi\u00f3n, contar\u00e1 con la participaci\u00f3n especial de Mariano Hernandorena, reconocido m\u00fasico y voz del tributo a The Rolling Stones, Majestades. [&hellip;]\" \/>\n<meta property=\"og:url\" content=\"https:\/\/noticiasmercedinas.com\/site\/2024\/08\/22\/el-programa-llegaron-los-blues-continua-celebrando-su-10o-aniversario-con-grandes-invitados\/\" \/>\n<meta property=\"og:site_name\" content=\"NOTICIASMERCEDINAS.COM\" \/>\n<meta property=\"article:publisher\" content=\"https:\/\/www.facebook.com\/noticiasmercedinas\/\" \/>\n<meta property=\"article:published_time\" content=\"2024-08-22T22:46:54+00:00\" \/>\n<meta property=\"og:image\" content=\"https:\/\/noticiasmercedinas.com\/site\/wp-content\/uploads\/2024\/08\/BLUES1.jpeg\" \/>\n\t<meta property=\"og:image:width\" content=\"1600\" \/>\n\t<meta property=\"og:image:height\" content=\"1600\" \/>\n\t<meta property=\"og:image:type\" content=\"image\/jpeg\" \/>\n<meta name=\"author\" content=\"NOTICIASMERCEDINAS.COM\" \/>\n<meta name=\"twitter:card\" content=\"summary_large_image\" \/>\n<meta name=\"twitter:creator\" content=\"@notmercedinas\" \/>\n<meta name=\"twitter:site\" content=\"@notmercedinas\" \/>\n<meta name=\"twitter:label1\" content=\"Escrito por\" \/>\n\t<meta name=\"twitter:data1\" content=\"NOTICIASMERCEDINAS.COM\" \/>\n\t<meta name=\"twitter:label2\" content=\"Tiempo de lectura\" \/>\n\t<meta name=\"twitter:data2\" content=\"1 minuto\" \/>\n<script type=\"application\/ld+json\" class=\"yoast-schema-graph\">{\"@context\":\"https:\\\/\\\/schema.org\",\"@graph\":[{\"@type\":\"Article\",\"@id\":\"https:\\\/\\\/noticiasmercedinas.com\\\/site\\\/2024\\\/08\\\/22\\\/el-programa-llegaron-los-blues-continua-celebrando-su-10o-aniversario-con-grandes-invitados\\\/#article\",\"isPartOf\":{\"@id\":\"https:\\\/\\\/noticiasmercedinas.com\\\/site\\\/2024\\\/08\\\/22\\\/el-programa-llegaron-los-blues-continua-celebrando-su-10o-aniversario-con-grandes-invitados\\\/\"},\"author\":{\"name\":\"NOTICIASMERCEDINAS.COM\",\"@id\":\"https:\\\/\\\/noticiasmercedinas.com\\\/site\\\/#\\\/schema\\\/person\\\/84b59c099c28ff2e8b77d4ceec5d8063\"},\"headline\":\"El programa &#8216;Llegaron los Blues&#8217; contin\u00faa celebrando su 10\u00ba aniversario con grandes invitados\",\"datePublished\":\"2024-08-22T22:46:54+00:00\",\"mainEntityOfPage\":{\"@id\":\"https:\\\/\\\/noticiasmercedinas.com\\\/site\\\/2024\\\/08\\\/22\\\/el-programa-llegaron-los-blues-continua-celebrando-su-10o-aniversario-con-grandes-invitados\\\/\"},\"wordCount\":257,\"publisher\":{\"@id\":\"https:\\\/\\\/noticiasmercedinas.com\\\/site\\\/#organization\"},\"image\":{\"@id\":\"https:\\\/\\\/noticiasmercedinas.com\\\/site\\\/2024\\\/08\\\/22\\\/el-programa-llegaron-los-blues-continua-celebrando-su-10o-aniversario-con-grandes-invitados\\\/#primaryimage\"},\"thumbnailUrl\":\"https:\\\/\\\/noticiasmercedinas.com\\\/site\\\/wp-content\\\/uploads\\\/2024\\\/08\\\/BLUES1.jpeg\",\"keywords\":[\"fm santa maria\",\"Hernan Rivero\",\"llegaron los blues\",\"mariano hernandorena\",\"udplay\"],\"articleSection\":[\"Medios\"],\"inLanguage\":\"es\"},{\"@type\":\"WebPage\",\"@id\":\"https:\\\/\\\/noticiasmercedinas.com\\\/site\\\/2024\\\/08\\\/22\\\/el-programa-llegaron-los-blues-continua-celebrando-su-10o-aniversario-con-grandes-invitados\\\/\",\"url\":\"https:\\\/\\\/noticiasmercedinas.com\\\/site\\\/2024\\\/08\\\/22\\\/el-programa-llegaron-los-blues-continua-celebrando-su-10o-aniversario-con-grandes-invitados\\\/\",\"name\":\"El programa 'Llegaron los Blues' contin\u00faa celebrando su 10\u00ba aniversario con grandes invitados\",\"isPartOf\":{\"@id\":\"https:\\\/\\\/noticiasmercedinas.com\\\/site\\\/#website\"},\"primaryImageOfPage\":{\"@id\":\"https:\\\/\\\/noticiasmercedinas.com\\\/site\\\/2024\\\/08\\\/22\\\/el-programa-llegaron-los-blues-continua-celebrando-su-10o-aniversario-con-grandes-invitados\\\/#primaryimage\"},\"image\":{\"@id\":\"https:\\\/\\\/noticiasmercedinas.com\\\/site\\\/2024\\\/08\\\/22\\\/el-programa-llegaron-los-blues-continua-celebrando-su-10o-aniversario-con-grandes-invitados\\\/#primaryimage\"},\"thumbnailUrl\":\"https:\\\/\\\/noticiasmercedinas.com\\\/site\\\/wp-content\\\/uploads\\\/2024\\\/08\\\/BLUES1.jpeg\",\"datePublished\":\"2024-08-22T22:46:54+00:00\",\"breadcrumb\":{\"@id\":\"https:\\\/\\\/noticiasmercedinas.com\\\/site\\\/2024\\\/08\\\/22\\\/el-programa-llegaron-los-blues-continua-celebrando-su-10o-aniversario-con-grandes-invitados\\\/#breadcrumb\"},\"inLanguage\":\"es\",\"potentialAction\":[{\"@type\":\"ReadAction\",\"target\":[\"https:\\\/\\\/noticiasmercedinas.com\\\/site\\\/2024\\\/08\\\/22\\\/el-programa-llegaron-los-blues-continua-celebrando-su-10o-aniversario-con-grandes-invitados\\\/\"]}]},{\"@type\":\"ImageObject\",\"inLanguage\":\"es\",\"@id\":\"https:\\\/\\\/noticiasmercedinas.com\\\/site\\\/2024\\\/08\\\/22\\\/el-programa-llegaron-los-blues-continua-celebrando-su-10o-aniversario-con-grandes-invitados\\\/#primaryimage\",\"url\":\"https:\\\/\\\/noticiasmercedinas.com\\\/site\\\/wp-content\\\/uploads\\\/2024\\\/08\\\/BLUES1.jpeg\",\"contentUrl\":\"https:\\\/\\\/noticiasmercedinas.com\\\/site\\\/wp-content\\\/uploads\\\/2024\\\/08\\\/BLUES1.jpeg\",\"width\":1600,\"height\":1600},{\"@type\":\"BreadcrumbList\",\"@id\":\"https:\\\/\\\/noticiasmercedinas.com\\\/site\\\/2024\\\/08\\\/22\\\/el-programa-llegaron-los-blues-continua-celebrando-su-10o-aniversario-con-grandes-invitados\\\/#breadcrumb\",\"itemListElement\":[{\"@type\":\"ListItem\",\"position\":1,\"name\":\"Portada\",\"item\":\"https:\\\/\\\/noticiasmercedinas.com\\\/site\\\/\"},{\"@type\":\"ListItem\",\"position\":2,\"name\":\"El programa &#8216;Llegaron los Blues&#8217; contin\u00faa celebrando su 10\u00ba aniversario con grandes invitados\"}]},{\"@type\":\"WebSite\",\"@id\":\"https:\\\/\\\/noticiasmercedinas.com\\\/site\\\/#website\",\"url\":\"https:\\\/\\\/noticiasmercedinas.com\\\/site\\\/\",\"name\":\"NOTICIASMERCEDINAS.COM\",\"description\":\"Mercedes, Buenos Aires, Argentina\",\"publisher\":{\"@id\":\"https:\\\/\\\/noticiasmercedinas.com\\\/site\\\/#organization\"},\"potentialAction\":[{\"@type\":\"SearchAction\",\"target\":{\"@type\":\"EntryPoint\",\"urlTemplate\":\"https:\\\/\\\/noticiasmercedinas.com\\\/site\\\/?s={search_term_string}\"},\"query-input\":{\"@type\":\"PropertyValueSpecification\",\"valueRequired\":true,\"valueName\":\"search_term_string\"}}],\"inLanguage\":\"es\"},{\"@type\":\"Organization\",\"@id\":\"https:\\\/\\\/noticiasmercedinas.com\\\/site\\\/#organization\",\"name\":\"NOTICIASMERCEDINAS.COM\",\"url\":\"https:\\\/\\\/noticiasmercedinas.com\\\/site\\\/\",\"logo\":{\"@type\":\"ImageObject\",\"inLanguage\":\"es\",\"@id\":\"https:\\\/\\\/noticiasmercedinas.com\\\/site\\\/#\\\/schema\\\/logo\\\/image\\\/\",\"url\":\"https:\\\/\\\/noticiasmercedinas.com\\\/site\\\/wp-content\\\/uploads\\\/2020\\\/06\\\/LOGO-512.jpg\",\"contentUrl\":\"https:\\\/\\\/noticiasmercedinas.com\\\/site\\\/wp-content\\\/uploads\\\/2020\\\/06\\\/LOGO-512.jpg\",\"width\":512,\"height\":512,\"caption\":\"NOTICIASMERCEDINAS.COM\"},\"image\":{\"@id\":\"https:\\\/\\\/noticiasmercedinas.com\\\/site\\\/#\\\/schema\\\/logo\\\/image\\\/\"},\"sameAs\":[\"https:\\\/\\\/www.facebook.com\\\/noticiasmercedinas\\\/\",\"https:\\\/\\\/x.com\\\/notmercedinas\",\"https:\\\/\\\/www.instagram.com\\\/noticiasmercedinas\\\/\"]},{\"@type\":\"Person\",\"@id\":\"https:\\\/\\\/noticiasmercedinas.com\\\/site\\\/#\\\/schema\\\/person\\\/84b59c099c28ff2e8b77d4ceec5d8063\",\"name\":\"NOTICIASMERCEDINAS.COM\",\"image\":{\"@type\":\"ImageObject\",\"inLanguage\":\"es\",\"@id\":\"https:\\\/\\\/secure.gravatar.com\\\/avatar\\\/4dfbf16b4d17945bfb6341b2d19043457132fcf478a5ee04f42e959fd8f5df0a?s=96&d=mm&r=g\",\"url\":\"https:\\\/\\\/secure.gravatar.com\\\/avatar\\\/4dfbf16b4d17945bfb6341b2d19043457132fcf478a5ee04f42e959fd8f5df0a?s=96&d=mm&r=g\",\"contentUrl\":\"https:\\\/\\\/secure.gravatar.com\\\/avatar\\\/4dfbf16b4d17945bfb6341b2d19043457132fcf478a5ee04f42e959fd8f5df0a?s=96&d=mm&r=g\",\"caption\":\"NOTICIASMERCEDINAS.COM\"},\"url\":\"https:\\\/\\\/noticiasmercedinas.com\\\/site\\\/author\\\/anonimo\\\/\"}]}<\/script>\n<!-- \/ Yoast SEO plugin. -->","yoast_head_json":{"title":"El programa 'Llegaron los Blues' contin\u00faa celebrando su 10\u00ba aniversario con grandes invitados","robots":{"index":"index","follow":"follow","max-snippet":"max-snippet:-1","max-image-preview":"max-image-preview:large","max-video-preview":"max-video-preview:-1"},"canonical":"https:\/\/noticiasmercedinas.com\/site\/2024\/08\/22\/el-programa-llegaron-los-blues-continua-celebrando-su-10o-aniversario-con-grandes-invitados\/","og_locale":"es_ES","og_type":"article","og_title":"El programa 'Llegaron los Blues' contin\u00faa celebrando su 10\u00ba aniversario con grandes invitados","og_description":"Este viernes 23 de agosto, el popular programa de radio &#8216;Llegaron los Blues&#8217;, conducido por el doctor Hern\u00e1n Rivero, seguir\u00e1 con los festejos por su d\u00e9cimo aniversario en FM Santa Mar\u00eda 88.1 UDPlay. En esta ocasi\u00f3n, contar\u00e1 con la participaci\u00f3n especial de Mariano Hernandorena, reconocido m\u00fasico y voz del tributo a The Rolling Stones, Majestades. [&hellip;]","og_url":"https:\/\/noticiasmercedinas.com\/site\/2024\/08\/22\/el-programa-llegaron-los-blues-continua-celebrando-su-10o-aniversario-con-grandes-invitados\/","og_site_name":"NOTICIASMERCEDINAS.COM","article_publisher":"https:\/\/www.facebook.com\/noticiasmercedinas\/","article_published_time":"2024-08-22T22:46:54+00:00","og_image":[{"width":1600,"height":1600,"url":"https:\/\/noticiasmercedinas.com\/site\/wp-content\/uploads\/2024\/08\/BLUES1.jpeg","type":"image\/jpeg"}],"author":"NOTICIASMERCEDINAS.COM","twitter_card":"summary_large_image","twitter_creator":"@notmercedinas","twitter_site":"@notmercedinas","twitter_misc":{"Escrito por":"NOTICIASMERCEDINAS.COM","Tiempo de lectura":"1 minuto"},"schema":{"@context":"https:\/\/schema.org","@graph":[{"@type":"Article","@id":"https:\/\/noticiasmercedinas.com\/site\/2024\/08\/22\/el-programa-llegaron-los-blues-continua-celebrando-su-10o-aniversario-con-grandes-invitados\/#article","isPartOf":{"@id":"https:\/\/noticiasmercedinas.com\/site\/2024\/08\/22\/el-programa-llegaron-los-blues-continua-celebrando-su-10o-aniversario-con-grandes-invitados\/"},"author":{"name":"NOTICIASMERCEDINAS.COM","@id":"https:\/\/noticiasmercedinas.com\/site\/#\/schema\/person\/84b59c099c28ff2e8b77d4ceec5d8063"},"headline":"El programa &#8216;Llegaron los Blues&#8217; contin\u00faa celebrando su 10\u00ba aniversario con grandes invitados","datePublished":"2024-08-22T22:46:54+00:00","mainEntityOfPage":{"@id":"https:\/\/noticiasmercedinas.com\/site\/2024\/08\/22\/el-programa-llegaron-los-blues-continua-celebrando-su-10o-aniversario-con-grandes-invitados\/"},"wordCount":257,"publisher":{"@id":"https:\/\/noticiasmercedinas.com\/site\/#organization"},"image":{"@id":"https:\/\/noticiasmercedinas.com\/site\/2024\/08\/22\/el-programa-llegaron-los-blues-continua-celebrando-su-10o-aniversario-con-grandes-invitados\/#primaryimage"},"thumbnailUrl":"https:\/\/noticiasmercedinas.com\/site\/wp-content\/uploads\/2024\/08\/BLUES1.jpeg","keywords":["fm santa maria","Hernan Rivero","llegaron los blues","mariano hernandorena","udplay"],"articleSection":["Medios"],"inLanguage":"es"},{"@type":"WebPage","@id":"https:\/\/noticiasmercedinas.com\/site\/2024\/08\/22\/el-programa-llegaron-los-blues-continua-celebrando-su-10o-aniversario-con-grandes-invitados\/","url":"https:\/\/noticiasmercedinas.com\/site\/2024\/08\/22\/el-programa-llegaron-los-blues-continua-celebrando-su-10o-aniversario-con-grandes-invitados\/","name":"El programa 'Llegaron los Blues' contin\u00faa celebrando su 10\u00ba aniversario con grandes invitados","isPartOf":{"@id":"https:\/\/noticiasmercedinas.com\/site\/#website"},"primaryImageOfPage":{"@id":"https:\/\/noticiasmercedinas.com\/site\/2024\/08\/22\/el-programa-llegaron-los-blues-continua-celebrando-su-10o-aniversario-con-grandes-invitados\/#primaryimage"},"image":{"@id":"https:\/\/noticiasmercedinas.com\/site\/2024\/08\/22\/el-programa-llegaron-los-blues-continua-celebrando-su-10o-aniversario-con-grandes-invitados\/#primaryimage"},"thumbnailUrl":"https:\/\/noticiasmercedinas.com\/site\/wp-content\/uploads\/2024\/08\/BLUES1.jpeg","datePublished":"2024-08-22T22:46:54+00:00","breadcrumb":{"@id":"https:\/\/noticiasmercedinas.com\/site\/2024\/08\/22\/el-programa-llegaron-los-blues-continua-celebrando-su-10o-aniversario-con-grandes-invitados\/#breadcrumb"},"inLanguage":"es","potentialAction":[{"@type":"ReadAction","target":["https:\/\/noticiasmercedinas.com\/site\/2024\/08\/22\/el-programa-llegaron-los-blues-continua-celebrando-su-10o-aniversario-con-grandes-invitados\/"]}]},{"@type":"ImageObject","inLanguage":"es","@id":"https:\/\/noticiasmercedinas.com\/site\/2024\/08\/22\/el-programa-llegaron-los-blues-continua-celebrando-su-10o-aniversario-con-grandes-invitados\/#primaryimage","url":"https:\/\/noticiasmercedinas.com\/site\/wp-content\/uploads\/2024\/08\/BLUES1.jpeg","contentUrl":"https:\/\/noticiasmercedinas.com\/site\/wp-content\/uploads\/2024\/08\/BLUES1.jpeg","width":1600,"height":1600},{"@type":"BreadcrumbList","@id":"https:\/\/noticiasmercedinas.com\/site\/2024\/08\/22\/el-programa-llegaron-los-blues-continua-celebrando-su-10o-aniversario-con-grandes-invitados\/#breadcrumb","itemListElement":[{"@type":"ListItem","position":1,"name":"Portada","item":"https:\/\/noticiasmercedinas.com\/site\/"},{"@type":"ListItem","position":2,"name":"El programa &#8216;Llegaron los Blues&#8217; contin\u00faa celebrando su 10\u00ba aniversario con grandes invitados"}]},{"@type":"WebSite","@id":"https:\/\/noticiasmercedinas.com\/site\/#website","url":"https:\/\/noticiasmercedinas.com\/site\/","name":"NOTICIASMERCEDINAS.COM","description":"Mercedes, Buenos Aires, Argentina","publisher":{"@id":"https:\/\/noticiasmercedinas.com\/site\/#organization"},"potentialAction":[{"@type":"SearchAction","target":{"@type":"EntryPoint","urlTemplate":"https:\/\/noticiasmercedinas.com\/site\/?s={search_term_string}"},"query-input":{"@type":"PropertyValueSpecification","valueRequired":true,"valueName":"search_term_string"}}],"inLanguage":"es"},{"@type":"Organization","@id":"https:\/\/noticiasmercedinas.com\/site\/#organization","name":"NOTICIASMERCEDINAS.COM","url":"https:\/\/noticiasmercedinas.com\/site\/","logo":{"@type":"ImageObject","inLanguage":"es","@id":"https:\/\/noticiasmercedinas.com\/site\/#\/schema\/logo\/image\/","url":"https:\/\/noticiasmercedinas.com\/site\/wp-content\/uploads\/2020\/06\/LOGO-512.jpg","contentUrl":"https:\/\/noticiasmercedinas.com\/site\/wp-content\/uploads\/2020\/06\/LOGO-512.jpg","width":512,"height":512,"caption":"NOTICIASMERCEDINAS.COM"},"image":{"@id":"https:\/\/noticiasmercedinas.com\/site\/#\/schema\/logo\/image\/"},"sameAs":["https:\/\/www.facebook.com\/noticiasmercedinas\/","https:\/\/x.com\/notmercedinas","https:\/\/www.instagram.com\/noticiasmercedinas\/"]},{"@type":"Person","@id":"https:\/\/noticiasmercedinas.com\/site\/#\/schema\/person\/84b59c099c28ff2e8b77d4ceec5d8063","name":"NOTICIASMERCEDINAS.COM","image":{"@type":"ImageObject","inLanguage":"es","@id":"https:\/\/secure.gravatar.com\/avatar\/4dfbf16b4d17945bfb6341b2d19043457132fcf478a5ee04f42e959fd8f5df0a?s=96&d=mm&r=g","url":"https:\/\/secure.gravatar.com\/avatar\/4dfbf16b4d17945bfb6341b2d19043457132fcf478a5ee04f42e959fd8f5df0a?s=96&d=mm&r=g","contentUrl":"https:\/\/secure.gravatar.com\/avatar\/4dfbf16b4d17945bfb6341b2d19043457132fcf478a5ee04f42e959fd8f5df0a?s=96&d=mm&r=g","caption":"NOTICIASMERCEDINAS.COM"},"url":"https:\/\/noticiasmercedinas.com\/site\/author\/anonimo\/"}]}},"amp_enabled":true,"_links":{"self":[{"href":"https:\/\/noticiasmercedinas.com\/site\/wp-json\/wp\/v2\/posts\/142379","targetHints":{"allow":["GET"]}}],"collection":[{"href":"https:\/\/noticiasmercedinas.com\/site\/wp-json\/wp\/v2\/posts"}],"about":[{"href":"https:\/\/noticiasmercedinas.com\/site\/wp-json\/wp\/v2\/types\/post"}],"author":[{"embeddable":true,"href":"https:\/\/noticiasmercedinas.com\/site\/wp-json\/wp\/v2\/users\/16"}],"replies":[{"embeddable":true,"href":"https:\/\/noticiasmercedinas.com\/site\/wp-json\/wp\/v2\/comments?post=142379"}],"version-history":[{"count":1,"href":"https:\/\/noticiasmercedinas.com\/site\/wp-json\/wp\/v2\/posts\/142379\/revisions"}],"predecessor-version":[{"id":142381,"href":"https:\/\/noticiasmercedinas.com\/site\/wp-json\/wp\/v2\/posts\/142379\/revisions\/142381"}],"wp:featuredmedia":[{"embeddable":true,"href":"https:\/\/noticiasmercedinas.com\/site\/wp-json\/wp\/v2\/media\/142380"}],"wp:attachment":[{"href":"https:\/\/noticiasmercedinas.com\/site\/wp-json\/wp\/v2\/media?parent=142379"}],"wp:term":[{"taxonomy":"category","embeddable":true,"href":"https:\/\/noticiasmercedinas.com\/site\/wp-json\/wp\/v2\/categories?post=142379"},{"taxonomy":"post_tag","embeddable":true,"href":"https:\/\/noticiasmercedinas.com\/site\/wp-json\/wp\/v2\/tags?post=142379"}],"curies":[{"name":"wp","href":"https:\/\/api.w.org\/{rel}","templated":true}]}}