{"id":142388,"date":"2024-08-23T09:54:45","date_gmt":"2024-08-23T12:54:45","guid":{"rendered":"https:\/\/noticiasmercedinas.com\/site\/?p=142388"},"modified":"2024-08-23T09:55:16","modified_gmt":"2024-08-23T12:55:16","slug":"nueva-placa-en-la-escuela-normal-en-homenaje-a-los-heroes-de-malvinas","status":"publish","type":"post","link":"https:\/\/noticiasmercedinas.com\/site\/2024\/08\/23\/nueva-placa-en-la-escuela-normal-en-homenaje-a-los-heroes-de-malvinas\/","title":{"rendered":"Nueva placa en la Escuela Normal en homenaje a los H\u00e9roes de Malvinas"},"content":{"rendered":"<p><img loading=\"lazy\" decoding=\"async\" class=\"alignnone size-full wp-image-142390\" src=\"https:\/\/noticiasmercedinas.com\/site\/wp-content\/uploads\/2024\/08\/placa01.jpg\" alt=\"\" width=\"901\" height=\"700\" srcset=\"https:\/\/noticiasmercedinas.com\/site\/wp-content\/uploads\/2024\/08\/placa01.jpg 901w, https:\/\/noticiasmercedinas.com\/site\/wp-content\/uploads\/2024\/08\/placa01-300x233.jpg 300w, https:\/\/noticiasmercedinas.com\/site\/wp-content\/uploads\/2024\/08\/placa01-768x597.jpg 768w, https:\/\/noticiasmercedinas.com\/site\/wp-content\/uploads\/2024\/08\/placa01-640x497.jpg 640w, https:\/\/noticiasmercedinas.com\/site\/wp-content\/uploads\/2024\/08\/placa01-681x529.jpg 681w\" sizes=\"auto, (max-width: 901px) 100vw, 901px\" \/><\/p>\n<p>En un emotivo acto organizado en la Escuela Normal de Mercedes, se rindi\u00f3 homenaje a los exalumnos que participaron en la Guerra de Malvinas. Este evento, impulsado por el Instituto Belgraniano y acompa\u00f1ado por la Secretar\u00eda de Educaci\u00f3n del municipio, tuvo como objetivo reconocer a aquellos que cursaron sus estudios primarios en la instituci\u00f3n y que, posteriormente, participaron en el conflicto de 1982.<\/p>\n<p>Tras la ceremonia, Jos\u00e9 Luis Pisano, representante de la Secretar\u00eda de Educaci\u00f3n, destac\u00f3 la importancia de este reconocimiento y subray\u00f3 el valor que los H\u00e9roes de Malvinas representan para la comunidad. \u00abAcompa\u00f1amos al Instituto Belgraniano en la colocaci\u00f3n de una nueva placa en reconocimiento a los H\u00e9roes de Malvinas, en este caso a aquellos que cursaron la Primaria en la Escuela Normal\u00bb, expres\u00f3 Pisano.<\/p>\n<p>El acto coincidi\u00f3 con la conmemoraci\u00f3n de un nuevo aniversario del fallecimiento del General San Mart\u00edn, lo que permiti\u00f3 a docentes y estudiantes reflexionar sobre valores como la independencia, la soberan\u00eda, la igualdad y la justicia social, principios defendidos tanto por el pr\u00f3cer como por los veteranos de Malvinas.<\/p>\n<p>En el transcurso del evento, las autoridades de la escuela entregaron a los homenajeados y a sus familias una copia del acta de la Promesa a la Bandera que los veteranos realizaron cuando cursaban el 4\u00ba grado, reforzando el v\u00ednculo entre su infancia y el compromiso asumido a\u00f1os despu\u00e9s en defensa del pa\u00eds.<\/p>\n<p>La placa colocada en la escuela lleva la siguiente inscripci\u00f3n:<\/p>\n<p><strong>INSTITUTO BELGRANIANO<\/strong><\/p>\n<p><strong>En homenaje a los exalumnos Veteranos de Malvinas, combatientes en 1982 que cursaron en esta casa sus estudios primarios:<\/strong><\/p>\n<p><strong>Mauricio Fernando Angulo \u2020<\/strong><br \/>\n<strong>Marcelo Fernando DeCunto<\/strong><br \/>\n<strong>Guillermo Oterm\u00edn<\/strong><br \/>\n<strong>Osvaldo Reyes<\/strong><br \/>\n<strong>Fabi\u00e1n Oscar Solimandi<\/strong><\/p>\n<p><strong>MERCEDES (Bs. As.)<\/strong><br \/>\n<strong>Agosto 2024<\/strong><\/p>\n<p>Este acto de reconocimiento, cargado de simbolismo, refuerza la memoria colectiva y el respeto hacia quienes ofrecieron su vida por la soberan\u00eda argentina.<\/p>\n<p><img loading=\"lazy\" decoding=\"async\" class=\"alignnone size-full wp-image-142389\" src=\"https:\/\/noticiasmercedinas.com\/site\/wp-content\/uploads\/2024\/08\/BELGRANO.jpg\" alt=\"\" width=\"1080\" height=\"1080\" srcset=\"https:\/\/noticiasmercedinas.com\/site\/wp-content\/uploads\/2024\/08\/BELGRANO.jpg 1080w, https:\/\/noticiasmercedinas.com\/site\/wp-content\/uploads\/2024\/08\/BELGRANO-300x300.jpg 300w, https:\/\/noticiasmercedinas.com\/site\/wp-content\/uploads\/2024\/08\/BELGRANO-1024x1024.jpg 1024w, https:\/\/noticiasmercedinas.com\/site\/wp-content\/uploads\/2024\/08\/BELGRANO-150x150.jpg 150w, https:\/\/noticiasmercedinas.com\/site\/wp-content\/uploads\/2024\/08\/BELGRANO-768x768.jpg 768w, https:\/\/noticiasmercedinas.com\/site\/wp-content\/uploads\/2024\/08\/BELGRANO-640x640.jpg 640w, https:\/\/noticiasmercedinas.com\/site\/wp-content\/uploads\/2024\/08\/BELGRANO-681x681.jpg 681w\" sizes=\"auto, (max-width: 1080px) 100vw, 1080px\" \/><\/p>\n","protected":false},"excerpt":{"rendered":"<p>\u25a0 Se homenaje\u00f3 a Mauricio Fernando Angulo (ya fallecido), Marcelo Fernando DeCunto, Guillermo Oterm\u00edn, Osvaldo Reyes y Fabi\u00e1n Oscar Solimandi. La actividad fue promovida por el Instituto Belgraniano<\/p>\n","protected":false},"author":16,"featured_media":142390,"comment_status":"closed","ping_status":"closed","sticky":false,"template":"","format":"standard","meta":{"footnotes":""},"categories":[3],"tags":[1098,3003,4130],"class_list":["post-142388","post","type-post","status-publish","format-standard","has-post-thumbnail","hentry","category-sociedad","tag-escuela-normal","tag-instituto-belgraniano","tag-veteranos-de-malvinas"],"yoast_head":"<!-- This site is optimized with the Yoast SEO plugin v27.4 - https:\/\/yoast.com\/product\/yoast-seo-wordpress\/ -->\n<title>Nueva placa en la Escuela Normal en homenaje a los H\u00e9roes de Malvinas<\/title>\n<meta name=\"robots\" content=\"index, follow, max-snippet:-1, max-image-preview:large, max-video-preview:-1\" \/>\n<link rel=\"canonical\" href=\"https:\/\/noticiasmercedinas.com\/site\/2024\/08\/23\/nueva-placa-en-la-escuela-normal-en-homenaje-a-los-heroes-de-malvinas\/\" \/>\n<meta property=\"og:locale\" content=\"es_ES\" \/>\n<meta property=\"og:type\" content=\"article\" \/>\n<meta property=\"og:title\" content=\"Nueva placa en la Escuela Normal en homenaje a los H\u00e9roes de Malvinas\" \/>\n<meta property=\"og:description\" content=\"\u25a0 Se homenaje\u00f3 a Mauricio Fernando Angulo (ya fallecido), Marcelo Fernando DeCunto, Guillermo Oterm\u00edn, Osvaldo Reyes y Fabi\u00e1n Oscar Solimandi. La actividad fue promovida por el Instituto Belgraniano\" \/>\n<meta property=\"og:url\" content=\"https:\/\/noticiasmercedinas.com\/site\/2024\/08\/23\/nueva-placa-en-la-escuela-normal-en-homenaje-a-los-heroes-de-malvinas\/\" \/>\n<meta property=\"og:site_name\" content=\"NOTICIASMERCEDINAS.COM\" \/>\n<meta property=\"article:publisher\" content=\"https:\/\/www.facebook.com\/noticiasmercedinas\/\" \/>\n<meta property=\"article:published_time\" content=\"2024-08-23T12:54:45+00:00\" \/>\n<meta property=\"article:modified_time\" content=\"2024-08-23T12:55:16+00:00\" \/>\n<meta property=\"og:image\" content=\"https:\/\/noticiasmercedinas.com\/site\/wp-content\/uploads\/2024\/08\/placa01.jpg\" \/>\n\t<meta property=\"og:image:width\" content=\"901\" \/>\n\t<meta property=\"og:image:height\" content=\"700\" \/>\n\t<meta property=\"og:image:type\" content=\"image\/jpeg\" \/>\n<meta name=\"author\" content=\"NOTICIASMERCEDINAS.COM\" \/>\n<meta name=\"twitter:card\" content=\"summary_large_image\" \/>\n<meta name=\"twitter:creator\" content=\"@notmercedinas\" \/>\n<meta name=\"twitter:site\" content=\"@notmercedinas\" \/>\n<meta name=\"twitter:label1\" content=\"Escrito por\" \/>\n\t<meta name=\"twitter:data1\" content=\"NOTICIASMERCEDINAS.COM\" \/>\n\t<meta name=\"twitter:label2\" content=\"Tiempo de lectura\" \/>\n\t<meta name=\"twitter:data2\" content=\"2 minutos\" \/>\n<script type=\"application\/ld+json\" class=\"yoast-schema-graph\">{\"@context\":\"https:\\\/\\\/schema.org\",\"@graph\":[{\"@type\":\"Article\",\"@id\":\"https:\\\/\\\/noticiasmercedinas.com\\\/site\\\/2024\\\/08\\\/23\\\/nueva-placa-en-la-escuela-normal-en-homenaje-a-los-heroes-de-malvinas\\\/#article\",\"isPartOf\":{\"@id\":\"https:\\\/\\\/noticiasmercedinas.com\\\/site\\\/2024\\\/08\\\/23\\\/nueva-placa-en-la-escuela-normal-en-homenaje-a-los-heroes-de-malvinas\\\/\"},\"author\":{\"name\":\"NOTICIASMERCEDINAS.COM\",\"@id\":\"https:\\\/\\\/noticiasmercedinas.com\\\/site\\\/#\\\/schema\\\/person\\\/84b59c099c28ff2e8b77d4ceec5d8063\"},\"headline\":\"Nueva placa en la Escuela Normal en homenaje a los H\u00e9roes de Malvinas\",\"datePublished\":\"2024-08-23T12:54:45+00:00\",\"dateModified\":\"2024-08-23T12:55:16+00:00\",\"mainEntityOfPage\":{\"@id\":\"https:\\\/\\\/noticiasmercedinas.com\\\/site\\\/2024\\\/08\\\/23\\\/nueva-placa-en-la-escuela-normal-en-homenaje-a-los-heroes-de-malvinas\\\/\"},\"wordCount\":333,\"publisher\":{\"@id\":\"https:\\\/\\\/noticiasmercedinas.com\\\/site\\\/#organization\"},\"image\":{\"@id\":\"https:\\\/\\\/noticiasmercedinas.com\\\/site\\\/2024\\\/08\\\/23\\\/nueva-placa-en-la-escuela-normal-en-homenaje-a-los-heroes-de-malvinas\\\/#primaryimage\"},\"thumbnailUrl\":\"https:\\\/\\\/noticiasmercedinas.com\\\/site\\\/wp-content\\\/uploads\\\/2024\\\/08\\\/placa01.jpg\",\"keywords\":[\"escuela normal\",\"instituto belgraniano\",\"veteranos de malvinas\"],\"articleSection\":[\"Sociedad\"],\"inLanguage\":\"es\"},{\"@type\":\"WebPage\",\"@id\":\"https:\\\/\\\/noticiasmercedinas.com\\\/site\\\/2024\\\/08\\\/23\\\/nueva-placa-en-la-escuela-normal-en-homenaje-a-los-heroes-de-malvinas\\\/\",\"url\":\"https:\\\/\\\/noticiasmercedinas.com\\\/site\\\/2024\\\/08\\\/23\\\/nueva-placa-en-la-escuela-normal-en-homenaje-a-los-heroes-de-malvinas\\\/\",\"name\":\"Nueva placa en la Escuela Normal en homenaje a los H\u00e9roes de Malvinas\",\"isPartOf\":{\"@id\":\"https:\\\/\\\/noticiasmercedinas.com\\\/site\\\/#website\"},\"primaryImageOfPage\":{\"@id\":\"https:\\\/\\\/noticiasmercedinas.com\\\/site\\\/2024\\\/08\\\/23\\\/nueva-placa-en-la-escuela-normal-en-homenaje-a-los-heroes-de-malvinas\\\/#primaryimage\"},\"image\":{\"@id\":\"https:\\\/\\\/noticiasmercedinas.com\\\/site\\\/2024\\\/08\\\/23\\\/nueva-placa-en-la-escuela-normal-en-homenaje-a-los-heroes-de-malvinas\\\/#primaryimage\"},\"thumbnailUrl\":\"https:\\\/\\\/noticiasmercedinas.com\\\/site\\\/wp-content\\\/uploads\\\/2024\\\/08\\\/placa01.jpg\",\"datePublished\":\"2024-08-23T12:54:45+00:00\",\"dateModified\":\"2024-08-23T12:55:16+00:00\",\"breadcrumb\":{\"@id\":\"https:\\\/\\\/noticiasmercedinas.com\\\/site\\\/2024\\\/08\\\/23\\\/nueva-placa-en-la-escuela-normal-en-homenaje-a-los-heroes-de-malvinas\\\/#breadcrumb\"},\"inLanguage\":\"es\",\"potentialAction\":[{\"@type\":\"ReadAction\",\"target\":[\"https:\\\/\\\/noticiasmercedinas.com\\\/site\\\/2024\\\/08\\\/23\\\/nueva-placa-en-la-escuela-normal-en-homenaje-a-los-heroes-de-malvinas\\\/\"]}]},{\"@type\":\"ImageObject\",\"inLanguage\":\"es\",\"@id\":\"https:\\\/\\\/noticiasmercedinas.com\\\/site\\\/2024\\\/08\\\/23\\\/nueva-placa-en-la-escuela-normal-en-homenaje-a-los-heroes-de-malvinas\\\/#primaryimage\",\"url\":\"https:\\\/\\\/noticiasmercedinas.com\\\/site\\\/wp-content\\\/uploads\\\/2024\\\/08\\\/placa01.jpg\",\"contentUrl\":\"https:\\\/\\\/noticiasmercedinas.com\\\/site\\\/wp-content\\\/uploads\\\/2024\\\/08\\\/placa01.jpg\",\"width\":901,\"height\":700},{\"@type\":\"BreadcrumbList\",\"@id\":\"https:\\\/\\\/noticiasmercedinas.com\\\/site\\\/2024\\\/08\\\/23\\\/nueva-placa-en-la-escuela-normal-en-homenaje-a-los-heroes-de-malvinas\\\/#breadcrumb\",\"itemListElement\":[{\"@type\":\"ListItem\",\"position\":1,\"name\":\"Portada\",\"item\":\"https:\\\/\\\/noticiasmercedinas.com\\\/site\\\/\"},{\"@type\":\"ListItem\",\"position\":2,\"name\":\"Nueva placa en la Escuela Normal en homenaje a los H\u00e9roes de Malvinas\"}]},{\"@type\":\"WebSite\",\"@id\":\"https:\\\/\\\/noticiasmercedinas.com\\\/site\\\/#website\",\"url\":\"https:\\\/\\\/noticiasmercedinas.com\\\/site\\\/\",\"name\":\"NOTICIASMERCEDINAS.COM\",\"description\":\"Mercedes, Buenos Aires, Argentina\",\"publisher\":{\"@id\":\"https:\\\/\\\/noticiasmercedinas.com\\\/site\\\/#organization\"},\"potentialAction\":[{\"@type\":\"SearchAction\",\"target\":{\"@type\":\"EntryPoint\",\"urlTemplate\":\"https:\\\/\\\/noticiasmercedinas.com\\\/site\\\/?s={search_term_string}\"},\"query-input\":{\"@type\":\"PropertyValueSpecification\",\"valueRequired\":true,\"valueName\":\"search_term_string\"}}],\"inLanguage\":\"es\"},{\"@type\":\"Organization\",\"@id\":\"https:\\\/\\\/noticiasmercedinas.com\\\/site\\\/#organization\",\"name\":\"NOTICIASMERCEDINAS.COM\",\"url\":\"https:\\\/\\\/noticiasmercedinas.com\\\/site\\\/\",\"logo\":{\"@type\":\"ImageObject\",\"inLanguage\":\"es\",\"@id\":\"https:\\\/\\\/noticiasmercedinas.com\\\/site\\\/#\\\/schema\\\/logo\\\/image\\\/\",\"url\":\"https:\\\/\\\/noticiasmercedinas.com\\\/site\\\/wp-content\\\/uploads\\\/2020\\\/06\\\/LOGO-512.jpg\",\"contentUrl\":\"https:\\\/\\\/noticiasmercedinas.com\\\/site\\\/wp-content\\\/uploads\\\/2020\\\/06\\\/LOGO-512.jpg\",\"width\":512,\"height\":512,\"caption\":\"NOTICIASMERCEDINAS.COM\"},\"image\":{\"@id\":\"https:\\\/\\\/noticiasmercedinas.com\\\/site\\\/#\\\/schema\\\/logo\\\/image\\\/\"},\"sameAs\":[\"https:\\\/\\\/www.facebook.com\\\/noticiasmercedinas\\\/\",\"https:\\\/\\\/x.com\\\/notmercedinas\",\"https:\\\/\\\/www.instagram.com\\\/noticiasmercedinas\\\/\"]},{\"@type\":\"Person\",\"@id\":\"https:\\\/\\\/noticiasmercedinas.com\\\/site\\\/#\\\/schema\\\/person\\\/84b59c099c28ff2e8b77d4ceec5d8063\",\"name\":\"NOTICIASMERCEDINAS.COM\",\"image\":{\"@type\":\"ImageObject\",\"inLanguage\":\"es\",\"@id\":\"https:\\\/\\\/secure.gravatar.com\\\/avatar\\\/4dfbf16b4d17945bfb6341b2d19043457132fcf478a5ee04f42e959fd8f5df0a?s=96&d=mm&r=g\",\"url\":\"https:\\\/\\\/secure.gravatar.com\\\/avatar\\\/4dfbf16b4d17945bfb6341b2d19043457132fcf478a5ee04f42e959fd8f5df0a?s=96&d=mm&r=g\",\"contentUrl\":\"https:\\\/\\\/secure.gravatar.com\\\/avatar\\\/4dfbf16b4d17945bfb6341b2d19043457132fcf478a5ee04f42e959fd8f5df0a?s=96&d=mm&r=g\",\"caption\":\"NOTICIASMERCEDINAS.COM\"},\"url\":\"https:\\\/\\\/noticiasmercedinas.com\\\/site\\\/author\\\/anonimo\\\/\"}]}<\/script>\n<!-- \/ Yoast SEO plugin. -->","yoast_head_json":{"title":"Nueva placa en la Escuela Normal en homenaje a los H\u00e9roes de Malvinas","robots":{"index":"index","follow":"follow","max-snippet":"max-snippet:-1","max-image-preview":"max-image-preview:large","max-video-preview":"max-video-preview:-1"},"canonical":"https:\/\/noticiasmercedinas.com\/site\/2024\/08\/23\/nueva-placa-en-la-escuela-normal-en-homenaje-a-los-heroes-de-malvinas\/","og_locale":"es_ES","og_type":"article","og_title":"Nueva placa en la Escuela Normal en homenaje a los H\u00e9roes de Malvinas","og_description":"\u25a0 Se homenaje\u00f3 a Mauricio Fernando Angulo (ya fallecido), Marcelo Fernando DeCunto, Guillermo Oterm\u00edn, Osvaldo Reyes y Fabi\u00e1n Oscar Solimandi. La actividad fue promovida por el Instituto Belgraniano","og_url":"https:\/\/noticiasmercedinas.com\/site\/2024\/08\/23\/nueva-placa-en-la-escuela-normal-en-homenaje-a-los-heroes-de-malvinas\/","og_site_name":"NOTICIASMERCEDINAS.COM","article_publisher":"https:\/\/www.facebook.com\/noticiasmercedinas\/","article_published_time":"2024-08-23T12:54:45+00:00","article_modified_time":"2024-08-23T12:55:16+00:00","og_image":[{"width":901,"height":700,"url":"https:\/\/noticiasmercedinas.com\/site\/wp-content\/uploads\/2024\/08\/placa01.jpg","type":"image\/jpeg"}],"author":"NOTICIASMERCEDINAS.COM","twitter_card":"summary_large_image","twitter_creator":"@notmercedinas","twitter_site":"@notmercedinas","twitter_misc":{"Escrito por":"NOTICIASMERCEDINAS.COM","Tiempo de lectura":"2 minutos"},"schema":{"@context":"https:\/\/schema.org","@graph":[{"@type":"Article","@id":"https:\/\/noticiasmercedinas.com\/site\/2024\/08\/23\/nueva-placa-en-la-escuela-normal-en-homenaje-a-los-heroes-de-malvinas\/#article","isPartOf":{"@id":"https:\/\/noticiasmercedinas.com\/site\/2024\/08\/23\/nueva-placa-en-la-escuela-normal-en-homenaje-a-los-heroes-de-malvinas\/"},"author":{"name":"NOTICIASMERCEDINAS.COM","@id":"https:\/\/noticiasmercedinas.com\/site\/#\/schema\/person\/84b59c099c28ff2e8b77d4ceec5d8063"},"headline":"Nueva placa en la Escuela Normal en homenaje a los H\u00e9roes de Malvinas","datePublished":"2024-08-23T12:54:45+00:00","dateModified":"2024-08-23T12:55:16+00:00","mainEntityOfPage":{"@id":"https:\/\/noticiasmercedinas.com\/site\/2024\/08\/23\/nueva-placa-en-la-escuela-normal-en-homenaje-a-los-heroes-de-malvinas\/"},"wordCount":333,"publisher":{"@id":"https:\/\/noticiasmercedinas.com\/site\/#organization"},"image":{"@id":"https:\/\/noticiasmercedinas.com\/site\/2024\/08\/23\/nueva-placa-en-la-escuela-normal-en-homenaje-a-los-heroes-de-malvinas\/#primaryimage"},"thumbnailUrl":"https:\/\/noticiasmercedinas.com\/site\/wp-content\/uploads\/2024\/08\/placa01.jpg","keywords":["escuela normal","instituto belgraniano","veteranos de malvinas"],"articleSection":["Sociedad"],"inLanguage":"es"},{"@type":"WebPage","@id":"https:\/\/noticiasmercedinas.com\/site\/2024\/08\/23\/nueva-placa-en-la-escuela-normal-en-homenaje-a-los-heroes-de-malvinas\/","url":"https:\/\/noticiasmercedinas.com\/site\/2024\/08\/23\/nueva-placa-en-la-escuela-normal-en-homenaje-a-los-heroes-de-malvinas\/","name":"Nueva placa en la Escuela Normal en homenaje a los H\u00e9roes de Malvinas","isPartOf":{"@id":"https:\/\/noticiasmercedinas.com\/site\/#website"},"primaryImageOfPage":{"@id":"https:\/\/noticiasmercedinas.com\/site\/2024\/08\/23\/nueva-placa-en-la-escuela-normal-en-homenaje-a-los-heroes-de-malvinas\/#primaryimage"},"image":{"@id":"https:\/\/noticiasmercedinas.com\/site\/2024\/08\/23\/nueva-placa-en-la-escuela-normal-en-homenaje-a-los-heroes-de-malvinas\/#primaryimage"},"thumbnailUrl":"https:\/\/noticiasmercedinas.com\/site\/wp-content\/uploads\/2024\/08\/placa01.jpg","datePublished":"2024-08-23T12:54:45+00:00","dateModified":"2024-08-23T12:55:16+00:00","breadcrumb":{"@id":"https:\/\/noticiasmercedinas.com\/site\/2024\/08\/23\/nueva-placa-en-la-escuela-normal-en-homenaje-a-los-heroes-de-malvinas\/#breadcrumb"},"inLanguage":"es","potentialAction":[{"@type":"ReadAction","target":["https:\/\/noticiasmercedinas.com\/site\/2024\/08\/23\/nueva-placa-en-la-escuela-normal-en-homenaje-a-los-heroes-de-malvinas\/"]}]},{"@type":"ImageObject","inLanguage":"es","@id":"https:\/\/noticiasmercedinas.com\/site\/2024\/08\/23\/nueva-placa-en-la-escuela-normal-en-homenaje-a-los-heroes-de-malvinas\/#primaryimage","url":"https:\/\/noticiasmercedinas.com\/site\/wp-content\/uploads\/2024\/08\/placa01.jpg","contentUrl":"https:\/\/noticiasmercedinas.com\/site\/wp-content\/uploads\/2024\/08\/placa01.jpg","width":901,"height":700},{"@type":"BreadcrumbList","@id":"https:\/\/noticiasmercedinas.com\/site\/2024\/08\/23\/nueva-placa-en-la-escuela-normal-en-homenaje-a-los-heroes-de-malvinas\/#breadcrumb","itemListElement":[{"@type":"ListItem","position":1,"name":"Portada","item":"https:\/\/noticiasmercedinas.com\/site\/"},{"@type":"ListItem","position":2,"name":"Nueva placa en la Escuela Normal en homenaje a los H\u00e9roes de Malvinas"}]},{"@type":"WebSite","@id":"https:\/\/noticiasmercedinas.com\/site\/#website","url":"https:\/\/noticiasmercedinas.com\/site\/","name":"NOTICIASMERCEDINAS.COM","description":"Mercedes, Buenos Aires, Argentina","publisher":{"@id":"https:\/\/noticiasmercedinas.com\/site\/#organization"},"potentialAction":[{"@type":"SearchAction","target":{"@type":"EntryPoint","urlTemplate":"https:\/\/noticiasmercedinas.com\/site\/?s={search_term_string}"},"query-input":{"@type":"PropertyValueSpecification","valueRequired":true,"valueName":"search_term_string"}}],"inLanguage":"es"},{"@type":"Organization","@id":"https:\/\/noticiasmercedinas.com\/site\/#organization","name":"NOTICIASMERCEDINAS.COM","url":"https:\/\/noticiasmercedinas.com\/site\/","logo":{"@type":"ImageObject","inLanguage":"es","@id":"https:\/\/noticiasmercedinas.com\/site\/#\/schema\/logo\/image\/","url":"https:\/\/noticiasmercedinas.com\/site\/wp-content\/uploads\/2020\/06\/LOGO-512.jpg","contentUrl":"https:\/\/noticiasmercedinas.com\/site\/wp-content\/uploads\/2020\/06\/LOGO-512.jpg","width":512,"height":512,"caption":"NOTICIASMERCEDINAS.COM"},"image":{"@id":"https:\/\/noticiasmercedinas.com\/site\/#\/schema\/logo\/image\/"},"sameAs":["https:\/\/www.facebook.com\/noticiasmercedinas\/","https:\/\/x.com\/notmercedinas","https:\/\/www.instagram.com\/noticiasmercedinas\/"]},{"@type":"Person","@id":"https:\/\/noticiasmercedinas.com\/site\/#\/schema\/person\/84b59c099c28ff2e8b77d4ceec5d8063","name":"NOTICIASMERCEDINAS.COM","image":{"@type":"ImageObject","inLanguage":"es","@id":"https:\/\/secure.gravatar.com\/avatar\/4dfbf16b4d17945bfb6341b2d19043457132fcf478a5ee04f42e959fd8f5df0a?s=96&d=mm&r=g","url":"https:\/\/secure.gravatar.com\/avatar\/4dfbf16b4d17945bfb6341b2d19043457132fcf478a5ee04f42e959fd8f5df0a?s=96&d=mm&r=g","contentUrl":"https:\/\/secure.gravatar.com\/avatar\/4dfbf16b4d17945bfb6341b2d19043457132fcf478a5ee04f42e959fd8f5df0a?s=96&d=mm&r=g","caption":"NOTICIASMERCEDINAS.COM"},"url":"https:\/\/noticiasmercedinas.com\/site\/author\/anonimo\/"}]}},"amp_enabled":true,"_links":{"self":[{"href":"https:\/\/noticiasmercedinas.com\/site\/wp-json\/wp\/v2\/posts\/142388","targetHints":{"allow":["GET"]}}],"collection":[{"href":"https:\/\/noticiasmercedinas.com\/site\/wp-json\/wp\/v2\/posts"}],"about":[{"href":"https:\/\/noticiasmercedinas.com\/site\/wp-json\/wp\/v2\/types\/post"}],"author":[{"embeddable":true,"href":"https:\/\/noticiasmercedinas.com\/site\/wp-json\/wp\/v2\/users\/16"}],"replies":[{"embeddable":true,"href":"https:\/\/noticiasmercedinas.com\/site\/wp-json\/wp\/v2\/comments?post=142388"}],"version-history":[{"count":2,"href":"https:\/\/noticiasmercedinas.com\/site\/wp-json\/wp\/v2\/posts\/142388\/revisions"}],"predecessor-version":[{"id":142392,"href":"https:\/\/noticiasmercedinas.com\/site\/wp-json\/wp\/v2\/posts\/142388\/revisions\/142392"}],"wp:featuredmedia":[{"embeddable":true,"href":"https:\/\/noticiasmercedinas.com\/site\/wp-json\/wp\/v2\/media\/142390"}],"wp:attachment":[{"href":"https:\/\/noticiasmercedinas.com\/site\/wp-json\/wp\/v2\/media?parent=142388"}],"wp:term":[{"taxonomy":"category","embeddable":true,"href":"https:\/\/noticiasmercedinas.com\/site\/wp-json\/wp\/v2\/categories?post=142388"},{"taxonomy":"post_tag","embeddable":true,"href":"https:\/\/noticiasmercedinas.com\/site\/wp-json\/wp\/v2\/tags?post=142388"}],"curies":[{"name":"wp","href":"https:\/\/api.w.org\/{rel}","templated":true}]}}