{"id":142393,"date":"2024-08-23T10:30:45","date_gmt":"2024-08-23T13:30:45","guid":{"rendered":"https:\/\/noticiasmercedinas.com\/site\/?p=142393"},"modified":"2024-08-23T10:30:45","modified_gmt":"2024-08-23T13:30:45","slug":"pedro-fiorotto-presenta-una-unica-funcion-de-la-isla-desierta-en-mercedes","status":"publish","type":"post","link":"https:\/\/noticiasmercedinas.com\/site\/2024\/08\/23\/pedro-fiorotto-presenta-una-unica-funcion-de-la-isla-desierta-en-mercedes\/","title":{"rendered":"Pedro Fiorotto presenta una \u00fanica funci\u00f3n de \u00abLa Isla Desierta\u00bb en Mercedes"},"content":{"rendered":"<p><img loading=\"lazy\" decoding=\"async\" class=\"alignnone size-full wp-image-142395\" src=\"https:\/\/noticiasmercedinas.com\/site\/wp-content\/uploads\/2024\/08\/ISLAS.jpg\" alt=\"\" width=\"648\" height=\"538\" srcset=\"https:\/\/noticiasmercedinas.com\/site\/wp-content\/uploads\/2024\/08\/ISLAS.jpg 648w, https:\/\/noticiasmercedinas.com\/site\/wp-content\/uploads\/2024\/08\/ISLAS-300x249.jpg 300w, https:\/\/noticiasmercedinas.com\/site\/wp-content\/uploads\/2024\/08\/ISLAS-640x531.jpg 640w\" sizes=\"auto, (max-width: 648px) 100vw, 648px\" \/><\/p>\n<p>Este viernes 23 de agosto a las 21 horas, el actor Pedro Fiorotto ofrecer\u00e1 una \u00fanica funci\u00f3n de su adaptaci\u00f3n unipersonal de \u00abLa isla desierta\u00bb, una obra de Roberto Arlt. El evento se realizar\u00e1 en BOMPELLON Espacio Cultural, ubicado en calle 16 entre 11 y 13, en la ciudad de Mercedes.<\/p>\n<p>Bajo la direcci\u00f3n de Juan Dom\u00e9, esta versi\u00f3n de \u00abLa isla desierta\u00bb promete una experiencia teatral intensa y profunda. La obra, que ha sido adaptada y puesta en escena por Fiorotto y Dom\u00e9, explora la vida de empleados de una dependencia portuaria que, tras ser trasladados de un s\u00f3tano al d\u00e9cimo piso de un edificio, se enfrentan a una crisis existencial. Los deseos reprimidos y la frustraci\u00f3n por la p\u00e9rdida de sus sue\u00f1os se manifiestan en una inmersi\u00f3n total en sus anhelos, mientras los miedos por la estabilidad laboral los alejan de sus verdaderas pasiones.<\/p>\n<p>La direcci\u00f3n art\u00edstica de Juan Dom\u00e9, quien tambi\u00e9n est\u00e1 a cargo del dise\u00f1o lum\u00ednico, junto con el dise\u00f1o gr\u00e1fico de Edgardo Gabo, busca sumergir al p\u00fablico en la complejidad emocional de los personajes y sus conflictos internos. La actuaci\u00f3n de Pedro Fiorotto promete ser un viaje intenso por las profundidades del alma de estos oficinistas desesperanzados.<\/p>\n<p>Las entradas para esta \u00fanica funci\u00f3n ya est\u00e1n disponibles, y se recomienda realizar la reserva con antelaci\u00f3n para no perderse esta oportunidad \u00fanica de disfrutar de un cl\u00e1sico de Arlt en una versi\u00f3n \u00edntima y desgarradora.<\/p>\n<p><img loading=\"lazy\" decoding=\"async\" class=\"alignnone size-full wp-image-142394\" src=\"https:\/\/noticiasmercedinas.com\/site\/wp-content\/uploads\/2024\/08\/ISLA.jpeg\" alt=\"\" width=\"1075\" height=\"1467\" srcset=\"https:\/\/noticiasmercedinas.com\/site\/wp-content\/uploads\/2024\/08\/ISLA.jpeg 1075w, https:\/\/noticiasmercedinas.com\/site\/wp-content\/uploads\/2024\/08\/ISLA-220x300.jpeg 220w, https:\/\/noticiasmercedinas.com\/site\/wp-content\/uploads\/2024\/08\/ISLA-750x1024.jpeg 750w, https:\/\/noticiasmercedinas.com\/site\/wp-content\/uploads\/2024\/08\/ISLA-768x1048.jpeg 768w, https:\/\/noticiasmercedinas.com\/site\/wp-content\/uploads\/2024\/08\/ISLA-640x873.jpeg 640w, https:\/\/noticiasmercedinas.com\/site\/wp-content\/uploads\/2024\/08\/ISLA-681x929.jpeg 681w\" sizes=\"auto, (max-width: 1075px) 100vw, 1075px\" \/><\/p>\n","protected":false},"excerpt":{"rendered":"<p>\u25a0 Entradas en venta para este viernes a las 21 horas, cuando el actor Pedro Fiorotto ofrezca una \u00fanica funci\u00f3n de su adaptaci\u00f3n unipersonal de la obra de Roberto Arlt, en Bompellon<\/p>\n","protected":false},"author":16,"featured_media":142395,"comment_status":"closed","ping_status":"closed","sticky":false,"template":"","format":"standard","meta":{"footnotes":""},"categories":[4],"tags":[6978,18687,18688,480],"class_list":["post-142393","post","type-post","status-publish","format-standard","has-post-thumbnail","hentry","category-cultura","tag-bompellon","tag-pedro-fiorotto","tag-roberto-arlt","tag-teatro"],"yoast_head":"<!-- This site is optimized with the Yoast SEO plugin v27.4 - https:\/\/yoast.com\/product\/yoast-seo-wordpress\/ -->\n<title>Pedro Fiorotto presenta una \u00fanica funci\u00f3n de &quot;La Isla Desierta&quot; en Mercedes<\/title>\n<meta name=\"robots\" content=\"index, follow, max-snippet:-1, max-image-preview:large, max-video-preview:-1\" \/>\n<link rel=\"canonical\" href=\"https:\/\/noticiasmercedinas.com\/site\/2024\/08\/23\/pedro-fiorotto-presenta-una-unica-funcion-de-la-isla-desierta-en-mercedes\/\" \/>\n<meta property=\"og:locale\" content=\"es_ES\" \/>\n<meta property=\"og:type\" content=\"article\" \/>\n<meta property=\"og:title\" content=\"Pedro Fiorotto presenta una \u00fanica funci\u00f3n de &quot;La Isla Desierta&quot; en Mercedes\" \/>\n<meta property=\"og:description\" content=\"\u25a0 Entradas en venta para este viernes a las 21 horas, cuando el actor Pedro Fiorotto ofrezca una \u00fanica funci\u00f3n de su adaptaci\u00f3n unipersonal de la obra de Roberto Arlt, en Bompellon\" \/>\n<meta property=\"og:url\" content=\"https:\/\/noticiasmercedinas.com\/site\/2024\/08\/23\/pedro-fiorotto-presenta-una-unica-funcion-de-la-isla-desierta-en-mercedes\/\" \/>\n<meta property=\"og:site_name\" content=\"NOTICIASMERCEDINAS.COM\" \/>\n<meta property=\"article:publisher\" content=\"https:\/\/www.facebook.com\/noticiasmercedinas\/\" \/>\n<meta property=\"article:published_time\" content=\"2024-08-23T13:30:45+00:00\" \/>\n<meta property=\"og:image\" content=\"https:\/\/noticiasmercedinas.com\/site\/wp-content\/uploads\/2024\/08\/ISLAS.jpg\" \/>\n\t<meta property=\"og:image:width\" content=\"648\" \/>\n\t<meta property=\"og:image:height\" content=\"538\" \/>\n\t<meta property=\"og:image:type\" content=\"image\/jpeg\" \/>\n<meta name=\"author\" content=\"NOTICIASMERCEDINAS.COM\" \/>\n<meta name=\"twitter:card\" content=\"summary_large_image\" \/>\n<meta name=\"twitter:creator\" content=\"@notmercedinas\" \/>\n<meta name=\"twitter:site\" content=\"@notmercedinas\" \/>\n<meta name=\"twitter:label1\" content=\"Escrito por\" \/>\n\t<meta name=\"twitter:data1\" content=\"NOTICIASMERCEDINAS.COM\" \/>\n\t<meta name=\"twitter:label2\" content=\"Tiempo de lectura\" \/>\n\t<meta name=\"twitter:data2\" content=\"1 minuto\" \/>\n<script type=\"application\/ld+json\" class=\"yoast-schema-graph\">{\"@context\":\"https:\\\/\\\/schema.org\",\"@graph\":[{\"@type\":\"Article\",\"@id\":\"https:\\\/\\\/noticiasmercedinas.com\\\/site\\\/2024\\\/08\\\/23\\\/pedro-fiorotto-presenta-una-unica-funcion-de-la-isla-desierta-en-mercedes\\\/#article\",\"isPartOf\":{\"@id\":\"https:\\\/\\\/noticiasmercedinas.com\\\/site\\\/2024\\\/08\\\/23\\\/pedro-fiorotto-presenta-una-unica-funcion-de-la-isla-desierta-en-mercedes\\\/\"},\"author\":{\"name\":\"NOTICIASMERCEDINAS.COM\",\"@id\":\"https:\\\/\\\/noticiasmercedinas.com\\\/site\\\/#\\\/schema\\\/person\\\/84b59c099c28ff2e8b77d4ceec5d8063\"},\"headline\":\"Pedro Fiorotto presenta una \u00fanica funci\u00f3n de \u00abLa Isla Desierta\u00bb en Mercedes\",\"datePublished\":\"2024-08-23T13:30:45+00:00\",\"mainEntityOfPage\":{\"@id\":\"https:\\\/\\\/noticiasmercedinas.com\\\/site\\\/2024\\\/08\\\/23\\\/pedro-fiorotto-presenta-una-unica-funcion-de-la-isla-desierta-en-mercedes\\\/\"},\"wordCount\":270,\"publisher\":{\"@id\":\"https:\\\/\\\/noticiasmercedinas.com\\\/site\\\/#organization\"},\"image\":{\"@id\":\"https:\\\/\\\/noticiasmercedinas.com\\\/site\\\/2024\\\/08\\\/23\\\/pedro-fiorotto-presenta-una-unica-funcion-de-la-isla-desierta-en-mercedes\\\/#primaryimage\"},\"thumbnailUrl\":\"https:\\\/\\\/noticiasmercedinas.com\\\/site\\\/wp-content\\\/uploads\\\/2024\\\/08\\\/ISLAS.jpg\",\"keywords\":[\"bompellon\",\"pedro fiorotto\",\"roberto arlt\",\"teatro\"],\"articleSection\":[\"Cultura\"],\"inLanguage\":\"es\"},{\"@type\":\"WebPage\",\"@id\":\"https:\\\/\\\/noticiasmercedinas.com\\\/site\\\/2024\\\/08\\\/23\\\/pedro-fiorotto-presenta-una-unica-funcion-de-la-isla-desierta-en-mercedes\\\/\",\"url\":\"https:\\\/\\\/noticiasmercedinas.com\\\/site\\\/2024\\\/08\\\/23\\\/pedro-fiorotto-presenta-una-unica-funcion-de-la-isla-desierta-en-mercedes\\\/\",\"name\":\"Pedro Fiorotto presenta una \u00fanica funci\u00f3n de \\\"La Isla Desierta\\\" en Mercedes\",\"isPartOf\":{\"@id\":\"https:\\\/\\\/noticiasmercedinas.com\\\/site\\\/#website\"},\"primaryImageOfPage\":{\"@id\":\"https:\\\/\\\/noticiasmercedinas.com\\\/site\\\/2024\\\/08\\\/23\\\/pedro-fiorotto-presenta-una-unica-funcion-de-la-isla-desierta-en-mercedes\\\/#primaryimage\"},\"image\":{\"@id\":\"https:\\\/\\\/noticiasmercedinas.com\\\/site\\\/2024\\\/08\\\/23\\\/pedro-fiorotto-presenta-una-unica-funcion-de-la-isla-desierta-en-mercedes\\\/#primaryimage\"},\"thumbnailUrl\":\"https:\\\/\\\/noticiasmercedinas.com\\\/site\\\/wp-content\\\/uploads\\\/2024\\\/08\\\/ISLAS.jpg\",\"datePublished\":\"2024-08-23T13:30:45+00:00\",\"breadcrumb\":{\"@id\":\"https:\\\/\\\/noticiasmercedinas.com\\\/site\\\/2024\\\/08\\\/23\\\/pedro-fiorotto-presenta-una-unica-funcion-de-la-isla-desierta-en-mercedes\\\/#breadcrumb\"},\"inLanguage\":\"es\",\"potentialAction\":[{\"@type\":\"ReadAction\",\"target\":[\"https:\\\/\\\/noticiasmercedinas.com\\\/site\\\/2024\\\/08\\\/23\\\/pedro-fiorotto-presenta-una-unica-funcion-de-la-isla-desierta-en-mercedes\\\/\"]}]},{\"@type\":\"ImageObject\",\"inLanguage\":\"es\",\"@id\":\"https:\\\/\\\/noticiasmercedinas.com\\\/site\\\/2024\\\/08\\\/23\\\/pedro-fiorotto-presenta-una-unica-funcion-de-la-isla-desierta-en-mercedes\\\/#primaryimage\",\"url\":\"https:\\\/\\\/noticiasmercedinas.com\\\/site\\\/wp-content\\\/uploads\\\/2024\\\/08\\\/ISLAS.jpg\",\"contentUrl\":\"https:\\\/\\\/noticiasmercedinas.com\\\/site\\\/wp-content\\\/uploads\\\/2024\\\/08\\\/ISLAS.jpg\",\"width\":648,\"height\":538},{\"@type\":\"BreadcrumbList\",\"@id\":\"https:\\\/\\\/noticiasmercedinas.com\\\/site\\\/2024\\\/08\\\/23\\\/pedro-fiorotto-presenta-una-unica-funcion-de-la-isla-desierta-en-mercedes\\\/#breadcrumb\",\"itemListElement\":[{\"@type\":\"ListItem\",\"position\":1,\"name\":\"Portada\",\"item\":\"https:\\\/\\\/noticiasmercedinas.com\\\/site\\\/\"},{\"@type\":\"ListItem\",\"position\":2,\"name\":\"Pedro Fiorotto presenta una \u00fanica funci\u00f3n de \u00abLa Isla Desierta\u00bb en Mercedes\"}]},{\"@type\":\"WebSite\",\"@id\":\"https:\\\/\\\/noticiasmercedinas.com\\\/site\\\/#website\",\"url\":\"https:\\\/\\\/noticiasmercedinas.com\\\/site\\\/\",\"name\":\"NOTICIASMERCEDINAS.COM\",\"description\":\"Mercedes, Buenos Aires, Argentina\",\"publisher\":{\"@id\":\"https:\\\/\\\/noticiasmercedinas.com\\\/site\\\/#organization\"},\"potentialAction\":[{\"@type\":\"SearchAction\",\"target\":{\"@type\":\"EntryPoint\",\"urlTemplate\":\"https:\\\/\\\/noticiasmercedinas.com\\\/site\\\/?s={search_term_string}\"},\"query-input\":{\"@type\":\"PropertyValueSpecification\",\"valueRequired\":true,\"valueName\":\"search_term_string\"}}],\"inLanguage\":\"es\"},{\"@type\":\"Organization\",\"@id\":\"https:\\\/\\\/noticiasmercedinas.com\\\/site\\\/#organization\",\"name\":\"NOTICIASMERCEDINAS.COM\",\"url\":\"https:\\\/\\\/noticiasmercedinas.com\\\/site\\\/\",\"logo\":{\"@type\":\"ImageObject\",\"inLanguage\":\"es\",\"@id\":\"https:\\\/\\\/noticiasmercedinas.com\\\/site\\\/#\\\/schema\\\/logo\\\/image\\\/\",\"url\":\"https:\\\/\\\/noticiasmercedinas.com\\\/site\\\/wp-content\\\/uploads\\\/2020\\\/06\\\/LOGO-512.jpg\",\"contentUrl\":\"https:\\\/\\\/noticiasmercedinas.com\\\/site\\\/wp-content\\\/uploads\\\/2020\\\/06\\\/LOGO-512.jpg\",\"width\":512,\"height\":512,\"caption\":\"NOTICIASMERCEDINAS.COM\"},\"image\":{\"@id\":\"https:\\\/\\\/noticiasmercedinas.com\\\/site\\\/#\\\/schema\\\/logo\\\/image\\\/\"},\"sameAs\":[\"https:\\\/\\\/www.facebook.com\\\/noticiasmercedinas\\\/\",\"https:\\\/\\\/x.com\\\/notmercedinas\",\"https:\\\/\\\/www.instagram.com\\\/noticiasmercedinas\\\/\"]},{\"@type\":\"Person\",\"@id\":\"https:\\\/\\\/noticiasmercedinas.com\\\/site\\\/#\\\/schema\\\/person\\\/84b59c099c28ff2e8b77d4ceec5d8063\",\"name\":\"NOTICIASMERCEDINAS.COM\",\"image\":{\"@type\":\"ImageObject\",\"inLanguage\":\"es\",\"@id\":\"https:\\\/\\\/secure.gravatar.com\\\/avatar\\\/4dfbf16b4d17945bfb6341b2d19043457132fcf478a5ee04f42e959fd8f5df0a?s=96&d=mm&r=g\",\"url\":\"https:\\\/\\\/secure.gravatar.com\\\/avatar\\\/4dfbf16b4d17945bfb6341b2d19043457132fcf478a5ee04f42e959fd8f5df0a?s=96&d=mm&r=g\",\"contentUrl\":\"https:\\\/\\\/secure.gravatar.com\\\/avatar\\\/4dfbf16b4d17945bfb6341b2d19043457132fcf478a5ee04f42e959fd8f5df0a?s=96&d=mm&r=g\",\"caption\":\"NOTICIASMERCEDINAS.COM\"},\"url\":\"https:\\\/\\\/noticiasmercedinas.com\\\/site\\\/author\\\/anonimo\\\/\"}]}<\/script>\n<!-- \/ Yoast SEO plugin. -->","yoast_head_json":{"title":"Pedro Fiorotto presenta una \u00fanica funci\u00f3n de \"La Isla Desierta\" en Mercedes","robots":{"index":"index","follow":"follow","max-snippet":"max-snippet:-1","max-image-preview":"max-image-preview:large","max-video-preview":"max-video-preview:-1"},"canonical":"https:\/\/noticiasmercedinas.com\/site\/2024\/08\/23\/pedro-fiorotto-presenta-una-unica-funcion-de-la-isla-desierta-en-mercedes\/","og_locale":"es_ES","og_type":"article","og_title":"Pedro Fiorotto presenta una \u00fanica funci\u00f3n de \"La Isla Desierta\" en Mercedes","og_description":"\u25a0 Entradas en venta para este viernes a las 21 horas, cuando el actor Pedro Fiorotto ofrezca una \u00fanica funci\u00f3n de su adaptaci\u00f3n unipersonal de la obra de Roberto Arlt, en Bompellon","og_url":"https:\/\/noticiasmercedinas.com\/site\/2024\/08\/23\/pedro-fiorotto-presenta-una-unica-funcion-de-la-isla-desierta-en-mercedes\/","og_site_name":"NOTICIASMERCEDINAS.COM","article_publisher":"https:\/\/www.facebook.com\/noticiasmercedinas\/","article_published_time":"2024-08-23T13:30:45+00:00","og_image":[{"width":648,"height":538,"url":"https:\/\/noticiasmercedinas.com\/site\/wp-content\/uploads\/2024\/08\/ISLAS.jpg","type":"image\/jpeg"}],"author":"NOTICIASMERCEDINAS.COM","twitter_card":"summary_large_image","twitter_creator":"@notmercedinas","twitter_site":"@notmercedinas","twitter_misc":{"Escrito por":"NOTICIASMERCEDINAS.COM","Tiempo de lectura":"1 minuto"},"schema":{"@context":"https:\/\/schema.org","@graph":[{"@type":"Article","@id":"https:\/\/noticiasmercedinas.com\/site\/2024\/08\/23\/pedro-fiorotto-presenta-una-unica-funcion-de-la-isla-desierta-en-mercedes\/#article","isPartOf":{"@id":"https:\/\/noticiasmercedinas.com\/site\/2024\/08\/23\/pedro-fiorotto-presenta-una-unica-funcion-de-la-isla-desierta-en-mercedes\/"},"author":{"name":"NOTICIASMERCEDINAS.COM","@id":"https:\/\/noticiasmercedinas.com\/site\/#\/schema\/person\/84b59c099c28ff2e8b77d4ceec5d8063"},"headline":"Pedro Fiorotto presenta una \u00fanica funci\u00f3n de \u00abLa Isla Desierta\u00bb en Mercedes","datePublished":"2024-08-23T13:30:45+00:00","mainEntityOfPage":{"@id":"https:\/\/noticiasmercedinas.com\/site\/2024\/08\/23\/pedro-fiorotto-presenta-una-unica-funcion-de-la-isla-desierta-en-mercedes\/"},"wordCount":270,"publisher":{"@id":"https:\/\/noticiasmercedinas.com\/site\/#organization"},"image":{"@id":"https:\/\/noticiasmercedinas.com\/site\/2024\/08\/23\/pedro-fiorotto-presenta-una-unica-funcion-de-la-isla-desierta-en-mercedes\/#primaryimage"},"thumbnailUrl":"https:\/\/noticiasmercedinas.com\/site\/wp-content\/uploads\/2024\/08\/ISLAS.jpg","keywords":["bompellon","pedro fiorotto","roberto arlt","teatro"],"articleSection":["Cultura"],"inLanguage":"es"},{"@type":"WebPage","@id":"https:\/\/noticiasmercedinas.com\/site\/2024\/08\/23\/pedro-fiorotto-presenta-una-unica-funcion-de-la-isla-desierta-en-mercedes\/","url":"https:\/\/noticiasmercedinas.com\/site\/2024\/08\/23\/pedro-fiorotto-presenta-una-unica-funcion-de-la-isla-desierta-en-mercedes\/","name":"Pedro Fiorotto presenta una \u00fanica funci\u00f3n de \"La Isla Desierta\" en Mercedes","isPartOf":{"@id":"https:\/\/noticiasmercedinas.com\/site\/#website"},"primaryImageOfPage":{"@id":"https:\/\/noticiasmercedinas.com\/site\/2024\/08\/23\/pedro-fiorotto-presenta-una-unica-funcion-de-la-isla-desierta-en-mercedes\/#primaryimage"},"image":{"@id":"https:\/\/noticiasmercedinas.com\/site\/2024\/08\/23\/pedro-fiorotto-presenta-una-unica-funcion-de-la-isla-desierta-en-mercedes\/#primaryimage"},"thumbnailUrl":"https:\/\/noticiasmercedinas.com\/site\/wp-content\/uploads\/2024\/08\/ISLAS.jpg","datePublished":"2024-08-23T13:30:45+00:00","breadcrumb":{"@id":"https:\/\/noticiasmercedinas.com\/site\/2024\/08\/23\/pedro-fiorotto-presenta-una-unica-funcion-de-la-isla-desierta-en-mercedes\/#breadcrumb"},"inLanguage":"es","potentialAction":[{"@type":"ReadAction","target":["https:\/\/noticiasmercedinas.com\/site\/2024\/08\/23\/pedro-fiorotto-presenta-una-unica-funcion-de-la-isla-desierta-en-mercedes\/"]}]},{"@type":"ImageObject","inLanguage":"es","@id":"https:\/\/noticiasmercedinas.com\/site\/2024\/08\/23\/pedro-fiorotto-presenta-una-unica-funcion-de-la-isla-desierta-en-mercedes\/#primaryimage","url":"https:\/\/noticiasmercedinas.com\/site\/wp-content\/uploads\/2024\/08\/ISLAS.jpg","contentUrl":"https:\/\/noticiasmercedinas.com\/site\/wp-content\/uploads\/2024\/08\/ISLAS.jpg","width":648,"height":538},{"@type":"BreadcrumbList","@id":"https:\/\/noticiasmercedinas.com\/site\/2024\/08\/23\/pedro-fiorotto-presenta-una-unica-funcion-de-la-isla-desierta-en-mercedes\/#breadcrumb","itemListElement":[{"@type":"ListItem","position":1,"name":"Portada","item":"https:\/\/noticiasmercedinas.com\/site\/"},{"@type":"ListItem","position":2,"name":"Pedro Fiorotto presenta una \u00fanica funci\u00f3n de \u00abLa Isla Desierta\u00bb en Mercedes"}]},{"@type":"WebSite","@id":"https:\/\/noticiasmercedinas.com\/site\/#website","url":"https:\/\/noticiasmercedinas.com\/site\/","name":"NOTICIASMERCEDINAS.COM","description":"Mercedes, Buenos Aires, Argentina","publisher":{"@id":"https:\/\/noticiasmercedinas.com\/site\/#organization"},"potentialAction":[{"@type":"SearchAction","target":{"@type":"EntryPoint","urlTemplate":"https:\/\/noticiasmercedinas.com\/site\/?s={search_term_string}"},"query-input":{"@type":"PropertyValueSpecification","valueRequired":true,"valueName":"search_term_string"}}],"inLanguage":"es"},{"@type":"Organization","@id":"https:\/\/noticiasmercedinas.com\/site\/#organization","name":"NOTICIASMERCEDINAS.COM","url":"https:\/\/noticiasmercedinas.com\/site\/","logo":{"@type":"ImageObject","inLanguage":"es","@id":"https:\/\/noticiasmercedinas.com\/site\/#\/schema\/logo\/image\/","url":"https:\/\/noticiasmercedinas.com\/site\/wp-content\/uploads\/2020\/06\/LOGO-512.jpg","contentUrl":"https:\/\/noticiasmercedinas.com\/site\/wp-content\/uploads\/2020\/06\/LOGO-512.jpg","width":512,"height":512,"caption":"NOTICIASMERCEDINAS.COM"},"image":{"@id":"https:\/\/noticiasmercedinas.com\/site\/#\/schema\/logo\/image\/"},"sameAs":["https:\/\/www.facebook.com\/noticiasmercedinas\/","https:\/\/x.com\/notmercedinas","https:\/\/www.instagram.com\/noticiasmercedinas\/"]},{"@type":"Person","@id":"https:\/\/noticiasmercedinas.com\/site\/#\/schema\/person\/84b59c099c28ff2e8b77d4ceec5d8063","name":"NOTICIASMERCEDINAS.COM","image":{"@type":"ImageObject","inLanguage":"es","@id":"https:\/\/secure.gravatar.com\/avatar\/4dfbf16b4d17945bfb6341b2d19043457132fcf478a5ee04f42e959fd8f5df0a?s=96&d=mm&r=g","url":"https:\/\/secure.gravatar.com\/avatar\/4dfbf16b4d17945bfb6341b2d19043457132fcf478a5ee04f42e959fd8f5df0a?s=96&d=mm&r=g","contentUrl":"https:\/\/secure.gravatar.com\/avatar\/4dfbf16b4d17945bfb6341b2d19043457132fcf478a5ee04f42e959fd8f5df0a?s=96&d=mm&r=g","caption":"NOTICIASMERCEDINAS.COM"},"url":"https:\/\/noticiasmercedinas.com\/site\/author\/anonimo\/"}]}},"amp_enabled":true,"_links":{"self":[{"href":"https:\/\/noticiasmercedinas.com\/site\/wp-json\/wp\/v2\/posts\/142393","targetHints":{"allow":["GET"]}}],"collection":[{"href":"https:\/\/noticiasmercedinas.com\/site\/wp-json\/wp\/v2\/posts"}],"about":[{"href":"https:\/\/noticiasmercedinas.com\/site\/wp-json\/wp\/v2\/types\/post"}],"author":[{"embeddable":true,"href":"https:\/\/noticiasmercedinas.com\/site\/wp-json\/wp\/v2\/users\/16"}],"replies":[{"embeddable":true,"href":"https:\/\/noticiasmercedinas.com\/site\/wp-json\/wp\/v2\/comments?post=142393"}],"version-history":[{"count":1,"href":"https:\/\/noticiasmercedinas.com\/site\/wp-json\/wp\/v2\/posts\/142393\/revisions"}],"predecessor-version":[{"id":142396,"href":"https:\/\/noticiasmercedinas.com\/site\/wp-json\/wp\/v2\/posts\/142393\/revisions\/142396"}],"wp:featuredmedia":[{"embeddable":true,"href":"https:\/\/noticiasmercedinas.com\/site\/wp-json\/wp\/v2\/media\/142395"}],"wp:attachment":[{"href":"https:\/\/noticiasmercedinas.com\/site\/wp-json\/wp\/v2\/media?parent=142393"}],"wp:term":[{"taxonomy":"category","embeddable":true,"href":"https:\/\/noticiasmercedinas.com\/site\/wp-json\/wp\/v2\/categories?post=142393"},{"taxonomy":"post_tag","embeddable":true,"href":"https:\/\/noticiasmercedinas.com\/site\/wp-json\/wp\/v2\/tags?post=142393"}],"curies":[{"name":"wp","href":"https:\/\/api.w.org\/{rel}","templated":true}]}}