{"id":142422,"date":"2024-08-23T15:59:07","date_gmt":"2024-08-23T18:59:07","guid":{"rendered":"https:\/\/noticiasmercedinas.com\/site\/?p=142422"},"modified":"2024-08-23T15:59:07","modified_gmt":"2024-08-23T18:59:07","slug":"evangelina-cabral-queremos-que-este-ano-si-se-cumpla-con-las-obras-en-las-escuelas-de-mercedes","status":"publish","type":"post","link":"https:\/\/noticiasmercedinas.com\/site\/2024\/08\/23\/evangelina-cabral-queremos-que-este-ano-si-se-cumpla-con-las-obras-en-las-escuelas-de-mercedes\/","title":{"rendered":"Evangelina Cabral: \u201cQueremos que este a\u00f1o s\u00ed se cumpla con las obras en las escuelas de Mercedes\u201d"},"content":{"rendered":"<p><img loading=\"lazy\" decoding=\"async\" class=\"alignnone size-full wp-image-142423\" src=\"https:\/\/noticiasmercedinas.com\/site\/wp-content\/uploads\/2024\/08\/TRES.jpeg\" alt=\"\" width=\"1600\" height=\"1072\" srcset=\"https:\/\/noticiasmercedinas.com\/site\/wp-content\/uploads\/2024\/08\/TRES.jpeg 1600w, https:\/\/noticiasmercedinas.com\/site\/wp-content\/uploads\/2024\/08\/TRES-300x201.jpeg 300w, https:\/\/noticiasmercedinas.com\/site\/wp-content\/uploads\/2024\/08\/TRES-1024x686.jpeg 1024w, https:\/\/noticiasmercedinas.com\/site\/wp-content\/uploads\/2024\/08\/TRES-768x515.jpeg 768w, https:\/\/noticiasmercedinas.com\/site\/wp-content\/uploads\/2024\/08\/TRES-1536x1029.jpeg 1536w, https:\/\/noticiasmercedinas.com\/site\/wp-content\/uploads\/2024\/08\/TRES-537x360.jpeg 537w, https:\/\/noticiasmercedinas.com\/site\/wp-content\/uploads\/2024\/08\/TRES-1074x720.jpeg 1074w, https:\/\/noticiasmercedinas.com\/site\/wp-content\/uploads\/2024\/08\/TRES-640x429.jpeg 640w, https:\/\/noticiasmercedinas.com\/site\/wp-content\/uploads\/2024\/08\/TRES-1280x858.jpeg 1280w, https:\/\/noticiasmercedinas.com\/site\/wp-content\/uploads\/2024\/08\/TRES-681x456.jpeg 681w, https:\/\/noticiasmercedinas.com\/site\/wp-content\/uploads\/2024\/08\/TRES-1362x913.jpeg 1362w\" sizes=\"auto, (max-width: 1600px) 100vw, 1600px\" \/><\/p>\n<p>La concejala <strong>Evangelina Cabral<\/strong>, del Frente Juntos por el Cambio, se reuni\u00f3 esta ma\u00f1ana con los consejeros escolares de su espacio pol\u00edtico para discutir temas relacionados con el presupuesto educativo y la falta de ejecuci\u00f3n de partidas asignadas durante el \u00faltimo a\u00f1o.<\/p>\n<p>En di\u00e1logo con este medio Cabral abord\u00f3 la reciente impugnaci\u00f3n realizada por el Tribunal de Cuentas sobre el uso del Fondo Educativo de 2023. Seg\u00fan la concejala, \u201cel 40% de los 400 millones de pesos que deb\u00edan ser destinados a obras en las escuelas no se utilizaron\u201d. Esta situaci\u00f3n ha generado preocupaci\u00f3n, ya que las obras de infraestructura son esenciales para garantizar la seguridad y la calidad educativa en los establecimientos de la ciudad.<\/p>\n<blockquote><p>\u201cNo se trata solo de asegurar la educaci\u00f3n, sino de garantizar que los estudiantes tengan un entorno seguro y adecuado para aprender\u201d<\/p><\/blockquote>\n<p>\u201cNos reunimos para analizar las necesidades actuales de nuestras escuelas y buscar soluciones para que este a\u00f1o se cumpla con las obras pendientes\u201d, explic\u00f3 Cabral. Destac\u00f3 que es fundamental que el municipio priorice la educaci\u00f3n, tal como se ha proclamado en numerosas ocasiones. \u201cNo se trata solo de asegurar la educaci\u00f3n, sino de garantizar que los estudiantes tengan un entorno seguro y adecuado para aprender\u201d, a\u00f1adi\u00f3.<\/p>\n<p>Durante la reuni\u00f3n con sus pares, se discutieron diversas problem\u00e1ticas que afectan a las escuelas locales. Por caso Cabral mencion\u00f3 que, en algunos casos, las instituciones deben recurrir a colectas o rifas para financiar reparaciones urgentes, como arreglos de techos o mejoras en las aulas. \u201cEs inadmisible que las escuelas tengan que buscar fondos de esta manera cuando existen partidas presupuestarias que deber\u00edan haberse utilizado para estos fines\u201d, afirm\u00f3 la concejala.<\/p>\n<p>Otro tema que genera preocupaci\u00f3n fue el estado de los caminos escolares. Seg\u00fan Cabral, en muchas zonas, los alumnos deben caminar por la calle debido a que las veredas est\u00e1n en mal estado. \u201cEsto no solo pone en riesgo a los estudiantes, sino que tambi\u00e9n es un reflejo de la falta de mantenimiento y de planificaci\u00f3n por parte de las autoridades\u201d, se\u00f1al\u00f3.<\/p>\n<p>&nbsp;<\/p>\n","protected":false},"excerpt":{"rendered":"<p>\u25a0 Seg\u00fan la concejala, \u201cel 40% de los 400 millones de pesos que deb\u00edan ser destinados a obras en las escuelas no se utilizaron\u201d. Junto a los consejeros se discutieron las diversas problem\u00e1ticas<\/p>\n","protected":false},"author":16,"featured_media":142423,"comment_status":"closed","ping_status":"closed","sticky":false,"template":"","format":"standard","meta":{"footnotes":""},"categories":[16],"tags":[243,267,38,517],"class_list":["post-142422","post","type-post","status-publish","format-standard","has-post-thumbnail","hentry","category-politica","tag-concejo-deliberante","tag-consejo-escolar","tag-educacion","tag-evangelina-cabral"],"yoast_head":"<!-- This site is optimized with the Yoast SEO plugin v27.5 - https:\/\/yoast.com\/product\/yoast-seo-wordpress\/ -->\n<title>Evangelina Cabral: \u201cQueremos que este a\u00f1o s\u00ed se cumpla con las obras en las escuelas de Mercedes\u201d<\/title>\n<meta name=\"robots\" content=\"index, follow, max-snippet:-1, max-image-preview:large, max-video-preview:-1\" \/>\n<link rel=\"canonical\" href=\"https:\/\/noticiasmercedinas.com\/site\/2024\/08\/23\/evangelina-cabral-queremos-que-este-ano-si-se-cumpla-con-las-obras-en-las-escuelas-de-mercedes\/\" \/>\n<meta property=\"og:locale\" content=\"es_ES\" \/>\n<meta property=\"og:type\" content=\"article\" \/>\n<meta property=\"og:title\" content=\"Evangelina Cabral: \u201cQueremos que este a\u00f1o s\u00ed se cumpla con las obras en las escuelas de Mercedes\u201d\" \/>\n<meta property=\"og:description\" content=\"\u25a0 Seg\u00fan la concejala, \u201cel 40% de los 400 millones de pesos que deb\u00edan ser destinados a obras en las escuelas no se utilizaron\u201d. Junto a los consejeros se discutieron las diversas problem\u00e1ticas\" \/>\n<meta property=\"og:url\" content=\"https:\/\/noticiasmercedinas.com\/site\/2024\/08\/23\/evangelina-cabral-queremos-que-este-ano-si-se-cumpla-con-las-obras-en-las-escuelas-de-mercedes\/\" \/>\n<meta property=\"og:site_name\" content=\"NOTICIASMERCEDINAS.COM\" \/>\n<meta property=\"article:publisher\" content=\"https:\/\/www.facebook.com\/noticiasmercedinas\/\" \/>\n<meta property=\"article:published_time\" content=\"2024-08-23T18:59:07+00:00\" \/>\n<meta property=\"og:image\" content=\"https:\/\/noticiasmercedinas.com\/site\/wp-content\/uploads\/2024\/08\/TRES.jpeg\" \/>\n\t<meta property=\"og:image:width\" content=\"1600\" \/>\n\t<meta property=\"og:image:height\" content=\"1072\" \/>\n\t<meta property=\"og:image:type\" content=\"image\/jpeg\" \/>\n<meta name=\"author\" content=\"NOTICIASMERCEDINAS.COM\" \/>\n<meta name=\"twitter:card\" content=\"summary_large_image\" \/>\n<meta name=\"twitter:creator\" content=\"@notmercedinas\" \/>\n<meta name=\"twitter:site\" content=\"@notmercedinas\" \/>\n<meta name=\"twitter:label1\" content=\"Escrito por\" \/>\n\t<meta name=\"twitter:data1\" content=\"NOTICIASMERCEDINAS.COM\" \/>\n\t<meta name=\"twitter:label2\" content=\"Tiempo de lectura\" \/>\n\t<meta name=\"twitter:data2\" content=\"2 minutos\" \/>\n<script type=\"application\/ld+json\" class=\"yoast-schema-graph\">{\"@context\":\"https:\\\/\\\/schema.org\",\"@graph\":[{\"@type\":\"Article\",\"@id\":\"https:\\\/\\\/noticiasmercedinas.com\\\/site\\\/2024\\\/08\\\/23\\\/evangelina-cabral-queremos-que-este-ano-si-se-cumpla-con-las-obras-en-las-escuelas-de-mercedes\\\/#article\",\"isPartOf\":{\"@id\":\"https:\\\/\\\/noticiasmercedinas.com\\\/site\\\/2024\\\/08\\\/23\\\/evangelina-cabral-queremos-que-este-ano-si-se-cumpla-con-las-obras-en-las-escuelas-de-mercedes\\\/\"},\"author\":{\"name\":\"NOTICIASMERCEDINAS.COM\",\"@id\":\"https:\\\/\\\/noticiasmercedinas.com\\\/site\\\/#\\\/schema\\\/person\\\/84b59c099c28ff2e8b77d4ceec5d8063\"},\"headline\":\"Evangelina Cabral: \u201cQueremos que este a\u00f1o s\u00ed se cumpla con las obras en las escuelas de Mercedes\u201d\",\"datePublished\":\"2024-08-23T18:59:07+00:00\",\"mainEntityOfPage\":{\"@id\":\"https:\\\/\\\/noticiasmercedinas.com\\\/site\\\/2024\\\/08\\\/23\\\/evangelina-cabral-queremos-que-este-ano-si-se-cumpla-con-las-obras-en-las-escuelas-de-mercedes\\\/\"},\"wordCount\":377,\"publisher\":{\"@id\":\"https:\\\/\\\/noticiasmercedinas.com\\\/site\\\/#organization\"},\"image\":{\"@id\":\"https:\\\/\\\/noticiasmercedinas.com\\\/site\\\/2024\\\/08\\\/23\\\/evangelina-cabral-queremos-que-este-ano-si-se-cumpla-con-las-obras-en-las-escuelas-de-mercedes\\\/#primaryimage\"},\"thumbnailUrl\":\"https:\\\/\\\/noticiasmercedinas.com\\\/site\\\/wp-content\\\/uploads\\\/2024\\\/08\\\/TRES.jpeg\",\"keywords\":[\"concejo deliberante\",\"consejo escolar\",\"educacion\",\"evangelina cabral\"],\"articleSection\":[\"Politica\"],\"inLanguage\":\"es\"},{\"@type\":\"WebPage\",\"@id\":\"https:\\\/\\\/noticiasmercedinas.com\\\/site\\\/2024\\\/08\\\/23\\\/evangelina-cabral-queremos-que-este-ano-si-se-cumpla-con-las-obras-en-las-escuelas-de-mercedes\\\/\",\"url\":\"https:\\\/\\\/noticiasmercedinas.com\\\/site\\\/2024\\\/08\\\/23\\\/evangelina-cabral-queremos-que-este-ano-si-se-cumpla-con-las-obras-en-las-escuelas-de-mercedes\\\/\",\"name\":\"Evangelina Cabral: \u201cQueremos que este a\u00f1o s\u00ed se cumpla con las obras en las escuelas de Mercedes\u201d\",\"isPartOf\":{\"@id\":\"https:\\\/\\\/noticiasmercedinas.com\\\/site\\\/#website\"},\"primaryImageOfPage\":{\"@id\":\"https:\\\/\\\/noticiasmercedinas.com\\\/site\\\/2024\\\/08\\\/23\\\/evangelina-cabral-queremos-que-este-ano-si-se-cumpla-con-las-obras-en-las-escuelas-de-mercedes\\\/#primaryimage\"},\"image\":{\"@id\":\"https:\\\/\\\/noticiasmercedinas.com\\\/site\\\/2024\\\/08\\\/23\\\/evangelina-cabral-queremos-que-este-ano-si-se-cumpla-con-las-obras-en-las-escuelas-de-mercedes\\\/#primaryimage\"},\"thumbnailUrl\":\"https:\\\/\\\/noticiasmercedinas.com\\\/site\\\/wp-content\\\/uploads\\\/2024\\\/08\\\/TRES.jpeg\",\"datePublished\":\"2024-08-23T18:59:07+00:00\",\"breadcrumb\":{\"@id\":\"https:\\\/\\\/noticiasmercedinas.com\\\/site\\\/2024\\\/08\\\/23\\\/evangelina-cabral-queremos-que-este-ano-si-se-cumpla-con-las-obras-en-las-escuelas-de-mercedes\\\/#breadcrumb\"},\"inLanguage\":\"es\",\"potentialAction\":[{\"@type\":\"ReadAction\",\"target\":[\"https:\\\/\\\/noticiasmercedinas.com\\\/site\\\/2024\\\/08\\\/23\\\/evangelina-cabral-queremos-que-este-ano-si-se-cumpla-con-las-obras-en-las-escuelas-de-mercedes\\\/\"]}]},{\"@type\":\"ImageObject\",\"inLanguage\":\"es\",\"@id\":\"https:\\\/\\\/noticiasmercedinas.com\\\/site\\\/2024\\\/08\\\/23\\\/evangelina-cabral-queremos-que-este-ano-si-se-cumpla-con-las-obras-en-las-escuelas-de-mercedes\\\/#primaryimage\",\"url\":\"https:\\\/\\\/noticiasmercedinas.com\\\/site\\\/wp-content\\\/uploads\\\/2024\\\/08\\\/TRES.jpeg\",\"contentUrl\":\"https:\\\/\\\/noticiasmercedinas.com\\\/site\\\/wp-content\\\/uploads\\\/2024\\\/08\\\/TRES.jpeg\",\"width\":1600,\"height\":1072},{\"@type\":\"BreadcrumbList\",\"@id\":\"https:\\\/\\\/noticiasmercedinas.com\\\/site\\\/2024\\\/08\\\/23\\\/evangelina-cabral-queremos-que-este-ano-si-se-cumpla-con-las-obras-en-las-escuelas-de-mercedes\\\/#breadcrumb\",\"itemListElement\":[{\"@type\":\"ListItem\",\"position\":1,\"name\":\"Portada\",\"item\":\"https:\\\/\\\/noticiasmercedinas.com\\\/site\\\/\"},{\"@type\":\"ListItem\",\"position\":2,\"name\":\"Evangelina Cabral: \u201cQueremos que este a\u00f1o s\u00ed se cumpla con las obras en las escuelas de Mercedes\u201d\"}]},{\"@type\":\"WebSite\",\"@id\":\"https:\\\/\\\/noticiasmercedinas.com\\\/site\\\/#website\",\"url\":\"https:\\\/\\\/noticiasmercedinas.com\\\/site\\\/\",\"name\":\"NOTICIASMERCEDINAS.COM\",\"description\":\"Mercedes, Buenos Aires, Argentina\",\"publisher\":{\"@id\":\"https:\\\/\\\/noticiasmercedinas.com\\\/site\\\/#organization\"},\"potentialAction\":[{\"@type\":\"SearchAction\",\"target\":{\"@type\":\"EntryPoint\",\"urlTemplate\":\"https:\\\/\\\/noticiasmercedinas.com\\\/site\\\/?s={search_term_string}\"},\"query-input\":{\"@type\":\"PropertyValueSpecification\",\"valueRequired\":true,\"valueName\":\"search_term_string\"}}],\"inLanguage\":\"es\"},{\"@type\":\"Organization\",\"@id\":\"https:\\\/\\\/noticiasmercedinas.com\\\/site\\\/#organization\",\"name\":\"NOTICIASMERCEDINAS.COM\",\"url\":\"https:\\\/\\\/noticiasmercedinas.com\\\/site\\\/\",\"logo\":{\"@type\":\"ImageObject\",\"inLanguage\":\"es\",\"@id\":\"https:\\\/\\\/noticiasmercedinas.com\\\/site\\\/#\\\/schema\\\/logo\\\/image\\\/\",\"url\":\"https:\\\/\\\/noticiasmercedinas.com\\\/site\\\/wp-content\\\/uploads\\\/2020\\\/06\\\/LOGO-512.jpg\",\"contentUrl\":\"https:\\\/\\\/noticiasmercedinas.com\\\/site\\\/wp-content\\\/uploads\\\/2020\\\/06\\\/LOGO-512.jpg\",\"width\":512,\"height\":512,\"caption\":\"NOTICIASMERCEDINAS.COM\"},\"image\":{\"@id\":\"https:\\\/\\\/noticiasmercedinas.com\\\/site\\\/#\\\/schema\\\/logo\\\/image\\\/\"},\"sameAs\":[\"https:\\\/\\\/www.facebook.com\\\/noticiasmercedinas\\\/\",\"https:\\\/\\\/x.com\\\/notmercedinas\",\"https:\\\/\\\/www.instagram.com\\\/noticiasmercedinas\\\/\"]},{\"@type\":\"Person\",\"@id\":\"https:\\\/\\\/noticiasmercedinas.com\\\/site\\\/#\\\/schema\\\/person\\\/84b59c099c28ff2e8b77d4ceec5d8063\",\"name\":\"NOTICIASMERCEDINAS.COM\",\"image\":{\"@type\":\"ImageObject\",\"inLanguage\":\"es\",\"@id\":\"https:\\\/\\\/secure.gravatar.com\\\/avatar\\\/4dfbf16b4d17945bfb6341b2d19043457132fcf478a5ee04f42e959fd8f5df0a?s=96&d=mm&r=g\",\"url\":\"https:\\\/\\\/secure.gravatar.com\\\/avatar\\\/4dfbf16b4d17945bfb6341b2d19043457132fcf478a5ee04f42e959fd8f5df0a?s=96&d=mm&r=g\",\"contentUrl\":\"https:\\\/\\\/secure.gravatar.com\\\/avatar\\\/4dfbf16b4d17945bfb6341b2d19043457132fcf478a5ee04f42e959fd8f5df0a?s=96&d=mm&r=g\",\"caption\":\"NOTICIASMERCEDINAS.COM\"},\"url\":\"https:\\\/\\\/noticiasmercedinas.com\\\/site\\\/author\\\/anonimo\\\/\"}]}<\/script>\n<!-- \/ Yoast SEO plugin. -->","yoast_head_json":{"title":"Evangelina Cabral: \u201cQueremos que este a\u00f1o s\u00ed se cumpla con las obras en las escuelas de Mercedes\u201d","robots":{"index":"index","follow":"follow","max-snippet":"max-snippet:-1","max-image-preview":"max-image-preview:large","max-video-preview":"max-video-preview:-1"},"canonical":"https:\/\/noticiasmercedinas.com\/site\/2024\/08\/23\/evangelina-cabral-queremos-que-este-ano-si-se-cumpla-con-las-obras-en-las-escuelas-de-mercedes\/","og_locale":"es_ES","og_type":"article","og_title":"Evangelina Cabral: \u201cQueremos que este a\u00f1o s\u00ed se cumpla con las obras en las escuelas de Mercedes\u201d","og_description":"\u25a0 Seg\u00fan la concejala, \u201cel 40% de los 400 millones de pesos que deb\u00edan ser destinados a obras en las escuelas no se utilizaron\u201d. Junto a los consejeros se discutieron las diversas problem\u00e1ticas","og_url":"https:\/\/noticiasmercedinas.com\/site\/2024\/08\/23\/evangelina-cabral-queremos-que-este-ano-si-se-cumpla-con-las-obras-en-las-escuelas-de-mercedes\/","og_site_name":"NOTICIASMERCEDINAS.COM","article_publisher":"https:\/\/www.facebook.com\/noticiasmercedinas\/","article_published_time":"2024-08-23T18:59:07+00:00","og_image":[{"width":1600,"height":1072,"url":"https:\/\/noticiasmercedinas.com\/site\/wp-content\/uploads\/2024\/08\/TRES.jpeg","type":"image\/jpeg"}],"author":"NOTICIASMERCEDINAS.COM","twitter_card":"summary_large_image","twitter_creator":"@notmercedinas","twitter_site":"@notmercedinas","twitter_misc":{"Escrito por":"NOTICIASMERCEDINAS.COM","Tiempo de lectura":"2 minutos"},"schema":{"@context":"https:\/\/schema.org","@graph":[{"@type":"Article","@id":"https:\/\/noticiasmercedinas.com\/site\/2024\/08\/23\/evangelina-cabral-queremos-que-este-ano-si-se-cumpla-con-las-obras-en-las-escuelas-de-mercedes\/#article","isPartOf":{"@id":"https:\/\/noticiasmercedinas.com\/site\/2024\/08\/23\/evangelina-cabral-queremos-que-este-ano-si-se-cumpla-con-las-obras-en-las-escuelas-de-mercedes\/"},"author":{"name":"NOTICIASMERCEDINAS.COM","@id":"https:\/\/noticiasmercedinas.com\/site\/#\/schema\/person\/84b59c099c28ff2e8b77d4ceec5d8063"},"headline":"Evangelina Cabral: \u201cQueremos que este a\u00f1o s\u00ed se cumpla con las obras en las escuelas de Mercedes\u201d","datePublished":"2024-08-23T18:59:07+00:00","mainEntityOfPage":{"@id":"https:\/\/noticiasmercedinas.com\/site\/2024\/08\/23\/evangelina-cabral-queremos-que-este-ano-si-se-cumpla-con-las-obras-en-las-escuelas-de-mercedes\/"},"wordCount":377,"publisher":{"@id":"https:\/\/noticiasmercedinas.com\/site\/#organization"},"image":{"@id":"https:\/\/noticiasmercedinas.com\/site\/2024\/08\/23\/evangelina-cabral-queremos-que-este-ano-si-se-cumpla-con-las-obras-en-las-escuelas-de-mercedes\/#primaryimage"},"thumbnailUrl":"https:\/\/noticiasmercedinas.com\/site\/wp-content\/uploads\/2024\/08\/TRES.jpeg","keywords":["concejo deliberante","consejo escolar","educacion","evangelina cabral"],"articleSection":["Politica"],"inLanguage":"es"},{"@type":"WebPage","@id":"https:\/\/noticiasmercedinas.com\/site\/2024\/08\/23\/evangelina-cabral-queremos-que-este-ano-si-se-cumpla-con-las-obras-en-las-escuelas-de-mercedes\/","url":"https:\/\/noticiasmercedinas.com\/site\/2024\/08\/23\/evangelina-cabral-queremos-que-este-ano-si-se-cumpla-con-las-obras-en-las-escuelas-de-mercedes\/","name":"Evangelina Cabral: \u201cQueremos que este a\u00f1o s\u00ed se cumpla con las obras en las escuelas de Mercedes\u201d","isPartOf":{"@id":"https:\/\/noticiasmercedinas.com\/site\/#website"},"primaryImageOfPage":{"@id":"https:\/\/noticiasmercedinas.com\/site\/2024\/08\/23\/evangelina-cabral-queremos-que-este-ano-si-se-cumpla-con-las-obras-en-las-escuelas-de-mercedes\/#primaryimage"},"image":{"@id":"https:\/\/noticiasmercedinas.com\/site\/2024\/08\/23\/evangelina-cabral-queremos-que-este-ano-si-se-cumpla-con-las-obras-en-las-escuelas-de-mercedes\/#primaryimage"},"thumbnailUrl":"https:\/\/noticiasmercedinas.com\/site\/wp-content\/uploads\/2024\/08\/TRES.jpeg","datePublished":"2024-08-23T18:59:07+00:00","breadcrumb":{"@id":"https:\/\/noticiasmercedinas.com\/site\/2024\/08\/23\/evangelina-cabral-queremos-que-este-ano-si-se-cumpla-con-las-obras-en-las-escuelas-de-mercedes\/#breadcrumb"},"inLanguage":"es","potentialAction":[{"@type":"ReadAction","target":["https:\/\/noticiasmercedinas.com\/site\/2024\/08\/23\/evangelina-cabral-queremos-que-este-ano-si-se-cumpla-con-las-obras-en-las-escuelas-de-mercedes\/"]}]},{"@type":"ImageObject","inLanguage":"es","@id":"https:\/\/noticiasmercedinas.com\/site\/2024\/08\/23\/evangelina-cabral-queremos-que-este-ano-si-se-cumpla-con-las-obras-en-las-escuelas-de-mercedes\/#primaryimage","url":"https:\/\/noticiasmercedinas.com\/site\/wp-content\/uploads\/2024\/08\/TRES.jpeg","contentUrl":"https:\/\/noticiasmercedinas.com\/site\/wp-content\/uploads\/2024\/08\/TRES.jpeg","width":1600,"height":1072},{"@type":"BreadcrumbList","@id":"https:\/\/noticiasmercedinas.com\/site\/2024\/08\/23\/evangelina-cabral-queremos-que-este-ano-si-se-cumpla-con-las-obras-en-las-escuelas-de-mercedes\/#breadcrumb","itemListElement":[{"@type":"ListItem","position":1,"name":"Portada","item":"https:\/\/noticiasmercedinas.com\/site\/"},{"@type":"ListItem","position":2,"name":"Evangelina Cabral: \u201cQueremos que este a\u00f1o s\u00ed se cumpla con las obras en las escuelas de Mercedes\u201d"}]},{"@type":"WebSite","@id":"https:\/\/noticiasmercedinas.com\/site\/#website","url":"https:\/\/noticiasmercedinas.com\/site\/","name":"NOTICIASMERCEDINAS.COM","description":"Mercedes, Buenos Aires, Argentina","publisher":{"@id":"https:\/\/noticiasmercedinas.com\/site\/#organization"},"potentialAction":[{"@type":"SearchAction","target":{"@type":"EntryPoint","urlTemplate":"https:\/\/noticiasmercedinas.com\/site\/?s={search_term_string}"},"query-input":{"@type":"PropertyValueSpecification","valueRequired":true,"valueName":"search_term_string"}}],"inLanguage":"es"},{"@type":"Organization","@id":"https:\/\/noticiasmercedinas.com\/site\/#organization","name":"NOTICIASMERCEDINAS.COM","url":"https:\/\/noticiasmercedinas.com\/site\/","logo":{"@type":"ImageObject","inLanguage":"es","@id":"https:\/\/noticiasmercedinas.com\/site\/#\/schema\/logo\/image\/","url":"https:\/\/noticiasmercedinas.com\/site\/wp-content\/uploads\/2020\/06\/LOGO-512.jpg","contentUrl":"https:\/\/noticiasmercedinas.com\/site\/wp-content\/uploads\/2020\/06\/LOGO-512.jpg","width":512,"height":512,"caption":"NOTICIASMERCEDINAS.COM"},"image":{"@id":"https:\/\/noticiasmercedinas.com\/site\/#\/schema\/logo\/image\/"},"sameAs":["https:\/\/www.facebook.com\/noticiasmercedinas\/","https:\/\/x.com\/notmercedinas","https:\/\/www.instagram.com\/noticiasmercedinas\/"]},{"@type":"Person","@id":"https:\/\/noticiasmercedinas.com\/site\/#\/schema\/person\/84b59c099c28ff2e8b77d4ceec5d8063","name":"NOTICIASMERCEDINAS.COM","image":{"@type":"ImageObject","inLanguage":"es","@id":"https:\/\/secure.gravatar.com\/avatar\/4dfbf16b4d17945bfb6341b2d19043457132fcf478a5ee04f42e959fd8f5df0a?s=96&d=mm&r=g","url":"https:\/\/secure.gravatar.com\/avatar\/4dfbf16b4d17945bfb6341b2d19043457132fcf478a5ee04f42e959fd8f5df0a?s=96&d=mm&r=g","contentUrl":"https:\/\/secure.gravatar.com\/avatar\/4dfbf16b4d17945bfb6341b2d19043457132fcf478a5ee04f42e959fd8f5df0a?s=96&d=mm&r=g","caption":"NOTICIASMERCEDINAS.COM"},"url":"https:\/\/noticiasmercedinas.com\/site\/author\/anonimo\/"}]}},"amp_enabled":true,"_links":{"self":[{"href":"https:\/\/noticiasmercedinas.com\/site\/wp-json\/wp\/v2\/posts\/142422","targetHints":{"allow":["GET"]}}],"collection":[{"href":"https:\/\/noticiasmercedinas.com\/site\/wp-json\/wp\/v2\/posts"}],"about":[{"href":"https:\/\/noticiasmercedinas.com\/site\/wp-json\/wp\/v2\/types\/post"}],"author":[{"embeddable":true,"href":"https:\/\/noticiasmercedinas.com\/site\/wp-json\/wp\/v2\/users\/16"}],"replies":[{"embeddable":true,"href":"https:\/\/noticiasmercedinas.com\/site\/wp-json\/wp\/v2\/comments?post=142422"}],"version-history":[{"count":1,"href":"https:\/\/noticiasmercedinas.com\/site\/wp-json\/wp\/v2\/posts\/142422\/revisions"}],"predecessor-version":[{"id":142424,"href":"https:\/\/noticiasmercedinas.com\/site\/wp-json\/wp\/v2\/posts\/142422\/revisions\/142424"}],"wp:featuredmedia":[{"embeddable":true,"href":"https:\/\/noticiasmercedinas.com\/site\/wp-json\/wp\/v2\/media\/142423"}],"wp:attachment":[{"href":"https:\/\/noticiasmercedinas.com\/site\/wp-json\/wp\/v2\/media?parent=142422"}],"wp:term":[{"taxonomy":"category","embeddable":true,"href":"https:\/\/noticiasmercedinas.com\/site\/wp-json\/wp\/v2\/categories?post=142422"},{"taxonomy":"post_tag","embeddable":true,"href":"https:\/\/noticiasmercedinas.com\/site\/wp-json\/wp\/v2\/tags?post=142422"}],"curies":[{"name":"wp","href":"https:\/\/api.w.org\/{rel}","templated":true}]}}