{"id":142631,"date":"2024-08-26T17:01:10","date_gmt":"2024-08-26T20:01:10","guid":{"rendered":"https:\/\/noticiasmercedinas.com\/site\/?p=142631"},"modified":"2024-08-26T17:01:10","modified_gmt":"2024-08-26T20:01:10","slug":"incendios-y-emergencias-actividad-intensa-para-bomberos-y-proteccion-civil-en-mercedes","status":"publish","type":"post","link":"https:\/\/noticiasmercedinas.com\/site\/2024\/08\/26\/incendios-y-emergencias-actividad-intensa-para-bomberos-y-proteccion-civil-en-mercedes\/","title":{"rendered":"Incendios y emergencias: actividad intensa para bomberos y Protecci\u00f3n Civil en Mercedes"},"content":{"rendered":"<p><img loading=\"lazy\" decoding=\"async\" class=\"alignnone size-full wp-image-142632\" src=\"https:\/\/noticiasmercedinas.com\/site\/wp-content\/uploads\/2024\/08\/d35f3051-78b6-41ff-8203-8955bbe091bb.jpg\" alt=\"\" width=\"1599\" height=\"899\" srcset=\"https:\/\/noticiasmercedinas.com\/site\/wp-content\/uploads\/2024\/08\/d35f3051-78b6-41ff-8203-8955bbe091bb.jpg 1599w, https:\/\/noticiasmercedinas.com\/site\/wp-content\/uploads\/2024\/08\/d35f3051-78b6-41ff-8203-8955bbe091bb-300x169.jpg 300w, https:\/\/noticiasmercedinas.com\/site\/wp-content\/uploads\/2024\/08\/d35f3051-78b6-41ff-8203-8955bbe091bb-1024x576.jpg 1024w, https:\/\/noticiasmercedinas.com\/site\/wp-content\/uploads\/2024\/08\/d35f3051-78b6-41ff-8203-8955bbe091bb-768x432.jpg 768w, https:\/\/noticiasmercedinas.com\/site\/wp-content\/uploads\/2024\/08\/d35f3051-78b6-41ff-8203-8955bbe091bb-1536x864.jpg 1536w, https:\/\/noticiasmercedinas.com\/site\/wp-content\/uploads\/2024\/08\/d35f3051-78b6-41ff-8203-8955bbe091bb-640x360.jpg 640w, https:\/\/noticiasmercedinas.com\/site\/wp-content\/uploads\/2024\/08\/d35f3051-78b6-41ff-8203-8955bbe091bb-1280x720.jpg 1280w, https:\/\/noticiasmercedinas.com\/site\/wp-content\/uploads\/2024\/08\/d35f3051-78b6-41ff-8203-8955bbe091bb-681x383.jpg 681w, https:\/\/noticiasmercedinas.com\/site\/wp-content\/uploads\/2024\/08\/d35f3051-78b6-41ff-8203-8955bbe091bb-1362x766.jpg 1362w\" sizes=\"auto, (max-width: 1599px) 100vw, 1599px\" \/><\/p>\n<p>La ciudad de Mercedes vivi\u00f3 un fin de semana y comienzo de semana con diversas salidas de los Bomberos y Protecci\u00f3n Civil, respondiendo a emergencias menores en diferentes puntos de la ciudad.<\/p>\n<p>Hoy, lunes por la tarde, las sirenas de los m\u00f3viles de bomberos alertaron a los vecinos cuando se dirigieron al parque nuevo para sofocar un incendio de pasto en las cercan\u00edas de la pista de motociclismo. La r\u00e1pida acci\u00f3n evit\u00f3 que el fuego se propagara y causara da\u00f1os mayores.<\/p>\n<p>El domingo, los bomberos y Protecci\u00f3n Civil fueron requeridos en dos ocasiones. Cerca del campo de polo, en la intersecci\u00f3n de las calles 56 y 131, se desat\u00f3 un incendio que fue controlado sin mayores inconvenientes. M\u00e1s tarde, en la calle 28 y 65, acudieron al fondo de una vivienda para apagar un peque\u00f1o incendio que afect\u00f3 una casilla para perros y otros objetos. Afortunadamente, no se registraron heridos en ninguno de los dos incidentes.<\/p>\n<p>El s\u00e1bado, los bomberos respondieron a una emergencia en una vivienda ubicada en la calle 32, entre 61 y 63, donde un horno a gas con garrafa sufri\u00f3 una deflagraci\u00f3n. La due\u00f1a de la casa se traslad\u00f3 por sus propios medios al hospital para recibir atenci\u00f3n m\u00e9dica, aunque no se ha informado si sufri\u00f3 lesiones. Adem\u00e1s, en la madrugada del s\u00e1bado, se report\u00f3 una salida por un contenedor en llamas.<\/p>\n<p>&nbsp;<\/p>\n","protected":false},"excerpt":{"rendered":"<p>\u25a0 Entre el s\u00e1bado y hoy lunes estuvieron en acci\u00f3n respondiendo a emergencias menores en diferentes puntos de la ciudad. El detalle de los hechos<\/p>\n","protected":false},"author":16,"featured_media":142632,"comment_status":"closed","ping_status":"closed","sticky":false,"template":"","format":"standard","meta":{"footnotes":""},"categories":[7],"tags":[80,1746,938],"class_list":["post-142631","post","type-post","status-publish","format-standard","has-post-thumbnail","hentry","category-policiales","tag-bomberos","tag-incendio","tag-proteccion-civil"],"yoast_head":"<!-- This site is optimized with the Yoast SEO plugin v27.4 - https:\/\/yoast.com\/product\/yoast-seo-wordpress\/ -->\n<title>Incendios y emergencias: actividad intensa para bomberos y Protecci\u00f3n Civil en Mercedes<\/title>\n<meta name=\"robots\" content=\"index, follow, max-snippet:-1, max-image-preview:large, max-video-preview:-1\" \/>\n<link rel=\"canonical\" href=\"https:\/\/noticiasmercedinas.com\/site\/2024\/08\/26\/incendios-y-emergencias-actividad-intensa-para-bomberos-y-proteccion-civil-en-mercedes\/\" \/>\n<meta property=\"og:locale\" content=\"es_ES\" \/>\n<meta property=\"og:type\" content=\"article\" \/>\n<meta property=\"og:title\" content=\"Incendios y emergencias: actividad intensa para bomberos y Protecci\u00f3n Civil en Mercedes\" \/>\n<meta property=\"og:description\" content=\"\u25a0 Entre el s\u00e1bado y hoy lunes estuvieron en acci\u00f3n respondiendo a emergencias menores en diferentes puntos de la ciudad. El detalle de los hechos\" \/>\n<meta property=\"og:url\" content=\"https:\/\/noticiasmercedinas.com\/site\/2024\/08\/26\/incendios-y-emergencias-actividad-intensa-para-bomberos-y-proteccion-civil-en-mercedes\/\" \/>\n<meta property=\"og:site_name\" content=\"NOTICIASMERCEDINAS.COM\" \/>\n<meta property=\"article:publisher\" content=\"https:\/\/www.facebook.com\/noticiasmercedinas\/\" \/>\n<meta property=\"article:published_time\" content=\"2024-08-26T20:01:10+00:00\" \/>\n<meta property=\"og:image\" content=\"https:\/\/noticiasmercedinas.com\/site\/wp-content\/uploads\/2024\/08\/d35f3051-78b6-41ff-8203-8955bbe091bb.jpg\" \/>\n\t<meta property=\"og:image:width\" content=\"1599\" \/>\n\t<meta property=\"og:image:height\" content=\"899\" \/>\n\t<meta property=\"og:image:type\" content=\"image\/jpeg\" \/>\n<meta name=\"author\" content=\"NOTICIASMERCEDINAS.COM\" \/>\n<meta name=\"twitter:card\" content=\"summary_large_image\" \/>\n<meta name=\"twitter:creator\" content=\"@notmercedinas\" \/>\n<meta name=\"twitter:site\" content=\"@notmercedinas\" \/>\n<meta name=\"twitter:label1\" content=\"Escrito por\" \/>\n\t<meta name=\"twitter:data1\" content=\"NOTICIASMERCEDINAS.COM\" \/>\n\t<meta name=\"twitter:label2\" content=\"Tiempo de lectura\" \/>\n\t<meta name=\"twitter:data2\" content=\"1 minuto\" \/>\n<script type=\"application\/ld+json\" class=\"yoast-schema-graph\">{\"@context\":\"https:\\\/\\\/schema.org\",\"@graph\":[{\"@type\":\"Article\",\"@id\":\"https:\\\/\\\/noticiasmercedinas.com\\\/site\\\/2024\\\/08\\\/26\\\/incendios-y-emergencias-actividad-intensa-para-bomberos-y-proteccion-civil-en-mercedes\\\/#article\",\"isPartOf\":{\"@id\":\"https:\\\/\\\/noticiasmercedinas.com\\\/site\\\/2024\\\/08\\\/26\\\/incendios-y-emergencias-actividad-intensa-para-bomberos-y-proteccion-civil-en-mercedes\\\/\"},\"author\":{\"name\":\"NOTICIASMERCEDINAS.COM\",\"@id\":\"https:\\\/\\\/noticiasmercedinas.com\\\/site\\\/#\\\/schema\\\/person\\\/84b59c099c28ff2e8b77d4ceec5d8063\"},\"headline\":\"Incendios y emergencias: actividad intensa para bomberos y Protecci\u00f3n Civil en Mercedes\",\"datePublished\":\"2024-08-26T20:01:10+00:00\",\"mainEntityOfPage\":{\"@id\":\"https:\\\/\\\/noticiasmercedinas.com\\\/site\\\/2024\\\/08\\\/26\\\/incendios-y-emergencias-actividad-intensa-para-bomberos-y-proteccion-civil-en-mercedes\\\/\"},\"wordCount\":250,\"publisher\":{\"@id\":\"https:\\\/\\\/noticiasmercedinas.com\\\/site\\\/#organization\"},\"image\":{\"@id\":\"https:\\\/\\\/noticiasmercedinas.com\\\/site\\\/2024\\\/08\\\/26\\\/incendios-y-emergencias-actividad-intensa-para-bomberos-y-proteccion-civil-en-mercedes\\\/#primaryimage\"},\"thumbnailUrl\":\"https:\\\/\\\/noticiasmercedinas.com\\\/site\\\/wp-content\\\/uploads\\\/2024\\\/08\\\/d35f3051-78b6-41ff-8203-8955bbe091bb.jpg\",\"keywords\":[\"bomberos\",\"incendio\",\"protecci\u00f3n civil\"],\"articleSection\":[\"Seguridad\"],\"inLanguage\":\"es\"},{\"@type\":\"WebPage\",\"@id\":\"https:\\\/\\\/noticiasmercedinas.com\\\/site\\\/2024\\\/08\\\/26\\\/incendios-y-emergencias-actividad-intensa-para-bomberos-y-proteccion-civil-en-mercedes\\\/\",\"url\":\"https:\\\/\\\/noticiasmercedinas.com\\\/site\\\/2024\\\/08\\\/26\\\/incendios-y-emergencias-actividad-intensa-para-bomberos-y-proteccion-civil-en-mercedes\\\/\",\"name\":\"Incendios y emergencias: actividad intensa para bomberos y Protecci\u00f3n Civil en Mercedes\",\"isPartOf\":{\"@id\":\"https:\\\/\\\/noticiasmercedinas.com\\\/site\\\/#website\"},\"primaryImageOfPage\":{\"@id\":\"https:\\\/\\\/noticiasmercedinas.com\\\/site\\\/2024\\\/08\\\/26\\\/incendios-y-emergencias-actividad-intensa-para-bomberos-y-proteccion-civil-en-mercedes\\\/#primaryimage\"},\"image\":{\"@id\":\"https:\\\/\\\/noticiasmercedinas.com\\\/site\\\/2024\\\/08\\\/26\\\/incendios-y-emergencias-actividad-intensa-para-bomberos-y-proteccion-civil-en-mercedes\\\/#primaryimage\"},\"thumbnailUrl\":\"https:\\\/\\\/noticiasmercedinas.com\\\/site\\\/wp-content\\\/uploads\\\/2024\\\/08\\\/d35f3051-78b6-41ff-8203-8955bbe091bb.jpg\",\"datePublished\":\"2024-08-26T20:01:10+00:00\",\"breadcrumb\":{\"@id\":\"https:\\\/\\\/noticiasmercedinas.com\\\/site\\\/2024\\\/08\\\/26\\\/incendios-y-emergencias-actividad-intensa-para-bomberos-y-proteccion-civil-en-mercedes\\\/#breadcrumb\"},\"inLanguage\":\"es\",\"potentialAction\":[{\"@type\":\"ReadAction\",\"target\":[\"https:\\\/\\\/noticiasmercedinas.com\\\/site\\\/2024\\\/08\\\/26\\\/incendios-y-emergencias-actividad-intensa-para-bomberos-y-proteccion-civil-en-mercedes\\\/\"]}]},{\"@type\":\"ImageObject\",\"inLanguage\":\"es\",\"@id\":\"https:\\\/\\\/noticiasmercedinas.com\\\/site\\\/2024\\\/08\\\/26\\\/incendios-y-emergencias-actividad-intensa-para-bomberos-y-proteccion-civil-en-mercedes\\\/#primaryimage\",\"url\":\"https:\\\/\\\/noticiasmercedinas.com\\\/site\\\/wp-content\\\/uploads\\\/2024\\\/08\\\/d35f3051-78b6-41ff-8203-8955bbe091bb.jpg\",\"contentUrl\":\"https:\\\/\\\/noticiasmercedinas.com\\\/site\\\/wp-content\\\/uploads\\\/2024\\\/08\\\/d35f3051-78b6-41ff-8203-8955bbe091bb.jpg\",\"width\":1599,\"height\":899},{\"@type\":\"BreadcrumbList\",\"@id\":\"https:\\\/\\\/noticiasmercedinas.com\\\/site\\\/2024\\\/08\\\/26\\\/incendios-y-emergencias-actividad-intensa-para-bomberos-y-proteccion-civil-en-mercedes\\\/#breadcrumb\",\"itemListElement\":[{\"@type\":\"ListItem\",\"position\":1,\"name\":\"Portada\",\"item\":\"https:\\\/\\\/noticiasmercedinas.com\\\/site\\\/\"},{\"@type\":\"ListItem\",\"position\":2,\"name\":\"Incendios y emergencias: actividad intensa para bomberos y Protecci\u00f3n Civil en Mercedes\"}]},{\"@type\":\"WebSite\",\"@id\":\"https:\\\/\\\/noticiasmercedinas.com\\\/site\\\/#website\",\"url\":\"https:\\\/\\\/noticiasmercedinas.com\\\/site\\\/\",\"name\":\"NOTICIASMERCEDINAS.COM\",\"description\":\"Mercedes, Buenos Aires, Argentina\",\"publisher\":{\"@id\":\"https:\\\/\\\/noticiasmercedinas.com\\\/site\\\/#organization\"},\"potentialAction\":[{\"@type\":\"SearchAction\",\"target\":{\"@type\":\"EntryPoint\",\"urlTemplate\":\"https:\\\/\\\/noticiasmercedinas.com\\\/site\\\/?s={search_term_string}\"},\"query-input\":{\"@type\":\"PropertyValueSpecification\",\"valueRequired\":true,\"valueName\":\"search_term_string\"}}],\"inLanguage\":\"es\"},{\"@type\":\"Organization\",\"@id\":\"https:\\\/\\\/noticiasmercedinas.com\\\/site\\\/#organization\",\"name\":\"NOTICIASMERCEDINAS.COM\",\"url\":\"https:\\\/\\\/noticiasmercedinas.com\\\/site\\\/\",\"logo\":{\"@type\":\"ImageObject\",\"inLanguage\":\"es\",\"@id\":\"https:\\\/\\\/noticiasmercedinas.com\\\/site\\\/#\\\/schema\\\/logo\\\/image\\\/\",\"url\":\"https:\\\/\\\/noticiasmercedinas.com\\\/site\\\/wp-content\\\/uploads\\\/2020\\\/06\\\/LOGO-512.jpg\",\"contentUrl\":\"https:\\\/\\\/noticiasmercedinas.com\\\/site\\\/wp-content\\\/uploads\\\/2020\\\/06\\\/LOGO-512.jpg\",\"width\":512,\"height\":512,\"caption\":\"NOTICIASMERCEDINAS.COM\"},\"image\":{\"@id\":\"https:\\\/\\\/noticiasmercedinas.com\\\/site\\\/#\\\/schema\\\/logo\\\/image\\\/\"},\"sameAs\":[\"https:\\\/\\\/www.facebook.com\\\/noticiasmercedinas\\\/\",\"https:\\\/\\\/x.com\\\/notmercedinas\",\"https:\\\/\\\/www.instagram.com\\\/noticiasmercedinas\\\/\"]},{\"@type\":\"Person\",\"@id\":\"https:\\\/\\\/noticiasmercedinas.com\\\/site\\\/#\\\/schema\\\/person\\\/84b59c099c28ff2e8b77d4ceec5d8063\",\"name\":\"NOTICIASMERCEDINAS.COM\",\"image\":{\"@type\":\"ImageObject\",\"inLanguage\":\"es\",\"@id\":\"https:\\\/\\\/secure.gravatar.com\\\/avatar\\\/4dfbf16b4d17945bfb6341b2d19043457132fcf478a5ee04f42e959fd8f5df0a?s=96&d=mm&r=g\",\"url\":\"https:\\\/\\\/secure.gravatar.com\\\/avatar\\\/4dfbf16b4d17945bfb6341b2d19043457132fcf478a5ee04f42e959fd8f5df0a?s=96&d=mm&r=g\",\"contentUrl\":\"https:\\\/\\\/secure.gravatar.com\\\/avatar\\\/4dfbf16b4d17945bfb6341b2d19043457132fcf478a5ee04f42e959fd8f5df0a?s=96&d=mm&r=g\",\"caption\":\"NOTICIASMERCEDINAS.COM\"},\"url\":\"https:\\\/\\\/noticiasmercedinas.com\\\/site\\\/author\\\/anonimo\\\/\"}]}<\/script>\n<!-- \/ Yoast SEO plugin. -->","yoast_head_json":{"title":"Incendios y emergencias: actividad intensa para bomberos y Protecci\u00f3n Civil en Mercedes","robots":{"index":"index","follow":"follow","max-snippet":"max-snippet:-1","max-image-preview":"max-image-preview:large","max-video-preview":"max-video-preview:-1"},"canonical":"https:\/\/noticiasmercedinas.com\/site\/2024\/08\/26\/incendios-y-emergencias-actividad-intensa-para-bomberos-y-proteccion-civil-en-mercedes\/","og_locale":"es_ES","og_type":"article","og_title":"Incendios y emergencias: actividad intensa para bomberos y Protecci\u00f3n Civil en Mercedes","og_description":"\u25a0 Entre el s\u00e1bado y hoy lunes estuvieron en acci\u00f3n respondiendo a emergencias menores en diferentes puntos de la ciudad. El detalle de los hechos","og_url":"https:\/\/noticiasmercedinas.com\/site\/2024\/08\/26\/incendios-y-emergencias-actividad-intensa-para-bomberos-y-proteccion-civil-en-mercedes\/","og_site_name":"NOTICIASMERCEDINAS.COM","article_publisher":"https:\/\/www.facebook.com\/noticiasmercedinas\/","article_published_time":"2024-08-26T20:01:10+00:00","og_image":[{"width":1599,"height":899,"url":"https:\/\/noticiasmercedinas.com\/site\/wp-content\/uploads\/2024\/08\/d35f3051-78b6-41ff-8203-8955bbe091bb.jpg","type":"image\/jpeg"}],"author":"NOTICIASMERCEDINAS.COM","twitter_card":"summary_large_image","twitter_creator":"@notmercedinas","twitter_site":"@notmercedinas","twitter_misc":{"Escrito por":"NOTICIASMERCEDINAS.COM","Tiempo de lectura":"1 minuto"},"schema":{"@context":"https:\/\/schema.org","@graph":[{"@type":"Article","@id":"https:\/\/noticiasmercedinas.com\/site\/2024\/08\/26\/incendios-y-emergencias-actividad-intensa-para-bomberos-y-proteccion-civil-en-mercedes\/#article","isPartOf":{"@id":"https:\/\/noticiasmercedinas.com\/site\/2024\/08\/26\/incendios-y-emergencias-actividad-intensa-para-bomberos-y-proteccion-civil-en-mercedes\/"},"author":{"name":"NOTICIASMERCEDINAS.COM","@id":"https:\/\/noticiasmercedinas.com\/site\/#\/schema\/person\/84b59c099c28ff2e8b77d4ceec5d8063"},"headline":"Incendios y emergencias: actividad intensa para bomberos y Protecci\u00f3n Civil en Mercedes","datePublished":"2024-08-26T20:01:10+00:00","mainEntityOfPage":{"@id":"https:\/\/noticiasmercedinas.com\/site\/2024\/08\/26\/incendios-y-emergencias-actividad-intensa-para-bomberos-y-proteccion-civil-en-mercedes\/"},"wordCount":250,"publisher":{"@id":"https:\/\/noticiasmercedinas.com\/site\/#organization"},"image":{"@id":"https:\/\/noticiasmercedinas.com\/site\/2024\/08\/26\/incendios-y-emergencias-actividad-intensa-para-bomberos-y-proteccion-civil-en-mercedes\/#primaryimage"},"thumbnailUrl":"https:\/\/noticiasmercedinas.com\/site\/wp-content\/uploads\/2024\/08\/d35f3051-78b6-41ff-8203-8955bbe091bb.jpg","keywords":["bomberos","incendio","protecci\u00f3n civil"],"articleSection":["Seguridad"],"inLanguage":"es"},{"@type":"WebPage","@id":"https:\/\/noticiasmercedinas.com\/site\/2024\/08\/26\/incendios-y-emergencias-actividad-intensa-para-bomberos-y-proteccion-civil-en-mercedes\/","url":"https:\/\/noticiasmercedinas.com\/site\/2024\/08\/26\/incendios-y-emergencias-actividad-intensa-para-bomberos-y-proteccion-civil-en-mercedes\/","name":"Incendios y emergencias: actividad intensa para bomberos y Protecci\u00f3n Civil en Mercedes","isPartOf":{"@id":"https:\/\/noticiasmercedinas.com\/site\/#website"},"primaryImageOfPage":{"@id":"https:\/\/noticiasmercedinas.com\/site\/2024\/08\/26\/incendios-y-emergencias-actividad-intensa-para-bomberos-y-proteccion-civil-en-mercedes\/#primaryimage"},"image":{"@id":"https:\/\/noticiasmercedinas.com\/site\/2024\/08\/26\/incendios-y-emergencias-actividad-intensa-para-bomberos-y-proteccion-civil-en-mercedes\/#primaryimage"},"thumbnailUrl":"https:\/\/noticiasmercedinas.com\/site\/wp-content\/uploads\/2024\/08\/d35f3051-78b6-41ff-8203-8955bbe091bb.jpg","datePublished":"2024-08-26T20:01:10+00:00","breadcrumb":{"@id":"https:\/\/noticiasmercedinas.com\/site\/2024\/08\/26\/incendios-y-emergencias-actividad-intensa-para-bomberos-y-proteccion-civil-en-mercedes\/#breadcrumb"},"inLanguage":"es","potentialAction":[{"@type":"ReadAction","target":["https:\/\/noticiasmercedinas.com\/site\/2024\/08\/26\/incendios-y-emergencias-actividad-intensa-para-bomberos-y-proteccion-civil-en-mercedes\/"]}]},{"@type":"ImageObject","inLanguage":"es","@id":"https:\/\/noticiasmercedinas.com\/site\/2024\/08\/26\/incendios-y-emergencias-actividad-intensa-para-bomberos-y-proteccion-civil-en-mercedes\/#primaryimage","url":"https:\/\/noticiasmercedinas.com\/site\/wp-content\/uploads\/2024\/08\/d35f3051-78b6-41ff-8203-8955bbe091bb.jpg","contentUrl":"https:\/\/noticiasmercedinas.com\/site\/wp-content\/uploads\/2024\/08\/d35f3051-78b6-41ff-8203-8955bbe091bb.jpg","width":1599,"height":899},{"@type":"BreadcrumbList","@id":"https:\/\/noticiasmercedinas.com\/site\/2024\/08\/26\/incendios-y-emergencias-actividad-intensa-para-bomberos-y-proteccion-civil-en-mercedes\/#breadcrumb","itemListElement":[{"@type":"ListItem","position":1,"name":"Portada","item":"https:\/\/noticiasmercedinas.com\/site\/"},{"@type":"ListItem","position":2,"name":"Incendios y emergencias: actividad intensa para bomberos y Protecci\u00f3n Civil en Mercedes"}]},{"@type":"WebSite","@id":"https:\/\/noticiasmercedinas.com\/site\/#website","url":"https:\/\/noticiasmercedinas.com\/site\/","name":"NOTICIASMERCEDINAS.COM","description":"Mercedes, Buenos Aires, Argentina","publisher":{"@id":"https:\/\/noticiasmercedinas.com\/site\/#organization"},"potentialAction":[{"@type":"SearchAction","target":{"@type":"EntryPoint","urlTemplate":"https:\/\/noticiasmercedinas.com\/site\/?s={search_term_string}"},"query-input":{"@type":"PropertyValueSpecification","valueRequired":true,"valueName":"search_term_string"}}],"inLanguage":"es"},{"@type":"Organization","@id":"https:\/\/noticiasmercedinas.com\/site\/#organization","name":"NOTICIASMERCEDINAS.COM","url":"https:\/\/noticiasmercedinas.com\/site\/","logo":{"@type":"ImageObject","inLanguage":"es","@id":"https:\/\/noticiasmercedinas.com\/site\/#\/schema\/logo\/image\/","url":"https:\/\/noticiasmercedinas.com\/site\/wp-content\/uploads\/2020\/06\/LOGO-512.jpg","contentUrl":"https:\/\/noticiasmercedinas.com\/site\/wp-content\/uploads\/2020\/06\/LOGO-512.jpg","width":512,"height":512,"caption":"NOTICIASMERCEDINAS.COM"},"image":{"@id":"https:\/\/noticiasmercedinas.com\/site\/#\/schema\/logo\/image\/"},"sameAs":["https:\/\/www.facebook.com\/noticiasmercedinas\/","https:\/\/x.com\/notmercedinas","https:\/\/www.instagram.com\/noticiasmercedinas\/"]},{"@type":"Person","@id":"https:\/\/noticiasmercedinas.com\/site\/#\/schema\/person\/84b59c099c28ff2e8b77d4ceec5d8063","name":"NOTICIASMERCEDINAS.COM","image":{"@type":"ImageObject","inLanguage":"es","@id":"https:\/\/secure.gravatar.com\/avatar\/4dfbf16b4d17945bfb6341b2d19043457132fcf478a5ee04f42e959fd8f5df0a?s=96&d=mm&r=g","url":"https:\/\/secure.gravatar.com\/avatar\/4dfbf16b4d17945bfb6341b2d19043457132fcf478a5ee04f42e959fd8f5df0a?s=96&d=mm&r=g","contentUrl":"https:\/\/secure.gravatar.com\/avatar\/4dfbf16b4d17945bfb6341b2d19043457132fcf478a5ee04f42e959fd8f5df0a?s=96&d=mm&r=g","caption":"NOTICIASMERCEDINAS.COM"},"url":"https:\/\/noticiasmercedinas.com\/site\/author\/anonimo\/"}]}},"amp_enabled":true,"_links":{"self":[{"href":"https:\/\/noticiasmercedinas.com\/site\/wp-json\/wp\/v2\/posts\/142631","targetHints":{"allow":["GET"]}}],"collection":[{"href":"https:\/\/noticiasmercedinas.com\/site\/wp-json\/wp\/v2\/posts"}],"about":[{"href":"https:\/\/noticiasmercedinas.com\/site\/wp-json\/wp\/v2\/types\/post"}],"author":[{"embeddable":true,"href":"https:\/\/noticiasmercedinas.com\/site\/wp-json\/wp\/v2\/users\/16"}],"replies":[{"embeddable":true,"href":"https:\/\/noticiasmercedinas.com\/site\/wp-json\/wp\/v2\/comments?post=142631"}],"version-history":[{"count":1,"href":"https:\/\/noticiasmercedinas.com\/site\/wp-json\/wp\/v2\/posts\/142631\/revisions"}],"predecessor-version":[{"id":142633,"href":"https:\/\/noticiasmercedinas.com\/site\/wp-json\/wp\/v2\/posts\/142631\/revisions\/142633"}],"wp:featuredmedia":[{"embeddable":true,"href":"https:\/\/noticiasmercedinas.com\/site\/wp-json\/wp\/v2\/media\/142632"}],"wp:attachment":[{"href":"https:\/\/noticiasmercedinas.com\/site\/wp-json\/wp\/v2\/media?parent=142631"}],"wp:term":[{"taxonomy":"category","embeddable":true,"href":"https:\/\/noticiasmercedinas.com\/site\/wp-json\/wp\/v2\/categories?post=142631"},{"taxonomy":"post_tag","embeddable":true,"href":"https:\/\/noticiasmercedinas.com\/site\/wp-json\/wp\/v2\/tags?post=142631"}],"curies":[{"name":"wp","href":"https:\/\/api.w.org\/{rel}","templated":true}]}}