{"id":142682,"date":"2024-08-27T17:00:38","date_gmt":"2024-08-27T20:00:38","guid":{"rendered":"https:\/\/noticiasmercedinas.com\/site\/?p=142682"},"modified":"2024-08-27T17:01:25","modified_gmt":"2024-08-27T20:01:25","slug":"intendente-y-otros-funcionarios-de-navarro-visitaron-la-unlu-reunion-de-trabajo-en-el-rectorado","status":"publish","type":"post","link":"https:\/\/noticiasmercedinas.com\/site\/2024\/08\/27\/intendente-y-otros-funcionarios-de-navarro-visitaron-la-unlu-reunion-de-trabajo-en-el-rectorado\/","title":{"rendered":"Intendente y otros funcionarios de Navarro visitaron la UNLu: reuni\u00f3n de trabajo en el Rectorado"},"content":{"rendered":"<p><img loading=\"lazy\" decoding=\"async\" class=\"alignnone size-full wp-image-142683\" src=\"https:\/\/noticiasmercedinas.com\/site\/wp-content\/uploads\/2024\/08\/IntendenteDiz_Navarro_Visita26082024_640x334.jpg\" alt=\"\" width=\"640\" height=\"334\" srcset=\"https:\/\/noticiasmercedinas.com\/site\/wp-content\/uploads\/2024\/08\/IntendenteDiz_Navarro_Visita26082024_640x334.jpg 640w, https:\/\/noticiasmercedinas.com\/site\/wp-content\/uploads\/2024\/08\/IntendenteDiz_Navarro_Visita26082024_640x334-300x157.jpg 300w\" sizes=\"auto, (max-width: 640px) 100vw, 640px\" \/><\/p>\n<p>Funcionarios municipales de Navarro fueron recibidos este lunes 26 en el Rectorado por autoridades de la UNLu, en un encuentro de trabajo preparatorio para poder desarrollar proyectos conjuntos entre la Casa de Estudios y la vecina localidad.<\/p>\n<p>El intendente Facundo Diz, acompa\u00f1ado por el Secretario de Gobierno Jonathan Castellano, el Secretario de Legales Diego Siley y la Directora de Comunicaci\u00f3n Camila Bonaudo, se reunieron con el rector Walter Panessi, la Secretaria de Extensi\u00f3n e Integraci\u00f3n con la Comunidad Florencia Cendali, el Secretario Legal y T\u00e9cnico Leandro Vero y el Subsecretario de Vinculaci\u00f3n Tecnol\u00f3gica Guillermo Dell\u2019Inmagine, para comenzar a delinear \u201cposibles articulaciones para desarrollar proyectos acad\u00e9micos, de investigaci\u00f3n, extensi\u00f3n y vinculaci\u00f3n\u201d, seg\u00fan afirmaron las autoridades.<\/p>\n<p>\u201cA partir de las necesidades que presenta esta localidad tan importante para la zona de influencia de la Universidad, es central fortalecer el intercambio, el di\u00e1logo y la integraci\u00f3n con esta comunidad de referencia\u201d, manifestaron desde la Secretar\u00eda de Extensi\u00f3n de la UNLu.<\/p>\n<p>El intendente Diz expres\u00f3 en la oportunidad su \u201cangustia por los graves problemas de transporte que est\u00e1 sufriendo la ciudad, que impide que muchas y muchos estudiantes puedan acceder al derecho a la educaci\u00f3n\u201d.<\/p>\n<p>Coment\u00f3 que est\u00e1 charlando con las autoridades de la Provincia de Buenos Aires para encontrar \u201calguna soluci\u00f3n temporal\u201d a esta problem\u00e1tica. En este marco, los representantes UNLu propusieron \u201cencausar algunos proyectos para mitigar en parte este problema, como acercar algunas carreras a la ciudad de Navarro, o alguna diplomatura ad-hoc, o ver la posibilidad de llevar all\u00ed la carrera de Administraci\u00f3n\u201d. Se habl\u00f3 de la posibilidad de hacerlo a trav\u00e9s del Plan Puentes, entre otras opciones.<\/p>\n<p>El intendente expres\u00f3 tambi\u00e9n su preocupaci\u00f3n por que \u201cpercibe que gran parte de la poblaci\u00f3n de la localidad no ve como una posibilidad estudiar en la Universidad\u201d. En este sentido, se mencionaron diferentes posibilidades para atacar este problema, como el Proyecto \u201cla UNLu en el barrio\u201d, jornadas como las \u201cTec-Joven\u201d o jornadas de difusi\u00f3n para conocer experiencias en primera persona de familias desfavorecidas econ\u00f3micamente que pudieron lograr tener un t\u00edtulo universitario.<\/p>\n<p>Al respecto, el rector Panessi recalc\u00f3 que \u00abla idea es poder sensibilizar a la poblaci\u00f3n para que m\u00e1s y m\u00e1s ciudadanas y ciudadanos se sumen, y que Navarro pueda tener m\u00e1s cantidad de profesionales, y que las personas consideren a la educaci\u00f3n como una salida concreta de movilidad social ascendente\u00bb.<\/p>\n<p>Tambi\u00e9n se convers\u00f3 sobre la necesidad que tiene la municipalidad de Navarro de continuar capacitando a sus funcionarios, y en ese sentido se propuso un plan tanto en sistemas de informaci\u00f3n administrativos como en sistema de informaci\u00f3n geogr\u00e1fica, para \u201cque puedan aprovechar la tecnolog\u00eda para sistematizar sus proyectos\u201d, seg\u00fan afirm\u00f3 la responsable de Extensi\u00f3n.<\/p>\n<p>El rector Panessi resumi\u00f3: \u201cLe expresamos al Intendente que cuente con la UNLu para aquellas cosas en que podamos dar una mano, porque estamos para eso\u201d.<\/p>\n","protected":false},"excerpt":{"rendered":"<p>Funcionarios municipales de Navarro fueron recibidos este lunes 26 en el Rectorado por autoridades de la UNLu, en un encuentro de trabajo preparatorio para poder desarrollar proyectos conjuntos entre la Casa de Estudios y la vecina localidad. El intendente Facundo Diz, acompa\u00f1ado por el Secretario de Gobierno Jonathan Castellano, el Secretario de Legales Diego Siley [&hellip;]<\/p>\n","protected":false},"author":16,"featured_media":142683,"comment_status":"closed","ping_status":"closed","sticky":false,"template":"","format":"standard","meta":{"footnotes":""},"categories":[139],"tags":[10681,40,253,116,13039],"class_list":["post-142682","post","type-post","status-publish","format-standard","has-post-thumbnail","hentry","category-regionales","tag-facundo-diz","tag-lujan","tag-navarro","tag-unlu","tag-walter-panessi"],"yoast_head":"<!-- This site is optimized with the Yoast SEO plugin v27.4 - https:\/\/yoast.com\/product\/yoast-seo-wordpress\/ -->\n<title>Intendente y otros funcionarios de Navarro visitaron la UNLu: reuni\u00f3n de trabajo en el Rectorado<\/title>\n<meta name=\"robots\" content=\"index, follow, max-snippet:-1, max-image-preview:large, max-video-preview:-1\" \/>\n<link rel=\"canonical\" href=\"https:\/\/noticiasmercedinas.com\/site\/2024\/08\/27\/intendente-y-otros-funcionarios-de-navarro-visitaron-la-unlu-reunion-de-trabajo-en-el-rectorado\/\" \/>\n<meta property=\"og:locale\" content=\"es_ES\" \/>\n<meta property=\"og:type\" content=\"article\" \/>\n<meta property=\"og:title\" content=\"Intendente y otros funcionarios de Navarro visitaron la UNLu: reuni\u00f3n de trabajo en el Rectorado\" \/>\n<meta property=\"og:description\" content=\"Funcionarios municipales de Navarro fueron recibidos este lunes 26 en el Rectorado por autoridades de la UNLu, en un encuentro de trabajo preparatorio para poder desarrollar proyectos conjuntos entre la Casa de Estudios y la vecina localidad. El intendente Facundo Diz, acompa\u00f1ado por el Secretario de Gobierno Jonathan Castellano, el Secretario de Legales Diego Siley [&hellip;]\" \/>\n<meta property=\"og:url\" content=\"https:\/\/noticiasmercedinas.com\/site\/2024\/08\/27\/intendente-y-otros-funcionarios-de-navarro-visitaron-la-unlu-reunion-de-trabajo-en-el-rectorado\/\" \/>\n<meta property=\"og:site_name\" content=\"NOTICIASMERCEDINAS.COM\" \/>\n<meta property=\"article:publisher\" content=\"https:\/\/www.facebook.com\/noticiasmercedinas\/\" \/>\n<meta property=\"article:published_time\" content=\"2024-08-27T20:00:38+00:00\" \/>\n<meta property=\"article:modified_time\" content=\"2024-08-27T20:01:25+00:00\" \/>\n<meta property=\"og:image\" content=\"https:\/\/noticiasmercedinas.com\/site\/wp-content\/uploads\/2024\/08\/IntendenteDiz_Navarro_Visita26082024_640x334.jpg\" \/>\n\t<meta property=\"og:image:width\" content=\"640\" \/>\n\t<meta property=\"og:image:height\" content=\"334\" \/>\n\t<meta property=\"og:image:type\" content=\"image\/jpeg\" \/>\n<meta name=\"author\" content=\"NOTICIASMERCEDINAS.COM\" \/>\n<meta name=\"twitter:card\" content=\"summary_large_image\" \/>\n<meta name=\"twitter:creator\" content=\"@notmercedinas\" \/>\n<meta name=\"twitter:site\" content=\"@notmercedinas\" \/>\n<meta name=\"twitter:label1\" content=\"Escrito por\" \/>\n\t<meta name=\"twitter:data1\" content=\"NOTICIASMERCEDINAS.COM\" \/>\n\t<meta name=\"twitter:label2\" content=\"Tiempo de lectura\" \/>\n\t<meta name=\"twitter:data2\" content=\"3 minutos\" \/>\n<script type=\"application\/ld+json\" class=\"yoast-schema-graph\">{\"@context\":\"https:\\\/\\\/schema.org\",\"@graph\":[{\"@type\":\"Article\",\"@id\":\"https:\\\/\\\/noticiasmercedinas.com\\\/site\\\/2024\\\/08\\\/27\\\/intendente-y-otros-funcionarios-de-navarro-visitaron-la-unlu-reunion-de-trabajo-en-el-rectorado\\\/#article\",\"isPartOf\":{\"@id\":\"https:\\\/\\\/noticiasmercedinas.com\\\/site\\\/2024\\\/08\\\/27\\\/intendente-y-otros-funcionarios-de-navarro-visitaron-la-unlu-reunion-de-trabajo-en-el-rectorado\\\/\"},\"author\":{\"name\":\"NOTICIASMERCEDINAS.COM\",\"@id\":\"https:\\\/\\\/noticiasmercedinas.com\\\/site\\\/#\\\/schema\\\/person\\\/84b59c099c28ff2e8b77d4ceec5d8063\"},\"headline\":\"Intendente y otros funcionarios de Navarro visitaron la UNLu: reuni\u00f3n de trabajo en el Rectorado\",\"datePublished\":\"2024-08-27T20:00:38+00:00\",\"dateModified\":\"2024-08-27T20:01:25+00:00\",\"mainEntityOfPage\":{\"@id\":\"https:\\\/\\\/noticiasmercedinas.com\\\/site\\\/2024\\\/08\\\/27\\\/intendente-y-otros-funcionarios-de-navarro-visitaron-la-unlu-reunion-de-trabajo-en-el-rectorado\\\/\"},\"wordCount\":523,\"publisher\":{\"@id\":\"https:\\\/\\\/noticiasmercedinas.com\\\/site\\\/#organization\"},\"image\":{\"@id\":\"https:\\\/\\\/noticiasmercedinas.com\\\/site\\\/2024\\\/08\\\/27\\\/intendente-y-otros-funcionarios-de-navarro-visitaron-la-unlu-reunion-de-trabajo-en-el-rectorado\\\/#primaryimage\"},\"thumbnailUrl\":\"https:\\\/\\\/noticiasmercedinas.com\\\/site\\\/wp-content\\\/uploads\\\/2024\\\/08\\\/IntendenteDiz_Navarro_Visita26082024_640x334.jpg\",\"keywords\":[\"facundo diz\",\"lujan\",\"navarro\",\"unlu\",\"Walter Panessi\"],\"articleSection\":[\"Regionales\"],\"inLanguage\":\"es\"},{\"@type\":\"WebPage\",\"@id\":\"https:\\\/\\\/noticiasmercedinas.com\\\/site\\\/2024\\\/08\\\/27\\\/intendente-y-otros-funcionarios-de-navarro-visitaron-la-unlu-reunion-de-trabajo-en-el-rectorado\\\/\",\"url\":\"https:\\\/\\\/noticiasmercedinas.com\\\/site\\\/2024\\\/08\\\/27\\\/intendente-y-otros-funcionarios-de-navarro-visitaron-la-unlu-reunion-de-trabajo-en-el-rectorado\\\/\",\"name\":\"Intendente y otros funcionarios de Navarro visitaron la UNLu: reuni\u00f3n de trabajo en el Rectorado\",\"isPartOf\":{\"@id\":\"https:\\\/\\\/noticiasmercedinas.com\\\/site\\\/#website\"},\"primaryImageOfPage\":{\"@id\":\"https:\\\/\\\/noticiasmercedinas.com\\\/site\\\/2024\\\/08\\\/27\\\/intendente-y-otros-funcionarios-de-navarro-visitaron-la-unlu-reunion-de-trabajo-en-el-rectorado\\\/#primaryimage\"},\"image\":{\"@id\":\"https:\\\/\\\/noticiasmercedinas.com\\\/site\\\/2024\\\/08\\\/27\\\/intendente-y-otros-funcionarios-de-navarro-visitaron-la-unlu-reunion-de-trabajo-en-el-rectorado\\\/#primaryimage\"},\"thumbnailUrl\":\"https:\\\/\\\/noticiasmercedinas.com\\\/site\\\/wp-content\\\/uploads\\\/2024\\\/08\\\/IntendenteDiz_Navarro_Visita26082024_640x334.jpg\",\"datePublished\":\"2024-08-27T20:00:38+00:00\",\"dateModified\":\"2024-08-27T20:01:25+00:00\",\"breadcrumb\":{\"@id\":\"https:\\\/\\\/noticiasmercedinas.com\\\/site\\\/2024\\\/08\\\/27\\\/intendente-y-otros-funcionarios-de-navarro-visitaron-la-unlu-reunion-de-trabajo-en-el-rectorado\\\/#breadcrumb\"},\"inLanguage\":\"es\",\"potentialAction\":[{\"@type\":\"ReadAction\",\"target\":[\"https:\\\/\\\/noticiasmercedinas.com\\\/site\\\/2024\\\/08\\\/27\\\/intendente-y-otros-funcionarios-de-navarro-visitaron-la-unlu-reunion-de-trabajo-en-el-rectorado\\\/\"]}]},{\"@type\":\"ImageObject\",\"inLanguage\":\"es\",\"@id\":\"https:\\\/\\\/noticiasmercedinas.com\\\/site\\\/2024\\\/08\\\/27\\\/intendente-y-otros-funcionarios-de-navarro-visitaron-la-unlu-reunion-de-trabajo-en-el-rectorado\\\/#primaryimage\",\"url\":\"https:\\\/\\\/noticiasmercedinas.com\\\/site\\\/wp-content\\\/uploads\\\/2024\\\/08\\\/IntendenteDiz_Navarro_Visita26082024_640x334.jpg\",\"contentUrl\":\"https:\\\/\\\/noticiasmercedinas.com\\\/site\\\/wp-content\\\/uploads\\\/2024\\\/08\\\/IntendenteDiz_Navarro_Visita26082024_640x334.jpg\",\"width\":640,\"height\":334},{\"@type\":\"BreadcrumbList\",\"@id\":\"https:\\\/\\\/noticiasmercedinas.com\\\/site\\\/2024\\\/08\\\/27\\\/intendente-y-otros-funcionarios-de-navarro-visitaron-la-unlu-reunion-de-trabajo-en-el-rectorado\\\/#breadcrumb\",\"itemListElement\":[{\"@type\":\"ListItem\",\"position\":1,\"name\":\"Portada\",\"item\":\"https:\\\/\\\/noticiasmercedinas.com\\\/site\\\/\"},{\"@type\":\"ListItem\",\"position\":2,\"name\":\"Intendente y otros funcionarios de Navarro visitaron la UNLu: reuni\u00f3n de trabajo en el Rectorado\"}]},{\"@type\":\"WebSite\",\"@id\":\"https:\\\/\\\/noticiasmercedinas.com\\\/site\\\/#website\",\"url\":\"https:\\\/\\\/noticiasmercedinas.com\\\/site\\\/\",\"name\":\"NOTICIASMERCEDINAS.COM\",\"description\":\"Mercedes, Buenos Aires, Argentina\",\"publisher\":{\"@id\":\"https:\\\/\\\/noticiasmercedinas.com\\\/site\\\/#organization\"},\"potentialAction\":[{\"@type\":\"SearchAction\",\"target\":{\"@type\":\"EntryPoint\",\"urlTemplate\":\"https:\\\/\\\/noticiasmercedinas.com\\\/site\\\/?s={search_term_string}\"},\"query-input\":{\"@type\":\"PropertyValueSpecification\",\"valueRequired\":true,\"valueName\":\"search_term_string\"}}],\"inLanguage\":\"es\"},{\"@type\":\"Organization\",\"@id\":\"https:\\\/\\\/noticiasmercedinas.com\\\/site\\\/#organization\",\"name\":\"NOTICIASMERCEDINAS.COM\",\"url\":\"https:\\\/\\\/noticiasmercedinas.com\\\/site\\\/\",\"logo\":{\"@type\":\"ImageObject\",\"inLanguage\":\"es\",\"@id\":\"https:\\\/\\\/noticiasmercedinas.com\\\/site\\\/#\\\/schema\\\/logo\\\/image\\\/\",\"url\":\"https:\\\/\\\/noticiasmercedinas.com\\\/site\\\/wp-content\\\/uploads\\\/2020\\\/06\\\/LOGO-512.jpg\",\"contentUrl\":\"https:\\\/\\\/noticiasmercedinas.com\\\/site\\\/wp-content\\\/uploads\\\/2020\\\/06\\\/LOGO-512.jpg\",\"width\":512,\"height\":512,\"caption\":\"NOTICIASMERCEDINAS.COM\"},\"image\":{\"@id\":\"https:\\\/\\\/noticiasmercedinas.com\\\/site\\\/#\\\/schema\\\/logo\\\/image\\\/\"},\"sameAs\":[\"https:\\\/\\\/www.facebook.com\\\/noticiasmercedinas\\\/\",\"https:\\\/\\\/x.com\\\/notmercedinas\",\"https:\\\/\\\/www.instagram.com\\\/noticiasmercedinas\\\/\"]},{\"@type\":\"Person\",\"@id\":\"https:\\\/\\\/noticiasmercedinas.com\\\/site\\\/#\\\/schema\\\/person\\\/84b59c099c28ff2e8b77d4ceec5d8063\",\"name\":\"NOTICIASMERCEDINAS.COM\",\"image\":{\"@type\":\"ImageObject\",\"inLanguage\":\"es\",\"@id\":\"https:\\\/\\\/secure.gravatar.com\\\/avatar\\\/4dfbf16b4d17945bfb6341b2d19043457132fcf478a5ee04f42e959fd8f5df0a?s=96&d=mm&r=g\",\"url\":\"https:\\\/\\\/secure.gravatar.com\\\/avatar\\\/4dfbf16b4d17945bfb6341b2d19043457132fcf478a5ee04f42e959fd8f5df0a?s=96&d=mm&r=g\",\"contentUrl\":\"https:\\\/\\\/secure.gravatar.com\\\/avatar\\\/4dfbf16b4d17945bfb6341b2d19043457132fcf478a5ee04f42e959fd8f5df0a?s=96&d=mm&r=g\",\"caption\":\"NOTICIASMERCEDINAS.COM\"},\"url\":\"https:\\\/\\\/noticiasmercedinas.com\\\/site\\\/author\\\/anonimo\\\/\"}]}<\/script>\n<!-- \/ Yoast SEO plugin. -->","yoast_head_json":{"title":"Intendente y otros funcionarios de Navarro visitaron la UNLu: reuni\u00f3n de trabajo en el Rectorado","robots":{"index":"index","follow":"follow","max-snippet":"max-snippet:-1","max-image-preview":"max-image-preview:large","max-video-preview":"max-video-preview:-1"},"canonical":"https:\/\/noticiasmercedinas.com\/site\/2024\/08\/27\/intendente-y-otros-funcionarios-de-navarro-visitaron-la-unlu-reunion-de-trabajo-en-el-rectorado\/","og_locale":"es_ES","og_type":"article","og_title":"Intendente y otros funcionarios de Navarro visitaron la UNLu: reuni\u00f3n de trabajo en el Rectorado","og_description":"Funcionarios municipales de Navarro fueron recibidos este lunes 26 en el Rectorado por autoridades de la UNLu, en un encuentro de trabajo preparatorio para poder desarrollar proyectos conjuntos entre la Casa de Estudios y la vecina localidad. El intendente Facundo Diz, acompa\u00f1ado por el Secretario de Gobierno Jonathan Castellano, el Secretario de Legales Diego Siley [&hellip;]","og_url":"https:\/\/noticiasmercedinas.com\/site\/2024\/08\/27\/intendente-y-otros-funcionarios-de-navarro-visitaron-la-unlu-reunion-de-trabajo-en-el-rectorado\/","og_site_name":"NOTICIASMERCEDINAS.COM","article_publisher":"https:\/\/www.facebook.com\/noticiasmercedinas\/","article_published_time":"2024-08-27T20:00:38+00:00","article_modified_time":"2024-08-27T20:01:25+00:00","og_image":[{"width":640,"height":334,"url":"https:\/\/noticiasmercedinas.com\/site\/wp-content\/uploads\/2024\/08\/IntendenteDiz_Navarro_Visita26082024_640x334.jpg","type":"image\/jpeg"}],"author":"NOTICIASMERCEDINAS.COM","twitter_card":"summary_large_image","twitter_creator":"@notmercedinas","twitter_site":"@notmercedinas","twitter_misc":{"Escrito por":"NOTICIASMERCEDINAS.COM","Tiempo de lectura":"3 minutos"},"schema":{"@context":"https:\/\/schema.org","@graph":[{"@type":"Article","@id":"https:\/\/noticiasmercedinas.com\/site\/2024\/08\/27\/intendente-y-otros-funcionarios-de-navarro-visitaron-la-unlu-reunion-de-trabajo-en-el-rectorado\/#article","isPartOf":{"@id":"https:\/\/noticiasmercedinas.com\/site\/2024\/08\/27\/intendente-y-otros-funcionarios-de-navarro-visitaron-la-unlu-reunion-de-trabajo-en-el-rectorado\/"},"author":{"name":"NOTICIASMERCEDINAS.COM","@id":"https:\/\/noticiasmercedinas.com\/site\/#\/schema\/person\/84b59c099c28ff2e8b77d4ceec5d8063"},"headline":"Intendente y otros funcionarios de Navarro visitaron la UNLu: reuni\u00f3n de trabajo en el Rectorado","datePublished":"2024-08-27T20:00:38+00:00","dateModified":"2024-08-27T20:01:25+00:00","mainEntityOfPage":{"@id":"https:\/\/noticiasmercedinas.com\/site\/2024\/08\/27\/intendente-y-otros-funcionarios-de-navarro-visitaron-la-unlu-reunion-de-trabajo-en-el-rectorado\/"},"wordCount":523,"publisher":{"@id":"https:\/\/noticiasmercedinas.com\/site\/#organization"},"image":{"@id":"https:\/\/noticiasmercedinas.com\/site\/2024\/08\/27\/intendente-y-otros-funcionarios-de-navarro-visitaron-la-unlu-reunion-de-trabajo-en-el-rectorado\/#primaryimage"},"thumbnailUrl":"https:\/\/noticiasmercedinas.com\/site\/wp-content\/uploads\/2024\/08\/IntendenteDiz_Navarro_Visita26082024_640x334.jpg","keywords":["facundo diz","lujan","navarro","unlu","Walter Panessi"],"articleSection":["Regionales"],"inLanguage":"es"},{"@type":"WebPage","@id":"https:\/\/noticiasmercedinas.com\/site\/2024\/08\/27\/intendente-y-otros-funcionarios-de-navarro-visitaron-la-unlu-reunion-de-trabajo-en-el-rectorado\/","url":"https:\/\/noticiasmercedinas.com\/site\/2024\/08\/27\/intendente-y-otros-funcionarios-de-navarro-visitaron-la-unlu-reunion-de-trabajo-en-el-rectorado\/","name":"Intendente y otros funcionarios de Navarro visitaron la UNLu: reuni\u00f3n de trabajo en el Rectorado","isPartOf":{"@id":"https:\/\/noticiasmercedinas.com\/site\/#website"},"primaryImageOfPage":{"@id":"https:\/\/noticiasmercedinas.com\/site\/2024\/08\/27\/intendente-y-otros-funcionarios-de-navarro-visitaron-la-unlu-reunion-de-trabajo-en-el-rectorado\/#primaryimage"},"image":{"@id":"https:\/\/noticiasmercedinas.com\/site\/2024\/08\/27\/intendente-y-otros-funcionarios-de-navarro-visitaron-la-unlu-reunion-de-trabajo-en-el-rectorado\/#primaryimage"},"thumbnailUrl":"https:\/\/noticiasmercedinas.com\/site\/wp-content\/uploads\/2024\/08\/IntendenteDiz_Navarro_Visita26082024_640x334.jpg","datePublished":"2024-08-27T20:00:38+00:00","dateModified":"2024-08-27T20:01:25+00:00","breadcrumb":{"@id":"https:\/\/noticiasmercedinas.com\/site\/2024\/08\/27\/intendente-y-otros-funcionarios-de-navarro-visitaron-la-unlu-reunion-de-trabajo-en-el-rectorado\/#breadcrumb"},"inLanguage":"es","potentialAction":[{"@type":"ReadAction","target":["https:\/\/noticiasmercedinas.com\/site\/2024\/08\/27\/intendente-y-otros-funcionarios-de-navarro-visitaron-la-unlu-reunion-de-trabajo-en-el-rectorado\/"]}]},{"@type":"ImageObject","inLanguage":"es","@id":"https:\/\/noticiasmercedinas.com\/site\/2024\/08\/27\/intendente-y-otros-funcionarios-de-navarro-visitaron-la-unlu-reunion-de-trabajo-en-el-rectorado\/#primaryimage","url":"https:\/\/noticiasmercedinas.com\/site\/wp-content\/uploads\/2024\/08\/IntendenteDiz_Navarro_Visita26082024_640x334.jpg","contentUrl":"https:\/\/noticiasmercedinas.com\/site\/wp-content\/uploads\/2024\/08\/IntendenteDiz_Navarro_Visita26082024_640x334.jpg","width":640,"height":334},{"@type":"BreadcrumbList","@id":"https:\/\/noticiasmercedinas.com\/site\/2024\/08\/27\/intendente-y-otros-funcionarios-de-navarro-visitaron-la-unlu-reunion-de-trabajo-en-el-rectorado\/#breadcrumb","itemListElement":[{"@type":"ListItem","position":1,"name":"Portada","item":"https:\/\/noticiasmercedinas.com\/site\/"},{"@type":"ListItem","position":2,"name":"Intendente y otros funcionarios de Navarro visitaron la UNLu: reuni\u00f3n de trabajo en el Rectorado"}]},{"@type":"WebSite","@id":"https:\/\/noticiasmercedinas.com\/site\/#website","url":"https:\/\/noticiasmercedinas.com\/site\/","name":"NOTICIASMERCEDINAS.COM","description":"Mercedes, Buenos Aires, Argentina","publisher":{"@id":"https:\/\/noticiasmercedinas.com\/site\/#organization"},"potentialAction":[{"@type":"SearchAction","target":{"@type":"EntryPoint","urlTemplate":"https:\/\/noticiasmercedinas.com\/site\/?s={search_term_string}"},"query-input":{"@type":"PropertyValueSpecification","valueRequired":true,"valueName":"search_term_string"}}],"inLanguage":"es"},{"@type":"Organization","@id":"https:\/\/noticiasmercedinas.com\/site\/#organization","name":"NOTICIASMERCEDINAS.COM","url":"https:\/\/noticiasmercedinas.com\/site\/","logo":{"@type":"ImageObject","inLanguage":"es","@id":"https:\/\/noticiasmercedinas.com\/site\/#\/schema\/logo\/image\/","url":"https:\/\/noticiasmercedinas.com\/site\/wp-content\/uploads\/2020\/06\/LOGO-512.jpg","contentUrl":"https:\/\/noticiasmercedinas.com\/site\/wp-content\/uploads\/2020\/06\/LOGO-512.jpg","width":512,"height":512,"caption":"NOTICIASMERCEDINAS.COM"},"image":{"@id":"https:\/\/noticiasmercedinas.com\/site\/#\/schema\/logo\/image\/"},"sameAs":["https:\/\/www.facebook.com\/noticiasmercedinas\/","https:\/\/x.com\/notmercedinas","https:\/\/www.instagram.com\/noticiasmercedinas\/"]},{"@type":"Person","@id":"https:\/\/noticiasmercedinas.com\/site\/#\/schema\/person\/84b59c099c28ff2e8b77d4ceec5d8063","name":"NOTICIASMERCEDINAS.COM","image":{"@type":"ImageObject","inLanguage":"es","@id":"https:\/\/secure.gravatar.com\/avatar\/4dfbf16b4d17945bfb6341b2d19043457132fcf478a5ee04f42e959fd8f5df0a?s=96&d=mm&r=g","url":"https:\/\/secure.gravatar.com\/avatar\/4dfbf16b4d17945bfb6341b2d19043457132fcf478a5ee04f42e959fd8f5df0a?s=96&d=mm&r=g","contentUrl":"https:\/\/secure.gravatar.com\/avatar\/4dfbf16b4d17945bfb6341b2d19043457132fcf478a5ee04f42e959fd8f5df0a?s=96&d=mm&r=g","caption":"NOTICIASMERCEDINAS.COM"},"url":"https:\/\/noticiasmercedinas.com\/site\/author\/anonimo\/"}]}},"amp_enabled":true,"_links":{"self":[{"href":"https:\/\/noticiasmercedinas.com\/site\/wp-json\/wp\/v2\/posts\/142682","targetHints":{"allow":["GET"]}}],"collection":[{"href":"https:\/\/noticiasmercedinas.com\/site\/wp-json\/wp\/v2\/posts"}],"about":[{"href":"https:\/\/noticiasmercedinas.com\/site\/wp-json\/wp\/v2\/types\/post"}],"author":[{"embeddable":true,"href":"https:\/\/noticiasmercedinas.com\/site\/wp-json\/wp\/v2\/users\/16"}],"replies":[{"embeddable":true,"href":"https:\/\/noticiasmercedinas.com\/site\/wp-json\/wp\/v2\/comments?post=142682"}],"version-history":[{"count":4,"href":"https:\/\/noticiasmercedinas.com\/site\/wp-json\/wp\/v2\/posts\/142682\/revisions"}],"predecessor-version":[{"id":142687,"href":"https:\/\/noticiasmercedinas.com\/site\/wp-json\/wp\/v2\/posts\/142682\/revisions\/142687"}],"wp:featuredmedia":[{"embeddable":true,"href":"https:\/\/noticiasmercedinas.com\/site\/wp-json\/wp\/v2\/media\/142683"}],"wp:attachment":[{"href":"https:\/\/noticiasmercedinas.com\/site\/wp-json\/wp\/v2\/media?parent=142682"}],"wp:term":[{"taxonomy":"category","embeddable":true,"href":"https:\/\/noticiasmercedinas.com\/site\/wp-json\/wp\/v2\/categories?post=142682"},{"taxonomy":"post_tag","embeddable":true,"href":"https:\/\/noticiasmercedinas.com\/site\/wp-json\/wp\/v2\/tags?post=142682"}],"curies":[{"name":"wp","href":"https:\/\/api.w.org\/{rel}","templated":true}]}}