{"id":142734,"date":"2024-08-28T12:27:33","date_gmt":"2024-08-28T15:27:33","guid":{"rendered":"https:\/\/noticiasmercedinas.com\/site\/?p=142734"},"modified":"2024-08-28T12:27:33","modified_gmt":"2024-08-28T15:27:33","slug":"protestas-por-el-peaje-en-la-ruta-5-la-concejala-laporta-exige-respuestas","status":"publish","type":"post","link":"https:\/\/noticiasmercedinas.com\/site\/2024\/08\/28\/protestas-por-el-peaje-en-la-ruta-5-la-concejala-laporta-exige-respuestas\/","title":{"rendered":"Protestas por el peaje en la Ruta 5: la concejala Laporta exige respuestas"},"content":{"rendered":"<figure id=\"attachment_35257\" aria-describedby=\"caption-attachment-35257\" style=\"width: 640px\" class=\"wp-caption alignnone\"><img loading=\"lazy\" decoding=\"async\" class=\"size-full wp-image-35257\" src=\"https:\/\/noticiasmercedinas.com\/site\/wp-content\/uploads\/2019\/12\/IMG_1728.jpg\" alt=\"\" width=\"640\" height=\"427\" srcset=\"https:\/\/noticiasmercedinas.com\/site\/wp-content\/uploads\/2019\/12\/IMG_1728.jpg 640w, https:\/\/noticiasmercedinas.com\/site\/wp-content\/uploads\/2019\/12\/IMG_1728-300x200.jpg 300w\" sizes=\"auto, (max-width: 640px) 100vw, 640px\" \/><figcaption id=\"caption-attachment-35257\" class=\"wp-caption-text\">Concejal A\u00edda Laporta. \/\/ Foto NOTICIASMERCEDINAS.COM<\/figcaption><\/figure>\n<p>La concejala <strong>Aida Laporta<\/strong>, de la UCR en Juntos por el Cambio, se ha mostrado firme en su apoyo a los vecinos de Mercedes que reclaman por las altas tarifas de peaje y la falta de mantenimiento en la Ruta Nacional 5. Tras la movilizaci\u00f3n que tuvo lugar el pasado domingo en las cabinas de peaje de Olivera, Laporta expres\u00f3 su preocupaci\u00f3n por la falta de respuestas a las demandas vecinales y la posible re-privatizaci\u00f3n del sistema de peajes.<\/p>\n<p>Durante la protesta, que se extendi\u00f3 por m\u00e1s de una hora, los manifestantes lograron que las barreras fueran levantadas, ocasionando p\u00e9rdidas significativas para la empresa concesionaria. \u00abSi cada 15 d\u00edas vamos a estar levantando la barrera los domingos, que es nuestro prop\u00f3sito, creo que pierden m\u00e1s de lo que ganar\u00edan ofreciendo un beneficio a los ciudadanos de Mercedes\u00bb, se\u00f1al\u00f3 Laporta, quien tambi\u00e9n manifest\u00f3 su sospecha de que la concesionaria est\u00e1 \u00abentreteniendo\u00bb a los vecinos hasta que se concrete la re-privatizaci\u00f3n.<\/p>\n<blockquote><p>Laporta subray\u00f3 la frustraci\u00f3n de los vecinos por la falta de respuesta a los petitorios presentados tanto por ellos como por el intendente, quien tampoco ha recibido respuestas concretas de las autoridades de Vialidad<\/p><\/blockquote>\n<p>En cuanto a las obras de ampliaci\u00f3n de la autopista entre Mercedes y Suipacha, la concejala destac\u00f3 que han recibido informes de que los trabajos se han reiniciado, una demanda hist\u00f3rica debido a la alta siniestralidad en ese tramo. \u00abBienvenidas sean las obras que tanto pedimos, por la cantidad de vidas que se han perdido en esa ruta\u00bb, afirm\u00f3.<\/p>\n<p>Sin embargo, Laporta subray\u00f3 la frustraci\u00f3n de los vecinos por la falta de respuesta a los petitorios presentados tanto por ellos como por el intendente, quien tampoco ha recibido respuestas concretas de las autoridades de Vialidad. \u00abLa tarifa sigue aumentando, ya est\u00e1 en 1100 o 1200 pesos, y no hay ning\u00fan tipo de respuesta. Parece que est\u00e1n dejando pasar el tiempo hasta que se concrete la privatizaci\u00f3n\u00bb, concluy\u00f3.<\/p>\n<p>La situaci\u00f3n parece lejos de resolverse, y se anticipa una nueva movilizaci\u00f3n que coincidir\u00e1 con la Fiesta del Salame, en un intento de los vecinos por seguir visibilizando su reclamo.<\/p>\n","protected":false},"excerpt":{"rendered":"<p>\u25a0 Manifest\u00f3 su sospecha de que la concesionaria est\u00e1 \u00abentreteniendo\u00bb a los vecinos hasta que se concrete la re-privatizaci\u00f3n. Anticipa una nueva movilizaci\u00f3n que coincidir\u00e1 con la Fiesta del Salame<\/p>\n","protected":false},"author":16,"featured_media":35257,"comment_status":"closed","ping_status":"closed","sticky":false,"template":"","format":"standard","meta":{"footnotes":""},"categories":[16],"tags":[549,1972,665,667],"class_list":["post-142734","post","type-post","status-publish","format-standard","has-post-thumbnail","hentry","category-politica","tag-aida-laporta","tag-peajes","tag-ruta-5","tag-vialidad-nacional"],"yoast_head":"<!-- This site is optimized with the Yoast SEO plugin v27.4 - https:\/\/yoast.com\/product\/yoast-seo-wordpress\/ -->\n<title>Protestas por el peaje en la Ruta 5: la concejala Laporta exige respuestas<\/title>\n<meta name=\"robots\" content=\"index, follow, max-snippet:-1, max-image-preview:large, max-video-preview:-1\" \/>\n<link rel=\"canonical\" href=\"https:\/\/noticiasmercedinas.com\/site\/2024\/08\/28\/protestas-por-el-peaje-en-la-ruta-5-la-concejala-laporta-exige-respuestas\/\" \/>\n<meta property=\"og:locale\" content=\"es_ES\" \/>\n<meta property=\"og:type\" content=\"article\" \/>\n<meta property=\"og:title\" content=\"Protestas por el peaje en la Ruta 5: la concejala Laporta exige respuestas\" \/>\n<meta property=\"og:description\" content=\"\u25a0 Manifest\u00f3 su sospecha de que la concesionaria est\u00e1 &quot;entreteniendo&quot; a los vecinos hasta que se concrete la re-privatizaci\u00f3n. Anticipa una nueva movilizaci\u00f3n que coincidir\u00e1 con la Fiesta del Salame\" \/>\n<meta property=\"og:url\" content=\"https:\/\/noticiasmercedinas.com\/site\/2024\/08\/28\/protestas-por-el-peaje-en-la-ruta-5-la-concejala-laporta-exige-respuestas\/\" \/>\n<meta property=\"og:site_name\" content=\"NOTICIASMERCEDINAS.COM\" \/>\n<meta property=\"article:publisher\" content=\"https:\/\/www.facebook.com\/noticiasmercedinas\/\" \/>\n<meta property=\"article:published_time\" content=\"2024-08-28T15:27:33+00:00\" \/>\n<meta property=\"og:image\" content=\"https:\/\/noticiasmercedinas.com\/site\/wp-content\/uploads\/2019\/12\/IMG_1728.jpg\" \/>\n\t<meta property=\"og:image:width\" content=\"640\" \/>\n\t<meta property=\"og:image:height\" content=\"427\" \/>\n\t<meta property=\"og:image:type\" content=\"image\/jpeg\" \/>\n<meta name=\"author\" content=\"NOTICIASMERCEDINAS.COM\" \/>\n<meta name=\"twitter:card\" content=\"summary_large_image\" \/>\n<meta name=\"twitter:creator\" content=\"@notmercedinas\" \/>\n<meta name=\"twitter:site\" content=\"@notmercedinas\" \/>\n<meta name=\"twitter:label1\" content=\"Escrito por\" \/>\n\t<meta name=\"twitter:data1\" content=\"NOTICIASMERCEDINAS.COM\" \/>\n\t<meta name=\"twitter:label2\" content=\"Tiempo de lectura\" \/>\n\t<meta name=\"twitter:data2\" content=\"2 minutos\" \/>\n<script type=\"application\/ld+json\" class=\"yoast-schema-graph\">{\"@context\":\"https:\\\/\\\/schema.org\",\"@graph\":[{\"@type\":\"Article\",\"@id\":\"https:\\\/\\\/noticiasmercedinas.com\\\/site\\\/2024\\\/08\\\/28\\\/protestas-por-el-peaje-en-la-ruta-5-la-concejala-laporta-exige-respuestas\\\/#article\",\"isPartOf\":{\"@id\":\"https:\\\/\\\/noticiasmercedinas.com\\\/site\\\/2024\\\/08\\\/28\\\/protestas-por-el-peaje-en-la-ruta-5-la-concejala-laporta-exige-respuestas\\\/\"},\"author\":{\"name\":\"NOTICIASMERCEDINAS.COM\",\"@id\":\"https:\\\/\\\/noticiasmercedinas.com\\\/site\\\/#\\\/schema\\\/person\\\/84b59c099c28ff2e8b77d4ceec5d8063\"},\"headline\":\"Protestas por el peaje en la Ruta 5: la concejala Laporta exige respuestas\",\"datePublished\":\"2024-08-28T15:27:33+00:00\",\"mainEntityOfPage\":{\"@id\":\"https:\\\/\\\/noticiasmercedinas.com\\\/site\\\/2024\\\/08\\\/28\\\/protestas-por-el-peaje-en-la-ruta-5-la-concejala-laporta-exige-respuestas\\\/\"},\"wordCount\":393,\"publisher\":{\"@id\":\"https:\\\/\\\/noticiasmercedinas.com\\\/site\\\/#organization\"},\"image\":{\"@id\":\"https:\\\/\\\/noticiasmercedinas.com\\\/site\\\/2024\\\/08\\\/28\\\/protestas-por-el-peaje-en-la-ruta-5-la-concejala-laporta-exige-respuestas\\\/#primaryimage\"},\"thumbnailUrl\":\"https:\\\/\\\/noticiasmercedinas.com\\\/site\\\/wp-content\\\/uploads\\\/2019\\\/12\\\/IMG_1728.jpg\",\"keywords\":[\"aida laporta\",\"peajes\",\"ruta 5\",\"vialidad nacional\"],\"articleSection\":[\"Politica\"],\"inLanguage\":\"es\"},{\"@type\":\"WebPage\",\"@id\":\"https:\\\/\\\/noticiasmercedinas.com\\\/site\\\/2024\\\/08\\\/28\\\/protestas-por-el-peaje-en-la-ruta-5-la-concejala-laporta-exige-respuestas\\\/\",\"url\":\"https:\\\/\\\/noticiasmercedinas.com\\\/site\\\/2024\\\/08\\\/28\\\/protestas-por-el-peaje-en-la-ruta-5-la-concejala-laporta-exige-respuestas\\\/\",\"name\":\"Protestas por el peaje en la Ruta 5: la concejala Laporta exige respuestas\",\"isPartOf\":{\"@id\":\"https:\\\/\\\/noticiasmercedinas.com\\\/site\\\/#website\"},\"primaryImageOfPage\":{\"@id\":\"https:\\\/\\\/noticiasmercedinas.com\\\/site\\\/2024\\\/08\\\/28\\\/protestas-por-el-peaje-en-la-ruta-5-la-concejala-laporta-exige-respuestas\\\/#primaryimage\"},\"image\":{\"@id\":\"https:\\\/\\\/noticiasmercedinas.com\\\/site\\\/2024\\\/08\\\/28\\\/protestas-por-el-peaje-en-la-ruta-5-la-concejala-laporta-exige-respuestas\\\/#primaryimage\"},\"thumbnailUrl\":\"https:\\\/\\\/noticiasmercedinas.com\\\/site\\\/wp-content\\\/uploads\\\/2019\\\/12\\\/IMG_1728.jpg\",\"datePublished\":\"2024-08-28T15:27:33+00:00\",\"breadcrumb\":{\"@id\":\"https:\\\/\\\/noticiasmercedinas.com\\\/site\\\/2024\\\/08\\\/28\\\/protestas-por-el-peaje-en-la-ruta-5-la-concejala-laporta-exige-respuestas\\\/#breadcrumb\"},\"inLanguage\":\"es\",\"potentialAction\":[{\"@type\":\"ReadAction\",\"target\":[\"https:\\\/\\\/noticiasmercedinas.com\\\/site\\\/2024\\\/08\\\/28\\\/protestas-por-el-peaje-en-la-ruta-5-la-concejala-laporta-exige-respuestas\\\/\"]}]},{\"@type\":\"ImageObject\",\"inLanguage\":\"es\",\"@id\":\"https:\\\/\\\/noticiasmercedinas.com\\\/site\\\/2024\\\/08\\\/28\\\/protestas-por-el-peaje-en-la-ruta-5-la-concejala-laporta-exige-respuestas\\\/#primaryimage\",\"url\":\"https:\\\/\\\/noticiasmercedinas.com\\\/site\\\/wp-content\\\/uploads\\\/2019\\\/12\\\/IMG_1728.jpg\",\"contentUrl\":\"https:\\\/\\\/noticiasmercedinas.com\\\/site\\\/wp-content\\\/uploads\\\/2019\\\/12\\\/IMG_1728.jpg\",\"width\":640,\"height\":427,\"caption\":\"Concejal A\u00edda Laporta. \\\/\\\/ Foto NOTICIASMERCEDINAS.COM\"},{\"@type\":\"BreadcrumbList\",\"@id\":\"https:\\\/\\\/noticiasmercedinas.com\\\/site\\\/2024\\\/08\\\/28\\\/protestas-por-el-peaje-en-la-ruta-5-la-concejala-laporta-exige-respuestas\\\/#breadcrumb\",\"itemListElement\":[{\"@type\":\"ListItem\",\"position\":1,\"name\":\"Portada\",\"item\":\"https:\\\/\\\/noticiasmercedinas.com\\\/site\\\/\"},{\"@type\":\"ListItem\",\"position\":2,\"name\":\"Protestas por el peaje en la Ruta 5: la concejala Laporta exige respuestas\"}]},{\"@type\":\"WebSite\",\"@id\":\"https:\\\/\\\/noticiasmercedinas.com\\\/site\\\/#website\",\"url\":\"https:\\\/\\\/noticiasmercedinas.com\\\/site\\\/\",\"name\":\"NOTICIASMERCEDINAS.COM\",\"description\":\"Mercedes, Buenos Aires, Argentina\",\"publisher\":{\"@id\":\"https:\\\/\\\/noticiasmercedinas.com\\\/site\\\/#organization\"},\"potentialAction\":[{\"@type\":\"SearchAction\",\"target\":{\"@type\":\"EntryPoint\",\"urlTemplate\":\"https:\\\/\\\/noticiasmercedinas.com\\\/site\\\/?s={search_term_string}\"},\"query-input\":{\"@type\":\"PropertyValueSpecification\",\"valueRequired\":true,\"valueName\":\"search_term_string\"}}],\"inLanguage\":\"es\"},{\"@type\":\"Organization\",\"@id\":\"https:\\\/\\\/noticiasmercedinas.com\\\/site\\\/#organization\",\"name\":\"NOTICIASMERCEDINAS.COM\",\"url\":\"https:\\\/\\\/noticiasmercedinas.com\\\/site\\\/\",\"logo\":{\"@type\":\"ImageObject\",\"inLanguage\":\"es\",\"@id\":\"https:\\\/\\\/noticiasmercedinas.com\\\/site\\\/#\\\/schema\\\/logo\\\/image\\\/\",\"url\":\"https:\\\/\\\/noticiasmercedinas.com\\\/site\\\/wp-content\\\/uploads\\\/2020\\\/06\\\/LOGO-512.jpg\",\"contentUrl\":\"https:\\\/\\\/noticiasmercedinas.com\\\/site\\\/wp-content\\\/uploads\\\/2020\\\/06\\\/LOGO-512.jpg\",\"width\":512,\"height\":512,\"caption\":\"NOTICIASMERCEDINAS.COM\"},\"image\":{\"@id\":\"https:\\\/\\\/noticiasmercedinas.com\\\/site\\\/#\\\/schema\\\/logo\\\/image\\\/\"},\"sameAs\":[\"https:\\\/\\\/www.facebook.com\\\/noticiasmercedinas\\\/\",\"https:\\\/\\\/x.com\\\/notmercedinas\",\"https:\\\/\\\/www.instagram.com\\\/noticiasmercedinas\\\/\"]},{\"@type\":\"Person\",\"@id\":\"https:\\\/\\\/noticiasmercedinas.com\\\/site\\\/#\\\/schema\\\/person\\\/84b59c099c28ff2e8b77d4ceec5d8063\",\"name\":\"NOTICIASMERCEDINAS.COM\",\"image\":{\"@type\":\"ImageObject\",\"inLanguage\":\"es\",\"@id\":\"https:\\\/\\\/secure.gravatar.com\\\/avatar\\\/4dfbf16b4d17945bfb6341b2d19043457132fcf478a5ee04f42e959fd8f5df0a?s=96&d=mm&r=g\",\"url\":\"https:\\\/\\\/secure.gravatar.com\\\/avatar\\\/4dfbf16b4d17945bfb6341b2d19043457132fcf478a5ee04f42e959fd8f5df0a?s=96&d=mm&r=g\",\"contentUrl\":\"https:\\\/\\\/secure.gravatar.com\\\/avatar\\\/4dfbf16b4d17945bfb6341b2d19043457132fcf478a5ee04f42e959fd8f5df0a?s=96&d=mm&r=g\",\"caption\":\"NOTICIASMERCEDINAS.COM\"},\"url\":\"https:\\\/\\\/noticiasmercedinas.com\\\/site\\\/author\\\/anonimo\\\/\"}]}<\/script>\n<!-- \/ Yoast SEO plugin. -->","yoast_head_json":{"title":"Protestas por el peaje en la Ruta 5: la concejala Laporta exige respuestas","robots":{"index":"index","follow":"follow","max-snippet":"max-snippet:-1","max-image-preview":"max-image-preview:large","max-video-preview":"max-video-preview:-1"},"canonical":"https:\/\/noticiasmercedinas.com\/site\/2024\/08\/28\/protestas-por-el-peaje-en-la-ruta-5-la-concejala-laporta-exige-respuestas\/","og_locale":"es_ES","og_type":"article","og_title":"Protestas por el peaje en la Ruta 5: la concejala Laporta exige respuestas","og_description":"\u25a0 Manifest\u00f3 su sospecha de que la concesionaria est\u00e1 \"entreteniendo\" a los vecinos hasta que se concrete la re-privatizaci\u00f3n. Anticipa una nueva movilizaci\u00f3n que coincidir\u00e1 con la Fiesta del Salame","og_url":"https:\/\/noticiasmercedinas.com\/site\/2024\/08\/28\/protestas-por-el-peaje-en-la-ruta-5-la-concejala-laporta-exige-respuestas\/","og_site_name":"NOTICIASMERCEDINAS.COM","article_publisher":"https:\/\/www.facebook.com\/noticiasmercedinas\/","article_published_time":"2024-08-28T15:27:33+00:00","og_image":[{"width":640,"height":427,"url":"https:\/\/noticiasmercedinas.com\/site\/wp-content\/uploads\/2019\/12\/IMG_1728.jpg","type":"image\/jpeg"}],"author":"NOTICIASMERCEDINAS.COM","twitter_card":"summary_large_image","twitter_creator":"@notmercedinas","twitter_site":"@notmercedinas","twitter_misc":{"Escrito por":"NOTICIASMERCEDINAS.COM","Tiempo de lectura":"2 minutos"},"schema":{"@context":"https:\/\/schema.org","@graph":[{"@type":"Article","@id":"https:\/\/noticiasmercedinas.com\/site\/2024\/08\/28\/protestas-por-el-peaje-en-la-ruta-5-la-concejala-laporta-exige-respuestas\/#article","isPartOf":{"@id":"https:\/\/noticiasmercedinas.com\/site\/2024\/08\/28\/protestas-por-el-peaje-en-la-ruta-5-la-concejala-laporta-exige-respuestas\/"},"author":{"name":"NOTICIASMERCEDINAS.COM","@id":"https:\/\/noticiasmercedinas.com\/site\/#\/schema\/person\/84b59c099c28ff2e8b77d4ceec5d8063"},"headline":"Protestas por el peaje en la Ruta 5: la concejala Laporta exige respuestas","datePublished":"2024-08-28T15:27:33+00:00","mainEntityOfPage":{"@id":"https:\/\/noticiasmercedinas.com\/site\/2024\/08\/28\/protestas-por-el-peaje-en-la-ruta-5-la-concejala-laporta-exige-respuestas\/"},"wordCount":393,"publisher":{"@id":"https:\/\/noticiasmercedinas.com\/site\/#organization"},"image":{"@id":"https:\/\/noticiasmercedinas.com\/site\/2024\/08\/28\/protestas-por-el-peaje-en-la-ruta-5-la-concejala-laporta-exige-respuestas\/#primaryimage"},"thumbnailUrl":"https:\/\/noticiasmercedinas.com\/site\/wp-content\/uploads\/2019\/12\/IMG_1728.jpg","keywords":["aida laporta","peajes","ruta 5","vialidad nacional"],"articleSection":["Politica"],"inLanguage":"es"},{"@type":"WebPage","@id":"https:\/\/noticiasmercedinas.com\/site\/2024\/08\/28\/protestas-por-el-peaje-en-la-ruta-5-la-concejala-laporta-exige-respuestas\/","url":"https:\/\/noticiasmercedinas.com\/site\/2024\/08\/28\/protestas-por-el-peaje-en-la-ruta-5-la-concejala-laporta-exige-respuestas\/","name":"Protestas por el peaje en la Ruta 5: la concejala Laporta exige respuestas","isPartOf":{"@id":"https:\/\/noticiasmercedinas.com\/site\/#website"},"primaryImageOfPage":{"@id":"https:\/\/noticiasmercedinas.com\/site\/2024\/08\/28\/protestas-por-el-peaje-en-la-ruta-5-la-concejala-laporta-exige-respuestas\/#primaryimage"},"image":{"@id":"https:\/\/noticiasmercedinas.com\/site\/2024\/08\/28\/protestas-por-el-peaje-en-la-ruta-5-la-concejala-laporta-exige-respuestas\/#primaryimage"},"thumbnailUrl":"https:\/\/noticiasmercedinas.com\/site\/wp-content\/uploads\/2019\/12\/IMG_1728.jpg","datePublished":"2024-08-28T15:27:33+00:00","breadcrumb":{"@id":"https:\/\/noticiasmercedinas.com\/site\/2024\/08\/28\/protestas-por-el-peaje-en-la-ruta-5-la-concejala-laporta-exige-respuestas\/#breadcrumb"},"inLanguage":"es","potentialAction":[{"@type":"ReadAction","target":["https:\/\/noticiasmercedinas.com\/site\/2024\/08\/28\/protestas-por-el-peaje-en-la-ruta-5-la-concejala-laporta-exige-respuestas\/"]}]},{"@type":"ImageObject","inLanguage":"es","@id":"https:\/\/noticiasmercedinas.com\/site\/2024\/08\/28\/protestas-por-el-peaje-en-la-ruta-5-la-concejala-laporta-exige-respuestas\/#primaryimage","url":"https:\/\/noticiasmercedinas.com\/site\/wp-content\/uploads\/2019\/12\/IMG_1728.jpg","contentUrl":"https:\/\/noticiasmercedinas.com\/site\/wp-content\/uploads\/2019\/12\/IMG_1728.jpg","width":640,"height":427,"caption":"Concejal A\u00edda Laporta. \/\/ Foto NOTICIASMERCEDINAS.COM"},{"@type":"BreadcrumbList","@id":"https:\/\/noticiasmercedinas.com\/site\/2024\/08\/28\/protestas-por-el-peaje-en-la-ruta-5-la-concejala-laporta-exige-respuestas\/#breadcrumb","itemListElement":[{"@type":"ListItem","position":1,"name":"Portada","item":"https:\/\/noticiasmercedinas.com\/site\/"},{"@type":"ListItem","position":2,"name":"Protestas por el peaje en la Ruta 5: la concejala Laporta exige respuestas"}]},{"@type":"WebSite","@id":"https:\/\/noticiasmercedinas.com\/site\/#website","url":"https:\/\/noticiasmercedinas.com\/site\/","name":"NOTICIASMERCEDINAS.COM","description":"Mercedes, Buenos Aires, Argentina","publisher":{"@id":"https:\/\/noticiasmercedinas.com\/site\/#organization"},"potentialAction":[{"@type":"SearchAction","target":{"@type":"EntryPoint","urlTemplate":"https:\/\/noticiasmercedinas.com\/site\/?s={search_term_string}"},"query-input":{"@type":"PropertyValueSpecification","valueRequired":true,"valueName":"search_term_string"}}],"inLanguage":"es"},{"@type":"Organization","@id":"https:\/\/noticiasmercedinas.com\/site\/#organization","name":"NOTICIASMERCEDINAS.COM","url":"https:\/\/noticiasmercedinas.com\/site\/","logo":{"@type":"ImageObject","inLanguage":"es","@id":"https:\/\/noticiasmercedinas.com\/site\/#\/schema\/logo\/image\/","url":"https:\/\/noticiasmercedinas.com\/site\/wp-content\/uploads\/2020\/06\/LOGO-512.jpg","contentUrl":"https:\/\/noticiasmercedinas.com\/site\/wp-content\/uploads\/2020\/06\/LOGO-512.jpg","width":512,"height":512,"caption":"NOTICIASMERCEDINAS.COM"},"image":{"@id":"https:\/\/noticiasmercedinas.com\/site\/#\/schema\/logo\/image\/"},"sameAs":["https:\/\/www.facebook.com\/noticiasmercedinas\/","https:\/\/x.com\/notmercedinas","https:\/\/www.instagram.com\/noticiasmercedinas\/"]},{"@type":"Person","@id":"https:\/\/noticiasmercedinas.com\/site\/#\/schema\/person\/84b59c099c28ff2e8b77d4ceec5d8063","name":"NOTICIASMERCEDINAS.COM","image":{"@type":"ImageObject","inLanguage":"es","@id":"https:\/\/secure.gravatar.com\/avatar\/4dfbf16b4d17945bfb6341b2d19043457132fcf478a5ee04f42e959fd8f5df0a?s=96&d=mm&r=g","url":"https:\/\/secure.gravatar.com\/avatar\/4dfbf16b4d17945bfb6341b2d19043457132fcf478a5ee04f42e959fd8f5df0a?s=96&d=mm&r=g","contentUrl":"https:\/\/secure.gravatar.com\/avatar\/4dfbf16b4d17945bfb6341b2d19043457132fcf478a5ee04f42e959fd8f5df0a?s=96&d=mm&r=g","caption":"NOTICIASMERCEDINAS.COM"},"url":"https:\/\/noticiasmercedinas.com\/site\/author\/anonimo\/"}]}},"amp_enabled":true,"_links":{"self":[{"href":"https:\/\/noticiasmercedinas.com\/site\/wp-json\/wp\/v2\/posts\/142734","targetHints":{"allow":["GET"]}}],"collection":[{"href":"https:\/\/noticiasmercedinas.com\/site\/wp-json\/wp\/v2\/posts"}],"about":[{"href":"https:\/\/noticiasmercedinas.com\/site\/wp-json\/wp\/v2\/types\/post"}],"author":[{"embeddable":true,"href":"https:\/\/noticiasmercedinas.com\/site\/wp-json\/wp\/v2\/users\/16"}],"replies":[{"embeddable":true,"href":"https:\/\/noticiasmercedinas.com\/site\/wp-json\/wp\/v2\/comments?post=142734"}],"version-history":[{"count":1,"href":"https:\/\/noticiasmercedinas.com\/site\/wp-json\/wp\/v2\/posts\/142734\/revisions"}],"predecessor-version":[{"id":142735,"href":"https:\/\/noticiasmercedinas.com\/site\/wp-json\/wp\/v2\/posts\/142734\/revisions\/142735"}],"wp:featuredmedia":[{"embeddable":true,"href":"https:\/\/noticiasmercedinas.com\/site\/wp-json\/wp\/v2\/media\/35257"}],"wp:attachment":[{"href":"https:\/\/noticiasmercedinas.com\/site\/wp-json\/wp\/v2\/media?parent=142734"}],"wp:term":[{"taxonomy":"category","embeddable":true,"href":"https:\/\/noticiasmercedinas.com\/site\/wp-json\/wp\/v2\/categories?post=142734"},{"taxonomy":"post_tag","embeddable":true,"href":"https:\/\/noticiasmercedinas.com\/site\/wp-json\/wp\/v2\/tags?post=142734"}],"curies":[{"name":"wp","href":"https:\/\/api.w.org\/{rel}","templated":true}]}}