{"id":142874,"date":"2024-08-30T16:30:00","date_gmt":"2024-08-30T19:30:00","guid":{"rendered":"https:\/\/noticiasmercedinas.com\/site\/?p=142874"},"modified":"2024-08-30T16:37:25","modified_gmt":"2024-08-30T19:37:25","slug":"su-familia-agradece-el-homenaje-a-juan-carlos-berro-en-la-49a-fiesta-del-salame-quintero","status":"publish","type":"post","link":"https:\/\/noticiasmercedinas.com\/site\/2024\/08\/30\/su-familia-agradece-el-homenaje-a-juan-carlos-berro-en-la-49a-fiesta-del-salame-quintero\/","title":{"rendered":"Su familia agradece el homenaje a Juan Carlos Berro en la 49\u00aa Fiesta del Salame Quintero"},"content":{"rendered":"<p><img loading=\"lazy\" decoding=\"async\" class=\"alignnone size-full wp-image-142875\" src=\"https:\/\/noticiasmercedinas.com\/site\/wp-content\/uploads\/2024\/08\/BERRO-e1725045862786.jpg\" alt=\"\" width=\"1201\" height=\"863\" srcset=\"https:\/\/noticiasmercedinas.com\/site\/wp-content\/uploads\/2024\/08\/BERRO-e1725045862786.jpg 1201w, https:\/\/noticiasmercedinas.com\/site\/wp-content\/uploads\/2024\/08\/BERRO-e1725045862786-300x216.jpg 300w, https:\/\/noticiasmercedinas.com\/site\/wp-content\/uploads\/2024\/08\/BERRO-e1725045862786-1024x736.jpg 1024w, https:\/\/noticiasmercedinas.com\/site\/wp-content\/uploads\/2024\/08\/BERRO-e1725045862786-768x552.jpg 768w, https:\/\/noticiasmercedinas.com\/site\/wp-content\/uploads\/2024\/08\/BERRO-e1725045862786-640x460.jpg 640w, https:\/\/noticiasmercedinas.com\/site\/wp-content\/uploads\/2024\/08\/BERRO-e1725045862786-681x489.jpg 681w\" sizes=\"auto, (max-width: 1201px) 100vw, 1201px\" \/><\/p>\n<p>Esta ma\u00f1ana, en el Museo de Arte, se present\u00f3 la 49\u00aa edici\u00f3n de la Fiesta Nacional del Salame Quintero, que este a\u00f1o llevar\u00e1 el nombre de Juan Carlos Berro, en homenaje al destacado productor y embajador cultural de Mercedes.<\/p>\n<p>El evento se realizar\u00e1 los d\u00edas 6, 7 y 8 de septiembre en el Parque Municipal Independencia, donde los asistentes podr\u00e1n disfrutar de una fiesta tradicional con shows en vivo, los mejores productos locales, un paseo gastron\u00f3mico, artesanos, y mucho m\u00e1s.<\/p>\n<p><img loading=\"lazy\" decoding=\"async\" class=\"alignnone size-full wp-image-142878\" src=\"https:\/\/noticiasmercedinas.com\/site\/wp-content\/uploads\/2024\/08\/SALAME24.jpg\" alt=\"\" width=\"1600\" height=\"1600\" srcset=\"https:\/\/noticiasmercedinas.com\/site\/wp-content\/uploads\/2024\/08\/SALAME24.jpg 1600w, https:\/\/noticiasmercedinas.com\/site\/wp-content\/uploads\/2024\/08\/SALAME24-300x300.jpg 300w, https:\/\/noticiasmercedinas.com\/site\/wp-content\/uploads\/2024\/08\/SALAME24-1024x1024.jpg 1024w, https:\/\/noticiasmercedinas.com\/site\/wp-content\/uploads\/2024\/08\/SALAME24-150x150.jpg 150w, https:\/\/noticiasmercedinas.com\/site\/wp-content\/uploads\/2024\/08\/SALAME24-768x768.jpg 768w, https:\/\/noticiasmercedinas.com\/site\/wp-content\/uploads\/2024\/08\/SALAME24-1536x1536.jpg 1536w, https:\/\/noticiasmercedinas.com\/site\/wp-content\/uploads\/2024\/08\/SALAME24-640x640.jpg 640w, https:\/\/noticiasmercedinas.com\/site\/wp-content\/uploads\/2024\/08\/SALAME24-1280x1280.jpg 1280w, https:\/\/noticiasmercedinas.com\/site\/wp-content\/uploads\/2024\/08\/SALAME24-681x681.jpg 681w, https:\/\/noticiasmercedinas.com\/site\/wp-content\/uploads\/2024\/08\/SALAME24-1362x1362.jpg 1362w\" sizes=\"auto, (max-width: 1600px) 100vw, 1600px\" \/><\/p>\n<p><strong>Amanda Berro<\/strong>, viuda de Juan Carlos, comparti\u00f3 emotivas palabras con este medio, expresando su agradecimiento por el reconocimiento a su esposo y destacando la figura de quien fuera un hombre \u00abbueno, bondadoso y solidario\u00bb.<\/p>\n<p>Record\u00f3 su compromiso con la comunidad y su rol fundamental en el crecimiento de esta fiesta, coincidiendo en que no es normal ponerse la fiesta al hombro, trabajar desinteresadamente por el turismo, por la ciudad, por los productores, m\u00e1s all\u00e1 del negocio propio, subrayando la importancia del legado que dej\u00f3 Juan Carlos.<\/p>\n<p>En sus declaraciones, Amanda destac\u00f3 c\u00f3mo su esposo fue un pilar en la promoci\u00f3n de Mercedes y su gente: \u00ab\u00c9l era muy conocido y querido, no solo en Mercedes, sino tambi\u00e9n fuera de la ciudad. Durante 15 a\u00f1os, fue a programas como <em>Cocineros Argentinos<\/em>, donde promocionaba la fiesta y nuestra ciudad. De alguna manera, \u00e9l sigue estando presente en todo esto\u00bb.<\/p>\n<p><iframe loading=\"lazy\" title=\"Cocineros argentinos - 22-05-11 - (1 de 6)\" width=\"640\" height=\"480\" src=\"https:\/\/www.youtube.com\/embed\/-fCQKQMMu8o?feature=oembed\" frameborder=\"0\" allow=\"accelerometer; autoplay; clipboard-write; encrypted-media; gyroscope; picture-in-picture; web-share\" referrerpolicy=\"strict-origin-when-cross-origin\" allowfullscreen><\/iframe><\/p>\n<p>La familia Berro, que a\u00fan mantiene la producci\u00f3n en su hist\u00f3rica esquina de calles 16 y 19, sigue adelante con el legado de Juan Carlos. Amanda detall\u00f3 que en el negocio trabajan sus hijos Sabrina, Magal\u00ed y Carla Berro, su hijo Nicol\u00e1s Berro, sus yernos Ezequiel Kuhn y Dami\u00e1n Luque, y su nuera. \u00abNosotros seguimos ese legado, somos una familia muy unida y comprometida con mantener la tradici\u00f3n. Juan Carlos amaba su familia, a sus hijos, y esto es un proyecto de vida para todos nosotros\u00bb.<\/p>\n<p><strong>La Fiesta del Salame 2024 tiene sus entradas en venta: <a href=\"https:\/\/mercedes.boleteriadigital.com.ar\/evento-resumen?evento=7\">https:\/\/mercedes.boleteriadigital.com.ar\/evento-resumen?evento=7<\/a><\/strong><\/p>\n<p>Amanda tambi\u00e9n agradeci\u00f3 el apoyo del municipio, destacando la colaboraci\u00f3n que siempre tuvieron con la comunidad y con la organizaci\u00f3n de la fiesta.<\/p>\n<p>En un sentido cierre, Amanda invit\u00f3 a todos los vecinos y visitantes a participar de esta edici\u00f3n especial de la Fiesta Nacional del Salame Quintero, que este a\u00f1o rinde homenaje a un hombre que, aunque no estar\u00e1 presente f\u00edsicamente, seguir\u00e1 siendo parte de cada detalle de esta celebraci\u00f3n que tanto am\u00f3 y promovi\u00f3.<\/p>\n<p><img loading=\"lazy\" decoding=\"async\" class=\"alignnone size-full wp-image-2568\" src=\"https:\/\/noticiasmercedinas.com\/site\/wp-content\/uploads\/2018\/09\/juancarlosberro02.jpg\" alt=\"\" width=\"1280\" height=\"720\" srcset=\"https:\/\/noticiasmercedinas.com\/site\/wp-content\/uploads\/2018\/09\/juancarlosberro02.jpg 1280w, https:\/\/noticiasmercedinas.com\/site\/wp-content\/uploads\/2018\/09\/juancarlosberro02-300x169.jpg 300w, https:\/\/noticiasmercedinas.com\/site\/wp-content\/uploads\/2018\/09\/juancarlosberro02-768x432.jpg 768w, https:\/\/noticiasmercedinas.com\/site\/wp-content\/uploads\/2018\/09\/juancarlosberro02-1024x576.jpg 1024w, https:\/\/noticiasmercedinas.com\/site\/wp-content\/uploads\/2018\/09\/juancarlosberro02-640x360.jpg 640w, https:\/\/noticiasmercedinas.com\/site\/wp-content\/uploads\/2018\/09\/juancarlosberro02-681x383.jpg 681w\" sizes=\"auto, (max-width: 1280px) 100vw, 1280px\" \/><\/p>\n","protected":false},"excerpt":{"rendered":"<p>\u25a0 Su viuda, Amanda, invit\u00f3 a todos los vecinos y visitantes a participar de esta edici\u00f3n especial, que este a\u00f1o rinde homenaje a un hombre que dio todo por la fiesta y por la difusi\u00f3n de la ciudad.<\/p>\n","protected":false},"author":16,"featured_media":142875,"comment_status":"closed","ping_status":"closed","sticky":false,"template":"","format":"standard","meta":{"footnotes":""},"categories":[3],"tags":[31,672,862,5453],"class_list":["post-142874","post","type-post","status-publish","format-standard","has-post-thumbnail","hentry","category-sociedad","tag-fiesta-del-salame","tag-homenaje","tag-juan-carlos-berro","tag-salame-quintero"],"yoast_head":"<!-- This site is optimized with the Yoast SEO plugin v27.4 - https:\/\/yoast.com\/product\/yoast-seo-wordpress\/ -->\n<title>Su familia agradece el homenaje a Juan Carlos Berro en la 49\u00aa Fiesta del Salame Quintero<\/title>\n<meta name=\"robots\" content=\"index, follow, max-snippet:-1, max-image-preview:large, max-video-preview:-1\" \/>\n<link rel=\"canonical\" href=\"https:\/\/noticiasmercedinas.com\/site\/2024\/08\/30\/su-familia-agradece-el-homenaje-a-juan-carlos-berro-en-la-49a-fiesta-del-salame-quintero\/\" \/>\n<meta property=\"og:locale\" content=\"es_ES\" \/>\n<meta property=\"og:type\" content=\"article\" \/>\n<meta property=\"og:title\" content=\"Su familia agradece el homenaje a Juan Carlos Berro en la 49\u00aa Fiesta del Salame Quintero\" \/>\n<meta property=\"og:description\" content=\"\u25a0 Su viuda, Amanda, invit\u00f3 a todos los vecinos y visitantes a participar de esta edici\u00f3n especial, que este a\u00f1o rinde homenaje a un hombre que dio todo por la fiesta y por la difusi\u00f3n de la ciudad.\" \/>\n<meta property=\"og:url\" content=\"https:\/\/noticiasmercedinas.com\/site\/2024\/08\/30\/su-familia-agradece-el-homenaje-a-juan-carlos-berro-en-la-49a-fiesta-del-salame-quintero\/\" \/>\n<meta property=\"og:site_name\" content=\"NOTICIASMERCEDINAS.COM\" \/>\n<meta property=\"article:publisher\" content=\"https:\/\/www.facebook.com\/noticiasmercedinas\/\" \/>\n<meta property=\"article:published_time\" content=\"2024-08-30T19:30:00+00:00\" \/>\n<meta property=\"article:modified_time\" content=\"2024-08-30T19:37:25+00:00\" \/>\n<meta property=\"og:image\" content=\"https:\/\/noticiasmercedinas.com\/site\/wp-content\/uploads\/2024\/08\/BERRO-e1725045862786.jpg\" \/>\n\t<meta property=\"og:image:width\" content=\"1201\" \/>\n\t<meta property=\"og:image:height\" content=\"863\" \/>\n\t<meta property=\"og:image:type\" content=\"image\/jpeg\" \/>\n<meta name=\"author\" content=\"NOTICIASMERCEDINAS.COM\" \/>\n<meta name=\"twitter:card\" content=\"summary_large_image\" \/>\n<meta name=\"twitter:creator\" content=\"@notmercedinas\" \/>\n<meta name=\"twitter:site\" content=\"@notmercedinas\" \/>\n<meta name=\"twitter:label1\" content=\"Escrito por\" \/>\n\t<meta name=\"twitter:data1\" content=\"NOTICIASMERCEDINAS.COM\" \/>\n\t<meta name=\"twitter:label2\" content=\"Tiempo de lectura\" \/>\n\t<meta name=\"twitter:data2\" content=\"2 minutos\" \/>\n<script type=\"application\/ld+json\" class=\"yoast-schema-graph\">{\"@context\":\"https:\\\/\\\/schema.org\",\"@graph\":[{\"@type\":\"Article\",\"@id\":\"https:\\\/\\\/noticiasmercedinas.com\\\/site\\\/2024\\\/08\\\/30\\\/su-familia-agradece-el-homenaje-a-juan-carlos-berro-en-la-49a-fiesta-del-salame-quintero\\\/#article\",\"isPartOf\":{\"@id\":\"https:\\\/\\\/noticiasmercedinas.com\\\/site\\\/2024\\\/08\\\/30\\\/su-familia-agradece-el-homenaje-a-juan-carlos-berro-en-la-49a-fiesta-del-salame-quintero\\\/\"},\"author\":{\"name\":\"NOTICIASMERCEDINAS.COM\",\"@id\":\"https:\\\/\\\/noticiasmercedinas.com\\\/site\\\/#\\\/schema\\\/person\\\/84b59c099c28ff2e8b77d4ceec5d8063\"},\"headline\":\"Su familia agradece el homenaje a Juan Carlos Berro en la 49\u00aa Fiesta del Salame Quintero\",\"datePublished\":\"2024-08-30T19:30:00+00:00\",\"dateModified\":\"2024-08-30T19:37:25+00:00\",\"mainEntityOfPage\":{\"@id\":\"https:\\\/\\\/noticiasmercedinas.com\\\/site\\\/2024\\\/08\\\/30\\\/su-familia-agradece-el-homenaje-a-juan-carlos-berro-en-la-49a-fiesta-del-salame-quintero\\\/\"},\"wordCount\":443,\"publisher\":{\"@id\":\"https:\\\/\\\/noticiasmercedinas.com\\\/site\\\/#organization\"},\"image\":{\"@id\":\"https:\\\/\\\/noticiasmercedinas.com\\\/site\\\/2024\\\/08\\\/30\\\/su-familia-agradece-el-homenaje-a-juan-carlos-berro-en-la-49a-fiesta-del-salame-quintero\\\/#primaryimage\"},\"thumbnailUrl\":\"https:\\\/\\\/noticiasmercedinas.com\\\/site\\\/wp-content\\\/uploads\\\/2024\\\/08\\\/BERRO-e1725045862786.jpg\",\"keywords\":[\"fiesta del salame\",\"homenaje\",\"Juan Carlos Berro\",\"salame quintero\"],\"articleSection\":[\"Sociedad\"],\"inLanguage\":\"es\"},{\"@type\":\"WebPage\",\"@id\":\"https:\\\/\\\/noticiasmercedinas.com\\\/site\\\/2024\\\/08\\\/30\\\/su-familia-agradece-el-homenaje-a-juan-carlos-berro-en-la-49a-fiesta-del-salame-quintero\\\/\",\"url\":\"https:\\\/\\\/noticiasmercedinas.com\\\/site\\\/2024\\\/08\\\/30\\\/su-familia-agradece-el-homenaje-a-juan-carlos-berro-en-la-49a-fiesta-del-salame-quintero\\\/\",\"name\":\"Su familia agradece el homenaje a Juan Carlos Berro en la 49\u00aa Fiesta del Salame Quintero\",\"isPartOf\":{\"@id\":\"https:\\\/\\\/noticiasmercedinas.com\\\/site\\\/#website\"},\"primaryImageOfPage\":{\"@id\":\"https:\\\/\\\/noticiasmercedinas.com\\\/site\\\/2024\\\/08\\\/30\\\/su-familia-agradece-el-homenaje-a-juan-carlos-berro-en-la-49a-fiesta-del-salame-quintero\\\/#primaryimage\"},\"image\":{\"@id\":\"https:\\\/\\\/noticiasmercedinas.com\\\/site\\\/2024\\\/08\\\/30\\\/su-familia-agradece-el-homenaje-a-juan-carlos-berro-en-la-49a-fiesta-del-salame-quintero\\\/#primaryimage\"},\"thumbnailUrl\":\"https:\\\/\\\/noticiasmercedinas.com\\\/site\\\/wp-content\\\/uploads\\\/2024\\\/08\\\/BERRO-e1725045862786.jpg\",\"datePublished\":\"2024-08-30T19:30:00+00:00\",\"dateModified\":\"2024-08-30T19:37:25+00:00\",\"breadcrumb\":{\"@id\":\"https:\\\/\\\/noticiasmercedinas.com\\\/site\\\/2024\\\/08\\\/30\\\/su-familia-agradece-el-homenaje-a-juan-carlos-berro-en-la-49a-fiesta-del-salame-quintero\\\/#breadcrumb\"},\"inLanguage\":\"es\",\"potentialAction\":[{\"@type\":\"ReadAction\",\"target\":[\"https:\\\/\\\/noticiasmercedinas.com\\\/site\\\/2024\\\/08\\\/30\\\/su-familia-agradece-el-homenaje-a-juan-carlos-berro-en-la-49a-fiesta-del-salame-quintero\\\/\"]}]},{\"@type\":\"ImageObject\",\"inLanguage\":\"es\",\"@id\":\"https:\\\/\\\/noticiasmercedinas.com\\\/site\\\/2024\\\/08\\\/30\\\/su-familia-agradece-el-homenaje-a-juan-carlos-berro-en-la-49a-fiesta-del-salame-quintero\\\/#primaryimage\",\"url\":\"https:\\\/\\\/noticiasmercedinas.com\\\/site\\\/wp-content\\\/uploads\\\/2024\\\/08\\\/BERRO-e1725045862786.jpg\",\"contentUrl\":\"https:\\\/\\\/noticiasmercedinas.com\\\/site\\\/wp-content\\\/uploads\\\/2024\\\/08\\\/BERRO-e1725045862786.jpg\",\"width\":1201,\"height\":863},{\"@type\":\"BreadcrumbList\",\"@id\":\"https:\\\/\\\/noticiasmercedinas.com\\\/site\\\/2024\\\/08\\\/30\\\/su-familia-agradece-el-homenaje-a-juan-carlos-berro-en-la-49a-fiesta-del-salame-quintero\\\/#breadcrumb\",\"itemListElement\":[{\"@type\":\"ListItem\",\"position\":1,\"name\":\"Portada\",\"item\":\"https:\\\/\\\/noticiasmercedinas.com\\\/site\\\/\"},{\"@type\":\"ListItem\",\"position\":2,\"name\":\"Su familia agradece el homenaje a Juan Carlos Berro en la 49\u00aa Fiesta del Salame Quintero\"}]},{\"@type\":\"WebSite\",\"@id\":\"https:\\\/\\\/noticiasmercedinas.com\\\/site\\\/#website\",\"url\":\"https:\\\/\\\/noticiasmercedinas.com\\\/site\\\/\",\"name\":\"NOTICIASMERCEDINAS.COM\",\"description\":\"Mercedes, Buenos Aires, Argentina\",\"publisher\":{\"@id\":\"https:\\\/\\\/noticiasmercedinas.com\\\/site\\\/#organization\"},\"potentialAction\":[{\"@type\":\"SearchAction\",\"target\":{\"@type\":\"EntryPoint\",\"urlTemplate\":\"https:\\\/\\\/noticiasmercedinas.com\\\/site\\\/?s={search_term_string}\"},\"query-input\":{\"@type\":\"PropertyValueSpecification\",\"valueRequired\":true,\"valueName\":\"search_term_string\"}}],\"inLanguage\":\"es\"},{\"@type\":\"Organization\",\"@id\":\"https:\\\/\\\/noticiasmercedinas.com\\\/site\\\/#organization\",\"name\":\"NOTICIASMERCEDINAS.COM\",\"url\":\"https:\\\/\\\/noticiasmercedinas.com\\\/site\\\/\",\"logo\":{\"@type\":\"ImageObject\",\"inLanguage\":\"es\",\"@id\":\"https:\\\/\\\/noticiasmercedinas.com\\\/site\\\/#\\\/schema\\\/logo\\\/image\\\/\",\"url\":\"https:\\\/\\\/noticiasmercedinas.com\\\/site\\\/wp-content\\\/uploads\\\/2020\\\/06\\\/LOGO-512.jpg\",\"contentUrl\":\"https:\\\/\\\/noticiasmercedinas.com\\\/site\\\/wp-content\\\/uploads\\\/2020\\\/06\\\/LOGO-512.jpg\",\"width\":512,\"height\":512,\"caption\":\"NOTICIASMERCEDINAS.COM\"},\"image\":{\"@id\":\"https:\\\/\\\/noticiasmercedinas.com\\\/site\\\/#\\\/schema\\\/logo\\\/image\\\/\"},\"sameAs\":[\"https:\\\/\\\/www.facebook.com\\\/noticiasmercedinas\\\/\",\"https:\\\/\\\/x.com\\\/notmercedinas\",\"https:\\\/\\\/www.instagram.com\\\/noticiasmercedinas\\\/\"]},{\"@type\":\"Person\",\"@id\":\"https:\\\/\\\/noticiasmercedinas.com\\\/site\\\/#\\\/schema\\\/person\\\/84b59c099c28ff2e8b77d4ceec5d8063\",\"name\":\"NOTICIASMERCEDINAS.COM\",\"image\":{\"@type\":\"ImageObject\",\"inLanguage\":\"es\",\"@id\":\"https:\\\/\\\/secure.gravatar.com\\\/avatar\\\/4dfbf16b4d17945bfb6341b2d19043457132fcf478a5ee04f42e959fd8f5df0a?s=96&d=mm&r=g\",\"url\":\"https:\\\/\\\/secure.gravatar.com\\\/avatar\\\/4dfbf16b4d17945bfb6341b2d19043457132fcf478a5ee04f42e959fd8f5df0a?s=96&d=mm&r=g\",\"contentUrl\":\"https:\\\/\\\/secure.gravatar.com\\\/avatar\\\/4dfbf16b4d17945bfb6341b2d19043457132fcf478a5ee04f42e959fd8f5df0a?s=96&d=mm&r=g\",\"caption\":\"NOTICIASMERCEDINAS.COM\"},\"url\":\"https:\\\/\\\/noticiasmercedinas.com\\\/site\\\/author\\\/anonimo\\\/\"}]}<\/script>\n<!-- \/ Yoast SEO plugin. -->","yoast_head_json":{"title":"Su familia agradece el homenaje a Juan Carlos Berro en la 49\u00aa Fiesta del Salame Quintero","robots":{"index":"index","follow":"follow","max-snippet":"max-snippet:-1","max-image-preview":"max-image-preview:large","max-video-preview":"max-video-preview:-1"},"canonical":"https:\/\/noticiasmercedinas.com\/site\/2024\/08\/30\/su-familia-agradece-el-homenaje-a-juan-carlos-berro-en-la-49a-fiesta-del-salame-quintero\/","og_locale":"es_ES","og_type":"article","og_title":"Su familia agradece el homenaje a Juan Carlos Berro en la 49\u00aa Fiesta del Salame Quintero","og_description":"\u25a0 Su viuda, Amanda, invit\u00f3 a todos los vecinos y visitantes a participar de esta edici\u00f3n especial, que este a\u00f1o rinde homenaje a un hombre que dio todo por la fiesta y por la difusi\u00f3n de la ciudad.","og_url":"https:\/\/noticiasmercedinas.com\/site\/2024\/08\/30\/su-familia-agradece-el-homenaje-a-juan-carlos-berro-en-la-49a-fiesta-del-salame-quintero\/","og_site_name":"NOTICIASMERCEDINAS.COM","article_publisher":"https:\/\/www.facebook.com\/noticiasmercedinas\/","article_published_time":"2024-08-30T19:30:00+00:00","article_modified_time":"2024-08-30T19:37:25+00:00","og_image":[{"width":1201,"height":863,"url":"https:\/\/noticiasmercedinas.com\/site\/wp-content\/uploads\/2024\/08\/BERRO-e1725045862786.jpg","type":"image\/jpeg"}],"author":"NOTICIASMERCEDINAS.COM","twitter_card":"summary_large_image","twitter_creator":"@notmercedinas","twitter_site":"@notmercedinas","twitter_misc":{"Escrito por":"NOTICIASMERCEDINAS.COM","Tiempo de lectura":"2 minutos"},"schema":{"@context":"https:\/\/schema.org","@graph":[{"@type":"Article","@id":"https:\/\/noticiasmercedinas.com\/site\/2024\/08\/30\/su-familia-agradece-el-homenaje-a-juan-carlos-berro-en-la-49a-fiesta-del-salame-quintero\/#article","isPartOf":{"@id":"https:\/\/noticiasmercedinas.com\/site\/2024\/08\/30\/su-familia-agradece-el-homenaje-a-juan-carlos-berro-en-la-49a-fiesta-del-salame-quintero\/"},"author":{"name":"NOTICIASMERCEDINAS.COM","@id":"https:\/\/noticiasmercedinas.com\/site\/#\/schema\/person\/84b59c099c28ff2e8b77d4ceec5d8063"},"headline":"Su familia agradece el homenaje a Juan Carlos Berro en la 49\u00aa Fiesta del Salame Quintero","datePublished":"2024-08-30T19:30:00+00:00","dateModified":"2024-08-30T19:37:25+00:00","mainEntityOfPage":{"@id":"https:\/\/noticiasmercedinas.com\/site\/2024\/08\/30\/su-familia-agradece-el-homenaje-a-juan-carlos-berro-en-la-49a-fiesta-del-salame-quintero\/"},"wordCount":443,"publisher":{"@id":"https:\/\/noticiasmercedinas.com\/site\/#organization"},"image":{"@id":"https:\/\/noticiasmercedinas.com\/site\/2024\/08\/30\/su-familia-agradece-el-homenaje-a-juan-carlos-berro-en-la-49a-fiesta-del-salame-quintero\/#primaryimage"},"thumbnailUrl":"https:\/\/noticiasmercedinas.com\/site\/wp-content\/uploads\/2024\/08\/BERRO-e1725045862786.jpg","keywords":["fiesta del salame","homenaje","Juan Carlos Berro","salame quintero"],"articleSection":["Sociedad"],"inLanguage":"es"},{"@type":"WebPage","@id":"https:\/\/noticiasmercedinas.com\/site\/2024\/08\/30\/su-familia-agradece-el-homenaje-a-juan-carlos-berro-en-la-49a-fiesta-del-salame-quintero\/","url":"https:\/\/noticiasmercedinas.com\/site\/2024\/08\/30\/su-familia-agradece-el-homenaje-a-juan-carlos-berro-en-la-49a-fiesta-del-salame-quintero\/","name":"Su familia agradece el homenaje a Juan Carlos Berro en la 49\u00aa Fiesta del Salame Quintero","isPartOf":{"@id":"https:\/\/noticiasmercedinas.com\/site\/#website"},"primaryImageOfPage":{"@id":"https:\/\/noticiasmercedinas.com\/site\/2024\/08\/30\/su-familia-agradece-el-homenaje-a-juan-carlos-berro-en-la-49a-fiesta-del-salame-quintero\/#primaryimage"},"image":{"@id":"https:\/\/noticiasmercedinas.com\/site\/2024\/08\/30\/su-familia-agradece-el-homenaje-a-juan-carlos-berro-en-la-49a-fiesta-del-salame-quintero\/#primaryimage"},"thumbnailUrl":"https:\/\/noticiasmercedinas.com\/site\/wp-content\/uploads\/2024\/08\/BERRO-e1725045862786.jpg","datePublished":"2024-08-30T19:30:00+00:00","dateModified":"2024-08-30T19:37:25+00:00","breadcrumb":{"@id":"https:\/\/noticiasmercedinas.com\/site\/2024\/08\/30\/su-familia-agradece-el-homenaje-a-juan-carlos-berro-en-la-49a-fiesta-del-salame-quintero\/#breadcrumb"},"inLanguage":"es","potentialAction":[{"@type":"ReadAction","target":["https:\/\/noticiasmercedinas.com\/site\/2024\/08\/30\/su-familia-agradece-el-homenaje-a-juan-carlos-berro-en-la-49a-fiesta-del-salame-quintero\/"]}]},{"@type":"ImageObject","inLanguage":"es","@id":"https:\/\/noticiasmercedinas.com\/site\/2024\/08\/30\/su-familia-agradece-el-homenaje-a-juan-carlos-berro-en-la-49a-fiesta-del-salame-quintero\/#primaryimage","url":"https:\/\/noticiasmercedinas.com\/site\/wp-content\/uploads\/2024\/08\/BERRO-e1725045862786.jpg","contentUrl":"https:\/\/noticiasmercedinas.com\/site\/wp-content\/uploads\/2024\/08\/BERRO-e1725045862786.jpg","width":1201,"height":863},{"@type":"BreadcrumbList","@id":"https:\/\/noticiasmercedinas.com\/site\/2024\/08\/30\/su-familia-agradece-el-homenaje-a-juan-carlos-berro-en-la-49a-fiesta-del-salame-quintero\/#breadcrumb","itemListElement":[{"@type":"ListItem","position":1,"name":"Portada","item":"https:\/\/noticiasmercedinas.com\/site\/"},{"@type":"ListItem","position":2,"name":"Su familia agradece el homenaje a Juan Carlos Berro en la 49\u00aa Fiesta del Salame Quintero"}]},{"@type":"WebSite","@id":"https:\/\/noticiasmercedinas.com\/site\/#website","url":"https:\/\/noticiasmercedinas.com\/site\/","name":"NOTICIASMERCEDINAS.COM","description":"Mercedes, Buenos Aires, Argentina","publisher":{"@id":"https:\/\/noticiasmercedinas.com\/site\/#organization"},"potentialAction":[{"@type":"SearchAction","target":{"@type":"EntryPoint","urlTemplate":"https:\/\/noticiasmercedinas.com\/site\/?s={search_term_string}"},"query-input":{"@type":"PropertyValueSpecification","valueRequired":true,"valueName":"search_term_string"}}],"inLanguage":"es"},{"@type":"Organization","@id":"https:\/\/noticiasmercedinas.com\/site\/#organization","name":"NOTICIASMERCEDINAS.COM","url":"https:\/\/noticiasmercedinas.com\/site\/","logo":{"@type":"ImageObject","inLanguage":"es","@id":"https:\/\/noticiasmercedinas.com\/site\/#\/schema\/logo\/image\/","url":"https:\/\/noticiasmercedinas.com\/site\/wp-content\/uploads\/2020\/06\/LOGO-512.jpg","contentUrl":"https:\/\/noticiasmercedinas.com\/site\/wp-content\/uploads\/2020\/06\/LOGO-512.jpg","width":512,"height":512,"caption":"NOTICIASMERCEDINAS.COM"},"image":{"@id":"https:\/\/noticiasmercedinas.com\/site\/#\/schema\/logo\/image\/"},"sameAs":["https:\/\/www.facebook.com\/noticiasmercedinas\/","https:\/\/x.com\/notmercedinas","https:\/\/www.instagram.com\/noticiasmercedinas\/"]},{"@type":"Person","@id":"https:\/\/noticiasmercedinas.com\/site\/#\/schema\/person\/84b59c099c28ff2e8b77d4ceec5d8063","name":"NOTICIASMERCEDINAS.COM","image":{"@type":"ImageObject","inLanguage":"es","@id":"https:\/\/secure.gravatar.com\/avatar\/4dfbf16b4d17945bfb6341b2d19043457132fcf478a5ee04f42e959fd8f5df0a?s=96&d=mm&r=g","url":"https:\/\/secure.gravatar.com\/avatar\/4dfbf16b4d17945bfb6341b2d19043457132fcf478a5ee04f42e959fd8f5df0a?s=96&d=mm&r=g","contentUrl":"https:\/\/secure.gravatar.com\/avatar\/4dfbf16b4d17945bfb6341b2d19043457132fcf478a5ee04f42e959fd8f5df0a?s=96&d=mm&r=g","caption":"NOTICIASMERCEDINAS.COM"},"url":"https:\/\/noticiasmercedinas.com\/site\/author\/anonimo\/"}]}},"amp_enabled":true,"_links":{"self":[{"href":"https:\/\/noticiasmercedinas.com\/site\/wp-json\/wp\/v2\/posts\/142874","targetHints":{"allow":["GET"]}}],"collection":[{"href":"https:\/\/noticiasmercedinas.com\/site\/wp-json\/wp\/v2\/posts"}],"about":[{"href":"https:\/\/noticiasmercedinas.com\/site\/wp-json\/wp\/v2\/types\/post"}],"author":[{"embeddable":true,"href":"https:\/\/noticiasmercedinas.com\/site\/wp-json\/wp\/v2\/users\/16"}],"replies":[{"embeddable":true,"href":"https:\/\/noticiasmercedinas.com\/site\/wp-json\/wp\/v2\/comments?post=142874"}],"version-history":[{"count":4,"href":"https:\/\/noticiasmercedinas.com\/site\/wp-json\/wp\/v2\/posts\/142874\/revisions"}],"predecessor-version":[{"id":142880,"href":"https:\/\/noticiasmercedinas.com\/site\/wp-json\/wp\/v2\/posts\/142874\/revisions\/142880"}],"wp:featuredmedia":[{"embeddable":true,"href":"https:\/\/noticiasmercedinas.com\/site\/wp-json\/wp\/v2\/media\/142875"}],"wp:attachment":[{"href":"https:\/\/noticiasmercedinas.com\/site\/wp-json\/wp\/v2\/media?parent=142874"}],"wp:term":[{"taxonomy":"category","embeddable":true,"href":"https:\/\/noticiasmercedinas.com\/site\/wp-json\/wp\/v2\/categories?post=142874"},{"taxonomy":"post_tag","embeddable":true,"href":"https:\/\/noticiasmercedinas.com\/site\/wp-json\/wp\/v2\/tags?post=142874"}],"curies":[{"name":"wp","href":"https:\/\/api.w.org\/{rel}","templated":true}]}}