{"id":14291,"date":"2019-03-17T19:57:58","date_gmt":"2019-03-17T22:57:58","guid":{"rendered":"https:\/\/noticiasmercedinas.com\/site\/?p=14291"},"modified":"2019-03-17T19:57:58","modified_gmt":"2019-03-17T22:57:58","slug":"amalia-guaragna-y-virginia-altube-haran-boleros-a-duo","status":"publish","type":"post","link":"https:\/\/noticiasmercedinas.com\/site\/2019\/03\/17\/amalia-guaragna-y-virginia-altube-haran-boleros-a-duo\/","title":{"rendered":"Amalia Guaragna y Virginia Altube har\u00e1n boleros a d\u00fao"},"content":{"rendered":"<p><img decoding=\"async\" src=\"https:\/\/noticiasmercedinas.com\/site\/wp-content\/uploads\/2019\/03\/3b1b7e61-921d-4322-97a5-d97182a76910.jpg\" alt=\"\" \/>Se viene un nuevo espect\u00e1culo de boleros en el Teatro Argentino encabezado por las cantantes <strong>Virginia Altube <\/strong>y <strong>Amalia Guaragna<\/strong>.<\/p>\n<p>Se trata de un nuevo recital que har\u00e1n juntas, ser\u00e1 este s\u00e1bado 30 de marzo a las 20.30 horas. Es la sexta vez que presentar\u00e1n este show renovado. \u201cNos volvimos a juntar y decidimos presentarnos p\u00fablicamente, en esta ocasi\u00f3n en el teatro y con los mismos m\u00fasicos: Dami\u00e1n Tessore, Ezequiel Iglesias, Juan L\u00f3pez Courtade y Javier Piatti\u201d, explic\u00f3 Altube.<\/p>\n<p>\u201cLo hacemos a pedido del p\u00fablico. La gente nos lo pidi\u00f3 y entendemos que hay un deseo por parte del p\u00fablico que gusta de este g\u00e9nero y que en Mercedes no tienen un espect\u00e1culo completo como este\u201d, agreg\u00f3 Virginia Altube, quien cree que convoca el g\u00e9nero y los m\u00fasicos que las acompa\u00f1an con su talento.<\/p>\n<p>Las entradas se ponen en venta en boleter\u00eda del teatro desde este lunes a 200 pesos. Y el repertorio recorre autores de distintas \u00e9pocas, algunos de principios de 1900, y otros m\u00e1s contempor\u00e1neos. El g\u00e9nero rom\u00e1ntico es aggiornado por la impronta de m\u00fasicos j\u00f3venes que provienen de otras y m\u00fasicas le dan otro matiz sin perder la identidad.<\/p>\n<p>\u201cYa estamos ensayando y nos preparamos con much\u00edsimas ganas. A mi me encanta compartir con Amalia Guaragna\u201d, coment\u00f3 Altube e indic\u00f3 que de momento no tienen expectativas de plasmar lo que hacen en un disco. Cada una tiene una propuesta por su lado y esto es un gusto que se dan ambas.<\/p>\n<p>En tanto, consultada Amalia Guaragna, esta indic\u00f3: \u201cMis expectativas para esta presentaci\u00f3n son muchas. Es algo que hacemos con placer, podemos llegar al p\u00fablico con este espect\u00e1culo desde otro g\u00e9nero al que hago, y la gente lo recibe y reconoce. Es un g\u00e9nero mas popular y me gusta desde siempre\u201d<\/p>\n<p>Guaragna se mostr\u00f3 feliz de poder trabajar en d\u00fao con Virginia. \u201cSomos en cuanto a lo vocal y musical distintas. Ambas venimos de ramas diferentes, ella desde la m\u00fasica argentina o latinoamericana popular y yo desde la l\u00edrica, la canci\u00f3n de c\u00e1mara. Pero creo que es una linda combinaci\u00f3n y para que la disfrute el p\u00fablico como la disfrutamos nosotras, que nos llevamos muy bien en el escenario y abajo, ya que hay una linda amistad que nos une\u201d, dijo Guaragna.<\/p>\n<p>En este contexto destac\u00f3 a los excelentes m\u00fasicos que las acompa\u00f1an. \u201cTrabajamos muy c\u00f3modamente, los chicos m\u00e1s j\u00f3venes se adaptaron mucho a nuestros gustos y le han dado otra impronta que nosotros hemos aceptado con mucho agrado\u201d, agreg\u00f3 Amalia Guaragna, remarcando las modificaciones r\u00edtmicas y arm\u00f3nicas planteadas por los integrantes del grupo que las secunda.<\/p>\n","protected":false},"excerpt":{"rendered":"<p>Se viene un nuevo espect\u00e1culo de boleros en el Teatro Argentino encabezado por las cantantes Virginia Altube y Amalia Guaragna. Se trata de un nuevo recital que har\u00e1n juntas, ser\u00e1 este s\u00e1bado 30 de marzo a las 20.30 horas. Es la sexta vez que presentar\u00e1n este show renovado. \u201cNos volvimos a juntar y decidimos presentarnos [&hellip;]<\/p>\n","protected":false},"author":2,"featured_media":14292,"comment_status":"open","ping_status":"open","sticky":false,"template":"","format":"standard","meta":{"footnotes":""},"categories":[4],"tags":[2427,2429,714,3807,3929,2756,88,163,164],"class_list":["post-14291","post","type-post","status-publish","format-standard","has-post-thumbnail","hentry","category-cultura","tag-amalia-guaragna","tag-boleros","tag-damian-tessore","tag-ezequiel-iglesias","tag-javier-piatti","tag-juan-lopez-courtade","tag-musica","tag-teatro-argentino","tag-virginia-altube"],"yoast_head":"<!-- This site is optimized with the Yoast SEO plugin v27.4 - https:\/\/yoast.com\/product\/yoast-seo-wordpress\/ -->\n<title>Amalia Guaragna y Virginia Altube har\u00e1n boleros a d\u00fao<\/title>\n<meta name=\"robots\" content=\"index, follow, max-snippet:-1, max-image-preview:large, max-video-preview:-1\" \/>\n<link rel=\"canonical\" href=\"https:\/\/noticiasmercedinas.com\/site\/2019\/03\/17\/amalia-guaragna-y-virginia-altube-haran-boleros-a-duo\/\" \/>\n<meta property=\"og:locale\" content=\"es_ES\" \/>\n<meta property=\"og:type\" content=\"article\" \/>\n<meta property=\"og:title\" content=\"Amalia Guaragna y Virginia Altube har\u00e1n boleros a d\u00fao\" \/>\n<meta property=\"og:description\" content=\"Se viene un nuevo espect\u00e1culo de boleros en el Teatro Argentino encabezado por las cantantes Virginia Altube y Amalia Guaragna. Se trata de un nuevo recital que har\u00e1n juntas, ser\u00e1 este s\u00e1bado 30 de marzo a las 20.30 horas. Es la sexta vez que presentar\u00e1n este show renovado. \u201cNos volvimos a juntar y decidimos presentarnos [&hellip;]\" \/>\n<meta property=\"og:url\" content=\"https:\/\/noticiasmercedinas.com\/site\/2019\/03\/17\/amalia-guaragna-y-virginia-altube-haran-boleros-a-duo\/\" \/>\n<meta property=\"og:site_name\" content=\"NOTICIASMERCEDINAS.COM\" \/>\n<meta property=\"article:publisher\" content=\"https:\/\/www.facebook.com\/noticiasmercedinas\/\" \/>\n<meta property=\"article:author\" content=\"https:\/\/www.facebook.com\/cristian.falabella\" \/>\n<meta property=\"article:published_time\" content=\"2019-03-17T22:57:58+00:00\" \/>\n<meta property=\"og:image\" content=\"https:\/\/noticiasmercedinas.com\/site\/wp-content\/uploads\/2019\/03\/3b1b7e61-921d-4322-97a5-d97182a76910.jpg\" \/>\n\t<meta property=\"og:image:width\" content=\"843\" \/>\n\t<meta property=\"og:image:height\" content=\"960\" \/>\n\t<meta property=\"og:image:type\" content=\"image\/jpeg\" \/>\n<meta name=\"author\" content=\"Cristian Falabella NOTICIASMERCEDINAS.COM\" \/>\n<meta name=\"twitter:card\" content=\"summary_large_image\" \/>\n<meta name=\"twitter:creator\" content=\"@https:\/\/twitter.com\/NOTMERCEDINAS\" \/>\n<meta name=\"twitter:site\" content=\"@notmercedinas\" \/>\n<meta name=\"twitter:label1\" content=\"Escrito por\" \/>\n\t<meta name=\"twitter:data1\" content=\"Cristian Falabella NOTICIASMERCEDINAS.COM\" \/>\n\t<meta name=\"twitter:label2\" content=\"Tiempo de lectura\" \/>\n\t<meta name=\"twitter:data2\" content=\"2 minutos\" \/>\n<script type=\"application\/ld+json\" class=\"yoast-schema-graph\">{\"@context\":\"https:\\\/\\\/schema.org\",\"@graph\":[{\"@type\":\"Article\",\"@id\":\"https:\\\/\\\/noticiasmercedinas.com\\\/site\\\/2019\\\/03\\\/17\\\/amalia-guaragna-y-virginia-altube-haran-boleros-a-duo\\\/#article\",\"isPartOf\":{\"@id\":\"https:\\\/\\\/noticiasmercedinas.com\\\/site\\\/2019\\\/03\\\/17\\\/amalia-guaragna-y-virginia-altube-haran-boleros-a-duo\\\/\"},\"author\":{\"name\":\"Cristian Falabella NOTICIASMERCEDINAS.COM\",\"@id\":\"https:\\\/\\\/noticiasmercedinas.com\\\/site\\\/#\\\/schema\\\/person\\\/d481a9696a5feaec13a60e2bbd991a6a\"},\"headline\":\"Amalia Guaragna y Virginia Altube har\u00e1n boleros a d\u00fao\",\"datePublished\":\"2019-03-17T22:57:58+00:00\",\"mainEntityOfPage\":{\"@id\":\"https:\\\/\\\/noticiasmercedinas.com\\\/site\\\/2019\\\/03\\\/17\\\/amalia-guaragna-y-virginia-altube-haran-boleros-a-duo\\\/\"},\"wordCount\":481,\"commentCount\":0,\"publisher\":{\"@id\":\"https:\\\/\\\/noticiasmercedinas.com\\\/site\\\/#organization\"},\"image\":{\"@id\":\"https:\\\/\\\/noticiasmercedinas.com\\\/site\\\/2019\\\/03\\\/17\\\/amalia-guaragna-y-virginia-altube-haran-boleros-a-duo\\\/#primaryimage\"},\"thumbnailUrl\":\"https:\\\/\\\/noticiasmercedinas.com\\\/site\\\/wp-content\\\/uploads\\\/2019\\\/03\\\/3b1b7e61-921d-4322-97a5-d97182a76910.jpg\",\"keywords\":[\"Amalia Guaragna\",\"boleros\",\"damian tessore\",\"ezequiel iglesias\",\"Javier Piatti\",\"Juan Lopez Courtade\",\"musica\",\"teatro argentino\",\"virginia altube\"],\"articleSection\":[\"Cultura\"],\"inLanguage\":\"es\",\"potentialAction\":[{\"@type\":\"CommentAction\",\"name\":\"Comment\",\"target\":[\"https:\\\/\\\/noticiasmercedinas.com\\\/site\\\/2019\\\/03\\\/17\\\/amalia-guaragna-y-virginia-altube-haran-boleros-a-duo\\\/#respond\"]}]},{\"@type\":\"WebPage\",\"@id\":\"https:\\\/\\\/noticiasmercedinas.com\\\/site\\\/2019\\\/03\\\/17\\\/amalia-guaragna-y-virginia-altube-haran-boleros-a-duo\\\/\",\"url\":\"https:\\\/\\\/noticiasmercedinas.com\\\/site\\\/2019\\\/03\\\/17\\\/amalia-guaragna-y-virginia-altube-haran-boleros-a-duo\\\/\",\"name\":\"Amalia Guaragna y Virginia Altube har\u00e1n boleros a d\u00fao\",\"isPartOf\":{\"@id\":\"https:\\\/\\\/noticiasmercedinas.com\\\/site\\\/#website\"},\"primaryImageOfPage\":{\"@id\":\"https:\\\/\\\/noticiasmercedinas.com\\\/site\\\/2019\\\/03\\\/17\\\/amalia-guaragna-y-virginia-altube-haran-boleros-a-duo\\\/#primaryimage\"},\"image\":{\"@id\":\"https:\\\/\\\/noticiasmercedinas.com\\\/site\\\/2019\\\/03\\\/17\\\/amalia-guaragna-y-virginia-altube-haran-boleros-a-duo\\\/#primaryimage\"},\"thumbnailUrl\":\"https:\\\/\\\/noticiasmercedinas.com\\\/site\\\/wp-content\\\/uploads\\\/2019\\\/03\\\/3b1b7e61-921d-4322-97a5-d97182a76910.jpg\",\"datePublished\":\"2019-03-17T22:57:58+00:00\",\"breadcrumb\":{\"@id\":\"https:\\\/\\\/noticiasmercedinas.com\\\/site\\\/2019\\\/03\\\/17\\\/amalia-guaragna-y-virginia-altube-haran-boleros-a-duo\\\/#breadcrumb\"},\"inLanguage\":\"es\",\"potentialAction\":[{\"@type\":\"ReadAction\",\"target\":[\"https:\\\/\\\/noticiasmercedinas.com\\\/site\\\/2019\\\/03\\\/17\\\/amalia-guaragna-y-virginia-altube-haran-boleros-a-duo\\\/\"]}]},{\"@type\":\"ImageObject\",\"inLanguage\":\"es\",\"@id\":\"https:\\\/\\\/noticiasmercedinas.com\\\/site\\\/2019\\\/03\\\/17\\\/amalia-guaragna-y-virginia-altube-haran-boleros-a-duo\\\/#primaryimage\",\"url\":\"https:\\\/\\\/noticiasmercedinas.com\\\/site\\\/wp-content\\\/uploads\\\/2019\\\/03\\\/3b1b7e61-921d-4322-97a5-d97182a76910.jpg\",\"contentUrl\":\"https:\\\/\\\/noticiasmercedinas.com\\\/site\\\/wp-content\\\/uploads\\\/2019\\\/03\\\/3b1b7e61-921d-4322-97a5-d97182a76910.jpg\",\"width\":843,\"height\":960},{\"@type\":\"BreadcrumbList\",\"@id\":\"https:\\\/\\\/noticiasmercedinas.com\\\/site\\\/2019\\\/03\\\/17\\\/amalia-guaragna-y-virginia-altube-haran-boleros-a-duo\\\/#breadcrumb\",\"itemListElement\":[{\"@type\":\"ListItem\",\"position\":1,\"name\":\"Portada\",\"item\":\"https:\\\/\\\/noticiasmercedinas.com\\\/site\\\/\"},{\"@type\":\"ListItem\",\"position\":2,\"name\":\"Amalia Guaragna y Virginia Altube har\u00e1n boleros a d\u00fao\"}]},{\"@type\":\"WebSite\",\"@id\":\"https:\\\/\\\/noticiasmercedinas.com\\\/site\\\/#website\",\"url\":\"https:\\\/\\\/noticiasmercedinas.com\\\/site\\\/\",\"name\":\"NOTICIASMERCEDINAS.COM\",\"description\":\"Mercedes, Buenos Aires, Argentina\",\"publisher\":{\"@id\":\"https:\\\/\\\/noticiasmercedinas.com\\\/site\\\/#organization\"},\"potentialAction\":[{\"@type\":\"SearchAction\",\"target\":{\"@type\":\"EntryPoint\",\"urlTemplate\":\"https:\\\/\\\/noticiasmercedinas.com\\\/site\\\/?s={search_term_string}\"},\"query-input\":{\"@type\":\"PropertyValueSpecification\",\"valueRequired\":true,\"valueName\":\"search_term_string\"}}],\"inLanguage\":\"es\"},{\"@type\":\"Organization\",\"@id\":\"https:\\\/\\\/noticiasmercedinas.com\\\/site\\\/#organization\",\"name\":\"NOTICIASMERCEDINAS.COM\",\"url\":\"https:\\\/\\\/noticiasmercedinas.com\\\/site\\\/\",\"logo\":{\"@type\":\"ImageObject\",\"inLanguage\":\"es\",\"@id\":\"https:\\\/\\\/noticiasmercedinas.com\\\/site\\\/#\\\/schema\\\/logo\\\/image\\\/\",\"url\":\"https:\\\/\\\/noticiasmercedinas.com\\\/site\\\/wp-content\\\/uploads\\\/2020\\\/06\\\/LOGO-512.jpg\",\"contentUrl\":\"https:\\\/\\\/noticiasmercedinas.com\\\/site\\\/wp-content\\\/uploads\\\/2020\\\/06\\\/LOGO-512.jpg\",\"width\":512,\"height\":512,\"caption\":\"NOTICIASMERCEDINAS.COM\"},\"image\":{\"@id\":\"https:\\\/\\\/noticiasmercedinas.com\\\/site\\\/#\\\/schema\\\/logo\\\/image\\\/\"},\"sameAs\":[\"https:\\\/\\\/www.facebook.com\\\/noticiasmercedinas\\\/\",\"https:\\\/\\\/x.com\\\/notmercedinas\",\"https:\\\/\\\/www.instagram.com\\\/noticiasmercedinas\\\/\"]},{\"@type\":\"Person\",\"@id\":\"https:\\\/\\\/noticiasmercedinas.com\\\/site\\\/#\\\/schema\\\/person\\\/d481a9696a5feaec13a60e2bbd991a6a\",\"name\":\"Cristian Falabella NOTICIASMERCEDINAS.COM\",\"image\":{\"@type\":\"ImageObject\",\"inLanguage\":\"es\",\"@id\":\"https:\\\/\\\/secure.gravatar.com\\\/avatar\\\/0dbbfc45970cc46bcd0e57766228574ff3511d6eed045b182f536f0f478c1f06?s=96&d=mm&r=g\",\"url\":\"https:\\\/\\\/secure.gravatar.com\\\/avatar\\\/0dbbfc45970cc46bcd0e57766228574ff3511d6eed045b182f536f0f478c1f06?s=96&d=mm&r=g\",\"contentUrl\":\"https:\\\/\\\/secure.gravatar.com\\\/avatar\\\/0dbbfc45970cc46bcd0e57766228574ff3511d6eed045b182f536f0f478c1f06?s=96&d=mm&r=g\",\"caption\":\"Cristian Falabella NOTICIASMERCEDINAS.COM\"},\"description\":\"Periodista, editor de Noticias Mercedinas. Pas\u00f3 por varias redacciones y emprendimientos de prensa, en distintos formatos y \u00e9pocas. Se especializ\u00f3 --y sigue haci\u00e9ndolo-- en comunicaci\u00f3n en la web y en junio de 2006 fund\u00f3 este diario digital.\",\"sameAs\":[\"https:\\\/\\\/noticiasmercedinas.com\",\"https:\\\/\\\/www.facebook.com\\\/cristian.falabella\",\"https:\\\/\\\/www.instagram.com\\\/noticiasmercedinas\\\/\",\"https:\\\/\\\/x.com\\\/https:\\\/\\\/twitter.com\\\/NOTMERCEDINAS\"],\"url\":\"https:\\\/\\\/noticiasmercedinas.com\\\/site\\\/author\\\/as000384\\\/\"}]}<\/script>\n<!-- \/ Yoast SEO plugin. -->","yoast_head_json":{"title":"Amalia Guaragna y Virginia Altube har\u00e1n boleros a d\u00fao","robots":{"index":"index","follow":"follow","max-snippet":"max-snippet:-1","max-image-preview":"max-image-preview:large","max-video-preview":"max-video-preview:-1"},"canonical":"https:\/\/noticiasmercedinas.com\/site\/2019\/03\/17\/amalia-guaragna-y-virginia-altube-haran-boleros-a-duo\/","og_locale":"es_ES","og_type":"article","og_title":"Amalia Guaragna y Virginia Altube har\u00e1n boleros a d\u00fao","og_description":"Se viene un nuevo espect\u00e1culo de boleros en el Teatro Argentino encabezado por las cantantes Virginia Altube y Amalia Guaragna. Se trata de un nuevo recital que har\u00e1n juntas, ser\u00e1 este s\u00e1bado 30 de marzo a las 20.30 horas. Es la sexta vez que presentar\u00e1n este show renovado. \u201cNos volvimos a juntar y decidimos presentarnos [&hellip;]","og_url":"https:\/\/noticiasmercedinas.com\/site\/2019\/03\/17\/amalia-guaragna-y-virginia-altube-haran-boleros-a-duo\/","og_site_name":"NOTICIASMERCEDINAS.COM","article_publisher":"https:\/\/www.facebook.com\/noticiasmercedinas\/","article_author":"https:\/\/www.facebook.com\/cristian.falabella","article_published_time":"2019-03-17T22:57:58+00:00","og_image":[{"width":843,"height":960,"url":"https:\/\/noticiasmercedinas.com\/site\/wp-content\/uploads\/2019\/03\/3b1b7e61-921d-4322-97a5-d97182a76910.jpg","type":"image\/jpeg"}],"author":"Cristian Falabella NOTICIASMERCEDINAS.COM","twitter_card":"summary_large_image","twitter_creator":"@https:\/\/twitter.com\/NOTMERCEDINAS","twitter_site":"@notmercedinas","twitter_misc":{"Escrito por":"Cristian Falabella NOTICIASMERCEDINAS.COM","Tiempo de lectura":"2 minutos"},"schema":{"@context":"https:\/\/schema.org","@graph":[{"@type":"Article","@id":"https:\/\/noticiasmercedinas.com\/site\/2019\/03\/17\/amalia-guaragna-y-virginia-altube-haran-boleros-a-duo\/#article","isPartOf":{"@id":"https:\/\/noticiasmercedinas.com\/site\/2019\/03\/17\/amalia-guaragna-y-virginia-altube-haran-boleros-a-duo\/"},"author":{"name":"Cristian Falabella NOTICIASMERCEDINAS.COM","@id":"https:\/\/noticiasmercedinas.com\/site\/#\/schema\/person\/d481a9696a5feaec13a60e2bbd991a6a"},"headline":"Amalia Guaragna y Virginia Altube har\u00e1n boleros a d\u00fao","datePublished":"2019-03-17T22:57:58+00:00","mainEntityOfPage":{"@id":"https:\/\/noticiasmercedinas.com\/site\/2019\/03\/17\/amalia-guaragna-y-virginia-altube-haran-boleros-a-duo\/"},"wordCount":481,"commentCount":0,"publisher":{"@id":"https:\/\/noticiasmercedinas.com\/site\/#organization"},"image":{"@id":"https:\/\/noticiasmercedinas.com\/site\/2019\/03\/17\/amalia-guaragna-y-virginia-altube-haran-boleros-a-duo\/#primaryimage"},"thumbnailUrl":"https:\/\/noticiasmercedinas.com\/site\/wp-content\/uploads\/2019\/03\/3b1b7e61-921d-4322-97a5-d97182a76910.jpg","keywords":["Amalia Guaragna","boleros","damian tessore","ezequiel iglesias","Javier Piatti","Juan Lopez Courtade","musica","teatro argentino","virginia altube"],"articleSection":["Cultura"],"inLanguage":"es","potentialAction":[{"@type":"CommentAction","name":"Comment","target":["https:\/\/noticiasmercedinas.com\/site\/2019\/03\/17\/amalia-guaragna-y-virginia-altube-haran-boleros-a-duo\/#respond"]}]},{"@type":"WebPage","@id":"https:\/\/noticiasmercedinas.com\/site\/2019\/03\/17\/amalia-guaragna-y-virginia-altube-haran-boleros-a-duo\/","url":"https:\/\/noticiasmercedinas.com\/site\/2019\/03\/17\/amalia-guaragna-y-virginia-altube-haran-boleros-a-duo\/","name":"Amalia Guaragna y Virginia Altube har\u00e1n boleros a d\u00fao","isPartOf":{"@id":"https:\/\/noticiasmercedinas.com\/site\/#website"},"primaryImageOfPage":{"@id":"https:\/\/noticiasmercedinas.com\/site\/2019\/03\/17\/amalia-guaragna-y-virginia-altube-haran-boleros-a-duo\/#primaryimage"},"image":{"@id":"https:\/\/noticiasmercedinas.com\/site\/2019\/03\/17\/amalia-guaragna-y-virginia-altube-haran-boleros-a-duo\/#primaryimage"},"thumbnailUrl":"https:\/\/noticiasmercedinas.com\/site\/wp-content\/uploads\/2019\/03\/3b1b7e61-921d-4322-97a5-d97182a76910.jpg","datePublished":"2019-03-17T22:57:58+00:00","breadcrumb":{"@id":"https:\/\/noticiasmercedinas.com\/site\/2019\/03\/17\/amalia-guaragna-y-virginia-altube-haran-boleros-a-duo\/#breadcrumb"},"inLanguage":"es","potentialAction":[{"@type":"ReadAction","target":["https:\/\/noticiasmercedinas.com\/site\/2019\/03\/17\/amalia-guaragna-y-virginia-altube-haran-boleros-a-duo\/"]}]},{"@type":"ImageObject","inLanguage":"es","@id":"https:\/\/noticiasmercedinas.com\/site\/2019\/03\/17\/amalia-guaragna-y-virginia-altube-haran-boleros-a-duo\/#primaryimage","url":"https:\/\/noticiasmercedinas.com\/site\/wp-content\/uploads\/2019\/03\/3b1b7e61-921d-4322-97a5-d97182a76910.jpg","contentUrl":"https:\/\/noticiasmercedinas.com\/site\/wp-content\/uploads\/2019\/03\/3b1b7e61-921d-4322-97a5-d97182a76910.jpg","width":843,"height":960},{"@type":"BreadcrumbList","@id":"https:\/\/noticiasmercedinas.com\/site\/2019\/03\/17\/amalia-guaragna-y-virginia-altube-haran-boleros-a-duo\/#breadcrumb","itemListElement":[{"@type":"ListItem","position":1,"name":"Portada","item":"https:\/\/noticiasmercedinas.com\/site\/"},{"@type":"ListItem","position":2,"name":"Amalia Guaragna y Virginia Altube har\u00e1n boleros a d\u00fao"}]},{"@type":"WebSite","@id":"https:\/\/noticiasmercedinas.com\/site\/#website","url":"https:\/\/noticiasmercedinas.com\/site\/","name":"NOTICIASMERCEDINAS.COM","description":"Mercedes, Buenos Aires, Argentina","publisher":{"@id":"https:\/\/noticiasmercedinas.com\/site\/#organization"},"potentialAction":[{"@type":"SearchAction","target":{"@type":"EntryPoint","urlTemplate":"https:\/\/noticiasmercedinas.com\/site\/?s={search_term_string}"},"query-input":{"@type":"PropertyValueSpecification","valueRequired":true,"valueName":"search_term_string"}}],"inLanguage":"es"},{"@type":"Organization","@id":"https:\/\/noticiasmercedinas.com\/site\/#organization","name":"NOTICIASMERCEDINAS.COM","url":"https:\/\/noticiasmercedinas.com\/site\/","logo":{"@type":"ImageObject","inLanguage":"es","@id":"https:\/\/noticiasmercedinas.com\/site\/#\/schema\/logo\/image\/","url":"https:\/\/noticiasmercedinas.com\/site\/wp-content\/uploads\/2020\/06\/LOGO-512.jpg","contentUrl":"https:\/\/noticiasmercedinas.com\/site\/wp-content\/uploads\/2020\/06\/LOGO-512.jpg","width":512,"height":512,"caption":"NOTICIASMERCEDINAS.COM"},"image":{"@id":"https:\/\/noticiasmercedinas.com\/site\/#\/schema\/logo\/image\/"},"sameAs":["https:\/\/www.facebook.com\/noticiasmercedinas\/","https:\/\/x.com\/notmercedinas","https:\/\/www.instagram.com\/noticiasmercedinas\/"]},{"@type":"Person","@id":"https:\/\/noticiasmercedinas.com\/site\/#\/schema\/person\/d481a9696a5feaec13a60e2bbd991a6a","name":"Cristian Falabella NOTICIASMERCEDINAS.COM","image":{"@type":"ImageObject","inLanguage":"es","@id":"https:\/\/secure.gravatar.com\/avatar\/0dbbfc45970cc46bcd0e57766228574ff3511d6eed045b182f536f0f478c1f06?s=96&d=mm&r=g","url":"https:\/\/secure.gravatar.com\/avatar\/0dbbfc45970cc46bcd0e57766228574ff3511d6eed045b182f536f0f478c1f06?s=96&d=mm&r=g","contentUrl":"https:\/\/secure.gravatar.com\/avatar\/0dbbfc45970cc46bcd0e57766228574ff3511d6eed045b182f536f0f478c1f06?s=96&d=mm&r=g","caption":"Cristian Falabella NOTICIASMERCEDINAS.COM"},"description":"Periodista, editor de Noticias Mercedinas. Pas\u00f3 por varias redacciones y emprendimientos de prensa, en distintos formatos y \u00e9pocas. Se especializ\u00f3 --y sigue haci\u00e9ndolo-- en comunicaci\u00f3n en la web y en junio de 2006 fund\u00f3 este diario digital.","sameAs":["https:\/\/noticiasmercedinas.com","https:\/\/www.facebook.com\/cristian.falabella","https:\/\/www.instagram.com\/noticiasmercedinas\/","https:\/\/x.com\/https:\/\/twitter.com\/NOTMERCEDINAS"],"url":"https:\/\/noticiasmercedinas.com\/site\/author\/as000384\/"}]}},"amp_enabled":true,"_links":{"self":[{"href":"https:\/\/noticiasmercedinas.com\/site\/wp-json\/wp\/v2\/posts\/14291","targetHints":{"allow":["GET"]}}],"collection":[{"href":"https:\/\/noticiasmercedinas.com\/site\/wp-json\/wp\/v2\/posts"}],"about":[{"href":"https:\/\/noticiasmercedinas.com\/site\/wp-json\/wp\/v2\/types\/post"}],"author":[{"embeddable":true,"href":"https:\/\/noticiasmercedinas.com\/site\/wp-json\/wp\/v2\/users\/2"}],"replies":[{"embeddable":true,"href":"https:\/\/noticiasmercedinas.com\/site\/wp-json\/wp\/v2\/comments?post=14291"}],"version-history":[{"count":1,"href":"https:\/\/noticiasmercedinas.com\/site\/wp-json\/wp\/v2\/posts\/14291\/revisions"}],"predecessor-version":[{"id":14293,"href":"https:\/\/noticiasmercedinas.com\/site\/wp-json\/wp\/v2\/posts\/14291\/revisions\/14293"}],"wp:featuredmedia":[{"embeddable":true,"href":"https:\/\/noticiasmercedinas.com\/site\/wp-json\/wp\/v2\/media\/14292"}],"wp:attachment":[{"href":"https:\/\/noticiasmercedinas.com\/site\/wp-json\/wp\/v2\/media?parent=14291"}],"wp:term":[{"taxonomy":"category","embeddable":true,"href":"https:\/\/noticiasmercedinas.com\/site\/wp-json\/wp\/v2\/categories?post=14291"},{"taxonomy":"post_tag","embeddable":true,"href":"https:\/\/noticiasmercedinas.com\/site\/wp-json\/wp\/v2\/tags?post=14291"}],"curies":[{"name":"wp","href":"https:\/\/api.w.org\/{rel}","templated":true}]}}