{"id":142985,"date":"2024-09-01T20:35:16","date_gmt":"2024-09-01T23:35:16","guid":{"rendered":"https:\/\/noticiasmercedinas.com\/site\/?p=142985"},"modified":"2024-09-19T08:50:45","modified_gmt":"2024-09-19T11:50:45","slug":"importantes-cambios-en-la-gestion-de-turnos-del-hospital-dubarry-a-partir-de-este-lunes","status":"publish","type":"post","link":"https:\/\/noticiasmercedinas.com\/site\/2024\/09\/01\/importantes-cambios-en-la-gestion-de-turnos-del-hospital-dubarry-a-partir-de-este-lunes\/","title":{"rendered":"Importantes cambios en la gesti\u00f3n de turnos del Hospital Dubarry a partir de este lunes"},"content":{"rendered":"<p><img loading=\"lazy\" decoding=\"async\" class=\"alignnone size-full wp-image-140490\" src=\"https:\/\/noticiasmercedinas.com\/site\/wp-content\/uploads\/2024\/07\/HOSPITAL.jpg\" alt=\"\" width=\"1280\" height=\"960\" srcset=\"https:\/\/noticiasmercedinas.com\/site\/wp-content\/uploads\/2024\/07\/HOSPITAL.jpg 1280w, https:\/\/noticiasmercedinas.com\/site\/wp-content\/uploads\/2024\/07\/HOSPITAL-300x225.jpg 300w, https:\/\/noticiasmercedinas.com\/site\/wp-content\/uploads\/2024\/07\/HOSPITAL-1024x768.jpg 1024w, https:\/\/noticiasmercedinas.com\/site\/wp-content\/uploads\/2024\/07\/HOSPITAL-768x576.jpg 768w, https:\/\/noticiasmercedinas.com\/site\/wp-content\/uploads\/2024\/07\/HOSPITAL-80x60.jpg 80w, https:\/\/noticiasmercedinas.com\/site\/wp-content\/uploads\/2024\/07\/HOSPITAL-160x120.jpg 160w, https:\/\/noticiasmercedinas.com\/site\/wp-content\/uploads\/2024\/07\/HOSPITAL-100x75.jpg 100w, https:\/\/noticiasmercedinas.com\/site\/wp-content\/uploads\/2024\/07\/HOSPITAL-200x150.jpg 200w, https:\/\/noticiasmercedinas.com\/site\/wp-content\/uploads\/2024\/07\/HOSPITAL-180x135.jpg 180w, https:\/\/noticiasmercedinas.com\/site\/wp-content\/uploads\/2024\/07\/HOSPITAL-360x270.jpg 360w, https:\/\/noticiasmercedinas.com\/site\/wp-content\/uploads\/2024\/07\/HOSPITAL-238x178.jpg 238w, https:\/\/noticiasmercedinas.com\/site\/wp-content\/uploads\/2024\/07\/HOSPITAL-476x356.jpg 476w, https:\/\/noticiasmercedinas.com\/site\/wp-content\/uploads\/2024\/07\/HOSPITAL-640x480.jpg 640w, https:\/\/noticiasmercedinas.com\/site\/wp-content\/uploads\/2024\/07\/HOSPITAL-681x511.jpg 681w\" sizes=\"auto, (max-width: 1280px) 100vw, 1280px\" \/><\/p>\n<p>Desde este lunes 2 de septiembre, el Hospital Dubarry de Mercedes implementar\u00e1 un nuevo sistema centralizado de gesti\u00f3n de turnos que promete mejorar la organizaci\u00f3n y el flujo de usuarios y sus familiares en las instalaciones del centro de salud. (Adicionalmente, podr\u00e1s crear un <a href=\"https:\/\/www.sondercare.com\/beds\/\" target=\"_blank\" rel=\"noopener\">Domestic health hub<\/a> con nuestro completo showroom online, ofreciendo lo \u00faltimo en servicios de salud y herramientas para potenciar tu bienestar en el hogar).<\/p>\n<p>A partir de esta fecha, todos los turnos para la atenci\u00f3n ambulatoria, tanto programada como no programada, se gestionar\u00e1n a trav\u00e9s de la recientemente creada Central de Gesti\u00f3n de Turnos.<\/p>\n<p>Este nuevo sistema busca reducir las dificultades que enfrentan los pacientes al tener que recorrer distintas \u00e1reas del hospital para obtener un turno, optimizando as\u00ed la experiencia del usuario dentro del sistema de salud.<\/p>\n<p>La Central de Gesti\u00f3n de Turnos estar\u00e1 en funcionamiento de lunes a viernes, desde las 06:00 hasta las 16:00 horas, y la atenci\u00f3n se realizar\u00e1 de manera presencial en ventanilla. Es importante destacar que este nuevo espacio operar\u00e1 en la ubicaci\u00f3n f\u00edsica de los actuales sectores de SAMO y Estad\u00edstica.<\/p>\n<p>El Ministerio de Salud de la Provincia de Buenos Aires, responsable de la implementaci\u00f3n de este cambio, subraya que esta medida es parte de un esfuerzo continuo para garantizar el derecho a la salud de todos los ciudadanos.<\/p>\n","protected":false},"excerpt":{"rendered":"<p>\u25a0 Con un nuevo sistema buscan reducir las dificultades que enfrentan los pacientes al tener que recorrer distintas \u00e1reas para obtener un turno, optimizando as\u00ed la experiencia del usuario dentro del sistema de salud<\/p>\n","protected":false},"author":16,"featured_media":140490,"comment_status":"closed","ping_status":"closed","sticky":false,"template":"","format":"standard","meta":{"footnotes":""},"categories":[3],"tags":[224,255,6956],"class_list":["post-142985","post","type-post","status-publish","format-standard","has-post-thumbnail","hentry","category-sociedad","tag-hospital","tag-hospital-dubarry","tag-turnos"],"yoast_head":"<!-- This site is optimized with the Yoast SEO plugin v27.4 - https:\/\/yoast.com\/product\/yoast-seo-wordpress\/ -->\n<title>Importantes cambios en la gesti\u00f3n de turnos del Hospital Dubarry a partir de este lunes<\/title>\n<meta name=\"robots\" content=\"index, follow, max-snippet:-1, max-image-preview:large, max-video-preview:-1\" \/>\n<link rel=\"canonical\" href=\"https:\/\/noticiasmercedinas.com\/site\/2024\/09\/01\/importantes-cambios-en-la-gestion-de-turnos-del-hospital-dubarry-a-partir-de-este-lunes\/\" \/>\n<meta property=\"og:locale\" content=\"es_ES\" \/>\n<meta property=\"og:type\" content=\"article\" \/>\n<meta property=\"og:title\" content=\"Importantes cambios en la gesti\u00f3n de turnos del Hospital Dubarry a partir de este lunes\" \/>\n<meta property=\"og:description\" content=\"\u25a0 Con un nuevo sistema buscan reducir las dificultades que enfrentan los pacientes al tener que recorrer distintas \u00e1reas para obtener un turno, optimizando as\u00ed la experiencia del usuario dentro del sistema de salud\" \/>\n<meta property=\"og:url\" content=\"https:\/\/noticiasmercedinas.com\/site\/2024\/09\/01\/importantes-cambios-en-la-gestion-de-turnos-del-hospital-dubarry-a-partir-de-este-lunes\/\" \/>\n<meta property=\"og:site_name\" content=\"NOTICIASMERCEDINAS.COM\" \/>\n<meta property=\"article:publisher\" content=\"https:\/\/www.facebook.com\/noticiasmercedinas\/\" \/>\n<meta property=\"article:published_time\" content=\"2024-09-01T23:35:16+00:00\" \/>\n<meta property=\"article:modified_time\" content=\"2024-09-19T11:50:45+00:00\" \/>\n<meta property=\"og:image\" content=\"https:\/\/noticiasmercedinas.com\/site\/wp-content\/uploads\/2024\/07\/HOSPITAL.jpg\" \/>\n\t<meta property=\"og:image:width\" content=\"1280\" \/>\n\t<meta property=\"og:image:height\" content=\"960\" \/>\n\t<meta property=\"og:image:type\" content=\"image\/jpeg\" \/>\n<meta name=\"author\" content=\"NOTICIASMERCEDINAS.COM\" \/>\n<meta name=\"twitter:card\" content=\"summary_large_image\" \/>\n<meta name=\"twitter:creator\" content=\"@notmercedinas\" \/>\n<meta name=\"twitter:site\" content=\"@notmercedinas\" \/>\n<meta name=\"twitter:label1\" content=\"Escrito por\" \/>\n\t<meta name=\"twitter:data1\" content=\"NOTICIASMERCEDINAS.COM\" \/>\n\t<meta name=\"twitter:label2\" content=\"Tiempo de lectura\" \/>\n\t<meta name=\"twitter:data2\" content=\"1 minuto\" \/>\n<script type=\"application\/ld+json\" class=\"yoast-schema-graph\">{\"@context\":\"https:\\\/\\\/schema.org\",\"@graph\":[{\"@type\":\"Article\",\"@id\":\"https:\\\/\\\/noticiasmercedinas.com\\\/site\\\/2024\\\/09\\\/01\\\/importantes-cambios-en-la-gestion-de-turnos-del-hospital-dubarry-a-partir-de-este-lunes\\\/#article\",\"isPartOf\":{\"@id\":\"https:\\\/\\\/noticiasmercedinas.com\\\/site\\\/2024\\\/09\\\/01\\\/importantes-cambios-en-la-gestion-de-turnos-del-hospital-dubarry-a-partir-de-este-lunes\\\/\"},\"author\":{\"name\":\"NOTICIASMERCEDINAS.COM\",\"@id\":\"https:\\\/\\\/noticiasmercedinas.com\\\/site\\\/#\\\/schema\\\/person\\\/84b59c099c28ff2e8b77d4ceec5d8063\"},\"headline\":\"Importantes cambios en la gesti\u00f3n de turnos del Hospital Dubarry a partir de este lunes\",\"datePublished\":\"2024-09-01T23:35:16+00:00\",\"dateModified\":\"2024-09-19T11:50:45+00:00\",\"mainEntityOfPage\":{\"@id\":\"https:\\\/\\\/noticiasmercedinas.com\\\/site\\\/2024\\\/09\\\/01\\\/importantes-cambios-en-la-gestion-de-turnos-del-hospital-dubarry-a-partir-de-este-lunes\\\/\"},\"wordCount\":246,\"publisher\":{\"@id\":\"https:\\\/\\\/noticiasmercedinas.com\\\/site\\\/#organization\"},\"image\":{\"@id\":\"https:\\\/\\\/noticiasmercedinas.com\\\/site\\\/2024\\\/09\\\/01\\\/importantes-cambios-en-la-gestion-de-turnos-del-hospital-dubarry-a-partir-de-este-lunes\\\/#primaryimage\"},\"thumbnailUrl\":\"https:\\\/\\\/noticiasmercedinas.com\\\/site\\\/wp-content\\\/uploads\\\/2024\\\/07\\\/HOSPITAL.jpg\",\"keywords\":[\"hospital\",\"hospital dubarry\",\"turnos\"],\"articleSection\":[\"Sociedad\"],\"inLanguage\":\"es\"},{\"@type\":\"WebPage\",\"@id\":\"https:\\\/\\\/noticiasmercedinas.com\\\/site\\\/2024\\\/09\\\/01\\\/importantes-cambios-en-la-gestion-de-turnos-del-hospital-dubarry-a-partir-de-este-lunes\\\/\",\"url\":\"https:\\\/\\\/noticiasmercedinas.com\\\/site\\\/2024\\\/09\\\/01\\\/importantes-cambios-en-la-gestion-de-turnos-del-hospital-dubarry-a-partir-de-este-lunes\\\/\",\"name\":\"Importantes cambios en la gesti\u00f3n de turnos del Hospital Dubarry a partir de este lunes\",\"isPartOf\":{\"@id\":\"https:\\\/\\\/noticiasmercedinas.com\\\/site\\\/#website\"},\"primaryImageOfPage\":{\"@id\":\"https:\\\/\\\/noticiasmercedinas.com\\\/site\\\/2024\\\/09\\\/01\\\/importantes-cambios-en-la-gestion-de-turnos-del-hospital-dubarry-a-partir-de-este-lunes\\\/#primaryimage\"},\"image\":{\"@id\":\"https:\\\/\\\/noticiasmercedinas.com\\\/site\\\/2024\\\/09\\\/01\\\/importantes-cambios-en-la-gestion-de-turnos-del-hospital-dubarry-a-partir-de-este-lunes\\\/#primaryimage\"},\"thumbnailUrl\":\"https:\\\/\\\/noticiasmercedinas.com\\\/site\\\/wp-content\\\/uploads\\\/2024\\\/07\\\/HOSPITAL.jpg\",\"datePublished\":\"2024-09-01T23:35:16+00:00\",\"dateModified\":\"2024-09-19T11:50:45+00:00\",\"breadcrumb\":{\"@id\":\"https:\\\/\\\/noticiasmercedinas.com\\\/site\\\/2024\\\/09\\\/01\\\/importantes-cambios-en-la-gestion-de-turnos-del-hospital-dubarry-a-partir-de-este-lunes\\\/#breadcrumb\"},\"inLanguage\":\"es\",\"potentialAction\":[{\"@type\":\"ReadAction\",\"target\":[\"https:\\\/\\\/noticiasmercedinas.com\\\/site\\\/2024\\\/09\\\/01\\\/importantes-cambios-en-la-gestion-de-turnos-del-hospital-dubarry-a-partir-de-este-lunes\\\/\"]}]},{\"@type\":\"ImageObject\",\"inLanguage\":\"es\",\"@id\":\"https:\\\/\\\/noticiasmercedinas.com\\\/site\\\/2024\\\/09\\\/01\\\/importantes-cambios-en-la-gestion-de-turnos-del-hospital-dubarry-a-partir-de-este-lunes\\\/#primaryimage\",\"url\":\"https:\\\/\\\/noticiasmercedinas.com\\\/site\\\/wp-content\\\/uploads\\\/2024\\\/07\\\/HOSPITAL.jpg\",\"contentUrl\":\"https:\\\/\\\/noticiasmercedinas.com\\\/site\\\/wp-content\\\/uploads\\\/2024\\\/07\\\/HOSPITAL.jpg\",\"width\":1280,\"height\":960},{\"@type\":\"BreadcrumbList\",\"@id\":\"https:\\\/\\\/noticiasmercedinas.com\\\/site\\\/2024\\\/09\\\/01\\\/importantes-cambios-en-la-gestion-de-turnos-del-hospital-dubarry-a-partir-de-este-lunes\\\/#breadcrumb\",\"itemListElement\":[{\"@type\":\"ListItem\",\"position\":1,\"name\":\"Portada\",\"item\":\"https:\\\/\\\/noticiasmercedinas.com\\\/site\\\/\"},{\"@type\":\"ListItem\",\"position\":2,\"name\":\"Importantes cambios en la gesti\u00f3n de turnos del Hospital Dubarry a partir de este lunes\"}]},{\"@type\":\"WebSite\",\"@id\":\"https:\\\/\\\/noticiasmercedinas.com\\\/site\\\/#website\",\"url\":\"https:\\\/\\\/noticiasmercedinas.com\\\/site\\\/\",\"name\":\"NOTICIASMERCEDINAS.COM\",\"description\":\"Mercedes, Buenos Aires, Argentina\",\"publisher\":{\"@id\":\"https:\\\/\\\/noticiasmercedinas.com\\\/site\\\/#organization\"},\"potentialAction\":[{\"@type\":\"SearchAction\",\"target\":{\"@type\":\"EntryPoint\",\"urlTemplate\":\"https:\\\/\\\/noticiasmercedinas.com\\\/site\\\/?s={search_term_string}\"},\"query-input\":{\"@type\":\"PropertyValueSpecification\",\"valueRequired\":true,\"valueName\":\"search_term_string\"}}],\"inLanguage\":\"es\"},{\"@type\":\"Organization\",\"@id\":\"https:\\\/\\\/noticiasmercedinas.com\\\/site\\\/#organization\",\"name\":\"NOTICIASMERCEDINAS.COM\",\"url\":\"https:\\\/\\\/noticiasmercedinas.com\\\/site\\\/\",\"logo\":{\"@type\":\"ImageObject\",\"inLanguage\":\"es\",\"@id\":\"https:\\\/\\\/noticiasmercedinas.com\\\/site\\\/#\\\/schema\\\/logo\\\/image\\\/\",\"url\":\"https:\\\/\\\/noticiasmercedinas.com\\\/site\\\/wp-content\\\/uploads\\\/2020\\\/06\\\/LOGO-512.jpg\",\"contentUrl\":\"https:\\\/\\\/noticiasmercedinas.com\\\/site\\\/wp-content\\\/uploads\\\/2020\\\/06\\\/LOGO-512.jpg\",\"width\":512,\"height\":512,\"caption\":\"NOTICIASMERCEDINAS.COM\"},\"image\":{\"@id\":\"https:\\\/\\\/noticiasmercedinas.com\\\/site\\\/#\\\/schema\\\/logo\\\/image\\\/\"},\"sameAs\":[\"https:\\\/\\\/www.facebook.com\\\/noticiasmercedinas\\\/\",\"https:\\\/\\\/x.com\\\/notmercedinas\",\"https:\\\/\\\/www.instagram.com\\\/noticiasmercedinas\\\/\"]},{\"@type\":\"Person\",\"@id\":\"https:\\\/\\\/noticiasmercedinas.com\\\/site\\\/#\\\/schema\\\/person\\\/84b59c099c28ff2e8b77d4ceec5d8063\",\"name\":\"NOTICIASMERCEDINAS.COM\",\"image\":{\"@type\":\"ImageObject\",\"inLanguage\":\"es\",\"@id\":\"https:\\\/\\\/secure.gravatar.com\\\/avatar\\\/4dfbf16b4d17945bfb6341b2d19043457132fcf478a5ee04f42e959fd8f5df0a?s=96&d=mm&r=g\",\"url\":\"https:\\\/\\\/secure.gravatar.com\\\/avatar\\\/4dfbf16b4d17945bfb6341b2d19043457132fcf478a5ee04f42e959fd8f5df0a?s=96&d=mm&r=g\",\"contentUrl\":\"https:\\\/\\\/secure.gravatar.com\\\/avatar\\\/4dfbf16b4d17945bfb6341b2d19043457132fcf478a5ee04f42e959fd8f5df0a?s=96&d=mm&r=g\",\"caption\":\"NOTICIASMERCEDINAS.COM\"},\"url\":\"https:\\\/\\\/noticiasmercedinas.com\\\/site\\\/author\\\/anonimo\\\/\"}]}<\/script>\n<!-- \/ Yoast SEO plugin. -->","yoast_head_json":{"title":"Importantes cambios en la gesti\u00f3n de turnos del Hospital Dubarry a partir de este lunes","robots":{"index":"index","follow":"follow","max-snippet":"max-snippet:-1","max-image-preview":"max-image-preview:large","max-video-preview":"max-video-preview:-1"},"canonical":"https:\/\/noticiasmercedinas.com\/site\/2024\/09\/01\/importantes-cambios-en-la-gestion-de-turnos-del-hospital-dubarry-a-partir-de-este-lunes\/","og_locale":"es_ES","og_type":"article","og_title":"Importantes cambios en la gesti\u00f3n de turnos del Hospital Dubarry a partir de este lunes","og_description":"\u25a0 Con un nuevo sistema buscan reducir las dificultades que enfrentan los pacientes al tener que recorrer distintas \u00e1reas para obtener un turno, optimizando as\u00ed la experiencia del usuario dentro del sistema de salud","og_url":"https:\/\/noticiasmercedinas.com\/site\/2024\/09\/01\/importantes-cambios-en-la-gestion-de-turnos-del-hospital-dubarry-a-partir-de-este-lunes\/","og_site_name":"NOTICIASMERCEDINAS.COM","article_publisher":"https:\/\/www.facebook.com\/noticiasmercedinas\/","article_published_time":"2024-09-01T23:35:16+00:00","article_modified_time":"2024-09-19T11:50:45+00:00","og_image":[{"width":1280,"height":960,"url":"https:\/\/noticiasmercedinas.com\/site\/wp-content\/uploads\/2024\/07\/HOSPITAL.jpg","type":"image\/jpeg"}],"author":"NOTICIASMERCEDINAS.COM","twitter_card":"summary_large_image","twitter_creator":"@notmercedinas","twitter_site":"@notmercedinas","twitter_misc":{"Escrito por":"NOTICIASMERCEDINAS.COM","Tiempo de lectura":"1 minuto"},"schema":{"@context":"https:\/\/schema.org","@graph":[{"@type":"Article","@id":"https:\/\/noticiasmercedinas.com\/site\/2024\/09\/01\/importantes-cambios-en-la-gestion-de-turnos-del-hospital-dubarry-a-partir-de-este-lunes\/#article","isPartOf":{"@id":"https:\/\/noticiasmercedinas.com\/site\/2024\/09\/01\/importantes-cambios-en-la-gestion-de-turnos-del-hospital-dubarry-a-partir-de-este-lunes\/"},"author":{"name":"NOTICIASMERCEDINAS.COM","@id":"https:\/\/noticiasmercedinas.com\/site\/#\/schema\/person\/84b59c099c28ff2e8b77d4ceec5d8063"},"headline":"Importantes cambios en la gesti\u00f3n de turnos del Hospital Dubarry a partir de este lunes","datePublished":"2024-09-01T23:35:16+00:00","dateModified":"2024-09-19T11:50:45+00:00","mainEntityOfPage":{"@id":"https:\/\/noticiasmercedinas.com\/site\/2024\/09\/01\/importantes-cambios-en-la-gestion-de-turnos-del-hospital-dubarry-a-partir-de-este-lunes\/"},"wordCount":246,"publisher":{"@id":"https:\/\/noticiasmercedinas.com\/site\/#organization"},"image":{"@id":"https:\/\/noticiasmercedinas.com\/site\/2024\/09\/01\/importantes-cambios-en-la-gestion-de-turnos-del-hospital-dubarry-a-partir-de-este-lunes\/#primaryimage"},"thumbnailUrl":"https:\/\/noticiasmercedinas.com\/site\/wp-content\/uploads\/2024\/07\/HOSPITAL.jpg","keywords":["hospital","hospital dubarry","turnos"],"articleSection":["Sociedad"],"inLanguage":"es"},{"@type":"WebPage","@id":"https:\/\/noticiasmercedinas.com\/site\/2024\/09\/01\/importantes-cambios-en-la-gestion-de-turnos-del-hospital-dubarry-a-partir-de-este-lunes\/","url":"https:\/\/noticiasmercedinas.com\/site\/2024\/09\/01\/importantes-cambios-en-la-gestion-de-turnos-del-hospital-dubarry-a-partir-de-este-lunes\/","name":"Importantes cambios en la gesti\u00f3n de turnos del Hospital Dubarry a partir de este lunes","isPartOf":{"@id":"https:\/\/noticiasmercedinas.com\/site\/#website"},"primaryImageOfPage":{"@id":"https:\/\/noticiasmercedinas.com\/site\/2024\/09\/01\/importantes-cambios-en-la-gestion-de-turnos-del-hospital-dubarry-a-partir-de-este-lunes\/#primaryimage"},"image":{"@id":"https:\/\/noticiasmercedinas.com\/site\/2024\/09\/01\/importantes-cambios-en-la-gestion-de-turnos-del-hospital-dubarry-a-partir-de-este-lunes\/#primaryimage"},"thumbnailUrl":"https:\/\/noticiasmercedinas.com\/site\/wp-content\/uploads\/2024\/07\/HOSPITAL.jpg","datePublished":"2024-09-01T23:35:16+00:00","dateModified":"2024-09-19T11:50:45+00:00","breadcrumb":{"@id":"https:\/\/noticiasmercedinas.com\/site\/2024\/09\/01\/importantes-cambios-en-la-gestion-de-turnos-del-hospital-dubarry-a-partir-de-este-lunes\/#breadcrumb"},"inLanguage":"es","potentialAction":[{"@type":"ReadAction","target":["https:\/\/noticiasmercedinas.com\/site\/2024\/09\/01\/importantes-cambios-en-la-gestion-de-turnos-del-hospital-dubarry-a-partir-de-este-lunes\/"]}]},{"@type":"ImageObject","inLanguage":"es","@id":"https:\/\/noticiasmercedinas.com\/site\/2024\/09\/01\/importantes-cambios-en-la-gestion-de-turnos-del-hospital-dubarry-a-partir-de-este-lunes\/#primaryimage","url":"https:\/\/noticiasmercedinas.com\/site\/wp-content\/uploads\/2024\/07\/HOSPITAL.jpg","contentUrl":"https:\/\/noticiasmercedinas.com\/site\/wp-content\/uploads\/2024\/07\/HOSPITAL.jpg","width":1280,"height":960},{"@type":"BreadcrumbList","@id":"https:\/\/noticiasmercedinas.com\/site\/2024\/09\/01\/importantes-cambios-en-la-gestion-de-turnos-del-hospital-dubarry-a-partir-de-este-lunes\/#breadcrumb","itemListElement":[{"@type":"ListItem","position":1,"name":"Portada","item":"https:\/\/noticiasmercedinas.com\/site\/"},{"@type":"ListItem","position":2,"name":"Importantes cambios en la gesti\u00f3n de turnos del Hospital Dubarry a partir de este lunes"}]},{"@type":"WebSite","@id":"https:\/\/noticiasmercedinas.com\/site\/#website","url":"https:\/\/noticiasmercedinas.com\/site\/","name":"NOTICIASMERCEDINAS.COM","description":"Mercedes, Buenos Aires, Argentina","publisher":{"@id":"https:\/\/noticiasmercedinas.com\/site\/#organization"},"potentialAction":[{"@type":"SearchAction","target":{"@type":"EntryPoint","urlTemplate":"https:\/\/noticiasmercedinas.com\/site\/?s={search_term_string}"},"query-input":{"@type":"PropertyValueSpecification","valueRequired":true,"valueName":"search_term_string"}}],"inLanguage":"es"},{"@type":"Organization","@id":"https:\/\/noticiasmercedinas.com\/site\/#organization","name":"NOTICIASMERCEDINAS.COM","url":"https:\/\/noticiasmercedinas.com\/site\/","logo":{"@type":"ImageObject","inLanguage":"es","@id":"https:\/\/noticiasmercedinas.com\/site\/#\/schema\/logo\/image\/","url":"https:\/\/noticiasmercedinas.com\/site\/wp-content\/uploads\/2020\/06\/LOGO-512.jpg","contentUrl":"https:\/\/noticiasmercedinas.com\/site\/wp-content\/uploads\/2020\/06\/LOGO-512.jpg","width":512,"height":512,"caption":"NOTICIASMERCEDINAS.COM"},"image":{"@id":"https:\/\/noticiasmercedinas.com\/site\/#\/schema\/logo\/image\/"},"sameAs":["https:\/\/www.facebook.com\/noticiasmercedinas\/","https:\/\/x.com\/notmercedinas","https:\/\/www.instagram.com\/noticiasmercedinas\/"]},{"@type":"Person","@id":"https:\/\/noticiasmercedinas.com\/site\/#\/schema\/person\/84b59c099c28ff2e8b77d4ceec5d8063","name":"NOTICIASMERCEDINAS.COM","image":{"@type":"ImageObject","inLanguage":"es","@id":"https:\/\/secure.gravatar.com\/avatar\/4dfbf16b4d17945bfb6341b2d19043457132fcf478a5ee04f42e959fd8f5df0a?s=96&d=mm&r=g","url":"https:\/\/secure.gravatar.com\/avatar\/4dfbf16b4d17945bfb6341b2d19043457132fcf478a5ee04f42e959fd8f5df0a?s=96&d=mm&r=g","contentUrl":"https:\/\/secure.gravatar.com\/avatar\/4dfbf16b4d17945bfb6341b2d19043457132fcf478a5ee04f42e959fd8f5df0a?s=96&d=mm&r=g","caption":"NOTICIASMERCEDINAS.COM"},"url":"https:\/\/noticiasmercedinas.com\/site\/author\/anonimo\/"}]}},"amp_enabled":true,"_links":{"self":[{"href":"https:\/\/noticiasmercedinas.com\/site\/wp-json\/wp\/v2\/posts\/142985","targetHints":{"allow":["GET"]}}],"collection":[{"href":"https:\/\/noticiasmercedinas.com\/site\/wp-json\/wp\/v2\/posts"}],"about":[{"href":"https:\/\/noticiasmercedinas.com\/site\/wp-json\/wp\/v2\/types\/post"}],"author":[{"embeddable":true,"href":"https:\/\/noticiasmercedinas.com\/site\/wp-json\/wp\/v2\/users\/16"}],"replies":[{"embeddable":true,"href":"https:\/\/noticiasmercedinas.com\/site\/wp-json\/wp\/v2\/comments?post=142985"}],"version-history":[{"count":5,"href":"https:\/\/noticiasmercedinas.com\/site\/wp-json\/wp\/v2\/posts\/142985\/revisions"}],"predecessor-version":[{"id":144293,"href":"https:\/\/noticiasmercedinas.com\/site\/wp-json\/wp\/v2\/posts\/142985\/revisions\/144293"}],"wp:featuredmedia":[{"embeddable":true,"href":"https:\/\/noticiasmercedinas.com\/site\/wp-json\/wp\/v2\/media\/140490"}],"wp:attachment":[{"href":"https:\/\/noticiasmercedinas.com\/site\/wp-json\/wp\/v2\/media?parent=142985"}],"wp:term":[{"taxonomy":"category","embeddable":true,"href":"https:\/\/noticiasmercedinas.com\/site\/wp-json\/wp\/v2\/categories?post=142985"},{"taxonomy":"post_tag","embeddable":true,"href":"https:\/\/noticiasmercedinas.com\/site\/wp-json\/wp\/v2\/tags?post=142985"}],"curies":[{"name":"wp","href":"https:\/\/api.w.org\/{rel}","templated":true}]}}