{"id":143082,"date":"2024-09-03T10:47:44","date_gmt":"2024-09-03T13:47:44","guid":{"rendered":"https:\/\/noticiasmercedinas.com\/site\/?p=143082"},"modified":"2024-09-03T10:47:44","modified_gmt":"2024-09-03T13:47:44","slug":"sol-de-invierno-invita-a-una-charla-informativa-sobre-su-propuesta-educativa","status":"publish","type":"post","link":"https:\/\/noticiasmercedinas.com\/site\/2024\/09\/03\/sol-de-invierno-invita-a-una-charla-informativa-sobre-su-propuesta-educativa\/","title":{"rendered":"\u00abSol de Invierno\u00bb invita a una charla informativa sobre su propuesta educativa"},"content":{"rendered":"<p><img loading=\"lazy\" decoding=\"async\" class=\"alignnone wp-image-143083\" src=\"https:\/\/noticiasmercedinas.com\/site\/wp-content\/uploads\/2024\/09\/ESCUELA.jpg\" alt=\"\" width=\"640\" height=\"630\" srcset=\"https:\/\/noticiasmercedinas.com\/site\/wp-content\/uploads\/2024\/09\/ESCUELA.jpg 556w, https:\/\/noticiasmercedinas.com\/site\/wp-content\/uploads\/2024\/09\/ESCUELA-300x295.jpg 300w\" sizes=\"auto, (max-width: 640px) 100vw, 640px\" \/><\/p>\n<p>El martes 10 de septiembre a las 18:00 horas, la escuela Sol de Invierno, que sigue la metodolog\u00eda de la Pedagog\u00eda Waldorf en Mercedes, realizar\u00e1 una charla informativa para presentar su propuesta educativa. El evento se llevar\u00e1 a cabo en la sede de la escuela primaria, ubicada en la intersecci\u00f3n de las calles 48 y 119.<\/p>\n<p>Durante la charla, los asistentes podr\u00e1n conocer en detalle c\u00f3mo se implementa esta pedagog\u00eda en los niveles de Jard\u00edn de Infantes, que incluye sala maternal, y en el nivel primario.<\/p>\n<p>Los organizadores destacaron que el encuentro ser\u00e1 una oportunidad para aclarar dudas y comprender mejor la din\u00e1mica de ense\u00f1anza y los espacios educativos que ofrece Sol de Invierno.<\/p>\n<p>Las inscripciones para el ciclo lectivo 2025 ya est\u00e1n abiertas, y los interesados en obtener m\u00e1s informaci\u00f3n pueden comunicarse al tel\u00e9fono 2324-693128 o al correo electr\u00f3nico <a href=\"mailto:escuelasoldeinvierno@gmail.com\">escuelasoldeinvierno@gmail.com<\/a>.<\/p>\n<p>Esta iniciativa se enmarca en el compromiso de la instituci\u00f3n de promover una educaci\u00f3n integral y respetuosa del desarrollo individual de cada ni\u00f1o, en un ambiente que fomente la creatividad, el aprendizaje activo y el contacto con la naturaleza.<\/p>\n","protected":false},"excerpt":{"rendered":"<p>El martes 10 de septiembre a las 18:00 horas, la escuela Sol de Invierno, que sigue la metodolog\u00eda de la Pedagog\u00eda Waldorf en Mercedes, realizar\u00e1 una charla informativa para presentar su propuesta educativa. El evento se llevar\u00e1 a cabo en la sede de la escuela primaria, ubicada en la intersecci\u00f3n de las calles 48 y [&hellip;]<\/p>\n","protected":false},"author":16,"featured_media":143083,"comment_status":"closed","ping_status":"closed","sticky":false,"template":"","format":"standard","meta":{"footnotes":""},"categories":[15755],"tags":[810,927,928],"class_list":["post-143082","post","type-post","status-publish","format-standard","has-post-thumbnail","hentry","category-educacion","tag-escuela","tag-sol-de-invierno","tag-waldorf"],"yoast_head":"<!-- This site is optimized with the Yoast SEO plugin v27.5 - https:\/\/yoast.com\/product\/yoast-seo-wordpress\/ -->\n<title>&quot;Sol de Invierno&quot; invita a una charla informativa sobre su propuesta educativa<\/title>\n<meta name=\"robots\" content=\"index, follow, max-snippet:-1, max-image-preview:large, max-video-preview:-1\" \/>\n<link rel=\"canonical\" href=\"https:\/\/noticiasmercedinas.com\/site\/2024\/09\/03\/sol-de-invierno-invita-a-una-charla-informativa-sobre-su-propuesta-educativa\/\" \/>\n<meta property=\"og:locale\" content=\"es_ES\" \/>\n<meta property=\"og:type\" content=\"article\" \/>\n<meta property=\"og:title\" content=\"&quot;Sol de Invierno&quot; invita a una charla informativa sobre su propuesta educativa\" \/>\n<meta property=\"og:description\" content=\"El martes 10 de septiembre a las 18:00 horas, la escuela Sol de Invierno, que sigue la metodolog\u00eda de la Pedagog\u00eda Waldorf en Mercedes, realizar\u00e1 una charla informativa para presentar su propuesta educativa. El evento se llevar\u00e1 a cabo en la sede de la escuela primaria, ubicada en la intersecci\u00f3n de las calles 48 y [&hellip;]\" \/>\n<meta property=\"og:url\" content=\"https:\/\/noticiasmercedinas.com\/site\/2024\/09\/03\/sol-de-invierno-invita-a-una-charla-informativa-sobre-su-propuesta-educativa\/\" \/>\n<meta property=\"og:site_name\" content=\"NOTICIASMERCEDINAS.COM\" \/>\n<meta property=\"article:publisher\" content=\"https:\/\/www.facebook.com\/noticiasmercedinas\/\" \/>\n<meta property=\"article:published_time\" content=\"2024-09-03T13:47:44+00:00\" \/>\n<meta property=\"og:image\" content=\"https:\/\/noticiasmercedinas.com\/site\/wp-content\/uploads\/2024\/09\/ESCUELA.jpg\" \/>\n\t<meta property=\"og:image:width\" content=\"556\" \/>\n\t<meta property=\"og:image:height\" content=\"547\" \/>\n\t<meta property=\"og:image:type\" content=\"image\/jpeg\" \/>\n<meta name=\"author\" content=\"NOTICIASMERCEDINAS.COM\" \/>\n<meta name=\"twitter:card\" content=\"summary_large_image\" \/>\n<meta name=\"twitter:creator\" content=\"@notmercedinas\" \/>\n<meta name=\"twitter:site\" content=\"@notmercedinas\" \/>\n<meta name=\"twitter:label1\" content=\"Escrito por\" \/>\n\t<meta name=\"twitter:data1\" content=\"NOTICIASMERCEDINAS.COM\" \/>\n\t<meta name=\"twitter:label2\" content=\"Tiempo de lectura\" \/>\n\t<meta name=\"twitter:data2\" content=\"1 minuto\" \/>\n<script type=\"application\/ld+json\" class=\"yoast-schema-graph\">{\"@context\":\"https:\\\/\\\/schema.org\",\"@graph\":[{\"@type\":\"Article\",\"@id\":\"https:\\\/\\\/noticiasmercedinas.com\\\/site\\\/2024\\\/09\\\/03\\\/sol-de-invierno-invita-a-una-charla-informativa-sobre-su-propuesta-educativa\\\/#article\",\"isPartOf\":{\"@id\":\"https:\\\/\\\/noticiasmercedinas.com\\\/site\\\/2024\\\/09\\\/03\\\/sol-de-invierno-invita-a-una-charla-informativa-sobre-su-propuesta-educativa\\\/\"},\"author\":{\"name\":\"NOTICIASMERCEDINAS.COM\",\"@id\":\"https:\\\/\\\/noticiasmercedinas.com\\\/site\\\/#\\\/schema\\\/person\\\/84b59c099c28ff2e8b77d4ceec5d8063\"},\"headline\":\"\u00abSol de Invierno\u00bb invita a una charla informativa sobre su propuesta educativa\",\"datePublished\":\"2024-09-03T13:47:44+00:00\",\"mainEntityOfPage\":{\"@id\":\"https:\\\/\\\/noticiasmercedinas.com\\\/site\\\/2024\\\/09\\\/03\\\/sol-de-invierno-invita-a-una-charla-informativa-sobre-su-propuesta-educativa\\\/\"},\"wordCount\":206,\"publisher\":{\"@id\":\"https:\\\/\\\/noticiasmercedinas.com\\\/site\\\/#organization\"},\"image\":{\"@id\":\"https:\\\/\\\/noticiasmercedinas.com\\\/site\\\/2024\\\/09\\\/03\\\/sol-de-invierno-invita-a-una-charla-informativa-sobre-su-propuesta-educativa\\\/#primaryimage\"},\"thumbnailUrl\":\"https:\\\/\\\/noticiasmercedinas.com\\\/site\\\/wp-content\\\/uploads\\\/2024\\\/09\\\/ESCUELA.jpg\",\"keywords\":[\"escuela\",\"sol de invierno\",\"waldorf\"],\"articleSection\":[\"Educacion\"],\"inLanguage\":\"es\"},{\"@type\":\"WebPage\",\"@id\":\"https:\\\/\\\/noticiasmercedinas.com\\\/site\\\/2024\\\/09\\\/03\\\/sol-de-invierno-invita-a-una-charla-informativa-sobre-su-propuesta-educativa\\\/\",\"url\":\"https:\\\/\\\/noticiasmercedinas.com\\\/site\\\/2024\\\/09\\\/03\\\/sol-de-invierno-invita-a-una-charla-informativa-sobre-su-propuesta-educativa\\\/\",\"name\":\"\\\"Sol de Invierno\\\" invita a una charla informativa sobre su propuesta educativa\",\"isPartOf\":{\"@id\":\"https:\\\/\\\/noticiasmercedinas.com\\\/site\\\/#website\"},\"primaryImageOfPage\":{\"@id\":\"https:\\\/\\\/noticiasmercedinas.com\\\/site\\\/2024\\\/09\\\/03\\\/sol-de-invierno-invita-a-una-charla-informativa-sobre-su-propuesta-educativa\\\/#primaryimage\"},\"image\":{\"@id\":\"https:\\\/\\\/noticiasmercedinas.com\\\/site\\\/2024\\\/09\\\/03\\\/sol-de-invierno-invita-a-una-charla-informativa-sobre-su-propuesta-educativa\\\/#primaryimage\"},\"thumbnailUrl\":\"https:\\\/\\\/noticiasmercedinas.com\\\/site\\\/wp-content\\\/uploads\\\/2024\\\/09\\\/ESCUELA.jpg\",\"datePublished\":\"2024-09-03T13:47:44+00:00\",\"breadcrumb\":{\"@id\":\"https:\\\/\\\/noticiasmercedinas.com\\\/site\\\/2024\\\/09\\\/03\\\/sol-de-invierno-invita-a-una-charla-informativa-sobre-su-propuesta-educativa\\\/#breadcrumb\"},\"inLanguage\":\"es\",\"potentialAction\":[{\"@type\":\"ReadAction\",\"target\":[\"https:\\\/\\\/noticiasmercedinas.com\\\/site\\\/2024\\\/09\\\/03\\\/sol-de-invierno-invita-a-una-charla-informativa-sobre-su-propuesta-educativa\\\/\"]}]},{\"@type\":\"ImageObject\",\"inLanguage\":\"es\",\"@id\":\"https:\\\/\\\/noticiasmercedinas.com\\\/site\\\/2024\\\/09\\\/03\\\/sol-de-invierno-invita-a-una-charla-informativa-sobre-su-propuesta-educativa\\\/#primaryimage\",\"url\":\"https:\\\/\\\/noticiasmercedinas.com\\\/site\\\/wp-content\\\/uploads\\\/2024\\\/09\\\/ESCUELA.jpg\",\"contentUrl\":\"https:\\\/\\\/noticiasmercedinas.com\\\/site\\\/wp-content\\\/uploads\\\/2024\\\/09\\\/ESCUELA.jpg\",\"width\":556,\"height\":547},{\"@type\":\"BreadcrumbList\",\"@id\":\"https:\\\/\\\/noticiasmercedinas.com\\\/site\\\/2024\\\/09\\\/03\\\/sol-de-invierno-invita-a-una-charla-informativa-sobre-su-propuesta-educativa\\\/#breadcrumb\",\"itemListElement\":[{\"@type\":\"ListItem\",\"position\":1,\"name\":\"Portada\",\"item\":\"https:\\\/\\\/noticiasmercedinas.com\\\/site\\\/\"},{\"@type\":\"ListItem\",\"position\":2,\"name\":\"\u00abSol de Invierno\u00bb invita a una charla informativa sobre su propuesta educativa\"}]},{\"@type\":\"WebSite\",\"@id\":\"https:\\\/\\\/noticiasmercedinas.com\\\/site\\\/#website\",\"url\":\"https:\\\/\\\/noticiasmercedinas.com\\\/site\\\/\",\"name\":\"NOTICIASMERCEDINAS.COM\",\"description\":\"Mercedes, Buenos Aires, Argentina\",\"publisher\":{\"@id\":\"https:\\\/\\\/noticiasmercedinas.com\\\/site\\\/#organization\"},\"potentialAction\":[{\"@type\":\"SearchAction\",\"target\":{\"@type\":\"EntryPoint\",\"urlTemplate\":\"https:\\\/\\\/noticiasmercedinas.com\\\/site\\\/?s={search_term_string}\"},\"query-input\":{\"@type\":\"PropertyValueSpecification\",\"valueRequired\":true,\"valueName\":\"search_term_string\"}}],\"inLanguage\":\"es\"},{\"@type\":\"Organization\",\"@id\":\"https:\\\/\\\/noticiasmercedinas.com\\\/site\\\/#organization\",\"name\":\"NOTICIASMERCEDINAS.COM\",\"url\":\"https:\\\/\\\/noticiasmercedinas.com\\\/site\\\/\",\"logo\":{\"@type\":\"ImageObject\",\"inLanguage\":\"es\",\"@id\":\"https:\\\/\\\/noticiasmercedinas.com\\\/site\\\/#\\\/schema\\\/logo\\\/image\\\/\",\"url\":\"https:\\\/\\\/noticiasmercedinas.com\\\/site\\\/wp-content\\\/uploads\\\/2020\\\/06\\\/LOGO-512.jpg\",\"contentUrl\":\"https:\\\/\\\/noticiasmercedinas.com\\\/site\\\/wp-content\\\/uploads\\\/2020\\\/06\\\/LOGO-512.jpg\",\"width\":512,\"height\":512,\"caption\":\"NOTICIASMERCEDINAS.COM\"},\"image\":{\"@id\":\"https:\\\/\\\/noticiasmercedinas.com\\\/site\\\/#\\\/schema\\\/logo\\\/image\\\/\"},\"sameAs\":[\"https:\\\/\\\/www.facebook.com\\\/noticiasmercedinas\\\/\",\"https:\\\/\\\/x.com\\\/notmercedinas\",\"https:\\\/\\\/www.instagram.com\\\/noticiasmercedinas\\\/\"]},{\"@type\":\"Person\",\"@id\":\"https:\\\/\\\/noticiasmercedinas.com\\\/site\\\/#\\\/schema\\\/person\\\/84b59c099c28ff2e8b77d4ceec5d8063\",\"name\":\"NOTICIASMERCEDINAS.COM\",\"image\":{\"@type\":\"ImageObject\",\"inLanguage\":\"es\",\"@id\":\"https:\\\/\\\/secure.gravatar.com\\\/avatar\\\/4dfbf16b4d17945bfb6341b2d19043457132fcf478a5ee04f42e959fd8f5df0a?s=96&d=mm&r=g\",\"url\":\"https:\\\/\\\/secure.gravatar.com\\\/avatar\\\/4dfbf16b4d17945bfb6341b2d19043457132fcf478a5ee04f42e959fd8f5df0a?s=96&d=mm&r=g\",\"contentUrl\":\"https:\\\/\\\/secure.gravatar.com\\\/avatar\\\/4dfbf16b4d17945bfb6341b2d19043457132fcf478a5ee04f42e959fd8f5df0a?s=96&d=mm&r=g\",\"caption\":\"NOTICIASMERCEDINAS.COM\"},\"url\":\"https:\\\/\\\/noticiasmercedinas.com\\\/site\\\/author\\\/anonimo\\\/\"}]}<\/script>\n<!-- \/ Yoast SEO plugin. -->","yoast_head_json":{"title":"\"Sol de Invierno\" invita a una charla informativa sobre su propuesta educativa","robots":{"index":"index","follow":"follow","max-snippet":"max-snippet:-1","max-image-preview":"max-image-preview:large","max-video-preview":"max-video-preview:-1"},"canonical":"https:\/\/noticiasmercedinas.com\/site\/2024\/09\/03\/sol-de-invierno-invita-a-una-charla-informativa-sobre-su-propuesta-educativa\/","og_locale":"es_ES","og_type":"article","og_title":"\"Sol de Invierno\" invita a una charla informativa sobre su propuesta educativa","og_description":"El martes 10 de septiembre a las 18:00 horas, la escuela Sol de Invierno, que sigue la metodolog\u00eda de la Pedagog\u00eda Waldorf en Mercedes, realizar\u00e1 una charla informativa para presentar su propuesta educativa. El evento se llevar\u00e1 a cabo en la sede de la escuela primaria, ubicada en la intersecci\u00f3n de las calles 48 y [&hellip;]","og_url":"https:\/\/noticiasmercedinas.com\/site\/2024\/09\/03\/sol-de-invierno-invita-a-una-charla-informativa-sobre-su-propuesta-educativa\/","og_site_name":"NOTICIASMERCEDINAS.COM","article_publisher":"https:\/\/www.facebook.com\/noticiasmercedinas\/","article_published_time":"2024-09-03T13:47:44+00:00","og_image":[{"width":556,"height":547,"url":"https:\/\/noticiasmercedinas.com\/site\/wp-content\/uploads\/2024\/09\/ESCUELA.jpg","type":"image\/jpeg"}],"author":"NOTICIASMERCEDINAS.COM","twitter_card":"summary_large_image","twitter_creator":"@notmercedinas","twitter_site":"@notmercedinas","twitter_misc":{"Escrito por":"NOTICIASMERCEDINAS.COM","Tiempo de lectura":"1 minuto"},"schema":{"@context":"https:\/\/schema.org","@graph":[{"@type":"Article","@id":"https:\/\/noticiasmercedinas.com\/site\/2024\/09\/03\/sol-de-invierno-invita-a-una-charla-informativa-sobre-su-propuesta-educativa\/#article","isPartOf":{"@id":"https:\/\/noticiasmercedinas.com\/site\/2024\/09\/03\/sol-de-invierno-invita-a-una-charla-informativa-sobre-su-propuesta-educativa\/"},"author":{"name":"NOTICIASMERCEDINAS.COM","@id":"https:\/\/noticiasmercedinas.com\/site\/#\/schema\/person\/84b59c099c28ff2e8b77d4ceec5d8063"},"headline":"\u00abSol de Invierno\u00bb invita a una charla informativa sobre su propuesta educativa","datePublished":"2024-09-03T13:47:44+00:00","mainEntityOfPage":{"@id":"https:\/\/noticiasmercedinas.com\/site\/2024\/09\/03\/sol-de-invierno-invita-a-una-charla-informativa-sobre-su-propuesta-educativa\/"},"wordCount":206,"publisher":{"@id":"https:\/\/noticiasmercedinas.com\/site\/#organization"},"image":{"@id":"https:\/\/noticiasmercedinas.com\/site\/2024\/09\/03\/sol-de-invierno-invita-a-una-charla-informativa-sobre-su-propuesta-educativa\/#primaryimage"},"thumbnailUrl":"https:\/\/noticiasmercedinas.com\/site\/wp-content\/uploads\/2024\/09\/ESCUELA.jpg","keywords":["escuela","sol de invierno","waldorf"],"articleSection":["Educacion"],"inLanguage":"es"},{"@type":"WebPage","@id":"https:\/\/noticiasmercedinas.com\/site\/2024\/09\/03\/sol-de-invierno-invita-a-una-charla-informativa-sobre-su-propuesta-educativa\/","url":"https:\/\/noticiasmercedinas.com\/site\/2024\/09\/03\/sol-de-invierno-invita-a-una-charla-informativa-sobre-su-propuesta-educativa\/","name":"\"Sol de Invierno\" invita a una charla informativa sobre su propuesta educativa","isPartOf":{"@id":"https:\/\/noticiasmercedinas.com\/site\/#website"},"primaryImageOfPage":{"@id":"https:\/\/noticiasmercedinas.com\/site\/2024\/09\/03\/sol-de-invierno-invita-a-una-charla-informativa-sobre-su-propuesta-educativa\/#primaryimage"},"image":{"@id":"https:\/\/noticiasmercedinas.com\/site\/2024\/09\/03\/sol-de-invierno-invita-a-una-charla-informativa-sobre-su-propuesta-educativa\/#primaryimage"},"thumbnailUrl":"https:\/\/noticiasmercedinas.com\/site\/wp-content\/uploads\/2024\/09\/ESCUELA.jpg","datePublished":"2024-09-03T13:47:44+00:00","breadcrumb":{"@id":"https:\/\/noticiasmercedinas.com\/site\/2024\/09\/03\/sol-de-invierno-invita-a-una-charla-informativa-sobre-su-propuesta-educativa\/#breadcrumb"},"inLanguage":"es","potentialAction":[{"@type":"ReadAction","target":["https:\/\/noticiasmercedinas.com\/site\/2024\/09\/03\/sol-de-invierno-invita-a-una-charla-informativa-sobre-su-propuesta-educativa\/"]}]},{"@type":"ImageObject","inLanguage":"es","@id":"https:\/\/noticiasmercedinas.com\/site\/2024\/09\/03\/sol-de-invierno-invita-a-una-charla-informativa-sobre-su-propuesta-educativa\/#primaryimage","url":"https:\/\/noticiasmercedinas.com\/site\/wp-content\/uploads\/2024\/09\/ESCUELA.jpg","contentUrl":"https:\/\/noticiasmercedinas.com\/site\/wp-content\/uploads\/2024\/09\/ESCUELA.jpg","width":556,"height":547},{"@type":"BreadcrumbList","@id":"https:\/\/noticiasmercedinas.com\/site\/2024\/09\/03\/sol-de-invierno-invita-a-una-charla-informativa-sobre-su-propuesta-educativa\/#breadcrumb","itemListElement":[{"@type":"ListItem","position":1,"name":"Portada","item":"https:\/\/noticiasmercedinas.com\/site\/"},{"@type":"ListItem","position":2,"name":"\u00abSol de Invierno\u00bb invita a una charla informativa sobre su propuesta educativa"}]},{"@type":"WebSite","@id":"https:\/\/noticiasmercedinas.com\/site\/#website","url":"https:\/\/noticiasmercedinas.com\/site\/","name":"NOTICIASMERCEDINAS.COM","description":"Mercedes, Buenos Aires, Argentina","publisher":{"@id":"https:\/\/noticiasmercedinas.com\/site\/#organization"},"potentialAction":[{"@type":"SearchAction","target":{"@type":"EntryPoint","urlTemplate":"https:\/\/noticiasmercedinas.com\/site\/?s={search_term_string}"},"query-input":{"@type":"PropertyValueSpecification","valueRequired":true,"valueName":"search_term_string"}}],"inLanguage":"es"},{"@type":"Organization","@id":"https:\/\/noticiasmercedinas.com\/site\/#organization","name":"NOTICIASMERCEDINAS.COM","url":"https:\/\/noticiasmercedinas.com\/site\/","logo":{"@type":"ImageObject","inLanguage":"es","@id":"https:\/\/noticiasmercedinas.com\/site\/#\/schema\/logo\/image\/","url":"https:\/\/noticiasmercedinas.com\/site\/wp-content\/uploads\/2020\/06\/LOGO-512.jpg","contentUrl":"https:\/\/noticiasmercedinas.com\/site\/wp-content\/uploads\/2020\/06\/LOGO-512.jpg","width":512,"height":512,"caption":"NOTICIASMERCEDINAS.COM"},"image":{"@id":"https:\/\/noticiasmercedinas.com\/site\/#\/schema\/logo\/image\/"},"sameAs":["https:\/\/www.facebook.com\/noticiasmercedinas\/","https:\/\/x.com\/notmercedinas","https:\/\/www.instagram.com\/noticiasmercedinas\/"]},{"@type":"Person","@id":"https:\/\/noticiasmercedinas.com\/site\/#\/schema\/person\/84b59c099c28ff2e8b77d4ceec5d8063","name":"NOTICIASMERCEDINAS.COM","image":{"@type":"ImageObject","inLanguage":"es","@id":"https:\/\/secure.gravatar.com\/avatar\/4dfbf16b4d17945bfb6341b2d19043457132fcf478a5ee04f42e959fd8f5df0a?s=96&d=mm&r=g","url":"https:\/\/secure.gravatar.com\/avatar\/4dfbf16b4d17945bfb6341b2d19043457132fcf478a5ee04f42e959fd8f5df0a?s=96&d=mm&r=g","contentUrl":"https:\/\/secure.gravatar.com\/avatar\/4dfbf16b4d17945bfb6341b2d19043457132fcf478a5ee04f42e959fd8f5df0a?s=96&d=mm&r=g","caption":"NOTICIASMERCEDINAS.COM"},"url":"https:\/\/noticiasmercedinas.com\/site\/author\/anonimo\/"}]}},"amp_enabled":true,"_links":{"self":[{"href":"https:\/\/noticiasmercedinas.com\/site\/wp-json\/wp\/v2\/posts\/143082","targetHints":{"allow":["GET"]}}],"collection":[{"href":"https:\/\/noticiasmercedinas.com\/site\/wp-json\/wp\/v2\/posts"}],"about":[{"href":"https:\/\/noticiasmercedinas.com\/site\/wp-json\/wp\/v2\/types\/post"}],"author":[{"embeddable":true,"href":"https:\/\/noticiasmercedinas.com\/site\/wp-json\/wp\/v2\/users\/16"}],"replies":[{"embeddable":true,"href":"https:\/\/noticiasmercedinas.com\/site\/wp-json\/wp\/v2\/comments?post=143082"}],"version-history":[{"count":1,"href":"https:\/\/noticiasmercedinas.com\/site\/wp-json\/wp\/v2\/posts\/143082\/revisions"}],"predecessor-version":[{"id":143084,"href":"https:\/\/noticiasmercedinas.com\/site\/wp-json\/wp\/v2\/posts\/143082\/revisions\/143084"}],"wp:featuredmedia":[{"embeddable":true,"href":"https:\/\/noticiasmercedinas.com\/site\/wp-json\/wp\/v2\/media\/143083"}],"wp:attachment":[{"href":"https:\/\/noticiasmercedinas.com\/site\/wp-json\/wp\/v2\/media?parent=143082"}],"wp:term":[{"taxonomy":"category","embeddable":true,"href":"https:\/\/noticiasmercedinas.com\/site\/wp-json\/wp\/v2\/categories?post=143082"},{"taxonomy":"post_tag","embeddable":true,"href":"https:\/\/noticiasmercedinas.com\/site\/wp-json\/wp\/v2\/tags?post=143082"}],"curies":[{"name":"wp","href":"https:\/\/api.w.org\/{rel}","templated":true}]}}