{"id":143146,"date":"2024-09-03T22:42:16","date_gmt":"2024-09-04T01:42:16","guid":{"rendered":"https:\/\/noticiasmercedinas.com\/site\/?p=143146"},"modified":"2024-09-03T22:45:57","modified_gmt":"2024-09-04T01:45:57","slug":"el-hogar-villa-abrille-celebro-55-anos-con-un-evento-de-alegria-y-reconocimiento","status":"publish","type":"post","link":"https:\/\/noticiasmercedinas.com\/site\/2024\/09\/03\/el-hogar-villa-abrille-celebro-55-anos-con-un-evento-de-alegria-y-reconocimiento\/","title":{"rendered":"El Hogar Villa Abrille celebr\u00f3 55 a\u00f1os con un evento de alegr\u00eda y reconocimiento"},"content":{"rendered":"<p><img loading=\"lazy\" decoding=\"async\" src=\"https:\/\/noticiasmercedinas.com\/site\/wp-content\/uploads\/2024\/09\/FB_IMG_1725413100735.jpg\" alt=\"\" width=\"720\" height=\"720\" \/><\/p>\n<p>El Hogar Villa Abrille celebr\u00f3 sus 55 a\u00f1os de vida con un evento que reuni\u00f3 a residentes, familiares, amigos y personal de la instituci\u00f3n en una noche cargada de emoci\u00f3n y camarader\u00eda. La jornada incluy\u00f3 m\u00fasica, baile y agradecimientos a todos aquellos que forman parte de esta comunidad que se ha convertido en un pilar fundamental en el cuidado de los adultos mayores.<\/p>\n<p>La directora de Adultos Mayores, Victoria Odell, destac\u00f3 la alegr\u00eda con la que se vivi\u00f3 el festejo, donde participaron artistas como Mili Vallejos y Miguel Cordone, quien junto a su grupo de baile de tango y milonga, anim\u00f3 la velada con m\u00fasica y danzas que fueron disfrutadas por todos los presentes.<\/p>\n<p>El Licenciado Mat\u00edas Tabossi, coordinador del hogar, tom\u00f3 la palabra durante la celebraci\u00f3n para expresar su agradecimiento a todo el equipo de trabajo de la instituci\u00f3n. Subray\u00f3 la importancia del esfuerzo colectivo en el cuidado y protecci\u00f3n de los adultos mayores que residen en el hogar. \u00abEl Hogar Villa Abrille es una casa con puertas siempre abiertas, no solo para los artistas y amigos, sino tambi\u00e9n para las entidades educativas\u00bb, afirm\u00f3 Tabossi, destacando la participaci\u00f3n de las alumnas de la carrera de Acompa\u00f1ante Terap\u00e9utico, quienes tambi\u00e9n colaboraron en la organizaci\u00f3n del evento.<\/p>\n<p><img loading=\"lazy\" decoding=\"async\" class=\"alignnone size-full wp-image-143149\" src=\"https:\/\/noticiasmercedinas.com\/site\/wp-content\/uploads\/2024\/09\/FB_IMG_1725413106805.jpg\" alt=\"\" width=\"720\" height=\"720\" srcset=\"https:\/\/noticiasmercedinas.com\/site\/wp-content\/uploads\/2024\/09\/FB_IMG_1725413106805.jpg 720w, https:\/\/noticiasmercedinas.com\/site\/wp-content\/uploads\/2024\/09\/FB_IMG_1725413106805-300x300.jpg 300w, https:\/\/noticiasmercedinas.com\/site\/wp-content\/uploads\/2024\/09\/FB_IMG_1725413106805-150x150.jpg 150w, https:\/\/noticiasmercedinas.com\/site\/wp-content\/uploads\/2024\/09\/FB_IMG_1725413106805-640x640.jpg 640w, https:\/\/noticiasmercedinas.com\/site\/wp-content\/uploads\/2024\/09\/FB_IMG_1725413106805-681x681.jpg 681w\" sizes=\"auto, (max-width: 720px) 100vw, 720px\" \/><\/p>\n<p>El intendente, presente en la celebraci\u00f3n, felicit\u00f3 y agradeci\u00f3 al equipo del Hogar Villa Abrille por su labor, haciendo especial menci\u00f3n a la Cooperadora del hogar. Esta cooperadora, formada por personas de gran nobleza y solidaridad, juega un papel crucial en la toma de decisiones y en la protecci\u00f3n de los adultos mayores. Durante la noche, los integrantes de la cooperadora entregaron peque\u00f1os presentes a los residentes, quienes son el coraz\u00f3n y la raz\u00f3n de ser de esta instituci\u00f3n.<\/p>\n<p>La celebraci\u00f3n no solo fue un momento para festejar, sino tambi\u00e9n para reflexionar sobre el impacto y el prestigio que ha ganado el Hogar Villa Abrille a lo largo de los a\u00f1os. \u00abEs una instituci\u00f3n con una gran impronta, reconocida por su compromiso con los adultos mayores, pero tambi\u00e9n por su apertura a la comunidad\u00bb, concluy\u00f3 Victoria Odell, quien se mostr\u00f3 orgullosa de ser parte de este proyecto que sigue creciendo con el apoyo de todos.<\/p>\n<p>El evento fue un fiel reflejo del esp\u00edritu del Hogar Villa Abrille, una instituci\u00f3n que, a lo largo de sus 55 a\u00f1os, ha sabido combinar el cuidado y la protecci\u00f3n de sus residentes con la integraci\u00f3n y participaci\u00f3n activa de la comunidad.<\/p>\n<p><img loading=\"lazy\" decoding=\"async\" class=\"alignnone size-full wp-image-143148\" src=\"https:\/\/noticiasmercedinas.com\/site\/wp-content\/uploads\/2024\/09\/FB_IMG_1725413112344.jpg\" alt=\"\" width=\"720\" height=\"720\" srcset=\"https:\/\/noticiasmercedinas.com\/site\/wp-content\/uploads\/2024\/09\/FB_IMG_1725413112344.jpg 720w, https:\/\/noticiasmercedinas.com\/site\/wp-content\/uploads\/2024\/09\/FB_IMG_1725413112344-300x300.jpg 300w, https:\/\/noticiasmercedinas.com\/site\/wp-content\/uploads\/2024\/09\/FB_IMG_1725413112344-150x150.jpg 150w, https:\/\/noticiasmercedinas.com\/site\/wp-content\/uploads\/2024\/09\/FB_IMG_1725413112344-640x640.jpg 640w, https:\/\/noticiasmercedinas.com\/site\/wp-content\/uploads\/2024\/09\/FB_IMG_1725413112344-681x681.jpg 681w\" sizes=\"auto, (max-width: 720px) 100vw, 720px\" \/><\/p>\n","protected":false},"excerpt":{"rendered":"<p>\u25a0 La celebraci\u00f3n no solo fue un momento para festejar, sino tambi\u00e9n para reflexionar sobre el impacto y el prestigio que ha ganado el Hogar Villa Abrille a lo largo de los a\u00f1os<\/p>\n","protected":false},"author":16,"featured_media":143147,"comment_status":"closed","ping_status":"closed","sticky":false,"template":"","format":"standard","meta":{"footnotes":""},"categories":[3],"tags":[4362],"class_list":["post-143146","post","type-post","status-publish","format-standard","has-post-thumbnail","hentry","category-sociedad","tag-hogar-villa-abrille"],"yoast_head":"<!-- This site is optimized with the Yoast SEO plugin v27.5 - https:\/\/yoast.com\/product\/yoast-seo-wordpress\/ -->\n<title>El Hogar Villa Abrille celebr\u00f3 55 a\u00f1os con un evento de alegr\u00eda y reconocimiento<\/title>\n<meta name=\"robots\" content=\"index, follow, max-snippet:-1, max-image-preview:large, max-video-preview:-1\" \/>\n<link rel=\"canonical\" href=\"https:\/\/noticiasmercedinas.com\/site\/2024\/09\/03\/el-hogar-villa-abrille-celebro-55-anos-con-un-evento-de-alegria-y-reconocimiento\/\" \/>\n<meta property=\"og:locale\" content=\"es_ES\" \/>\n<meta property=\"og:type\" content=\"article\" \/>\n<meta property=\"og:title\" content=\"El Hogar Villa Abrille celebr\u00f3 55 a\u00f1os con un evento de alegr\u00eda y reconocimiento\" \/>\n<meta property=\"og:description\" content=\"\u25a0 La celebraci\u00f3n no solo fue un momento para festejar, sino tambi\u00e9n para reflexionar sobre el impacto y el prestigio que ha ganado el Hogar Villa Abrille a lo largo de los a\u00f1os\" \/>\n<meta property=\"og:url\" content=\"https:\/\/noticiasmercedinas.com\/site\/2024\/09\/03\/el-hogar-villa-abrille-celebro-55-anos-con-un-evento-de-alegria-y-reconocimiento\/\" \/>\n<meta property=\"og:site_name\" content=\"NOTICIASMERCEDINAS.COM\" \/>\n<meta property=\"article:publisher\" content=\"https:\/\/www.facebook.com\/noticiasmercedinas\/\" \/>\n<meta property=\"article:published_time\" content=\"2024-09-04T01:42:16+00:00\" \/>\n<meta property=\"article:modified_time\" content=\"2024-09-04T01:45:57+00:00\" \/>\n<meta property=\"og:image\" content=\"https:\/\/noticiasmercedinas.com\/site\/wp-content\/uploads\/2024\/09\/FB_IMG_1725413100735.jpg\" \/>\n\t<meta property=\"og:image:width\" content=\"720\" \/>\n\t<meta property=\"og:image:height\" content=\"720\" \/>\n\t<meta property=\"og:image:type\" content=\"image\/jpeg\" \/>\n<meta name=\"author\" content=\"NOTICIASMERCEDINAS.COM\" \/>\n<meta name=\"twitter:card\" content=\"summary_large_image\" \/>\n<meta name=\"twitter:creator\" content=\"@notmercedinas\" \/>\n<meta name=\"twitter:site\" content=\"@notmercedinas\" \/>\n<meta name=\"twitter:label1\" content=\"Escrito por\" \/>\n\t<meta name=\"twitter:data1\" content=\"NOTICIASMERCEDINAS.COM\" \/>\n\t<meta name=\"twitter:label2\" content=\"Tiempo de lectura\" \/>\n\t<meta name=\"twitter:data2\" content=\"2 minutos\" \/>\n<script type=\"application\/ld+json\" class=\"yoast-schema-graph\">{\"@context\":\"https:\\\/\\\/schema.org\",\"@graph\":[{\"@type\":\"Article\",\"@id\":\"https:\\\/\\\/noticiasmercedinas.com\\\/site\\\/2024\\\/09\\\/03\\\/el-hogar-villa-abrille-celebro-55-anos-con-un-evento-de-alegria-y-reconocimiento\\\/#article\",\"isPartOf\":{\"@id\":\"https:\\\/\\\/noticiasmercedinas.com\\\/site\\\/2024\\\/09\\\/03\\\/el-hogar-villa-abrille-celebro-55-anos-con-un-evento-de-alegria-y-reconocimiento\\\/\"},\"author\":{\"name\":\"NOTICIASMERCEDINAS.COM\",\"@id\":\"https:\\\/\\\/noticiasmercedinas.com\\\/site\\\/#\\\/schema\\\/person\\\/84b59c099c28ff2e8b77d4ceec5d8063\"},\"headline\":\"El Hogar Villa Abrille celebr\u00f3 55 a\u00f1os con un evento de alegr\u00eda y reconocimiento\",\"datePublished\":\"2024-09-04T01:42:16+00:00\",\"dateModified\":\"2024-09-04T01:45:57+00:00\",\"mainEntityOfPage\":{\"@id\":\"https:\\\/\\\/noticiasmercedinas.com\\\/site\\\/2024\\\/09\\\/03\\\/el-hogar-villa-abrille-celebro-55-anos-con-un-evento-de-alegria-y-reconocimiento\\\/\"},\"wordCount\":451,\"publisher\":{\"@id\":\"https:\\\/\\\/noticiasmercedinas.com\\\/site\\\/#organization\"},\"image\":{\"@id\":\"https:\\\/\\\/noticiasmercedinas.com\\\/site\\\/2024\\\/09\\\/03\\\/el-hogar-villa-abrille-celebro-55-anos-con-un-evento-de-alegria-y-reconocimiento\\\/#primaryimage\"},\"thumbnailUrl\":\"https:\\\/\\\/noticiasmercedinas.com\\\/site\\\/wp-content\\\/uploads\\\/2024\\\/09\\\/FB_IMG_1725413100735.jpg\",\"keywords\":[\"hogar villa abrille\"],\"articleSection\":[\"Sociedad\"],\"inLanguage\":\"es\"},{\"@type\":\"WebPage\",\"@id\":\"https:\\\/\\\/noticiasmercedinas.com\\\/site\\\/2024\\\/09\\\/03\\\/el-hogar-villa-abrille-celebro-55-anos-con-un-evento-de-alegria-y-reconocimiento\\\/\",\"url\":\"https:\\\/\\\/noticiasmercedinas.com\\\/site\\\/2024\\\/09\\\/03\\\/el-hogar-villa-abrille-celebro-55-anos-con-un-evento-de-alegria-y-reconocimiento\\\/\",\"name\":\"El Hogar Villa Abrille celebr\u00f3 55 a\u00f1os con un evento de alegr\u00eda y reconocimiento\",\"isPartOf\":{\"@id\":\"https:\\\/\\\/noticiasmercedinas.com\\\/site\\\/#website\"},\"primaryImageOfPage\":{\"@id\":\"https:\\\/\\\/noticiasmercedinas.com\\\/site\\\/2024\\\/09\\\/03\\\/el-hogar-villa-abrille-celebro-55-anos-con-un-evento-de-alegria-y-reconocimiento\\\/#primaryimage\"},\"image\":{\"@id\":\"https:\\\/\\\/noticiasmercedinas.com\\\/site\\\/2024\\\/09\\\/03\\\/el-hogar-villa-abrille-celebro-55-anos-con-un-evento-de-alegria-y-reconocimiento\\\/#primaryimage\"},\"thumbnailUrl\":\"https:\\\/\\\/noticiasmercedinas.com\\\/site\\\/wp-content\\\/uploads\\\/2024\\\/09\\\/FB_IMG_1725413100735.jpg\",\"datePublished\":\"2024-09-04T01:42:16+00:00\",\"dateModified\":\"2024-09-04T01:45:57+00:00\",\"breadcrumb\":{\"@id\":\"https:\\\/\\\/noticiasmercedinas.com\\\/site\\\/2024\\\/09\\\/03\\\/el-hogar-villa-abrille-celebro-55-anos-con-un-evento-de-alegria-y-reconocimiento\\\/#breadcrumb\"},\"inLanguage\":\"es\",\"potentialAction\":[{\"@type\":\"ReadAction\",\"target\":[\"https:\\\/\\\/noticiasmercedinas.com\\\/site\\\/2024\\\/09\\\/03\\\/el-hogar-villa-abrille-celebro-55-anos-con-un-evento-de-alegria-y-reconocimiento\\\/\"]}]},{\"@type\":\"ImageObject\",\"inLanguage\":\"es\",\"@id\":\"https:\\\/\\\/noticiasmercedinas.com\\\/site\\\/2024\\\/09\\\/03\\\/el-hogar-villa-abrille-celebro-55-anos-con-un-evento-de-alegria-y-reconocimiento\\\/#primaryimage\",\"url\":\"https:\\\/\\\/noticiasmercedinas.com\\\/site\\\/wp-content\\\/uploads\\\/2024\\\/09\\\/FB_IMG_1725413100735.jpg\",\"contentUrl\":\"https:\\\/\\\/noticiasmercedinas.com\\\/site\\\/wp-content\\\/uploads\\\/2024\\\/09\\\/FB_IMG_1725413100735.jpg\",\"width\":720,\"height\":720},{\"@type\":\"BreadcrumbList\",\"@id\":\"https:\\\/\\\/noticiasmercedinas.com\\\/site\\\/2024\\\/09\\\/03\\\/el-hogar-villa-abrille-celebro-55-anos-con-un-evento-de-alegria-y-reconocimiento\\\/#breadcrumb\",\"itemListElement\":[{\"@type\":\"ListItem\",\"position\":1,\"name\":\"Portada\",\"item\":\"https:\\\/\\\/noticiasmercedinas.com\\\/site\\\/\"},{\"@type\":\"ListItem\",\"position\":2,\"name\":\"El Hogar Villa Abrille celebr\u00f3 55 a\u00f1os con un evento de alegr\u00eda y reconocimiento\"}]},{\"@type\":\"WebSite\",\"@id\":\"https:\\\/\\\/noticiasmercedinas.com\\\/site\\\/#website\",\"url\":\"https:\\\/\\\/noticiasmercedinas.com\\\/site\\\/\",\"name\":\"NOTICIASMERCEDINAS.COM\",\"description\":\"Mercedes, Buenos Aires, Argentina\",\"publisher\":{\"@id\":\"https:\\\/\\\/noticiasmercedinas.com\\\/site\\\/#organization\"},\"potentialAction\":[{\"@type\":\"SearchAction\",\"target\":{\"@type\":\"EntryPoint\",\"urlTemplate\":\"https:\\\/\\\/noticiasmercedinas.com\\\/site\\\/?s={search_term_string}\"},\"query-input\":{\"@type\":\"PropertyValueSpecification\",\"valueRequired\":true,\"valueName\":\"search_term_string\"}}],\"inLanguage\":\"es\"},{\"@type\":\"Organization\",\"@id\":\"https:\\\/\\\/noticiasmercedinas.com\\\/site\\\/#organization\",\"name\":\"NOTICIASMERCEDINAS.COM\",\"url\":\"https:\\\/\\\/noticiasmercedinas.com\\\/site\\\/\",\"logo\":{\"@type\":\"ImageObject\",\"inLanguage\":\"es\",\"@id\":\"https:\\\/\\\/noticiasmercedinas.com\\\/site\\\/#\\\/schema\\\/logo\\\/image\\\/\",\"url\":\"https:\\\/\\\/noticiasmercedinas.com\\\/site\\\/wp-content\\\/uploads\\\/2020\\\/06\\\/LOGO-512.jpg\",\"contentUrl\":\"https:\\\/\\\/noticiasmercedinas.com\\\/site\\\/wp-content\\\/uploads\\\/2020\\\/06\\\/LOGO-512.jpg\",\"width\":512,\"height\":512,\"caption\":\"NOTICIASMERCEDINAS.COM\"},\"image\":{\"@id\":\"https:\\\/\\\/noticiasmercedinas.com\\\/site\\\/#\\\/schema\\\/logo\\\/image\\\/\"},\"sameAs\":[\"https:\\\/\\\/www.facebook.com\\\/noticiasmercedinas\\\/\",\"https:\\\/\\\/x.com\\\/notmercedinas\",\"https:\\\/\\\/www.instagram.com\\\/noticiasmercedinas\\\/\"]},{\"@type\":\"Person\",\"@id\":\"https:\\\/\\\/noticiasmercedinas.com\\\/site\\\/#\\\/schema\\\/person\\\/84b59c099c28ff2e8b77d4ceec5d8063\",\"name\":\"NOTICIASMERCEDINAS.COM\",\"image\":{\"@type\":\"ImageObject\",\"inLanguage\":\"es\",\"@id\":\"https:\\\/\\\/secure.gravatar.com\\\/avatar\\\/4dfbf16b4d17945bfb6341b2d19043457132fcf478a5ee04f42e959fd8f5df0a?s=96&d=mm&r=g\",\"url\":\"https:\\\/\\\/secure.gravatar.com\\\/avatar\\\/4dfbf16b4d17945bfb6341b2d19043457132fcf478a5ee04f42e959fd8f5df0a?s=96&d=mm&r=g\",\"contentUrl\":\"https:\\\/\\\/secure.gravatar.com\\\/avatar\\\/4dfbf16b4d17945bfb6341b2d19043457132fcf478a5ee04f42e959fd8f5df0a?s=96&d=mm&r=g\",\"caption\":\"NOTICIASMERCEDINAS.COM\"},\"url\":\"https:\\\/\\\/noticiasmercedinas.com\\\/site\\\/author\\\/anonimo\\\/\"}]}<\/script>\n<!-- \/ Yoast SEO plugin. -->","yoast_head_json":{"title":"El Hogar Villa Abrille celebr\u00f3 55 a\u00f1os con un evento de alegr\u00eda y reconocimiento","robots":{"index":"index","follow":"follow","max-snippet":"max-snippet:-1","max-image-preview":"max-image-preview:large","max-video-preview":"max-video-preview:-1"},"canonical":"https:\/\/noticiasmercedinas.com\/site\/2024\/09\/03\/el-hogar-villa-abrille-celebro-55-anos-con-un-evento-de-alegria-y-reconocimiento\/","og_locale":"es_ES","og_type":"article","og_title":"El Hogar Villa Abrille celebr\u00f3 55 a\u00f1os con un evento de alegr\u00eda y reconocimiento","og_description":"\u25a0 La celebraci\u00f3n no solo fue un momento para festejar, sino tambi\u00e9n para reflexionar sobre el impacto y el prestigio que ha ganado el Hogar Villa Abrille a lo largo de los a\u00f1os","og_url":"https:\/\/noticiasmercedinas.com\/site\/2024\/09\/03\/el-hogar-villa-abrille-celebro-55-anos-con-un-evento-de-alegria-y-reconocimiento\/","og_site_name":"NOTICIASMERCEDINAS.COM","article_publisher":"https:\/\/www.facebook.com\/noticiasmercedinas\/","article_published_time":"2024-09-04T01:42:16+00:00","article_modified_time":"2024-09-04T01:45:57+00:00","og_image":[{"width":720,"height":720,"url":"https:\/\/noticiasmercedinas.com\/site\/wp-content\/uploads\/2024\/09\/FB_IMG_1725413100735.jpg","type":"image\/jpeg"}],"author":"NOTICIASMERCEDINAS.COM","twitter_card":"summary_large_image","twitter_creator":"@notmercedinas","twitter_site":"@notmercedinas","twitter_misc":{"Escrito por":"NOTICIASMERCEDINAS.COM","Tiempo de lectura":"2 minutos"},"schema":{"@context":"https:\/\/schema.org","@graph":[{"@type":"Article","@id":"https:\/\/noticiasmercedinas.com\/site\/2024\/09\/03\/el-hogar-villa-abrille-celebro-55-anos-con-un-evento-de-alegria-y-reconocimiento\/#article","isPartOf":{"@id":"https:\/\/noticiasmercedinas.com\/site\/2024\/09\/03\/el-hogar-villa-abrille-celebro-55-anos-con-un-evento-de-alegria-y-reconocimiento\/"},"author":{"name":"NOTICIASMERCEDINAS.COM","@id":"https:\/\/noticiasmercedinas.com\/site\/#\/schema\/person\/84b59c099c28ff2e8b77d4ceec5d8063"},"headline":"El Hogar Villa Abrille celebr\u00f3 55 a\u00f1os con un evento de alegr\u00eda y reconocimiento","datePublished":"2024-09-04T01:42:16+00:00","dateModified":"2024-09-04T01:45:57+00:00","mainEntityOfPage":{"@id":"https:\/\/noticiasmercedinas.com\/site\/2024\/09\/03\/el-hogar-villa-abrille-celebro-55-anos-con-un-evento-de-alegria-y-reconocimiento\/"},"wordCount":451,"publisher":{"@id":"https:\/\/noticiasmercedinas.com\/site\/#organization"},"image":{"@id":"https:\/\/noticiasmercedinas.com\/site\/2024\/09\/03\/el-hogar-villa-abrille-celebro-55-anos-con-un-evento-de-alegria-y-reconocimiento\/#primaryimage"},"thumbnailUrl":"https:\/\/noticiasmercedinas.com\/site\/wp-content\/uploads\/2024\/09\/FB_IMG_1725413100735.jpg","keywords":["hogar villa abrille"],"articleSection":["Sociedad"],"inLanguage":"es"},{"@type":"WebPage","@id":"https:\/\/noticiasmercedinas.com\/site\/2024\/09\/03\/el-hogar-villa-abrille-celebro-55-anos-con-un-evento-de-alegria-y-reconocimiento\/","url":"https:\/\/noticiasmercedinas.com\/site\/2024\/09\/03\/el-hogar-villa-abrille-celebro-55-anos-con-un-evento-de-alegria-y-reconocimiento\/","name":"El Hogar Villa Abrille celebr\u00f3 55 a\u00f1os con un evento de alegr\u00eda y reconocimiento","isPartOf":{"@id":"https:\/\/noticiasmercedinas.com\/site\/#website"},"primaryImageOfPage":{"@id":"https:\/\/noticiasmercedinas.com\/site\/2024\/09\/03\/el-hogar-villa-abrille-celebro-55-anos-con-un-evento-de-alegria-y-reconocimiento\/#primaryimage"},"image":{"@id":"https:\/\/noticiasmercedinas.com\/site\/2024\/09\/03\/el-hogar-villa-abrille-celebro-55-anos-con-un-evento-de-alegria-y-reconocimiento\/#primaryimage"},"thumbnailUrl":"https:\/\/noticiasmercedinas.com\/site\/wp-content\/uploads\/2024\/09\/FB_IMG_1725413100735.jpg","datePublished":"2024-09-04T01:42:16+00:00","dateModified":"2024-09-04T01:45:57+00:00","breadcrumb":{"@id":"https:\/\/noticiasmercedinas.com\/site\/2024\/09\/03\/el-hogar-villa-abrille-celebro-55-anos-con-un-evento-de-alegria-y-reconocimiento\/#breadcrumb"},"inLanguage":"es","potentialAction":[{"@type":"ReadAction","target":["https:\/\/noticiasmercedinas.com\/site\/2024\/09\/03\/el-hogar-villa-abrille-celebro-55-anos-con-un-evento-de-alegria-y-reconocimiento\/"]}]},{"@type":"ImageObject","inLanguage":"es","@id":"https:\/\/noticiasmercedinas.com\/site\/2024\/09\/03\/el-hogar-villa-abrille-celebro-55-anos-con-un-evento-de-alegria-y-reconocimiento\/#primaryimage","url":"https:\/\/noticiasmercedinas.com\/site\/wp-content\/uploads\/2024\/09\/FB_IMG_1725413100735.jpg","contentUrl":"https:\/\/noticiasmercedinas.com\/site\/wp-content\/uploads\/2024\/09\/FB_IMG_1725413100735.jpg","width":720,"height":720},{"@type":"BreadcrumbList","@id":"https:\/\/noticiasmercedinas.com\/site\/2024\/09\/03\/el-hogar-villa-abrille-celebro-55-anos-con-un-evento-de-alegria-y-reconocimiento\/#breadcrumb","itemListElement":[{"@type":"ListItem","position":1,"name":"Portada","item":"https:\/\/noticiasmercedinas.com\/site\/"},{"@type":"ListItem","position":2,"name":"El Hogar Villa Abrille celebr\u00f3 55 a\u00f1os con un evento de alegr\u00eda y reconocimiento"}]},{"@type":"WebSite","@id":"https:\/\/noticiasmercedinas.com\/site\/#website","url":"https:\/\/noticiasmercedinas.com\/site\/","name":"NOTICIASMERCEDINAS.COM","description":"Mercedes, Buenos Aires, Argentina","publisher":{"@id":"https:\/\/noticiasmercedinas.com\/site\/#organization"},"potentialAction":[{"@type":"SearchAction","target":{"@type":"EntryPoint","urlTemplate":"https:\/\/noticiasmercedinas.com\/site\/?s={search_term_string}"},"query-input":{"@type":"PropertyValueSpecification","valueRequired":true,"valueName":"search_term_string"}}],"inLanguage":"es"},{"@type":"Organization","@id":"https:\/\/noticiasmercedinas.com\/site\/#organization","name":"NOTICIASMERCEDINAS.COM","url":"https:\/\/noticiasmercedinas.com\/site\/","logo":{"@type":"ImageObject","inLanguage":"es","@id":"https:\/\/noticiasmercedinas.com\/site\/#\/schema\/logo\/image\/","url":"https:\/\/noticiasmercedinas.com\/site\/wp-content\/uploads\/2020\/06\/LOGO-512.jpg","contentUrl":"https:\/\/noticiasmercedinas.com\/site\/wp-content\/uploads\/2020\/06\/LOGO-512.jpg","width":512,"height":512,"caption":"NOTICIASMERCEDINAS.COM"},"image":{"@id":"https:\/\/noticiasmercedinas.com\/site\/#\/schema\/logo\/image\/"},"sameAs":["https:\/\/www.facebook.com\/noticiasmercedinas\/","https:\/\/x.com\/notmercedinas","https:\/\/www.instagram.com\/noticiasmercedinas\/"]},{"@type":"Person","@id":"https:\/\/noticiasmercedinas.com\/site\/#\/schema\/person\/84b59c099c28ff2e8b77d4ceec5d8063","name":"NOTICIASMERCEDINAS.COM","image":{"@type":"ImageObject","inLanguage":"es","@id":"https:\/\/secure.gravatar.com\/avatar\/4dfbf16b4d17945bfb6341b2d19043457132fcf478a5ee04f42e959fd8f5df0a?s=96&d=mm&r=g","url":"https:\/\/secure.gravatar.com\/avatar\/4dfbf16b4d17945bfb6341b2d19043457132fcf478a5ee04f42e959fd8f5df0a?s=96&d=mm&r=g","contentUrl":"https:\/\/secure.gravatar.com\/avatar\/4dfbf16b4d17945bfb6341b2d19043457132fcf478a5ee04f42e959fd8f5df0a?s=96&d=mm&r=g","caption":"NOTICIASMERCEDINAS.COM"},"url":"https:\/\/noticiasmercedinas.com\/site\/author\/anonimo\/"}]}},"amp_enabled":true,"_links":{"self":[{"href":"https:\/\/noticiasmercedinas.com\/site\/wp-json\/wp\/v2\/posts\/143146","targetHints":{"allow":["GET"]}}],"collection":[{"href":"https:\/\/noticiasmercedinas.com\/site\/wp-json\/wp\/v2\/posts"}],"about":[{"href":"https:\/\/noticiasmercedinas.com\/site\/wp-json\/wp\/v2\/types\/post"}],"author":[{"embeddable":true,"href":"https:\/\/noticiasmercedinas.com\/site\/wp-json\/wp\/v2\/users\/16"}],"replies":[{"embeddable":true,"href":"https:\/\/noticiasmercedinas.com\/site\/wp-json\/wp\/v2\/comments?post=143146"}],"version-history":[{"count":2,"href":"https:\/\/noticiasmercedinas.com\/site\/wp-json\/wp\/v2\/posts\/143146\/revisions"}],"predecessor-version":[{"id":143151,"href":"https:\/\/noticiasmercedinas.com\/site\/wp-json\/wp\/v2\/posts\/143146\/revisions\/143151"}],"wp:featuredmedia":[{"embeddable":true,"href":"https:\/\/noticiasmercedinas.com\/site\/wp-json\/wp\/v2\/media\/143147"}],"wp:attachment":[{"href":"https:\/\/noticiasmercedinas.com\/site\/wp-json\/wp\/v2\/media?parent=143146"}],"wp:term":[{"taxonomy":"category","embeddable":true,"href":"https:\/\/noticiasmercedinas.com\/site\/wp-json\/wp\/v2\/categories?post=143146"},{"taxonomy":"post_tag","embeddable":true,"href":"https:\/\/noticiasmercedinas.com\/site\/wp-json\/wp\/v2\/tags?post=143146"}],"curies":[{"name":"wp","href":"https:\/\/api.w.org\/{rel}","templated":true}]}}